{"id":110230,"date":"2023-08-18T08:45:00","date_gmt":"2023-08-18T13:45:00","guid":{"rendered":"https:\/\/lospoliticosveracruz.com.mx\/?p=110230"},"modified":"2023-08-17T23:59:38","modified_gmt":"2023-08-18T04:59:38","slug":"ultimo-encuentro-entre-presidentes-de-mexico-y-eeuu","status":"publish","type":"post","link":"https:\/\/lospoliticosveracruz.com\/?p=110230","title":{"rendered":"\u00bf\u00daLTIMO ENCUENTRO ENTRE PRESIDENTES DE M\u00c9XICO Y EEUU?"},"content":{"rendered":"\n<p><strong>Jos\u00e9 Luis Enr\u00edquez Ambell<br><\/strong><em>Caf\u00e9 de Ma\u00f1ana<\/em><\/p>\n\n\n\n<p>Hasta ahora se sabe, y dicho por don Andr\u00e9s Manuel L\u00f3pez Obrador, sostendr\u00e1 un encuentro con su hom\u00f3logo de los EEUU Joe Biden, y al parecer ser\u00e1 durante la cumbre del Foro de Cooperaci\u00f3n Econ\u00f3mica Asia-Pac\u00edfico (APEC) a celebrarse del 15 al 17 de noviembre pr\u00f3ximo en San Francisco, California, conocida como \u00abLa Ciudad de la Niebla\u00bb (The Foggy City).<\/p>\n\n\n\n<figure class=\"wp-block-embed is-type-video is-provider-youtube wp-block-embed-youtube wp-embed-aspect-16-9 wp-has-aspect-ratio\"><div class=\"wp-block-embed__wrapper\">\n<iframe loading=\"lazy\" title=\"Cluster Coworking\" width=\"696\" height=\"392\" src=\"https:\/\/www.youtube.com\/embed\/Nxe-vxf8GuY?feature=oembed\" frameborder=\"0\" allow=\"accelerometer; autoplay; clipboard-write; encrypted-media; gyroscope; picture-in-picture; web-share\" referrerpolicy=\"strict-origin-when-cross-origin\" allowfullscreen><\/iframe>\n<\/div><\/figure>\n\n\n\n<p>Desde lo anunciado el martes de esta semana, no se precisa si el encuentro ser\u00e1 privado, en el marco de la agenda o dentro o fuera de la orden del d\u00eda de esa reuni\u00f3n, y aunque adelant\u00f3 L\u00f3pez Obrador, ambos hablar\u00e1n sobre esfuerzos para promover \u00abfinanciamiento accesible y cr\u00e9ditos baratos\u00bb a todo el continente, y eso implicar\u00eda suponer que el encuentro no ser\u00e1 privado sino junto con todos los dem\u00e1s Jefes de Estado asistentes.<\/p>\n\n\n\n<p>Ser\u00e1 la primera ocasi\u00f3n en el sexenio y relaci\u00f3n M\u00e9xico-EEUU que no est\u00e9 de por medio el ex canciller Marcelo Ebrard; e incluso, que nuestro Presidente haga una visita oficial viajando en una aeronave del Estado Mayor Presidencial &#8211; como debe ser por todo Jefe del Estado mexicano &#8211; y ya sabremos si resulta la \u00faltima reuni\u00f3n en sus tiempos de Mandatarios, aunque la vecindad y los temas espec\u00edficos que existen hist\u00f3ricamente, hacen suponer habr\u00eda durante 2024 alguna otra oportunidad para encontrarse ambos, al menos una vez m\u00e1s.<\/p>\n\n\n\n<p>Y si bien es cierto M\u00e9xico no puede ante y con los EEUU dejar de lado participar en el desarrollo integral del continente americano, y la conexi\u00f3n con el Pac\u00edfico y Asia, tambi\u00e9n hay asuntos de orden estrictamente bilateral como: el ma\u00edz, los migrantes, la seguridad, las drogas, categor\u00eda 1 en lo a\u00e9reo, entre otros muy focalizados temas, que ayudan a mantener una relaci\u00f3n estrecha y sin sometimiento con el vecino pa\u00eds.<\/p>\n\n\n\n<p>En los d\u00edas por venir quiz\u00e1 se conozcan algunos de los temas que ser\u00edan abordados grupalmente, pero que no revisten mayor importancia que los asuntos estrictamente personales como dos naciones que siempre han necesitado una de la otra, de ah\u00ed que la concordia M\u00e9xico &#8211; EEUU hay que cuidar sea permanente para bien de ambas econom\u00edas y poblaci\u00f3n.<\/p>\n\n\n\n<p>M\u00e9xico y Estados Unidos mantienen &#8211; sobre todo a partir de la mitad del siglo pasado &#8211; lazos muy fuertes en lo econ\u00f3mico y comercial que se han fortalecido con la firma del Tratado de Libre Comercio de Am\u00e9rica del Norte, junto con Canad\u00e1, y ahora denominado T-MEC<\/p>\n\n\n\n<p>Sin demeritar que M\u00e9xico es el segundo socio comercial de Estados Unidos y el primer destino de las exportaciones de California, Arizona y Texas, y el segundo mercado para otros 22 estados. Aproximadamente 10 millones de empleos en Estados Unidos dependen del comercio con M\u00e9xico y cada minuto se comercia cerca de 2.0 millones de d\u00f3lares. La frontera de 3,140 km. que une a M\u00e9xico y Estados Unidos es la m\u00e1s transitada del mundo. Y un poco m\u00e1s del mill\u00f3n de personas y 400 mil veh\u00edculos cruzan diariamente esta frontera.<\/p>\n\n\n\n<p><strong>DE SOBREMESA<\/strong><\/p>\n\n\n\n<p>El Presidente de M\u00e9xico pondr\u00e1 a prueba en el sentido figurado a tres mujeres en esa pr\u00f3xima visita a los EEUU: Luisa Mar\u00eda Alcalde, Raquel Buenrostro y Alicia B\u00e1rcena, las titulares de Gobernaci\u00f3n, Econom\u00eda y Relaciones Exteriores, respectivamente.<\/p>\n\n\n\n<p><strong>UN LECHERO LIGHT DIVORCIADO<\/strong><\/p>\n\n\n\n<p>Las tasas de inter\u00e9s de diversos cr\u00e9ditos por Bancos o no, muestran incrementos. En el caso de las tarjetas de cr\u00e9dito este aumento puede llegar a impactar seriamente las finanzas en los hogares mexicanos en estos d\u00edas de compras por el regreso a clases y las vacaciones de verano, situaci\u00f3n que puede poner en juego al aguinaldo y prestaciones de fin de a\u00f1o pr\u00f3ximo.<\/p>\n\n\n\n<p>\u00a1 ES CUANTO !<\/p>\n\n\n\n<p>enriquezambell@gmail.com<\/p>\n","protected":false},"excerpt":{"rendered":"<p>Jos\u00e9 Luis Enr\u00edquez AmbellCaf\u00e9 de Ma\u00f1ana Hasta ahora se sabe, y dicho por don Andr\u00e9s Manuel L\u00f3pez Obrador, sostendr\u00e1 un encuentro con su hom\u00f3logo de los EEUU Joe Biden, y al parecer ser\u00e1 durante la cumbre del Foro de Cooperaci\u00f3n Econ\u00f3mica Asia-Pac\u00edfico (APEC) a celebrarse del 15 al 17 de noviembre pr\u00f3ximo en San Francisco, [&hellip;]<\/p>\n","protected":false},"author":2,"featured_media":0,"comment_status":"closed","ping_status":"closed","sticky":false,"template":"","format":"standard","meta":{"tdm_status":"","tdm_grid_status":"","footnotes":""},"categories":[70],"tags":[618,23179,39066,14703],"class_list":{"0":"post-110230","1":"post","2":"type-post","3":"status-publish","4":"format-standard","6":"category-de-opinion","7":"tag-andres-manuel-lopez-obrador","8":"tag-joe-biden","9":"tag-la-ciudad-de-la-niebla","10":"tag-marcelo-ebrard"},"yoast_head":"<!-- This site is optimized with the Yoast SEO plugin v27.4 - https:\/\/yoast.com\/product\/yoast-seo-wordpress\/ -->\n<title>\u00bf\u00daLTIMO ENCUENTRO ENTRE PRESIDENTES DE M\u00c9XICO Y EEUU? - Los pol\u00edticos Veracruz<\/title>\n<meta name=\"robots\" content=\"index, follow, max-snippet:-1, max-image-preview:large, max-video-preview:-1\" \/>\n<link rel=\"canonical\" href=\"https:\/\/lospoliticosveracruz.com\/?p=110230\" \/>\n<meta property=\"og:locale\" content=\"es_ES\" \/>\n<meta property=\"og:type\" content=\"article\" \/>\n<meta property=\"og:title\" content=\"\u00bf\u00daLTIMO ENCUENTRO ENTRE PRESIDENTES DE M\u00c9XICO Y EEUU? - Los pol\u00edticos Veracruz\" \/>\n<meta property=\"og:description\" content=\"Jos\u00e9 Luis Enr\u00edquez AmbellCaf\u00e9 de Ma\u00f1ana Hasta ahora se sabe, y dicho por don Andr\u00e9s Manuel L\u00f3pez Obrador, sostendr\u00e1 un encuentro con su hom\u00f3logo de los EEUU Joe Biden, y al parecer ser\u00e1 durante la cumbre del Foro de Cooperaci\u00f3n Econ\u00f3mica Asia-Pac\u00edfico (APEC) a celebrarse del 15 al 17 de noviembre pr\u00f3ximo en San Francisco, [&hellip;]\" \/>\n<meta property=\"og:url\" content=\"https:\/\/lospoliticosveracruz.com\/?p=110230\" \/>\n<meta property=\"og:site_name\" content=\"Los pol\u00edticos Veracruz\" \/>\n<meta property=\"article:publisher\" content=\"https:\/\/www.facebook.com\/people\/Notimemes-de-los-Polticos\/61565672886568\/\" \/>\n<meta property=\"article:published_time\" content=\"2023-08-18T13:45:00+00:00\" \/>\n<meta property=\"og:image\" content=\"https:\/\/lospoliticosveracruz.com\/wp-content\/uploads\/2016\/07\/Logo-Dor.jpg\" \/>\n\t<meta property=\"og:image:width\" content=\"200\" \/>\n\t<meta property=\"og:image:height\" content=\"200\" \/>\n\t<meta property=\"og:image:type\" content=\"image\/jpeg\" \/>\n<meta name=\"author\" content=\"Lo viste en Los Pol\u00edticos\" \/>\n<meta name=\"twitter:card\" content=\"summary_large_image\" \/>\n<meta name=\"twitter:creator\" content=\"@LosPoliticosVer\" \/>\n<meta name=\"twitter:site\" content=\"@LosPoliticosVer\" \/>\n<meta name=\"twitter:label1\" content=\"Escrito por\" \/>\n\t<meta name=\"twitter:data1\" content=\"Lo viste en Los Pol\u00edticos\" \/>\n\t<meta name=\"twitter:label2\" content=\"Tiempo de lectura\" \/>\n\t<meta name=\"twitter:data2\" content=\"3 minutos\" \/>\n<script type=\"application\/ld+json\" class=\"yoast-schema-graph\">{\"@context\":\"https:\\\/\\\/schema.org\",\"@graph\":[{\"@type\":\"Article\",\"@id\":\"https:\\\/\\\/lospoliticosveracruz.com\\\/?p=110230#article\",\"isPartOf\":{\"@id\":\"https:\\\/\\\/lospoliticosveracruz.com\\\/?p=110230\"},\"author\":{\"name\":\"Lo viste en Los Pol\u00edticos\",\"@id\":\"https:\\\/\\\/lospoliticosveracruz.com\\\/#\\\/schema\\\/person\\\/b8702bb0e538456e6efd07080bf2a4a2\"},\"headline\":\"\u00bf\u00daLTIMO ENCUENTRO ENTRE PRESIDENTES DE M\u00c9XICO Y EEUU?\",\"datePublished\":\"2023-08-18T13:45:00+00:00\",\"mainEntityOfPage\":{\"@id\":\"https:\\\/\\\/lospoliticosveracruz.com\\\/?p=110230\"},\"wordCount\":677,\"publisher\":{\"@id\":\"https:\\\/\\\/lospoliticosveracruz.com\\\/#organization\"},\"keywords\":[\"Andr\u00e9s Manuel L\u00f3pez Obrador\",\"Joe Biden\",\"La Ciudad de la Niebla\",\"Marcelo Ebrard\"],\"articleSection\":[\"De Opini\u00f3n\"],\"inLanguage\":\"es\"},{\"@type\":\"WebPage\",\"@id\":\"https:\\\/\\\/lospoliticosveracruz.com\\\/?p=110230\",\"url\":\"https:\\\/\\\/lospoliticosveracruz.com\\\/?p=110230\",\"name\":\"\u00bf\u00daLTIMO ENCUENTRO ENTRE PRESIDENTES DE M\u00c9XICO Y EEUU? - Los pol\u00edticos Veracruz\",\"isPartOf\":{\"@id\":\"https:\\\/\\\/lospoliticosveracruz.com\\\/#website\"},\"datePublished\":\"2023-08-18T13:45:00+00:00\",\"breadcrumb\":{\"@id\":\"https:\\\/\\\/lospoliticosveracruz.com\\\/?p=110230#breadcrumb\"},\"inLanguage\":\"es\",\"potentialAction\":[{\"@type\":\"ReadAction\",\"target\":[\"https:\\\/\\\/lospoliticosveracruz.com\\\/?p=110230\"]}]},{\"@type\":\"BreadcrumbList\",\"@id\":\"https:\\\/\\\/lospoliticosveracruz.com\\\/?p=110230#breadcrumb\",\"itemListElement\":[{\"@type\":\"ListItem\",\"position\":1,\"name\":\"Portada\",\"item\":\"https:\\\/\\\/lospoliticosveracruz.com\\\/\"},{\"@type\":\"ListItem\",\"position\":2,\"name\":\"\u00bf\u00daLTIMO ENCUENTRO ENTRE PRESIDENTES DE M\u00c9XICO Y EEUU?\"}]},{\"@type\":\"WebSite\",\"@id\":\"https:\\\/\\\/lospoliticosveracruz.com\\\/#website\",\"url\":\"https:\\\/\\\/lospoliticosveracruz.com\\\/\",\"name\":\"Los pol\u00edticos Veracruz\",\"description\":\"\",\"publisher\":{\"@id\":\"https:\\\/\\\/lospoliticosveracruz.com\\\/#organization\"},\"potentialAction\":[{\"@type\":\"SearchAction\",\"target\":{\"@type\":\"EntryPoint\",\"urlTemplate\":\"https:\\\/\\\/lospoliticosveracruz.com\\\/?s={search_term_string}\"},\"query-input\":{\"@type\":\"PropertyValueSpecification\",\"valueRequired\":true,\"valueName\":\"search_term_string\"}}],\"inLanguage\":\"es\"},{\"@type\":\"Organization\",\"@id\":\"https:\\\/\\\/lospoliticosveracruz.com\\\/#organization\",\"name\":\"Los pol\u00edticos Veracruz\",\"url\":\"https:\\\/\\\/lospoliticosveracruz.com\\\/\",\"logo\":{\"@type\":\"ImageObject\",\"inLanguage\":\"es\",\"@id\":\"https:\\\/\\\/lospoliticosveracruz.com\\\/#\\\/schema\\\/logo\\\/image\\\/\",\"url\":\"https:\\\/\\\/lospoliticosveracruz.com\\\/wp-content\\\/uploads\\\/2025\\\/12\\\/Logo-Nuevo-LOS-POLITICOS-1.jpg\",\"contentUrl\":\"https:\\\/\\\/lospoliticosveracruz.com\\\/wp-content\\\/uploads\\\/2025\\\/12\\\/Logo-Nuevo-LOS-POLITICOS-1.jpg\",\"width\":260,\"height\":70,\"caption\":\"Los pol\u00edticos Veracruz\"},\"image\":{\"@id\":\"https:\\\/\\\/lospoliticosveracruz.com\\\/#\\\/schema\\\/logo\\\/image\\\/\"},\"sameAs\":[\"https:\\\/\\\/www.facebook.com\\\/people\\\/Notimemes-de-los-Polticos\\\/61565672886568\\\/\",\"https:\\\/\\\/x.com\\\/LosPoliticosVer\"]},{\"@type\":\"Person\",\"@id\":\"https:\\\/\\\/lospoliticosveracruz.com\\\/#\\\/schema\\\/person\\\/b8702bb0e538456e6efd07080bf2a4a2\",\"name\":\"Lo viste en Los Pol\u00edticos\",\"image\":{\"@type\":\"ImageObject\",\"inLanguage\":\"es\",\"@id\":\"https:\\\/\\\/secure.gravatar.com\\\/avatar\\\/3a8de04a2656d44082be478bd6c086daa447c4651605818287b9532d3d0bd435?s=96&d=mm&r=g\",\"url\":\"https:\\\/\\\/secure.gravatar.com\\\/avatar\\\/3a8de04a2656d44082be478bd6c086daa447c4651605818287b9532d3d0bd435?s=96&d=mm&r=g\",\"contentUrl\":\"https:\\\/\\\/secure.gravatar.com\\\/avatar\\\/3a8de04a2656d44082be478bd6c086daa447c4651605818287b9532d3d0bd435?s=96&d=mm&r=g\",\"caption\":\"Lo viste en Los Pol\u00edticos\"},\"url\":\"https:\\\/\\\/lospoliticosveracruz.com\\\/?author=2\"}]}<\/script>\n<!-- \/ Yoast SEO plugin. -->","yoast_head_json":{"title":"\u00bf\u00daLTIMO ENCUENTRO ENTRE PRESIDENTES DE M\u00c9XICO Y EEUU? - Los pol\u00edticos Veracruz","robots":{"index":"index","follow":"follow","max-snippet":"max-snippet:-1","max-image-preview":"max-image-preview:large","max-video-preview":"max-video-preview:-1"},"canonical":"https:\/\/lospoliticosveracruz.com\/?p=110230","og_locale":"es_ES","og_type":"article","og_title":"\u00bf\u00daLTIMO ENCUENTRO ENTRE PRESIDENTES DE M\u00c9XICO Y EEUU? - Los pol\u00edticos Veracruz","og_description":"Jos\u00e9 Luis Enr\u00edquez AmbellCaf\u00e9 de Ma\u00f1ana Hasta ahora se sabe, y dicho por don Andr\u00e9s Manuel L\u00f3pez Obrador, sostendr\u00e1 un encuentro con su hom\u00f3logo de los EEUU Joe Biden, y al parecer ser\u00e1 durante la cumbre del Foro de Cooperaci\u00f3n Econ\u00f3mica Asia-Pac\u00edfico (APEC) a celebrarse del 15 al 17 de noviembre pr\u00f3ximo en San Francisco, [&hellip;]","og_url":"https:\/\/lospoliticosveracruz.com\/?p=110230","og_site_name":"Los pol\u00edticos Veracruz","article_publisher":"https:\/\/www.facebook.com\/people\/Notimemes-de-los-Polticos\/61565672886568\/","article_published_time":"2023-08-18T13:45:00+00:00","og_image":[{"width":200,"height":200,"url":"https:\/\/lospoliticosveracruz.com\/wp-content\/uploads\/2016\/07\/Logo-Dor.jpg","type":"image\/jpeg"}],"author":"Lo viste en Los Pol\u00edticos","twitter_card":"summary_large_image","twitter_creator":"@LosPoliticosVer","twitter_site":"@LosPoliticosVer","twitter_misc":{"Escrito por":"Lo viste en Los Pol\u00edticos","Tiempo de lectura":"3 minutos"},"schema":{"@context":"https:\/\/schema.org","@graph":[{"@type":"Article","@id":"https:\/\/lospoliticosveracruz.com\/?p=110230#article","isPartOf":{"@id":"https:\/\/lospoliticosveracruz.com\/?p=110230"},"author":{"name":"Lo viste en Los Pol\u00edticos","@id":"https:\/\/lospoliticosveracruz.com\/#\/schema\/person\/b8702bb0e538456e6efd07080bf2a4a2"},"headline":"\u00bf\u00daLTIMO ENCUENTRO ENTRE PRESIDENTES DE M\u00c9XICO Y EEUU?","datePublished":"2023-08-18T13:45:00+00:00","mainEntityOfPage":{"@id":"https:\/\/lospoliticosveracruz.com\/?p=110230"},"wordCount":677,"publisher":{"@id":"https:\/\/lospoliticosveracruz.com\/#organization"},"keywords":["Andr\u00e9s Manuel L\u00f3pez Obrador","Joe Biden","La Ciudad de la Niebla","Marcelo Ebrard"],"articleSection":["De Opini\u00f3n"],"inLanguage":"es"},{"@type":"WebPage","@id":"https:\/\/lospoliticosveracruz.com\/?p=110230","url":"https:\/\/lospoliticosveracruz.com\/?p=110230","name":"\u00bf\u00daLTIMO ENCUENTRO ENTRE PRESIDENTES DE M\u00c9XICO Y EEUU? - Los pol\u00edticos Veracruz","isPartOf":{"@id":"https:\/\/lospoliticosveracruz.com\/#website"},"datePublished":"2023-08-18T13:45:00+00:00","breadcrumb":{"@id":"https:\/\/lospoliticosveracruz.com\/?p=110230#breadcrumb"},"inLanguage":"es","potentialAction":[{"@type":"ReadAction","target":["https:\/\/lospoliticosveracruz.com\/?p=110230"]}]},{"@type":"BreadcrumbList","@id":"https:\/\/lospoliticosveracruz.com\/?p=110230#breadcrumb","itemListElement":[{"@type":"ListItem","position":1,"name":"Portada","item":"https:\/\/lospoliticosveracruz.com\/"},{"@type":"ListItem","position":2,"name":"\u00bf\u00daLTIMO ENCUENTRO ENTRE PRESIDENTES DE M\u00c9XICO Y EEUU?"}]},{"@type":"WebSite","@id":"https:\/\/lospoliticosveracruz.com\/#website","url":"https:\/\/lospoliticosveracruz.com\/","name":"Los pol\u00edticos Veracruz","description":"","publisher":{"@id":"https:\/\/lospoliticosveracruz.com\/#organization"},"potentialAction":[{"@type":"SearchAction","target":{"@type":"EntryPoint","urlTemplate":"https:\/\/lospoliticosveracruz.com\/?s={search_term_string}"},"query-input":{"@type":"PropertyValueSpecification","valueRequired":true,"valueName":"search_term_string"}}],"inLanguage":"es"},{"@type":"Organization","@id":"https:\/\/lospoliticosveracruz.com\/#organization","name":"Los pol\u00edticos Veracruz","url":"https:\/\/lospoliticosveracruz.com\/","logo":{"@type":"ImageObject","inLanguage":"es","@id":"https:\/\/lospoliticosveracruz.com\/#\/schema\/logo\/image\/","url":"https:\/\/lospoliticosveracruz.com\/wp-content\/uploads\/2025\/12\/Logo-Nuevo-LOS-POLITICOS-1.jpg","contentUrl":"https:\/\/lospoliticosveracruz.com\/wp-content\/uploads\/2025\/12\/Logo-Nuevo-LOS-POLITICOS-1.jpg","width":260,"height":70,"caption":"Los pol\u00edticos Veracruz"},"image":{"@id":"https:\/\/lospoliticosveracruz.com\/#\/schema\/logo\/image\/"},"sameAs":["https:\/\/www.facebook.com\/people\/Notimemes-de-los-Polticos\/61565672886568\/","https:\/\/x.com\/LosPoliticosVer"]},{"@type":"Person","@id":"https:\/\/lospoliticosveracruz.com\/#\/schema\/person\/b8702bb0e538456e6efd07080bf2a4a2","name":"Lo viste en Los Pol\u00edticos","image":{"@type":"ImageObject","inLanguage":"es","@id":"https:\/\/secure.gravatar.com\/avatar\/3a8de04a2656d44082be478bd6c086daa447c4651605818287b9532d3d0bd435?s=96&d=mm&r=g","url":"https:\/\/secure.gravatar.com\/avatar\/3a8de04a2656d44082be478bd6c086daa447c4651605818287b9532d3d0bd435?s=96&d=mm&r=g","contentUrl":"https:\/\/secure.gravatar.com\/avatar\/3a8de04a2656d44082be478bd6c086daa447c4651605818287b9532d3d0bd435?s=96&d=mm&r=g","caption":"Lo viste en Los Pol\u00edticos"},"url":"https:\/\/lospoliticosveracruz.com\/?author=2"}]}},"_links":{"self":[{"href":"https:\/\/lospoliticosveracruz.com\/index.php?rest_route=\/wp\/v2\/posts\/110230","targetHints":{"allow":["GET"]}}],"collection":[{"href":"https:\/\/lospoliticosveracruz.com\/index.php?rest_route=\/wp\/v2\/posts"}],"about":[{"href":"https:\/\/lospoliticosveracruz.com\/index.php?rest_route=\/wp\/v2\/types\/post"}],"author":[{"embeddable":true,"href":"https:\/\/lospoliticosveracruz.com\/index.php?rest_route=\/wp\/v2\/users\/2"}],"replies":[{"embeddable":true,"href":"https:\/\/lospoliticosveracruz.com\/index.php?rest_route=%2Fwp%2Fv2%2Fcomments&post=110230"}],"version-history":[{"count":1,"href":"https:\/\/lospoliticosveracruz.com\/index.php?rest_route=\/wp\/v2\/posts\/110230\/revisions"}],"predecessor-version":[{"id":110231,"href":"https:\/\/lospoliticosveracruz.com\/index.php?rest_route=\/wp\/v2\/posts\/110230\/revisions\/110231"}],"wp:attachment":[{"href":"https:\/\/lospoliticosveracruz.com\/index.php?rest_route=%2Fwp%2Fv2%2Fmedia&parent=110230"}],"wp:term":[{"taxonomy":"category","embeddable":true,"href":"https:\/\/lospoliticosveracruz.com\/index.php?rest_route=%2Fwp%2Fv2%2Fcategories&post=110230"},{"taxonomy":"post_tag","embeddable":true,"href":"https:\/\/lospoliticosveracruz.com\/index.php?rest_route=%2Fwp%2Fv2%2Ftags&post=110230"}],"curies":[{"name":"wp","href":"https:\/\/api.w.org\/{rel}","templated":true}]}}