{"id":110236,"date":"2023-08-18T08:49:28","date_gmt":"2023-08-18T13:49:28","guid":{"rendered":"https:\/\/lospoliticosveracruz.com.mx\/?p=110236"},"modified":"2023-08-18T08:49:34","modified_gmt":"2023-08-18T13:49:34","slug":"veracruz-el-vacio-de-poder","status":"publish","type":"post","link":"https:\/\/lospoliticosveracruz.com\/?p=110236","title":{"rendered":"VERACRUZ, EL VAC\u00cdO DE PODER"},"content":{"rendered":"\n<p><strong>Ricardo Chua<br><\/strong><em>Sale y Vale<br><\/em>De nada sirvi\u00f3 que este mi\u00e9rcoles el gobernador, Cuitl\u00e1huac Garc\u00eda anunciar\u00e1 en la representaci\u00f3n del Gobierno de Veracruz en CDMX\u2026 Que a Poza Rica llegaron 300 elementos de la Guardia Nacional y militares para resguardar a Poza Rica, despu\u00e9s de la masacre del fin de semana, cuando se encontraron alrededor de 14 cuerpos desmembrados envueltos en pl\u00e1stico y guardados en congeladoras.. Si ayer en esa ciudad, tiraron otro cuerpo desmembrado y le colocaron mantas alusivas a su gobierno.. TERROR<\/p>\n\n\n<div class=\"wp-block-image\">\n<figure class=\"alignleft size-full is-resized\"><a href=\"https:\/\/lospoliticosveracruz.com.mx\/wp-content\/uploads\/2023\/02\/Vinissimo.jpg\"><img loading=\"lazy\" decoding=\"async\" src=\"https:\/\/lospoliticosveracruz.com.mx\/wp-content\/uploads\/2023\/02\/Vinissimo.jpg\" alt=\"\" class=\"wp-image-102752\" width=\"175\" height=\"178\"\/><\/a><\/figure>\n<\/div>\n\n\n<p>De que le sirvi\u00f3 a Cuitl\u00e1huac Garc\u00eda haber ido a CDMX a fustigar, atacar y se\u00f1alar a la Suprema Corte de Justicia de la Naci\u00f3n y jueces federales presuntamente porque van a liberar a presuntos criminales.. Si \u00e9l no puede mantener la gobernanza de su Estado.. Poza Rica est\u00e1 siendo asolado con cr\u00edmenes, asesinatos, ataques a su polic\u00eda estatal desde hace semanas y ahora esta masacre de los 13 cuerpos desmembrados y dice que son \u00abhechos aislados\u00bb y que se hace esc\u00e1ndalo por esto.. SIN PALABRAS..<\/p>\n\n\n\n<p>Para el colm\u00f3 cuando viene a Veracruz y no tiene el auditorio controlado, como pasa con los aliados de la 4T, en Palacio de Gobierno en Xalapa o en CDMX que hasta \u00abLord Mol\u00e9cula\u00bb lo lleva de \u00abacarreado\u00bb para que lo \u00abdefienda\u00bb\u2026 Mejor calla y decide no hablar.. Pese a que la poblaci\u00f3n de Poza Rica vive los d\u00edas de terror m\u00e1s grandes desde el 2007 o 2010.. Ni con Fidel Herrera, Javier Duarte o Miguel Yunes, hubo una masacre de esa magnitud en el norte de la entidad como la del domingo pasado en el gobierno de Cuitl\u00e1huac Garc\u00eda\u2026<\/p>\n\n\n\n<p>La falta de experiencia pol\u00edtica del gobernador.. Que est\u00e1 saliendo a relucir a los 5 a\u00f1os de su administraci\u00f3n.. Est\u00e1 dejando en claro, que el \u00abconfort\u00bb que le daban los \u00abrespaldos\u00bb de Andr\u00e9s Manuel L\u00f3pez Obrador cuando ven\u00eda a Veracruz.. Ya no le sirven de nada.. Ahora la ciudadan\u00eda califica y se\u00f1ala.. Y tiene la idea de que el gobierno del Estado, se encuentra ocultando la verdadera cifra de las personas masacradas en Poza Rica.. Piensan que son m\u00e1s de 30, no las 14 que dice la Fiscal\u00eda del Estado..<\/p>\n\n\n\n<p>Vamos Cuitlahuac Garc\u00eda, ni siquiera ha tenido la atenci\u00f3n de llamar al alcalde de Poza Rica, Fernando Remes, a Palacio de Gobierno en Xalapa.. Grabar un video, tomarse fotograf\u00edas y enviar un comunicado diciendo que est\u00e1n viendo por el bienestar de Poza Rica, resguardando la seguridad de la ciudadan\u00eda y que est\u00e1n investigando los hechos violentos.. NO HAY NADA DE ESO.. La crisis de comunicaci\u00f3n es fatal del gobierno y aunque el gobernador diga que no.. ES LA PEOR CRISIS DE SEGURIDAD QUE VIVE EN SU GOBIERNO.. Y no ve salida..<\/p>\n\n\n\n<p>Si bien es cierto, Remes y Cuitl\u00e1huac se \u00abtragan pero no se mastican\u00bb\u2026 Y que hace dos a\u00f1os, el gobernador quer\u00eda a otro personaje de candidato a alcalde.. Pero \u00abEl Pulpo\u00bb se la gan\u00f3 porque as\u00ed lo decidi\u00f3 Andr\u00e9s Manuel L\u00f3pez Obrador.. Se deben de dejar de pelear por temas pol\u00edticos y ver que la gobernanza del Estado se le escapa por Poza Rica.. Pero ninguno hace nada por ceder y buscar una soluci\u00f3n juntos.. Los que sufren son los habitantes de Poza Rica.. La crisis es grave y no tiene para cuando terminar..<\/p>\n\n\n\n<p>Lo del cuerpo desmembrado y las mantas de ayer.. Dejan claro que no hay control de las fuerzas del orden en la ciudad de Poza Rica, tal como lo dice Cuitl\u00e1huac Garc\u00eda.. Y \u00e9l mismo queda rebasado ante esta situaci\u00f3n.. Por eso su silencio, por eso su temor.. Y nadie del gabinete estatal se quiere \u00abembarrar\u00bb del tema de violencia.. Por eso, lo dejan solo, Cuitl\u00e1huac est\u00e1 viviendo lo mismo que vivi\u00f3 Javier Duarte en 2015, cuando se qued\u00f3 solo porque todo su gabinete se fue a elecciones.. La historia ya saben como termin\u00f3.. \u00bfKARMA?<\/p>\n\n\n\n<p><strong>DA\u00d1O COLATERAL DE POZA RICA.. <\/strong>Este da\u00f1o tiene dos nombres y apellidos: MORENA y Roc\u00edo Nahle.. Si se supone que la secretar\u00eda de Energ\u00eda ser\u00e1 la candidata a gobernadora por MORENA en 2024.. Le est\u00e1n \u00abpegando\u00bb desde una de las tres ciudades petroleras m\u00e1s importantes de la entidad: Poza Rica y de Nahle depende Pemex y SENER.. El sindicato petrolero de Poza Rica controla la zona norte, es el distrito m\u00e1s grande de aquella regi\u00f3n\u2026 Y sin seguridad no hay 4T y a lo mejor no hay triunfo de MORENA en 2024 en la zona.. \u00bfREQUI\u00c9M?..<\/p>\n\n\n\n<p><strong>LA AVENTURA DE POLO.<\/strong> El ex alcalde de Medell\u00edn de Bravo, el panista y cr\u00edtico de partidos pol\u00edticos, Polo Deschamps insiste en que los organismos de oposici\u00f3n en Veracruz a la 4T est\u00e1 errada en su ruta pol\u00edtica en la que tiene en el olvido a los ciudadanos\u2026 En su \u00abcruzada\u00bb del ex candidato local que inici\u00f3 hace unos meses.. No ha cesado en se\u00f1alar que los principales personajes opositores a Morena y aliados se equivocan al no caminar las calles y colonias.<\/p>\n\n\n\n<p>Tambi\u00e9n su cr\u00edtica es en contra de las c\u00fapulas del bloque opositor porque no entienden que a Andr\u00e9s Manuel L\u00f3pez Obrador, no se le puede competir siguiendo su agenda y hablando s\u00f3lo de \u00e9l y de sus \u00abcorcholatas\u00bb presidenciables o estatales\u2026 Dice que lo que la oposici\u00f3n necesita, es caminar a las calles, escuchar a los ciudadanos y ayudarlos con lo que puedan\u2026 Sobre todo porque con lo que se est\u00e1 compitiendo es contra la cercan\u00eda de la 4T con el pueblo y los programas sociales\u2026 Al final, 24 gubernaturas y cientos de municipios y congresos locales entregados a la 4T en todo el pa\u00eds pareciera que le dan la raz\u00f3n a Polo Deschamps\u2026 \u00bfSER\u00c1?..<\/p>\n","protected":false},"excerpt":{"rendered":"<p>Ricardo ChuaSale y ValeDe nada sirvi\u00f3 que este mi\u00e9rcoles el gobernador, Cuitl\u00e1huac Garc\u00eda anunciar\u00e1 en la representaci\u00f3n del Gobierno de Veracruz en CDMX\u2026 Que a Poza Rica llegaron 300 elementos de la Guardia Nacional y militares para resguardar a Poza Rica, despu\u00e9s de la masacre del fin de semana, cuando se encontraron alrededor de 14 [&hellip;]<\/p>\n","protected":false},"author":2,"featured_media":0,"comment_status":"closed","ping_status":"closed","sticky":false,"template":"","format":"standard","meta":{"tdm_status":"","tdm_grid_status":"","footnotes":""},"categories":[70],"tags":[618,1563,1026,7517,1267,28660,195],"class_list":{"0":"post-110236","1":"post","2":"type-post","3":"status-publish","4":"format-standard","6":"category-de-opinion","7":"tag-andres-manuel-lopez-obrador","8":"tag-cuitlahuac-garcia-jimenez","9":"tag-morena","10":"tag-polo-deschamps","11":"tag-poza-rica","12":"tag-ricardo-chua-2","13":"tag-veracruz"},"yoast_head":"<!-- This site is optimized with the Yoast SEO plugin v27.4 - https:\/\/yoast.com\/product\/yoast-seo-wordpress\/ -->\n<title>VERACRUZ, EL VAC\u00cdO DE PODER - Los pol\u00edticos Veracruz<\/title>\n<meta name=\"robots\" content=\"index, follow, max-snippet:-1, max-image-preview:large, max-video-preview:-1\" \/>\n<link rel=\"canonical\" href=\"https:\/\/lospoliticosveracruz.com\/?p=110236\" \/>\n<meta property=\"og:locale\" content=\"es_ES\" \/>\n<meta property=\"og:type\" content=\"article\" \/>\n<meta property=\"og:title\" content=\"VERACRUZ, EL VAC\u00cdO DE PODER - Los pol\u00edticos Veracruz\" \/>\n<meta property=\"og:description\" content=\"Ricardo ChuaSale y ValeDe nada sirvi\u00f3 que este mi\u00e9rcoles el gobernador, Cuitl\u00e1huac Garc\u00eda anunciar\u00e1 en la representaci\u00f3n del Gobierno de Veracruz en CDMX\u2026 Que a Poza Rica llegaron 300 elementos de la Guardia Nacional y militares para resguardar a Poza Rica, despu\u00e9s de la masacre del fin de semana, cuando se encontraron alrededor de 14 [&hellip;]\" \/>\n<meta property=\"og:url\" content=\"https:\/\/lospoliticosveracruz.com\/?p=110236\" \/>\n<meta property=\"og:site_name\" content=\"Los pol\u00edticos Veracruz\" \/>\n<meta property=\"article:publisher\" content=\"https:\/\/www.facebook.com\/people\/Notimemes-de-los-Polticos\/61565672886568\/\" \/>\n<meta property=\"article:published_time\" content=\"2023-08-18T13:49:28+00:00\" \/>\n<meta property=\"article:modified_time\" content=\"2023-08-18T13:49:34+00:00\" \/>\n<meta property=\"og:image\" content=\"https:\/\/lospoliticosveracruz.com.mx\/wp-content\/uploads\/2023\/02\/Vinissimo.jpg\" \/>\n<meta name=\"author\" content=\"Lo viste en Los Pol\u00edticos\" \/>\n<meta name=\"twitter:card\" content=\"summary_large_image\" \/>\n<meta name=\"twitter:creator\" content=\"@LosPoliticosVer\" \/>\n<meta name=\"twitter:site\" content=\"@LosPoliticosVer\" \/>\n<meta name=\"twitter:label1\" content=\"Escrito por\" \/>\n\t<meta name=\"twitter:data1\" content=\"Lo viste en Los Pol\u00edticos\" \/>\n\t<meta name=\"twitter:label2\" content=\"Tiempo de lectura\" \/>\n\t<meta name=\"twitter:data2\" content=\"5 minutos\" \/>\n<script type=\"application\/ld+json\" class=\"yoast-schema-graph\">{\"@context\":\"https:\\\/\\\/schema.org\",\"@graph\":[{\"@type\":\"Article\",\"@id\":\"https:\\\/\\\/lospoliticosveracruz.com\\\/?p=110236#article\",\"isPartOf\":{\"@id\":\"https:\\\/\\\/lospoliticosveracruz.com\\\/?p=110236\"},\"author\":{\"name\":\"Lo viste en Los Pol\u00edticos\",\"@id\":\"https:\\\/\\\/lospoliticosveracruz.com\\\/#\\\/schema\\\/person\\\/b8702bb0e538456e6efd07080bf2a4a2\"},\"headline\":\"VERACRUZ, EL VAC\u00cdO DE PODER\",\"datePublished\":\"2023-08-18T13:49:28+00:00\",\"dateModified\":\"2023-08-18T13:49:34+00:00\",\"mainEntityOfPage\":{\"@id\":\"https:\\\/\\\/lospoliticosveracruz.com\\\/?p=110236\"},\"wordCount\":1001,\"publisher\":{\"@id\":\"https:\\\/\\\/lospoliticosveracruz.com\\\/#organization\"},\"image\":{\"@id\":\"https:\\\/\\\/lospoliticosveracruz.com\\\/?p=110236#primaryimage\"},\"thumbnailUrl\":\"https:\\\/\\\/lospoliticosveracruz.com.mx\\\/wp-content\\\/uploads\\\/2023\\\/02\\\/Vinissimo.jpg\",\"keywords\":[\"Andr\u00e9s Manuel L\u00f3pez Obrador\",\"Cuitl\u00e1huac Garc\u00eda Jim\u00e9nez\",\"Morena\",\"Polo Deschamps\",\"Poza Rica\",\"Ricardo Chua\",\"Veracruz\"],\"articleSection\":[\"De Opini\u00f3n\"],\"inLanguage\":\"es\"},{\"@type\":\"WebPage\",\"@id\":\"https:\\\/\\\/lospoliticosveracruz.com\\\/?p=110236\",\"url\":\"https:\\\/\\\/lospoliticosveracruz.com\\\/?p=110236\",\"name\":\"VERACRUZ, EL VAC\u00cdO DE PODER - Los pol\u00edticos Veracruz\",\"isPartOf\":{\"@id\":\"https:\\\/\\\/lospoliticosveracruz.com\\\/#website\"},\"primaryImageOfPage\":{\"@id\":\"https:\\\/\\\/lospoliticosveracruz.com\\\/?p=110236#primaryimage\"},\"image\":{\"@id\":\"https:\\\/\\\/lospoliticosveracruz.com\\\/?p=110236#primaryimage\"},\"thumbnailUrl\":\"https:\\\/\\\/lospoliticosveracruz.com.mx\\\/wp-content\\\/uploads\\\/2023\\\/02\\\/Vinissimo.jpg\",\"datePublished\":\"2023-08-18T13:49:28+00:00\",\"dateModified\":\"2023-08-18T13:49:34+00:00\",\"breadcrumb\":{\"@id\":\"https:\\\/\\\/lospoliticosveracruz.com\\\/?p=110236#breadcrumb\"},\"inLanguage\":\"es\",\"potentialAction\":[{\"@type\":\"ReadAction\",\"target\":[\"https:\\\/\\\/lospoliticosveracruz.com\\\/?p=110236\"]}]},{\"@type\":\"ImageObject\",\"inLanguage\":\"es\",\"@id\":\"https:\\\/\\\/lospoliticosveracruz.com\\\/?p=110236#primaryimage\",\"url\":\"https:\\\/\\\/lospoliticosveracruz.com.mx\\\/wp-content\\\/uploads\\\/2023\\\/02\\\/Vinissimo.jpg\",\"contentUrl\":\"https:\\\/\\\/lospoliticosveracruz.com.mx\\\/wp-content\\\/uploads\\\/2023\\\/02\\\/Vinissimo.jpg\"},{\"@type\":\"BreadcrumbList\",\"@id\":\"https:\\\/\\\/lospoliticosveracruz.com\\\/?p=110236#breadcrumb\",\"itemListElement\":[{\"@type\":\"ListItem\",\"position\":1,\"name\":\"Portada\",\"item\":\"https:\\\/\\\/lospoliticosveracruz.com\\\/\"},{\"@type\":\"ListItem\",\"position\":2,\"name\":\"VERACRUZ, EL VAC\u00cdO DE PODER\"}]},{\"@type\":\"WebSite\",\"@id\":\"https:\\\/\\\/lospoliticosveracruz.com\\\/#website\",\"url\":\"https:\\\/\\\/lospoliticosveracruz.com\\\/\",\"name\":\"Los pol\u00edticos Veracruz\",\"description\":\"\",\"publisher\":{\"@id\":\"https:\\\/\\\/lospoliticosveracruz.com\\\/#organization\"},\"potentialAction\":[{\"@type\":\"SearchAction\",\"target\":{\"@type\":\"EntryPoint\",\"urlTemplate\":\"https:\\\/\\\/lospoliticosveracruz.com\\\/?s={search_term_string}\"},\"query-input\":{\"@type\":\"PropertyValueSpecification\",\"valueRequired\":true,\"valueName\":\"search_term_string\"}}],\"inLanguage\":\"es\"},{\"@type\":\"Organization\",\"@id\":\"https:\\\/\\\/lospoliticosveracruz.com\\\/#organization\",\"name\":\"Los pol\u00edticos Veracruz\",\"url\":\"https:\\\/\\\/lospoliticosveracruz.com\\\/\",\"logo\":{\"@type\":\"ImageObject\",\"inLanguage\":\"es\",\"@id\":\"https:\\\/\\\/lospoliticosveracruz.com\\\/#\\\/schema\\\/logo\\\/image\\\/\",\"url\":\"https:\\\/\\\/lospoliticosveracruz.com\\\/wp-content\\\/uploads\\\/2025\\\/12\\\/Logo-Nuevo-LOS-POLITICOS-1.jpg\",\"contentUrl\":\"https:\\\/\\\/lospoliticosveracruz.com\\\/wp-content\\\/uploads\\\/2025\\\/12\\\/Logo-Nuevo-LOS-POLITICOS-1.jpg\",\"width\":260,\"height\":70,\"caption\":\"Los pol\u00edticos Veracruz\"},\"image\":{\"@id\":\"https:\\\/\\\/lospoliticosveracruz.com\\\/#\\\/schema\\\/logo\\\/image\\\/\"},\"sameAs\":[\"https:\\\/\\\/www.facebook.com\\\/people\\\/Notimemes-de-los-Polticos\\\/61565672886568\\\/\",\"https:\\\/\\\/x.com\\\/LosPoliticosVer\"]},{\"@type\":\"Person\",\"@id\":\"https:\\\/\\\/lospoliticosveracruz.com\\\/#\\\/schema\\\/person\\\/b8702bb0e538456e6efd07080bf2a4a2\",\"name\":\"Lo viste en Los Pol\u00edticos\",\"image\":{\"@type\":\"ImageObject\",\"inLanguage\":\"es\",\"@id\":\"https:\\\/\\\/secure.gravatar.com\\\/avatar\\\/3a8de04a2656d44082be478bd6c086daa447c4651605818287b9532d3d0bd435?s=96&d=mm&r=g\",\"url\":\"https:\\\/\\\/secure.gravatar.com\\\/avatar\\\/3a8de04a2656d44082be478bd6c086daa447c4651605818287b9532d3d0bd435?s=96&d=mm&r=g\",\"contentUrl\":\"https:\\\/\\\/secure.gravatar.com\\\/avatar\\\/3a8de04a2656d44082be478bd6c086daa447c4651605818287b9532d3d0bd435?s=96&d=mm&r=g\",\"caption\":\"Lo viste en Los Pol\u00edticos\"},\"url\":\"https:\\\/\\\/lospoliticosveracruz.com\\\/?author=2\"}]}<\/script>\n<!-- \/ Yoast SEO plugin. -->","yoast_head_json":{"title":"VERACRUZ, EL VAC\u00cdO DE PODER - Los pol\u00edticos Veracruz","robots":{"index":"index","follow":"follow","max-snippet":"max-snippet:-1","max-image-preview":"max-image-preview:large","max-video-preview":"max-video-preview:-1"},"canonical":"https:\/\/lospoliticosveracruz.com\/?p=110236","og_locale":"es_ES","og_type":"article","og_title":"VERACRUZ, EL VAC\u00cdO DE PODER - Los pol\u00edticos Veracruz","og_description":"Ricardo ChuaSale y ValeDe nada sirvi\u00f3 que este mi\u00e9rcoles el gobernador, Cuitl\u00e1huac Garc\u00eda anunciar\u00e1 en la representaci\u00f3n del Gobierno de Veracruz en CDMX\u2026 Que a Poza Rica llegaron 300 elementos de la Guardia Nacional y militares para resguardar a Poza Rica, despu\u00e9s de la masacre del fin de semana, cuando se encontraron alrededor de 14 [&hellip;]","og_url":"https:\/\/lospoliticosveracruz.com\/?p=110236","og_site_name":"Los pol\u00edticos Veracruz","article_publisher":"https:\/\/www.facebook.com\/people\/Notimemes-de-los-Polticos\/61565672886568\/","article_published_time":"2023-08-18T13:49:28+00:00","article_modified_time":"2023-08-18T13:49:34+00:00","og_image":[{"url":"https:\/\/lospoliticosveracruz.com.mx\/wp-content\/uploads\/2023\/02\/Vinissimo.jpg","type":"","width":"","height":""}],"author":"Lo viste en Los Pol\u00edticos","twitter_card":"summary_large_image","twitter_creator":"@LosPoliticosVer","twitter_site":"@LosPoliticosVer","twitter_misc":{"Escrito por":"Lo viste en Los Pol\u00edticos","Tiempo de lectura":"5 minutos"},"schema":{"@context":"https:\/\/schema.org","@graph":[{"@type":"Article","@id":"https:\/\/lospoliticosveracruz.com\/?p=110236#article","isPartOf":{"@id":"https:\/\/lospoliticosveracruz.com\/?p=110236"},"author":{"name":"Lo viste en Los Pol\u00edticos","@id":"https:\/\/lospoliticosveracruz.com\/#\/schema\/person\/b8702bb0e538456e6efd07080bf2a4a2"},"headline":"VERACRUZ, EL VAC\u00cdO DE PODER","datePublished":"2023-08-18T13:49:28+00:00","dateModified":"2023-08-18T13:49:34+00:00","mainEntityOfPage":{"@id":"https:\/\/lospoliticosveracruz.com\/?p=110236"},"wordCount":1001,"publisher":{"@id":"https:\/\/lospoliticosveracruz.com\/#organization"},"image":{"@id":"https:\/\/lospoliticosveracruz.com\/?p=110236#primaryimage"},"thumbnailUrl":"https:\/\/lospoliticosveracruz.com.mx\/wp-content\/uploads\/2023\/02\/Vinissimo.jpg","keywords":["Andr\u00e9s Manuel L\u00f3pez Obrador","Cuitl\u00e1huac Garc\u00eda Jim\u00e9nez","Morena","Polo Deschamps","Poza Rica","Ricardo Chua","Veracruz"],"articleSection":["De Opini\u00f3n"],"inLanguage":"es"},{"@type":"WebPage","@id":"https:\/\/lospoliticosveracruz.com\/?p=110236","url":"https:\/\/lospoliticosveracruz.com\/?p=110236","name":"VERACRUZ, EL VAC\u00cdO DE PODER - Los pol\u00edticos Veracruz","isPartOf":{"@id":"https:\/\/lospoliticosveracruz.com\/#website"},"primaryImageOfPage":{"@id":"https:\/\/lospoliticosveracruz.com\/?p=110236#primaryimage"},"image":{"@id":"https:\/\/lospoliticosveracruz.com\/?p=110236#primaryimage"},"thumbnailUrl":"https:\/\/lospoliticosveracruz.com.mx\/wp-content\/uploads\/2023\/02\/Vinissimo.jpg","datePublished":"2023-08-18T13:49:28+00:00","dateModified":"2023-08-18T13:49:34+00:00","breadcrumb":{"@id":"https:\/\/lospoliticosveracruz.com\/?p=110236#breadcrumb"},"inLanguage":"es","potentialAction":[{"@type":"ReadAction","target":["https:\/\/lospoliticosveracruz.com\/?p=110236"]}]},{"@type":"ImageObject","inLanguage":"es","@id":"https:\/\/lospoliticosveracruz.com\/?p=110236#primaryimage","url":"https:\/\/lospoliticosveracruz.com.mx\/wp-content\/uploads\/2023\/02\/Vinissimo.jpg","contentUrl":"https:\/\/lospoliticosveracruz.com.mx\/wp-content\/uploads\/2023\/02\/Vinissimo.jpg"},{"@type":"BreadcrumbList","@id":"https:\/\/lospoliticosveracruz.com\/?p=110236#breadcrumb","itemListElement":[{"@type":"ListItem","position":1,"name":"Portada","item":"https:\/\/lospoliticosveracruz.com\/"},{"@type":"ListItem","position":2,"name":"VERACRUZ, EL VAC\u00cdO DE PODER"}]},{"@type":"WebSite","@id":"https:\/\/lospoliticosveracruz.com\/#website","url":"https:\/\/lospoliticosveracruz.com\/","name":"Los pol\u00edticos Veracruz","description":"","publisher":{"@id":"https:\/\/lospoliticosveracruz.com\/#organization"},"potentialAction":[{"@type":"SearchAction","target":{"@type":"EntryPoint","urlTemplate":"https:\/\/lospoliticosveracruz.com\/?s={search_term_string}"},"query-input":{"@type":"PropertyValueSpecification","valueRequired":true,"valueName":"search_term_string"}}],"inLanguage":"es"},{"@type":"Organization","@id":"https:\/\/lospoliticosveracruz.com\/#organization","name":"Los pol\u00edticos Veracruz","url":"https:\/\/lospoliticosveracruz.com\/","logo":{"@type":"ImageObject","inLanguage":"es","@id":"https:\/\/lospoliticosveracruz.com\/#\/schema\/logo\/image\/","url":"https:\/\/lospoliticosveracruz.com\/wp-content\/uploads\/2025\/12\/Logo-Nuevo-LOS-POLITICOS-1.jpg","contentUrl":"https:\/\/lospoliticosveracruz.com\/wp-content\/uploads\/2025\/12\/Logo-Nuevo-LOS-POLITICOS-1.jpg","width":260,"height":70,"caption":"Los pol\u00edticos Veracruz"},"image":{"@id":"https:\/\/lospoliticosveracruz.com\/#\/schema\/logo\/image\/"},"sameAs":["https:\/\/www.facebook.com\/people\/Notimemes-de-los-Polticos\/61565672886568\/","https:\/\/x.com\/LosPoliticosVer"]},{"@type":"Person","@id":"https:\/\/lospoliticosveracruz.com\/#\/schema\/person\/b8702bb0e538456e6efd07080bf2a4a2","name":"Lo viste en Los Pol\u00edticos","image":{"@type":"ImageObject","inLanguage":"es","@id":"https:\/\/secure.gravatar.com\/avatar\/3a8de04a2656d44082be478bd6c086daa447c4651605818287b9532d3d0bd435?s=96&d=mm&r=g","url":"https:\/\/secure.gravatar.com\/avatar\/3a8de04a2656d44082be478bd6c086daa447c4651605818287b9532d3d0bd435?s=96&d=mm&r=g","contentUrl":"https:\/\/secure.gravatar.com\/avatar\/3a8de04a2656d44082be478bd6c086daa447c4651605818287b9532d3d0bd435?s=96&d=mm&r=g","caption":"Lo viste en Los Pol\u00edticos"},"url":"https:\/\/lospoliticosveracruz.com\/?author=2"}]}},"_links":{"self":[{"href":"https:\/\/lospoliticosveracruz.com\/index.php?rest_route=\/wp\/v2\/posts\/110236","targetHints":{"allow":["GET"]}}],"collection":[{"href":"https:\/\/lospoliticosveracruz.com\/index.php?rest_route=\/wp\/v2\/posts"}],"about":[{"href":"https:\/\/lospoliticosveracruz.com\/index.php?rest_route=\/wp\/v2\/types\/post"}],"author":[{"embeddable":true,"href":"https:\/\/lospoliticosveracruz.com\/index.php?rest_route=\/wp\/v2\/users\/2"}],"replies":[{"embeddable":true,"href":"https:\/\/lospoliticosveracruz.com\/index.php?rest_route=%2Fwp%2Fv2%2Fcomments&post=110236"}],"version-history":[{"count":1,"href":"https:\/\/lospoliticosveracruz.com\/index.php?rest_route=\/wp\/v2\/posts\/110236\/revisions"}],"predecessor-version":[{"id":110238,"href":"https:\/\/lospoliticosveracruz.com\/index.php?rest_route=\/wp\/v2\/posts\/110236\/revisions\/110238"}],"wp:attachment":[{"href":"https:\/\/lospoliticosveracruz.com\/index.php?rest_route=%2Fwp%2Fv2%2Fmedia&parent=110236"}],"wp:term":[{"taxonomy":"category","embeddable":true,"href":"https:\/\/lospoliticosveracruz.com\/index.php?rest_route=%2Fwp%2Fv2%2Fcategories&post=110236"},{"taxonomy":"post_tag","embeddable":true,"href":"https:\/\/lospoliticosveracruz.com\/index.php?rest_route=%2Fwp%2Fv2%2Ftags&post=110236"}],"curies":[{"name":"wp","href":"https:\/\/api.w.org\/{rel}","templated":true}]}}