{"id":110283,"date":"2023-08-18T21:43:25","date_gmt":"2023-08-19T02:43:25","guid":{"rendered":"https:\/\/lospoliticosveracruz.com.mx\/?p=110283"},"modified":"2023-08-18T21:43:30","modified_gmt":"2023-08-19T02:43:30","slug":"justicia-con-presupuesto","status":"publish","type":"post","link":"https:\/\/lospoliticosveracruz.com\/?p=110283","title":{"rendered":"JUSTICIA CON PRESUPUESTO"},"content":{"rendered":"\n<p><\/p>\n\n\n\n<p><strong>Xalapa<\/strong><br>Se debe fortalecer con presupuestos el sistema de justicia en Veracruz, abarcar al Poder Judicial, a las fiscal\u00edas y a las polic\u00edas, y dotarles adem\u00e1s de buenos salarios, de capacitaci\u00f3n, modernizaci\u00f3n y equipamiento, para as\u00ed poder avanzar en el mejoramiento de la seguridad, se\u00f1al\u00f3 Marlon Ram\u00edrez Mar\u00edn, dirigente estatal del PRI en Veracruz.<\/p>\n\n\n<div class=\"wp-block-image\">\n<figure class=\"alignleft size-full is-resized\"><a href=\"https:\/\/lospoliticosveracruz.com.mx\/wp-content\/uploads\/2023\/04\/Alex-Dore-Pole-Dance.jpg\"><img loading=\"lazy\" decoding=\"async\" src=\"https:\/\/lospoliticosveracruz.com.mx\/wp-content\/uploads\/2023\/04\/Alex-Dore-Pole-Dance.jpg\" alt=\"\" class=\"wp-image-104879\" width=\"175\" height=\"175\" srcset=\"https:\/\/lospoliticosveracruz.com\/wp-content\/uploads\/2023\/04\/Alex-Dore-Pole-Dance.jpg 700w, https:\/\/lospoliticosveracruz.com\/wp-content\/uploads\/2023\/04\/Alex-Dore-Pole-Dance-300x300.jpg 300w, https:\/\/lospoliticosveracruz.com\/wp-content\/uploads\/2023\/04\/Alex-Dore-Pole-Dance-150x150.jpg 150w, https:\/\/lospoliticosveracruz.com\/wp-content\/uploads\/2023\/04\/Alex-Dore-Pole-Dance-125x125.jpg 125w\" sizes=\"auto, (max-width: 175px) 100vw, 175px\" \/><\/a><\/figure>\n<\/div>\n\n\n<p>Durante su participaci\u00f3n en el foro: \u201cLa Fuerza de las Propuestas\u201d, con el tema de seguridad, expuso que su propuesta, radica en dar un enfoque econ\u00f3mico a la seguridad p\u00fablica, y marcar pol\u00edgonos de desarrollo en: P\u00e1nuco, Poza Rica, Xalapa, C\u00f3rdoba, Orizaba, Veracruz, San Juan Evangelista, Acayucan, Minatitl\u00e1n y Coatzacoalcos, en donde se les otorgue protecci\u00f3n y condiciones dignas para los polic\u00edas.<\/p>\n\n\n\n<p>\u201cEs imposible que tengamos una justicia buena, bonita y barata, el problema que hay en este pa\u00eds, es que queremos que haya ministerios p\u00fablicos honestos, fiscales honestos, que haya jueces impolutos, pero queremos pagarles casi nada\u201d, dijo al puntualizar que hoy los ciudadanos quieren tener seguridad personal, financiera, laboral e incluso inform\u00e1tica.<\/p>\n\n\n\n<p>Hoy de acuerdo a cifras oficiales y p\u00fablicas, Veracruz es el n\u00famero veinte en crecimiento econ\u00f3mico, se han perdido 7 mil 64 empleos en lo que va de este a\u00f1o, tiene el s\u00e9ptimo lugar nacional en informalidad, es el estado n\u00famero veintinueve en tasa de trabajo asalariado, el segundo lugar en extorsiones, el tercer lugar en feminicidios, el cuarto lugar en secuestros y el lugar veintis\u00e9is en el sistema de justicia, adem\u00e1s de una baja en los ingresos por suministro de bienes y que no existe generaci\u00f3n de empleo.<\/p>\n\n\n\n<p>El tambi\u00e9n diputado local priista, detall\u00f3 que durante la discusi\u00f3n de los presupuestos para Veracruz en el Congreso del Estado, se ha pedido mayor autonom\u00eda a las fiscal\u00edas y mayores recursos, adem\u00e1s de que se ha expresado y mantiene que se requiere una reforma integral al sistema de justicia.<\/p>\n\n\n\n<p>Marlon Ram\u00edrez Mar\u00edn, critic\u00f3 que se quiera resolver un problema de la actualidad con un diagn\u00f3stico de hace veinte o treinta a\u00f1os, en donde no hay coordinaci\u00f3n ni capacitaci\u00f3n de los polic\u00edas, y se encuentran adem\u00e1s en condiciones precarias para desempe\u00f1ar su funci\u00f3n.<\/p>\n\n\n\n<p>En su mensaje de bienvenida, Miguel Hern\u00e1ndez D\u00edaz, presidente de la delegaci\u00f3n Xalapa de Canacintra; refiri\u00f3 que los foros \u201cLa Fuerza de las Propuestas\u201d, representan un compromiso que desde el sector empresarial no los limitan a se\u00f1alar problemas, sino que se toma la iniciativa para proponer soluciones.<\/p>\n\n\n\n<p>Asimismo, dijo que se desea que lo planteado en estos foros, no se queden en un simple documento, sino que se reflejen en las agendas gubernamentales del 2024; \u201cnuestra mira, est\u00e1 puesta en el futuro en un gobierno que escuche y que act\u00fae en concordancia con las necesidades propuestas por el sector que representa la fuerza motriz de la econom\u00eda\u201d.<\/p>\n\n\n\n<p>Asistieron tambi\u00e9n al foro: Juan Manuel Garc\u00eda; vicepresidente de la Regi\u00f3n Golfo de Canacintra; integrantes de la mesa directiva de la Delegaci\u00f3n de Canacintra Xalapa; Leonardo Castillo, titular del Comit\u00e9 de Recursos Naturales, quien particip\u00f3 como moderador; as\u00ed como empresarios afiliados a la C\u00e1mara, y acad\u00e9micos.<\/p>\n\n\n\n<p><\/p>\n","protected":false},"excerpt":{"rendered":"<p>XalapaSe debe fortalecer con presupuestos el sistema de justicia en Veracruz, abarcar al Poder Judicial, a las fiscal\u00edas y a las polic\u00edas, y dotarles adem\u00e1s de buenos salarios, de capacitaci\u00f3n, modernizaci\u00f3n y equipamiento, para as\u00ed poder avanzar en el mejoramiento de la seguridad, se\u00f1al\u00f3 Marlon Ram\u00edrez Mar\u00edn, dirigente estatal del PRI en Veracruz. Durante su [&hellip;]<\/p>\n","protected":false},"author":2,"featured_media":0,"comment_status":"closed","ping_status":"closed","sticky":false,"template":"","format":"standard","meta":{"tdm_status":"","tdm_grid_status":"","footnotes":""},"categories":[73],"tags":[3316,2908,33119,20045,195],"class_list":{"0":"post-110283","1":"post","2":"type-post","3":"status-publish","4":"format-standard","6":"category-de-boleto","7":"tag-canacintra","8":"tag-marlon-ramirez-marin","9":"tag-miguel-hernandez-diaz","10":"tag-pri-en-veracruz","11":"tag-veracruz"},"yoast_head":"<!-- This site is optimized with the Yoast SEO plugin v27.4 - https:\/\/yoast.com\/product\/yoast-seo-wordpress\/ -->\n<title>JUSTICIA CON PRESUPUESTO - Los pol\u00edticos Veracruz<\/title>\n<meta name=\"robots\" content=\"index, follow, max-snippet:-1, max-image-preview:large, max-video-preview:-1\" \/>\n<link rel=\"canonical\" href=\"https:\/\/lospoliticosveracruz.com\/?p=110283\" \/>\n<meta property=\"og:locale\" content=\"es_ES\" \/>\n<meta property=\"og:type\" content=\"article\" \/>\n<meta property=\"og:title\" content=\"JUSTICIA CON PRESUPUESTO - Los pol\u00edticos Veracruz\" \/>\n<meta property=\"og:description\" content=\"XalapaSe debe fortalecer con presupuestos el sistema de justicia en Veracruz, abarcar al Poder Judicial, a las fiscal\u00edas y a las polic\u00edas, y dotarles adem\u00e1s de buenos salarios, de capacitaci\u00f3n, modernizaci\u00f3n y equipamiento, para as\u00ed poder avanzar en el mejoramiento de la seguridad, se\u00f1al\u00f3 Marlon Ram\u00edrez Mar\u00edn, dirigente estatal del PRI en Veracruz. Durante su [&hellip;]\" \/>\n<meta property=\"og:url\" content=\"https:\/\/lospoliticosveracruz.com\/?p=110283\" \/>\n<meta property=\"og:site_name\" content=\"Los pol\u00edticos Veracruz\" \/>\n<meta property=\"article:publisher\" content=\"https:\/\/www.facebook.com\/people\/Notimemes-de-los-Polticos\/61565672886568\/\" \/>\n<meta property=\"article:published_time\" content=\"2023-08-19T02:43:25+00:00\" \/>\n<meta property=\"article:modified_time\" content=\"2023-08-19T02:43:30+00:00\" \/>\n<meta property=\"og:image\" content=\"https:\/\/lospoliticosveracruz.com.mx\/wp-content\/uploads\/2023\/04\/Alex-Dore-Pole-Dance.jpg\" \/>\n<meta name=\"author\" content=\"Lo viste en Los Pol\u00edticos\" \/>\n<meta name=\"twitter:card\" content=\"summary_large_image\" \/>\n<meta name=\"twitter:creator\" content=\"@LosPoliticosVer\" \/>\n<meta name=\"twitter:site\" content=\"@LosPoliticosVer\" \/>\n<meta name=\"twitter:label1\" content=\"Escrito por\" \/>\n\t<meta name=\"twitter:data1\" content=\"Lo viste en Los Pol\u00edticos\" \/>\n\t<meta name=\"twitter:label2\" content=\"Tiempo de lectura\" \/>\n\t<meta name=\"twitter:data2\" content=\"3 minutos\" \/>\n<script type=\"application\/ld+json\" class=\"yoast-schema-graph\">{\"@context\":\"https:\\\/\\\/schema.org\",\"@graph\":[{\"@type\":\"Article\",\"@id\":\"https:\\\/\\\/lospoliticosveracruz.com\\\/?p=110283#article\",\"isPartOf\":{\"@id\":\"https:\\\/\\\/lospoliticosveracruz.com\\\/?p=110283\"},\"author\":{\"name\":\"Lo viste en Los Pol\u00edticos\",\"@id\":\"https:\\\/\\\/lospoliticosveracruz.com\\\/#\\\/schema\\\/person\\\/b8702bb0e538456e6efd07080bf2a4a2\"},\"headline\":\"JUSTICIA CON PRESUPUESTO\",\"datePublished\":\"2023-08-19T02:43:25+00:00\",\"dateModified\":\"2023-08-19T02:43:30+00:00\",\"mainEntityOfPage\":{\"@id\":\"https:\\\/\\\/lospoliticosveracruz.com\\\/?p=110283\"},\"wordCount\":558,\"publisher\":{\"@id\":\"https:\\\/\\\/lospoliticosveracruz.com\\\/#organization\"},\"image\":{\"@id\":\"https:\\\/\\\/lospoliticosveracruz.com\\\/?p=110283#primaryimage\"},\"thumbnailUrl\":\"https:\\\/\\\/lospoliticosveracruz.com.mx\\\/wp-content\\\/uploads\\\/2023\\\/04\\\/Alex-Dore-Pole-Dance.jpg\",\"keywords\":[\"Canacintra\",\"Marlon Ram\u00edrez Mar\u00edn\",\"Miguel Hern\u00e1ndez D\u00edaz\",\"PRI en Veracruz\",\"Veracruz\"],\"articleSection\":[\"De Boleto\"],\"inLanguage\":\"es\"},{\"@type\":\"WebPage\",\"@id\":\"https:\\\/\\\/lospoliticosveracruz.com\\\/?p=110283\",\"url\":\"https:\\\/\\\/lospoliticosveracruz.com\\\/?p=110283\",\"name\":\"JUSTICIA CON PRESUPUESTO - Los pol\u00edticos Veracruz\",\"isPartOf\":{\"@id\":\"https:\\\/\\\/lospoliticosveracruz.com\\\/#website\"},\"primaryImageOfPage\":{\"@id\":\"https:\\\/\\\/lospoliticosveracruz.com\\\/?p=110283#primaryimage\"},\"image\":{\"@id\":\"https:\\\/\\\/lospoliticosveracruz.com\\\/?p=110283#primaryimage\"},\"thumbnailUrl\":\"https:\\\/\\\/lospoliticosveracruz.com.mx\\\/wp-content\\\/uploads\\\/2023\\\/04\\\/Alex-Dore-Pole-Dance.jpg\",\"datePublished\":\"2023-08-19T02:43:25+00:00\",\"dateModified\":\"2023-08-19T02:43:30+00:00\",\"breadcrumb\":{\"@id\":\"https:\\\/\\\/lospoliticosveracruz.com\\\/?p=110283#breadcrumb\"},\"inLanguage\":\"es\",\"potentialAction\":[{\"@type\":\"ReadAction\",\"target\":[\"https:\\\/\\\/lospoliticosveracruz.com\\\/?p=110283\"]}]},{\"@type\":\"ImageObject\",\"inLanguage\":\"es\",\"@id\":\"https:\\\/\\\/lospoliticosveracruz.com\\\/?p=110283#primaryimage\",\"url\":\"https:\\\/\\\/lospoliticosveracruz.com.mx\\\/wp-content\\\/uploads\\\/2023\\\/04\\\/Alex-Dore-Pole-Dance.jpg\",\"contentUrl\":\"https:\\\/\\\/lospoliticosveracruz.com.mx\\\/wp-content\\\/uploads\\\/2023\\\/04\\\/Alex-Dore-Pole-Dance.jpg\"},{\"@type\":\"BreadcrumbList\",\"@id\":\"https:\\\/\\\/lospoliticosveracruz.com\\\/?p=110283#breadcrumb\",\"itemListElement\":[{\"@type\":\"ListItem\",\"position\":1,\"name\":\"Portada\",\"item\":\"https:\\\/\\\/lospoliticosveracruz.com\\\/\"},{\"@type\":\"ListItem\",\"position\":2,\"name\":\"JUSTICIA CON PRESUPUESTO\"}]},{\"@type\":\"WebSite\",\"@id\":\"https:\\\/\\\/lospoliticosveracruz.com\\\/#website\",\"url\":\"https:\\\/\\\/lospoliticosveracruz.com\\\/\",\"name\":\"Los pol\u00edticos Veracruz\",\"description\":\"\",\"publisher\":{\"@id\":\"https:\\\/\\\/lospoliticosveracruz.com\\\/#organization\"},\"potentialAction\":[{\"@type\":\"SearchAction\",\"target\":{\"@type\":\"EntryPoint\",\"urlTemplate\":\"https:\\\/\\\/lospoliticosveracruz.com\\\/?s={search_term_string}\"},\"query-input\":{\"@type\":\"PropertyValueSpecification\",\"valueRequired\":true,\"valueName\":\"search_term_string\"}}],\"inLanguage\":\"es\"},{\"@type\":\"Organization\",\"@id\":\"https:\\\/\\\/lospoliticosveracruz.com\\\/#organization\",\"name\":\"Los pol\u00edticos Veracruz\",\"url\":\"https:\\\/\\\/lospoliticosveracruz.com\\\/\",\"logo\":{\"@type\":\"ImageObject\",\"inLanguage\":\"es\",\"@id\":\"https:\\\/\\\/lospoliticosveracruz.com\\\/#\\\/schema\\\/logo\\\/image\\\/\",\"url\":\"https:\\\/\\\/lospoliticosveracruz.com\\\/wp-content\\\/uploads\\\/2025\\\/12\\\/Logo-Nuevo-LOS-POLITICOS-1.jpg\",\"contentUrl\":\"https:\\\/\\\/lospoliticosveracruz.com\\\/wp-content\\\/uploads\\\/2025\\\/12\\\/Logo-Nuevo-LOS-POLITICOS-1.jpg\",\"width\":260,\"height\":70,\"caption\":\"Los pol\u00edticos Veracruz\"},\"image\":{\"@id\":\"https:\\\/\\\/lospoliticosveracruz.com\\\/#\\\/schema\\\/logo\\\/image\\\/\"},\"sameAs\":[\"https:\\\/\\\/www.facebook.com\\\/people\\\/Notimemes-de-los-Polticos\\\/61565672886568\\\/\",\"https:\\\/\\\/x.com\\\/LosPoliticosVer\"]},{\"@type\":\"Person\",\"@id\":\"https:\\\/\\\/lospoliticosveracruz.com\\\/#\\\/schema\\\/person\\\/b8702bb0e538456e6efd07080bf2a4a2\",\"name\":\"Lo viste en Los Pol\u00edticos\",\"image\":{\"@type\":\"ImageObject\",\"inLanguage\":\"es\",\"@id\":\"https:\\\/\\\/secure.gravatar.com\\\/avatar\\\/3a8de04a2656d44082be478bd6c086daa447c4651605818287b9532d3d0bd435?s=96&d=mm&r=g\",\"url\":\"https:\\\/\\\/secure.gravatar.com\\\/avatar\\\/3a8de04a2656d44082be478bd6c086daa447c4651605818287b9532d3d0bd435?s=96&d=mm&r=g\",\"contentUrl\":\"https:\\\/\\\/secure.gravatar.com\\\/avatar\\\/3a8de04a2656d44082be478bd6c086daa447c4651605818287b9532d3d0bd435?s=96&d=mm&r=g\",\"caption\":\"Lo viste en Los Pol\u00edticos\"},\"url\":\"https:\\\/\\\/lospoliticosveracruz.com\\\/?author=2\"}]}<\/script>\n<!-- \/ Yoast SEO plugin. -->","yoast_head_json":{"title":"JUSTICIA CON PRESUPUESTO - Los pol\u00edticos Veracruz","robots":{"index":"index","follow":"follow","max-snippet":"max-snippet:-1","max-image-preview":"max-image-preview:large","max-video-preview":"max-video-preview:-1"},"canonical":"https:\/\/lospoliticosveracruz.com\/?p=110283","og_locale":"es_ES","og_type":"article","og_title":"JUSTICIA CON PRESUPUESTO - Los pol\u00edticos Veracruz","og_description":"XalapaSe debe fortalecer con presupuestos el sistema de justicia en Veracruz, abarcar al Poder Judicial, a las fiscal\u00edas y a las polic\u00edas, y dotarles adem\u00e1s de buenos salarios, de capacitaci\u00f3n, modernizaci\u00f3n y equipamiento, para as\u00ed poder avanzar en el mejoramiento de la seguridad, se\u00f1al\u00f3 Marlon Ram\u00edrez Mar\u00edn, dirigente estatal del PRI en Veracruz. Durante su [&hellip;]","og_url":"https:\/\/lospoliticosveracruz.com\/?p=110283","og_site_name":"Los pol\u00edticos Veracruz","article_publisher":"https:\/\/www.facebook.com\/people\/Notimemes-de-los-Polticos\/61565672886568\/","article_published_time":"2023-08-19T02:43:25+00:00","article_modified_time":"2023-08-19T02:43:30+00:00","og_image":[{"url":"https:\/\/lospoliticosveracruz.com.mx\/wp-content\/uploads\/2023\/04\/Alex-Dore-Pole-Dance.jpg","type":"","width":"","height":""}],"author":"Lo viste en Los Pol\u00edticos","twitter_card":"summary_large_image","twitter_creator":"@LosPoliticosVer","twitter_site":"@LosPoliticosVer","twitter_misc":{"Escrito por":"Lo viste en Los Pol\u00edticos","Tiempo de lectura":"3 minutos"},"schema":{"@context":"https:\/\/schema.org","@graph":[{"@type":"Article","@id":"https:\/\/lospoliticosveracruz.com\/?p=110283#article","isPartOf":{"@id":"https:\/\/lospoliticosveracruz.com\/?p=110283"},"author":{"name":"Lo viste en Los Pol\u00edticos","@id":"https:\/\/lospoliticosveracruz.com\/#\/schema\/person\/b8702bb0e538456e6efd07080bf2a4a2"},"headline":"JUSTICIA CON PRESUPUESTO","datePublished":"2023-08-19T02:43:25+00:00","dateModified":"2023-08-19T02:43:30+00:00","mainEntityOfPage":{"@id":"https:\/\/lospoliticosveracruz.com\/?p=110283"},"wordCount":558,"publisher":{"@id":"https:\/\/lospoliticosveracruz.com\/#organization"},"image":{"@id":"https:\/\/lospoliticosveracruz.com\/?p=110283#primaryimage"},"thumbnailUrl":"https:\/\/lospoliticosveracruz.com.mx\/wp-content\/uploads\/2023\/04\/Alex-Dore-Pole-Dance.jpg","keywords":["Canacintra","Marlon Ram\u00edrez Mar\u00edn","Miguel Hern\u00e1ndez D\u00edaz","PRI en Veracruz","Veracruz"],"articleSection":["De Boleto"],"inLanguage":"es"},{"@type":"WebPage","@id":"https:\/\/lospoliticosveracruz.com\/?p=110283","url":"https:\/\/lospoliticosveracruz.com\/?p=110283","name":"JUSTICIA CON PRESUPUESTO - Los pol\u00edticos Veracruz","isPartOf":{"@id":"https:\/\/lospoliticosveracruz.com\/#website"},"primaryImageOfPage":{"@id":"https:\/\/lospoliticosveracruz.com\/?p=110283#primaryimage"},"image":{"@id":"https:\/\/lospoliticosveracruz.com\/?p=110283#primaryimage"},"thumbnailUrl":"https:\/\/lospoliticosveracruz.com.mx\/wp-content\/uploads\/2023\/04\/Alex-Dore-Pole-Dance.jpg","datePublished":"2023-08-19T02:43:25+00:00","dateModified":"2023-08-19T02:43:30+00:00","breadcrumb":{"@id":"https:\/\/lospoliticosveracruz.com\/?p=110283#breadcrumb"},"inLanguage":"es","potentialAction":[{"@type":"ReadAction","target":["https:\/\/lospoliticosveracruz.com\/?p=110283"]}]},{"@type":"ImageObject","inLanguage":"es","@id":"https:\/\/lospoliticosveracruz.com\/?p=110283#primaryimage","url":"https:\/\/lospoliticosveracruz.com.mx\/wp-content\/uploads\/2023\/04\/Alex-Dore-Pole-Dance.jpg","contentUrl":"https:\/\/lospoliticosveracruz.com.mx\/wp-content\/uploads\/2023\/04\/Alex-Dore-Pole-Dance.jpg"},{"@type":"BreadcrumbList","@id":"https:\/\/lospoliticosveracruz.com\/?p=110283#breadcrumb","itemListElement":[{"@type":"ListItem","position":1,"name":"Portada","item":"https:\/\/lospoliticosveracruz.com\/"},{"@type":"ListItem","position":2,"name":"JUSTICIA CON PRESUPUESTO"}]},{"@type":"WebSite","@id":"https:\/\/lospoliticosveracruz.com\/#website","url":"https:\/\/lospoliticosveracruz.com\/","name":"Los pol\u00edticos Veracruz","description":"","publisher":{"@id":"https:\/\/lospoliticosveracruz.com\/#organization"},"potentialAction":[{"@type":"SearchAction","target":{"@type":"EntryPoint","urlTemplate":"https:\/\/lospoliticosveracruz.com\/?s={search_term_string}"},"query-input":{"@type":"PropertyValueSpecification","valueRequired":true,"valueName":"search_term_string"}}],"inLanguage":"es"},{"@type":"Organization","@id":"https:\/\/lospoliticosveracruz.com\/#organization","name":"Los pol\u00edticos Veracruz","url":"https:\/\/lospoliticosveracruz.com\/","logo":{"@type":"ImageObject","inLanguage":"es","@id":"https:\/\/lospoliticosveracruz.com\/#\/schema\/logo\/image\/","url":"https:\/\/lospoliticosveracruz.com\/wp-content\/uploads\/2025\/12\/Logo-Nuevo-LOS-POLITICOS-1.jpg","contentUrl":"https:\/\/lospoliticosveracruz.com\/wp-content\/uploads\/2025\/12\/Logo-Nuevo-LOS-POLITICOS-1.jpg","width":260,"height":70,"caption":"Los pol\u00edticos Veracruz"},"image":{"@id":"https:\/\/lospoliticosveracruz.com\/#\/schema\/logo\/image\/"},"sameAs":["https:\/\/www.facebook.com\/people\/Notimemes-de-los-Polticos\/61565672886568\/","https:\/\/x.com\/LosPoliticosVer"]},{"@type":"Person","@id":"https:\/\/lospoliticosveracruz.com\/#\/schema\/person\/b8702bb0e538456e6efd07080bf2a4a2","name":"Lo viste en Los Pol\u00edticos","image":{"@type":"ImageObject","inLanguage":"es","@id":"https:\/\/secure.gravatar.com\/avatar\/3a8de04a2656d44082be478bd6c086daa447c4651605818287b9532d3d0bd435?s=96&d=mm&r=g","url":"https:\/\/secure.gravatar.com\/avatar\/3a8de04a2656d44082be478bd6c086daa447c4651605818287b9532d3d0bd435?s=96&d=mm&r=g","contentUrl":"https:\/\/secure.gravatar.com\/avatar\/3a8de04a2656d44082be478bd6c086daa447c4651605818287b9532d3d0bd435?s=96&d=mm&r=g","caption":"Lo viste en Los Pol\u00edticos"},"url":"https:\/\/lospoliticosveracruz.com\/?author=2"}]}},"_links":{"self":[{"href":"https:\/\/lospoliticosveracruz.com\/index.php?rest_route=\/wp\/v2\/posts\/110283","targetHints":{"allow":["GET"]}}],"collection":[{"href":"https:\/\/lospoliticosveracruz.com\/index.php?rest_route=\/wp\/v2\/posts"}],"about":[{"href":"https:\/\/lospoliticosveracruz.com\/index.php?rest_route=\/wp\/v2\/types\/post"}],"author":[{"embeddable":true,"href":"https:\/\/lospoliticosveracruz.com\/index.php?rest_route=\/wp\/v2\/users\/2"}],"replies":[{"embeddable":true,"href":"https:\/\/lospoliticosveracruz.com\/index.php?rest_route=%2Fwp%2Fv2%2Fcomments&post=110283"}],"version-history":[{"count":1,"href":"https:\/\/lospoliticosveracruz.com\/index.php?rest_route=\/wp\/v2\/posts\/110283\/revisions"}],"predecessor-version":[{"id":110285,"href":"https:\/\/lospoliticosveracruz.com\/index.php?rest_route=\/wp\/v2\/posts\/110283\/revisions\/110285"}],"wp:attachment":[{"href":"https:\/\/lospoliticosveracruz.com\/index.php?rest_route=%2Fwp%2Fv2%2Fmedia&parent=110283"}],"wp:term":[{"taxonomy":"category","embeddable":true,"href":"https:\/\/lospoliticosveracruz.com\/index.php?rest_route=%2Fwp%2Fv2%2Fcategories&post=110283"},{"taxonomy":"post_tag","embeddable":true,"href":"https:\/\/lospoliticosveracruz.com\/index.php?rest_route=%2Fwp%2Fv2%2Ftags&post=110283"}],"curies":[{"name":"wp","href":"https:\/\/api.w.org\/{rel}","templated":true}]}}