{"id":110291,"date":"2023-08-19T09:29:55","date_gmt":"2023-08-19T14:29:55","guid":{"rendered":"https:\/\/lospoliticosveracruz.com.mx\/?p=110291"},"modified":"2023-08-19T09:30:03","modified_gmt":"2023-08-19T14:30:03","slug":"javier-por-el-senado","status":"publish","type":"post","link":"https:\/\/lospoliticosveracruz.com\/?p=110291","title":{"rendered":"JAVIER, POR EL SENADO"},"content":{"rendered":"\n<p><\/p>\n\n\n\n<p><strong>Ricardo Chua<br><\/strong><em>Sale y Vale<br><\/em><strong>EXCLUSIVA Y CONFIRMADA\u2026<\/strong> Javier Herrera Borunda ser\u00e1 el candidato al Senado por Veracruz por el PVEM.. NO HAY DE OTRA para la alianza con MORENA-Verde-PT.. Los \u00abTucanes\u00bb pidieron esta posici\u00f3n como primera f\u00f3rmula al Senado en 2024.. La misma fue aceptada y \u00abamarrada\u00bb en Palacio Nacional.. No tienen de otra \u00absopa\u00bb.. As\u00ed que la postulaci\u00f3n de la segunda f\u00f3rmula por esa coalici\u00f3n es para MORENA.. La candidata ser\u00e1 mujer por raz\u00f3n de g\u00e9nero.. TAMPOCO HAY DE OTRA.. BYE Patrocinio\u2026 BYE Manuel Huerta.. Sergio va \u00abpluri\u00bb..<\/p>\n\n\n<div class=\"wp-block-image\">\n<figure class=\"alignleft size-full is-resized\"><a href=\"https:\/\/lospoliticosveracruz.com.mx\/wp-content\/uploads\/2023\/02\/Vinissimo.jpg\"><img loading=\"lazy\" decoding=\"async\" src=\"https:\/\/lospoliticosveracruz.com.mx\/wp-content\/uploads\/2023\/02\/Vinissimo.jpg\" alt=\"\" class=\"wp-image-102752\" width=\"175\" height=\"178\"\/><\/a><\/figure>\n<\/div>\n\n\n<p>De esa manera, se acaban las especulaciones sobre esa posici\u00f3n en la elecci\u00f3n federal en Veracruz.. El hijo del ex gobernador, Fidel Herrera Beltr\u00e1n, ser\u00e1 el aspirante oficial por esa alianza.. Donde se\u00f1alan que Roc\u00edo Nahle dio su aprobaci\u00f3n sin chistar\u2026 Ella quiere que Javier Herrera camine a su lado como candidato al Senado, si es que ella resulta ser la candidata a gobernador.. Se dice que hab\u00eda presiones de Cuitl\u00e1huac Garc\u00eda para que esto cambiar\u00e1.. Pero no.. Palacio Nacional ya lo decidi\u00f3.. Va Javier y una mujer.. Pero a\u00fan no saben qui\u00e9n..<\/p>\n\n\n\n<p>\u00abGarganta Profunda\u00bb revel\u00f3 ayer en el caf\u00e9 del Primo To\u00f1o Toca.. Que MORENA ten\u00eda 15 aspirantes al Senado por Veracruz.. De los cuales 9 eran hombres y 6 eran mujeres.. Hab\u00eda funcionarios estatales y diputados.. Pero con esa decisi\u00f3n de que vaya Javier Herrera al Senado.. S\u00f3lo deja la posibilidad que sea una mujer la aspirante oficial por tema de equidad y g\u00e9nero.. El nombre lo decidir\u00e1n tambi\u00e9n en Palacio Nacional y lo tendr\u00e1 que \u00abplanchar\u00bb Mario Delgado.. \u00bfDejar\u00e1n fuera de la \u00abjugada\u00bb a Dorheny?.. Sin ella, todo apunta a Boca del R\u00edo..<\/p>\n\n\n\n<p><strong>VERACRUZ, DE NUEVO VERACRUZ..<\/strong> Vaya viernes para Cuitl\u00e1huac Garc\u00eda y su gobierno en Veracruz.. A Manuel Velasco lo enca\u00f1onan la polic\u00eda de seguridad p\u00fablica en Coatzacoalcos.. La libra porque le hablaron a Rosa Icela Rodr\u00edguez.. Despu\u00e9s de una llamada de Palacio Nacional a Palacio de Gobierno en Xalapa.. Dejaron a la \u00abcorcholata\u00bb del PVEM seguir su camino.. Algunos \u00abmal pensados\u00bb dicen que era para \u00abamedrentar\u00bb a Javier Herrera y que se le quiten sus ansias de ir al Senado..<\/p>\n\n\n\n<p>Luego viene el tema de la liberaci\u00f3n de Rogelio Franco Cast\u00e1n, el exsecretario de Gobierno de Miguel Yunes, lo dejan en prisi\u00f3n domiciliaria para seguir su proceso penal en casa.. Y se le estaban acabando las \u00abcortinas de humo\u00bb al gobierno estatal por el caso de la masacre sangrienta en Poza Rica.. Y que por ello, dicen, los que saben de perversidades pol\u00edticas, decidieron ir por otro perredista: Arturo Herviz Reyes, personas de 70 a\u00f1os, diab\u00e9tico, hipertenso, con problemas cardiacos.. Le mandaron a detener con varias patrullas.. \u00bfY Poza Rica?..<\/p>\n\n\n\n<p>Del tema Rogelio Franco muchas \u00ablecturas\u00bb se pueden desprender de su liberaci\u00f3n de la c\u00e1rcel a prisi\u00f3n domiciliaria.. Y la m\u00e1s fuerte de estas.. Es que del \u00abEstado de Terror\u00bb, que vive Veracruz en cuanto a la persecuci\u00f3n pol\u00edtica y de los famosos presos pol\u00edticos que tanto critic\u00f3 Ricardo Monreal a Cuitl\u00e1huac Garc\u00eda.. Es que en la Fiscal\u00eda del Estado, ya no pudieron seguir sosteniendo argumentos jur\u00eddicos para tenerlo en la c\u00e1rcel, desde hace dos a\u00f1os, porque eran muy endebles..<\/p>\n\n\n\n<p>El segundo es que se dieron cuenta que al haber ocupado a los personajes, que presentaron denuncias para tener a Franco en la c\u00e1rcel.. Ya tampoco eran confiables y s\u00f3lo estaban metiendo en problemas a la Fiscal\u00eda y el Gobierno del Estado.. Por eso, lo dejaron salir de prisi\u00f3n a su casa.. Pero en esto, tambi\u00e9n hay quienes piensan que es muy probable, que todo esto haya sido una \u00abcatafixia\u00bb por Arturo Herviz.. Hay que recordar que Rogelio fue su hombre de confianza aunque despu\u00e9s lo traicion\u00f3..<\/p>\n\n\n\n<p>Ahora Rogelio Franco ver\u00e1 qui\u00e9n lo traicion\u00f3 y quienes son sus amigos.. Pero aunque el argumento m\u00e1s fuerte de su salida es que jur\u00eddicamente su caso para tenerlo en la c\u00e1rcel era muy d\u00e9bil.. Ya lo tuvieron que \u00absoltar\u00bb.. Ahora habr\u00e1 que ver si Franco hace un llamado a favor de Herviz.. Ya que Jazmin Copete era una de las perredistas que apoyaron su caso y pidieron su liberaci\u00f3n o ser\u00e1 capaz de dejar \u00abmorir\u00bb solo a Herviz.. Al final, ese grupo no tiene el control del PRD.. AMEN..<\/p>\n\n\n\n<p>PD.. Manuel Velasco no es una \u00abcascarita\u00bb f\u00e1cil.. Ma\u00f1ana sostendr\u00e1 reuni\u00f3n con Andr\u00e9s Manuel L\u00f3pez Obrador para afianzar el tema de Javier Herrera.. Si algo sabe el esposo de Anahi, es que hay dos personas en Veracruz, a las cuales, Cuitl\u00e1huac Garc\u00eda no las quiere ni ver en \u00abpintura\u00bb.. Uno es Sergio Guti\u00e9rrez Luna y el otro, Javier Herrera Borunda.. Por lo pronto, a uno de ellos lo ver\u00e1 de candidato por Veracruz haciendo campa\u00f1a por el Estado.. Y el otro sigue aspirando por su silla, si la Refiner\u00eda no est\u00e1 terminada.. EL QUE ENTENDI\u00d3, ENTENDI\u00d3..<\/p>\n","protected":false},"excerpt":{"rendered":"<p>Ricardo ChuaSale y ValeEXCLUSIVA Y CONFIRMADA\u2026 Javier Herrera Borunda ser\u00e1 el candidato al Senado por Veracruz por el PVEM.. NO HAY DE OTRA para la alianza con MORENA-Verde-PT.. Los \u00abTucanes\u00bb pidieron esta posici\u00f3n como primera f\u00f3rmula al Senado en 2024.. La misma fue aceptada y \u00abamarrada\u00bb en Palacio Nacional.. No tienen de otra \u00absopa\u00bb.. As\u00ed [&hellip;]<\/p>\n","protected":false},"author":2,"featured_media":0,"comment_status":"closed","ping_status":"closed","sticky":false,"template":"","format":"standard","meta":{"tdm_status":"","tdm_grid_status":"","footnotes":""},"categories":[70],"tags":[1563,13952,1124,10317,1889,12596,1026,28201,264,3578,808,19576,16147,195],"class_list":{"0":"post-110291","1":"post","2":"type-post","3":"status-publish","4":"format-standard","6":"category-de-opinion","7":"tag-cuitlahuac-garcia-jimenez","8":"tag-dorheny-garcia-cayetano","9":"tag-javier-herrera-borunda","10":"tag-manuel-huerta","11":"tag-manuel-velasco","12":"tag-mario-delgado","13":"tag-morena","14":"tag-morena-verde-pt","15":"tag-pvem","16":"tag-rocio-nahle","17":"tag-rogelio-franco-castan","18":"tag-rosa-icela-rodriguez","19":"tag-sergio-gutierrez-luna","20":"tag-veracruz"},"yoast_head":"<!-- This site is optimized with the Yoast SEO plugin v27.4 - https:\/\/yoast.com\/product\/yoast-seo-wordpress\/ -->\n<title>JAVIER, POR EL SENADO - Los pol\u00edticos Veracruz<\/title>\n<meta name=\"robots\" content=\"index, follow, max-snippet:-1, max-image-preview:large, max-video-preview:-1\" \/>\n<link rel=\"canonical\" href=\"https:\/\/lospoliticosveracruz.com\/?p=110291\" \/>\n<meta property=\"og:locale\" content=\"es_ES\" \/>\n<meta property=\"og:type\" content=\"article\" \/>\n<meta property=\"og:title\" content=\"JAVIER, POR EL SENADO - Los pol\u00edticos Veracruz\" \/>\n<meta property=\"og:description\" content=\"Ricardo ChuaSale y ValeEXCLUSIVA Y CONFIRMADA\u2026 Javier Herrera Borunda ser\u00e1 el candidato al Senado por Veracruz por el PVEM.. NO HAY DE OTRA para la alianza con MORENA-Verde-PT.. Los \u00abTucanes\u00bb pidieron esta posici\u00f3n como primera f\u00f3rmula al Senado en 2024.. La misma fue aceptada y \u00abamarrada\u00bb en Palacio Nacional.. No tienen de otra \u00absopa\u00bb.. As\u00ed [&hellip;]\" \/>\n<meta property=\"og:url\" content=\"https:\/\/lospoliticosveracruz.com\/?p=110291\" \/>\n<meta property=\"og:site_name\" content=\"Los pol\u00edticos Veracruz\" \/>\n<meta property=\"article:publisher\" content=\"https:\/\/www.facebook.com\/people\/Notimemes-de-los-Polticos\/61565672886568\/\" \/>\n<meta property=\"article:published_time\" content=\"2023-08-19T14:29:55+00:00\" \/>\n<meta property=\"article:modified_time\" content=\"2023-08-19T14:30:03+00:00\" \/>\n<meta property=\"og:image\" content=\"https:\/\/lospoliticosveracruz.com.mx\/wp-content\/uploads\/2023\/02\/Vinissimo.jpg\" \/>\n<meta name=\"author\" content=\"Lo viste en Los Pol\u00edticos\" \/>\n<meta name=\"twitter:card\" content=\"summary_large_image\" \/>\n<meta name=\"twitter:creator\" content=\"@LosPoliticosVer\" \/>\n<meta name=\"twitter:site\" content=\"@LosPoliticosVer\" \/>\n<meta name=\"twitter:label1\" content=\"Escrito por\" \/>\n\t<meta name=\"twitter:data1\" content=\"Lo viste en Los Pol\u00edticos\" \/>\n\t<meta name=\"twitter:label2\" content=\"Tiempo de lectura\" \/>\n\t<meta name=\"twitter:data2\" content=\"4 minutos\" \/>\n<script type=\"application\/ld+json\" class=\"yoast-schema-graph\">{\"@context\":\"https:\\\/\\\/schema.org\",\"@graph\":[{\"@type\":\"Article\",\"@id\":\"https:\\\/\\\/lospoliticosveracruz.com\\\/?p=110291#article\",\"isPartOf\":{\"@id\":\"https:\\\/\\\/lospoliticosveracruz.com\\\/?p=110291\"},\"author\":{\"name\":\"Lo viste en Los Pol\u00edticos\",\"@id\":\"https:\\\/\\\/lospoliticosveracruz.com\\\/#\\\/schema\\\/person\\\/b8702bb0e538456e6efd07080bf2a4a2\"},\"headline\":\"JAVIER, POR EL SENADO\",\"datePublished\":\"2023-08-19T14:29:55+00:00\",\"dateModified\":\"2023-08-19T14:30:03+00:00\",\"mainEntityOfPage\":{\"@id\":\"https:\\\/\\\/lospoliticosveracruz.com\\\/?p=110291\"},\"wordCount\":872,\"publisher\":{\"@id\":\"https:\\\/\\\/lospoliticosveracruz.com\\\/#organization\"},\"image\":{\"@id\":\"https:\\\/\\\/lospoliticosveracruz.com\\\/?p=110291#primaryimage\"},\"thumbnailUrl\":\"https:\\\/\\\/lospoliticosveracruz.com.mx\\\/wp-content\\\/uploads\\\/2023\\\/02\\\/Vinissimo.jpg\",\"keywords\":[\"Cuitl\u00e1huac Garc\u00eda Jim\u00e9nez\",\"Dorheny Garc\u00eda Cayetano\",\"Javier Herrera Borunda\",\"Manuel Huerta\",\"Manuel Velasco\",\"Mario Delgado\",\"Morena\",\"Morena-Verde-PT\",\"PVEM\",\"Roc\u00edo Nahle\",\"Rogelio Franco Cast\u00e1n\",\"Rosa Icela Rodr\u00edguez\",\"Sergio Guti\u00e9rrez Luna\",\"Veracruz\"],\"articleSection\":[\"De Opini\u00f3n\"],\"inLanguage\":\"es\"},{\"@type\":\"WebPage\",\"@id\":\"https:\\\/\\\/lospoliticosveracruz.com\\\/?p=110291\",\"url\":\"https:\\\/\\\/lospoliticosveracruz.com\\\/?p=110291\",\"name\":\"JAVIER, POR EL SENADO - Los pol\u00edticos Veracruz\",\"isPartOf\":{\"@id\":\"https:\\\/\\\/lospoliticosveracruz.com\\\/#website\"},\"primaryImageOfPage\":{\"@id\":\"https:\\\/\\\/lospoliticosveracruz.com\\\/?p=110291#primaryimage\"},\"image\":{\"@id\":\"https:\\\/\\\/lospoliticosveracruz.com\\\/?p=110291#primaryimage\"},\"thumbnailUrl\":\"https:\\\/\\\/lospoliticosveracruz.com.mx\\\/wp-content\\\/uploads\\\/2023\\\/02\\\/Vinissimo.jpg\",\"datePublished\":\"2023-08-19T14:29:55+00:00\",\"dateModified\":\"2023-08-19T14:30:03+00:00\",\"breadcrumb\":{\"@id\":\"https:\\\/\\\/lospoliticosveracruz.com\\\/?p=110291#breadcrumb\"},\"inLanguage\":\"es\",\"potentialAction\":[{\"@type\":\"ReadAction\",\"target\":[\"https:\\\/\\\/lospoliticosveracruz.com\\\/?p=110291\"]}]},{\"@type\":\"ImageObject\",\"inLanguage\":\"es\",\"@id\":\"https:\\\/\\\/lospoliticosveracruz.com\\\/?p=110291#primaryimage\",\"url\":\"https:\\\/\\\/lospoliticosveracruz.com.mx\\\/wp-content\\\/uploads\\\/2023\\\/02\\\/Vinissimo.jpg\",\"contentUrl\":\"https:\\\/\\\/lospoliticosveracruz.com.mx\\\/wp-content\\\/uploads\\\/2023\\\/02\\\/Vinissimo.jpg\"},{\"@type\":\"BreadcrumbList\",\"@id\":\"https:\\\/\\\/lospoliticosveracruz.com\\\/?p=110291#breadcrumb\",\"itemListElement\":[{\"@type\":\"ListItem\",\"position\":1,\"name\":\"Portada\",\"item\":\"https:\\\/\\\/lospoliticosveracruz.com\\\/\"},{\"@type\":\"ListItem\",\"position\":2,\"name\":\"JAVIER, POR EL SENADO\"}]},{\"@type\":\"WebSite\",\"@id\":\"https:\\\/\\\/lospoliticosveracruz.com\\\/#website\",\"url\":\"https:\\\/\\\/lospoliticosveracruz.com\\\/\",\"name\":\"Los pol\u00edticos Veracruz\",\"description\":\"\",\"publisher\":{\"@id\":\"https:\\\/\\\/lospoliticosveracruz.com\\\/#organization\"},\"potentialAction\":[{\"@type\":\"SearchAction\",\"target\":{\"@type\":\"EntryPoint\",\"urlTemplate\":\"https:\\\/\\\/lospoliticosveracruz.com\\\/?s={search_term_string}\"},\"query-input\":{\"@type\":\"PropertyValueSpecification\",\"valueRequired\":true,\"valueName\":\"search_term_string\"}}],\"inLanguage\":\"es\"},{\"@type\":\"Organization\",\"@id\":\"https:\\\/\\\/lospoliticosveracruz.com\\\/#organization\",\"name\":\"Los pol\u00edticos Veracruz\",\"url\":\"https:\\\/\\\/lospoliticosveracruz.com\\\/\",\"logo\":{\"@type\":\"ImageObject\",\"inLanguage\":\"es\",\"@id\":\"https:\\\/\\\/lospoliticosveracruz.com\\\/#\\\/schema\\\/logo\\\/image\\\/\",\"url\":\"https:\\\/\\\/lospoliticosveracruz.com\\\/wp-content\\\/uploads\\\/2025\\\/12\\\/Logo-Nuevo-LOS-POLITICOS-1.jpg\",\"contentUrl\":\"https:\\\/\\\/lospoliticosveracruz.com\\\/wp-content\\\/uploads\\\/2025\\\/12\\\/Logo-Nuevo-LOS-POLITICOS-1.jpg\",\"width\":260,\"height\":70,\"caption\":\"Los pol\u00edticos Veracruz\"},\"image\":{\"@id\":\"https:\\\/\\\/lospoliticosveracruz.com\\\/#\\\/schema\\\/logo\\\/image\\\/\"},\"sameAs\":[\"https:\\\/\\\/www.facebook.com\\\/people\\\/Notimemes-de-los-Polticos\\\/61565672886568\\\/\",\"https:\\\/\\\/x.com\\\/LosPoliticosVer\"]},{\"@type\":\"Person\",\"@id\":\"https:\\\/\\\/lospoliticosveracruz.com\\\/#\\\/schema\\\/person\\\/b8702bb0e538456e6efd07080bf2a4a2\",\"name\":\"Lo viste en Los Pol\u00edticos\",\"image\":{\"@type\":\"ImageObject\",\"inLanguage\":\"es\",\"@id\":\"https:\\\/\\\/secure.gravatar.com\\\/avatar\\\/3a8de04a2656d44082be478bd6c086daa447c4651605818287b9532d3d0bd435?s=96&d=mm&r=g\",\"url\":\"https:\\\/\\\/secure.gravatar.com\\\/avatar\\\/3a8de04a2656d44082be478bd6c086daa447c4651605818287b9532d3d0bd435?s=96&d=mm&r=g\",\"contentUrl\":\"https:\\\/\\\/secure.gravatar.com\\\/avatar\\\/3a8de04a2656d44082be478bd6c086daa447c4651605818287b9532d3d0bd435?s=96&d=mm&r=g\",\"caption\":\"Lo viste en Los Pol\u00edticos\"},\"url\":\"https:\\\/\\\/lospoliticosveracruz.com\\\/?author=2\"}]}<\/script>\n<!-- \/ Yoast SEO plugin. -->","yoast_head_json":{"title":"JAVIER, POR EL SENADO - Los pol\u00edticos Veracruz","robots":{"index":"index","follow":"follow","max-snippet":"max-snippet:-1","max-image-preview":"max-image-preview:large","max-video-preview":"max-video-preview:-1"},"canonical":"https:\/\/lospoliticosveracruz.com\/?p=110291","og_locale":"es_ES","og_type":"article","og_title":"JAVIER, POR EL SENADO - Los pol\u00edticos Veracruz","og_description":"Ricardo ChuaSale y ValeEXCLUSIVA Y CONFIRMADA\u2026 Javier Herrera Borunda ser\u00e1 el candidato al Senado por Veracruz por el PVEM.. NO HAY DE OTRA para la alianza con MORENA-Verde-PT.. Los \u00abTucanes\u00bb pidieron esta posici\u00f3n como primera f\u00f3rmula al Senado en 2024.. La misma fue aceptada y \u00abamarrada\u00bb en Palacio Nacional.. No tienen de otra \u00absopa\u00bb.. As\u00ed [&hellip;]","og_url":"https:\/\/lospoliticosveracruz.com\/?p=110291","og_site_name":"Los pol\u00edticos Veracruz","article_publisher":"https:\/\/www.facebook.com\/people\/Notimemes-de-los-Polticos\/61565672886568\/","article_published_time":"2023-08-19T14:29:55+00:00","article_modified_time":"2023-08-19T14:30:03+00:00","og_image":[{"url":"https:\/\/lospoliticosveracruz.com.mx\/wp-content\/uploads\/2023\/02\/Vinissimo.jpg","type":"","width":"","height":""}],"author":"Lo viste en Los Pol\u00edticos","twitter_card":"summary_large_image","twitter_creator":"@LosPoliticosVer","twitter_site":"@LosPoliticosVer","twitter_misc":{"Escrito por":"Lo viste en Los Pol\u00edticos","Tiempo de lectura":"4 minutos"},"schema":{"@context":"https:\/\/schema.org","@graph":[{"@type":"Article","@id":"https:\/\/lospoliticosveracruz.com\/?p=110291#article","isPartOf":{"@id":"https:\/\/lospoliticosveracruz.com\/?p=110291"},"author":{"name":"Lo viste en Los Pol\u00edticos","@id":"https:\/\/lospoliticosveracruz.com\/#\/schema\/person\/b8702bb0e538456e6efd07080bf2a4a2"},"headline":"JAVIER, POR EL SENADO","datePublished":"2023-08-19T14:29:55+00:00","dateModified":"2023-08-19T14:30:03+00:00","mainEntityOfPage":{"@id":"https:\/\/lospoliticosveracruz.com\/?p=110291"},"wordCount":872,"publisher":{"@id":"https:\/\/lospoliticosveracruz.com\/#organization"},"image":{"@id":"https:\/\/lospoliticosveracruz.com\/?p=110291#primaryimage"},"thumbnailUrl":"https:\/\/lospoliticosveracruz.com.mx\/wp-content\/uploads\/2023\/02\/Vinissimo.jpg","keywords":["Cuitl\u00e1huac Garc\u00eda Jim\u00e9nez","Dorheny Garc\u00eda Cayetano","Javier Herrera Borunda","Manuel Huerta","Manuel Velasco","Mario Delgado","Morena","Morena-Verde-PT","PVEM","Roc\u00edo Nahle","Rogelio Franco Cast\u00e1n","Rosa Icela Rodr\u00edguez","Sergio Guti\u00e9rrez Luna","Veracruz"],"articleSection":["De Opini\u00f3n"],"inLanguage":"es"},{"@type":"WebPage","@id":"https:\/\/lospoliticosveracruz.com\/?p=110291","url":"https:\/\/lospoliticosveracruz.com\/?p=110291","name":"JAVIER, POR EL SENADO - Los pol\u00edticos Veracruz","isPartOf":{"@id":"https:\/\/lospoliticosveracruz.com\/#website"},"primaryImageOfPage":{"@id":"https:\/\/lospoliticosveracruz.com\/?p=110291#primaryimage"},"image":{"@id":"https:\/\/lospoliticosveracruz.com\/?p=110291#primaryimage"},"thumbnailUrl":"https:\/\/lospoliticosveracruz.com.mx\/wp-content\/uploads\/2023\/02\/Vinissimo.jpg","datePublished":"2023-08-19T14:29:55+00:00","dateModified":"2023-08-19T14:30:03+00:00","breadcrumb":{"@id":"https:\/\/lospoliticosveracruz.com\/?p=110291#breadcrumb"},"inLanguage":"es","potentialAction":[{"@type":"ReadAction","target":["https:\/\/lospoliticosveracruz.com\/?p=110291"]}]},{"@type":"ImageObject","inLanguage":"es","@id":"https:\/\/lospoliticosveracruz.com\/?p=110291#primaryimage","url":"https:\/\/lospoliticosveracruz.com.mx\/wp-content\/uploads\/2023\/02\/Vinissimo.jpg","contentUrl":"https:\/\/lospoliticosveracruz.com.mx\/wp-content\/uploads\/2023\/02\/Vinissimo.jpg"},{"@type":"BreadcrumbList","@id":"https:\/\/lospoliticosveracruz.com\/?p=110291#breadcrumb","itemListElement":[{"@type":"ListItem","position":1,"name":"Portada","item":"https:\/\/lospoliticosveracruz.com\/"},{"@type":"ListItem","position":2,"name":"JAVIER, POR EL SENADO"}]},{"@type":"WebSite","@id":"https:\/\/lospoliticosveracruz.com\/#website","url":"https:\/\/lospoliticosveracruz.com\/","name":"Los pol\u00edticos Veracruz","description":"","publisher":{"@id":"https:\/\/lospoliticosveracruz.com\/#organization"},"potentialAction":[{"@type":"SearchAction","target":{"@type":"EntryPoint","urlTemplate":"https:\/\/lospoliticosveracruz.com\/?s={search_term_string}"},"query-input":{"@type":"PropertyValueSpecification","valueRequired":true,"valueName":"search_term_string"}}],"inLanguage":"es"},{"@type":"Organization","@id":"https:\/\/lospoliticosveracruz.com\/#organization","name":"Los pol\u00edticos Veracruz","url":"https:\/\/lospoliticosveracruz.com\/","logo":{"@type":"ImageObject","inLanguage":"es","@id":"https:\/\/lospoliticosveracruz.com\/#\/schema\/logo\/image\/","url":"https:\/\/lospoliticosveracruz.com\/wp-content\/uploads\/2025\/12\/Logo-Nuevo-LOS-POLITICOS-1.jpg","contentUrl":"https:\/\/lospoliticosveracruz.com\/wp-content\/uploads\/2025\/12\/Logo-Nuevo-LOS-POLITICOS-1.jpg","width":260,"height":70,"caption":"Los pol\u00edticos Veracruz"},"image":{"@id":"https:\/\/lospoliticosveracruz.com\/#\/schema\/logo\/image\/"},"sameAs":["https:\/\/www.facebook.com\/people\/Notimemes-de-los-Polticos\/61565672886568\/","https:\/\/x.com\/LosPoliticosVer"]},{"@type":"Person","@id":"https:\/\/lospoliticosveracruz.com\/#\/schema\/person\/b8702bb0e538456e6efd07080bf2a4a2","name":"Lo viste en Los Pol\u00edticos","image":{"@type":"ImageObject","inLanguage":"es","@id":"https:\/\/secure.gravatar.com\/avatar\/3a8de04a2656d44082be478bd6c086daa447c4651605818287b9532d3d0bd435?s=96&d=mm&r=g","url":"https:\/\/secure.gravatar.com\/avatar\/3a8de04a2656d44082be478bd6c086daa447c4651605818287b9532d3d0bd435?s=96&d=mm&r=g","contentUrl":"https:\/\/secure.gravatar.com\/avatar\/3a8de04a2656d44082be478bd6c086daa447c4651605818287b9532d3d0bd435?s=96&d=mm&r=g","caption":"Lo viste en Los Pol\u00edticos"},"url":"https:\/\/lospoliticosveracruz.com\/?author=2"}]}},"_links":{"self":[{"href":"https:\/\/lospoliticosveracruz.com\/index.php?rest_route=\/wp\/v2\/posts\/110291","targetHints":{"allow":["GET"]}}],"collection":[{"href":"https:\/\/lospoliticosveracruz.com\/index.php?rest_route=\/wp\/v2\/posts"}],"about":[{"href":"https:\/\/lospoliticosveracruz.com\/index.php?rest_route=\/wp\/v2\/types\/post"}],"author":[{"embeddable":true,"href":"https:\/\/lospoliticosveracruz.com\/index.php?rest_route=\/wp\/v2\/users\/2"}],"replies":[{"embeddable":true,"href":"https:\/\/lospoliticosveracruz.com\/index.php?rest_route=%2Fwp%2Fv2%2Fcomments&post=110291"}],"version-history":[{"count":1,"href":"https:\/\/lospoliticosveracruz.com\/index.php?rest_route=\/wp\/v2\/posts\/110291\/revisions"}],"predecessor-version":[{"id":110293,"href":"https:\/\/lospoliticosveracruz.com\/index.php?rest_route=\/wp\/v2\/posts\/110291\/revisions\/110293"}],"wp:attachment":[{"href":"https:\/\/lospoliticosveracruz.com\/index.php?rest_route=%2Fwp%2Fv2%2Fmedia&parent=110291"}],"wp:term":[{"taxonomy":"category","embeddable":true,"href":"https:\/\/lospoliticosveracruz.com\/index.php?rest_route=%2Fwp%2Fv2%2Fcategories&post=110291"},{"taxonomy":"post_tag","embeddable":true,"href":"https:\/\/lospoliticosveracruz.com\/index.php?rest_route=%2Fwp%2Fv2%2Ftags&post=110291"}],"curies":[{"name":"wp","href":"https:\/\/api.w.org\/{rel}","templated":true}]}}