{"id":110350,"date":"2023-08-21T12:02:14","date_gmt":"2023-08-21T17:02:14","guid":{"rendered":"https:\/\/lospoliticosveracruz.com.mx\/?p=110350"},"modified":"2023-08-21T12:02:19","modified_gmt":"2023-08-21T17:02:19","slug":"piden-apoyo-a-anilu","status":"publish","type":"post","link":"https:\/\/lospoliticosveracruz.com\/?p=110350","title":{"rendered":"PIDEN APOYO A ANIL\u00da!"},"content":{"rendered":"\n<p><\/p>\n\n\n\n<p><strong>Xalapa<\/strong><br>En un esfuerzo continuo por mejorar la calidad de vida de los habitantes de las zonas rurales de Veracruz, la diputada local Anil\u00fa Ingram Vallines, recibi\u00f3 a un grupo representativo compuesto por agentes, subagentes y comisarios ejidales de San Andr\u00e9s Tuxtla, quienes, acompa\u00f1ados por el regidor Omar Mart\u00ednez Aranda, presentaron una solicitud para la construcci\u00f3n de 17 caminos rurales en la regi\u00f3n.<\/p>\n\n\n\n<p>El prop\u00f3sito de esta propuesta, explic\u00f3 la legisladora, es trascendental: la construcci\u00f3n de estos caminos rurales no solo acortar\u00eda dr\u00e1sticamente los tiempos de viaje necesarios para comercializar productos agr\u00edcolas, sino que tambi\u00e9n beneficiar\u00eda a los estudiantes que deben desplazarse a otras comunidades para continuar su educaci\u00f3n.<\/p>\n\n\n\n<p>En dicho encuentro, la coordinadora del Grupo Legislativo del PRI en el Congreso Local, reiter\u00f3 su compromiso de ser una representante cercana a la ciudadan\u00eda.<\/p>\n\n\n\n<p>\u00abMi oficina siempre ha sido un espacio abierto para recibir a quienes buscan soluciones a los problemas que afectan a la poblaci\u00f3n. Con escucha y acci\u00f3n hemos, afortunadamente, reflejado una serie de logros concretos a lo largo de los a\u00f1os en pro de la gente de Veracruz\u00bb, coment\u00f3.<\/p>\n\n\n\n<p>El grupo de ciudadanos de San Andres Tuxtla fue recibido por la diputada en el Congreso Local, para despu\u00e9s ser atendidos por personal de la Secretaria de Infraestructura y Obra P\u00fablica (SIOP), esto a gesti\u00f3n de la legisladora.<\/p>\n\n\n\n<p>Ah\u00ed el personal de la dependencia estatal se comprometi\u00f3 a visitar en pr\u00f3ximas semanas las comunidades que requieren la construcci\u00f3n de los caminos para analizar las condiciones y poder ver qu\u00e9 proyectos son viables.<\/p>\n\n\n\n<p>\u201cLos diputados debemos ser gestores sociales, por eso la gente nos eligi\u00f3, debemos de tocar puertas para que el beneficio llegue por igual a todos los rincones de Veracruz, es momento de que nuestros campesinos tengan las mejores condiciones para poder transportar sus productor y comercializarlos, es momento de que nuestros ni\u00f1os y j\u00f3venes tengan caminos seguros para poder ir a la escuela, es momento de un Veracruz justo y con igualdad de condiciones para todos\u201d, remat\u00f3 Ingram Vallines.<\/p>\n","protected":false},"excerpt":{"rendered":"<p>XalapaEn un esfuerzo continuo por mejorar la calidad de vida de los habitantes de las zonas rurales de Veracruz, la diputada local Anil\u00fa Ingram Vallines, recibi\u00f3 a un grupo representativo compuesto por agentes, subagentes y comisarios ejidales de San Andr\u00e9s Tuxtla, quienes, acompa\u00f1ados por el regidor Omar Mart\u00ednez Aranda, presentaron una solicitud para la construcci\u00f3n [&hellip;]<\/p>\n","protected":false},"author":2,"featured_media":0,"comment_status":"closed","ping_status":"closed","sticky":false,"template":"","format":"standard","meta":{"tdm_status":"","tdm_grid_status":"","footnotes":""},"categories":[73],"tags":[34136,251,122,342,195],"class_list":{"0":"post-110350","1":"post","2":"type-post","3":"status-publish","4":"format-standard","6":"category-de-boleto","7":"tag-caminos-rurales","8":"tag-pri","9":"tag-san-andres-tuxtla","10":"tag-siop","11":"tag-veracruz"},"yoast_head":"<!-- This site is optimized with the Yoast SEO plugin v27.4 - https:\/\/yoast.com\/product\/yoast-seo-wordpress\/ -->\n<title>PIDEN APOYO A ANIL\u00da! - Los pol\u00edticos Veracruz<\/title>\n<meta name=\"robots\" content=\"index, follow, max-snippet:-1, max-image-preview:large, max-video-preview:-1\" \/>\n<link rel=\"canonical\" href=\"https:\/\/lospoliticosveracruz.com\/?p=110350\" \/>\n<meta property=\"og:locale\" content=\"es_ES\" \/>\n<meta property=\"og:type\" content=\"article\" \/>\n<meta property=\"og:title\" content=\"PIDEN APOYO A ANIL\u00da! - Los pol\u00edticos Veracruz\" \/>\n<meta property=\"og:description\" content=\"XalapaEn un esfuerzo continuo por mejorar la calidad de vida de los habitantes de las zonas rurales de Veracruz, la diputada local Anil\u00fa Ingram Vallines, recibi\u00f3 a un grupo representativo compuesto por agentes, subagentes y comisarios ejidales de San Andr\u00e9s Tuxtla, quienes, acompa\u00f1ados por el regidor Omar Mart\u00ednez Aranda, presentaron una solicitud para la construcci\u00f3n [&hellip;]\" \/>\n<meta property=\"og:url\" content=\"https:\/\/lospoliticosveracruz.com\/?p=110350\" \/>\n<meta property=\"og:site_name\" content=\"Los pol\u00edticos Veracruz\" \/>\n<meta property=\"article:publisher\" content=\"https:\/\/www.facebook.com\/people\/Notimemes-de-los-Polticos\/61565672886568\/\" \/>\n<meta property=\"article:published_time\" content=\"2023-08-21T17:02:14+00:00\" \/>\n<meta property=\"article:modified_time\" content=\"2023-08-21T17:02:19+00:00\" \/>\n<meta property=\"og:image\" content=\"https:\/\/lospoliticosveracruz.com\/wp-content\/uploads\/2016\/07\/Logo-Dor.jpg\" \/>\n\t<meta property=\"og:image:width\" content=\"200\" \/>\n\t<meta property=\"og:image:height\" content=\"200\" \/>\n\t<meta property=\"og:image:type\" content=\"image\/jpeg\" \/>\n<meta name=\"author\" content=\"Lo viste en Los Pol\u00edticos\" \/>\n<meta name=\"twitter:card\" content=\"summary_large_image\" \/>\n<meta name=\"twitter:creator\" content=\"@LosPoliticosVer\" \/>\n<meta name=\"twitter:site\" content=\"@LosPoliticosVer\" \/>\n<meta name=\"twitter:label1\" content=\"Escrito por\" \/>\n\t<meta name=\"twitter:data1\" content=\"Lo viste en Los Pol\u00edticos\" \/>\n\t<meta name=\"twitter:label2\" content=\"Tiempo de lectura\" \/>\n\t<meta name=\"twitter:data2\" content=\"2 minutos\" \/>\n<script type=\"application\/ld+json\" class=\"yoast-schema-graph\">{\"@context\":\"https:\\\/\\\/schema.org\",\"@graph\":[{\"@type\":\"Article\",\"@id\":\"https:\\\/\\\/lospoliticosveracruz.com\\\/?p=110350#article\",\"isPartOf\":{\"@id\":\"https:\\\/\\\/lospoliticosveracruz.com\\\/?p=110350\"},\"author\":{\"name\":\"Lo viste en Los Pol\u00edticos\",\"@id\":\"https:\\\/\\\/lospoliticosveracruz.com\\\/#\\\/schema\\\/person\\\/b8702bb0e538456e6efd07080bf2a4a2\"},\"headline\":\"PIDEN APOYO A ANIL\u00da!\",\"datePublished\":\"2023-08-21T17:02:14+00:00\",\"dateModified\":\"2023-08-21T17:02:19+00:00\",\"mainEntityOfPage\":{\"@id\":\"https:\\\/\\\/lospoliticosveracruz.com\\\/?p=110350\"},\"wordCount\":360,\"publisher\":{\"@id\":\"https:\\\/\\\/lospoliticosveracruz.com\\\/#organization\"},\"keywords\":[\"caminos rurales\",\"PRI\",\"San Andr\u00e9s Tuxtla\",\"SIOP\",\"Veracruz\"],\"articleSection\":[\"De Boleto\"],\"inLanguage\":\"es\"},{\"@type\":\"WebPage\",\"@id\":\"https:\\\/\\\/lospoliticosveracruz.com\\\/?p=110350\",\"url\":\"https:\\\/\\\/lospoliticosveracruz.com\\\/?p=110350\",\"name\":\"PIDEN APOYO A ANIL\u00da! - Los pol\u00edticos Veracruz\",\"isPartOf\":{\"@id\":\"https:\\\/\\\/lospoliticosveracruz.com\\\/#website\"},\"datePublished\":\"2023-08-21T17:02:14+00:00\",\"dateModified\":\"2023-08-21T17:02:19+00:00\",\"breadcrumb\":{\"@id\":\"https:\\\/\\\/lospoliticosveracruz.com\\\/?p=110350#breadcrumb\"},\"inLanguage\":\"es\",\"potentialAction\":[{\"@type\":\"ReadAction\",\"target\":[\"https:\\\/\\\/lospoliticosveracruz.com\\\/?p=110350\"]}]},{\"@type\":\"BreadcrumbList\",\"@id\":\"https:\\\/\\\/lospoliticosveracruz.com\\\/?p=110350#breadcrumb\",\"itemListElement\":[{\"@type\":\"ListItem\",\"position\":1,\"name\":\"Portada\",\"item\":\"https:\\\/\\\/lospoliticosveracruz.com\\\/\"},{\"@type\":\"ListItem\",\"position\":2,\"name\":\"PIDEN APOYO A ANIL\u00da!\"}]},{\"@type\":\"WebSite\",\"@id\":\"https:\\\/\\\/lospoliticosveracruz.com\\\/#website\",\"url\":\"https:\\\/\\\/lospoliticosveracruz.com\\\/\",\"name\":\"Los pol\u00edticos Veracruz\",\"description\":\"\",\"publisher\":{\"@id\":\"https:\\\/\\\/lospoliticosveracruz.com\\\/#organization\"},\"potentialAction\":[{\"@type\":\"SearchAction\",\"target\":{\"@type\":\"EntryPoint\",\"urlTemplate\":\"https:\\\/\\\/lospoliticosveracruz.com\\\/?s={search_term_string}\"},\"query-input\":{\"@type\":\"PropertyValueSpecification\",\"valueRequired\":true,\"valueName\":\"search_term_string\"}}],\"inLanguage\":\"es\"},{\"@type\":\"Organization\",\"@id\":\"https:\\\/\\\/lospoliticosveracruz.com\\\/#organization\",\"name\":\"Los pol\u00edticos Veracruz\",\"url\":\"https:\\\/\\\/lospoliticosveracruz.com\\\/\",\"logo\":{\"@type\":\"ImageObject\",\"inLanguage\":\"es\",\"@id\":\"https:\\\/\\\/lospoliticosveracruz.com\\\/#\\\/schema\\\/logo\\\/image\\\/\",\"url\":\"https:\\\/\\\/lospoliticosveracruz.com\\\/wp-content\\\/uploads\\\/2025\\\/12\\\/Logo-Nuevo-LOS-POLITICOS-1.jpg\",\"contentUrl\":\"https:\\\/\\\/lospoliticosveracruz.com\\\/wp-content\\\/uploads\\\/2025\\\/12\\\/Logo-Nuevo-LOS-POLITICOS-1.jpg\",\"width\":260,\"height\":70,\"caption\":\"Los pol\u00edticos Veracruz\"},\"image\":{\"@id\":\"https:\\\/\\\/lospoliticosveracruz.com\\\/#\\\/schema\\\/logo\\\/image\\\/\"},\"sameAs\":[\"https:\\\/\\\/www.facebook.com\\\/people\\\/Notimemes-de-los-Polticos\\\/61565672886568\\\/\",\"https:\\\/\\\/x.com\\\/LosPoliticosVer\"]},{\"@type\":\"Person\",\"@id\":\"https:\\\/\\\/lospoliticosveracruz.com\\\/#\\\/schema\\\/person\\\/b8702bb0e538456e6efd07080bf2a4a2\",\"name\":\"Lo viste en Los Pol\u00edticos\",\"image\":{\"@type\":\"ImageObject\",\"inLanguage\":\"es\",\"@id\":\"https:\\\/\\\/secure.gravatar.com\\\/avatar\\\/3a8de04a2656d44082be478bd6c086daa447c4651605818287b9532d3d0bd435?s=96&d=mm&r=g\",\"url\":\"https:\\\/\\\/secure.gravatar.com\\\/avatar\\\/3a8de04a2656d44082be478bd6c086daa447c4651605818287b9532d3d0bd435?s=96&d=mm&r=g\",\"contentUrl\":\"https:\\\/\\\/secure.gravatar.com\\\/avatar\\\/3a8de04a2656d44082be478bd6c086daa447c4651605818287b9532d3d0bd435?s=96&d=mm&r=g\",\"caption\":\"Lo viste en Los Pol\u00edticos\"},\"url\":\"https:\\\/\\\/lospoliticosveracruz.com\\\/?author=2\"}]}<\/script>\n<!-- \/ Yoast SEO plugin. -->","yoast_head_json":{"title":"PIDEN APOYO A ANIL\u00da! - Los pol\u00edticos Veracruz","robots":{"index":"index","follow":"follow","max-snippet":"max-snippet:-1","max-image-preview":"max-image-preview:large","max-video-preview":"max-video-preview:-1"},"canonical":"https:\/\/lospoliticosveracruz.com\/?p=110350","og_locale":"es_ES","og_type":"article","og_title":"PIDEN APOYO A ANIL\u00da! - Los pol\u00edticos Veracruz","og_description":"XalapaEn un esfuerzo continuo por mejorar la calidad de vida de los habitantes de las zonas rurales de Veracruz, la diputada local Anil\u00fa Ingram Vallines, recibi\u00f3 a un grupo representativo compuesto por agentes, subagentes y comisarios ejidales de San Andr\u00e9s Tuxtla, quienes, acompa\u00f1ados por el regidor Omar Mart\u00ednez Aranda, presentaron una solicitud para la construcci\u00f3n [&hellip;]","og_url":"https:\/\/lospoliticosveracruz.com\/?p=110350","og_site_name":"Los pol\u00edticos Veracruz","article_publisher":"https:\/\/www.facebook.com\/people\/Notimemes-de-los-Polticos\/61565672886568\/","article_published_time":"2023-08-21T17:02:14+00:00","article_modified_time":"2023-08-21T17:02:19+00:00","og_image":[{"width":200,"height":200,"url":"https:\/\/lospoliticosveracruz.com\/wp-content\/uploads\/2016\/07\/Logo-Dor.jpg","type":"image\/jpeg"}],"author":"Lo viste en Los Pol\u00edticos","twitter_card":"summary_large_image","twitter_creator":"@LosPoliticosVer","twitter_site":"@LosPoliticosVer","twitter_misc":{"Escrito por":"Lo viste en Los Pol\u00edticos","Tiempo de lectura":"2 minutos"},"schema":{"@context":"https:\/\/schema.org","@graph":[{"@type":"Article","@id":"https:\/\/lospoliticosveracruz.com\/?p=110350#article","isPartOf":{"@id":"https:\/\/lospoliticosveracruz.com\/?p=110350"},"author":{"name":"Lo viste en Los Pol\u00edticos","@id":"https:\/\/lospoliticosveracruz.com\/#\/schema\/person\/b8702bb0e538456e6efd07080bf2a4a2"},"headline":"PIDEN APOYO A ANIL\u00da!","datePublished":"2023-08-21T17:02:14+00:00","dateModified":"2023-08-21T17:02:19+00:00","mainEntityOfPage":{"@id":"https:\/\/lospoliticosveracruz.com\/?p=110350"},"wordCount":360,"publisher":{"@id":"https:\/\/lospoliticosveracruz.com\/#organization"},"keywords":["caminos rurales","PRI","San Andr\u00e9s Tuxtla","SIOP","Veracruz"],"articleSection":["De Boleto"],"inLanguage":"es"},{"@type":"WebPage","@id":"https:\/\/lospoliticosveracruz.com\/?p=110350","url":"https:\/\/lospoliticosveracruz.com\/?p=110350","name":"PIDEN APOYO A ANIL\u00da! - Los pol\u00edticos Veracruz","isPartOf":{"@id":"https:\/\/lospoliticosveracruz.com\/#website"},"datePublished":"2023-08-21T17:02:14+00:00","dateModified":"2023-08-21T17:02:19+00:00","breadcrumb":{"@id":"https:\/\/lospoliticosveracruz.com\/?p=110350#breadcrumb"},"inLanguage":"es","potentialAction":[{"@type":"ReadAction","target":["https:\/\/lospoliticosveracruz.com\/?p=110350"]}]},{"@type":"BreadcrumbList","@id":"https:\/\/lospoliticosveracruz.com\/?p=110350#breadcrumb","itemListElement":[{"@type":"ListItem","position":1,"name":"Portada","item":"https:\/\/lospoliticosveracruz.com\/"},{"@type":"ListItem","position":2,"name":"PIDEN APOYO A ANIL\u00da!"}]},{"@type":"WebSite","@id":"https:\/\/lospoliticosveracruz.com\/#website","url":"https:\/\/lospoliticosveracruz.com\/","name":"Los pol\u00edticos Veracruz","description":"","publisher":{"@id":"https:\/\/lospoliticosveracruz.com\/#organization"},"potentialAction":[{"@type":"SearchAction","target":{"@type":"EntryPoint","urlTemplate":"https:\/\/lospoliticosveracruz.com\/?s={search_term_string}"},"query-input":{"@type":"PropertyValueSpecification","valueRequired":true,"valueName":"search_term_string"}}],"inLanguage":"es"},{"@type":"Organization","@id":"https:\/\/lospoliticosveracruz.com\/#organization","name":"Los pol\u00edticos Veracruz","url":"https:\/\/lospoliticosveracruz.com\/","logo":{"@type":"ImageObject","inLanguage":"es","@id":"https:\/\/lospoliticosveracruz.com\/#\/schema\/logo\/image\/","url":"https:\/\/lospoliticosveracruz.com\/wp-content\/uploads\/2025\/12\/Logo-Nuevo-LOS-POLITICOS-1.jpg","contentUrl":"https:\/\/lospoliticosveracruz.com\/wp-content\/uploads\/2025\/12\/Logo-Nuevo-LOS-POLITICOS-1.jpg","width":260,"height":70,"caption":"Los pol\u00edticos Veracruz"},"image":{"@id":"https:\/\/lospoliticosveracruz.com\/#\/schema\/logo\/image\/"},"sameAs":["https:\/\/www.facebook.com\/people\/Notimemes-de-los-Polticos\/61565672886568\/","https:\/\/x.com\/LosPoliticosVer"]},{"@type":"Person","@id":"https:\/\/lospoliticosveracruz.com\/#\/schema\/person\/b8702bb0e538456e6efd07080bf2a4a2","name":"Lo viste en Los Pol\u00edticos","image":{"@type":"ImageObject","inLanguage":"es","@id":"https:\/\/secure.gravatar.com\/avatar\/3a8de04a2656d44082be478bd6c086daa447c4651605818287b9532d3d0bd435?s=96&d=mm&r=g","url":"https:\/\/secure.gravatar.com\/avatar\/3a8de04a2656d44082be478bd6c086daa447c4651605818287b9532d3d0bd435?s=96&d=mm&r=g","contentUrl":"https:\/\/secure.gravatar.com\/avatar\/3a8de04a2656d44082be478bd6c086daa447c4651605818287b9532d3d0bd435?s=96&d=mm&r=g","caption":"Lo viste en Los Pol\u00edticos"},"url":"https:\/\/lospoliticosveracruz.com\/?author=2"}]}},"_links":{"self":[{"href":"https:\/\/lospoliticosveracruz.com\/index.php?rest_route=\/wp\/v2\/posts\/110350","targetHints":{"allow":["GET"]}}],"collection":[{"href":"https:\/\/lospoliticosveracruz.com\/index.php?rest_route=\/wp\/v2\/posts"}],"about":[{"href":"https:\/\/lospoliticosveracruz.com\/index.php?rest_route=\/wp\/v2\/types\/post"}],"author":[{"embeddable":true,"href":"https:\/\/lospoliticosveracruz.com\/index.php?rest_route=\/wp\/v2\/users\/2"}],"replies":[{"embeddable":true,"href":"https:\/\/lospoliticosveracruz.com\/index.php?rest_route=%2Fwp%2Fv2%2Fcomments&post=110350"}],"version-history":[{"count":1,"href":"https:\/\/lospoliticosveracruz.com\/index.php?rest_route=\/wp\/v2\/posts\/110350\/revisions"}],"predecessor-version":[{"id":110352,"href":"https:\/\/lospoliticosveracruz.com\/index.php?rest_route=\/wp\/v2\/posts\/110350\/revisions\/110352"}],"wp:attachment":[{"href":"https:\/\/lospoliticosveracruz.com\/index.php?rest_route=%2Fwp%2Fv2%2Fmedia&parent=110350"}],"wp:term":[{"taxonomy":"category","embeddable":true,"href":"https:\/\/lospoliticosveracruz.com\/index.php?rest_route=%2Fwp%2Fv2%2Fcategories&post=110350"},{"taxonomy":"post_tag","embeddable":true,"href":"https:\/\/lospoliticosveracruz.com\/index.php?rest_route=%2Fwp%2Fv2%2Ftags&post=110350"}],"curies":[{"name":"wp","href":"https:\/\/api.w.org\/{rel}","templated":true}]}}