{"id":110366,"date":"2023-08-21T13:07:27","date_gmt":"2023-08-21T18:07:27","guid":{"rendered":"https:\/\/lospoliticosveracruz.com.mx\/?p=110366"},"modified":"2023-08-21T13:07:32","modified_gmt":"2023-08-21T18:07:32","slug":"fam-estructura-partidista-o-sociedad-civil","status":"publish","type":"post","link":"https:\/\/lospoliticosveracruz.com\/?p=110366","title":{"rendered":"FAM: ESTRUCTURA PARTIDISTA O SOCIEDAD CIVIL"},"content":{"rendered":"\n<p><strong>Vicente Luna Hern\u00e1ndez<br><\/strong>Nadie pone en duda la estructura territorial del PRI y su capacidad de movilizaci\u00f3n, si bien es cierto no es la misma de a\u00f1os anteriores a\u00fan es parte importante en todo proyecto pol\u00edtico, es una realidad que muchos liderazgos han emprendido la fuga &#8211; por lo regular a morena &#8211; sin embargo, ninguno ha tenido la fuerza territorial para causar una fuga masiva de militantes, ha sido m\u00e1s el ruido medi\u00e1tico de quienes en su momento de gloria, tambi\u00e9n se olvidaron de las bases partidistas que los llevaron al poder.<\/p>\n\n\n\n<figure class=\"wp-block-embed is-type-video is-provider-youtube wp-block-embed-youtube wp-embed-aspect-16-9 wp-has-aspect-ratio\"><div class=\"wp-block-embed__wrapper\">\n<iframe loading=\"lazy\" title=\"Cluster Coworking\" width=\"696\" height=\"392\" src=\"https:\/\/www.youtube.com\/embed\/Nxe-vxf8GuY?feature=oembed\" frameborder=\"0\" allow=\"accelerometer; autoplay; clipboard-write; encrypted-media; gyroscope; picture-in-picture; web-share\" referrerpolicy=\"strict-origin-when-cross-origin\" allowfullscreen><\/iframe>\n<\/div><\/figure>\n\n\n\n<p><br>El PRI trae dos cartas a favor: estructura y una buena aspirante a la candidatura con Beatriz Paredes, sin embargo, tambi\u00e9n es cierto que su imagen ante la opini\u00f3n p\u00fablica no es la mejor, ah\u00ed es donde entra el PAN y su mejor posicionamiento como partido pol\u00edtico y el PAN trae una aspirante que logro captar la simpat\u00eda de organizaciones de la sociedad civil mismas que la han impulsado para ser la candidata a la presidencia a la rep\u00fablica, se habla de qu\u00e9 cobijada por la sociedad civil X\u00f3chitl G\u00e1lvez representa una alternativa fresca ante la fuerza de morena\u2026 la moneda est\u00e1 en el aire.<br>Papel fundamental jugaran los gobernadores del PAN, cada uno trae sus propios intereses y ah\u00ed radica el fondo del asunto a la hora de \u00abnegociar\u00bb los apoyos a X\u00f3chitl, no dejar\u00e1n que como candidata meta las manos en la elecci\u00f3n de candidatos \u00bfqu\u00e9 tanto ceder\u00e1 X\u00f3chitl en aras de ser la candidata? Lo cierto es que no dejaran que las mayores tajadas del pastel se sirvan en su mesa, ah\u00ed es donde entra en acci\u00f3n el equipo de asesores que la est\u00e1n apoyando y cuentan con m\u00e1s experiencia pol\u00edtica para llevarla buen puerto.<br>Nadie duda de las capacidades y experiencia de Beatriz Paredes, si bien es cierto tiene 2 derrotas como candidata en la Ciudad de M\u00e9xico, no hay que olvidar que Felipe Calder\u00f3n tra\u00eda una derrota en Michoac\u00e1n y AMLO tra\u00eda 2 en Tabasco y 2 presidenciales, que nadie se asuste, ninguna elecci\u00f3n es igual, hoy estamos en una elecci\u00f3n in\u00e9dita, 3 fuerza pol\u00edtica hist\u00f3rica en M\u00e9xico van tomados de la mano pero mir\u00e1ndose con recelo, como novios enojados pero que en el fondo, tienen un sentimiento en com\u00fan\u2026 ganar el poder en el 2024<\/p>\n\n\n\n<p>Se habla del papel que jugar\u00e1 Santiago Creel a favor de X\u00f3chitl y de Enrique de la Madrid a favor de Beatriz, sin embrago, lo cierto es que el papel del dirigente nacional del PRI Alejandro Moreno ser\u00e1 clave para Beatriz \u00bfqui\u00e9n tiene m\u00e1s influencia con la militancia partidista Creel o Alito? \u00bfA qui\u00e9n seguir\u00e1n m\u00e1s los gobernadores y protagonistas pol\u00edticos? \u00bfCreel har\u00e1 ganar a X\u00f3chitl o Alito a Beatriz? \u00bfY las organizaciones de la sociedad civil? \u00bfQui\u00e9n tiene influencias en ellas? Que nadie minimice a los liderazgos regionales de ambos partidos \u00bf y que bandera agarrar\u00e1 el PRD?<br>No hay que dale muchas vueltas al asunto, solo votar\u00e1n aquellos que est\u00e1n inscritos en el Frente Amplio, aquellos que se registraron tienen la \u00faltima palabra y seguramente elegir\u00e1n a la que consideren con m\u00e1s posibilidades de ganar a la candidata o candidato de morena m\u00e1s all\u00e1 de su origen partidista, \u00bflos 5 gobernadores del PAN dar\u00e1n m\u00e1s votos que 2 del PRI? \u00bfQu\u00e9 papel jugar\u00e1 el Estado de M\u00e9xico? es cierto, en pol\u00edtica 2 pueden ser m\u00e1s que 5.<br>Algunos analistas han minimizado la fuerza territorial del PRI, algunos medios de comunicaci\u00f3n vaticinan su desaparici\u00f3n pol\u00edtica, sin embargo, hoy ante el escenario que se est\u00e1 presentando en el Frente Amplio, muchos han cambado de opini\u00f3n ante la presencia de Beatriz Paredes, tanto X\u00f3chitl y Beatriz tienen la capacidad y experiencia para ganar en el 2024 pero solo si y solo si, van en unidad plena y sin simulaciones las 3 fuerzas pol\u00edticas y las organizaciones civiles, no solo es importante que se pongan de acuerdo arriba se deben de poner de acuerdo en su momento tambi\u00e9n abajo\u2026ah\u00ed depende el triunfo electoral.<br>Lo cierto es que el factor que mayor capacidad de movilizaci\u00f3n tenga el pr\u00f3ximo 3 de septiembre para ir a votar ser\u00e1 quien haga ganar a su candidata, \u00bftendr\u00e1 candidata la estructura partidista o tendr\u00e1 candidata la sociedad civil?<br>P.D.- Con el \u00e1nimo que el 3 de septiembre por el bien de todos la famosa sociedad civil se manifieste\u2026Escribir\u00e9 otro d\u00eda.<\/p>\n","protected":false},"excerpt":{"rendered":"<p>Vicente Luna Hern\u00e1ndezNadie pone en duda la estructura territorial del PRI y su capacidad de movilizaci\u00f3n, si bien es cierto no es la misma de a\u00f1os anteriores a\u00fan es parte importante en todo proyecto pol\u00edtico, es una realidad que muchos liderazgos han emprendido la fuga &#8211; por lo regular a morena &#8211; sin embargo, ninguno [&hellip;]<\/p>\n","protected":false},"author":2,"featured_media":0,"comment_status":"closed","ping_status":"closed","sticky":false,"template":"","format":"standard","meta":{"tdm_status":"","tdm_grid_status":"","footnotes":""},"categories":[70],"tags":[15048,618,2199,12909,38997,266,251,15667,17531],"class_list":{"0":"post-110366","1":"post","2":"type-post","3":"status-publish","4":"format-standard","6":"category-de-opinion","7":"tag-alejandro-moreno-cardenas","8":"tag-andres-manuel-lopez-obrador","9":"tag-beatriz-paredes","10":"tag-enrique-de-la-madrid","11":"tag-frente-amplio","12":"tag-pan","13":"tag-pri","14":"tag-vicente-luna-hernandez","15":"tag-xochitl-galvez"},"yoast_head":"<!-- This site is optimized with the Yoast SEO plugin v27.4 - https:\/\/yoast.com\/product\/yoast-seo-wordpress\/ -->\n<title>FAM: ESTRUCTURA PARTIDISTA O SOCIEDAD CIVIL - Los pol\u00edticos Veracruz<\/title>\n<meta name=\"robots\" content=\"index, follow, max-snippet:-1, max-image-preview:large, max-video-preview:-1\" \/>\n<link rel=\"canonical\" href=\"https:\/\/lospoliticosveracruz.com\/?p=110366\" \/>\n<meta property=\"og:locale\" content=\"es_ES\" \/>\n<meta property=\"og:type\" content=\"article\" \/>\n<meta property=\"og:title\" content=\"FAM: ESTRUCTURA PARTIDISTA O SOCIEDAD CIVIL - Los pol\u00edticos Veracruz\" \/>\n<meta property=\"og:description\" content=\"Vicente Luna Hern\u00e1ndezNadie pone en duda la estructura territorial del PRI y su capacidad de movilizaci\u00f3n, si bien es cierto no es la misma de a\u00f1os anteriores a\u00fan es parte importante en todo proyecto pol\u00edtico, es una realidad que muchos liderazgos han emprendido la fuga &#8211; por lo regular a morena &#8211; sin embargo, ninguno [&hellip;]\" \/>\n<meta property=\"og:url\" content=\"https:\/\/lospoliticosveracruz.com\/?p=110366\" \/>\n<meta property=\"og:site_name\" content=\"Los pol\u00edticos Veracruz\" \/>\n<meta property=\"article:publisher\" content=\"https:\/\/www.facebook.com\/people\/Notimemes-de-los-Polticos\/61565672886568\/\" \/>\n<meta property=\"article:published_time\" content=\"2023-08-21T18:07:27+00:00\" \/>\n<meta property=\"article:modified_time\" content=\"2023-08-21T18:07:32+00:00\" \/>\n<meta property=\"og:image\" content=\"https:\/\/lospoliticosveracruz.com\/wp-content\/uploads\/2016\/07\/Logo-Dor.jpg\" \/>\n\t<meta property=\"og:image:width\" content=\"200\" \/>\n\t<meta property=\"og:image:height\" content=\"200\" \/>\n\t<meta property=\"og:image:type\" content=\"image\/jpeg\" \/>\n<meta name=\"author\" content=\"Lo viste en Los Pol\u00edticos\" \/>\n<meta name=\"twitter:card\" content=\"summary_large_image\" \/>\n<meta name=\"twitter:creator\" content=\"@LosPoliticosVer\" \/>\n<meta name=\"twitter:site\" content=\"@LosPoliticosVer\" \/>\n<meta name=\"twitter:label1\" content=\"Escrito por\" \/>\n\t<meta name=\"twitter:data1\" content=\"Lo viste en Los Pol\u00edticos\" \/>\n\t<meta name=\"twitter:label2\" content=\"Tiempo de lectura\" \/>\n\t<meta name=\"twitter:data2\" content=\"4 minutos\" \/>\n<script type=\"application\/ld+json\" class=\"yoast-schema-graph\">{\"@context\":\"https:\\\/\\\/schema.org\",\"@graph\":[{\"@type\":\"Article\",\"@id\":\"https:\\\/\\\/lospoliticosveracruz.com\\\/?p=110366#article\",\"isPartOf\":{\"@id\":\"https:\\\/\\\/lospoliticosveracruz.com\\\/?p=110366\"},\"author\":{\"name\":\"Lo viste en Los Pol\u00edticos\",\"@id\":\"https:\\\/\\\/lospoliticosveracruz.com\\\/#\\\/schema\\\/person\\\/b8702bb0e538456e6efd07080bf2a4a2\"},\"headline\":\"FAM: ESTRUCTURA PARTIDISTA O SOCIEDAD CIVIL\",\"datePublished\":\"2023-08-21T18:07:27+00:00\",\"dateModified\":\"2023-08-21T18:07:32+00:00\",\"mainEntityOfPage\":{\"@id\":\"https:\\\/\\\/lospoliticosveracruz.com\\\/?p=110366\"},\"wordCount\":793,\"publisher\":{\"@id\":\"https:\\\/\\\/lospoliticosveracruz.com\\\/#organization\"},\"keywords\":[\"Alejandro Moreno C\u00e1rdenas\",\"Andr\u00e9s Manuel L\u00f3pez Obrador\",\"Beatriz Paredes\",\"Enrique de la Madrid\",\"frente amplio\",\"PAN\",\"PRI\",\"Vicente Luna Hern\u00e1ndez\",\"X\u00f3chitl G\u00e1lvez\"],\"articleSection\":[\"De Opini\u00f3n\"],\"inLanguage\":\"es\"},{\"@type\":\"WebPage\",\"@id\":\"https:\\\/\\\/lospoliticosveracruz.com\\\/?p=110366\",\"url\":\"https:\\\/\\\/lospoliticosveracruz.com\\\/?p=110366\",\"name\":\"FAM: ESTRUCTURA PARTIDISTA O SOCIEDAD CIVIL - Los pol\u00edticos Veracruz\",\"isPartOf\":{\"@id\":\"https:\\\/\\\/lospoliticosveracruz.com\\\/#website\"},\"datePublished\":\"2023-08-21T18:07:27+00:00\",\"dateModified\":\"2023-08-21T18:07:32+00:00\",\"breadcrumb\":{\"@id\":\"https:\\\/\\\/lospoliticosveracruz.com\\\/?p=110366#breadcrumb\"},\"inLanguage\":\"es\",\"potentialAction\":[{\"@type\":\"ReadAction\",\"target\":[\"https:\\\/\\\/lospoliticosveracruz.com\\\/?p=110366\"]}]},{\"@type\":\"BreadcrumbList\",\"@id\":\"https:\\\/\\\/lospoliticosveracruz.com\\\/?p=110366#breadcrumb\",\"itemListElement\":[{\"@type\":\"ListItem\",\"position\":1,\"name\":\"Portada\",\"item\":\"https:\\\/\\\/lospoliticosveracruz.com\\\/\"},{\"@type\":\"ListItem\",\"position\":2,\"name\":\"FAM: ESTRUCTURA PARTIDISTA O SOCIEDAD CIVIL\"}]},{\"@type\":\"WebSite\",\"@id\":\"https:\\\/\\\/lospoliticosveracruz.com\\\/#website\",\"url\":\"https:\\\/\\\/lospoliticosveracruz.com\\\/\",\"name\":\"Los pol\u00edticos Veracruz\",\"description\":\"\",\"publisher\":{\"@id\":\"https:\\\/\\\/lospoliticosveracruz.com\\\/#organization\"},\"potentialAction\":[{\"@type\":\"SearchAction\",\"target\":{\"@type\":\"EntryPoint\",\"urlTemplate\":\"https:\\\/\\\/lospoliticosveracruz.com\\\/?s={search_term_string}\"},\"query-input\":{\"@type\":\"PropertyValueSpecification\",\"valueRequired\":true,\"valueName\":\"search_term_string\"}}],\"inLanguage\":\"es\"},{\"@type\":\"Organization\",\"@id\":\"https:\\\/\\\/lospoliticosveracruz.com\\\/#organization\",\"name\":\"Los pol\u00edticos Veracruz\",\"url\":\"https:\\\/\\\/lospoliticosveracruz.com\\\/\",\"logo\":{\"@type\":\"ImageObject\",\"inLanguage\":\"es\",\"@id\":\"https:\\\/\\\/lospoliticosveracruz.com\\\/#\\\/schema\\\/logo\\\/image\\\/\",\"url\":\"https:\\\/\\\/lospoliticosveracruz.com\\\/wp-content\\\/uploads\\\/2025\\\/12\\\/Logo-Nuevo-LOS-POLITICOS-1.jpg\",\"contentUrl\":\"https:\\\/\\\/lospoliticosveracruz.com\\\/wp-content\\\/uploads\\\/2025\\\/12\\\/Logo-Nuevo-LOS-POLITICOS-1.jpg\",\"width\":260,\"height\":70,\"caption\":\"Los pol\u00edticos Veracruz\"},\"image\":{\"@id\":\"https:\\\/\\\/lospoliticosveracruz.com\\\/#\\\/schema\\\/logo\\\/image\\\/\"},\"sameAs\":[\"https:\\\/\\\/www.facebook.com\\\/people\\\/Notimemes-de-los-Polticos\\\/61565672886568\\\/\",\"https:\\\/\\\/x.com\\\/LosPoliticosVer\"]},{\"@type\":\"Person\",\"@id\":\"https:\\\/\\\/lospoliticosveracruz.com\\\/#\\\/schema\\\/person\\\/b8702bb0e538456e6efd07080bf2a4a2\",\"name\":\"Lo viste en Los Pol\u00edticos\",\"image\":{\"@type\":\"ImageObject\",\"inLanguage\":\"es\",\"@id\":\"https:\\\/\\\/secure.gravatar.com\\\/avatar\\\/3a8de04a2656d44082be478bd6c086daa447c4651605818287b9532d3d0bd435?s=96&d=mm&r=g\",\"url\":\"https:\\\/\\\/secure.gravatar.com\\\/avatar\\\/3a8de04a2656d44082be478bd6c086daa447c4651605818287b9532d3d0bd435?s=96&d=mm&r=g\",\"contentUrl\":\"https:\\\/\\\/secure.gravatar.com\\\/avatar\\\/3a8de04a2656d44082be478bd6c086daa447c4651605818287b9532d3d0bd435?s=96&d=mm&r=g\",\"caption\":\"Lo viste en Los Pol\u00edticos\"},\"url\":\"https:\\\/\\\/lospoliticosveracruz.com\\\/?author=2\"}]}<\/script>\n<!-- \/ Yoast SEO plugin. -->","yoast_head_json":{"title":"FAM: ESTRUCTURA PARTIDISTA O SOCIEDAD CIVIL - Los pol\u00edticos Veracruz","robots":{"index":"index","follow":"follow","max-snippet":"max-snippet:-1","max-image-preview":"max-image-preview:large","max-video-preview":"max-video-preview:-1"},"canonical":"https:\/\/lospoliticosveracruz.com\/?p=110366","og_locale":"es_ES","og_type":"article","og_title":"FAM: ESTRUCTURA PARTIDISTA O SOCIEDAD CIVIL - Los pol\u00edticos Veracruz","og_description":"Vicente Luna Hern\u00e1ndezNadie pone en duda la estructura territorial del PRI y su capacidad de movilizaci\u00f3n, si bien es cierto no es la misma de a\u00f1os anteriores a\u00fan es parte importante en todo proyecto pol\u00edtico, es una realidad que muchos liderazgos han emprendido la fuga &#8211; por lo regular a morena &#8211; sin embargo, ninguno [&hellip;]","og_url":"https:\/\/lospoliticosveracruz.com\/?p=110366","og_site_name":"Los pol\u00edticos Veracruz","article_publisher":"https:\/\/www.facebook.com\/people\/Notimemes-de-los-Polticos\/61565672886568\/","article_published_time":"2023-08-21T18:07:27+00:00","article_modified_time":"2023-08-21T18:07:32+00:00","og_image":[{"width":200,"height":200,"url":"https:\/\/lospoliticosveracruz.com\/wp-content\/uploads\/2016\/07\/Logo-Dor.jpg","type":"image\/jpeg"}],"author":"Lo viste en Los Pol\u00edticos","twitter_card":"summary_large_image","twitter_creator":"@LosPoliticosVer","twitter_site":"@LosPoliticosVer","twitter_misc":{"Escrito por":"Lo viste en Los Pol\u00edticos","Tiempo de lectura":"4 minutos"},"schema":{"@context":"https:\/\/schema.org","@graph":[{"@type":"Article","@id":"https:\/\/lospoliticosveracruz.com\/?p=110366#article","isPartOf":{"@id":"https:\/\/lospoliticosveracruz.com\/?p=110366"},"author":{"name":"Lo viste en Los Pol\u00edticos","@id":"https:\/\/lospoliticosveracruz.com\/#\/schema\/person\/b8702bb0e538456e6efd07080bf2a4a2"},"headline":"FAM: ESTRUCTURA PARTIDISTA O SOCIEDAD CIVIL","datePublished":"2023-08-21T18:07:27+00:00","dateModified":"2023-08-21T18:07:32+00:00","mainEntityOfPage":{"@id":"https:\/\/lospoliticosveracruz.com\/?p=110366"},"wordCount":793,"publisher":{"@id":"https:\/\/lospoliticosveracruz.com\/#organization"},"keywords":["Alejandro Moreno C\u00e1rdenas","Andr\u00e9s Manuel L\u00f3pez Obrador","Beatriz Paredes","Enrique de la Madrid","frente amplio","PAN","PRI","Vicente Luna Hern\u00e1ndez","X\u00f3chitl G\u00e1lvez"],"articleSection":["De Opini\u00f3n"],"inLanguage":"es"},{"@type":"WebPage","@id":"https:\/\/lospoliticosveracruz.com\/?p=110366","url":"https:\/\/lospoliticosveracruz.com\/?p=110366","name":"FAM: ESTRUCTURA PARTIDISTA O SOCIEDAD CIVIL - Los pol\u00edticos Veracruz","isPartOf":{"@id":"https:\/\/lospoliticosveracruz.com\/#website"},"datePublished":"2023-08-21T18:07:27+00:00","dateModified":"2023-08-21T18:07:32+00:00","breadcrumb":{"@id":"https:\/\/lospoliticosveracruz.com\/?p=110366#breadcrumb"},"inLanguage":"es","potentialAction":[{"@type":"ReadAction","target":["https:\/\/lospoliticosveracruz.com\/?p=110366"]}]},{"@type":"BreadcrumbList","@id":"https:\/\/lospoliticosveracruz.com\/?p=110366#breadcrumb","itemListElement":[{"@type":"ListItem","position":1,"name":"Portada","item":"https:\/\/lospoliticosveracruz.com\/"},{"@type":"ListItem","position":2,"name":"FAM: ESTRUCTURA PARTIDISTA O SOCIEDAD CIVIL"}]},{"@type":"WebSite","@id":"https:\/\/lospoliticosveracruz.com\/#website","url":"https:\/\/lospoliticosveracruz.com\/","name":"Los pol\u00edticos Veracruz","description":"","publisher":{"@id":"https:\/\/lospoliticosveracruz.com\/#organization"},"potentialAction":[{"@type":"SearchAction","target":{"@type":"EntryPoint","urlTemplate":"https:\/\/lospoliticosveracruz.com\/?s={search_term_string}"},"query-input":{"@type":"PropertyValueSpecification","valueRequired":true,"valueName":"search_term_string"}}],"inLanguage":"es"},{"@type":"Organization","@id":"https:\/\/lospoliticosveracruz.com\/#organization","name":"Los pol\u00edticos Veracruz","url":"https:\/\/lospoliticosveracruz.com\/","logo":{"@type":"ImageObject","inLanguage":"es","@id":"https:\/\/lospoliticosveracruz.com\/#\/schema\/logo\/image\/","url":"https:\/\/lospoliticosveracruz.com\/wp-content\/uploads\/2025\/12\/Logo-Nuevo-LOS-POLITICOS-1.jpg","contentUrl":"https:\/\/lospoliticosveracruz.com\/wp-content\/uploads\/2025\/12\/Logo-Nuevo-LOS-POLITICOS-1.jpg","width":260,"height":70,"caption":"Los pol\u00edticos Veracruz"},"image":{"@id":"https:\/\/lospoliticosveracruz.com\/#\/schema\/logo\/image\/"},"sameAs":["https:\/\/www.facebook.com\/people\/Notimemes-de-los-Polticos\/61565672886568\/","https:\/\/x.com\/LosPoliticosVer"]},{"@type":"Person","@id":"https:\/\/lospoliticosveracruz.com\/#\/schema\/person\/b8702bb0e538456e6efd07080bf2a4a2","name":"Lo viste en Los Pol\u00edticos","image":{"@type":"ImageObject","inLanguage":"es","@id":"https:\/\/secure.gravatar.com\/avatar\/3a8de04a2656d44082be478bd6c086daa447c4651605818287b9532d3d0bd435?s=96&d=mm&r=g","url":"https:\/\/secure.gravatar.com\/avatar\/3a8de04a2656d44082be478bd6c086daa447c4651605818287b9532d3d0bd435?s=96&d=mm&r=g","contentUrl":"https:\/\/secure.gravatar.com\/avatar\/3a8de04a2656d44082be478bd6c086daa447c4651605818287b9532d3d0bd435?s=96&d=mm&r=g","caption":"Lo viste en Los Pol\u00edticos"},"url":"https:\/\/lospoliticosveracruz.com\/?author=2"}]}},"_links":{"self":[{"href":"https:\/\/lospoliticosveracruz.com\/index.php?rest_route=\/wp\/v2\/posts\/110366","targetHints":{"allow":["GET"]}}],"collection":[{"href":"https:\/\/lospoliticosveracruz.com\/index.php?rest_route=\/wp\/v2\/posts"}],"about":[{"href":"https:\/\/lospoliticosveracruz.com\/index.php?rest_route=\/wp\/v2\/types\/post"}],"author":[{"embeddable":true,"href":"https:\/\/lospoliticosveracruz.com\/index.php?rest_route=\/wp\/v2\/users\/2"}],"replies":[{"embeddable":true,"href":"https:\/\/lospoliticosveracruz.com\/index.php?rest_route=%2Fwp%2Fv2%2Fcomments&post=110366"}],"version-history":[{"count":1,"href":"https:\/\/lospoliticosveracruz.com\/index.php?rest_route=\/wp\/v2\/posts\/110366\/revisions"}],"predecessor-version":[{"id":110367,"href":"https:\/\/lospoliticosveracruz.com\/index.php?rest_route=\/wp\/v2\/posts\/110366\/revisions\/110367"}],"wp:attachment":[{"href":"https:\/\/lospoliticosveracruz.com\/index.php?rest_route=%2Fwp%2Fv2%2Fmedia&parent=110366"}],"wp:term":[{"taxonomy":"category","embeddable":true,"href":"https:\/\/lospoliticosveracruz.com\/index.php?rest_route=%2Fwp%2Fv2%2Fcategories&post=110366"},{"taxonomy":"post_tag","embeddable":true,"href":"https:\/\/lospoliticosveracruz.com\/index.php?rest_route=%2Fwp%2Fv2%2Ftags&post=110366"}],"curies":[{"name":"wp","href":"https:\/\/api.w.org\/{rel}","templated":true}]}}