{"id":110392,"date":"2023-08-21T14:25:37","date_gmt":"2023-08-21T19:25:37","guid":{"rendered":"https:\/\/lospoliticosveracruz.com.mx\/?p=110392"},"modified":"2023-08-21T14:25:49","modified_gmt":"2023-08-21T19:25:49","slug":"feudalizacion-o-modernidad","status":"publish","type":"post","link":"https:\/\/lospoliticosveracruz.com\/?p=110392","title":{"rendered":"FEUDALIZACI\u00d3N O MODERNIDAD"},"content":{"rendered":"\n<p><strong>Inocencio Y\u00e1\u00f1ez Vicencio<\/strong><\/p>\n\n\n\n<p>En la periodizaci\u00f3n m\u00e1s aceptada de la historia, se parte de la Comunidad Primitiva, la Antig\u00fcedad o R\u00e9gimen Esclavista, Edad Media y Edad Contempor\u00e1nea. En la Media, que abarca del siglo V al siglo XV, se presenta un r\u00e9gimen en cuya cabeza est\u00e1 el se\u00f1or feudal y en la base el siervo, que a diferencia del esclavo puede tener familia, ya no es objeto de compra venta, salvo cuando la parcela cambia de due\u00f1o, porque est\u00e1 arraigado a ella y existe una relaci\u00f3n de basallaje en la que el menor busca y se entrega al mayor mediante una reciprocidad de lealtad para uno y protecci\u00f3n para otro. Este r\u00e9gimen existi\u00f3 en Europa y Jap\u00f3n entre los siglos IX y XII. Es una poliarqu\u00eda en que existen muchos polos de poder. <\/p>\n\n\n\n<figure class=\"wp-block-image size-large\"><a href=\"https:\/\/lospoliticosveracruz.com.mx\/wp-content\/uploads\/2016\/07\/Seguro-Julio-Cerecedo-2.jpg\"><img decoding=\"async\" src=\"https:\/\/lospoliticosveracruz.com.mx\/wp-content\/uploads\/2016\/07\/Seguro-Julio-Cerecedo-2-1024x381.jpg\" alt=\"\" class=\"wp-image-105879\"\/><\/a><\/figure>\n\n\n\n<p>Pr\u00e1cticamente cada se\u00f1or es un rey en su feudo o territorio. Cada espacio tiene su lengua, su moneda, su juez, su ordenza, su escudo, su jurisdicci\u00f3n\u2026en el que no hay separaci\u00f3n de ni de funciones ni de poderes y se llama pueblo a los grandes electores que tienen un rey limitado por los cuerpos intermedios y el derecho divino.<br>Por Modernidad, considerada epocalmente, se comprende el momento que se inicia con la ca\u00edda del Imperio de Oriente a manos de los turcos en 1453. Filos\u00f3ficamente por Modernidad entendemos el conjunto de valores del liberalismo: la individuaci\u00f3n, que es la liberaci\u00f3n del hombre de las cadenas de la corporaci\u00f3n, esto es, que el hombre toma valor por si mismo y no por pertenecer a un cuerpo, sea gremio o parroquia ( territorialidad), es sujeto de derechos, se le reconoce dignidad y autonom\u00eda, puede abandonar su parcela y escoger amo, aparece el derecho com\u00fan, el juez central, la separaci\u00f3n de funciones y la separaci\u00f3n de funciones\u2026 Tambi\u00e9n se denomina Modernidad la explosi\u00f3n tecnol\u00f3gica que abarca la industria, el comercio, la agricultura, la navegaci\u00f3n\u2026<br>Teniendo muy presente estos conceptos podremos entender que los prop\u00f3sitos de los nuevos libros de texto nada tienen que ver con el comunismo pero si con la destrucci\u00f3n de los valores de la Modernidad y un retorno a una concepci\u00f3n organicista feudal, que es peor.<br>Con motivo de los Acuerdos de San Andr\u00e9s , que los Zapatistas lograron, se abri\u00f3 un debate plural, sobre el cual , palabras m\u00e1s, palabras menos, pr\u00e1cticamente expres\u00e9 lo que sigue, no sin antes advertir que una vez m\u00e1s los adversarios de Andr\u00e9s Manuel L\u00f3pez Obrador, fracasan en sus ataques contra sus proyectos, porque para todo utilizan la manida argucia del petate del comunismo, rayando en un simplismo pedestre y aberrante. Sin leer la Raz\u00f3n Populista de Ernesto Laclau, no pasar\u00e1n de dar palos de ciego, con lo cual, es cierto, servir\u00e1 para irritar m\u00e1s a los anticomunistas pero que el comunismo ses bienvenido entre los beneficiarios de los programas sociales de Amlo, porque eso es lo que relacionan con esa corriente del pensamiento, contribuyendo a la labor de polarizar la sociedad, como se promueve todos los dias desde las Ma\u00f1aneras.<br>Son evidentes las fallas t\u00e9cnicas e imperdonables sus fallas cognitivas, pero lo que verdaderamente se propone el nuevo Libro de Texto es destruir la ibertad, al individuo, su dignidad, su autonom\u00eda, su universalidad y regresarlo al oscurantismo.<br>Veamos los ejes en que gira el nuevo Libro de Texo.<\/p>\n\n\n\n<ol class=\"wp-block-list\">\n<li>Sustituye al sujeto por la comunidad. Esto nada tiene que ver con el comunismo. Si bien el comunismo es un cr\u00edtico de la Modernidad, ni te\u00f3rica ni hist\u00f3ricamente habla de volver a relaciones comunitarias. Habla de desarrollar las fuerzas productivas . Lenin critic\u00f3 justamente el populismo ruso de 1861 por su anticapitalismo. Bobbio califica el organicismo de reaccionario precisamente por atentar contra la libertad y la autonom\u00eda del individuo. Pero precisamente esto delata la consecuencia del populismo. El populismo rechaza el voto individual, por considerarlo privado. Para \u00e9l lo que cuenta es la masa vista hol\u00edsticamente, que s\u00f3lo puede expresarse en p\u00fablico y mediante la aclamaci\u00f3n, por lo que para el iluminado, el \u00fanico que conoce el bien com\u00fan, las elecciones y votaci\u00f3n son rituales secundarios, que pueden eliminarse.<\/li>\n\n\n\n<li>Reemplaza lo universal por lo particular. Tampoco esto tiene algo que ver con la doctrina comunista. La dial\u00e9ctica y la sociolog\u00eda marxista son universalistas. Proletariados del Mundo, Un\u00edos. Son internacionalistas. Ning\u00fan pa\u00eds ha progresado aislado. El consumo masivo deton\u00f3 la Modernidad. Es cierto que lo particular es m\u00e1s rico que lo general, pero sin la abstracci\u00f3n estar\u00edamos en el paleol\u00edtico. Sin duda alguna que el rechazo a lo universal explica la arenga de Amlo, por volver a lo artesanal y a los amuletos. Ilustra muy bien el tipo de sociedad que quiere para nosotros Morena: regresar al oscurantismo.<\/li>\n\n\n\n<li>Contra la libertad y el individuo. Nadie nos puede probar que el individuo era libre cuando esta encadenado a la tierra y val\u00eda s\u00f3lo por el lugar que ocupaba en su gremio o en su corporaci\u00f3n. El capitalismo surgi\u00f3 laberando al siervo para que fuera a los burgos y villas a emplearse bajo una cuestionable libertad, pero indiscutiblemente m\u00e1s racional y humana que la que padec\u00eda en el r\u00e9gimen feudal y se\u00f1orial.<\/li>\n\n\n\n<li>Combate el lenguaje. Respetar las lenguas es importante, pero fueron las lenguas nacionales las que ampliaron los mercados y nos hicieron libres para desplazarnos y organizarnos.<\/li>\n\n\n\n<li>El individuo. Es justamente con la desintegraci\u00f3n de la concepci\u00f3n org\u00e1nica de la sociedad que se libera al hombre y nace el individuo y m\u00e1s tarde conquista sus derechos de ciudadano, por lo que sustituir al alumno como sujeto por el de comunidad, es una concepci\u00f3n org\u00e1nica que nos prepara para la abolici\u00f3n de la libertad, por el regreso de los grilletes corporativos.<\/li>\n\n\n\n<li>Sustituyen la moral por un relativismo moral nihilista. La moral o es general o no es moral. Si cada colectividad va a tener su moral, se anula su funci\u00f3n de cohesi\u00f3n nacional y no puede ser base del derecho. El derecho ya no tendr\u00eda principios, solo reglas. Terminariamos con que cada quien justificar\u00eda sus acciones, no de conforme a la moral sino de su moral. Habr\u00eda un anarquismo moral.<\/li>\n\n\n\n<li>Quieren una educaci\u00f3n para su \u00bb pueblo\u00bb. El problema comienza porque todo en el populismo es ambiguo, porque el populismo es ambiguo, como lo es su concepto de pueblo, donde s\u00f3lo caben sus partidarios, enfrent\u00e1ndolo contra las mafias corruptas, las \u00e9lites gobernantes. Nosotros y Ellos. La Nueva Educaci\u00f3n Mexicana de Morena, no es otra cosa qu\u00e9 la aterrizaci\u00f3n de su \u00bb filosof\u00eda \u00bb de sociedad: organicista, antiindividualista, anticapitalista, particularista, concrtea, anticient\u00edfica, antilibertaria, antimoderna. Es una educaci\u00f3n para su \u00abpueblo\u00bb. Para que entiendas por cr\u00edtica, desmantelar la Modernidad y en su lugar colocar in surrealismo que al despertar los haya transportado al oscurantismo.<\/li>\n\n\n\n<li>Cambia educaci\u00f3n por instrucci\u00f3n. Ya no habr\u00e1 una educaci\u00f3n para integrarl a los alumnos a la din\u00e1mica social y al desarrolo, que los mismos marxistas llamaban a destrabar. Ahora van a prepararlos para la casu\u00edstica domestica, aisl\u00e1ndolos de su contexto de naci\u00f3n, que se ha reemplazado por el de comunidad, con lo cual se fabrican profesionales que no servir\u00e1n para la ciencia, cuando mucho para la t\u00e9cnica y si me apuran, para agitar y brigadear.<\/li>\n\n\n\n<li>Van contra la cultura com\u00fan. Que paradoja. Quienes est\u00e1n contra el individuo terminan produciendo in individuo que sin cultura com\u00fan, har\u00e1 todo por despojar lo publico y lo de otros, por disolver los lazos nacionales que los pueden integrar a prop\u00f3sitos comunes superiores.<\/li>\n\n\n\n<li>Sustitur el conocimiento por disciplinas por un conocimiento intuitivo y comunitario, va a relegar la universalidad y la abstracci\u00f3n, con lo que la supercher\u00eda y los mitos reemplazan a la ciencia, con lo cual violan el art\u00edculo 3\u00b0 Constitucional.<br>Para detener este desmantelamiento del sistema educativo nacional, necesitamos una o un candidato que sepa algo m\u00e1s que hablar con mentadas y ocurrencia.<br>Nada en estos momentos es tan repugnante que querer imponer una candidata al FEM, que no tiene m\u00e1s que ocurrencias para enfrentar la pol\u00edtica de destrucci\u00f3n de Morena. Dec\u00eda Jorge Plejsnov, que los grandes hombres se distinguen por servir a las causas m\u00e1s trascendentales de su tiempo y, digo yo, alg\u00fan d\u00eda, habremos de juzgar como los m\u00e1s sinverguenzas, a todos aquellos que esperando formarse en una ventanilla, hoy tratan de impulsar una candidata del FAM, que no ofrece m\u00e1s que mentadas y bravuconer\u00edas al adversario.<\/li>\n<\/ol>\n","protected":false},"excerpt":{"rendered":"<p>Inocencio Y\u00e1\u00f1ez Vicencio En la periodizaci\u00f3n m\u00e1s aceptada de la historia, se parte de la Comunidad Primitiva, la Antig\u00fcedad o R\u00e9gimen Esclavista, Edad Media y Edad Contempor\u00e1nea. En la Media, que abarca del siglo V al siglo XV, se presenta un r\u00e9gimen en cuya cabeza est\u00e1 el se\u00f1or feudal y en la base el siervo, [&hellip;]<\/p>\n","protected":false},"author":2,"featured_media":0,"comment_status":"closed","ping_status":"closed","sticky":false,"template":"","format":"standard","meta":{"tdm_status":"","tdm_grid_status":"","footnotes":""},"categories":[70],"tags":[618,8256,1026],"class_list":{"0":"post-110392","1":"post","2":"type-post","3":"status-publish","4":"format-standard","6":"category-de-opinion","7":"tag-andres-manuel-lopez-obrador","8":"tag-inocencio-yanez-vicencio","9":"tag-morena"},"yoast_head":"<!-- This site is optimized with the Yoast SEO plugin v27.4 - https:\/\/yoast.com\/product\/yoast-seo-wordpress\/ -->\n<title>FEUDALIZACI\u00d3N O MODERNIDAD - Los pol\u00edticos Veracruz<\/title>\n<meta name=\"robots\" content=\"index, follow, max-snippet:-1, max-image-preview:large, max-video-preview:-1\" \/>\n<link rel=\"canonical\" href=\"https:\/\/lospoliticosveracruz.com\/?p=110392\" \/>\n<meta property=\"og:locale\" content=\"es_ES\" \/>\n<meta property=\"og:type\" content=\"article\" \/>\n<meta property=\"og:title\" content=\"FEUDALIZACI\u00d3N O MODERNIDAD - Los pol\u00edticos Veracruz\" \/>\n<meta property=\"og:description\" content=\"Inocencio Y\u00e1\u00f1ez Vicencio En la periodizaci\u00f3n m\u00e1s aceptada de la historia, se parte de la Comunidad Primitiva, la Antig\u00fcedad o R\u00e9gimen Esclavista, Edad Media y Edad Contempor\u00e1nea. En la Media, que abarca del siglo V al siglo XV, se presenta un r\u00e9gimen en cuya cabeza est\u00e1 el se\u00f1or feudal y en la base el siervo, [&hellip;]\" \/>\n<meta property=\"og:url\" content=\"https:\/\/lospoliticosveracruz.com\/?p=110392\" \/>\n<meta property=\"og:site_name\" content=\"Los pol\u00edticos Veracruz\" \/>\n<meta property=\"article:publisher\" content=\"https:\/\/www.facebook.com\/people\/Notimemes-de-los-Polticos\/61565672886568\/\" \/>\n<meta property=\"article:published_time\" content=\"2023-08-21T19:25:37+00:00\" \/>\n<meta property=\"article:modified_time\" content=\"2023-08-21T19:25:49+00:00\" \/>\n<meta property=\"og:image\" content=\"https:\/\/lospoliticosveracruz.com.mx\/wp-content\/uploads\/2016\/07\/Seguro-Julio-Cerecedo-2-1024x381.jpg\" \/>\n<meta name=\"author\" content=\"Lo viste en Los Pol\u00edticos\" \/>\n<meta name=\"twitter:card\" content=\"summary_large_image\" \/>\n<meta name=\"twitter:creator\" content=\"@LosPoliticosVer\" \/>\n<meta name=\"twitter:site\" content=\"@LosPoliticosVer\" \/>\n<meta name=\"twitter:label1\" content=\"Escrito por\" \/>\n\t<meta name=\"twitter:data1\" content=\"Lo viste en Los Pol\u00edticos\" \/>\n\t<meta name=\"twitter:label2\" content=\"Tiempo de lectura\" \/>\n\t<meta name=\"twitter:data2\" content=\"7 minutos\" \/>\n<script type=\"application\/ld+json\" class=\"yoast-schema-graph\">{\"@context\":\"https:\\\/\\\/schema.org\",\"@graph\":[{\"@type\":\"Article\",\"@id\":\"https:\\\/\\\/lospoliticosveracruz.com\\\/?p=110392#article\",\"isPartOf\":{\"@id\":\"https:\\\/\\\/lospoliticosveracruz.com\\\/?p=110392\"},\"author\":{\"name\":\"Lo viste en Los Pol\u00edticos\",\"@id\":\"https:\\\/\\\/lospoliticosveracruz.com\\\/#\\\/schema\\\/person\\\/b8702bb0e538456e6efd07080bf2a4a2\"},\"headline\":\"FEUDALIZACI\u00d3N O MODERNIDAD\",\"datePublished\":\"2023-08-21T19:25:37+00:00\",\"dateModified\":\"2023-08-21T19:25:49+00:00\",\"mainEntityOfPage\":{\"@id\":\"https:\\\/\\\/lospoliticosveracruz.com\\\/?p=110392\"},\"wordCount\":1488,\"publisher\":{\"@id\":\"https:\\\/\\\/lospoliticosveracruz.com\\\/#organization\"},\"image\":{\"@id\":\"https:\\\/\\\/lospoliticosveracruz.com\\\/?p=110392#primaryimage\"},\"thumbnailUrl\":\"https:\\\/\\\/lospoliticosveracruz.com.mx\\\/wp-content\\\/uploads\\\/2016\\\/07\\\/Seguro-Julio-Cerecedo-2-1024x381.jpg\",\"keywords\":[\"Andr\u00e9s Manuel L\u00f3pez Obrador\",\"Inocencio Y\u00e1\u00f1ez Vicencio\",\"Morena\"],\"articleSection\":[\"De Opini\u00f3n\"],\"inLanguage\":\"es\"},{\"@type\":\"WebPage\",\"@id\":\"https:\\\/\\\/lospoliticosveracruz.com\\\/?p=110392\",\"url\":\"https:\\\/\\\/lospoliticosveracruz.com\\\/?p=110392\",\"name\":\"FEUDALIZACI\u00d3N O MODERNIDAD - Los pol\u00edticos Veracruz\",\"isPartOf\":{\"@id\":\"https:\\\/\\\/lospoliticosveracruz.com\\\/#website\"},\"primaryImageOfPage\":{\"@id\":\"https:\\\/\\\/lospoliticosveracruz.com\\\/?p=110392#primaryimage\"},\"image\":{\"@id\":\"https:\\\/\\\/lospoliticosveracruz.com\\\/?p=110392#primaryimage\"},\"thumbnailUrl\":\"https:\\\/\\\/lospoliticosveracruz.com.mx\\\/wp-content\\\/uploads\\\/2016\\\/07\\\/Seguro-Julio-Cerecedo-2-1024x381.jpg\",\"datePublished\":\"2023-08-21T19:25:37+00:00\",\"dateModified\":\"2023-08-21T19:25:49+00:00\",\"breadcrumb\":{\"@id\":\"https:\\\/\\\/lospoliticosveracruz.com\\\/?p=110392#breadcrumb\"},\"inLanguage\":\"es\",\"potentialAction\":[{\"@type\":\"ReadAction\",\"target\":[\"https:\\\/\\\/lospoliticosveracruz.com\\\/?p=110392\"]}]},{\"@type\":\"ImageObject\",\"inLanguage\":\"es\",\"@id\":\"https:\\\/\\\/lospoliticosveracruz.com\\\/?p=110392#primaryimage\",\"url\":\"https:\\\/\\\/lospoliticosveracruz.com.mx\\\/wp-content\\\/uploads\\\/2016\\\/07\\\/Seguro-Julio-Cerecedo-2-1024x381.jpg\",\"contentUrl\":\"https:\\\/\\\/lospoliticosveracruz.com.mx\\\/wp-content\\\/uploads\\\/2016\\\/07\\\/Seguro-Julio-Cerecedo-2-1024x381.jpg\"},{\"@type\":\"BreadcrumbList\",\"@id\":\"https:\\\/\\\/lospoliticosveracruz.com\\\/?p=110392#breadcrumb\",\"itemListElement\":[{\"@type\":\"ListItem\",\"position\":1,\"name\":\"Portada\",\"item\":\"https:\\\/\\\/lospoliticosveracruz.com\\\/\"},{\"@type\":\"ListItem\",\"position\":2,\"name\":\"FEUDALIZACI\u00d3N O MODERNIDAD\"}]},{\"@type\":\"WebSite\",\"@id\":\"https:\\\/\\\/lospoliticosveracruz.com\\\/#website\",\"url\":\"https:\\\/\\\/lospoliticosveracruz.com\\\/\",\"name\":\"Los pol\u00edticos Veracruz\",\"description\":\"\",\"publisher\":{\"@id\":\"https:\\\/\\\/lospoliticosveracruz.com\\\/#organization\"},\"potentialAction\":[{\"@type\":\"SearchAction\",\"target\":{\"@type\":\"EntryPoint\",\"urlTemplate\":\"https:\\\/\\\/lospoliticosveracruz.com\\\/?s={search_term_string}\"},\"query-input\":{\"@type\":\"PropertyValueSpecification\",\"valueRequired\":true,\"valueName\":\"search_term_string\"}}],\"inLanguage\":\"es\"},{\"@type\":\"Organization\",\"@id\":\"https:\\\/\\\/lospoliticosveracruz.com\\\/#organization\",\"name\":\"Los pol\u00edticos Veracruz\",\"url\":\"https:\\\/\\\/lospoliticosveracruz.com\\\/\",\"logo\":{\"@type\":\"ImageObject\",\"inLanguage\":\"es\",\"@id\":\"https:\\\/\\\/lospoliticosveracruz.com\\\/#\\\/schema\\\/logo\\\/image\\\/\",\"url\":\"https:\\\/\\\/lospoliticosveracruz.com\\\/wp-content\\\/uploads\\\/2025\\\/12\\\/Logo-Nuevo-LOS-POLITICOS-1.jpg\",\"contentUrl\":\"https:\\\/\\\/lospoliticosveracruz.com\\\/wp-content\\\/uploads\\\/2025\\\/12\\\/Logo-Nuevo-LOS-POLITICOS-1.jpg\",\"width\":260,\"height\":70,\"caption\":\"Los pol\u00edticos Veracruz\"},\"image\":{\"@id\":\"https:\\\/\\\/lospoliticosveracruz.com\\\/#\\\/schema\\\/logo\\\/image\\\/\"},\"sameAs\":[\"https:\\\/\\\/www.facebook.com\\\/people\\\/Notimemes-de-los-Polticos\\\/61565672886568\\\/\",\"https:\\\/\\\/x.com\\\/LosPoliticosVer\"]},{\"@type\":\"Person\",\"@id\":\"https:\\\/\\\/lospoliticosveracruz.com\\\/#\\\/schema\\\/person\\\/b8702bb0e538456e6efd07080bf2a4a2\",\"name\":\"Lo viste en Los Pol\u00edticos\",\"image\":{\"@type\":\"ImageObject\",\"inLanguage\":\"es\",\"@id\":\"https:\\\/\\\/secure.gravatar.com\\\/avatar\\\/3a8de04a2656d44082be478bd6c086daa447c4651605818287b9532d3d0bd435?s=96&d=mm&r=g\",\"url\":\"https:\\\/\\\/secure.gravatar.com\\\/avatar\\\/3a8de04a2656d44082be478bd6c086daa447c4651605818287b9532d3d0bd435?s=96&d=mm&r=g\",\"contentUrl\":\"https:\\\/\\\/secure.gravatar.com\\\/avatar\\\/3a8de04a2656d44082be478bd6c086daa447c4651605818287b9532d3d0bd435?s=96&d=mm&r=g\",\"caption\":\"Lo viste en Los Pol\u00edticos\"},\"url\":\"https:\\\/\\\/lospoliticosveracruz.com\\\/?author=2\"}]}<\/script>\n<!-- \/ Yoast SEO plugin. -->","yoast_head_json":{"title":"FEUDALIZACI\u00d3N O MODERNIDAD - Los pol\u00edticos Veracruz","robots":{"index":"index","follow":"follow","max-snippet":"max-snippet:-1","max-image-preview":"max-image-preview:large","max-video-preview":"max-video-preview:-1"},"canonical":"https:\/\/lospoliticosveracruz.com\/?p=110392","og_locale":"es_ES","og_type":"article","og_title":"FEUDALIZACI\u00d3N O MODERNIDAD - Los pol\u00edticos Veracruz","og_description":"Inocencio Y\u00e1\u00f1ez Vicencio En la periodizaci\u00f3n m\u00e1s aceptada de la historia, se parte de la Comunidad Primitiva, la Antig\u00fcedad o R\u00e9gimen Esclavista, Edad Media y Edad Contempor\u00e1nea. En la Media, que abarca del siglo V al siglo XV, se presenta un r\u00e9gimen en cuya cabeza est\u00e1 el se\u00f1or feudal y en la base el siervo, [&hellip;]","og_url":"https:\/\/lospoliticosveracruz.com\/?p=110392","og_site_name":"Los pol\u00edticos Veracruz","article_publisher":"https:\/\/www.facebook.com\/people\/Notimemes-de-los-Polticos\/61565672886568\/","article_published_time":"2023-08-21T19:25:37+00:00","article_modified_time":"2023-08-21T19:25:49+00:00","og_image":[{"url":"https:\/\/lospoliticosveracruz.com.mx\/wp-content\/uploads\/2016\/07\/Seguro-Julio-Cerecedo-2-1024x381.jpg","type":"","width":"","height":""}],"author":"Lo viste en Los Pol\u00edticos","twitter_card":"summary_large_image","twitter_creator":"@LosPoliticosVer","twitter_site":"@LosPoliticosVer","twitter_misc":{"Escrito por":"Lo viste en Los Pol\u00edticos","Tiempo de lectura":"7 minutos"},"schema":{"@context":"https:\/\/schema.org","@graph":[{"@type":"Article","@id":"https:\/\/lospoliticosveracruz.com\/?p=110392#article","isPartOf":{"@id":"https:\/\/lospoliticosveracruz.com\/?p=110392"},"author":{"name":"Lo viste en Los Pol\u00edticos","@id":"https:\/\/lospoliticosveracruz.com\/#\/schema\/person\/b8702bb0e538456e6efd07080bf2a4a2"},"headline":"FEUDALIZACI\u00d3N O MODERNIDAD","datePublished":"2023-08-21T19:25:37+00:00","dateModified":"2023-08-21T19:25:49+00:00","mainEntityOfPage":{"@id":"https:\/\/lospoliticosveracruz.com\/?p=110392"},"wordCount":1488,"publisher":{"@id":"https:\/\/lospoliticosveracruz.com\/#organization"},"image":{"@id":"https:\/\/lospoliticosveracruz.com\/?p=110392#primaryimage"},"thumbnailUrl":"https:\/\/lospoliticosveracruz.com.mx\/wp-content\/uploads\/2016\/07\/Seguro-Julio-Cerecedo-2-1024x381.jpg","keywords":["Andr\u00e9s Manuel L\u00f3pez Obrador","Inocencio Y\u00e1\u00f1ez Vicencio","Morena"],"articleSection":["De Opini\u00f3n"],"inLanguage":"es"},{"@type":"WebPage","@id":"https:\/\/lospoliticosveracruz.com\/?p=110392","url":"https:\/\/lospoliticosveracruz.com\/?p=110392","name":"FEUDALIZACI\u00d3N O MODERNIDAD - Los pol\u00edticos Veracruz","isPartOf":{"@id":"https:\/\/lospoliticosveracruz.com\/#website"},"primaryImageOfPage":{"@id":"https:\/\/lospoliticosveracruz.com\/?p=110392#primaryimage"},"image":{"@id":"https:\/\/lospoliticosveracruz.com\/?p=110392#primaryimage"},"thumbnailUrl":"https:\/\/lospoliticosveracruz.com.mx\/wp-content\/uploads\/2016\/07\/Seguro-Julio-Cerecedo-2-1024x381.jpg","datePublished":"2023-08-21T19:25:37+00:00","dateModified":"2023-08-21T19:25:49+00:00","breadcrumb":{"@id":"https:\/\/lospoliticosveracruz.com\/?p=110392#breadcrumb"},"inLanguage":"es","potentialAction":[{"@type":"ReadAction","target":["https:\/\/lospoliticosveracruz.com\/?p=110392"]}]},{"@type":"ImageObject","inLanguage":"es","@id":"https:\/\/lospoliticosveracruz.com\/?p=110392#primaryimage","url":"https:\/\/lospoliticosveracruz.com.mx\/wp-content\/uploads\/2016\/07\/Seguro-Julio-Cerecedo-2-1024x381.jpg","contentUrl":"https:\/\/lospoliticosveracruz.com.mx\/wp-content\/uploads\/2016\/07\/Seguro-Julio-Cerecedo-2-1024x381.jpg"},{"@type":"BreadcrumbList","@id":"https:\/\/lospoliticosveracruz.com\/?p=110392#breadcrumb","itemListElement":[{"@type":"ListItem","position":1,"name":"Portada","item":"https:\/\/lospoliticosveracruz.com\/"},{"@type":"ListItem","position":2,"name":"FEUDALIZACI\u00d3N O MODERNIDAD"}]},{"@type":"WebSite","@id":"https:\/\/lospoliticosveracruz.com\/#website","url":"https:\/\/lospoliticosveracruz.com\/","name":"Los pol\u00edticos Veracruz","description":"","publisher":{"@id":"https:\/\/lospoliticosveracruz.com\/#organization"},"potentialAction":[{"@type":"SearchAction","target":{"@type":"EntryPoint","urlTemplate":"https:\/\/lospoliticosveracruz.com\/?s={search_term_string}"},"query-input":{"@type":"PropertyValueSpecification","valueRequired":true,"valueName":"search_term_string"}}],"inLanguage":"es"},{"@type":"Organization","@id":"https:\/\/lospoliticosveracruz.com\/#organization","name":"Los pol\u00edticos Veracruz","url":"https:\/\/lospoliticosveracruz.com\/","logo":{"@type":"ImageObject","inLanguage":"es","@id":"https:\/\/lospoliticosveracruz.com\/#\/schema\/logo\/image\/","url":"https:\/\/lospoliticosveracruz.com\/wp-content\/uploads\/2025\/12\/Logo-Nuevo-LOS-POLITICOS-1.jpg","contentUrl":"https:\/\/lospoliticosveracruz.com\/wp-content\/uploads\/2025\/12\/Logo-Nuevo-LOS-POLITICOS-1.jpg","width":260,"height":70,"caption":"Los pol\u00edticos Veracruz"},"image":{"@id":"https:\/\/lospoliticosveracruz.com\/#\/schema\/logo\/image\/"},"sameAs":["https:\/\/www.facebook.com\/people\/Notimemes-de-los-Polticos\/61565672886568\/","https:\/\/x.com\/LosPoliticosVer"]},{"@type":"Person","@id":"https:\/\/lospoliticosveracruz.com\/#\/schema\/person\/b8702bb0e538456e6efd07080bf2a4a2","name":"Lo viste en Los Pol\u00edticos","image":{"@type":"ImageObject","inLanguage":"es","@id":"https:\/\/secure.gravatar.com\/avatar\/3a8de04a2656d44082be478bd6c086daa447c4651605818287b9532d3d0bd435?s=96&d=mm&r=g","url":"https:\/\/secure.gravatar.com\/avatar\/3a8de04a2656d44082be478bd6c086daa447c4651605818287b9532d3d0bd435?s=96&d=mm&r=g","contentUrl":"https:\/\/secure.gravatar.com\/avatar\/3a8de04a2656d44082be478bd6c086daa447c4651605818287b9532d3d0bd435?s=96&d=mm&r=g","caption":"Lo viste en Los Pol\u00edticos"},"url":"https:\/\/lospoliticosveracruz.com\/?author=2"}]}},"_links":{"self":[{"href":"https:\/\/lospoliticosveracruz.com\/index.php?rest_route=\/wp\/v2\/posts\/110392","targetHints":{"allow":["GET"]}}],"collection":[{"href":"https:\/\/lospoliticosveracruz.com\/index.php?rest_route=\/wp\/v2\/posts"}],"about":[{"href":"https:\/\/lospoliticosveracruz.com\/index.php?rest_route=\/wp\/v2\/types\/post"}],"author":[{"embeddable":true,"href":"https:\/\/lospoliticosveracruz.com\/index.php?rest_route=\/wp\/v2\/users\/2"}],"replies":[{"embeddable":true,"href":"https:\/\/lospoliticosveracruz.com\/index.php?rest_route=%2Fwp%2Fv2%2Fcomments&post=110392"}],"version-history":[{"count":1,"href":"https:\/\/lospoliticosveracruz.com\/index.php?rest_route=\/wp\/v2\/posts\/110392\/revisions"}],"predecessor-version":[{"id":110393,"href":"https:\/\/lospoliticosveracruz.com\/index.php?rest_route=\/wp\/v2\/posts\/110392\/revisions\/110393"}],"wp:attachment":[{"href":"https:\/\/lospoliticosveracruz.com\/index.php?rest_route=%2Fwp%2Fv2%2Fmedia&parent=110392"}],"wp:term":[{"taxonomy":"category","embeddable":true,"href":"https:\/\/lospoliticosveracruz.com\/index.php?rest_route=%2Fwp%2Fv2%2Fcategories&post=110392"},{"taxonomy":"post_tag","embeddable":true,"href":"https:\/\/lospoliticosveracruz.com\/index.php?rest_route=%2Fwp%2Fv2%2Ftags&post=110392"}],"curies":[{"name":"wp","href":"https:\/\/api.w.org\/{rel}","templated":true}]}}