{"id":110461,"date":"2023-08-22T15:15:36","date_gmt":"2023-08-22T20:15:36","guid":{"rendered":"https:\/\/lospoliticosveracruz.com.mx\/?p=110461"},"modified":"2023-08-22T15:15:40","modified_gmt":"2023-08-22T20:15:40","slug":"atiende-ahued-a-vecinos-de-jardines-de-xalapa","status":"publish","type":"post","link":"https:\/\/lospoliticosveracruz.com\/?p=110461","title":{"rendered":"ATIENDE AHUED A VECINOS DE JARDINES DE XALAPA"},"content":{"rendered":"\n<p>Ricardo Ahued los atendi\u00f3 personalmente en el Lunes Ciudadano. El alcalde escuch\u00f3 cada una de las demandas y peticiones que le llevaron. Vio con detenimiento las im\u00e1genes y los oficios que este comit\u00e9 de Vecinos no s\u00f3lo ha entregado a Presidencia Municipal, sino tambi\u00e9n a Obras P\u00fablicas y Medio Ambiente. Observ\u00f3 c\u00f3mo el Proyecto de Rehabilitaci\u00f3n del Parque no fue concluido como estaba establecido en esta \u00e1rea\u2026 vio las piedras que fueron amontonadas a un costado del centro de este pulm\u00f3n verde de Jardines de Xalapa, pero sobre todo, percibi\u00f3 el justo reclamo que estos cond\u00f3minos le hac\u00edan, tanto, que de inmediato llam\u00f3 al jefe del Departamento de Ejecuci\u00f3n de Obra P\u00fablica por Administraci\u00f3n Directa (EOPAD), Rey David Hern\u00e1ndez Mart\u00ednez, para que los recibiera.<\/p>\n\n\n<div class=\"wp-block-image\">\n<figure class=\"alignleft size-full is-resized\"><a href=\"https:\/\/lospoliticosveracruz.com.mx\/wp-content\/uploads\/2023\/04\/Alex-Dore-Pole-Dance.jpg\"><img loading=\"lazy\" decoding=\"async\" src=\"https:\/\/lospoliticosveracruz.com.mx\/wp-content\/uploads\/2023\/04\/Alex-Dore-Pole-Dance.jpg\" alt=\"\" class=\"wp-image-104879\" width=\"175\" height=\"175\" srcset=\"https:\/\/lospoliticosveracruz.com\/wp-content\/uploads\/2023\/04\/Alex-Dore-Pole-Dance.jpg 700w, https:\/\/lospoliticosveracruz.com\/wp-content\/uploads\/2023\/04\/Alex-Dore-Pole-Dance-300x300.jpg 300w, https:\/\/lospoliticosveracruz.com\/wp-content\/uploads\/2023\/04\/Alex-Dore-Pole-Dance-150x150.jpg 150w, https:\/\/lospoliticosveracruz.com\/wp-content\/uploads\/2023\/04\/Alex-Dore-Pole-Dance-125x125.jpg 125w\" sizes=\"auto, (max-width: 175px) 100vw, 175px\" \/><\/a><\/figure>\n<\/div>\n\n\n<p>En el parque de Jardines de Xalapa, a principios de este a\u00f1o, se inici\u00f3 una obra de rehabilitaci\u00f3n donde la empresa mostr\u00f3 en qu\u00e9 iba a consistir tal proyecto y tuvo el consenso de los vecinos pero conforme iba avanzando la obra, \u00e9stos se dieron cuenta que sobre la marcha, la empresa alter\u00f3 la idea inicial y aprobada por ellos\u2026 empezaron los reclamos.<\/p>\n\n\n\n<p>Al tiempo, la empresa, que es evidente que no s\u00f3lo le fall\u00f3 a los vecinos, sino tambi\u00e9n al mismo alcalde, entreg\u00f3 la obra \u201cterminada\u201d&#8230;<\/p>\n\n\n\n<p>S\u00ed, \u201cterminada\u201d, porque dej\u00f3 escombro, piedras por un lado y por otro\u2026 y no fue del todo satisfactoria para los vecinos, que reclamos les sobraron y generaron algunas dudas, como por ejemplo: \u00bfD\u00f3nde hab\u00eda quedado la Plaza de las Flores? En el Proyecto estaba contemplada la construcci\u00f3n de una jardinera en el centro del parque para dar justificaci\u00f3n al nombre, tanto de la unidad como con el que bautizaron la plaza que qued\u00f3 nom\u00e1s en el papel\u2026 el asta se perdi\u00f3 incluso, ya no la volvieron a poner, dejando as\u00ed de lado, cualquier intenci\u00f3n c\u00edvica por parte de escuelas, el mismo gobierno o autoridades militares, de rendir honores en este parque\u2026<\/p>\n\n\n\n<p>El mismo alcalde hab\u00eda visto potencial en el parque de Jardines de Xalapa para hacer una especie de Los Berros donde hubiera actividades culturales, en especial dirigidas a ni\u00f1os, pero as\u00ed como \u201cterminaron\u201d la obra, s\u00f3lo ser\u00eda posible esto habiendo una \u201crehabilitaci\u00f3n\u201d de la \u201crehabilitaci\u00f3n\u201d.<\/p>\n\n\n\n<p>No obstante todo esto, el lunes los vecinos recibieron del Presidente Municipal una respuesta positiva, as\u00ed como del jefe del departamento de EOPAD a tal grado, que Rey David se comprometi\u00f3 a entregar tanto al alcalde como a los vecinos, dise\u00f1os para terminar lo que no hizo la empresa encargada.<\/p>\n\n\n\n<p>Por otro lado, en Medio Ambiente, hay igual intenci\u00f3n de participar de manera activa en la remediaci\u00f3n del \u00e1rea verde as\u00ed como de su cuidado.<\/p>\n\n\n\n<p>Adem\u00e1s, Alumbrado P\u00fablico y CMAS han iniciado una serie de recorridos para detectar \u00e1reas que requieran de su atenci\u00f3n, como por ejemplo, falta de alcantarillas o que est\u00e9n deterioradas, lo que pone en riesgo al peat\u00f3n; atenci\u00f3n a desag\u00fces y revisi\u00f3n de l\u00e1mparas.<\/p>\n\n\n\n<p>Hay que agregar que en reciente reuni\u00f3n con el titular de Participaci\u00f3n Ciudadana, Juan Mar\u00edn, abri\u00f3 la opci\u00f3n de un programa para pintar los edificios\u2026<\/p>\n\n\n\n<p>En t\u00e9rminos generales, la atenci\u00f3n que hubo del presidente municipal Ricardo Ahued, con los vecinos, fue satisfactoria, como esperan sea la reuni\u00f3n con los funcionarios Rey David Hern\u00e1ndez y Juan Mar\u00edn, donde se d\u00e9 a conocer en breve, los nuevos dise\u00f1os que den por concluida a satisfacci\u00f3n, esta obra que una empresa dej\u00f3 a medias en Jardines de Xalapa.<\/p>\n","protected":false},"excerpt":{"rendered":"<p>Ricardo Ahued los atendi\u00f3 personalmente en el Lunes Ciudadano. El alcalde escuch\u00f3 cada una de las demandas y peticiones que le llevaron. Vio con detenimiento las im\u00e1genes y los oficios que este comit\u00e9 de Vecinos no s\u00f3lo ha entregado a Presidencia Municipal, sino tambi\u00e9n a Obras P\u00fablicas y Medio Ambiente. Observ\u00f3 c\u00f3mo el Proyecto de [&hellip;]<\/p>\n","protected":false},"author":2,"featured_media":0,"comment_status":"closed","ping_status":"closed","sticky":false,"template":"","format":"standard","meta":{"tdm_status":"","tdm_grid_status":"","footnotes":""},"categories":[72],"tags":[1534,2536,32283,2812],"class_list":{"0":"post-110461","1":"post","2":"type-post","3":"status-publish","4":"format-standard","6":"category-palomazos","7":"tag-ayuntamiento-de-xalapa","8":"tag-jardines-de-xalapa","9":"tag-lunes-ciudadano","10":"tag-ricardo-ahued-bardahuil"},"yoast_head":"<!-- This site is optimized with the Yoast SEO plugin v27.4 - https:\/\/yoast.com\/product\/yoast-seo-wordpress\/ -->\n<title>ATIENDE AHUED A VECINOS DE JARDINES DE XALAPA - Los pol\u00edticos Veracruz<\/title>\n<meta name=\"robots\" content=\"index, follow, max-snippet:-1, max-image-preview:large, max-video-preview:-1\" \/>\n<link rel=\"canonical\" href=\"https:\/\/lospoliticosveracruz.com\/?p=110461\" \/>\n<meta property=\"og:locale\" content=\"es_ES\" \/>\n<meta property=\"og:type\" content=\"article\" \/>\n<meta property=\"og:title\" content=\"ATIENDE AHUED A VECINOS DE JARDINES DE XALAPA - Los pol\u00edticos Veracruz\" \/>\n<meta property=\"og:description\" content=\"Ricardo Ahued los atendi\u00f3 personalmente en el Lunes Ciudadano. El alcalde escuch\u00f3 cada una de las demandas y peticiones que le llevaron. Vio con detenimiento las im\u00e1genes y los oficios que este comit\u00e9 de Vecinos no s\u00f3lo ha entregado a Presidencia Municipal, sino tambi\u00e9n a Obras P\u00fablicas y Medio Ambiente. Observ\u00f3 c\u00f3mo el Proyecto de [&hellip;]\" \/>\n<meta property=\"og:url\" content=\"https:\/\/lospoliticosveracruz.com\/?p=110461\" \/>\n<meta property=\"og:site_name\" content=\"Los pol\u00edticos Veracruz\" \/>\n<meta property=\"article:publisher\" content=\"https:\/\/www.facebook.com\/people\/Notimemes-de-los-Polticos\/61565672886568\/\" \/>\n<meta property=\"article:published_time\" content=\"2023-08-22T20:15:36+00:00\" \/>\n<meta property=\"article:modified_time\" content=\"2023-08-22T20:15:40+00:00\" \/>\n<meta property=\"og:image\" content=\"https:\/\/lospoliticosveracruz.com.mx\/wp-content\/uploads\/2023\/04\/Alex-Dore-Pole-Dance.jpg\" \/>\n<meta name=\"author\" content=\"Lo viste en Los Pol\u00edticos\" \/>\n<meta name=\"twitter:card\" content=\"summary_large_image\" \/>\n<meta name=\"twitter:creator\" content=\"@LosPoliticosVer\" \/>\n<meta name=\"twitter:site\" content=\"@LosPoliticosVer\" \/>\n<meta name=\"twitter:label1\" content=\"Escrito por\" \/>\n\t<meta name=\"twitter:data1\" content=\"Lo viste en Los Pol\u00edticos\" \/>\n\t<meta name=\"twitter:label2\" content=\"Tiempo de lectura\" \/>\n\t<meta name=\"twitter:data2\" content=\"3 minutos\" \/>\n<script type=\"application\/ld+json\" class=\"yoast-schema-graph\">{\"@context\":\"https:\\\/\\\/schema.org\",\"@graph\":[{\"@type\":\"Article\",\"@id\":\"https:\\\/\\\/lospoliticosveracruz.com\\\/?p=110461#article\",\"isPartOf\":{\"@id\":\"https:\\\/\\\/lospoliticosveracruz.com\\\/?p=110461\"},\"author\":{\"name\":\"Lo viste en Los Pol\u00edticos\",\"@id\":\"https:\\\/\\\/lospoliticosveracruz.com\\\/#\\\/schema\\\/person\\\/b8702bb0e538456e6efd07080bf2a4a2\"},\"headline\":\"ATIENDE AHUED A VECINOS DE JARDINES DE XALAPA\",\"datePublished\":\"2023-08-22T20:15:36+00:00\",\"dateModified\":\"2023-08-22T20:15:40+00:00\",\"mainEntityOfPage\":{\"@id\":\"https:\\\/\\\/lospoliticosveracruz.com\\\/?p=110461\"},\"wordCount\":631,\"publisher\":{\"@id\":\"https:\\\/\\\/lospoliticosveracruz.com\\\/#organization\"},\"image\":{\"@id\":\"https:\\\/\\\/lospoliticosveracruz.com\\\/?p=110461#primaryimage\"},\"thumbnailUrl\":\"https:\\\/\\\/lospoliticosveracruz.com.mx\\\/wp-content\\\/uploads\\\/2023\\\/04\\\/Alex-Dore-Pole-Dance.jpg\",\"keywords\":[\"ayuntamiento de Xalapa\",\"Jardines de Xalapa\",\"Lunes Ciudadano\",\"Ricardo Ahued Bardahuil\"],\"articleSection\":[\"Palomazos\"],\"inLanguage\":\"es\"},{\"@type\":\"WebPage\",\"@id\":\"https:\\\/\\\/lospoliticosveracruz.com\\\/?p=110461\",\"url\":\"https:\\\/\\\/lospoliticosveracruz.com\\\/?p=110461\",\"name\":\"ATIENDE AHUED A VECINOS DE JARDINES DE XALAPA - Los pol\u00edticos Veracruz\",\"isPartOf\":{\"@id\":\"https:\\\/\\\/lospoliticosveracruz.com\\\/#website\"},\"primaryImageOfPage\":{\"@id\":\"https:\\\/\\\/lospoliticosveracruz.com\\\/?p=110461#primaryimage\"},\"image\":{\"@id\":\"https:\\\/\\\/lospoliticosveracruz.com\\\/?p=110461#primaryimage\"},\"thumbnailUrl\":\"https:\\\/\\\/lospoliticosveracruz.com.mx\\\/wp-content\\\/uploads\\\/2023\\\/04\\\/Alex-Dore-Pole-Dance.jpg\",\"datePublished\":\"2023-08-22T20:15:36+00:00\",\"dateModified\":\"2023-08-22T20:15:40+00:00\",\"breadcrumb\":{\"@id\":\"https:\\\/\\\/lospoliticosveracruz.com\\\/?p=110461#breadcrumb\"},\"inLanguage\":\"es\",\"potentialAction\":[{\"@type\":\"ReadAction\",\"target\":[\"https:\\\/\\\/lospoliticosveracruz.com\\\/?p=110461\"]}]},{\"@type\":\"ImageObject\",\"inLanguage\":\"es\",\"@id\":\"https:\\\/\\\/lospoliticosveracruz.com\\\/?p=110461#primaryimage\",\"url\":\"https:\\\/\\\/lospoliticosveracruz.com.mx\\\/wp-content\\\/uploads\\\/2023\\\/04\\\/Alex-Dore-Pole-Dance.jpg\",\"contentUrl\":\"https:\\\/\\\/lospoliticosveracruz.com.mx\\\/wp-content\\\/uploads\\\/2023\\\/04\\\/Alex-Dore-Pole-Dance.jpg\"},{\"@type\":\"BreadcrumbList\",\"@id\":\"https:\\\/\\\/lospoliticosveracruz.com\\\/?p=110461#breadcrumb\",\"itemListElement\":[{\"@type\":\"ListItem\",\"position\":1,\"name\":\"Portada\",\"item\":\"https:\\\/\\\/lospoliticosveracruz.com\\\/\"},{\"@type\":\"ListItem\",\"position\":2,\"name\":\"ATIENDE AHUED A VECINOS DE JARDINES DE XALAPA\"}]},{\"@type\":\"WebSite\",\"@id\":\"https:\\\/\\\/lospoliticosveracruz.com\\\/#website\",\"url\":\"https:\\\/\\\/lospoliticosveracruz.com\\\/\",\"name\":\"Los pol\u00edticos Veracruz\",\"description\":\"\",\"publisher\":{\"@id\":\"https:\\\/\\\/lospoliticosveracruz.com\\\/#organization\"},\"potentialAction\":[{\"@type\":\"SearchAction\",\"target\":{\"@type\":\"EntryPoint\",\"urlTemplate\":\"https:\\\/\\\/lospoliticosveracruz.com\\\/?s={search_term_string}\"},\"query-input\":{\"@type\":\"PropertyValueSpecification\",\"valueRequired\":true,\"valueName\":\"search_term_string\"}}],\"inLanguage\":\"es\"},{\"@type\":\"Organization\",\"@id\":\"https:\\\/\\\/lospoliticosveracruz.com\\\/#organization\",\"name\":\"Los pol\u00edticos Veracruz\",\"url\":\"https:\\\/\\\/lospoliticosveracruz.com\\\/\",\"logo\":{\"@type\":\"ImageObject\",\"inLanguage\":\"es\",\"@id\":\"https:\\\/\\\/lospoliticosveracruz.com\\\/#\\\/schema\\\/logo\\\/image\\\/\",\"url\":\"https:\\\/\\\/lospoliticosveracruz.com\\\/wp-content\\\/uploads\\\/2025\\\/12\\\/Logo-Nuevo-LOS-POLITICOS-1.jpg\",\"contentUrl\":\"https:\\\/\\\/lospoliticosveracruz.com\\\/wp-content\\\/uploads\\\/2025\\\/12\\\/Logo-Nuevo-LOS-POLITICOS-1.jpg\",\"width\":260,\"height\":70,\"caption\":\"Los pol\u00edticos Veracruz\"},\"image\":{\"@id\":\"https:\\\/\\\/lospoliticosveracruz.com\\\/#\\\/schema\\\/logo\\\/image\\\/\"},\"sameAs\":[\"https:\\\/\\\/www.facebook.com\\\/people\\\/Notimemes-de-los-Polticos\\\/61565672886568\\\/\",\"https:\\\/\\\/x.com\\\/LosPoliticosVer\"]},{\"@type\":\"Person\",\"@id\":\"https:\\\/\\\/lospoliticosveracruz.com\\\/#\\\/schema\\\/person\\\/b8702bb0e538456e6efd07080bf2a4a2\",\"name\":\"Lo viste en Los Pol\u00edticos\",\"image\":{\"@type\":\"ImageObject\",\"inLanguage\":\"es\",\"@id\":\"https:\\\/\\\/secure.gravatar.com\\\/avatar\\\/3a8de04a2656d44082be478bd6c086daa447c4651605818287b9532d3d0bd435?s=96&d=mm&r=g\",\"url\":\"https:\\\/\\\/secure.gravatar.com\\\/avatar\\\/3a8de04a2656d44082be478bd6c086daa447c4651605818287b9532d3d0bd435?s=96&d=mm&r=g\",\"contentUrl\":\"https:\\\/\\\/secure.gravatar.com\\\/avatar\\\/3a8de04a2656d44082be478bd6c086daa447c4651605818287b9532d3d0bd435?s=96&d=mm&r=g\",\"caption\":\"Lo viste en Los Pol\u00edticos\"},\"url\":\"https:\\\/\\\/lospoliticosveracruz.com\\\/?author=2\"}]}<\/script>\n<!-- \/ Yoast SEO plugin. -->","yoast_head_json":{"title":"ATIENDE AHUED A VECINOS DE JARDINES DE XALAPA - Los pol\u00edticos Veracruz","robots":{"index":"index","follow":"follow","max-snippet":"max-snippet:-1","max-image-preview":"max-image-preview:large","max-video-preview":"max-video-preview:-1"},"canonical":"https:\/\/lospoliticosveracruz.com\/?p=110461","og_locale":"es_ES","og_type":"article","og_title":"ATIENDE AHUED A VECINOS DE JARDINES DE XALAPA - Los pol\u00edticos Veracruz","og_description":"Ricardo Ahued los atendi\u00f3 personalmente en el Lunes Ciudadano. El alcalde escuch\u00f3 cada una de las demandas y peticiones que le llevaron. Vio con detenimiento las im\u00e1genes y los oficios que este comit\u00e9 de Vecinos no s\u00f3lo ha entregado a Presidencia Municipal, sino tambi\u00e9n a Obras P\u00fablicas y Medio Ambiente. Observ\u00f3 c\u00f3mo el Proyecto de [&hellip;]","og_url":"https:\/\/lospoliticosveracruz.com\/?p=110461","og_site_name":"Los pol\u00edticos Veracruz","article_publisher":"https:\/\/www.facebook.com\/people\/Notimemes-de-los-Polticos\/61565672886568\/","article_published_time":"2023-08-22T20:15:36+00:00","article_modified_time":"2023-08-22T20:15:40+00:00","og_image":[{"url":"https:\/\/lospoliticosveracruz.com.mx\/wp-content\/uploads\/2023\/04\/Alex-Dore-Pole-Dance.jpg","type":"","width":"","height":""}],"author":"Lo viste en Los Pol\u00edticos","twitter_card":"summary_large_image","twitter_creator":"@LosPoliticosVer","twitter_site":"@LosPoliticosVer","twitter_misc":{"Escrito por":"Lo viste en Los Pol\u00edticos","Tiempo de lectura":"3 minutos"},"schema":{"@context":"https:\/\/schema.org","@graph":[{"@type":"Article","@id":"https:\/\/lospoliticosveracruz.com\/?p=110461#article","isPartOf":{"@id":"https:\/\/lospoliticosveracruz.com\/?p=110461"},"author":{"name":"Lo viste en Los Pol\u00edticos","@id":"https:\/\/lospoliticosveracruz.com\/#\/schema\/person\/b8702bb0e538456e6efd07080bf2a4a2"},"headline":"ATIENDE AHUED A VECINOS DE JARDINES DE XALAPA","datePublished":"2023-08-22T20:15:36+00:00","dateModified":"2023-08-22T20:15:40+00:00","mainEntityOfPage":{"@id":"https:\/\/lospoliticosveracruz.com\/?p=110461"},"wordCount":631,"publisher":{"@id":"https:\/\/lospoliticosveracruz.com\/#organization"},"image":{"@id":"https:\/\/lospoliticosveracruz.com\/?p=110461#primaryimage"},"thumbnailUrl":"https:\/\/lospoliticosveracruz.com.mx\/wp-content\/uploads\/2023\/04\/Alex-Dore-Pole-Dance.jpg","keywords":["ayuntamiento de Xalapa","Jardines de Xalapa","Lunes Ciudadano","Ricardo Ahued Bardahuil"],"articleSection":["Palomazos"],"inLanguage":"es"},{"@type":"WebPage","@id":"https:\/\/lospoliticosveracruz.com\/?p=110461","url":"https:\/\/lospoliticosveracruz.com\/?p=110461","name":"ATIENDE AHUED A VECINOS DE JARDINES DE XALAPA - Los pol\u00edticos Veracruz","isPartOf":{"@id":"https:\/\/lospoliticosveracruz.com\/#website"},"primaryImageOfPage":{"@id":"https:\/\/lospoliticosveracruz.com\/?p=110461#primaryimage"},"image":{"@id":"https:\/\/lospoliticosveracruz.com\/?p=110461#primaryimage"},"thumbnailUrl":"https:\/\/lospoliticosveracruz.com.mx\/wp-content\/uploads\/2023\/04\/Alex-Dore-Pole-Dance.jpg","datePublished":"2023-08-22T20:15:36+00:00","dateModified":"2023-08-22T20:15:40+00:00","breadcrumb":{"@id":"https:\/\/lospoliticosveracruz.com\/?p=110461#breadcrumb"},"inLanguage":"es","potentialAction":[{"@type":"ReadAction","target":["https:\/\/lospoliticosveracruz.com\/?p=110461"]}]},{"@type":"ImageObject","inLanguage":"es","@id":"https:\/\/lospoliticosveracruz.com\/?p=110461#primaryimage","url":"https:\/\/lospoliticosveracruz.com.mx\/wp-content\/uploads\/2023\/04\/Alex-Dore-Pole-Dance.jpg","contentUrl":"https:\/\/lospoliticosveracruz.com.mx\/wp-content\/uploads\/2023\/04\/Alex-Dore-Pole-Dance.jpg"},{"@type":"BreadcrumbList","@id":"https:\/\/lospoliticosveracruz.com\/?p=110461#breadcrumb","itemListElement":[{"@type":"ListItem","position":1,"name":"Portada","item":"https:\/\/lospoliticosveracruz.com\/"},{"@type":"ListItem","position":2,"name":"ATIENDE AHUED A VECINOS DE JARDINES DE XALAPA"}]},{"@type":"WebSite","@id":"https:\/\/lospoliticosveracruz.com\/#website","url":"https:\/\/lospoliticosveracruz.com\/","name":"Los pol\u00edticos Veracruz","description":"","publisher":{"@id":"https:\/\/lospoliticosveracruz.com\/#organization"},"potentialAction":[{"@type":"SearchAction","target":{"@type":"EntryPoint","urlTemplate":"https:\/\/lospoliticosveracruz.com\/?s={search_term_string}"},"query-input":{"@type":"PropertyValueSpecification","valueRequired":true,"valueName":"search_term_string"}}],"inLanguage":"es"},{"@type":"Organization","@id":"https:\/\/lospoliticosveracruz.com\/#organization","name":"Los pol\u00edticos Veracruz","url":"https:\/\/lospoliticosveracruz.com\/","logo":{"@type":"ImageObject","inLanguage":"es","@id":"https:\/\/lospoliticosveracruz.com\/#\/schema\/logo\/image\/","url":"https:\/\/lospoliticosveracruz.com\/wp-content\/uploads\/2025\/12\/Logo-Nuevo-LOS-POLITICOS-1.jpg","contentUrl":"https:\/\/lospoliticosveracruz.com\/wp-content\/uploads\/2025\/12\/Logo-Nuevo-LOS-POLITICOS-1.jpg","width":260,"height":70,"caption":"Los pol\u00edticos Veracruz"},"image":{"@id":"https:\/\/lospoliticosveracruz.com\/#\/schema\/logo\/image\/"},"sameAs":["https:\/\/www.facebook.com\/people\/Notimemes-de-los-Polticos\/61565672886568\/","https:\/\/x.com\/LosPoliticosVer"]},{"@type":"Person","@id":"https:\/\/lospoliticosveracruz.com\/#\/schema\/person\/b8702bb0e538456e6efd07080bf2a4a2","name":"Lo viste en Los Pol\u00edticos","image":{"@type":"ImageObject","inLanguage":"es","@id":"https:\/\/secure.gravatar.com\/avatar\/3a8de04a2656d44082be478bd6c086daa447c4651605818287b9532d3d0bd435?s=96&d=mm&r=g","url":"https:\/\/secure.gravatar.com\/avatar\/3a8de04a2656d44082be478bd6c086daa447c4651605818287b9532d3d0bd435?s=96&d=mm&r=g","contentUrl":"https:\/\/secure.gravatar.com\/avatar\/3a8de04a2656d44082be478bd6c086daa447c4651605818287b9532d3d0bd435?s=96&d=mm&r=g","caption":"Lo viste en Los Pol\u00edticos"},"url":"https:\/\/lospoliticosveracruz.com\/?author=2"}]}},"_links":{"self":[{"href":"https:\/\/lospoliticosveracruz.com\/index.php?rest_route=\/wp\/v2\/posts\/110461","targetHints":{"allow":["GET"]}}],"collection":[{"href":"https:\/\/lospoliticosveracruz.com\/index.php?rest_route=\/wp\/v2\/posts"}],"about":[{"href":"https:\/\/lospoliticosveracruz.com\/index.php?rest_route=\/wp\/v2\/types\/post"}],"author":[{"embeddable":true,"href":"https:\/\/lospoliticosveracruz.com\/index.php?rest_route=\/wp\/v2\/users\/2"}],"replies":[{"embeddable":true,"href":"https:\/\/lospoliticosveracruz.com\/index.php?rest_route=%2Fwp%2Fv2%2Fcomments&post=110461"}],"version-history":[{"count":1,"href":"https:\/\/lospoliticosveracruz.com\/index.php?rest_route=\/wp\/v2\/posts\/110461\/revisions"}],"predecessor-version":[{"id":110463,"href":"https:\/\/lospoliticosveracruz.com\/index.php?rest_route=\/wp\/v2\/posts\/110461\/revisions\/110463"}],"wp:attachment":[{"href":"https:\/\/lospoliticosveracruz.com\/index.php?rest_route=%2Fwp%2Fv2%2Fmedia&parent=110461"}],"wp:term":[{"taxonomy":"category","embeddable":true,"href":"https:\/\/lospoliticosveracruz.com\/index.php?rest_route=%2Fwp%2Fv2%2Fcategories&post=110461"},{"taxonomy":"post_tag","embeddable":true,"href":"https:\/\/lospoliticosveracruz.com\/index.php?rest_route=%2Fwp%2Fv2%2Ftags&post=110461"}],"curies":[{"name":"wp","href":"https:\/\/api.w.org\/{rel}","templated":true}]}}