{"id":110488,"date":"2023-08-23T08:27:35","date_gmt":"2023-08-23T13:27:35","guid":{"rendered":"https:\/\/lospoliticosveracruz.com.mx\/?p=110488"},"modified":"2023-08-23T08:29:01","modified_gmt":"2023-08-23T13:29:01","slug":"sobreviven-cuatro","status":"publish","type":"post","link":"https:\/\/lospoliticosveracruz.com\/?p=110488","title":{"rendered":"SOBREVIVEN CUATRO\u2026"},"content":{"rendered":"\n<p><strong>Jos\u00e9 Luis Ortega Vidal<br><\/strong><em>Claroscuros<br><\/em><\/p>\n\n\n\n<p><strong>(1)<\/strong><br>El seis de septiembre podr\u00edamos contar con dos candidatas presidenciales: X\u00f3chitl G\u00e1lvez del Frente Amplio por M\u00e9xico y Claudia Sheinbaum de MORENA y anexas\u2026<br>El PAN cerr\u00f3 filas en torno a la senadora hidalguense y el PRI apenas levant\u00f3 la ceja tras el retiro de Santiago Creel.<br>Democracia enga\u00f1osa la del FAM, pero menos grave que el dedazo del cual surgir\u00e1 el nombramiento de la ex jefa de gobierno de la ciudad de M\u00e9xico.<br>Sigue la duda: \u00bfY Marcelo Ebrard?<br><\/p>\n\n\n<div class=\"wp-block-image\">\n<figure class=\"alignleft size-medium\"><a href=\"https:\/\/lospoliticosveracruz.com.mx\/wp-content\/uploads\/2021\/10\/WhatsApp-Image-2021-10-02-at-15.20.25.jpeg\"><img loading=\"lazy\" decoding=\"async\" width=\"212\" height=\"300\" src=\"https:\/\/lospoliticosveracruz.com.mx\/wp-content\/uploads\/2021\/10\/WhatsApp-Image-2021-10-02-at-15.20.25-212x300.jpeg\" alt=\"\" class=\"wp-image-80177\" srcset=\"https:\/\/lospoliticosveracruz.com\/wp-content\/uploads\/2021\/10\/WhatsApp-Image-2021-10-02-at-15.20.25-212x300.jpeg 212w, https:\/\/lospoliticosveracruz.com\/wp-content\/uploads\/2021\/10\/WhatsApp-Image-2021-10-02-at-15.20.25-724x1024.jpeg 724w, https:\/\/lospoliticosveracruz.com\/wp-content\/uploads\/2021\/10\/WhatsApp-Image-2021-10-02-at-15.20.25-768x1086.jpeg 768w, https:\/\/lospoliticosveracruz.com\/wp-content\/uploads\/2021\/10\/WhatsApp-Image-2021-10-02-at-15.20.25.jpeg 905w\" sizes=\"auto, (max-width: 212px) 100vw, 212px\" \/><\/a><\/figure>\n<\/div>\n\n\n<p><strong>(2)<\/strong><br>En lo particular insisto en ubicar la respuesta a esta pregunta en la analog\u00eda de la garnacha, la manteca y los chiles: si hay chiles picosos y manteca caliente, habr\u00e1 rompimiento con MORENA y una segunda candidatura opositora fuerte.<br>Si los chiles no pican y la manteca no pasa de tibia, estaremos ante un rid\u00edculo hist\u00f3rico y repartici\u00f3n anticipada de un potencial pastel guinda.<\/p>\n\n\n\n<p><strong>(3)<\/strong><\/p>\n\n\n\n<p>Durante varios lustros, Andr\u00e9s Manuel L\u00f3pez Obrador enga\u00f1\u00f3 a seguidores y votantes que confiaron en su lucha electoral \u2013fue mi caso-.<br>AMLO se dijo dem\u00f3crata, arm\u00f3 un discurso permanente pro construcci\u00f3n democr\u00e1tica en M\u00e9xico y durante los cinco a\u00f1os que lleva en el poder devel\u00f3 una de las facetas esenciales de su verdadero rostro pol\u00edtico: no es dem\u00f3crata, es un hombre de poder autoritario.<\/p>\n\n\n\n<p><strong>(4)<\/strong><br>Ser o no ser dem\u00f3crata no es un tema menor: desde la democracia se alimentan el r\u00e9gimen y el sistema pol\u00edtico.<br>Desde la democracia se determinan rumbos de desarrollo y de justicia social.<br>Desde la democracia se construyen modelos macroecon\u00f3micos eficientes cuya ausencia pesa cuando no existe la democracia.<\/p>\n\n\n\n<p><br><strong>(5)<\/strong><br>Los dos modelos macroecon\u00f3micos exitosos en el M\u00e9xico del siglo XX transcurrieron durante las d\u00e9cadas de los 40s, 50s y 60s, cuando nuestro pa\u00eds vivi\u00f3 su primera etapa de presidentes civiles, luego de gobiernos militares producto de la Revoluci\u00f3n de 1910; Manuel \u00c1vila Camacho fue el \u00faltimo General en la presidencia, entre 1940 y 1946.<br>Me refiero a los modelos de Sustituci\u00f3n de Importaciones y Desarrollo Estabilizador.<br>Los de Miguel Alem\u00e1n Vald\u00e9s, Adolfo Ruiz Cortines, Adolfo L\u00f3pez Mateos y Gustavo D\u00edaz Ordaz no fueron sexenios democr\u00e1ticos.<br>Dichos gobiernos, empero, protagonizaron casi tres d\u00e9cadas de transici\u00f3n entre un pa\u00eds que vivi\u00f3 la Revoluci\u00f3n armada de 1910-1917 y la Guerra Cristera de 1926-1929, a un pa\u00eds pacificado y con los primeros reclamos pro democracia desde la sociedad civil.<br>Debemos reconocer la consolidaci\u00f3n del andamiaje institucional en M\u00e9xico durante aquellos gobiernos donde la paz empezaba su papel convertida en gobierno.<\/p>\n\n\n\n<p><strong>(6)<\/strong><br>L\u00e1zaro C\u00e1rdenas es reconocido como un Presidente de nivel hist\u00f3rico por haber contribuido a la estabilidad pol\u00edtica -sin m\u00e1s choques violentos entre militares- al tiempo de consolidar la Reforma Agraria y recuperar para el Estado la rector\u00eda sobre el petr\u00f3leo, recurso natural clave en la riqueza del pa\u00eds.<\/p>\n\n\n\n<p><br><strong>(7)<\/strong><\/p>\n\n\n\n<p>Con altibajos como la corrupci\u00f3n creciente, la consolidaci\u00f3n de la neo oligarqu\u00eda surgida de la Revoluci\u00f3n, el abandono al campo que C\u00e1rdenas impuls\u00f3, el periodo que surge con el alemanismo y concluye con D\u00edaz Ordaz en 1970 tuvo en Ruiz Cortines a un brillante administrador y en Antonio Ortiz Mena a un ejemplo internacional de manejo financiero.<br>Ortiz Mena fue director del IMSS durante el sexenio de Ruiz Cortines y secretario de Hacienda con L\u00f3pez Mateos y D\u00edaz Ordaz.<br>El llamado milagro mexicano, con un crecimiento de 6.6 por ciento anual de la econom\u00eda nacional y una inflaci\u00f3n del 2.2 por ciento, tiene autor\u00eda con nombre y apellido: Antonio Ortiz Mena.<br>El exitoso periodo referido fue dominado por el PRI en el poder y no fue democr\u00e1tico.<br>\u00bfPor qu\u00e9?<br>Pregunta importante: acaso por la ausencia hist\u00f3rica de una vocaci\u00f3n democr\u00e1tica en M\u00e9xico y la imposibilidad de construirla durante un periodo tan breve.<\/p>\n\n\n\n<p><br><strong>(8)<\/strong><br>Entre 1970 y el a\u00f1o 2000 el pa\u00eds se derrumb\u00f3 econ\u00f3micamente y la democracia sigui\u00f3 sin aparecer.<br>Apuesto a la hip\u00f3tesis de que un modelo macroecon\u00f3mico exitoso no puede permanecer mucho tiempo dentro de un r\u00e9gimen pol\u00edtico antidemocr\u00e1tico, como fue la llamada dictadura perfecta.<\/p>\n\n\n\n<p><br><strong>(9)<\/strong><br>Los reclamos democr\u00e1ticos nos remiten al siglo XIX, pero con Francisco I. Madero la Revoluci\u00f3n arranc\u00f3 bajo su lema: Sufragio Efectivo. No Reelecci\u00f3n.<\/p>\n\n\n\n<p><br><strong>(10)<\/strong><\/p>\n\n\n\n<p>Andr\u00e9s Manuel L\u00f3pez Obrador se dice maderista y la 4T alude a las figuras de Miguel Hidalgo, Benito Ju\u00e1rez y Madero.<br>AMLO, por tanto, se visualiza a s\u00ed mismo como el cuarto pr\u00f3cer de M\u00e9xico.<br>Sin embargo, algo no cuaja: L\u00f3pez Obrador no es dem\u00f3crata y su pat\u00e9tico espect\u00e1culo de las corcholatas as\u00ed lo demuestra.<\/p>\n\n\n\n<p><br><strong>(11)<\/strong><br>Es muy importante dejar de ver al presidente L\u00f3pez Obrador como un eje alrededor del cual se desenvuelve la historia del pa\u00eds.<br>No es as\u00ed.<br>Alrededor de AMLO se desenvuelven la ma\u00f1anera, MORENA y las corcholatas, pero el pa\u00eds es un poco m\u00e1s grande, m\u00e1s importante, m\u00e1s trascendente, m\u00e1s complejo y de un peso hist\u00f3rico ligeramente mayor a las tres horas cotidianas de manipulaci\u00f3n medi\u00e1tica.<\/p>\n\n\n\n<p><\/p>\n\n\n\n<p><strong>(12)<\/strong><br>X\u00f3chitl y Beatriz, Claudia y Marcelo, no constituyen el tema de fondo del pa\u00eds.<\/p>\n\n\n\n<p><br><strong>(13)<\/strong><br>Todos ellos representan figuras p\u00fablicas, partidos pol\u00edticos, grupos de poder en disputa por asumir el control gubernamental durante los pr\u00f3ximos seis a\u00f1os.<br>Y ya.<\/p>\n\n\n\n<p><br><strong>(14)<\/strong><\/p>\n\n\n\n<p>Por encima de todos ellos y de AMLO est\u00e1 M\u00e9xico, con sus m\u00e1s de 127 millones de ciudadanos, su historia y su lugar en el mundo.<\/p>\n\n\n\n<p><br><strong>(15)<\/strong><br>Por encima de la lucha grotesca por cargos p\u00fablicos y las carretadas de poder y dinero que ello implica, est\u00e1n temas de fondo: R\u00e9gimen Pol\u00edtico, Sistema Pol\u00edtico, Modelo Macroecon\u00f3mico.<br>Debemos analizar las ofertas de quienes finalmente queden en la boleta electoral presidencial.<br>\u00bfCu\u00e1l es su visi\u00f3n y propuesta en materia de r\u00e9gimen y sistema pol\u00edtico?<br>\u00bfCu\u00e1l es su visi\u00f3n y propuesta en materia de modelo macroecon\u00f3mico?<\/p>\n\n\n\n<p><strong>(16)<\/strong><br>Anoche trascendi\u00f3 la separaci\u00f3n del gobernador de Jalisco, Enrique Alfaro Ram\u00edrez, de Movimiento Ciudadano, un partido propiedad del \u201cc\u00e1bula\u201d Dante Delgado Rannauro.<\/p>\n\n\n\n<p><br><strong>(17)<\/strong><\/p>\n\n\n\n<p>Es destacada la postura de Alfaro Ram\u00edrez por varios elementos dentro de la circunstancia y coyuntura que vive M\u00e9xico:<\/p>\n\n\n\n<ul class=\"wp-block-list\">\n<li>A\u00fan no aparecen los cinco muchachos de Lagos de Moreno\u2026<\/li>\n\n\n\n<li>No conocemos todav\u00eda la identidad de los 13 (o m\u00e1s) cuerpos descuartizados y congelados en Poza Rica, aparecidos d\u00edas atr\u00e1s.<br>Jalisco y Veracruz son tema relevante por sus tragedias.<br>Aunque reitero: ni el gobernador de Jalisco, ni el senador y ex gobernador veracruzano, ni su partido convertido en negocio personal, implican trascendencia hist\u00f3rica alguna\u2026<\/li>\n<\/ul>\n\n\n\n<p><strong>(18)<\/strong><br>\u00bfC\u00f3mo frenar el descuartizamiento de M\u00e9xico?<\/p>\n\n\n\n<p><br><strong>(19)<\/strong><\/p>\n\n\n\n<p>Esta es una pregunta que deben responder los aspirantes a gobernarnos.<\/p>\n\n\n\n<p><br><strong>(20)<\/strong><br>Que se acusen de corruptos unos y otros no representa novedad alguna.<br>Ya sabemos que todos lo son y no dejar\u00e1n de serlo.<\/p>\n\n\n\n<p><br><strong>(21)<\/strong><br>Soluciones -se\u00f1ores y se\u00f1oras-: democracia, seguridad, eficiencia macroecon\u00f3mica, inflaci\u00f3n que se refleje en el bajo precio de los huevos; los que se comen\u2026<\/p>\n","protected":false},"excerpt":{"rendered":"<p>Jos\u00e9 Luis Ortega VidalClaroscuros (1)El seis de septiembre podr\u00edamos contar con dos candidatas presidenciales: X\u00f3chitl G\u00e1lvez del Frente Amplio por M\u00e9xico y Claudia Sheinbaum de MORENA y anexas\u2026El PAN cerr\u00f3 filas en torno a la senadora hidalguense y el PRI apenas levant\u00f3 la ceja tras el retiro de Santiago Creel.Democracia enga\u00f1osa la del FAM, pero [&hellip;]<\/p>\n","protected":false},"author":2,"featured_media":0,"comment_status":"closed","ping_status":"closed","sticky":false,"template":"","format":"standard","meta":{"tdm_status":"","tdm_grid_status":"","footnotes":""},"categories":[70],"tags":[618,9627,1563,1006,14187,38524,3815,2769,39062,14703,1026],"class_list":{"0":"post-110488","1":"post","2":"type-post","3":"status-publish","4":"format-standard","6":"category-de-opinion","7":"tag-andres-manuel-lopez-obrador","8":"tag-claudia-sheinbaum","9":"tag-cuitlahuac-garcia-jimenez","10":"tag-dante-delgado-rannauro","11":"tag-enrique-alfaro-ramirez","12":"tag-frente-amplio-por-mexico","13":"tag-jalisco","14":"tag-jose-luis-ortega-vidal","15":"tag-lagos-de-moreno","16":"tag-marcelo-ebrard","17":"tag-morena"},"yoast_head":"<!-- This site is optimized with the Yoast SEO plugin v27.4 - https:\/\/yoast.com\/product\/yoast-seo-wordpress\/ -->\n<title>SOBREVIVEN CUATRO\u2026 - Los pol\u00edticos Veracruz<\/title>\n<meta name=\"robots\" content=\"index, follow, max-snippet:-1, max-image-preview:large, max-video-preview:-1\" \/>\n<link rel=\"canonical\" href=\"https:\/\/lospoliticosveracruz.com\/?p=110488\" \/>\n<meta property=\"og:locale\" content=\"es_ES\" \/>\n<meta property=\"og:type\" content=\"article\" \/>\n<meta property=\"og:title\" content=\"SOBREVIVEN CUATRO\u2026 - Los pol\u00edticos Veracruz\" \/>\n<meta property=\"og:description\" content=\"Jos\u00e9 Luis Ortega VidalClaroscuros (1)El seis de septiembre podr\u00edamos contar con dos candidatas presidenciales: X\u00f3chitl G\u00e1lvez del Frente Amplio por M\u00e9xico y Claudia Sheinbaum de MORENA y anexas\u2026El PAN cerr\u00f3 filas en torno a la senadora hidalguense y el PRI apenas levant\u00f3 la ceja tras el retiro de Santiago Creel.Democracia enga\u00f1osa la del FAM, pero [&hellip;]\" \/>\n<meta property=\"og:url\" content=\"https:\/\/lospoliticosveracruz.com\/?p=110488\" \/>\n<meta property=\"og:site_name\" content=\"Los pol\u00edticos Veracruz\" \/>\n<meta property=\"article:publisher\" content=\"https:\/\/www.facebook.com\/people\/Notimemes-de-los-Polticos\/61565672886568\/\" \/>\n<meta property=\"article:published_time\" content=\"2023-08-23T13:27:35+00:00\" \/>\n<meta property=\"article:modified_time\" content=\"2023-08-23T13:29:01+00:00\" \/>\n<meta property=\"og:image\" content=\"https:\/\/lospoliticosveracruz.com.mx\/wp-content\/uploads\/2021\/10\/WhatsApp-Image-2021-10-02-at-15.20.25-212x300.jpeg\" \/>\n<meta name=\"author\" content=\"Lo viste en Los Pol\u00edticos\" \/>\n<meta name=\"twitter:card\" content=\"summary_large_image\" \/>\n<meta name=\"twitter:creator\" content=\"@LosPoliticosVer\" \/>\n<meta name=\"twitter:site\" content=\"@LosPoliticosVer\" \/>\n<meta name=\"twitter:label1\" content=\"Escrito por\" \/>\n\t<meta name=\"twitter:data1\" content=\"Lo viste en Los Pol\u00edticos\" \/>\n\t<meta name=\"twitter:label2\" content=\"Tiempo de lectura\" \/>\n\t<meta name=\"twitter:data2\" content=\"6 minutos\" \/>\n<script type=\"application\/ld+json\" class=\"yoast-schema-graph\">{\"@context\":\"https:\\\/\\\/schema.org\",\"@graph\":[{\"@type\":\"Article\",\"@id\":\"https:\\\/\\\/lospoliticosveracruz.com\\\/?p=110488#article\",\"isPartOf\":{\"@id\":\"https:\\\/\\\/lospoliticosveracruz.com\\\/?p=110488\"},\"author\":{\"name\":\"Lo viste en Los Pol\u00edticos\",\"@id\":\"https:\\\/\\\/lospoliticosveracruz.com\\\/#\\\/schema\\\/person\\\/b8702bb0e538456e6efd07080bf2a4a2\"},\"headline\":\"SOBREVIVEN CUATRO\u2026\",\"datePublished\":\"2023-08-23T13:27:35+00:00\",\"dateModified\":\"2023-08-23T13:29:01+00:00\",\"mainEntityOfPage\":{\"@id\":\"https:\\\/\\\/lospoliticosveracruz.com\\\/?p=110488\"},\"wordCount\":1221,\"publisher\":{\"@id\":\"https:\\\/\\\/lospoliticosveracruz.com\\\/#organization\"},\"image\":{\"@id\":\"https:\\\/\\\/lospoliticosveracruz.com\\\/?p=110488#primaryimage\"},\"thumbnailUrl\":\"https:\\\/\\\/lospoliticosveracruz.com.mx\\\/wp-content\\\/uploads\\\/2021\\\/10\\\/WhatsApp-Image-2021-10-02-at-15.20.25-212x300.jpeg\",\"keywords\":[\"Andr\u00e9s Manuel L\u00f3pez Obrador\",\"Claudia Sheinbaum\",\"Cuitl\u00e1huac Garc\u00eda Jim\u00e9nez\",\"Dante Delgado Rannauro\",\"Enrique Alfaro Ram\u00edrez\",\"Frente Amplio por M\u00e9xico\",\"Jalisco\",\"Jos\u00e9 Luis Ortega Vidal\",\"Lagos de Moreno\",\"Marcelo Ebrard\",\"Morena\"],\"articleSection\":[\"De Opini\u00f3n\"],\"inLanguage\":\"es\"},{\"@type\":\"WebPage\",\"@id\":\"https:\\\/\\\/lospoliticosveracruz.com\\\/?p=110488\",\"url\":\"https:\\\/\\\/lospoliticosveracruz.com\\\/?p=110488\",\"name\":\"SOBREVIVEN CUATRO\u2026 - Los pol\u00edticos Veracruz\",\"isPartOf\":{\"@id\":\"https:\\\/\\\/lospoliticosveracruz.com\\\/#website\"},\"primaryImageOfPage\":{\"@id\":\"https:\\\/\\\/lospoliticosveracruz.com\\\/?p=110488#primaryimage\"},\"image\":{\"@id\":\"https:\\\/\\\/lospoliticosveracruz.com\\\/?p=110488#primaryimage\"},\"thumbnailUrl\":\"https:\\\/\\\/lospoliticosveracruz.com.mx\\\/wp-content\\\/uploads\\\/2021\\\/10\\\/WhatsApp-Image-2021-10-02-at-15.20.25-212x300.jpeg\",\"datePublished\":\"2023-08-23T13:27:35+00:00\",\"dateModified\":\"2023-08-23T13:29:01+00:00\",\"breadcrumb\":{\"@id\":\"https:\\\/\\\/lospoliticosveracruz.com\\\/?p=110488#breadcrumb\"},\"inLanguage\":\"es\",\"potentialAction\":[{\"@type\":\"ReadAction\",\"target\":[\"https:\\\/\\\/lospoliticosveracruz.com\\\/?p=110488\"]}]},{\"@type\":\"ImageObject\",\"inLanguage\":\"es\",\"@id\":\"https:\\\/\\\/lospoliticosveracruz.com\\\/?p=110488#primaryimage\",\"url\":\"https:\\\/\\\/lospoliticosveracruz.com.mx\\\/wp-content\\\/uploads\\\/2021\\\/10\\\/WhatsApp-Image-2021-10-02-at-15.20.25-212x300.jpeg\",\"contentUrl\":\"https:\\\/\\\/lospoliticosveracruz.com.mx\\\/wp-content\\\/uploads\\\/2021\\\/10\\\/WhatsApp-Image-2021-10-02-at-15.20.25-212x300.jpeg\"},{\"@type\":\"BreadcrumbList\",\"@id\":\"https:\\\/\\\/lospoliticosveracruz.com\\\/?p=110488#breadcrumb\",\"itemListElement\":[{\"@type\":\"ListItem\",\"position\":1,\"name\":\"Portada\",\"item\":\"https:\\\/\\\/lospoliticosveracruz.com\\\/\"},{\"@type\":\"ListItem\",\"position\":2,\"name\":\"SOBREVIVEN CUATRO\u2026\"}]},{\"@type\":\"WebSite\",\"@id\":\"https:\\\/\\\/lospoliticosveracruz.com\\\/#website\",\"url\":\"https:\\\/\\\/lospoliticosveracruz.com\\\/\",\"name\":\"Los pol\u00edticos Veracruz\",\"description\":\"\",\"publisher\":{\"@id\":\"https:\\\/\\\/lospoliticosveracruz.com\\\/#organization\"},\"potentialAction\":[{\"@type\":\"SearchAction\",\"target\":{\"@type\":\"EntryPoint\",\"urlTemplate\":\"https:\\\/\\\/lospoliticosveracruz.com\\\/?s={search_term_string}\"},\"query-input\":{\"@type\":\"PropertyValueSpecification\",\"valueRequired\":true,\"valueName\":\"search_term_string\"}}],\"inLanguage\":\"es\"},{\"@type\":\"Organization\",\"@id\":\"https:\\\/\\\/lospoliticosveracruz.com\\\/#organization\",\"name\":\"Los pol\u00edticos Veracruz\",\"url\":\"https:\\\/\\\/lospoliticosveracruz.com\\\/\",\"logo\":{\"@type\":\"ImageObject\",\"inLanguage\":\"es\",\"@id\":\"https:\\\/\\\/lospoliticosveracruz.com\\\/#\\\/schema\\\/logo\\\/image\\\/\",\"url\":\"https:\\\/\\\/lospoliticosveracruz.com\\\/wp-content\\\/uploads\\\/2025\\\/12\\\/Logo-Nuevo-LOS-POLITICOS-1.jpg\",\"contentUrl\":\"https:\\\/\\\/lospoliticosveracruz.com\\\/wp-content\\\/uploads\\\/2025\\\/12\\\/Logo-Nuevo-LOS-POLITICOS-1.jpg\",\"width\":260,\"height\":70,\"caption\":\"Los pol\u00edticos Veracruz\"},\"image\":{\"@id\":\"https:\\\/\\\/lospoliticosveracruz.com\\\/#\\\/schema\\\/logo\\\/image\\\/\"},\"sameAs\":[\"https:\\\/\\\/www.facebook.com\\\/people\\\/Notimemes-de-los-Polticos\\\/61565672886568\\\/\",\"https:\\\/\\\/x.com\\\/LosPoliticosVer\"]},{\"@type\":\"Person\",\"@id\":\"https:\\\/\\\/lospoliticosveracruz.com\\\/#\\\/schema\\\/person\\\/b8702bb0e538456e6efd07080bf2a4a2\",\"name\":\"Lo viste en Los Pol\u00edticos\",\"image\":{\"@type\":\"ImageObject\",\"inLanguage\":\"es\",\"@id\":\"https:\\\/\\\/secure.gravatar.com\\\/avatar\\\/3a8de04a2656d44082be478bd6c086daa447c4651605818287b9532d3d0bd435?s=96&d=mm&r=g\",\"url\":\"https:\\\/\\\/secure.gravatar.com\\\/avatar\\\/3a8de04a2656d44082be478bd6c086daa447c4651605818287b9532d3d0bd435?s=96&d=mm&r=g\",\"contentUrl\":\"https:\\\/\\\/secure.gravatar.com\\\/avatar\\\/3a8de04a2656d44082be478bd6c086daa447c4651605818287b9532d3d0bd435?s=96&d=mm&r=g\",\"caption\":\"Lo viste en Los Pol\u00edticos\"},\"url\":\"https:\\\/\\\/lospoliticosveracruz.com\\\/?author=2\"}]}<\/script>\n<!-- \/ Yoast SEO plugin. -->","yoast_head_json":{"title":"SOBREVIVEN CUATRO\u2026 - Los pol\u00edticos Veracruz","robots":{"index":"index","follow":"follow","max-snippet":"max-snippet:-1","max-image-preview":"max-image-preview:large","max-video-preview":"max-video-preview:-1"},"canonical":"https:\/\/lospoliticosveracruz.com\/?p=110488","og_locale":"es_ES","og_type":"article","og_title":"SOBREVIVEN CUATRO\u2026 - Los pol\u00edticos Veracruz","og_description":"Jos\u00e9 Luis Ortega VidalClaroscuros (1)El seis de septiembre podr\u00edamos contar con dos candidatas presidenciales: X\u00f3chitl G\u00e1lvez del Frente Amplio por M\u00e9xico y Claudia Sheinbaum de MORENA y anexas\u2026El PAN cerr\u00f3 filas en torno a la senadora hidalguense y el PRI apenas levant\u00f3 la ceja tras el retiro de Santiago Creel.Democracia enga\u00f1osa la del FAM, pero [&hellip;]","og_url":"https:\/\/lospoliticosveracruz.com\/?p=110488","og_site_name":"Los pol\u00edticos Veracruz","article_publisher":"https:\/\/www.facebook.com\/people\/Notimemes-de-los-Polticos\/61565672886568\/","article_published_time":"2023-08-23T13:27:35+00:00","article_modified_time":"2023-08-23T13:29:01+00:00","og_image":[{"url":"https:\/\/lospoliticosveracruz.com.mx\/wp-content\/uploads\/2021\/10\/WhatsApp-Image-2021-10-02-at-15.20.25-212x300.jpeg","type":"","width":"","height":""}],"author":"Lo viste en Los Pol\u00edticos","twitter_card":"summary_large_image","twitter_creator":"@LosPoliticosVer","twitter_site":"@LosPoliticosVer","twitter_misc":{"Escrito por":"Lo viste en Los Pol\u00edticos","Tiempo de lectura":"6 minutos"},"schema":{"@context":"https:\/\/schema.org","@graph":[{"@type":"Article","@id":"https:\/\/lospoliticosveracruz.com\/?p=110488#article","isPartOf":{"@id":"https:\/\/lospoliticosveracruz.com\/?p=110488"},"author":{"name":"Lo viste en Los Pol\u00edticos","@id":"https:\/\/lospoliticosveracruz.com\/#\/schema\/person\/b8702bb0e538456e6efd07080bf2a4a2"},"headline":"SOBREVIVEN CUATRO\u2026","datePublished":"2023-08-23T13:27:35+00:00","dateModified":"2023-08-23T13:29:01+00:00","mainEntityOfPage":{"@id":"https:\/\/lospoliticosveracruz.com\/?p=110488"},"wordCount":1221,"publisher":{"@id":"https:\/\/lospoliticosveracruz.com\/#organization"},"image":{"@id":"https:\/\/lospoliticosveracruz.com\/?p=110488#primaryimage"},"thumbnailUrl":"https:\/\/lospoliticosveracruz.com.mx\/wp-content\/uploads\/2021\/10\/WhatsApp-Image-2021-10-02-at-15.20.25-212x300.jpeg","keywords":["Andr\u00e9s Manuel L\u00f3pez Obrador","Claudia Sheinbaum","Cuitl\u00e1huac Garc\u00eda Jim\u00e9nez","Dante Delgado Rannauro","Enrique Alfaro Ram\u00edrez","Frente Amplio por M\u00e9xico","Jalisco","Jos\u00e9 Luis Ortega Vidal","Lagos de Moreno","Marcelo Ebrard","Morena"],"articleSection":["De Opini\u00f3n"],"inLanguage":"es"},{"@type":"WebPage","@id":"https:\/\/lospoliticosveracruz.com\/?p=110488","url":"https:\/\/lospoliticosveracruz.com\/?p=110488","name":"SOBREVIVEN CUATRO\u2026 - Los pol\u00edticos Veracruz","isPartOf":{"@id":"https:\/\/lospoliticosveracruz.com\/#website"},"primaryImageOfPage":{"@id":"https:\/\/lospoliticosveracruz.com\/?p=110488#primaryimage"},"image":{"@id":"https:\/\/lospoliticosveracruz.com\/?p=110488#primaryimage"},"thumbnailUrl":"https:\/\/lospoliticosveracruz.com.mx\/wp-content\/uploads\/2021\/10\/WhatsApp-Image-2021-10-02-at-15.20.25-212x300.jpeg","datePublished":"2023-08-23T13:27:35+00:00","dateModified":"2023-08-23T13:29:01+00:00","breadcrumb":{"@id":"https:\/\/lospoliticosveracruz.com\/?p=110488#breadcrumb"},"inLanguage":"es","potentialAction":[{"@type":"ReadAction","target":["https:\/\/lospoliticosveracruz.com\/?p=110488"]}]},{"@type":"ImageObject","inLanguage":"es","@id":"https:\/\/lospoliticosveracruz.com\/?p=110488#primaryimage","url":"https:\/\/lospoliticosveracruz.com.mx\/wp-content\/uploads\/2021\/10\/WhatsApp-Image-2021-10-02-at-15.20.25-212x300.jpeg","contentUrl":"https:\/\/lospoliticosveracruz.com.mx\/wp-content\/uploads\/2021\/10\/WhatsApp-Image-2021-10-02-at-15.20.25-212x300.jpeg"},{"@type":"BreadcrumbList","@id":"https:\/\/lospoliticosveracruz.com\/?p=110488#breadcrumb","itemListElement":[{"@type":"ListItem","position":1,"name":"Portada","item":"https:\/\/lospoliticosveracruz.com\/"},{"@type":"ListItem","position":2,"name":"SOBREVIVEN CUATRO\u2026"}]},{"@type":"WebSite","@id":"https:\/\/lospoliticosveracruz.com\/#website","url":"https:\/\/lospoliticosveracruz.com\/","name":"Los pol\u00edticos Veracruz","description":"","publisher":{"@id":"https:\/\/lospoliticosveracruz.com\/#organization"},"potentialAction":[{"@type":"SearchAction","target":{"@type":"EntryPoint","urlTemplate":"https:\/\/lospoliticosveracruz.com\/?s={search_term_string}"},"query-input":{"@type":"PropertyValueSpecification","valueRequired":true,"valueName":"search_term_string"}}],"inLanguage":"es"},{"@type":"Organization","@id":"https:\/\/lospoliticosveracruz.com\/#organization","name":"Los pol\u00edticos Veracruz","url":"https:\/\/lospoliticosveracruz.com\/","logo":{"@type":"ImageObject","inLanguage":"es","@id":"https:\/\/lospoliticosveracruz.com\/#\/schema\/logo\/image\/","url":"https:\/\/lospoliticosveracruz.com\/wp-content\/uploads\/2025\/12\/Logo-Nuevo-LOS-POLITICOS-1.jpg","contentUrl":"https:\/\/lospoliticosveracruz.com\/wp-content\/uploads\/2025\/12\/Logo-Nuevo-LOS-POLITICOS-1.jpg","width":260,"height":70,"caption":"Los pol\u00edticos Veracruz"},"image":{"@id":"https:\/\/lospoliticosveracruz.com\/#\/schema\/logo\/image\/"},"sameAs":["https:\/\/www.facebook.com\/people\/Notimemes-de-los-Polticos\/61565672886568\/","https:\/\/x.com\/LosPoliticosVer"]},{"@type":"Person","@id":"https:\/\/lospoliticosveracruz.com\/#\/schema\/person\/b8702bb0e538456e6efd07080bf2a4a2","name":"Lo viste en Los Pol\u00edticos","image":{"@type":"ImageObject","inLanguage":"es","@id":"https:\/\/secure.gravatar.com\/avatar\/3a8de04a2656d44082be478bd6c086daa447c4651605818287b9532d3d0bd435?s=96&d=mm&r=g","url":"https:\/\/secure.gravatar.com\/avatar\/3a8de04a2656d44082be478bd6c086daa447c4651605818287b9532d3d0bd435?s=96&d=mm&r=g","contentUrl":"https:\/\/secure.gravatar.com\/avatar\/3a8de04a2656d44082be478bd6c086daa447c4651605818287b9532d3d0bd435?s=96&d=mm&r=g","caption":"Lo viste en Los Pol\u00edticos"},"url":"https:\/\/lospoliticosveracruz.com\/?author=2"}]}},"_links":{"self":[{"href":"https:\/\/lospoliticosveracruz.com\/index.php?rest_route=\/wp\/v2\/posts\/110488","targetHints":{"allow":["GET"]}}],"collection":[{"href":"https:\/\/lospoliticosveracruz.com\/index.php?rest_route=\/wp\/v2\/posts"}],"about":[{"href":"https:\/\/lospoliticosveracruz.com\/index.php?rest_route=\/wp\/v2\/types\/post"}],"author":[{"embeddable":true,"href":"https:\/\/lospoliticosveracruz.com\/index.php?rest_route=\/wp\/v2\/users\/2"}],"replies":[{"embeddable":true,"href":"https:\/\/lospoliticosveracruz.com\/index.php?rest_route=%2Fwp%2Fv2%2Fcomments&post=110488"}],"version-history":[{"count":2,"href":"https:\/\/lospoliticosveracruz.com\/index.php?rest_route=\/wp\/v2\/posts\/110488\/revisions"}],"predecessor-version":[{"id":110491,"href":"https:\/\/lospoliticosveracruz.com\/index.php?rest_route=\/wp\/v2\/posts\/110488\/revisions\/110491"}],"wp:attachment":[{"href":"https:\/\/lospoliticosveracruz.com\/index.php?rest_route=%2Fwp%2Fv2%2Fmedia&parent=110488"}],"wp:term":[{"taxonomy":"category","embeddable":true,"href":"https:\/\/lospoliticosveracruz.com\/index.php?rest_route=%2Fwp%2Fv2%2Fcategories&post=110488"},{"taxonomy":"post_tag","embeddable":true,"href":"https:\/\/lospoliticosveracruz.com\/index.php?rest_route=%2Fwp%2Fv2%2Ftags&post=110488"}],"curies":[{"name":"wp","href":"https:\/\/api.w.org\/{rel}","templated":true}]}}