{"id":110501,"date":"2023-08-23T10:24:53","date_gmt":"2023-08-23T15:24:53","guid":{"rendered":"https:\/\/lospoliticosveracruz.com.mx\/?p=110501"},"modified":"2023-08-23T10:24:59","modified_gmt":"2023-08-23T15:24:59","slug":"zoe-robledo-ejemplo-de-la-mano-dura-de-amlo","status":"publish","type":"post","link":"https:\/\/lospoliticosveracruz.com\/?p=110501","title":{"rendered":"ZO\u00c9 ROBLEDO, EJEMPLO DE LA MANO DURA DE AMLO"},"content":{"rendered":"\n<p><strong>Luis Alberto Romero<\/strong><\/p>\n\n\n\n<p><em>Hora cero<\/em><\/p>\n\n\n\n<p>En pol\u00edtica nada es casualidad; el aspirante m\u00e1s fuerte al gobierno del estado de Chiapas fue bajado de manera abrupta por el presidente Andr\u00e9s Manuel L\u00f3pez Obrador.<\/p>\n\n\n\n<p><a href=\"https:\/\/youtu.be\/Nxe-vxf8GuY\"><\/a><\/p>\n\n\n\n<figure class=\"wp-block-embed is-type-video is-provider-youtube wp-block-embed-youtube wp-embed-aspect-16-9 wp-has-aspect-ratio\"><div class=\"wp-block-embed__wrapper\">\n<iframe loading=\"lazy\" title=\"Cluster Coworking\" width=\"696\" height=\"392\" src=\"https:\/\/www.youtube.com\/embed\/Nxe-vxf8GuY?feature=oembed\" frameborder=\"0\" allow=\"accelerometer; autoplay; clipboard-write; encrypted-media; gyroscope; picture-in-picture; web-share\" referrerpolicy=\"strict-origin-when-cross-origin\" allowfullscreen><\/iframe>\n<\/div><\/figure>\n\n\n\n<p>En su conferencia ma\u00f1anera, el mandatario asever\u00f3 que Zoe Robledo lo busc\u00f3 para informarle de su negativa para buscar la candidatura al gobierno chiapaneco.<\/p>\n\n\n\n<p>Pero Robledo Aburto hubiera sido candidato, y despu\u00e9s gobernador, si as\u00ed lo decidiera el presidente.<\/p>\n\n\n\n<p>En fechas recientes han sido publicados reportajes de investigaci\u00f3n por presuntos actos de corrupci\u00f3n y despidos injustificados en el Instituto Mexicano del Seguro Social.<\/p>\n\n\n\n<p>A ese esc\u00e1ndalo se suman las denuncias presentadas contra Luis Fernando Tagliabue Rodr\u00edguez, coordinador de finanzas y estructura de IMSS-Bienestar. Al funcionario le reventaron acusaciones por compras a sobreprecio.<\/p>\n\n\n\n<p>La disposici\u00f3n de L\u00f3pez Obrador por tener m\u00e1s estados adheridos a este programa gubernamental ha dejado fuera a Zoe Robledo de la contienda por la sucesi\u00f3n&nbsp;&nbsp;en Chiapas.<\/p>\n\n\n\n<p>El ex senador y ex sub secretario de Gobernaci\u00f3n hizo todo lo que ten\u00eda en sus manos para conseguir la candidatura; incluso, goza de la estima del presidente; sin embargo, todo eso no fue suficiente para alcanzar su objetivo de gobernar su estado natal.<\/p>\n\n\n\n<p>En Veracruz, las alarmas se encendieron de inmediato en el equipo de la secretaria de Energ\u00eda del Gobierno Federal, Roc\u00edo Nahle, la zacatecana que busca suceder a Cuitl\u00e1huac Garc\u00eda.<\/p>\n\n\n\n<p>La senadora con licencia tiene la encomienda de la refiner\u00eda \u201cDos Bocas\u201d, cuya construcci\u00f3n avanza a marchas forzadas; sin embargo, de acuerdo con la opini\u00f3n de expertos en materia petrolera, la refiner\u00eda podr\u00eda producir su primer barril hasta el a\u00f1o 2024, cuando la sucesi\u00f3n veracruzana est\u00e9 definida.<\/p>\n\n\n\n<p>En las fechas recientes ha quedado de manifiesto que los compromisos que hizo el presidente, sobre todo aquellos que tienen que ver con las obras y acciones prioritarias \u2013como el Tren Maya, el Aeropuerto Benito Ju\u00e1rez y la refiner\u00eda Olmeca, Dos Bocas\u2013 tendr\u00e1n forzosamente que concluirse antes de terminar el sexenio.<\/p>\n\n\n\n<p>L\u00f3pez Obrador empe\u00f1\u00f3 su palabra cuando anunci\u00f3 que se concretar\u00edan dichos proyectos; y todo indica que har\u00e1 lo necesario para cristalizarlos; de lo contrario, peligrar\u00eda la continuidad de la 4T.<\/p>\n\n\n\n<p>Con lo que respecta a Veracruz, la entidad ser\u00e1 un caso peculiar en los siguientes meses; aqu\u00ed, parte de la estructura pol\u00edtica de Morena ya se ha pronunciado a favor de Roc\u00edo Nahle.<\/p>\n\n\n\n<p>Dos Bocas podr\u00eda ser un parteaguas en la vida energ\u00e9tica del pa\u00eds, porque ser\u00e1 la primera refiner\u00eda de M\u00e9xico en d\u00e9cadas; en lo pol\u00edtico, de esta obra depende el futuro inmediato de Nahle.<\/p>\n\n\n\n<p>La titular de la SENER est\u00e1 contra las cuerdas y tiene el tiempo encima; Morena, por otra parte, no puede darse el lujo de perder un estado tan importante en t\u00e9rminos electorales como Veracruz; es un precio que AMLO no estar\u00eda dispuesto a pagar.<\/p>\n\n\n\n<p>Por eso no debe descartarse que Roc\u00edo Nahle, a pesar de su cercan\u00eda con AMLO, a pesar de puntear las encuestas, corra la misma suerte que Zoe Robledo, y se quede en el cargo hasta que concluya el sexenio y haya entregado la refiner\u00eda terminada y operando. @luisromero85<\/p>\n","protected":false},"excerpt":{"rendered":"<p>Luis Alberto Romero Hora cero En pol\u00edtica nada es casualidad; el aspirante m\u00e1s fuerte al gobierno del estado de Chiapas fue bajado de manera abrupta por el presidente Andr\u00e9s Manuel L\u00f3pez Obrador. En su conferencia ma\u00f1anera, el mandatario asever\u00f3 que Zoe Robledo lo busc\u00f3 para informarle de su negativa para buscar la candidatura al gobierno [&hellip;]<\/p>\n","protected":false},"author":2,"featured_media":0,"comment_status":"closed","ping_status":"closed","sticky":false,"template":"","format":"standard","meta":{"tdm_status":"","tdm_grid_status":"","footnotes":""},"categories":[70],"tags":[618,1026,3578,195,14678],"class_list":{"0":"post-110501","1":"post","2":"type-post","3":"status-publish","4":"format-standard","6":"category-de-opinion","7":"tag-andres-manuel-lopez-obrador","8":"tag-morena","9":"tag-rocio-nahle","10":"tag-veracruz","11":"tag-zoe-robledo"},"yoast_head":"<!-- This site is optimized with the Yoast SEO plugin v27.4 - https:\/\/yoast.com\/product\/yoast-seo-wordpress\/ -->\n<title>ZO\u00c9 ROBLEDO, EJEMPLO DE LA MANO DURA DE AMLO - Los pol\u00edticos Veracruz<\/title>\n<meta name=\"robots\" content=\"index, follow, max-snippet:-1, max-image-preview:large, max-video-preview:-1\" \/>\n<link rel=\"canonical\" href=\"https:\/\/lospoliticosveracruz.com\/?p=110501\" \/>\n<meta property=\"og:locale\" content=\"es_ES\" \/>\n<meta property=\"og:type\" content=\"article\" \/>\n<meta property=\"og:title\" content=\"ZO\u00c9 ROBLEDO, EJEMPLO DE LA MANO DURA DE AMLO - Los pol\u00edticos Veracruz\" \/>\n<meta property=\"og:description\" content=\"Luis Alberto Romero Hora cero En pol\u00edtica nada es casualidad; el aspirante m\u00e1s fuerte al gobierno del estado de Chiapas fue bajado de manera abrupta por el presidente Andr\u00e9s Manuel L\u00f3pez Obrador. En su conferencia ma\u00f1anera, el mandatario asever\u00f3 que Zoe Robledo lo busc\u00f3 para informarle de su negativa para buscar la candidatura al gobierno [&hellip;]\" \/>\n<meta property=\"og:url\" content=\"https:\/\/lospoliticosveracruz.com\/?p=110501\" \/>\n<meta property=\"og:site_name\" content=\"Los pol\u00edticos Veracruz\" \/>\n<meta property=\"article:publisher\" content=\"https:\/\/www.facebook.com\/people\/Notimemes-de-los-Polticos\/61565672886568\/\" \/>\n<meta property=\"article:published_time\" content=\"2023-08-23T15:24:53+00:00\" \/>\n<meta property=\"article:modified_time\" content=\"2023-08-23T15:24:59+00:00\" \/>\n<meta property=\"og:image\" content=\"https:\/\/lospoliticosveracruz.com\/wp-content\/uploads\/2016\/07\/Logo-Dor.jpg\" \/>\n\t<meta property=\"og:image:width\" content=\"200\" \/>\n\t<meta property=\"og:image:height\" content=\"200\" \/>\n\t<meta property=\"og:image:type\" content=\"image\/jpeg\" \/>\n<meta name=\"author\" content=\"Lo viste en Los Pol\u00edticos\" \/>\n<meta name=\"twitter:card\" content=\"summary_large_image\" \/>\n<meta name=\"twitter:creator\" content=\"@LosPoliticosVer\" \/>\n<meta name=\"twitter:site\" content=\"@LosPoliticosVer\" \/>\n<meta name=\"twitter:label1\" content=\"Escrito por\" \/>\n\t<meta name=\"twitter:data1\" content=\"Lo viste en Los Pol\u00edticos\" \/>\n\t<meta name=\"twitter:label2\" content=\"Tiempo de lectura\" \/>\n\t<meta name=\"twitter:data2\" content=\"3 minutos\" \/>\n<script type=\"application\/ld+json\" class=\"yoast-schema-graph\">{\"@context\":\"https:\\\/\\\/schema.org\",\"@graph\":[{\"@type\":\"Article\",\"@id\":\"https:\\\/\\\/lospoliticosveracruz.com\\\/?p=110501#article\",\"isPartOf\":{\"@id\":\"https:\\\/\\\/lospoliticosveracruz.com\\\/?p=110501\"},\"author\":{\"name\":\"Lo viste en Los Pol\u00edticos\",\"@id\":\"https:\\\/\\\/lospoliticosveracruz.com\\\/#\\\/schema\\\/person\\\/b8702bb0e538456e6efd07080bf2a4a2\"},\"headline\":\"ZO\u00c9 ROBLEDO, EJEMPLO DE LA MANO DURA DE AMLO\",\"datePublished\":\"2023-08-23T15:24:53+00:00\",\"dateModified\":\"2023-08-23T15:24:59+00:00\",\"mainEntityOfPage\":{\"@id\":\"https:\\\/\\\/lospoliticosveracruz.com\\\/?p=110501\"},\"wordCount\":573,\"publisher\":{\"@id\":\"https:\\\/\\\/lospoliticosveracruz.com\\\/#organization\"},\"keywords\":[\"Andr\u00e9s Manuel L\u00f3pez Obrador\",\"Morena\",\"Roc\u00edo Nahle\",\"Veracruz\",\"Zo\u00e9 Robledo\"],\"articleSection\":[\"De Opini\u00f3n\"],\"inLanguage\":\"es\"},{\"@type\":\"WebPage\",\"@id\":\"https:\\\/\\\/lospoliticosveracruz.com\\\/?p=110501\",\"url\":\"https:\\\/\\\/lospoliticosveracruz.com\\\/?p=110501\",\"name\":\"ZO\u00c9 ROBLEDO, EJEMPLO DE LA MANO DURA DE AMLO - Los pol\u00edticos Veracruz\",\"isPartOf\":{\"@id\":\"https:\\\/\\\/lospoliticosveracruz.com\\\/#website\"},\"datePublished\":\"2023-08-23T15:24:53+00:00\",\"dateModified\":\"2023-08-23T15:24:59+00:00\",\"breadcrumb\":{\"@id\":\"https:\\\/\\\/lospoliticosveracruz.com\\\/?p=110501#breadcrumb\"},\"inLanguage\":\"es\",\"potentialAction\":[{\"@type\":\"ReadAction\",\"target\":[\"https:\\\/\\\/lospoliticosveracruz.com\\\/?p=110501\"]}]},{\"@type\":\"BreadcrumbList\",\"@id\":\"https:\\\/\\\/lospoliticosveracruz.com\\\/?p=110501#breadcrumb\",\"itemListElement\":[{\"@type\":\"ListItem\",\"position\":1,\"name\":\"Portada\",\"item\":\"https:\\\/\\\/lospoliticosveracruz.com\\\/\"},{\"@type\":\"ListItem\",\"position\":2,\"name\":\"ZO\u00c9 ROBLEDO, EJEMPLO DE LA MANO DURA DE AMLO\"}]},{\"@type\":\"WebSite\",\"@id\":\"https:\\\/\\\/lospoliticosveracruz.com\\\/#website\",\"url\":\"https:\\\/\\\/lospoliticosveracruz.com\\\/\",\"name\":\"Los pol\u00edticos Veracruz\",\"description\":\"\",\"publisher\":{\"@id\":\"https:\\\/\\\/lospoliticosveracruz.com\\\/#organization\"},\"potentialAction\":[{\"@type\":\"SearchAction\",\"target\":{\"@type\":\"EntryPoint\",\"urlTemplate\":\"https:\\\/\\\/lospoliticosveracruz.com\\\/?s={search_term_string}\"},\"query-input\":{\"@type\":\"PropertyValueSpecification\",\"valueRequired\":true,\"valueName\":\"search_term_string\"}}],\"inLanguage\":\"es\"},{\"@type\":\"Organization\",\"@id\":\"https:\\\/\\\/lospoliticosveracruz.com\\\/#organization\",\"name\":\"Los pol\u00edticos Veracruz\",\"url\":\"https:\\\/\\\/lospoliticosveracruz.com\\\/\",\"logo\":{\"@type\":\"ImageObject\",\"inLanguage\":\"es\",\"@id\":\"https:\\\/\\\/lospoliticosveracruz.com\\\/#\\\/schema\\\/logo\\\/image\\\/\",\"url\":\"https:\\\/\\\/lospoliticosveracruz.com\\\/wp-content\\\/uploads\\\/2025\\\/12\\\/Logo-Nuevo-LOS-POLITICOS-1.jpg\",\"contentUrl\":\"https:\\\/\\\/lospoliticosveracruz.com\\\/wp-content\\\/uploads\\\/2025\\\/12\\\/Logo-Nuevo-LOS-POLITICOS-1.jpg\",\"width\":260,\"height\":70,\"caption\":\"Los pol\u00edticos Veracruz\"},\"image\":{\"@id\":\"https:\\\/\\\/lospoliticosveracruz.com\\\/#\\\/schema\\\/logo\\\/image\\\/\"},\"sameAs\":[\"https:\\\/\\\/www.facebook.com\\\/people\\\/Notimemes-de-los-Polticos\\\/61565672886568\\\/\",\"https:\\\/\\\/x.com\\\/LosPoliticosVer\"]},{\"@type\":\"Person\",\"@id\":\"https:\\\/\\\/lospoliticosveracruz.com\\\/#\\\/schema\\\/person\\\/b8702bb0e538456e6efd07080bf2a4a2\",\"name\":\"Lo viste en Los Pol\u00edticos\",\"image\":{\"@type\":\"ImageObject\",\"inLanguage\":\"es\",\"@id\":\"https:\\\/\\\/secure.gravatar.com\\\/avatar\\\/3a8de04a2656d44082be478bd6c086daa447c4651605818287b9532d3d0bd435?s=96&d=mm&r=g\",\"url\":\"https:\\\/\\\/secure.gravatar.com\\\/avatar\\\/3a8de04a2656d44082be478bd6c086daa447c4651605818287b9532d3d0bd435?s=96&d=mm&r=g\",\"contentUrl\":\"https:\\\/\\\/secure.gravatar.com\\\/avatar\\\/3a8de04a2656d44082be478bd6c086daa447c4651605818287b9532d3d0bd435?s=96&d=mm&r=g\",\"caption\":\"Lo viste en Los Pol\u00edticos\"},\"url\":\"https:\\\/\\\/lospoliticosveracruz.com\\\/?author=2\"}]}<\/script>\n<!-- \/ Yoast SEO plugin. -->","yoast_head_json":{"title":"ZO\u00c9 ROBLEDO, EJEMPLO DE LA MANO DURA DE AMLO - Los pol\u00edticos Veracruz","robots":{"index":"index","follow":"follow","max-snippet":"max-snippet:-1","max-image-preview":"max-image-preview:large","max-video-preview":"max-video-preview:-1"},"canonical":"https:\/\/lospoliticosveracruz.com\/?p=110501","og_locale":"es_ES","og_type":"article","og_title":"ZO\u00c9 ROBLEDO, EJEMPLO DE LA MANO DURA DE AMLO - Los pol\u00edticos Veracruz","og_description":"Luis Alberto Romero Hora cero En pol\u00edtica nada es casualidad; el aspirante m\u00e1s fuerte al gobierno del estado de Chiapas fue bajado de manera abrupta por el presidente Andr\u00e9s Manuel L\u00f3pez Obrador. En su conferencia ma\u00f1anera, el mandatario asever\u00f3 que Zoe Robledo lo busc\u00f3 para informarle de su negativa para buscar la candidatura al gobierno [&hellip;]","og_url":"https:\/\/lospoliticosveracruz.com\/?p=110501","og_site_name":"Los pol\u00edticos Veracruz","article_publisher":"https:\/\/www.facebook.com\/people\/Notimemes-de-los-Polticos\/61565672886568\/","article_published_time":"2023-08-23T15:24:53+00:00","article_modified_time":"2023-08-23T15:24:59+00:00","og_image":[{"width":200,"height":200,"url":"https:\/\/lospoliticosveracruz.com\/wp-content\/uploads\/2016\/07\/Logo-Dor.jpg","type":"image\/jpeg"}],"author":"Lo viste en Los Pol\u00edticos","twitter_card":"summary_large_image","twitter_creator":"@LosPoliticosVer","twitter_site":"@LosPoliticosVer","twitter_misc":{"Escrito por":"Lo viste en Los Pol\u00edticos","Tiempo de lectura":"3 minutos"},"schema":{"@context":"https:\/\/schema.org","@graph":[{"@type":"Article","@id":"https:\/\/lospoliticosveracruz.com\/?p=110501#article","isPartOf":{"@id":"https:\/\/lospoliticosveracruz.com\/?p=110501"},"author":{"name":"Lo viste en Los Pol\u00edticos","@id":"https:\/\/lospoliticosveracruz.com\/#\/schema\/person\/b8702bb0e538456e6efd07080bf2a4a2"},"headline":"ZO\u00c9 ROBLEDO, EJEMPLO DE LA MANO DURA DE AMLO","datePublished":"2023-08-23T15:24:53+00:00","dateModified":"2023-08-23T15:24:59+00:00","mainEntityOfPage":{"@id":"https:\/\/lospoliticosveracruz.com\/?p=110501"},"wordCount":573,"publisher":{"@id":"https:\/\/lospoliticosveracruz.com\/#organization"},"keywords":["Andr\u00e9s Manuel L\u00f3pez Obrador","Morena","Roc\u00edo Nahle","Veracruz","Zo\u00e9 Robledo"],"articleSection":["De Opini\u00f3n"],"inLanguage":"es"},{"@type":"WebPage","@id":"https:\/\/lospoliticosveracruz.com\/?p=110501","url":"https:\/\/lospoliticosveracruz.com\/?p=110501","name":"ZO\u00c9 ROBLEDO, EJEMPLO DE LA MANO DURA DE AMLO - Los pol\u00edticos Veracruz","isPartOf":{"@id":"https:\/\/lospoliticosveracruz.com\/#website"},"datePublished":"2023-08-23T15:24:53+00:00","dateModified":"2023-08-23T15:24:59+00:00","breadcrumb":{"@id":"https:\/\/lospoliticosveracruz.com\/?p=110501#breadcrumb"},"inLanguage":"es","potentialAction":[{"@type":"ReadAction","target":["https:\/\/lospoliticosveracruz.com\/?p=110501"]}]},{"@type":"BreadcrumbList","@id":"https:\/\/lospoliticosveracruz.com\/?p=110501#breadcrumb","itemListElement":[{"@type":"ListItem","position":1,"name":"Portada","item":"https:\/\/lospoliticosveracruz.com\/"},{"@type":"ListItem","position":2,"name":"ZO\u00c9 ROBLEDO, EJEMPLO DE LA MANO DURA DE AMLO"}]},{"@type":"WebSite","@id":"https:\/\/lospoliticosveracruz.com\/#website","url":"https:\/\/lospoliticosveracruz.com\/","name":"Los pol\u00edticos Veracruz","description":"","publisher":{"@id":"https:\/\/lospoliticosveracruz.com\/#organization"},"potentialAction":[{"@type":"SearchAction","target":{"@type":"EntryPoint","urlTemplate":"https:\/\/lospoliticosveracruz.com\/?s={search_term_string}"},"query-input":{"@type":"PropertyValueSpecification","valueRequired":true,"valueName":"search_term_string"}}],"inLanguage":"es"},{"@type":"Organization","@id":"https:\/\/lospoliticosveracruz.com\/#organization","name":"Los pol\u00edticos Veracruz","url":"https:\/\/lospoliticosveracruz.com\/","logo":{"@type":"ImageObject","inLanguage":"es","@id":"https:\/\/lospoliticosveracruz.com\/#\/schema\/logo\/image\/","url":"https:\/\/lospoliticosveracruz.com\/wp-content\/uploads\/2025\/12\/Logo-Nuevo-LOS-POLITICOS-1.jpg","contentUrl":"https:\/\/lospoliticosveracruz.com\/wp-content\/uploads\/2025\/12\/Logo-Nuevo-LOS-POLITICOS-1.jpg","width":260,"height":70,"caption":"Los pol\u00edticos Veracruz"},"image":{"@id":"https:\/\/lospoliticosveracruz.com\/#\/schema\/logo\/image\/"},"sameAs":["https:\/\/www.facebook.com\/people\/Notimemes-de-los-Polticos\/61565672886568\/","https:\/\/x.com\/LosPoliticosVer"]},{"@type":"Person","@id":"https:\/\/lospoliticosveracruz.com\/#\/schema\/person\/b8702bb0e538456e6efd07080bf2a4a2","name":"Lo viste en Los Pol\u00edticos","image":{"@type":"ImageObject","inLanguage":"es","@id":"https:\/\/secure.gravatar.com\/avatar\/3a8de04a2656d44082be478bd6c086daa447c4651605818287b9532d3d0bd435?s=96&d=mm&r=g","url":"https:\/\/secure.gravatar.com\/avatar\/3a8de04a2656d44082be478bd6c086daa447c4651605818287b9532d3d0bd435?s=96&d=mm&r=g","contentUrl":"https:\/\/secure.gravatar.com\/avatar\/3a8de04a2656d44082be478bd6c086daa447c4651605818287b9532d3d0bd435?s=96&d=mm&r=g","caption":"Lo viste en Los Pol\u00edticos"},"url":"https:\/\/lospoliticosveracruz.com\/?author=2"}]}},"_links":{"self":[{"href":"https:\/\/lospoliticosveracruz.com\/index.php?rest_route=\/wp\/v2\/posts\/110501","targetHints":{"allow":["GET"]}}],"collection":[{"href":"https:\/\/lospoliticosveracruz.com\/index.php?rest_route=\/wp\/v2\/posts"}],"about":[{"href":"https:\/\/lospoliticosveracruz.com\/index.php?rest_route=\/wp\/v2\/types\/post"}],"author":[{"embeddable":true,"href":"https:\/\/lospoliticosveracruz.com\/index.php?rest_route=\/wp\/v2\/users\/2"}],"replies":[{"embeddable":true,"href":"https:\/\/lospoliticosveracruz.com\/index.php?rest_route=%2Fwp%2Fv2%2Fcomments&post=110501"}],"version-history":[{"count":1,"href":"https:\/\/lospoliticosveracruz.com\/index.php?rest_route=\/wp\/v2\/posts\/110501\/revisions"}],"predecessor-version":[{"id":110502,"href":"https:\/\/lospoliticosveracruz.com\/index.php?rest_route=\/wp\/v2\/posts\/110501\/revisions\/110502"}],"wp:attachment":[{"href":"https:\/\/lospoliticosveracruz.com\/index.php?rest_route=%2Fwp%2Fv2%2Fmedia&parent=110501"}],"wp:term":[{"taxonomy":"category","embeddable":true,"href":"https:\/\/lospoliticosveracruz.com\/index.php?rest_route=%2Fwp%2Fv2%2Fcategories&post=110501"},{"taxonomy":"post_tag","embeddable":true,"href":"https:\/\/lospoliticosveracruz.com\/index.php?rest_route=%2Fwp%2Fv2%2Ftags&post=110501"}],"curies":[{"name":"wp","href":"https:\/\/api.w.org\/{rel}","templated":true}]}}