{"id":110527,"date":"2023-08-23T20:51:43","date_gmt":"2023-08-24T01:51:43","guid":{"rendered":"https:\/\/lospoliticosveracruz.com.mx\/?p=110527"},"modified":"2023-08-23T20:51:46","modified_gmt":"2023-08-24T01:51:46","slug":"ahued-apagafuegos","status":"publish","type":"post","link":"https:\/\/lospoliticosveracruz.com\/?p=110527","title":{"rendered":"AHUED, APAGAFUEGOS"},"content":{"rendered":"\n<p><strong>Enrique Yasser Pompeyo<br><\/strong><em>Mesa de Redacci\u00f3n<\/em><\/p>\n\n\n\n<p>Por en\u00e9sima ocasi\u00f3n, el presidente municipal de Xalapa, Ricardo Ahued Bardahuil tuvo que salir a resolver un problema m\u00e1s que le generaron los propios empleados.<\/p>\n\n\n\n<figure class=\"wp-block-image size-large\"><a href=\"https:\/\/lospoliticosveracruz.com.mx\/wp-content\/uploads\/2016\/07\/Seguro-Julio-Cerecedo-2.jpg\"><img decoding=\"async\" src=\"https:\/\/lospoliticosveracruz.com.mx\/wp-content\/uploads\/2016\/07\/Seguro-Julio-Cerecedo-2-1024x381.jpg\" alt=\"\" class=\"wp-image-105879\"\/><\/a><\/figure>\n\n\n\n<p>Como lo informaron los medios de comunicaci\u00f3n y a trav\u00e9s de las redes sociales, este mi\u00e9rcoles una joven vendedora de pambazos fue atosigada por inspectores del Departamento de Inspecci\u00f3n y Atenci\u00f3n Comercial (DIAC) del Ayuntamiento.<\/p>\n\n\n\n<p>Pero, adem\u00e1s, a manera de presi\u00f3n e intimidaci\u00f3n, tambi\u00e9n llegaron elementos polic\u00edacos.<\/p>\n\n\n\n<p>Desde hace meses, los empleados municipales del DIAC acosan e intimidan a J\u00e9ssica V\u00e1zquez, madre soltera emprendedora, para impedirle vender su producto.<\/p>\n\n\n\n<p>Pero tambi\u00e9n le dijeron que ten\u00eda que dar una \u201cmochada\u201d a un l\u00edder para poder trabajar.<\/p>\n\n\n\n<p>Tras esta situaci\u00f3n, el alcalde la recibi\u00f3 y si bien Ahued Bardahuil expuso que se debe cumplir el reglamento en la materia, tambi\u00e9n admiti\u00f3 que se requiere mayor capacitaci\u00f3n al personal, pues no es posible actuar sin solidaridad, consideraci\u00f3n y, sobre todo, sensibilidad.<\/p>\n\n\n\n<p>Esto es urgente, ya que es constante la denuncia de los vendedores, de los emprendedores, por el acoso e intimidaci\u00f3n que reciben por parte de los empleados municipales del DIAC y los polic\u00edas.<\/p>\n\n\n\n<p>El alcalde de Xalapa hace un esfuerzo extraordinario por atender de la mejor manera a toda la poblaci\u00f3n, desafortunadamente, trabajadores como los de Departamento de Inspecci\u00f3n y Atenci\u00f3n Comercial, as\u00ed como algunos elementos polic\u00edacos lo hacen quedar muy mal ante los ciudadanos con su actuar prepotente e intimidatorio.<\/p>\n\n\n\n<p>Se espera que este caso sirva para que haya correctivos y no sucedan situaciones m\u00e1s delicadas, pues, al final, lo \u00fanico que buscan los xalape\u00f1os es trabajar de manera honrada para poder mantener a sus familias.<\/p>\n\n\n\n<p>enriquepompeyo@hotmail.com<\/p>\n","protected":false},"excerpt":{"rendered":"<p>Enrique Yasser PompeyoMesa de Redacci\u00f3n Por en\u00e9sima ocasi\u00f3n, el presidente municipal de Xalapa, Ricardo Ahued Bardahuil tuvo que salir a resolver un problema m\u00e1s que le generaron los propios empleados. Como lo informaron los medios de comunicaci\u00f3n y a trav\u00e9s de las redes sociales, este mi\u00e9rcoles una joven vendedora de pambazos fue atosigada por inspectores [&hellip;]<\/p>\n","protected":false},"author":2,"featured_media":0,"comment_status":"closed","ping_status":"closed","sticky":false,"template":"","format":"standard","meta":{"tdm_status":"","tdm_grid_status":"","footnotes":""},"categories":[70],"tags":[27207,15477,34063,2812],"class_list":{"0":"post-110527","1":"post","2":"type-post","3":"status-publish","4":"format-standard","6":"category-de-opinion","7":"tag-diac","8":"tag-enrique-yasser-pompeyo","9":"tag-presidente-municipal-de-xalapa","10":"tag-ricardo-ahued-bardahuil"},"yoast_head":"<!-- This site is optimized with the Yoast SEO plugin v27.4 - https:\/\/yoast.com\/product\/yoast-seo-wordpress\/ -->\n<title>AHUED, APAGAFUEGOS - Los pol\u00edticos Veracruz<\/title>\n<meta name=\"robots\" content=\"index, follow, max-snippet:-1, max-image-preview:large, max-video-preview:-1\" \/>\n<link rel=\"canonical\" href=\"https:\/\/lospoliticosveracruz.com\/?p=110527\" \/>\n<meta property=\"og:locale\" content=\"es_ES\" \/>\n<meta property=\"og:type\" content=\"article\" \/>\n<meta property=\"og:title\" content=\"AHUED, APAGAFUEGOS - Los pol\u00edticos Veracruz\" \/>\n<meta property=\"og:description\" content=\"Enrique Yasser PompeyoMesa de Redacci\u00f3n Por en\u00e9sima ocasi\u00f3n, el presidente municipal de Xalapa, Ricardo Ahued Bardahuil tuvo que salir a resolver un problema m\u00e1s que le generaron los propios empleados. Como lo informaron los medios de comunicaci\u00f3n y a trav\u00e9s de las redes sociales, este mi\u00e9rcoles una joven vendedora de pambazos fue atosigada por inspectores [&hellip;]\" \/>\n<meta property=\"og:url\" content=\"https:\/\/lospoliticosveracruz.com\/?p=110527\" \/>\n<meta property=\"og:site_name\" content=\"Los pol\u00edticos Veracruz\" \/>\n<meta property=\"article:publisher\" content=\"https:\/\/www.facebook.com\/people\/Notimemes-de-los-Polticos\/61565672886568\/\" \/>\n<meta property=\"article:published_time\" content=\"2023-08-24T01:51:43+00:00\" \/>\n<meta property=\"article:modified_time\" content=\"2023-08-24T01:51:46+00:00\" \/>\n<meta property=\"og:image\" content=\"https:\/\/lospoliticosveracruz.com.mx\/wp-content\/uploads\/2016\/07\/Seguro-Julio-Cerecedo-2-1024x381.jpg\" \/>\n<meta name=\"author\" content=\"Lo viste en Los Pol\u00edticos\" \/>\n<meta name=\"twitter:card\" content=\"summary_large_image\" \/>\n<meta name=\"twitter:creator\" content=\"@LosPoliticosVer\" \/>\n<meta name=\"twitter:site\" content=\"@LosPoliticosVer\" \/>\n<meta name=\"twitter:label1\" content=\"Escrito por\" \/>\n\t<meta name=\"twitter:data1\" content=\"Lo viste en Los Pol\u00edticos\" \/>\n\t<meta name=\"twitter:label2\" content=\"Tiempo de lectura\" \/>\n\t<meta name=\"twitter:data2\" content=\"2 minutos\" \/>\n<script type=\"application\/ld+json\" class=\"yoast-schema-graph\">{\"@context\":\"https:\\\/\\\/schema.org\",\"@graph\":[{\"@type\":\"Article\",\"@id\":\"https:\\\/\\\/lospoliticosveracruz.com\\\/?p=110527#article\",\"isPartOf\":{\"@id\":\"https:\\\/\\\/lospoliticosveracruz.com\\\/?p=110527\"},\"author\":{\"name\":\"Lo viste en Los Pol\u00edticos\",\"@id\":\"https:\\\/\\\/lospoliticosveracruz.com\\\/#\\\/schema\\\/person\\\/b8702bb0e538456e6efd07080bf2a4a2\"},\"headline\":\"AHUED, APAGAFUEGOS\",\"datePublished\":\"2023-08-24T01:51:43+00:00\",\"dateModified\":\"2023-08-24T01:51:46+00:00\",\"mainEntityOfPage\":{\"@id\":\"https:\\\/\\\/lospoliticosveracruz.com\\\/?p=110527\"},\"wordCount\":312,\"publisher\":{\"@id\":\"https:\\\/\\\/lospoliticosveracruz.com\\\/#organization\"},\"image\":{\"@id\":\"https:\\\/\\\/lospoliticosveracruz.com\\\/?p=110527#primaryimage\"},\"thumbnailUrl\":\"https:\\\/\\\/lospoliticosveracruz.com.mx\\\/wp-content\\\/uploads\\\/2016\\\/07\\\/Seguro-Julio-Cerecedo-2-1024x381.jpg\",\"keywords\":[\"DIAC\",\"Enrique Yasser Pompeyo\",\"Presidente Municipal de Xalapa\",\"Ricardo Ahued Bardahuil\"],\"articleSection\":[\"De Opini\u00f3n\"],\"inLanguage\":\"es\"},{\"@type\":\"WebPage\",\"@id\":\"https:\\\/\\\/lospoliticosveracruz.com\\\/?p=110527\",\"url\":\"https:\\\/\\\/lospoliticosveracruz.com\\\/?p=110527\",\"name\":\"AHUED, APAGAFUEGOS - Los pol\u00edticos Veracruz\",\"isPartOf\":{\"@id\":\"https:\\\/\\\/lospoliticosveracruz.com\\\/#website\"},\"primaryImageOfPage\":{\"@id\":\"https:\\\/\\\/lospoliticosveracruz.com\\\/?p=110527#primaryimage\"},\"image\":{\"@id\":\"https:\\\/\\\/lospoliticosveracruz.com\\\/?p=110527#primaryimage\"},\"thumbnailUrl\":\"https:\\\/\\\/lospoliticosveracruz.com.mx\\\/wp-content\\\/uploads\\\/2016\\\/07\\\/Seguro-Julio-Cerecedo-2-1024x381.jpg\",\"datePublished\":\"2023-08-24T01:51:43+00:00\",\"dateModified\":\"2023-08-24T01:51:46+00:00\",\"breadcrumb\":{\"@id\":\"https:\\\/\\\/lospoliticosveracruz.com\\\/?p=110527#breadcrumb\"},\"inLanguage\":\"es\",\"potentialAction\":[{\"@type\":\"ReadAction\",\"target\":[\"https:\\\/\\\/lospoliticosveracruz.com\\\/?p=110527\"]}]},{\"@type\":\"ImageObject\",\"inLanguage\":\"es\",\"@id\":\"https:\\\/\\\/lospoliticosveracruz.com\\\/?p=110527#primaryimage\",\"url\":\"https:\\\/\\\/lospoliticosveracruz.com.mx\\\/wp-content\\\/uploads\\\/2016\\\/07\\\/Seguro-Julio-Cerecedo-2-1024x381.jpg\",\"contentUrl\":\"https:\\\/\\\/lospoliticosveracruz.com.mx\\\/wp-content\\\/uploads\\\/2016\\\/07\\\/Seguro-Julio-Cerecedo-2-1024x381.jpg\"},{\"@type\":\"BreadcrumbList\",\"@id\":\"https:\\\/\\\/lospoliticosveracruz.com\\\/?p=110527#breadcrumb\",\"itemListElement\":[{\"@type\":\"ListItem\",\"position\":1,\"name\":\"Portada\",\"item\":\"https:\\\/\\\/lospoliticosveracruz.com\\\/\"},{\"@type\":\"ListItem\",\"position\":2,\"name\":\"AHUED, APAGAFUEGOS\"}]},{\"@type\":\"WebSite\",\"@id\":\"https:\\\/\\\/lospoliticosveracruz.com\\\/#website\",\"url\":\"https:\\\/\\\/lospoliticosveracruz.com\\\/\",\"name\":\"Los pol\u00edticos Veracruz\",\"description\":\"\",\"publisher\":{\"@id\":\"https:\\\/\\\/lospoliticosveracruz.com\\\/#organization\"},\"potentialAction\":[{\"@type\":\"SearchAction\",\"target\":{\"@type\":\"EntryPoint\",\"urlTemplate\":\"https:\\\/\\\/lospoliticosveracruz.com\\\/?s={search_term_string}\"},\"query-input\":{\"@type\":\"PropertyValueSpecification\",\"valueRequired\":true,\"valueName\":\"search_term_string\"}}],\"inLanguage\":\"es\"},{\"@type\":\"Organization\",\"@id\":\"https:\\\/\\\/lospoliticosveracruz.com\\\/#organization\",\"name\":\"Los pol\u00edticos Veracruz\",\"url\":\"https:\\\/\\\/lospoliticosveracruz.com\\\/\",\"logo\":{\"@type\":\"ImageObject\",\"inLanguage\":\"es\",\"@id\":\"https:\\\/\\\/lospoliticosveracruz.com\\\/#\\\/schema\\\/logo\\\/image\\\/\",\"url\":\"https:\\\/\\\/lospoliticosveracruz.com\\\/wp-content\\\/uploads\\\/2025\\\/12\\\/Logo-Nuevo-LOS-POLITICOS-1.jpg\",\"contentUrl\":\"https:\\\/\\\/lospoliticosveracruz.com\\\/wp-content\\\/uploads\\\/2025\\\/12\\\/Logo-Nuevo-LOS-POLITICOS-1.jpg\",\"width\":260,\"height\":70,\"caption\":\"Los pol\u00edticos Veracruz\"},\"image\":{\"@id\":\"https:\\\/\\\/lospoliticosveracruz.com\\\/#\\\/schema\\\/logo\\\/image\\\/\"},\"sameAs\":[\"https:\\\/\\\/www.facebook.com\\\/people\\\/Notimemes-de-los-Polticos\\\/61565672886568\\\/\",\"https:\\\/\\\/x.com\\\/LosPoliticosVer\"]},{\"@type\":\"Person\",\"@id\":\"https:\\\/\\\/lospoliticosveracruz.com\\\/#\\\/schema\\\/person\\\/b8702bb0e538456e6efd07080bf2a4a2\",\"name\":\"Lo viste en Los Pol\u00edticos\",\"image\":{\"@type\":\"ImageObject\",\"inLanguage\":\"es\",\"@id\":\"https:\\\/\\\/secure.gravatar.com\\\/avatar\\\/3a8de04a2656d44082be478bd6c086daa447c4651605818287b9532d3d0bd435?s=96&d=mm&r=g\",\"url\":\"https:\\\/\\\/secure.gravatar.com\\\/avatar\\\/3a8de04a2656d44082be478bd6c086daa447c4651605818287b9532d3d0bd435?s=96&d=mm&r=g\",\"contentUrl\":\"https:\\\/\\\/secure.gravatar.com\\\/avatar\\\/3a8de04a2656d44082be478bd6c086daa447c4651605818287b9532d3d0bd435?s=96&d=mm&r=g\",\"caption\":\"Lo viste en Los Pol\u00edticos\"},\"url\":\"https:\\\/\\\/lospoliticosveracruz.com\\\/?author=2\"}]}<\/script>\n<!-- \/ Yoast SEO plugin. -->","yoast_head_json":{"title":"AHUED, APAGAFUEGOS - Los pol\u00edticos Veracruz","robots":{"index":"index","follow":"follow","max-snippet":"max-snippet:-1","max-image-preview":"max-image-preview:large","max-video-preview":"max-video-preview:-1"},"canonical":"https:\/\/lospoliticosveracruz.com\/?p=110527","og_locale":"es_ES","og_type":"article","og_title":"AHUED, APAGAFUEGOS - Los pol\u00edticos Veracruz","og_description":"Enrique Yasser PompeyoMesa de Redacci\u00f3n Por en\u00e9sima ocasi\u00f3n, el presidente municipal de Xalapa, Ricardo Ahued Bardahuil tuvo que salir a resolver un problema m\u00e1s que le generaron los propios empleados. Como lo informaron los medios de comunicaci\u00f3n y a trav\u00e9s de las redes sociales, este mi\u00e9rcoles una joven vendedora de pambazos fue atosigada por inspectores [&hellip;]","og_url":"https:\/\/lospoliticosveracruz.com\/?p=110527","og_site_name":"Los pol\u00edticos Veracruz","article_publisher":"https:\/\/www.facebook.com\/people\/Notimemes-de-los-Polticos\/61565672886568\/","article_published_time":"2023-08-24T01:51:43+00:00","article_modified_time":"2023-08-24T01:51:46+00:00","og_image":[{"url":"https:\/\/lospoliticosveracruz.com.mx\/wp-content\/uploads\/2016\/07\/Seguro-Julio-Cerecedo-2-1024x381.jpg","type":"","width":"","height":""}],"author":"Lo viste en Los Pol\u00edticos","twitter_card":"summary_large_image","twitter_creator":"@LosPoliticosVer","twitter_site":"@LosPoliticosVer","twitter_misc":{"Escrito por":"Lo viste en Los Pol\u00edticos","Tiempo de lectura":"2 minutos"},"schema":{"@context":"https:\/\/schema.org","@graph":[{"@type":"Article","@id":"https:\/\/lospoliticosveracruz.com\/?p=110527#article","isPartOf":{"@id":"https:\/\/lospoliticosveracruz.com\/?p=110527"},"author":{"name":"Lo viste en Los Pol\u00edticos","@id":"https:\/\/lospoliticosveracruz.com\/#\/schema\/person\/b8702bb0e538456e6efd07080bf2a4a2"},"headline":"AHUED, APAGAFUEGOS","datePublished":"2023-08-24T01:51:43+00:00","dateModified":"2023-08-24T01:51:46+00:00","mainEntityOfPage":{"@id":"https:\/\/lospoliticosveracruz.com\/?p=110527"},"wordCount":312,"publisher":{"@id":"https:\/\/lospoliticosveracruz.com\/#organization"},"image":{"@id":"https:\/\/lospoliticosveracruz.com\/?p=110527#primaryimage"},"thumbnailUrl":"https:\/\/lospoliticosveracruz.com.mx\/wp-content\/uploads\/2016\/07\/Seguro-Julio-Cerecedo-2-1024x381.jpg","keywords":["DIAC","Enrique Yasser Pompeyo","Presidente Municipal de Xalapa","Ricardo Ahued Bardahuil"],"articleSection":["De Opini\u00f3n"],"inLanguage":"es"},{"@type":"WebPage","@id":"https:\/\/lospoliticosveracruz.com\/?p=110527","url":"https:\/\/lospoliticosveracruz.com\/?p=110527","name":"AHUED, APAGAFUEGOS - Los pol\u00edticos Veracruz","isPartOf":{"@id":"https:\/\/lospoliticosveracruz.com\/#website"},"primaryImageOfPage":{"@id":"https:\/\/lospoliticosveracruz.com\/?p=110527#primaryimage"},"image":{"@id":"https:\/\/lospoliticosveracruz.com\/?p=110527#primaryimage"},"thumbnailUrl":"https:\/\/lospoliticosveracruz.com.mx\/wp-content\/uploads\/2016\/07\/Seguro-Julio-Cerecedo-2-1024x381.jpg","datePublished":"2023-08-24T01:51:43+00:00","dateModified":"2023-08-24T01:51:46+00:00","breadcrumb":{"@id":"https:\/\/lospoliticosveracruz.com\/?p=110527#breadcrumb"},"inLanguage":"es","potentialAction":[{"@type":"ReadAction","target":["https:\/\/lospoliticosveracruz.com\/?p=110527"]}]},{"@type":"ImageObject","inLanguage":"es","@id":"https:\/\/lospoliticosveracruz.com\/?p=110527#primaryimage","url":"https:\/\/lospoliticosveracruz.com.mx\/wp-content\/uploads\/2016\/07\/Seguro-Julio-Cerecedo-2-1024x381.jpg","contentUrl":"https:\/\/lospoliticosveracruz.com.mx\/wp-content\/uploads\/2016\/07\/Seguro-Julio-Cerecedo-2-1024x381.jpg"},{"@type":"BreadcrumbList","@id":"https:\/\/lospoliticosveracruz.com\/?p=110527#breadcrumb","itemListElement":[{"@type":"ListItem","position":1,"name":"Portada","item":"https:\/\/lospoliticosveracruz.com\/"},{"@type":"ListItem","position":2,"name":"AHUED, APAGAFUEGOS"}]},{"@type":"WebSite","@id":"https:\/\/lospoliticosveracruz.com\/#website","url":"https:\/\/lospoliticosveracruz.com\/","name":"Los pol\u00edticos Veracruz","description":"","publisher":{"@id":"https:\/\/lospoliticosveracruz.com\/#organization"},"potentialAction":[{"@type":"SearchAction","target":{"@type":"EntryPoint","urlTemplate":"https:\/\/lospoliticosveracruz.com\/?s={search_term_string}"},"query-input":{"@type":"PropertyValueSpecification","valueRequired":true,"valueName":"search_term_string"}}],"inLanguage":"es"},{"@type":"Organization","@id":"https:\/\/lospoliticosveracruz.com\/#organization","name":"Los pol\u00edticos Veracruz","url":"https:\/\/lospoliticosveracruz.com\/","logo":{"@type":"ImageObject","inLanguage":"es","@id":"https:\/\/lospoliticosveracruz.com\/#\/schema\/logo\/image\/","url":"https:\/\/lospoliticosveracruz.com\/wp-content\/uploads\/2025\/12\/Logo-Nuevo-LOS-POLITICOS-1.jpg","contentUrl":"https:\/\/lospoliticosveracruz.com\/wp-content\/uploads\/2025\/12\/Logo-Nuevo-LOS-POLITICOS-1.jpg","width":260,"height":70,"caption":"Los pol\u00edticos Veracruz"},"image":{"@id":"https:\/\/lospoliticosveracruz.com\/#\/schema\/logo\/image\/"},"sameAs":["https:\/\/www.facebook.com\/people\/Notimemes-de-los-Polticos\/61565672886568\/","https:\/\/x.com\/LosPoliticosVer"]},{"@type":"Person","@id":"https:\/\/lospoliticosveracruz.com\/#\/schema\/person\/b8702bb0e538456e6efd07080bf2a4a2","name":"Lo viste en Los Pol\u00edticos","image":{"@type":"ImageObject","inLanguage":"es","@id":"https:\/\/secure.gravatar.com\/avatar\/3a8de04a2656d44082be478bd6c086daa447c4651605818287b9532d3d0bd435?s=96&d=mm&r=g","url":"https:\/\/secure.gravatar.com\/avatar\/3a8de04a2656d44082be478bd6c086daa447c4651605818287b9532d3d0bd435?s=96&d=mm&r=g","contentUrl":"https:\/\/secure.gravatar.com\/avatar\/3a8de04a2656d44082be478bd6c086daa447c4651605818287b9532d3d0bd435?s=96&d=mm&r=g","caption":"Lo viste en Los Pol\u00edticos"},"url":"https:\/\/lospoliticosveracruz.com\/?author=2"}]}},"_links":{"self":[{"href":"https:\/\/lospoliticosveracruz.com\/index.php?rest_route=\/wp\/v2\/posts\/110527","targetHints":{"allow":["GET"]}}],"collection":[{"href":"https:\/\/lospoliticosveracruz.com\/index.php?rest_route=\/wp\/v2\/posts"}],"about":[{"href":"https:\/\/lospoliticosveracruz.com\/index.php?rest_route=\/wp\/v2\/types\/post"}],"author":[{"embeddable":true,"href":"https:\/\/lospoliticosveracruz.com\/index.php?rest_route=\/wp\/v2\/users\/2"}],"replies":[{"embeddable":true,"href":"https:\/\/lospoliticosveracruz.com\/index.php?rest_route=%2Fwp%2Fv2%2Fcomments&post=110527"}],"version-history":[{"count":1,"href":"https:\/\/lospoliticosveracruz.com\/index.php?rest_route=\/wp\/v2\/posts\/110527\/revisions"}],"predecessor-version":[{"id":110529,"href":"https:\/\/lospoliticosveracruz.com\/index.php?rest_route=\/wp\/v2\/posts\/110527\/revisions\/110529"}],"wp:attachment":[{"href":"https:\/\/lospoliticosveracruz.com\/index.php?rest_route=%2Fwp%2Fv2%2Fmedia&parent=110527"}],"wp:term":[{"taxonomy":"category","embeddable":true,"href":"https:\/\/lospoliticosveracruz.com\/index.php?rest_route=%2Fwp%2Fv2%2Fcategories&post=110527"},{"taxonomy":"post_tag","embeddable":true,"href":"https:\/\/lospoliticosveracruz.com\/index.php?rest_route=%2Fwp%2Fv2%2Ftags&post=110527"}],"curies":[{"name":"wp","href":"https:\/\/api.w.org\/{rel}","templated":true}]}}