{"id":110533,"date":"2023-08-23T21:41:33","date_gmt":"2023-08-24T02:41:33","guid":{"rendered":"https:\/\/lospoliticosveracruz.com.mx\/?p=110533"},"modified":"2023-08-23T21:41:37","modified_gmt":"2023-08-24T02:41:37","slug":"amenazas-e-inseguridad-nadie-sabe-y-nadie-supo","status":"publish","type":"post","link":"https:\/\/lospoliticosveracruz.com\/?p=110533","title":{"rendered":"AMENAZAS E INSEGURIDAD; NADIE SABE Y NADIE SUPO"},"content":{"rendered":"\n<p><strong>Jos\u00e9 Luis Enr\u00edquez Ambell<br><\/strong><em>Caf\u00e9 de Ma\u00f1ana<\/em><\/p>\n\n\n\n<p>Las amenazas no deben esperarse a que sean efectivas, y m\u00e1s vale prevenir en t\u00e9rminos de seguridad y as\u00ed evitar riesgos.<\/p>\n\n\n\n<p>Hace unos d\u00edas escrib\u00ed acerca de la necesidad de articular la log\u00edstica en materia de seguridad en esta \u00e9poca de la alternancia y violencia que en el Pa\u00eds se est\u00e1 enfrentando, desde el enfoque de los actores del quehacer p\u00fablico y pol\u00edtico.<\/p>\n\n\n<div class=\"wp-block-image\">\n<figure class=\"alignleft size-medium\"><a href=\"https:\/\/lospoliticosveracruz.com.mx\/wp-content\/uploads\/2021\/10\/Zacauilt.jpg\"><img decoding=\"async\" src=\"https:\/\/lospoliticosveracruz.com.mx\/wp-content\/uploads\/2021\/10\/Zacauilt-150x300.jpg\" alt=\"\" class=\"wp-image-80558\"\/><\/a><\/figure>\n<\/div>\n\n\n<p>En ese sentido, el Diputado y Presidente de la JUCOPO de la LXVI Legislatura del H. Congreso del Estado Juan Javier G\u00f3mez Cazar\u00edn,- desde y con su forma de comunicar el acontecer,- hizo menci\u00f3n acerca de una campa\u00f1a en su contra a trav\u00e9s de las redes sociales y algunas otras v\u00edas de informaci\u00f3n.<\/p>\n\n\n\n<p>Y m\u00e1s all\u00e1 de ocupar las rutas legales que le asisten en sus derechos como ciudadano, nos lleva a pensar que el adelantamiento en el relevo transexenal local y federal, ha elevado el grado del humor en algunos contendientes, rivales y adversarios en lo general.<\/p>\n\n\n\n<p>Creo que es importante que las autoridades del orden electoral, legislativo, seguridad p\u00fablica y procuraci\u00f3n de justicia, entre otros pisos del sector oficial, pueden sentarse y buscar juntos articular mecanismos de un mejor cuidado en ese sentido incluyendo vigilar en todo lo posible a \u00ablos internautas.\u00bb<\/p>\n\n\n\n<p>Y aunque la legislaci\u00f3n en materia electoral en M\u00e9xico cuida de la instalaci\u00f3n de casillas y la transportaci\u00f3n de boletas en su resguardo antes, durante y posterior a la elecci\u00f3n, no hay alguna normatividad espec\u00edfica que cuide individual y colectivamente &#8211; salvo la legislaci\u00f3n ordinaria &#8211; a los precandidatos, candidatos y pol\u00edticos.<\/p>\n\n\n\n<p>\u00abTodo lo que sucede en el entorno de un pol\u00edtico, tiene un m\u00f3vil pol\u00edtico,\u00bb bien dec\u00eda Don Porfirio Mu\u00f1oz Ledo.<\/p>\n\n\n\n<p><strong>DE SOBREMESA<\/strong><\/p>\n\n\n\n<p>La visita de Do\u00f1a Roc\u00edo Nahle a Veracruz est\u00e1t semana y la que har\u00e1 Do\u00f1a Claudia Shiembaum pr\u00f3ximamente, sin tener que llegar a un estudio cient\u00edfico, tiene relaci\u00f3n estrecha y directa.<\/p>\n\n\n\n<p><em><strong>UN CAF\u00c9 CON DOBLE CARGA<\/strong><\/em><\/p>\n\n\n\n<p>Luis Hern\u00e1ndez Palacios Mir\u00f3n, Procurador Agrario, estuvo en Xalapa donde firm\u00f3 acuerdo de colaboraci\u00f3n con la SEDECOP y se\u00f1al\u00f3 que las acciones de la PA son para impulsar el desarrollo social y sostenible de los n\u00facleos agrarios en el territorio Veracruzano, como lo ha ordenado el Presidente de M\u00e9xico.<\/p>\n\n\n\n<p>El especial inter\u00e9s del Xalape\u00f1o servidor p\u00fablico federal siempre genera acciones de apoyo a su Estado natal, y desde esa perspectiva, se logra la participaci\u00f3n ordenada en los procesos de desarrollo econ\u00f3mico.<\/p>\n\n\n\n<p>Adem\u00e1s, en reuni\u00f3n informal se encontr\u00f3 con el Presidente Municipal de Xalapa Ricardo Ahued.<\/p>\n\n\n\n<p><strong>UN CAF\u00c9 NEGRO VERACRUZANO<\/strong><\/p>\n\n\n\n<p>Este 23 de agosto cumpli\u00f3 sus primeros DIEZ A\u00d1OS de inaugurada la Sala Tlaqn\u00e1 y que en Tononaco significa \u00abel que interpreta,\u00bb ubicada en las instalaciones de la USBI en Xalapa, y es el recinto art\u00edstico musical para los conciertos de la OSX de la Universidad Vetacruzana. Muchas Felicidades!<\/p>\n\n\n\n<p>\u00a1 ES CUANTO !<\/p>\n\n\n\n<p>enriquezambell@gmail.com<\/p>\n","protected":false},"excerpt":{"rendered":"<p>Jos\u00e9 Luis Enr\u00edquez AmbellCaf\u00e9 de Ma\u00f1ana Las amenazas no deben esperarse a que sean efectivas, y m\u00e1s vale prevenir en t\u00e9rminos de seguridad y as\u00ed evitar riesgos. Hace unos d\u00edas escrib\u00ed acerca de la necesidad de articular la log\u00edstica en materia de seguridad en esta \u00e9poca de la alternancia y violencia que en el Pa\u00eds [&hellip;]<\/p>\n","protected":false},"author":2,"featured_media":0,"comment_status":"closed","ping_status":"closed","sticky":false,"template":"","format":"standard","meta":{"tdm_status":"","tdm_grid_status":"","footnotes":""},"categories":[70],"tags":[39126,8383,38232,876,5102],"class_list":{"0":"post-110533","1":"post","2":"type-post","3":"status-publish","4":"format-standard","6":"category-de-opinion","7":"tag-claudia-shiembaum","8":"tag-jose-luis-enriquez-ambell","9":"tag-luis-hernandez-palacios-miron","10":"tag-ricardo-ahued","11":"tag-sedecop"},"yoast_head":"<!-- This site is optimized with the Yoast SEO plugin v27.4 - https:\/\/yoast.com\/product\/yoast-seo-wordpress\/ -->\n<title>AMENAZAS E INSEGURIDAD; NADIE SABE Y NADIE SUPO - Los pol\u00edticos Veracruz<\/title>\n<meta name=\"robots\" content=\"index, follow, max-snippet:-1, max-image-preview:large, max-video-preview:-1\" \/>\n<link rel=\"canonical\" href=\"https:\/\/lospoliticosveracruz.com\/?p=110533\" \/>\n<meta property=\"og:locale\" content=\"es_ES\" \/>\n<meta property=\"og:type\" content=\"article\" \/>\n<meta property=\"og:title\" content=\"AMENAZAS E INSEGURIDAD; NADIE SABE Y NADIE SUPO - Los pol\u00edticos Veracruz\" \/>\n<meta property=\"og:description\" content=\"Jos\u00e9 Luis Enr\u00edquez AmbellCaf\u00e9 de Ma\u00f1ana Las amenazas no deben esperarse a que sean efectivas, y m\u00e1s vale prevenir en t\u00e9rminos de seguridad y as\u00ed evitar riesgos. Hace unos d\u00edas escrib\u00ed acerca de la necesidad de articular la log\u00edstica en materia de seguridad en esta \u00e9poca de la alternancia y violencia que en el Pa\u00eds [&hellip;]\" \/>\n<meta property=\"og:url\" content=\"https:\/\/lospoliticosveracruz.com\/?p=110533\" \/>\n<meta property=\"og:site_name\" content=\"Los pol\u00edticos Veracruz\" \/>\n<meta property=\"article:publisher\" content=\"https:\/\/www.facebook.com\/people\/Notimemes-de-los-Polticos\/61565672886568\/\" \/>\n<meta property=\"article:published_time\" content=\"2023-08-24T02:41:33+00:00\" \/>\n<meta property=\"article:modified_time\" content=\"2023-08-24T02:41:37+00:00\" \/>\n<meta property=\"og:image\" content=\"https:\/\/lospoliticosveracruz.com.mx\/wp-content\/uploads\/2021\/10\/Zacauilt-150x300.jpg\" \/>\n<meta name=\"author\" content=\"Lo viste en Los Pol\u00edticos\" \/>\n<meta name=\"twitter:card\" content=\"summary_large_image\" \/>\n<meta name=\"twitter:creator\" content=\"@LosPoliticosVer\" \/>\n<meta name=\"twitter:site\" content=\"@LosPoliticosVer\" \/>\n<meta name=\"twitter:label1\" content=\"Escrito por\" \/>\n\t<meta name=\"twitter:data1\" content=\"Lo viste en Los Pol\u00edticos\" \/>\n\t<meta name=\"twitter:label2\" content=\"Tiempo de lectura\" \/>\n\t<meta name=\"twitter:data2\" content=\"3 minutos\" \/>\n<script type=\"application\/ld+json\" class=\"yoast-schema-graph\">{\"@context\":\"https:\\\/\\\/schema.org\",\"@graph\":[{\"@type\":\"Article\",\"@id\":\"https:\\\/\\\/lospoliticosveracruz.com\\\/?p=110533#article\",\"isPartOf\":{\"@id\":\"https:\\\/\\\/lospoliticosveracruz.com\\\/?p=110533\"},\"author\":{\"name\":\"Lo viste en Los Pol\u00edticos\",\"@id\":\"https:\\\/\\\/lospoliticosveracruz.com\\\/#\\\/schema\\\/person\\\/b8702bb0e538456e6efd07080bf2a4a2\"},\"headline\":\"AMENAZAS E INSEGURIDAD; NADIE SABE Y NADIE SUPO\",\"datePublished\":\"2023-08-24T02:41:33+00:00\",\"dateModified\":\"2023-08-24T02:41:37+00:00\",\"mainEntityOfPage\":{\"@id\":\"https:\\\/\\\/lospoliticosveracruz.com\\\/?p=110533\"},\"wordCount\":540,\"publisher\":{\"@id\":\"https:\\\/\\\/lospoliticosveracruz.com\\\/#organization\"},\"image\":{\"@id\":\"https:\\\/\\\/lospoliticosveracruz.com\\\/?p=110533#primaryimage\"},\"thumbnailUrl\":\"https:\\\/\\\/lospoliticosveracruz.com.mx\\\/wp-content\\\/uploads\\\/2021\\\/10\\\/Zacauilt-150x300.jpg\",\"keywords\":[\"Claudia Shiembaum\",\"Jos\u00e9 Luis Enr\u00edquez Ambell\",\"Luis Hern\u00e1ndez Palacios Mir\u00f3n\",\"Ricardo Ahued\",\"Sedecop\"],\"articleSection\":[\"De Opini\u00f3n\"],\"inLanguage\":\"es\"},{\"@type\":\"WebPage\",\"@id\":\"https:\\\/\\\/lospoliticosveracruz.com\\\/?p=110533\",\"url\":\"https:\\\/\\\/lospoliticosveracruz.com\\\/?p=110533\",\"name\":\"AMENAZAS E INSEGURIDAD; NADIE SABE Y NADIE SUPO - Los pol\u00edticos Veracruz\",\"isPartOf\":{\"@id\":\"https:\\\/\\\/lospoliticosveracruz.com\\\/#website\"},\"primaryImageOfPage\":{\"@id\":\"https:\\\/\\\/lospoliticosveracruz.com\\\/?p=110533#primaryimage\"},\"image\":{\"@id\":\"https:\\\/\\\/lospoliticosveracruz.com\\\/?p=110533#primaryimage\"},\"thumbnailUrl\":\"https:\\\/\\\/lospoliticosveracruz.com.mx\\\/wp-content\\\/uploads\\\/2021\\\/10\\\/Zacauilt-150x300.jpg\",\"datePublished\":\"2023-08-24T02:41:33+00:00\",\"dateModified\":\"2023-08-24T02:41:37+00:00\",\"breadcrumb\":{\"@id\":\"https:\\\/\\\/lospoliticosveracruz.com\\\/?p=110533#breadcrumb\"},\"inLanguage\":\"es\",\"potentialAction\":[{\"@type\":\"ReadAction\",\"target\":[\"https:\\\/\\\/lospoliticosveracruz.com\\\/?p=110533\"]}]},{\"@type\":\"ImageObject\",\"inLanguage\":\"es\",\"@id\":\"https:\\\/\\\/lospoliticosveracruz.com\\\/?p=110533#primaryimage\",\"url\":\"https:\\\/\\\/lospoliticosveracruz.com.mx\\\/wp-content\\\/uploads\\\/2021\\\/10\\\/Zacauilt-150x300.jpg\",\"contentUrl\":\"https:\\\/\\\/lospoliticosveracruz.com.mx\\\/wp-content\\\/uploads\\\/2021\\\/10\\\/Zacauilt-150x300.jpg\"},{\"@type\":\"BreadcrumbList\",\"@id\":\"https:\\\/\\\/lospoliticosveracruz.com\\\/?p=110533#breadcrumb\",\"itemListElement\":[{\"@type\":\"ListItem\",\"position\":1,\"name\":\"Portada\",\"item\":\"https:\\\/\\\/lospoliticosveracruz.com\\\/\"},{\"@type\":\"ListItem\",\"position\":2,\"name\":\"AMENAZAS E INSEGURIDAD; NADIE SABE Y NADIE SUPO\"}]},{\"@type\":\"WebSite\",\"@id\":\"https:\\\/\\\/lospoliticosveracruz.com\\\/#website\",\"url\":\"https:\\\/\\\/lospoliticosveracruz.com\\\/\",\"name\":\"Los pol\u00edticos Veracruz\",\"description\":\"\",\"publisher\":{\"@id\":\"https:\\\/\\\/lospoliticosveracruz.com\\\/#organization\"},\"potentialAction\":[{\"@type\":\"SearchAction\",\"target\":{\"@type\":\"EntryPoint\",\"urlTemplate\":\"https:\\\/\\\/lospoliticosveracruz.com\\\/?s={search_term_string}\"},\"query-input\":{\"@type\":\"PropertyValueSpecification\",\"valueRequired\":true,\"valueName\":\"search_term_string\"}}],\"inLanguage\":\"es\"},{\"@type\":\"Organization\",\"@id\":\"https:\\\/\\\/lospoliticosveracruz.com\\\/#organization\",\"name\":\"Los pol\u00edticos Veracruz\",\"url\":\"https:\\\/\\\/lospoliticosveracruz.com\\\/\",\"logo\":{\"@type\":\"ImageObject\",\"inLanguage\":\"es\",\"@id\":\"https:\\\/\\\/lospoliticosveracruz.com\\\/#\\\/schema\\\/logo\\\/image\\\/\",\"url\":\"https:\\\/\\\/lospoliticosveracruz.com\\\/wp-content\\\/uploads\\\/2025\\\/12\\\/Logo-Nuevo-LOS-POLITICOS-1.jpg\",\"contentUrl\":\"https:\\\/\\\/lospoliticosveracruz.com\\\/wp-content\\\/uploads\\\/2025\\\/12\\\/Logo-Nuevo-LOS-POLITICOS-1.jpg\",\"width\":260,\"height\":70,\"caption\":\"Los pol\u00edticos Veracruz\"},\"image\":{\"@id\":\"https:\\\/\\\/lospoliticosveracruz.com\\\/#\\\/schema\\\/logo\\\/image\\\/\"},\"sameAs\":[\"https:\\\/\\\/www.facebook.com\\\/people\\\/Notimemes-de-los-Polticos\\\/61565672886568\\\/\",\"https:\\\/\\\/x.com\\\/LosPoliticosVer\"]},{\"@type\":\"Person\",\"@id\":\"https:\\\/\\\/lospoliticosveracruz.com\\\/#\\\/schema\\\/person\\\/b8702bb0e538456e6efd07080bf2a4a2\",\"name\":\"Lo viste en Los Pol\u00edticos\",\"image\":{\"@type\":\"ImageObject\",\"inLanguage\":\"es\",\"@id\":\"https:\\\/\\\/secure.gravatar.com\\\/avatar\\\/3a8de04a2656d44082be478bd6c086daa447c4651605818287b9532d3d0bd435?s=96&d=mm&r=g\",\"url\":\"https:\\\/\\\/secure.gravatar.com\\\/avatar\\\/3a8de04a2656d44082be478bd6c086daa447c4651605818287b9532d3d0bd435?s=96&d=mm&r=g\",\"contentUrl\":\"https:\\\/\\\/secure.gravatar.com\\\/avatar\\\/3a8de04a2656d44082be478bd6c086daa447c4651605818287b9532d3d0bd435?s=96&d=mm&r=g\",\"caption\":\"Lo viste en Los Pol\u00edticos\"},\"url\":\"https:\\\/\\\/lospoliticosveracruz.com\\\/?author=2\"}]}<\/script>\n<!-- \/ Yoast SEO plugin. -->","yoast_head_json":{"title":"AMENAZAS E INSEGURIDAD; NADIE SABE Y NADIE SUPO - Los pol\u00edticos Veracruz","robots":{"index":"index","follow":"follow","max-snippet":"max-snippet:-1","max-image-preview":"max-image-preview:large","max-video-preview":"max-video-preview:-1"},"canonical":"https:\/\/lospoliticosveracruz.com\/?p=110533","og_locale":"es_ES","og_type":"article","og_title":"AMENAZAS E INSEGURIDAD; NADIE SABE Y NADIE SUPO - Los pol\u00edticos Veracruz","og_description":"Jos\u00e9 Luis Enr\u00edquez AmbellCaf\u00e9 de Ma\u00f1ana Las amenazas no deben esperarse a que sean efectivas, y m\u00e1s vale prevenir en t\u00e9rminos de seguridad y as\u00ed evitar riesgos. Hace unos d\u00edas escrib\u00ed acerca de la necesidad de articular la log\u00edstica en materia de seguridad en esta \u00e9poca de la alternancia y violencia que en el Pa\u00eds [&hellip;]","og_url":"https:\/\/lospoliticosveracruz.com\/?p=110533","og_site_name":"Los pol\u00edticos Veracruz","article_publisher":"https:\/\/www.facebook.com\/people\/Notimemes-de-los-Polticos\/61565672886568\/","article_published_time":"2023-08-24T02:41:33+00:00","article_modified_time":"2023-08-24T02:41:37+00:00","og_image":[{"url":"https:\/\/lospoliticosveracruz.com.mx\/wp-content\/uploads\/2021\/10\/Zacauilt-150x300.jpg","type":"","width":"","height":""}],"author":"Lo viste en Los Pol\u00edticos","twitter_card":"summary_large_image","twitter_creator":"@LosPoliticosVer","twitter_site":"@LosPoliticosVer","twitter_misc":{"Escrito por":"Lo viste en Los Pol\u00edticos","Tiempo de lectura":"3 minutos"},"schema":{"@context":"https:\/\/schema.org","@graph":[{"@type":"Article","@id":"https:\/\/lospoliticosveracruz.com\/?p=110533#article","isPartOf":{"@id":"https:\/\/lospoliticosveracruz.com\/?p=110533"},"author":{"name":"Lo viste en Los Pol\u00edticos","@id":"https:\/\/lospoliticosveracruz.com\/#\/schema\/person\/b8702bb0e538456e6efd07080bf2a4a2"},"headline":"AMENAZAS E INSEGURIDAD; NADIE SABE Y NADIE SUPO","datePublished":"2023-08-24T02:41:33+00:00","dateModified":"2023-08-24T02:41:37+00:00","mainEntityOfPage":{"@id":"https:\/\/lospoliticosveracruz.com\/?p=110533"},"wordCount":540,"publisher":{"@id":"https:\/\/lospoliticosveracruz.com\/#organization"},"image":{"@id":"https:\/\/lospoliticosveracruz.com\/?p=110533#primaryimage"},"thumbnailUrl":"https:\/\/lospoliticosveracruz.com.mx\/wp-content\/uploads\/2021\/10\/Zacauilt-150x300.jpg","keywords":["Claudia Shiembaum","Jos\u00e9 Luis Enr\u00edquez Ambell","Luis Hern\u00e1ndez Palacios Mir\u00f3n","Ricardo Ahued","Sedecop"],"articleSection":["De Opini\u00f3n"],"inLanguage":"es"},{"@type":"WebPage","@id":"https:\/\/lospoliticosveracruz.com\/?p=110533","url":"https:\/\/lospoliticosveracruz.com\/?p=110533","name":"AMENAZAS E INSEGURIDAD; NADIE SABE Y NADIE SUPO - Los pol\u00edticos Veracruz","isPartOf":{"@id":"https:\/\/lospoliticosveracruz.com\/#website"},"primaryImageOfPage":{"@id":"https:\/\/lospoliticosveracruz.com\/?p=110533#primaryimage"},"image":{"@id":"https:\/\/lospoliticosveracruz.com\/?p=110533#primaryimage"},"thumbnailUrl":"https:\/\/lospoliticosveracruz.com.mx\/wp-content\/uploads\/2021\/10\/Zacauilt-150x300.jpg","datePublished":"2023-08-24T02:41:33+00:00","dateModified":"2023-08-24T02:41:37+00:00","breadcrumb":{"@id":"https:\/\/lospoliticosveracruz.com\/?p=110533#breadcrumb"},"inLanguage":"es","potentialAction":[{"@type":"ReadAction","target":["https:\/\/lospoliticosveracruz.com\/?p=110533"]}]},{"@type":"ImageObject","inLanguage":"es","@id":"https:\/\/lospoliticosveracruz.com\/?p=110533#primaryimage","url":"https:\/\/lospoliticosveracruz.com.mx\/wp-content\/uploads\/2021\/10\/Zacauilt-150x300.jpg","contentUrl":"https:\/\/lospoliticosveracruz.com.mx\/wp-content\/uploads\/2021\/10\/Zacauilt-150x300.jpg"},{"@type":"BreadcrumbList","@id":"https:\/\/lospoliticosveracruz.com\/?p=110533#breadcrumb","itemListElement":[{"@type":"ListItem","position":1,"name":"Portada","item":"https:\/\/lospoliticosveracruz.com\/"},{"@type":"ListItem","position":2,"name":"AMENAZAS E INSEGURIDAD; NADIE SABE Y NADIE SUPO"}]},{"@type":"WebSite","@id":"https:\/\/lospoliticosveracruz.com\/#website","url":"https:\/\/lospoliticosveracruz.com\/","name":"Los pol\u00edticos Veracruz","description":"","publisher":{"@id":"https:\/\/lospoliticosveracruz.com\/#organization"},"potentialAction":[{"@type":"SearchAction","target":{"@type":"EntryPoint","urlTemplate":"https:\/\/lospoliticosveracruz.com\/?s={search_term_string}"},"query-input":{"@type":"PropertyValueSpecification","valueRequired":true,"valueName":"search_term_string"}}],"inLanguage":"es"},{"@type":"Organization","@id":"https:\/\/lospoliticosveracruz.com\/#organization","name":"Los pol\u00edticos Veracruz","url":"https:\/\/lospoliticosveracruz.com\/","logo":{"@type":"ImageObject","inLanguage":"es","@id":"https:\/\/lospoliticosveracruz.com\/#\/schema\/logo\/image\/","url":"https:\/\/lospoliticosveracruz.com\/wp-content\/uploads\/2025\/12\/Logo-Nuevo-LOS-POLITICOS-1.jpg","contentUrl":"https:\/\/lospoliticosveracruz.com\/wp-content\/uploads\/2025\/12\/Logo-Nuevo-LOS-POLITICOS-1.jpg","width":260,"height":70,"caption":"Los pol\u00edticos Veracruz"},"image":{"@id":"https:\/\/lospoliticosveracruz.com\/#\/schema\/logo\/image\/"},"sameAs":["https:\/\/www.facebook.com\/people\/Notimemes-de-los-Polticos\/61565672886568\/","https:\/\/x.com\/LosPoliticosVer"]},{"@type":"Person","@id":"https:\/\/lospoliticosveracruz.com\/#\/schema\/person\/b8702bb0e538456e6efd07080bf2a4a2","name":"Lo viste en Los Pol\u00edticos","image":{"@type":"ImageObject","inLanguage":"es","@id":"https:\/\/secure.gravatar.com\/avatar\/3a8de04a2656d44082be478bd6c086daa447c4651605818287b9532d3d0bd435?s=96&d=mm&r=g","url":"https:\/\/secure.gravatar.com\/avatar\/3a8de04a2656d44082be478bd6c086daa447c4651605818287b9532d3d0bd435?s=96&d=mm&r=g","contentUrl":"https:\/\/secure.gravatar.com\/avatar\/3a8de04a2656d44082be478bd6c086daa447c4651605818287b9532d3d0bd435?s=96&d=mm&r=g","caption":"Lo viste en Los Pol\u00edticos"},"url":"https:\/\/lospoliticosveracruz.com\/?author=2"}]}},"_links":{"self":[{"href":"https:\/\/lospoliticosveracruz.com\/index.php?rest_route=\/wp\/v2\/posts\/110533","targetHints":{"allow":["GET"]}}],"collection":[{"href":"https:\/\/lospoliticosveracruz.com\/index.php?rest_route=\/wp\/v2\/posts"}],"about":[{"href":"https:\/\/lospoliticosveracruz.com\/index.php?rest_route=\/wp\/v2\/types\/post"}],"author":[{"embeddable":true,"href":"https:\/\/lospoliticosveracruz.com\/index.php?rest_route=\/wp\/v2\/users\/2"}],"replies":[{"embeddable":true,"href":"https:\/\/lospoliticosveracruz.com\/index.php?rest_route=%2Fwp%2Fv2%2Fcomments&post=110533"}],"version-history":[{"count":1,"href":"https:\/\/lospoliticosveracruz.com\/index.php?rest_route=\/wp\/v2\/posts\/110533\/revisions"}],"predecessor-version":[{"id":110534,"href":"https:\/\/lospoliticosveracruz.com\/index.php?rest_route=\/wp\/v2\/posts\/110533\/revisions\/110534"}],"wp:attachment":[{"href":"https:\/\/lospoliticosveracruz.com\/index.php?rest_route=%2Fwp%2Fv2%2Fmedia&parent=110533"}],"wp:term":[{"taxonomy":"category","embeddable":true,"href":"https:\/\/lospoliticosveracruz.com\/index.php?rest_route=%2Fwp%2Fv2%2Fcategories&post=110533"},{"taxonomy":"post_tag","embeddable":true,"href":"https:\/\/lospoliticosveracruz.com\/index.php?rest_route=%2Fwp%2Fv2%2Ftags&post=110533"}],"curies":[{"name":"wp","href":"https:\/\/api.w.org\/{rel}","templated":true}]}}