{"id":110539,"date":"2023-08-24T08:40:00","date_gmt":"2023-08-24T13:40:00","guid":{"rendered":"https:\/\/lospoliticosveracruz.com.mx\/?p=110539"},"modified":"2023-08-24T08:32:43","modified_gmt":"2023-08-24T13:32:43","slug":"rocio-oreandose-en-coatepec","status":"publish","type":"post","link":"https:\/\/lospoliticosveracruz.com\/?p=110539","title":{"rendered":"ROC\u00cdO, ORE\u00c1NDOSE EN COATEPEC"},"content":{"rendered":"\n<p><strong>Bernardo Guti\u00e9rrez Parra<br><\/strong><em>Desde el Caf\u00e9<br><\/em>Convencida de que Dos Bocas no refinar\u00e1 en septiembre, ni en noviembre, ni en el 2024, la zacatecana Roc\u00edo Nahle le est\u00e1 dando vuelta a la p\u00e1gina y este martes sali\u00f3 a orearse, a despejar la mente y a ver hacia adelante.<\/p>\n\n\n\n<figure class=\"wp-block-embed is-type-video is-provider-youtube wp-block-embed-youtube wp-embed-aspect-16-9 wp-has-aspect-ratio\"><div class=\"wp-block-embed__wrapper\">\n<iframe loading=\"lazy\" title=\"Cluster Coworking\" width=\"696\" height=\"392\" src=\"https:\/\/www.youtube.com\/embed\/Nxe-vxf8GuY?feature=oembed\" frameborder=\"0\" allow=\"accelerometer; autoplay; clipboard-write; encrypted-media; gyroscope; picture-in-picture; web-share\" referrerpolicy=\"strict-origin-when-cross-origin\" allowfullscreen><\/iframe>\n<\/div><\/figure>\n\n\n\n<p>Alguno de sus asesores le ha de haber dicho que santo que no es visto no es adorado, por lo que reanud\u00f3 sus paseos en busca de la candidatura de Morena a la gubernatura con un desayuno con miembros del Consejo Gastron\u00f3mico de Veracruz, quienes le plantearon la necesidad de que les reduzcan las prohibitivas tarifas el\u00e9ctricas.<\/p>\n\n\n\n<p>Y Roc\u00edo los chore\u00f3: \u201cSe est\u00e1n analizando junto con la CFE, las tarifas el\u00e9ctricas de 2 mil 500 municipios del pa\u00eds y en ese paquete est\u00e1n las de los municipios veracruzanos\u201d. Es decir, el mismo cuento que han contado por generaciones infinidad de pol\u00edticos.<\/p>\n\n\n\n<p>Pero aprovech\u00f3 el foro para decir que le debe todo a Veracruz. Y qu\u00e9 bueno que lo reconozca; lo malo es que no le ha pagado nada.<\/p>\n\n\n\n<p>\u201cHe sido diputada, senadora y le debo todo a Veracruz. Entonces, est\u00e9 donde est\u00e9 siempre voy a trabajar por Veracruz, porque as\u00ed debe ser\u2026\u201d dijo. Y en efecto, as\u00ed deber\u00eda ser. Pero no lo es porque no ha hecho nada que no sea beneficiarse y beneficiar a familiares y compadres.<\/p>\n\n\n\n<p>Y m\u00e1s que deberle a Veracruz, le debe lo que es a L\u00f3pez Obrador que la sac\u00f3 del anonimato para hacerla diputada, senadora, Secretaria de Energ\u00eda y responsable de la construcci\u00f3n de una refiner\u00eda que ha sido su m\u00e1s sonado fracaso y que ser\u00e1 uno de los grandes chascos del sexenio.<\/p>\n\n\n\n<p>En su columna del 13 de agosto titulada Dos Bocas una historia que apesta, el periodista Roberto Rock se\u00f1ala: \u201cTras casi cinco a\u00f1os de ret\u00f3rica gubernamental sobre la refiner\u00eda Dos Bocas, los presupuestos anunciados y los plazos comprometidos para su entrada en operaci\u00f3n han demostrado ser\u00e1 imposible de cumplir. (Por lo que) se perfila como el mayor desastre del sexenio de L\u00f3pez Obrador. Una herencia maldita para quien lo suceda en la Presidencia.<\/p>\n\n\n\n<p>\u201cFuentes gubernamentales y reportes de expertos prev\u00e9n que durante su mandato, L\u00f3pez Obrador no ver\u00e1 salir un solo litro de gasolina producida en esas instalaciones. Estimaciones serias anticipan que el gasto total de la obra alcanzar\u00e1 los 23 mil millones de d\u00f3lares, casi el triple de lo anunciado originalmente: 8 mil millones de d\u00f3lares\u201d.<\/p>\n\n\n\n<p>El tercer p\u00e1rrafo de la columna es demoledor: \u201cAlgunos an\u00e1lisis son m\u00e1s desalentadores: nunca existi\u00f3 un proyecto ejecutivo para construir la nueva refiner\u00eda; existen muchas dudas sobre los indicadores de seguridad para evitar una tragedia humana y ecol\u00f3gica; persisten inquietudes sobre la capacidad para evitar que sus terrenos se inunden, como ha ocurrido hist\u00f3ricamente; hay una total opacidad en la asignaci\u00f3n de contratos a particulares y su nivel de competencia en este ramo. Concluyen: La planta nunca funcionar\u00e1, o no lo har\u00e1 con los alcances ofrecidos\u2026 El asunto apesta por todos lados, dicho en t\u00e9rminos coloquiales\u201d.<\/p>\n\n\n\n<p>Pero con todo eso a cuestas, Roc\u00edo le est\u00e1 dando vuelta a la p\u00e1gina. All\u00e1 que se las arregle quien la suceda como responsable de una refiner\u00eda que naci\u00f3 con mala estrella y que la zacatecana termin\u00f3 de estrellar.<\/p>\n\n\n\n<p>El pasado martes en el restaurante Casa Bonilla de Coatepec, la mujer era todo sonrisas, reparti\u00f3 apretones de manos, palmaditas en la espalda y se tom\u00f3 las consabidas selfies, lo que motiv\u00f3 a sus fieles seguidores.<\/p>\n\n\n\n<p>\u201cYa arrancamos en serio y ahora s\u00ed mi hermano, de aqu\u00ed pa adelante y no pararemos hasta llegar a Palacio de Gobierno\u201d, me dijo uno de ellos.<\/p>\n\n\n\n<p>Pero tengo mis dudas lector.<\/p>\n\n\n\n<p>O L\u00f3pez Obrador en efecto la postula como candidata con los riesgos que ello implica, o la baja del caballo como lo hizo con el director del IMSS, Zo\u00e9 Robledo, que buscaba la gubernatura de Chiapas y el de Pemex, Octavio Romero Oropeza, que anhelaba ser gobernador de Tabasco.<\/p>\n\n\n\n<p>De sopet\u00f3n Andr\u00e9s Manuel les cort\u00f3 las alas al manifestar que ambos \u201cle pidieron\u201d continuar en sus puestos y acompa\u00f1arlo hasta el final del sexenio.<\/p>\n\n\n\n<p>\u00bfSer\u00e1 que un d\u00eda nos salgan conque Roc\u00edo tambi\u00e9n \u201cle pidi\u00f3\u201d lo mismo al presidente?<\/p>\n\n\n\n<p>bernardogup@hotmail.com<\/p>\n","protected":false},"excerpt":{"rendered":"<p>Bernardo Guti\u00e9rrez ParraDesde el Caf\u00e9Convencida de que Dos Bocas no refinar\u00e1 en septiembre, ni en noviembre, ni en el 2024, la zacatecana Roc\u00edo Nahle le est\u00e1 dando vuelta a la p\u00e1gina y este martes sali\u00f3 a orearse, a despejar la mente y a ver hacia adelante. Alguno de sus asesores le ha de haber dicho [&hellip;]<\/p>\n","protected":false},"author":2,"featured_media":0,"comment_status":"closed","ping_status":"closed","sticky":false,"template":"","format":"standard","meta":{"tdm_status":"","tdm_grid_status":"","footnotes":""},"categories":[70],"tags":[618,39132,14643,1208,1026,3578,195,14678],"class_list":{"0":"post-110539","1":"post","2":"type-post","3":"status-publish","4":"format-standard","6":"category-de-opinion","7":"tag-andres-manuel-lopez-obrador","8":"tag-consejo-gastronomico-de-veracruz","9":"tag-dos-bocas","10":"tag-imss","11":"tag-morena","12":"tag-rocio-nahle","13":"tag-veracruz","14":"tag-zoe-robledo"},"yoast_head":"<!-- This site is optimized with the Yoast SEO plugin v27.4 - https:\/\/yoast.com\/product\/yoast-seo-wordpress\/ -->\n<title>ROC\u00cdO, ORE\u00c1NDOSE EN COATEPEC - Los pol\u00edticos Veracruz<\/title>\n<meta name=\"robots\" content=\"index, follow, max-snippet:-1, max-image-preview:large, max-video-preview:-1\" \/>\n<link rel=\"canonical\" href=\"https:\/\/lospoliticosveracruz.com\/?p=110539\" \/>\n<meta property=\"og:locale\" content=\"es_ES\" \/>\n<meta property=\"og:type\" content=\"article\" \/>\n<meta property=\"og:title\" content=\"ROC\u00cdO, ORE\u00c1NDOSE EN COATEPEC - Los pol\u00edticos Veracruz\" \/>\n<meta property=\"og:description\" content=\"Bernardo Guti\u00e9rrez ParraDesde el Caf\u00e9Convencida de que Dos Bocas no refinar\u00e1 en septiembre, ni en noviembre, ni en el 2024, la zacatecana Roc\u00edo Nahle le est\u00e1 dando vuelta a la p\u00e1gina y este martes sali\u00f3 a orearse, a despejar la mente y a ver hacia adelante. Alguno de sus asesores le ha de haber dicho [&hellip;]\" \/>\n<meta property=\"og:url\" content=\"https:\/\/lospoliticosveracruz.com\/?p=110539\" \/>\n<meta property=\"og:site_name\" content=\"Los pol\u00edticos Veracruz\" \/>\n<meta property=\"article:publisher\" content=\"https:\/\/www.facebook.com\/people\/Notimemes-de-los-Polticos\/61565672886568\/\" \/>\n<meta property=\"article:published_time\" content=\"2023-08-24T13:40:00+00:00\" \/>\n<meta property=\"og:image\" content=\"https:\/\/lospoliticosveracruz.com\/wp-content\/uploads\/2016\/07\/Logo-Dor.jpg\" \/>\n\t<meta property=\"og:image:width\" content=\"200\" \/>\n\t<meta property=\"og:image:height\" content=\"200\" \/>\n\t<meta property=\"og:image:type\" content=\"image\/jpeg\" \/>\n<meta name=\"author\" content=\"Lo viste en Los Pol\u00edticos\" \/>\n<meta name=\"twitter:card\" content=\"summary_large_image\" \/>\n<meta name=\"twitter:creator\" content=\"@LosPoliticosVer\" \/>\n<meta name=\"twitter:site\" content=\"@LosPoliticosVer\" \/>\n<meta name=\"twitter:label1\" content=\"Escrito por\" \/>\n\t<meta name=\"twitter:data1\" content=\"Lo viste en Los Pol\u00edticos\" \/>\n\t<meta name=\"twitter:label2\" content=\"Tiempo de lectura\" \/>\n\t<meta name=\"twitter:data2\" content=\"4 minutos\" \/>\n<script type=\"application\/ld+json\" class=\"yoast-schema-graph\">{\"@context\":\"https:\\\/\\\/schema.org\",\"@graph\":[{\"@type\":\"Article\",\"@id\":\"https:\\\/\\\/lospoliticosveracruz.com\\\/?p=110539#article\",\"isPartOf\":{\"@id\":\"https:\\\/\\\/lospoliticosveracruz.com\\\/?p=110539\"},\"author\":{\"name\":\"Lo viste en Los Pol\u00edticos\",\"@id\":\"https:\\\/\\\/lospoliticosveracruz.com\\\/#\\\/schema\\\/person\\\/b8702bb0e538456e6efd07080bf2a4a2\"},\"headline\":\"ROC\u00cdO, ORE\u00c1NDOSE EN COATEPEC\",\"datePublished\":\"2023-08-24T13:40:00+00:00\",\"mainEntityOfPage\":{\"@id\":\"https:\\\/\\\/lospoliticosveracruz.com\\\/?p=110539\"},\"wordCount\":750,\"publisher\":{\"@id\":\"https:\\\/\\\/lospoliticosveracruz.com\\\/#organization\"},\"keywords\":[\"Andr\u00e9s Manuel L\u00f3pez Obrador\",\"Consejo Gastron\u00f3mico de Veracruz\",\"Dos Bocas\",\"IMSS\",\"Morena\",\"Roc\u00edo Nahle\",\"Veracruz\",\"Zo\u00e9 Robledo\"],\"articleSection\":[\"De Opini\u00f3n\"],\"inLanguage\":\"es\"},{\"@type\":\"WebPage\",\"@id\":\"https:\\\/\\\/lospoliticosveracruz.com\\\/?p=110539\",\"url\":\"https:\\\/\\\/lospoliticosveracruz.com\\\/?p=110539\",\"name\":\"ROC\u00cdO, ORE\u00c1NDOSE EN COATEPEC - Los pol\u00edticos Veracruz\",\"isPartOf\":{\"@id\":\"https:\\\/\\\/lospoliticosveracruz.com\\\/#website\"},\"datePublished\":\"2023-08-24T13:40:00+00:00\",\"breadcrumb\":{\"@id\":\"https:\\\/\\\/lospoliticosveracruz.com\\\/?p=110539#breadcrumb\"},\"inLanguage\":\"es\",\"potentialAction\":[{\"@type\":\"ReadAction\",\"target\":[\"https:\\\/\\\/lospoliticosveracruz.com\\\/?p=110539\"]}]},{\"@type\":\"BreadcrumbList\",\"@id\":\"https:\\\/\\\/lospoliticosveracruz.com\\\/?p=110539#breadcrumb\",\"itemListElement\":[{\"@type\":\"ListItem\",\"position\":1,\"name\":\"Portada\",\"item\":\"https:\\\/\\\/lospoliticosveracruz.com\\\/\"},{\"@type\":\"ListItem\",\"position\":2,\"name\":\"ROC\u00cdO, ORE\u00c1NDOSE EN COATEPEC\"}]},{\"@type\":\"WebSite\",\"@id\":\"https:\\\/\\\/lospoliticosveracruz.com\\\/#website\",\"url\":\"https:\\\/\\\/lospoliticosveracruz.com\\\/\",\"name\":\"Los pol\u00edticos Veracruz\",\"description\":\"\",\"publisher\":{\"@id\":\"https:\\\/\\\/lospoliticosveracruz.com\\\/#organization\"},\"potentialAction\":[{\"@type\":\"SearchAction\",\"target\":{\"@type\":\"EntryPoint\",\"urlTemplate\":\"https:\\\/\\\/lospoliticosveracruz.com\\\/?s={search_term_string}\"},\"query-input\":{\"@type\":\"PropertyValueSpecification\",\"valueRequired\":true,\"valueName\":\"search_term_string\"}}],\"inLanguage\":\"es\"},{\"@type\":\"Organization\",\"@id\":\"https:\\\/\\\/lospoliticosveracruz.com\\\/#organization\",\"name\":\"Los pol\u00edticos Veracruz\",\"url\":\"https:\\\/\\\/lospoliticosveracruz.com\\\/\",\"logo\":{\"@type\":\"ImageObject\",\"inLanguage\":\"es\",\"@id\":\"https:\\\/\\\/lospoliticosveracruz.com\\\/#\\\/schema\\\/logo\\\/image\\\/\",\"url\":\"https:\\\/\\\/lospoliticosveracruz.com\\\/wp-content\\\/uploads\\\/2025\\\/12\\\/Logo-Nuevo-LOS-POLITICOS-1.jpg\",\"contentUrl\":\"https:\\\/\\\/lospoliticosveracruz.com\\\/wp-content\\\/uploads\\\/2025\\\/12\\\/Logo-Nuevo-LOS-POLITICOS-1.jpg\",\"width\":260,\"height\":70,\"caption\":\"Los pol\u00edticos Veracruz\"},\"image\":{\"@id\":\"https:\\\/\\\/lospoliticosveracruz.com\\\/#\\\/schema\\\/logo\\\/image\\\/\"},\"sameAs\":[\"https:\\\/\\\/www.facebook.com\\\/people\\\/Notimemes-de-los-Polticos\\\/61565672886568\\\/\",\"https:\\\/\\\/x.com\\\/LosPoliticosVer\"]},{\"@type\":\"Person\",\"@id\":\"https:\\\/\\\/lospoliticosveracruz.com\\\/#\\\/schema\\\/person\\\/b8702bb0e538456e6efd07080bf2a4a2\",\"name\":\"Lo viste en Los Pol\u00edticos\",\"image\":{\"@type\":\"ImageObject\",\"inLanguage\":\"es\",\"@id\":\"https:\\\/\\\/secure.gravatar.com\\\/avatar\\\/3a8de04a2656d44082be478bd6c086daa447c4651605818287b9532d3d0bd435?s=96&d=mm&r=g\",\"url\":\"https:\\\/\\\/secure.gravatar.com\\\/avatar\\\/3a8de04a2656d44082be478bd6c086daa447c4651605818287b9532d3d0bd435?s=96&d=mm&r=g\",\"contentUrl\":\"https:\\\/\\\/secure.gravatar.com\\\/avatar\\\/3a8de04a2656d44082be478bd6c086daa447c4651605818287b9532d3d0bd435?s=96&d=mm&r=g\",\"caption\":\"Lo viste en Los Pol\u00edticos\"},\"url\":\"https:\\\/\\\/lospoliticosveracruz.com\\\/?author=2\"}]}<\/script>\n<!-- \/ Yoast SEO plugin. -->","yoast_head_json":{"title":"ROC\u00cdO, ORE\u00c1NDOSE EN COATEPEC - Los pol\u00edticos Veracruz","robots":{"index":"index","follow":"follow","max-snippet":"max-snippet:-1","max-image-preview":"max-image-preview:large","max-video-preview":"max-video-preview:-1"},"canonical":"https:\/\/lospoliticosveracruz.com\/?p=110539","og_locale":"es_ES","og_type":"article","og_title":"ROC\u00cdO, ORE\u00c1NDOSE EN COATEPEC - Los pol\u00edticos Veracruz","og_description":"Bernardo Guti\u00e9rrez ParraDesde el Caf\u00e9Convencida de que Dos Bocas no refinar\u00e1 en septiembre, ni en noviembre, ni en el 2024, la zacatecana Roc\u00edo Nahle le est\u00e1 dando vuelta a la p\u00e1gina y este martes sali\u00f3 a orearse, a despejar la mente y a ver hacia adelante. Alguno de sus asesores le ha de haber dicho [&hellip;]","og_url":"https:\/\/lospoliticosveracruz.com\/?p=110539","og_site_name":"Los pol\u00edticos Veracruz","article_publisher":"https:\/\/www.facebook.com\/people\/Notimemes-de-los-Polticos\/61565672886568\/","article_published_time":"2023-08-24T13:40:00+00:00","og_image":[{"width":200,"height":200,"url":"https:\/\/lospoliticosveracruz.com\/wp-content\/uploads\/2016\/07\/Logo-Dor.jpg","type":"image\/jpeg"}],"author":"Lo viste en Los Pol\u00edticos","twitter_card":"summary_large_image","twitter_creator":"@LosPoliticosVer","twitter_site":"@LosPoliticosVer","twitter_misc":{"Escrito por":"Lo viste en Los Pol\u00edticos","Tiempo de lectura":"4 minutos"},"schema":{"@context":"https:\/\/schema.org","@graph":[{"@type":"Article","@id":"https:\/\/lospoliticosveracruz.com\/?p=110539#article","isPartOf":{"@id":"https:\/\/lospoliticosveracruz.com\/?p=110539"},"author":{"name":"Lo viste en Los Pol\u00edticos","@id":"https:\/\/lospoliticosveracruz.com\/#\/schema\/person\/b8702bb0e538456e6efd07080bf2a4a2"},"headline":"ROC\u00cdO, ORE\u00c1NDOSE EN COATEPEC","datePublished":"2023-08-24T13:40:00+00:00","mainEntityOfPage":{"@id":"https:\/\/lospoliticosveracruz.com\/?p=110539"},"wordCount":750,"publisher":{"@id":"https:\/\/lospoliticosveracruz.com\/#organization"},"keywords":["Andr\u00e9s Manuel L\u00f3pez Obrador","Consejo Gastron\u00f3mico de Veracruz","Dos Bocas","IMSS","Morena","Roc\u00edo Nahle","Veracruz","Zo\u00e9 Robledo"],"articleSection":["De Opini\u00f3n"],"inLanguage":"es"},{"@type":"WebPage","@id":"https:\/\/lospoliticosveracruz.com\/?p=110539","url":"https:\/\/lospoliticosveracruz.com\/?p=110539","name":"ROC\u00cdO, ORE\u00c1NDOSE EN COATEPEC - Los pol\u00edticos Veracruz","isPartOf":{"@id":"https:\/\/lospoliticosveracruz.com\/#website"},"datePublished":"2023-08-24T13:40:00+00:00","breadcrumb":{"@id":"https:\/\/lospoliticosveracruz.com\/?p=110539#breadcrumb"},"inLanguage":"es","potentialAction":[{"@type":"ReadAction","target":["https:\/\/lospoliticosveracruz.com\/?p=110539"]}]},{"@type":"BreadcrumbList","@id":"https:\/\/lospoliticosveracruz.com\/?p=110539#breadcrumb","itemListElement":[{"@type":"ListItem","position":1,"name":"Portada","item":"https:\/\/lospoliticosveracruz.com\/"},{"@type":"ListItem","position":2,"name":"ROC\u00cdO, ORE\u00c1NDOSE EN COATEPEC"}]},{"@type":"WebSite","@id":"https:\/\/lospoliticosveracruz.com\/#website","url":"https:\/\/lospoliticosveracruz.com\/","name":"Los pol\u00edticos Veracruz","description":"","publisher":{"@id":"https:\/\/lospoliticosveracruz.com\/#organization"},"potentialAction":[{"@type":"SearchAction","target":{"@type":"EntryPoint","urlTemplate":"https:\/\/lospoliticosveracruz.com\/?s={search_term_string}"},"query-input":{"@type":"PropertyValueSpecification","valueRequired":true,"valueName":"search_term_string"}}],"inLanguage":"es"},{"@type":"Organization","@id":"https:\/\/lospoliticosveracruz.com\/#organization","name":"Los pol\u00edticos Veracruz","url":"https:\/\/lospoliticosveracruz.com\/","logo":{"@type":"ImageObject","inLanguage":"es","@id":"https:\/\/lospoliticosveracruz.com\/#\/schema\/logo\/image\/","url":"https:\/\/lospoliticosveracruz.com\/wp-content\/uploads\/2025\/12\/Logo-Nuevo-LOS-POLITICOS-1.jpg","contentUrl":"https:\/\/lospoliticosveracruz.com\/wp-content\/uploads\/2025\/12\/Logo-Nuevo-LOS-POLITICOS-1.jpg","width":260,"height":70,"caption":"Los pol\u00edticos Veracruz"},"image":{"@id":"https:\/\/lospoliticosveracruz.com\/#\/schema\/logo\/image\/"},"sameAs":["https:\/\/www.facebook.com\/people\/Notimemes-de-los-Polticos\/61565672886568\/","https:\/\/x.com\/LosPoliticosVer"]},{"@type":"Person","@id":"https:\/\/lospoliticosveracruz.com\/#\/schema\/person\/b8702bb0e538456e6efd07080bf2a4a2","name":"Lo viste en Los Pol\u00edticos","image":{"@type":"ImageObject","inLanguage":"es","@id":"https:\/\/secure.gravatar.com\/avatar\/3a8de04a2656d44082be478bd6c086daa447c4651605818287b9532d3d0bd435?s=96&d=mm&r=g","url":"https:\/\/secure.gravatar.com\/avatar\/3a8de04a2656d44082be478bd6c086daa447c4651605818287b9532d3d0bd435?s=96&d=mm&r=g","contentUrl":"https:\/\/secure.gravatar.com\/avatar\/3a8de04a2656d44082be478bd6c086daa447c4651605818287b9532d3d0bd435?s=96&d=mm&r=g","caption":"Lo viste en Los Pol\u00edticos"},"url":"https:\/\/lospoliticosveracruz.com\/?author=2"}]}},"_links":{"self":[{"href":"https:\/\/lospoliticosveracruz.com\/index.php?rest_route=\/wp\/v2\/posts\/110539","targetHints":{"allow":["GET"]}}],"collection":[{"href":"https:\/\/lospoliticosveracruz.com\/index.php?rest_route=\/wp\/v2\/posts"}],"about":[{"href":"https:\/\/lospoliticosveracruz.com\/index.php?rest_route=\/wp\/v2\/types\/post"}],"author":[{"embeddable":true,"href":"https:\/\/lospoliticosveracruz.com\/index.php?rest_route=\/wp\/v2\/users\/2"}],"replies":[{"embeddable":true,"href":"https:\/\/lospoliticosveracruz.com\/index.php?rest_route=%2Fwp%2Fv2%2Fcomments&post=110539"}],"version-history":[{"count":1,"href":"https:\/\/lospoliticosveracruz.com\/index.php?rest_route=\/wp\/v2\/posts\/110539\/revisions"}],"predecessor-version":[{"id":110541,"href":"https:\/\/lospoliticosveracruz.com\/index.php?rest_route=\/wp\/v2\/posts\/110539\/revisions\/110541"}],"wp:attachment":[{"href":"https:\/\/lospoliticosveracruz.com\/index.php?rest_route=%2Fwp%2Fv2%2Fmedia&parent=110539"}],"wp:term":[{"taxonomy":"category","embeddable":true,"href":"https:\/\/lospoliticosveracruz.com\/index.php?rest_route=%2Fwp%2Fv2%2Fcategories&post=110539"},{"taxonomy":"post_tag","embeddable":true,"href":"https:\/\/lospoliticosveracruz.com\/index.php?rest_route=%2Fwp%2Fv2%2Ftags&post=110539"}],"curies":[{"name":"wp","href":"https:\/\/api.w.org\/{rel}","templated":true}]}}