{"id":110549,"date":"2023-08-24T10:10:29","date_gmt":"2023-08-24T15:10:29","guid":{"rendered":"https:\/\/lospoliticosveracruz.com.mx\/?p=110549"},"modified":"2023-08-24T10:10:34","modified_gmt":"2023-08-24T15:10:34","slug":"nahle-senales-claras","status":"publish","type":"post","link":"https:\/\/lospoliticosveracruz.com\/?p=110549","title":{"rendered":"NAHLE, SE\u00d1ALES CLARAS\u2026"},"content":{"rendered":"\n<p><\/p>\n\n\n\n<p><br><strong>Adriana Mu\u00f1oz Cabrera<\/strong><br><em>Sin Rencores<\/em><\/p>\n\n\n\n<p>\u201cEl uno siempre va antes del dos, pero en el veintiuno, se freg\u00f3 el uno.\u201d Fil\u00f3sofo de G\u00fc\u00e9mez.<br>e-mail: sinrencorespuntocom@gmail.com<\/p>\n\n\n\n<p>Esta semana, la Secretaria de Energ\u00eda, Roc\u00edo Nahle, asisti\u00f3 a un desayuno con el Consejo Gastron\u00f3mico Veracruzano en Coatepec; hoy mismo estar\u00e1 en Minatitl\u00e1n en la firma de un convenio entre la Comisi\u00f3n Federal de Electricidad y las universidades del Bienestar dirigidas por Raquel Sosa; la pr\u00f3xima semana recibe al presidente Andr\u00e9s Manuel L\u00f3pez Obrador en la refiner\u00eda de Dos Bocas, Tabasco y de ah\u00ed acompa\u00f1ar\u00e1 al mandatario a Campeche a su Quinto Informe de Gobierno.<br>As\u00ed pues, la agenda de la titular de SENER se mueve entre lo federal, estatal y local.<br>Pero retomando las visitas frecuentes a Veracruz y lo dicho por la propia Nahle, que Veracruz es su destino , ella ya lo deja ver para vivos y ciegos que es inminente estar\u00e1 en la boleta en el 24.<\/p>\n\n\n<div class=\"wp-block-image\">\n<figure class=\"alignleft size-full is-resized\"><a href=\"https:\/\/lospoliticosveracruz.com.mx\/wp-content\/uploads\/2023\/02\/Vinissimo.jpg\"><img loading=\"lazy\" decoding=\"async\" src=\"https:\/\/lospoliticosveracruz.com.mx\/wp-content\/uploads\/2023\/02\/Vinissimo.jpg\" alt=\"\" class=\"wp-image-102752\" width=\"175\" height=\"178\"\/><\/a><\/figure>\n<\/div>\n\n\n<p><br>Para los detractores y opositores que les zumba la idea pensando que por la decisi\u00f3n de Zo\u00e9 Robledo de no participar en Chiapas suceder\u00e1 lo mismo en Veracruz, no se equivoquen , la cosa es distinta dijera el cl\u00e1sico.<br>El presidente L\u00f3pez Obrador mueve sus fichas cu\u00e1l juego de ajedrez, sabe que cada pieza tiene una funci\u00f3n estelar y estrat\u00e9gica; basta ver qu\u00e9 Delfina G\u00f3mez \u00c1lvarez tuvo que ir al Estado de M\u00e9xico separ\u00e1ndose de la SEP, o que Am\u00e9rico Villareal dej\u00f3 una curul para conquistar Tamaulipas, o el mismo Ricardo Ahued que pr\u00e1cticamente vino a salvar Xalapa, pues es lo mismo con Roc\u00edo Nahle.<br>Ella ya cumpli\u00f3 y con fanfarrias su encomienda en la Secretar\u00eda de Energ\u00eda; la refiner\u00eda ya se construy\u00f3, ya est\u00e1 en arranque y lo dicho por el propio presidente AMLO, la obra ha sido una haza\u00f1a, as\u00ed que los que pregonan que no refina vayan buscando otro pretexto con que golpear porque la producci\u00f3n de gasolina est\u00e1 en proceso.<br>L\u00f3pez Obrador la conoce desde hace a\u00f1os, y sabe de antemano que Nahle trabaja y resuelve, en cualquier trinchera que la ha colocado los resultados han sido satisfactorios.<br>Las gobernaturas se construyen en lo federal, en el quehacer pol\u00edtico, en las relaciones y sobre todo con trayectorias probadas.<br>Me consta que es una mujer muy organizada, con temple, con visi\u00f3n y con carisma pol\u00edtico, cualidades que asustan a opositores pero sobre todo a mis\u00f3ginos que todav\u00eda no evolucionan ante el avance de la equidad.<br>Morena no pondr\u00e1 en riesgo Veracruz, no ir\u00e1 con advenedizos o aspiracionistas, ir\u00e1 con su carta fuerte para mantener el poder y continuar con la transformaci\u00f3n y de esto tambi\u00e9n tiene conciencia el gobernador Cuitlahuac Garc\u00eda Jim\u00e9nez.<br>La secretaria Nahle, lo sabe y lo ha dicho en corto: \u201csiempre he enfrentado mi responsabilidad pol\u00edtica en la construcci\u00f3n del movimiento progresista y hoy me preparo para la siguiente batalla que es defender y retener Veracruz\u201d<br>Claras se\u00f1ales donde los tiempos se miden.<br>Bien dice un proverbio popular \u201cno hay peor ciego que el que no quiere ver\u201d<br>\u2014\u2014\u2014-\/\/\/\u2014\u2014<br><strong>LOS LIBROS DE TEXTO\u2026<\/strong><br>Traen un esc\u00e1ndalo con este tema, mismo que la oposici\u00f3n ha utilizado para, una vez m\u00e1s, golpear a la 4T e incidir en la doble moral caracter\u00edstica del mexicano y azuzar a los padres de familia.<br>Desgraciadamente, conocedores de nuestra cultura \u201cmoralina\u201d, en Veracruz, la tierra donde tiran la piedra y esconden la mano, muchos padres y madres, que no leen y se dejan llevar por la cargada medi\u00e1tica pagada por los opositores, en lugar de analizar porque se tratan los temas que integran el contenido de los nuevos libros, fustigan pero no analizan el origen.<br>Si bien la educaci\u00f3n comienza en casa y argumentan que temas como la sexualidad, preferencias sexuales, los nuevos tipos de familia, prevenci\u00f3n del embarazo, prevenci\u00f3n de abusos y acoso, entre otros, se deben tratar de padres a hijos, entonces \u00bfpor qu\u00e9 cada vez son m\u00e1s graves las estad\u00edsticas de ni\u00f1as embarazadas y normalmente por un familiar cercano o el primer novio en turno?; \u00bfpor qu\u00e9 hay m\u00e1s ni\u00f1as desaparecidas y sufriendo acoso?, \u00bfpor qu\u00e9 hay m\u00e1s j\u00f3venes sumidos en las drogas y adolescentes prostituy\u00e9ndose?, \u00bfd\u00f3nde est\u00e1n esas pl\u00e1ticas \u201cconstructivas\u201d que padres y madres dicen tienen con sus hijos respecto a esos temas?<br>No nos hagamos tarugos.<br>No existen.<br>Son pocos los padres de familia que hablan y se dan unos minutos al d\u00eda con sus hijos.<br>Prefieren obviar los temas de vida y golpearlos si salen con \u201csu domingo siete\u201d o bien, mantener a los hijos vividores con todo y la mujer y los chamacos no planeados.<br>Que decir de ocultar o rechazar a los hijos o hijas con preferencias sexuales distintas.<br>No. Ya basta.<br>Una vez m\u00e1s pretenden culpar al magisterio de hacer lo que los padres deber\u00edan estar haciendo en casa: educando y actualizando la realidad que se vive en la calle y redes sociales y los riesgos a los que est\u00e1n expuestos si no se les habla a tiempo.<br>Las cosas son por su nombre.<br>En lugar de razonar y revisar el hist\u00f3rico, deber\u00edan repasar sexenio por sexenio las barrabasadas que cada administraci\u00f3n plasmaba en los libros de textos creyendo que descubr\u00edan el hilo negro, solo as\u00ed tendr\u00edan una m\u00ednima idea de que \u00fanicamente est\u00e1n siendo utilizados por los grupos de poder adversos a la 4T para manipular a la opini\u00f3n p\u00fablica.<br>No obstante, si el promedio del mexicano lee un libro al a\u00f1o, \u00bfque ser\u00e1 de miles de ni\u00f1os a los que nunca en la vida les revisan la tarea o la mochila? Simple, pasar\u00e1n a formar parte de la estad\u00edstica de la mediocridad que muchos padres y madres heredar\u00e1n.<br>Sin satanizar porque ante todo hay un respeto pero \u00bfqu\u00e9 quieren?, \u00bfque por no hablar de temas que \u201cdeber\u00edan hablar los padres con los ni\u00f1os\u201ddesde hace d\u00e9cadas, siga incrementando la cifra de madres solteras, de adolescente embarazadas o prostituidas (os) o peor a\u00fan enfermos de VIH SIDA y otras enfermedades de transmisi\u00f3n sexual?<br>Por utilizar eufemismos en casa, generaciones enteras se cortaron las alas y tomaron decisiones adelantadas a sus tiempos priorizando la \u201ccomodidad\u201d a la cultura del esfuerzo.<br>No nos olvidemos que en la familia y la educaci\u00f3n est\u00e1 la base de toda sociedad pero si se siguen ocultando los temas verdaderamente importantes y rechazando como si fueran lepra \u00bfcu\u00e1ndo vamos a crecer como pa\u00eds?<br>Dejemos la doble moral a un lado y evitemos juzgar antes de analizar.<br>Exijan con conocimiento de causa y no para tapar errores y temores que solo existen en los padres no en los ni\u00f1os, ellos est\u00e1n viviendo una realidad distinta a la que vivimos a su edad, no les toca a ellos adaptarse, nos toca a nosotros, a quienes tenemos la responsabilidad de formarlos. \u00a1Ya agarren la onda y p\u00f3nganse las pilas!<br>\u2014\u2014\u2014\/\/\/\u2014\u2014<br><strong>ADIVINANZA\u2026<\/strong><br>\u00bfQu\u00e9 panista infiltrado en Morena, quien nunca ha vivido en el sur de Veracruz y vende a todos la idea de que ser\u00e1 su pr\u00f3ximo gobernador, tiene sendas denuncias pendientes de resolver en la Fiscal\u00eda General de la Rep\u00fablica, la mayor parte del Gobierno de Sonora y Ayuntamiento de Hermosillo?<br>Si, es un impostor y vividor del sistema. En t\u00e9rminos jarochos se le denomina \u201cagarrapendejos\u201d.<br>Est\u00e1 muy f\u00e1cil estimado lector.<br>\u2014\u2014\u2014-\/\/\/\u2014\u2014\u2014-<br><strong>ES CLAUDIA\u2026<\/strong><br>Todo est\u00e1 listo para el pr\u00f3ximo domingo recibir en Xalapa a Claudia Sheimbaum Pardo, pr\u00f3xima candidata presidencial de Morena en 2024.<br>Veracruz es el escenario espejo en cualquier elecci\u00f3n y Sheimbaum y adversarios internos lo saben.<br>Hoy por hoy Marcelo Ebrard y el resto de los contendientes lo saben.<br>No habr\u00e1 nadie m\u00e1s ni otro escenario.<br>A Marcelo solo le queda apechugar y sumar o irse o en el peor de los casos, quedarse y operar en contra. En ninguno de los tres casos lograr\u00e1 hacer nada para cambiar el destino.<br>El 6 de septiembre y su resultado como la suerte, est\u00e1n echados.<br>Bye, bye, Marcelo Carnal.<br>\u00a1Excelente jueves! \u00a1\u00c9xito!<\/p>\n","protected":false},"excerpt":{"rendered":"<p>Adriana Mu\u00f1oz CabreraSin Rencores \u201cEl uno siempre va antes del dos, pero en el veintiuno, se freg\u00f3 el uno.\u201d Fil\u00f3sofo de G\u00fc\u00e9mez.e-mail: sinrencorespuntocom@gmail.com Esta semana, la Secretaria de Energ\u00eda, Roc\u00edo Nahle, asisti\u00f3 a un desayuno con el Consejo Gastron\u00f3mico Veracruzano en Coatepec; hoy mismo estar\u00e1 en Minatitl\u00e1n en la firma de un convenio entre la [&hellip;]<\/p>\n","protected":false},"author":2,"featured_media":0,"comment_status":"closed","ping_status":"closed","sticky":false,"template":"","format":"standard","meta":{"tdm_status":"","tdm_grid_status":"","footnotes":""},"categories":[70],"tags":[32606,39134,1563,29846,39136,3578,18990,39135,14678],"class_list":{"0":"post-110549","1":"post","2":"type-post","3":"status-publish","4":"format-standard","6":"category-de-opinion","7":"tag-adriana-munoz-cabrera","8":"tag-consejo-gastronomico-veracruzano-en-coatepec","9":"tag-cuitlahuac-garcia-jimenez","10":"tag-delfina-gomez-alvarez","11":"tag-raquel-sosa","12":"tag-rocio-nahle","13":"tag-sener","14":"tag-universidades-del-bienestar","15":"tag-zoe-robledo"},"yoast_head":"<!-- This site is optimized with the Yoast SEO plugin v27.4 - https:\/\/yoast.com\/product\/yoast-seo-wordpress\/ -->\n<title>NAHLE, SE\u00d1ALES CLARAS\u2026 - Los pol\u00edticos Veracruz<\/title>\n<meta name=\"robots\" content=\"index, follow, max-snippet:-1, max-image-preview:large, max-video-preview:-1\" \/>\n<link rel=\"canonical\" href=\"https:\/\/lospoliticosveracruz.com\/?p=110549\" \/>\n<meta property=\"og:locale\" content=\"es_ES\" \/>\n<meta property=\"og:type\" content=\"article\" \/>\n<meta property=\"og:title\" content=\"NAHLE, SE\u00d1ALES CLARAS\u2026 - Los pol\u00edticos Veracruz\" \/>\n<meta property=\"og:description\" content=\"Adriana Mu\u00f1oz CabreraSin Rencores \u201cEl uno siempre va antes del dos, pero en el veintiuno, se freg\u00f3 el uno.\u201d Fil\u00f3sofo de G\u00fc\u00e9mez.e-mail: sinrencorespuntocom@gmail.com Esta semana, la Secretaria de Energ\u00eda, Roc\u00edo Nahle, asisti\u00f3 a un desayuno con el Consejo Gastron\u00f3mico Veracruzano en Coatepec; hoy mismo estar\u00e1 en Minatitl\u00e1n en la firma de un convenio entre la [&hellip;]\" \/>\n<meta property=\"og:url\" content=\"https:\/\/lospoliticosveracruz.com\/?p=110549\" \/>\n<meta property=\"og:site_name\" content=\"Los pol\u00edticos Veracruz\" \/>\n<meta property=\"article:publisher\" content=\"https:\/\/www.facebook.com\/people\/Notimemes-de-los-Polticos\/61565672886568\/\" \/>\n<meta property=\"article:published_time\" content=\"2023-08-24T15:10:29+00:00\" \/>\n<meta property=\"article:modified_time\" content=\"2023-08-24T15:10:34+00:00\" \/>\n<meta property=\"og:image\" content=\"https:\/\/lospoliticosveracruz.com.mx\/wp-content\/uploads\/2023\/02\/Vinissimo.jpg\" \/>\n<meta name=\"author\" content=\"Lo viste en Los Pol\u00edticos\" \/>\n<meta name=\"twitter:card\" content=\"summary_large_image\" \/>\n<meta name=\"twitter:creator\" content=\"@LosPoliticosVer\" \/>\n<meta name=\"twitter:site\" content=\"@LosPoliticosVer\" \/>\n<meta name=\"twitter:label1\" content=\"Escrito por\" \/>\n\t<meta name=\"twitter:data1\" content=\"Lo viste en Los Pol\u00edticos\" \/>\n\t<meta name=\"twitter:label2\" content=\"Tiempo de lectura\" \/>\n\t<meta name=\"twitter:data2\" content=\"7 minutos\" \/>\n<script type=\"application\/ld+json\" class=\"yoast-schema-graph\">{\"@context\":\"https:\\\/\\\/schema.org\",\"@graph\":[{\"@type\":\"Article\",\"@id\":\"https:\\\/\\\/lospoliticosveracruz.com\\\/?p=110549#article\",\"isPartOf\":{\"@id\":\"https:\\\/\\\/lospoliticosveracruz.com\\\/?p=110549\"},\"author\":{\"name\":\"Lo viste en Los Pol\u00edticos\",\"@id\":\"https:\\\/\\\/lospoliticosveracruz.com\\\/#\\\/schema\\\/person\\\/b8702bb0e538456e6efd07080bf2a4a2\"},\"headline\":\"NAHLE, SE\u00d1ALES CLARAS\u2026\",\"datePublished\":\"2023-08-24T15:10:29+00:00\",\"dateModified\":\"2023-08-24T15:10:34+00:00\",\"mainEntityOfPage\":{\"@id\":\"https:\\\/\\\/lospoliticosveracruz.com\\\/?p=110549\"},\"wordCount\":1414,\"publisher\":{\"@id\":\"https:\\\/\\\/lospoliticosveracruz.com\\\/#organization\"},\"image\":{\"@id\":\"https:\\\/\\\/lospoliticosveracruz.com\\\/?p=110549#primaryimage\"},\"thumbnailUrl\":\"https:\\\/\\\/lospoliticosveracruz.com.mx\\\/wp-content\\\/uploads\\\/2023\\\/02\\\/Vinissimo.jpg\",\"keywords\":[\"Adriana Mu\u00f1oz Cabrera\",\"Consejo Gastron\u00f3mico Veracruzano en Coatepec\",\"Cuitl\u00e1huac Garc\u00eda Jim\u00e9nez\",\"Delfina G\u00f3mez \u00c1lvarez\",\"Raquel Sosa\",\"Roc\u00edo Nahle\",\"Sener\",\"universidades del Bienestar\",\"Zo\u00e9 Robledo\"],\"articleSection\":[\"De Opini\u00f3n\"],\"inLanguage\":\"es\"},{\"@type\":\"WebPage\",\"@id\":\"https:\\\/\\\/lospoliticosveracruz.com\\\/?p=110549\",\"url\":\"https:\\\/\\\/lospoliticosveracruz.com\\\/?p=110549\",\"name\":\"NAHLE, SE\u00d1ALES CLARAS\u2026 - Los pol\u00edticos Veracruz\",\"isPartOf\":{\"@id\":\"https:\\\/\\\/lospoliticosveracruz.com\\\/#website\"},\"primaryImageOfPage\":{\"@id\":\"https:\\\/\\\/lospoliticosveracruz.com\\\/?p=110549#primaryimage\"},\"image\":{\"@id\":\"https:\\\/\\\/lospoliticosveracruz.com\\\/?p=110549#primaryimage\"},\"thumbnailUrl\":\"https:\\\/\\\/lospoliticosveracruz.com.mx\\\/wp-content\\\/uploads\\\/2023\\\/02\\\/Vinissimo.jpg\",\"datePublished\":\"2023-08-24T15:10:29+00:00\",\"dateModified\":\"2023-08-24T15:10:34+00:00\",\"breadcrumb\":{\"@id\":\"https:\\\/\\\/lospoliticosveracruz.com\\\/?p=110549#breadcrumb\"},\"inLanguage\":\"es\",\"potentialAction\":[{\"@type\":\"ReadAction\",\"target\":[\"https:\\\/\\\/lospoliticosveracruz.com\\\/?p=110549\"]}]},{\"@type\":\"ImageObject\",\"inLanguage\":\"es\",\"@id\":\"https:\\\/\\\/lospoliticosveracruz.com\\\/?p=110549#primaryimage\",\"url\":\"https:\\\/\\\/lospoliticosveracruz.com.mx\\\/wp-content\\\/uploads\\\/2023\\\/02\\\/Vinissimo.jpg\",\"contentUrl\":\"https:\\\/\\\/lospoliticosveracruz.com.mx\\\/wp-content\\\/uploads\\\/2023\\\/02\\\/Vinissimo.jpg\"},{\"@type\":\"BreadcrumbList\",\"@id\":\"https:\\\/\\\/lospoliticosveracruz.com\\\/?p=110549#breadcrumb\",\"itemListElement\":[{\"@type\":\"ListItem\",\"position\":1,\"name\":\"Portada\",\"item\":\"https:\\\/\\\/lospoliticosveracruz.com\\\/\"},{\"@type\":\"ListItem\",\"position\":2,\"name\":\"NAHLE, SE\u00d1ALES CLARAS\u2026\"}]},{\"@type\":\"WebSite\",\"@id\":\"https:\\\/\\\/lospoliticosveracruz.com\\\/#website\",\"url\":\"https:\\\/\\\/lospoliticosveracruz.com\\\/\",\"name\":\"Los pol\u00edticos Veracruz\",\"description\":\"\",\"publisher\":{\"@id\":\"https:\\\/\\\/lospoliticosveracruz.com\\\/#organization\"},\"potentialAction\":[{\"@type\":\"SearchAction\",\"target\":{\"@type\":\"EntryPoint\",\"urlTemplate\":\"https:\\\/\\\/lospoliticosveracruz.com\\\/?s={search_term_string}\"},\"query-input\":{\"@type\":\"PropertyValueSpecification\",\"valueRequired\":true,\"valueName\":\"search_term_string\"}}],\"inLanguage\":\"es\"},{\"@type\":\"Organization\",\"@id\":\"https:\\\/\\\/lospoliticosveracruz.com\\\/#organization\",\"name\":\"Los pol\u00edticos Veracruz\",\"url\":\"https:\\\/\\\/lospoliticosveracruz.com\\\/\",\"logo\":{\"@type\":\"ImageObject\",\"inLanguage\":\"es\",\"@id\":\"https:\\\/\\\/lospoliticosveracruz.com\\\/#\\\/schema\\\/logo\\\/image\\\/\",\"url\":\"https:\\\/\\\/lospoliticosveracruz.com\\\/wp-content\\\/uploads\\\/2025\\\/12\\\/Logo-Nuevo-LOS-POLITICOS-1.jpg\",\"contentUrl\":\"https:\\\/\\\/lospoliticosveracruz.com\\\/wp-content\\\/uploads\\\/2025\\\/12\\\/Logo-Nuevo-LOS-POLITICOS-1.jpg\",\"width\":260,\"height\":70,\"caption\":\"Los pol\u00edticos Veracruz\"},\"image\":{\"@id\":\"https:\\\/\\\/lospoliticosveracruz.com\\\/#\\\/schema\\\/logo\\\/image\\\/\"},\"sameAs\":[\"https:\\\/\\\/www.facebook.com\\\/people\\\/Notimemes-de-los-Polticos\\\/61565672886568\\\/\",\"https:\\\/\\\/x.com\\\/LosPoliticosVer\"]},{\"@type\":\"Person\",\"@id\":\"https:\\\/\\\/lospoliticosveracruz.com\\\/#\\\/schema\\\/person\\\/b8702bb0e538456e6efd07080bf2a4a2\",\"name\":\"Lo viste en Los Pol\u00edticos\",\"image\":{\"@type\":\"ImageObject\",\"inLanguage\":\"es\",\"@id\":\"https:\\\/\\\/secure.gravatar.com\\\/avatar\\\/3a8de04a2656d44082be478bd6c086daa447c4651605818287b9532d3d0bd435?s=96&d=mm&r=g\",\"url\":\"https:\\\/\\\/secure.gravatar.com\\\/avatar\\\/3a8de04a2656d44082be478bd6c086daa447c4651605818287b9532d3d0bd435?s=96&d=mm&r=g\",\"contentUrl\":\"https:\\\/\\\/secure.gravatar.com\\\/avatar\\\/3a8de04a2656d44082be478bd6c086daa447c4651605818287b9532d3d0bd435?s=96&d=mm&r=g\",\"caption\":\"Lo viste en Los Pol\u00edticos\"},\"url\":\"https:\\\/\\\/lospoliticosveracruz.com\\\/?author=2\"}]}<\/script>\n<!-- \/ Yoast SEO plugin. -->","yoast_head_json":{"title":"NAHLE, SE\u00d1ALES CLARAS\u2026 - Los pol\u00edticos Veracruz","robots":{"index":"index","follow":"follow","max-snippet":"max-snippet:-1","max-image-preview":"max-image-preview:large","max-video-preview":"max-video-preview:-1"},"canonical":"https:\/\/lospoliticosveracruz.com\/?p=110549","og_locale":"es_ES","og_type":"article","og_title":"NAHLE, SE\u00d1ALES CLARAS\u2026 - Los pol\u00edticos Veracruz","og_description":"Adriana Mu\u00f1oz CabreraSin Rencores \u201cEl uno siempre va antes del dos, pero en el veintiuno, se freg\u00f3 el uno.\u201d Fil\u00f3sofo de G\u00fc\u00e9mez.e-mail: sinrencorespuntocom@gmail.com Esta semana, la Secretaria de Energ\u00eda, Roc\u00edo Nahle, asisti\u00f3 a un desayuno con el Consejo Gastron\u00f3mico Veracruzano en Coatepec; hoy mismo estar\u00e1 en Minatitl\u00e1n en la firma de un convenio entre la [&hellip;]","og_url":"https:\/\/lospoliticosveracruz.com\/?p=110549","og_site_name":"Los pol\u00edticos Veracruz","article_publisher":"https:\/\/www.facebook.com\/people\/Notimemes-de-los-Polticos\/61565672886568\/","article_published_time":"2023-08-24T15:10:29+00:00","article_modified_time":"2023-08-24T15:10:34+00:00","og_image":[{"url":"https:\/\/lospoliticosveracruz.com.mx\/wp-content\/uploads\/2023\/02\/Vinissimo.jpg","type":"","width":"","height":""}],"author":"Lo viste en Los Pol\u00edticos","twitter_card":"summary_large_image","twitter_creator":"@LosPoliticosVer","twitter_site":"@LosPoliticosVer","twitter_misc":{"Escrito por":"Lo viste en Los Pol\u00edticos","Tiempo de lectura":"7 minutos"},"schema":{"@context":"https:\/\/schema.org","@graph":[{"@type":"Article","@id":"https:\/\/lospoliticosveracruz.com\/?p=110549#article","isPartOf":{"@id":"https:\/\/lospoliticosveracruz.com\/?p=110549"},"author":{"name":"Lo viste en Los Pol\u00edticos","@id":"https:\/\/lospoliticosveracruz.com\/#\/schema\/person\/b8702bb0e538456e6efd07080bf2a4a2"},"headline":"NAHLE, SE\u00d1ALES CLARAS\u2026","datePublished":"2023-08-24T15:10:29+00:00","dateModified":"2023-08-24T15:10:34+00:00","mainEntityOfPage":{"@id":"https:\/\/lospoliticosveracruz.com\/?p=110549"},"wordCount":1414,"publisher":{"@id":"https:\/\/lospoliticosveracruz.com\/#organization"},"image":{"@id":"https:\/\/lospoliticosveracruz.com\/?p=110549#primaryimage"},"thumbnailUrl":"https:\/\/lospoliticosveracruz.com.mx\/wp-content\/uploads\/2023\/02\/Vinissimo.jpg","keywords":["Adriana Mu\u00f1oz Cabrera","Consejo Gastron\u00f3mico Veracruzano en Coatepec","Cuitl\u00e1huac Garc\u00eda Jim\u00e9nez","Delfina G\u00f3mez \u00c1lvarez","Raquel Sosa","Roc\u00edo Nahle","Sener","universidades del Bienestar","Zo\u00e9 Robledo"],"articleSection":["De Opini\u00f3n"],"inLanguage":"es"},{"@type":"WebPage","@id":"https:\/\/lospoliticosveracruz.com\/?p=110549","url":"https:\/\/lospoliticosveracruz.com\/?p=110549","name":"NAHLE, SE\u00d1ALES CLARAS\u2026 - Los pol\u00edticos Veracruz","isPartOf":{"@id":"https:\/\/lospoliticosveracruz.com\/#website"},"primaryImageOfPage":{"@id":"https:\/\/lospoliticosveracruz.com\/?p=110549#primaryimage"},"image":{"@id":"https:\/\/lospoliticosveracruz.com\/?p=110549#primaryimage"},"thumbnailUrl":"https:\/\/lospoliticosveracruz.com.mx\/wp-content\/uploads\/2023\/02\/Vinissimo.jpg","datePublished":"2023-08-24T15:10:29+00:00","dateModified":"2023-08-24T15:10:34+00:00","breadcrumb":{"@id":"https:\/\/lospoliticosveracruz.com\/?p=110549#breadcrumb"},"inLanguage":"es","potentialAction":[{"@type":"ReadAction","target":["https:\/\/lospoliticosveracruz.com\/?p=110549"]}]},{"@type":"ImageObject","inLanguage":"es","@id":"https:\/\/lospoliticosveracruz.com\/?p=110549#primaryimage","url":"https:\/\/lospoliticosveracruz.com.mx\/wp-content\/uploads\/2023\/02\/Vinissimo.jpg","contentUrl":"https:\/\/lospoliticosveracruz.com.mx\/wp-content\/uploads\/2023\/02\/Vinissimo.jpg"},{"@type":"BreadcrumbList","@id":"https:\/\/lospoliticosveracruz.com\/?p=110549#breadcrumb","itemListElement":[{"@type":"ListItem","position":1,"name":"Portada","item":"https:\/\/lospoliticosveracruz.com\/"},{"@type":"ListItem","position":2,"name":"NAHLE, SE\u00d1ALES CLARAS\u2026"}]},{"@type":"WebSite","@id":"https:\/\/lospoliticosveracruz.com\/#website","url":"https:\/\/lospoliticosveracruz.com\/","name":"Los pol\u00edticos Veracruz","description":"","publisher":{"@id":"https:\/\/lospoliticosveracruz.com\/#organization"},"potentialAction":[{"@type":"SearchAction","target":{"@type":"EntryPoint","urlTemplate":"https:\/\/lospoliticosveracruz.com\/?s={search_term_string}"},"query-input":{"@type":"PropertyValueSpecification","valueRequired":true,"valueName":"search_term_string"}}],"inLanguage":"es"},{"@type":"Organization","@id":"https:\/\/lospoliticosveracruz.com\/#organization","name":"Los pol\u00edticos Veracruz","url":"https:\/\/lospoliticosveracruz.com\/","logo":{"@type":"ImageObject","inLanguage":"es","@id":"https:\/\/lospoliticosveracruz.com\/#\/schema\/logo\/image\/","url":"https:\/\/lospoliticosveracruz.com\/wp-content\/uploads\/2025\/12\/Logo-Nuevo-LOS-POLITICOS-1.jpg","contentUrl":"https:\/\/lospoliticosveracruz.com\/wp-content\/uploads\/2025\/12\/Logo-Nuevo-LOS-POLITICOS-1.jpg","width":260,"height":70,"caption":"Los pol\u00edticos Veracruz"},"image":{"@id":"https:\/\/lospoliticosveracruz.com\/#\/schema\/logo\/image\/"},"sameAs":["https:\/\/www.facebook.com\/people\/Notimemes-de-los-Polticos\/61565672886568\/","https:\/\/x.com\/LosPoliticosVer"]},{"@type":"Person","@id":"https:\/\/lospoliticosveracruz.com\/#\/schema\/person\/b8702bb0e538456e6efd07080bf2a4a2","name":"Lo viste en Los Pol\u00edticos","image":{"@type":"ImageObject","inLanguage":"es","@id":"https:\/\/secure.gravatar.com\/avatar\/3a8de04a2656d44082be478bd6c086daa447c4651605818287b9532d3d0bd435?s=96&d=mm&r=g","url":"https:\/\/secure.gravatar.com\/avatar\/3a8de04a2656d44082be478bd6c086daa447c4651605818287b9532d3d0bd435?s=96&d=mm&r=g","contentUrl":"https:\/\/secure.gravatar.com\/avatar\/3a8de04a2656d44082be478bd6c086daa447c4651605818287b9532d3d0bd435?s=96&d=mm&r=g","caption":"Lo viste en Los Pol\u00edticos"},"url":"https:\/\/lospoliticosveracruz.com\/?author=2"}]}},"_links":{"self":[{"href":"https:\/\/lospoliticosveracruz.com\/index.php?rest_route=\/wp\/v2\/posts\/110549","targetHints":{"allow":["GET"]}}],"collection":[{"href":"https:\/\/lospoliticosveracruz.com\/index.php?rest_route=\/wp\/v2\/posts"}],"about":[{"href":"https:\/\/lospoliticosveracruz.com\/index.php?rest_route=\/wp\/v2\/types\/post"}],"author":[{"embeddable":true,"href":"https:\/\/lospoliticosveracruz.com\/index.php?rest_route=\/wp\/v2\/users\/2"}],"replies":[{"embeddable":true,"href":"https:\/\/lospoliticosveracruz.com\/index.php?rest_route=%2Fwp%2Fv2%2Fcomments&post=110549"}],"version-history":[{"count":1,"href":"https:\/\/lospoliticosveracruz.com\/index.php?rest_route=\/wp\/v2\/posts\/110549\/revisions"}],"predecessor-version":[{"id":110551,"href":"https:\/\/lospoliticosveracruz.com\/index.php?rest_route=\/wp\/v2\/posts\/110549\/revisions\/110551"}],"wp:attachment":[{"href":"https:\/\/lospoliticosveracruz.com\/index.php?rest_route=%2Fwp%2Fv2%2Fmedia&parent=110549"}],"wp:term":[{"taxonomy":"category","embeddable":true,"href":"https:\/\/lospoliticosveracruz.com\/index.php?rest_route=%2Fwp%2Fv2%2Fcategories&post=110549"},{"taxonomy":"post_tag","embeddable":true,"href":"https:\/\/lospoliticosveracruz.com\/index.php?rest_route=%2Fwp%2Fv2%2Ftags&post=110549"}],"curies":[{"name":"wp","href":"https:\/\/api.w.org\/{rel}","templated":true}]}}