{"id":110608,"date":"2023-08-25T08:40:00","date_gmt":"2023-08-25T13:40:00","guid":{"rendered":"https:\/\/lospoliticosveracruz.com.mx\/?p=110608"},"modified":"2023-08-25T08:32:11","modified_gmt":"2023-08-25T13:32:11","slug":"y-veracruz","status":"publish","type":"post","link":"https:\/\/lospoliticosveracruz.com\/?p=110608","title":{"rendered":"\u00bfY VERACRUZ?"},"content":{"rendered":"\n<p><strong>Jos\u00e9 Luis Ortega Vidal<br><\/strong><em>Claroscuros<br><\/em>(1)<\/p>\n\n\n\n<p>El resultado sexenal del rescate de PEMEX es mucho m\u00e1s importante que el deseo de Octavio Romero por gobernar su natal Tabasco.<br>Luego del cierre del seguro popular y el fracaso del INSABI, conocer el funcionamiento final del IMSS-Bienestar tiene mayor relevancia que la candidatura de Zo\u00e9 Robledo por la gubernatura de Chiapas.<br>Bajo esa din\u00e1mica argumentativa, la puesta en marcha \u2013al cien por ciento- de la refiner\u00eda Olmeca en Dos Bocas, lleva prioridad frente al sue\u00f1o de Roc\u00edo Nahle por ocupar la silla de Cuitl\u00e1huac Garc\u00eda.<\/p>\n\n\n<div class=\"wp-block-image\">\n<figure class=\"alignleft size-medium\"><a href=\"https:\/\/lospoliticosveracruz.com.mx\/wp-content\/uploads\/2021\/10\/WhatsApp-Image-2021-10-02-at-15.20.25.jpeg\"><img loading=\"lazy\" decoding=\"async\" width=\"212\" height=\"300\" src=\"https:\/\/lospoliticosveracruz.com.mx\/wp-content\/uploads\/2021\/10\/WhatsApp-Image-2021-10-02-at-15.20.25-212x300.jpeg\" alt=\"\" class=\"wp-image-80177\" srcset=\"https:\/\/lospoliticosveracruz.com\/wp-content\/uploads\/2021\/10\/WhatsApp-Image-2021-10-02-at-15.20.25-212x300.jpeg 212w, https:\/\/lospoliticosveracruz.com\/wp-content\/uploads\/2021\/10\/WhatsApp-Image-2021-10-02-at-15.20.25-724x1024.jpeg 724w, https:\/\/lospoliticosveracruz.com\/wp-content\/uploads\/2021\/10\/WhatsApp-Image-2021-10-02-at-15.20.25-768x1086.jpeg 768w, https:\/\/lospoliticosveracruz.com\/wp-content\/uploads\/2021\/10\/WhatsApp-Image-2021-10-02-at-15.20.25.jpeg 905w\" sizes=\"auto, (max-width: 212px) 100vw, 212px\" \/><\/a><\/figure>\n<\/div>\n\n\n<p>(2)<\/p>\n\n\n\n<p>En los casos de PEMEX y el IMSS el presidente Andr\u00e9s Manuel L\u00f3pez Obrador ha puesto las cosas en orden y despert\u00f3 a Romero y Robledo para encaminar sus esfuerzos al cumplimiento del trabajo por el cual se les paga.<br>El erario no cubre n\u00f3minas para planes electorales ni sue\u00f1os pol\u00edticos, por muy rom\u00e1nticos que suenen.<\/p>\n\n\n\n<p>(3)<\/p>\n\n\n\n<p>Pero bueno, el dedo de AMLO es el dedo del presidente m\u00e1s poderoso e impredecible del M\u00e9xico reciente y tal circunstancia evita contar con una respuesta precisa respecto a la secretaria de Energ\u00eda y la gubernatura de Veracruz.<\/p>\n\n\n\n<p>(4)<\/p>\n\n\n\n<p>A estas alturas ya no hay dudas: la refiner\u00eda Olmeca de Dos Bocas alg\u00fan d\u00eda producir\u00e1 270 mil barriles diarios de combustibles, producto de recibir 345 mil barriles diarios de petr\u00f3leo.<br>Tal suministro de materia prima y tal producci\u00f3n de di\u00e9sel y gasolina demostrar\u00e1n a cr\u00edticos y pesimistas la diferencia entre la 4T y los gobiernos de antes, en lo que a construir refiner\u00edas se refiere\u2026<br>Ok.<br>El punto, es que dicho resultado final no ocurrir\u00e1 este a\u00f1o.<\/p>\n\n\n\n<p>(5)<\/p>\n\n\n\n<p>En octubre arranca oficialmente el proceso electoral 2023-2024.<br>Se incluye en el mismo la elecci\u00f3n de nueve gubernaturas, entre ellas la de Veracruz.<br>La jornada electoral se realizar\u00e1 el domingo 2 de junio de modo que las precampa\u00f1as y las campa\u00f1as se realizar\u00e1n entre los meses de enero y mayo del pr\u00f3ximo a\u00f1o.<\/p>\n\n\n\n<p>(6)<\/p>\n\n\n\n<p>Entre octubre y diciembre del a\u00f1o en curso los partidos pol\u00edticos deber\u00e1n definir y registrar alianzas, mecanismos de repartici\u00f3n de espacios de poder en funci\u00f3n de reglas definidas por la ley y sus representantes: el INE y el OPLE.<br>Respecto a la contienda por la presidencia de la Rep\u00fablica, desde septiembre estar\u00e1n definidos los nombres de dos abanderamientos: el de MORENA y anexas y el del Frente Amplio por M\u00e9xico que integran el PAN, el PRI y anexas.<\/p>\n\n\n\n<p>(7)<\/p>\n\n\n\n<p>Como habr\u00e1 elecciones del Congreso Federal, de Congresos Locales y de Ayuntamientos, estamos hablando de miles de cargos p\u00fablicos a disputar.<br>Y todo pasa, primero, por los nombres de los candidatos a la grande\u2026<br>Luego, por los candidatos a las nueve gubernaturas\u2026<br>En el mismo tenor se definir\u00e1n listas para candidatos a senadur\u00edas y diputaciones.<br>Para repartir finalmente los nombres que ir\u00e1n en las boletas de ediles.<br>La cuota de g\u00e9nero determina el 50% de posiciones para mujeres y el 50% para hombres.<\/p>\n\n\n\n<p>(8)<\/p>\n\n\n\n<p>En Chiapas y Tabasco la lucha de grupos de poder se reduce porque el presidente fren\u00f3 a Zo\u00e9 Robledo y Octavio Romero, respectivamente.<br>No es el caso de Veracruz\u2026hasta el momento.<br>Pero si el titular del IMSS y el director de PEMEX tienen tareas pendientes, la secretaria de Energ\u00eda cuenta con su respectivo compromiso: garantizar \u2013seg\u00fan ella y el presidente- la soberan\u00eda energ\u00e9tica del pa\u00eds v\u00eda la refiner\u00eda Olmeca.<\/p>\n\n\n\n<p>(9)<\/p>\n\n\n\n<p>Roc\u00edo Nahle estuvo ayer en Minatitl\u00e1n, con su entra\u00f1able amiga la alcaldesa Carmen Medel y con su aliado: el gobernador.<br>Pasan los meses y la huelga del sindicato de empleados municipales de Minatitl\u00e1n no se resuelve.<br>A la doctora Medel ese tema la tiene sin cuidado.<br>Ella, a lo suyo: cuidar d\u00eda con d\u00eda el sue\u00f1o de la secretaria de Energ\u00eda por gobernar Veracruz.<br>Ojal\u00e1, de ser candidata y gobernadora, Roc\u00edo Nahle no ponga a la doctora Carmen Medel al frente de la Secretar\u00eda de Salud.<br>Nunca acud\u00ed a una consulta con ella, pero pienso debe ser una buena facultativa.<br>De lo que si doy testimonio es de su p\u00e9simo trabajo pol\u00edtico.<\/p>\n\n\n\n<p>(10)<\/p>\n\n\n\n<p>Respecto a la refiner\u00eda Olmeca, desde julio pasado se le est\u00e1n suministrando 170 mil barriles de petr\u00f3leo para las pruebas t\u00e9cnicas de rigor.<br>De esta carga saldr\u00edan pr\u00f3ximamente los primeros barriles de combustible.<br>Las matem\u00e1ticas, a diferencia de la pol\u00edtica, son muy precisas y la refinaci\u00f3n de 170 mil barriles de petr\u00f3leo s\u00f3lo puede producir 135 mil barriles de combustible.<br>Y la meta, el objetivo, el compromiso de Roc\u00edo Nahle ante Andr\u00e9s Manuel L\u00f3pez Obrador y de AMLO ante la patria: es producir 270 mil barriles diarios de di\u00e9sel y gasolina\u2026antes de finalizar el sexenio.<\/p>\n\n\n\n<p>(11)<\/p>\n\n\n\n<p>No hay problema en ese sentido. Queda tiempo.<br>Digamos, si entre octubre y diciembre se empieza a suministrar la segunda carga de petr\u00f3leo en Dos Bocas, semanas o meses despu\u00e9s se cumplir\u00e1 la meta propuesta y para la cual se han invertido m\u00e1s de 16 mil millones de d\u00f3lares -el doble del presupuesto original; o m\u00e1s, ya sabremos-.<br>Ahora bien, la segunda carga de petr\u00f3leo puede no ocurrir este a\u00f1o y realizarse durante el 2024.<br>Finalmente, es posible que el funcionamiento al cien por ciento de la refiner\u00eda Olmeca, en Dos Bocas, se genere antes del primer d\u00eda de octubre\u2026del pr\u00f3ximo a\u00f1o.<br>Ese d\u00eda el presidente L\u00f3pez Obrador entregar\u00e1 el poder a su relevo.<\/p>\n\n\n\n<p>(12)<\/p>\n\n\n\n<p>Lo que no ocurrir\u00e1 -ya es un hecho- ser\u00e1 la coincidencia de fechas en dos procesos que han corrido paralelos, pero en breve habr\u00e1n de bifurcarse.<br>Me refiero al calendario electoral 2023-2024 y a la producci\u00f3n de 270 mil barriles diarios de combustible en Dos Bocas.<\/p>\n\n\n\n<p>(13)<\/p>\n\n\n\n<p>Como hemos explicado, en octubre el INE dar\u00e1 inicio al Proceso Electoral 2023-2024\u2026<br>Y no, en octubre no veremos la producci\u00f3n diaria de 270 barriles de combustible en Dos Bocas.<\/p>\n\n\n\n<p>(14)<br>\u00bfPondr\u00e1 el presidente el nombre de Roc\u00edo Nahle junto a los de Zo\u00e9 Robledo y Octavio Romero?<br>\u00bfO a la titular de SENER le recibir\u00e1 una obra sin concluir al mismo tiempo de cumplir su sue\u00f1o de servir a Veracruz?<br>S\u00f3lo resta esperar.<\/p>\n\n\n\n<p>(15)<br>Una duda:<br>\u00bfEl descontrol pol\u00edtico evidenciado desde las pugnas internas de funcionarios al m\u00e1s alto nivel en el gobierno de la entidad, est\u00e1 vinculado a la bifurcaci\u00f3n entre los calendarios de mega proyectos y elecciones?<\/p>\n\n\n\n<p>(16)<\/p>\n\n\n\n<p>El gobernador pudo responder a esta duda en Xalapa, pero ayer realiz\u00f3 una visita a Minatitl\u00e1n\u2026.<\/p>\n","protected":false},"excerpt":{"rendered":"<p>Jos\u00e9 Luis Ortega VidalClaroscuros(1) El resultado sexenal del rescate de PEMEX es mucho m\u00e1s importante que el deseo de Octavio Romero por gobernar su natal Tabasco.Luego del cierre del seguro popular y el fracaso del INSABI, conocer el funcionamiento final del IMSS-Bienestar tiene mayor relevancia que la candidatura de Zo\u00e9 Robledo por la gubernatura de [&hellip;]<\/p>\n","protected":false},"author":2,"featured_media":0,"comment_status":"closed","ping_status":"closed","sticky":false,"template":"","format":"standard","meta":{"tdm_status":"","tdm_grid_status":"","footnotes":""},"categories":[70],"tags":[618,13091,2769,3578,195],"class_list":{"0":"post-110608","1":"post","2":"type-post","3":"status-publish","4":"format-standard","6":"category-de-opinion","7":"tag-andres-manuel-lopez-obrador","8":"tag-carmen-medel","9":"tag-jose-luis-ortega-vidal","10":"tag-rocio-nahle","11":"tag-veracruz"},"yoast_head":"<!-- This site is optimized with the Yoast SEO plugin v27.4 - https:\/\/yoast.com\/product\/yoast-seo-wordpress\/ -->\n<title>\u00bfY VERACRUZ? - Los pol\u00edticos Veracruz<\/title>\n<meta name=\"robots\" content=\"index, follow, max-snippet:-1, max-image-preview:large, max-video-preview:-1\" \/>\n<link rel=\"canonical\" href=\"https:\/\/lospoliticosveracruz.com\/?p=110608\" \/>\n<meta property=\"og:locale\" content=\"es_ES\" \/>\n<meta property=\"og:type\" content=\"article\" \/>\n<meta property=\"og:title\" content=\"\u00bfY VERACRUZ? - Los pol\u00edticos Veracruz\" \/>\n<meta property=\"og:description\" content=\"Jos\u00e9 Luis Ortega VidalClaroscuros(1) El resultado sexenal del rescate de PEMEX es mucho m\u00e1s importante que el deseo de Octavio Romero por gobernar su natal Tabasco.Luego del cierre del seguro popular y el fracaso del INSABI, conocer el funcionamiento final del IMSS-Bienestar tiene mayor relevancia que la candidatura de Zo\u00e9 Robledo por la gubernatura de [&hellip;]\" \/>\n<meta property=\"og:url\" content=\"https:\/\/lospoliticosveracruz.com\/?p=110608\" \/>\n<meta property=\"og:site_name\" content=\"Los pol\u00edticos Veracruz\" \/>\n<meta property=\"article:publisher\" content=\"https:\/\/www.facebook.com\/people\/Notimemes-de-los-Polticos\/61565672886568\/\" \/>\n<meta property=\"article:published_time\" content=\"2023-08-25T13:40:00+00:00\" \/>\n<meta property=\"og:image\" content=\"https:\/\/lospoliticosveracruz.com.mx\/wp-content\/uploads\/2021\/10\/WhatsApp-Image-2021-10-02-at-15.20.25-212x300.jpeg\" \/>\n<meta name=\"author\" content=\"Lo viste en Los Pol\u00edticos\" \/>\n<meta name=\"twitter:card\" content=\"summary_large_image\" \/>\n<meta name=\"twitter:creator\" content=\"@LosPoliticosVer\" \/>\n<meta name=\"twitter:site\" content=\"@LosPoliticosVer\" \/>\n<meta name=\"twitter:label1\" content=\"Escrito por\" \/>\n\t<meta name=\"twitter:data1\" content=\"Lo viste en Los Pol\u00edticos\" \/>\n\t<meta name=\"twitter:label2\" content=\"Tiempo de lectura\" \/>\n\t<meta name=\"twitter:data2\" content=\"6 minutos\" \/>\n<script type=\"application\/ld+json\" class=\"yoast-schema-graph\">{\"@context\":\"https:\\\/\\\/schema.org\",\"@graph\":[{\"@type\":\"Article\",\"@id\":\"https:\\\/\\\/lospoliticosveracruz.com\\\/?p=110608#article\",\"isPartOf\":{\"@id\":\"https:\\\/\\\/lospoliticosveracruz.com\\\/?p=110608\"},\"author\":{\"name\":\"Lo viste en Los Pol\u00edticos\",\"@id\":\"https:\\\/\\\/lospoliticosveracruz.com\\\/#\\\/schema\\\/person\\\/b8702bb0e538456e6efd07080bf2a4a2\"},\"headline\":\"\u00bfY VERACRUZ?\",\"datePublished\":\"2023-08-25T13:40:00+00:00\",\"mainEntityOfPage\":{\"@id\":\"https:\\\/\\\/lospoliticosveracruz.com\\\/?p=110608\"},\"wordCount\":1132,\"publisher\":{\"@id\":\"https:\\\/\\\/lospoliticosveracruz.com\\\/#organization\"},\"image\":{\"@id\":\"https:\\\/\\\/lospoliticosveracruz.com\\\/?p=110608#primaryimage\"},\"thumbnailUrl\":\"https:\\\/\\\/lospoliticosveracruz.com.mx\\\/wp-content\\\/uploads\\\/2021\\\/10\\\/WhatsApp-Image-2021-10-02-at-15.20.25-212x300.jpeg\",\"keywords\":[\"Andr\u00e9s Manuel L\u00f3pez Obrador\",\"Carmen Medel\",\"Jos\u00e9 Luis Ortega Vidal\",\"Roc\u00edo Nahle\",\"Veracruz\"],\"articleSection\":[\"De Opini\u00f3n\"],\"inLanguage\":\"es\"},{\"@type\":\"WebPage\",\"@id\":\"https:\\\/\\\/lospoliticosveracruz.com\\\/?p=110608\",\"url\":\"https:\\\/\\\/lospoliticosveracruz.com\\\/?p=110608\",\"name\":\"\u00bfY VERACRUZ? - Los pol\u00edticos Veracruz\",\"isPartOf\":{\"@id\":\"https:\\\/\\\/lospoliticosveracruz.com\\\/#website\"},\"primaryImageOfPage\":{\"@id\":\"https:\\\/\\\/lospoliticosveracruz.com\\\/?p=110608#primaryimage\"},\"image\":{\"@id\":\"https:\\\/\\\/lospoliticosveracruz.com\\\/?p=110608#primaryimage\"},\"thumbnailUrl\":\"https:\\\/\\\/lospoliticosveracruz.com.mx\\\/wp-content\\\/uploads\\\/2021\\\/10\\\/WhatsApp-Image-2021-10-02-at-15.20.25-212x300.jpeg\",\"datePublished\":\"2023-08-25T13:40:00+00:00\",\"breadcrumb\":{\"@id\":\"https:\\\/\\\/lospoliticosveracruz.com\\\/?p=110608#breadcrumb\"},\"inLanguage\":\"es\",\"potentialAction\":[{\"@type\":\"ReadAction\",\"target\":[\"https:\\\/\\\/lospoliticosveracruz.com\\\/?p=110608\"]}]},{\"@type\":\"ImageObject\",\"inLanguage\":\"es\",\"@id\":\"https:\\\/\\\/lospoliticosveracruz.com\\\/?p=110608#primaryimage\",\"url\":\"https:\\\/\\\/lospoliticosveracruz.com.mx\\\/wp-content\\\/uploads\\\/2021\\\/10\\\/WhatsApp-Image-2021-10-02-at-15.20.25-212x300.jpeg\",\"contentUrl\":\"https:\\\/\\\/lospoliticosveracruz.com.mx\\\/wp-content\\\/uploads\\\/2021\\\/10\\\/WhatsApp-Image-2021-10-02-at-15.20.25-212x300.jpeg\"},{\"@type\":\"BreadcrumbList\",\"@id\":\"https:\\\/\\\/lospoliticosveracruz.com\\\/?p=110608#breadcrumb\",\"itemListElement\":[{\"@type\":\"ListItem\",\"position\":1,\"name\":\"Portada\",\"item\":\"https:\\\/\\\/lospoliticosveracruz.com\\\/\"},{\"@type\":\"ListItem\",\"position\":2,\"name\":\"\u00bfY VERACRUZ?\"}]},{\"@type\":\"WebSite\",\"@id\":\"https:\\\/\\\/lospoliticosveracruz.com\\\/#website\",\"url\":\"https:\\\/\\\/lospoliticosveracruz.com\\\/\",\"name\":\"Los pol\u00edticos Veracruz\",\"description\":\"\",\"publisher\":{\"@id\":\"https:\\\/\\\/lospoliticosveracruz.com\\\/#organization\"},\"potentialAction\":[{\"@type\":\"SearchAction\",\"target\":{\"@type\":\"EntryPoint\",\"urlTemplate\":\"https:\\\/\\\/lospoliticosveracruz.com\\\/?s={search_term_string}\"},\"query-input\":{\"@type\":\"PropertyValueSpecification\",\"valueRequired\":true,\"valueName\":\"search_term_string\"}}],\"inLanguage\":\"es\"},{\"@type\":\"Organization\",\"@id\":\"https:\\\/\\\/lospoliticosveracruz.com\\\/#organization\",\"name\":\"Los pol\u00edticos Veracruz\",\"url\":\"https:\\\/\\\/lospoliticosveracruz.com\\\/\",\"logo\":{\"@type\":\"ImageObject\",\"inLanguage\":\"es\",\"@id\":\"https:\\\/\\\/lospoliticosveracruz.com\\\/#\\\/schema\\\/logo\\\/image\\\/\",\"url\":\"https:\\\/\\\/lospoliticosveracruz.com\\\/wp-content\\\/uploads\\\/2025\\\/12\\\/Logo-Nuevo-LOS-POLITICOS-1.jpg\",\"contentUrl\":\"https:\\\/\\\/lospoliticosveracruz.com\\\/wp-content\\\/uploads\\\/2025\\\/12\\\/Logo-Nuevo-LOS-POLITICOS-1.jpg\",\"width\":260,\"height\":70,\"caption\":\"Los pol\u00edticos Veracruz\"},\"image\":{\"@id\":\"https:\\\/\\\/lospoliticosveracruz.com\\\/#\\\/schema\\\/logo\\\/image\\\/\"},\"sameAs\":[\"https:\\\/\\\/www.facebook.com\\\/people\\\/Notimemes-de-los-Polticos\\\/61565672886568\\\/\",\"https:\\\/\\\/x.com\\\/LosPoliticosVer\"]},{\"@type\":\"Person\",\"@id\":\"https:\\\/\\\/lospoliticosveracruz.com\\\/#\\\/schema\\\/person\\\/b8702bb0e538456e6efd07080bf2a4a2\",\"name\":\"Lo viste en Los Pol\u00edticos\",\"image\":{\"@type\":\"ImageObject\",\"inLanguage\":\"es\",\"@id\":\"https:\\\/\\\/secure.gravatar.com\\\/avatar\\\/3a8de04a2656d44082be478bd6c086daa447c4651605818287b9532d3d0bd435?s=96&d=mm&r=g\",\"url\":\"https:\\\/\\\/secure.gravatar.com\\\/avatar\\\/3a8de04a2656d44082be478bd6c086daa447c4651605818287b9532d3d0bd435?s=96&d=mm&r=g\",\"contentUrl\":\"https:\\\/\\\/secure.gravatar.com\\\/avatar\\\/3a8de04a2656d44082be478bd6c086daa447c4651605818287b9532d3d0bd435?s=96&d=mm&r=g\",\"caption\":\"Lo viste en Los Pol\u00edticos\"},\"url\":\"https:\\\/\\\/lospoliticosveracruz.com\\\/?author=2\"}]}<\/script>\n<!-- \/ Yoast SEO plugin. -->","yoast_head_json":{"title":"\u00bfY VERACRUZ? - Los pol\u00edticos Veracruz","robots":{"index":"index","follow":"follow","max-snippet":"max-snippet:-1","max-image-preview":"max-image-preview:large","max-video-preview":"max-video-preview:-1"},"canonical":"https:\/\/lospoliticosveracruz.com\/?p=110608","og_locale":"es_ES","og_type":"article","og_title":"\u00bfY VERACRUZ? - Los pol\u00edticos Veracruz","og_description":"Jos\u00e9 Luis Ortega VidalClaroscuros(1) El resultado sexenal del rescate de PEMEX es mucho m\u00e1s importante que el deseo de Octavio Romero por gobernar su natal Tabasco.Luego del cierre del seguro popular y el fracaso del INSABI, conocer el funcionamiento final del IMSS-Bienestar tiene mayor relevancia que la candidatura de Zo\u00e9 Robledo por la gubernatura de [&hellip;]","og_url":"https:\/\/lospoliticosveracruz.com\/?p=110608","og_site_name":"Los pol\u00edticos Veracruz","article_publisher":"https:\/\/www.facebook.com\/people\/Notimemes-de-los-Polticos\/61565672886568\/","article_published_time":"2023-08-25T13:40:00+00:00","og_image":[{"url":"https:\/\/lospoliticosveracruz.com.mx\/wp-content\/uploads\/2021\/10\/WhatsApp-Image-2021-10-02-at-15.20.25-212x300.jpeg","type":"","width":"","height":""}],"author":"Lo viste en Los Pol\u00edticos","twitter_card":"summary_large_image","twitter_creator":"@LosPoliticosVer","twitter_site":"@LosPoliticosVer","twitter_misc":{"Escrito por":"Lo viste en Los Pol\u00edticos","Tiempo de lectura":"6 minutos"},"schema":{"@context":"https:\/\/schema.org","@graph":[{"@type":"Article","@id":"https:\/\/lospoliticosveracruz.com\/?p=110608#article","isPartOf":{"@id":"https:\/\/lospoliticosveracruz.com\/?p=110608"},"author":{"name":"Lo viste en Los Pol\u00edticos","@id":"https:\/\/lospoliticosveracruz.com\/#\/schema\/person\/b8702bb0e538456e6efd07080bf2a4a2"},"headline":"\u00bfY VERACRUZ?","datePublished":"2023-08-25T13:40:00+00:00","mainEntityOfPage":{"@id":"https:\/\/lospoliticosveracruz.com\/?p=110608"},"wordCount":1132,"publisher":{"@id":"https:\/\/lospoliticosveracruz.com\/#organization"},"image":{"@id":"https:\/\/lospoliticosveracruz.com\/?p=110608#primaryimage"},"thumbnailUrl":"https:\/\/lospoliticosveracruz.com.mx\/wp-content\/uploads\/2021\/10\/WhatsApp-Image-2021-10-02-at-15.20.25-212x300.jpeg","keywords":["Andr\u00e9s Manuel L\u00f3pez Obrador","Carmen Medel","Jos\u00e9 Luis Ortega Vidal","Roc\u00edo Nahle","Veracruz"],"articleSection":["De Opini\u00f3n"],"inLanguage":"es"},{"@type":"WebPage","@id":"https:\/\/lospoliticosveracruz.com\/?p=110608","url":"https:\/\/lospoliticosveracruz.com\/?p=110608","name":"\u00bfY VERACRUZ? - Los pol\u00edticos Veracruz","isPartOf":{"@id":"https:\/\/lospoliticosveracruz.com\/#website"},"primaryImageOfPage":{"@id":"https:\/\/lospoliticosveracruz.com\/?p=110608#primaryimage"},"image":{"@id":"https:\/\/lospoliticosveracruz.com\/?p=110608#primaryimage"},"thumbnailUrl":"https:\/\/lospoliticosveracruz.com.mx\/wp-content\/uploads\/2021\/10\/WhatsApp-Image-2021-10-02-at-15.20.25-212x300.jpeg","datePublished":"2023-08-25T13:40:00+00:00","breadcrumb":{"@id":"https:\/\/lospoliticosveracruz.com\/?p=110608#breadcrumb"},"inLanguage":"es","potentialAction":[{"@type":"ReadAction","target":["https:\/\/lospoliticosveracruz.com\/?p=110608"]}]},{"@type":"ImageObject","inLanguage":"es","@id":"https:\/\/lospoliticosveracruz.com\/?p=110608#primaryimage","url":"https:\/\/lospoliticosveracruz.com.mx\/wp-content\/uploads\/2021\/10\/WhatsApp-Image-2021-10-02-at-15.20.25-212x300.jpeg","contentUrl":"https:\/\/lospoliticosveracruz.com.mx\/wp-content\/uploads\/2021\/10\/WhatsApp-Image-2021-10-02-at-15.20.25-212x300.jpeg"},{"@type":"BreadcrumbList","@id":"https:\/\/lospoliticosveracruz.com\/?p=110608#breadcrumb","itemListElement":[{"@type":"ListItem","position":1,"name":"Portada","item":"https:\/\/lospoliticosveracruz.com\/"},{"@type":"ListItem","position":2,"name":"\u00bfY VERACRUZ?"}]},{"@type":"WebSite","@id":"https:\/\/lospoliticosveracruz.com\/#website","url":"https:\/\/lospoliticosveracruz.com\/","name":"Los pol\u00edticos Veracruz","description":"","publisher":{"@id":"https:\/\/lospoliticosveracruz.com\/#organization"},"potentialAction":[{"@type":"SearchAction","target":{"@type":"EntryPoint","urlTemplate":"https:\/\/lospoliticosveracruz.com\/?s={search_term_string}"},"query-input":{"@type":"PropertyValueSpecification","valueRequired":true,"valueName":"search_term_string"}}],"inLanguage":"es"},{"@type":"Organization","@id":"https:\/\/lospoliticosveracruz.com\/#organization","name":"Los pol\u00edticos Veracruz","url":"https:\/\/lospoliticosveracruz.com\/","logo":{"@type":"ImageObject","inLanguage":"es","@id":"https:\/\/lospoliticosveracruz.com\/#\/schema\/logo\/image\/","url":"https:\/\/lospoliticosveracruz.com\/wp-content\/uploads\/2025\/12\/Logo-Nuevo-LOS-POLITICOS-1.jpg","contentUrl":"https:\/\/lospoliticosveracruz.com\/wp-content\/uploads\/2025\/12\/Logo-Nuevo-LOS-POLITICOS-1.jpg","width":260,"height":70,"caption":"Los pol\u00edticos Veracruz"},"image":{"@id":"https:\/\/lospoliticosveracruz.com\/#\/schema\/logo\/image\/"},"sameAs":["https:\/\/www.facebook.com\/people\/Notimemes-de-los-Polticos\/61565672886568\/","https:\/\/x.com\/LosPoliticosVer"]},{"@type":"Person","@id":"https:\/\/lospoliticosveracruz.com\/#\/schema\/person\/b8702bb0e538456e6efd07080bf2a4a2","name":"Lo viste en Los Pol\u00edticos","image":{"@type":"ImageObject","inLanguage":"es","@id":"https:\/\/secure.gravatar.com\/avatar\/3a8de04a2656d44082be478bd6c086daa447c4651605818287b9532d3d0bd435?s=96&d=mm&r=g","url":"https:\/\/secure.gravatar.com\/avatar\/3a8de04a2656d44082be478bd6c086daa447c4651605818287b9532d3d0bd435?s=96&d=mm&r=g","contentUrl":"https:\/\/secure.gravatar.com\/avatar\/3a8de04a2656d44082be478bd6c086daa447c4651605818287b9532d3d0bd435?s=96&d=mm&r=g","caption":"Lo viste en Los Pol\u00edticos"},"url":"https:\/\/lospoliticosveracruz.com\/?author=2"}]}},"_links":{"self":[{"href":"https:\/\/lospoliticosveracruz.com\/index.php?rest_route=\/wp\/v2\/posts\/110608","targetHints":{"allow":["GET"]}}],"collection":[{"href":"https:\/\/lospoliticosveracruz.com\/index.php?rest_route=\/wp\/v2\/posts"}],"about":[{"href":"https:\/\/lospoliticosveracruz.com\/index.php?rest_route=\/wp\/v2\/types\/post"}],"author":[{"embeddable":true,"href":"https:\/\/lospoliticosveracruz.com\/index.php?rest_route=\/wp\/v2\/users\/2"}],"replies":[{"embeddable":true,"href":"https:\/\/lospoliticosveracruz.com\/index.php?rest_route=%2Fwp%2Fv2%2Fcomments&post=110608"}],"version-history":[{"count":1,"href":"https:\/\/lospoliticosveracruz.com\/index.php?rest_route=\/wp\/v2\/posts\/110608\/revisions"}],"predecessor-version":[{"id":110609,"href":"https:\/\/lospoliticosveracruz.com\/index.php?rest_route=\/wp\/v2\/posts\/110608\/revisions\/110609"}],"wp:attachment":[{"href":"https:\/\/lospoliticosveracruz.com\/index.php?rest_route=%2Fwp%2Fv2%2Fmedia&parent=110608"}],"wp:term":[{"taxonomy":"category","embeddable":true,"href":"https:\/\/lospoliticosveracruz.com\/index.php?rest_route=%2Fwp%2Fv2%2Fcategories&post=110608"},{"taxonomy":"post_tag","embeddable":true,"href":"https:\/\/lospoliticosveracruz.com\/index.php?rest_route=%2Fwp%2Fv2%2Ftags&post=110608"}],"curies":[{"name":"wp","href":"https:\/\/api.w.org\/{rel}","templated":true}]}}