{"id":110612,"date":"2023-08-25T08:46:02","date_gmt":"2023-08-25T13:46:02","guid":{"rendered":"https:\/\/lospoliticosveracruz.com.mx\/?p=110612"},"modified":"2023-08-25T08:46:08","modified_gmt":"2023-08-25T13:46:08","slug":"el-primo-a-la-dirigencia-verde","status":"publish","type":"post","link":"https:\/\/lospoliticosveracruz.com\/?p=110612","title":{"rendered":"EL PRIMO, A LA DIRIGENCIA VERDE"},"content":{"rendered":"\n<p><strong>Ricardo Chua<br><\/strong><em>Sale y Vale<br><\/em><strong>EXCLUSIVA.. <\/strong>Alberto Silva Ramos, \u00abEl Cisne\u00bb YA NO SER\u00c1 el dirigente estatal del PVEM en Veracruz.. Este quedar\u00e1 en manos de Edgar Herrera en unas semanas m\u00e1s.. La decisi\u00f3n fue tomada por Manuel Velasco, apenas pase el proceso interno de MORENA y sus \u00abcorcholatas\u00bb Presidenciales.. Se har\u00e1 el cambio de la presidencia del partido.. Pero \u00abEl Cisne\u00bb Silva no ser\u00e1 \u00abdesarropado\u00bb.. Ser\u00e1 candidato a diputado federal v\u00eda plurinominal por la Tercera Circunscripci\u00f3n por PVEM en 2024.. Y tendr\u00e1 cargo en el comit\u00e9 nacional.. AMEN<\/p>\n\n\n\n<figure class=\"wp-block-embed is-type-video is-provider-youtube wp-block-embed-youtube wp-embed-aspect-16-9 wp-has-aspect-ratio\"><div class=\"wp-block-embed__wrapper\">\n<iframe loading=\"lazy\" title=\"Cluster Coworking\" width=\"696\" height=\"392\" src=\"https:\/\/www.youtube.com\/embed\/Nxe-vxf8GuY?feature=oembed\" frameborder=\"0\" allow=\"accelerometer; autoplay; clipboard-write; encrypted-media; gyroscope; picture-in-picture; web-share\" referrerpolicy=\"strict-origin-when-cross-origin\" allowfullscreen><\/iframe>\n<\/div><\/figure>\n\n\n\n<p><strong>OJO\u2026 <\/strong>Si como dice Dante Delgado a \u00abEl Universal\u00bb los diputados federales, senadores y alcaldes de Jalisco fueron presionados al estilo \u00abViejo R\u00e9gimen\u00bb (Al mismo que perteneci\u00f3 y ejerci\u00f3 ese poder, sino pregunten a la actual senadora de MORENA de Veracruz, Gloria S\u00e1nchez, como fue tratada de 1988 a 1992 por el entonces gobernador priista), para respaldar a Enrique Alfaro, el respeto y la decisi\u00f3n personal del gobernador de Jalisco.. SE ACAB\u00d3.. Se viene la crisis y las \u00abrupturas\u00bb al interior de Movimiento Ciudadano.. LO QUE SE VE, NO SE JUZGA<\/p>\n\n\n\n<p><strong>CAZAR\u00cdN, \u00bfEL CONTRAATAQUE?..<\/strong> Nos cuenta \u00abGarganta Profunda\u00bb que los servicios de \u00abinteligencia\u00bb del gobernador, Cuitl\u00e1huac Garc\u00eda.. Ya tienen identificado quienes son los que operan los presuntos portales informativos \u00abfantasmas\u00bb, donde est\u00e1n \u00abmadreando\u00bb con \u00abTokio\u00bb a Juan Javier G\u00f3mez Cazar\u00edn.. Y al mismo tiempo \u00abtunden\u00bb a la secretaria de Energ\u00eda del gobierno federal, Roc\u00edo Nahle.. Y al parecer, algunos de estos personajes, aspiran a ser candidatos a alcaldes y regidores en 2025\u2026 Pero mientras, T\u00da DIFAMA QUE ALGO QUEDA..<\/p>\n\n\n\n<p>Adem\u00e1s les han dado seguimientos formales a estos \u00abportales\u00bb medi\u00e1ticos porque tambi\u00e9n difunden uno que otro comunicado del gobierno de Cuitlahuac Garc\u00eda.. Para \u00abtaparle el ojo al macho\u00bb.. Es decir, para hacer ver que son \u00abimportantes\u00bb.. Pero el tema cuenta \u00abGarganta Profunda\u00bb que a Cuitl\u00e1huac no le qued\u00f3 de otra, que meterse a investigar el tema, despu\u00e9s de que fue PRESIONADO por la persona que puede ser su sucesor.. Y que le puede activar \u00abgrillas\u00bb en contra con Claudia Sheinbaum.. Que ni el Primo Eleazar las podr\u00eda \u00abA PAGAR\u00bb..<\/p>\n\n\n\n<p>Por ello, Cuitl\u00e1huac tuvo que pedirle al personal de \u00abinteligencia\u00bb que cuenta en algunas dependencias estatales.. Que sobrevivieron a los gobiernos de Fidel Herrera y Miguel \u00c4ngel Yunes, los cuales est\u00e1n activos y le pasan la informaci\u00f3n al gobernador.. De quienes \u00abmadrean\u00bb a Cazarin con todo.. Informaci\u00f3n que ya la tiene el diputado local y obvio la propia titular de SENER, por ello es que est\u00e1n m\u00e1s que \u00abencabritados\u00bb porque las \u00abmadrinas\u00bb vienen de adentro..<\/p>\n\n\n\n<p>Pero cuentan que el \u00abamague\u00bb de Cazar\u00edn estuvo canijo porque prometi\u00f3 que si no met\u00edan orden.. \u00c9l tambi\u00e9n sabe hacer \u00abcampa\u00f1as negras, pero muy negras\u00bb y esto \u00absalpacar\u00eda\u00bb a todos, lo cual en estos momentos no le convendr\u00eda a nadie porque aqu\u00ed iba a caer tanto \u00abSirios como Troyanos\u00bb.. Sobre todo porque cuenta \u00abGarganta Profunda\u00bb que el de Hueyapan de Ocampo est\u00e1 muy molesto porque ya se metieron con su familia.. Y ESO NO LO VA A PERDONAR.. Y como nadie es amigo de nadie, entonces, no hay nada que reclamar..<\/p>\n\n\n\n<p>La pregunta que queda ser\u00e1 saber si por este \u00abFuego Amigo\u00bb que \u00abno es amigo, pero tampoco es enemigo\u00bb.. \u00bfJuan Javier G\u00f3mez Cazarin ser\u00e1 capaz de pagar con la misma moneda?.. Y emprender una \u00abguerra\u00bb al interior de MORENA y del gabinete por este asunto.. Finalmente, Cazar\u00edn no tiene nada que perder.. \u00c9l no quiere ser candidato a gobernador (Esta con Roc\u00edo Nahle) y le opera a Claudia Sheinbaum\u2026 Medio gabinete est\u00e1 de su lado.. Y el gobernador, bueno, Cuitl\u00e1huac es Cuitl\u00e1huac.. Ser\u00e1 capaz Cazar\u00edn del \u00abcontraataque\u00bb..<\/p>\n\n\n\n<p>Finalmente, Cazar\u00edn es uno de los 4 hombres m\u00e1s poderosos dentro de MORENA en Veracruz.. Y tiene la forma, contactos, recursos y relaciones para pedir a quien le tenga que pedir, de que el contraataque es m\u00e1s que necesario.. Hasta en lo \u00aboscurito\u00bb lo puede hacer.. Sin embargo, saber qui\u00e9n lo puede difamar y atacar, no es dif\u00edcil saberlo.. S\u00f3lo hay que seguir el \u00abcaminito\u00bb de la calle Encanto en Xalapa hasta el Parque Ju\u00e1rez para que le digan en Palacio de Gobierno.. Quien atenta contra su figura p\u00fablica.. \u00bfA POCO NO?..<\/p>\n\n\n\n<p>PD.. Lo raro de este asunto, es que G\u00f3mez Cazar\u00edn hasta el momento se ha MOSTRADO muy mesurado y s\u00f3lo se limita a se\u00f1alar: \u00abQu\u00e9 \u00e9l no tiene problema con nadie\u00bb.. Pero eso no significa que alguien m\u00e1s, pueda tener problemas con \u00e9l.. Al final esto es pol\u00edtica y lucha de poder.. De eso ya debe estar acostumbrado Cazar\u00edn.. Ya debi\u00f3 darse cuenta que en MORENA, como en el PRI o PAN: La pol\u00edtica es el arte de \u00abtragar sapos\u00bb y \u00abescupir flores\u00bb..Y que la MORAL para algunos morenistas es s\u00f3lo un \u00e1rbol que da moras..<\/p>\n\n\n\n<p>Lo legal si tiene ese temor es que interponga denuncia ante la Fiscal\u00eda de Veracruz.. Habr\u00e1 que ver que le dice Ver\u00f3nica Hern\u00e1ndez.. Pero una denuncia NO SERVIR\u00c1 DE NADA.. Si Cuitl\u00e1huac Garc\u00eda como gobernador, \u00abno calma las aguas\u00bb por los problemas entre sus funcionarios y diputados de su partido.. Si no que recuerde qu\u00e9 pas\u00f3 en 2016 en la elecci\u00f3n a gobernador.. H\u00e9ctor Yunes se pelea con Javier Duarte y gana el PAN y Miguel Yunes.. \u00bfAcaso Cuitl\u00e1huac no ve la similitud de su gobierno con el de Duarte?\u2026 DERROTA EN PUERTA.. AMEN\u2026<\/p>\n","protected":false},"excerpt":{"rendered":"<p>Ricardo ChuaSale y ValeEXCLUSIVA.. Alberto Silva Ramos, \u00abEl Cisne\u00bb YA NO SER\u00c1 el dirigente estatal del PVEM en Veracruz.. Este quedar\u00e1 en manos de Edgar Herrera en unas semanas m\u00e1s.. La decisi\u00f3n fue tomada por Manuel Velasco, apenas pase el proceso interno de MORENA y sus \u00abcorcholatas\u00bb Presidenciales.. Se har\u00e1 el cambio de la presidencia [&hellip;]<\/p>\n","protected":false},"author":2,"featured_media":0,"comment_status":"closed","ping_status":"closed","sticky":false,"template":"","format":"standard","meta":{"tdm_status":"","tdm_grid_status":"","footnotes":""},"categories":[70],"tags":[9627,1563,2219,32468,9841,13336,12695,1889,1026,31833,3578,195],"class_list":{"0":"post-110612","1":"post","2":"type-post","3":"status-publish","4":"format-standard","6":"category-de-opinion","7":"tag-claudia-sheinbaum","8":"tag-cuitlahuac-garcia-jimenez","9":"tag-dante-delgado","10":"tag-edgar-herrera","11":"tag-enrique-alfaro","12":"tag-gloria-sanchez","13":"tag-juan-javier-gomez-cazarin","14":"tag-manuel-velasco","15":"tag-morena","16":"tag-ricardo-chua-agama","17":"tag-rocio-nahle","18":"tag-veracruz"},"yoast_head":"<!-- This site is optimized with the Yoast SEO plugin v27.4 - https:\/\/yoast.com\/product\/yoast-seo-wordpress\/ -->\n<title>EL PRIMO, A LA DIRIGENCIA VERDE - Los pol\u00edticos Veracruz<\/title>\n<meta name=\"robots\" content=\"index, follow, max-snippet:-1, max-image-preview:large, max-video-preview:-1\" \/>\n<link rel=\"canonical\" href=\"https:\/\/lospoliticosveracruz.com\/?p=110612\" \/>\n<meta property=\"og:locale\" content=\"es_ES\" \/>\n<meta property=\"og:type\" content=\"article\" \/>\n<meta property=\"og:title\" content=\"EL PRIMO, A LA DIRIGENCIA VERDE - Los pol\u00edticos Veracruz\" \/>\n<meta property=\"og:description\" content=\"Ricardo ChuaSale y ValeEXCLUSIVA.. Alberto Silva Ramos, \u00abEl Cisne\u00bb YA NO SER\u00c1 el dirigente estatal del PVEM en Veracruz.. Este quedar\u00e1 en manos de Edgar Herrera en unas semanas m\u00e1s.. La decisi\u00f3n fue tomada por Manuel Velasco, apenas pase el proceso interno de MORENA y sus \u00abcorcholatas\u00bb Presidenciales.. Se har\u00e1 el cambio de la presidencia [&hellip;]\" \/>\n<meta property=\"og:url\" content=\"https:\/\/lospoliticosveracruz.com\/?p=110612\" \/>\n<meta property=\"og:site_name\" content=\"Los pol\u00edticos Veracruz\" \/>\n<meta property=\"article:publisher\" content=\"https:\/\/www.facebook.com\/people\/Notimemes-de-los-Polticos\/61565672886568\/\" \/>\n<meta property=\"article:published_time\" content=\"2023-08-25T13:46:02+00:00\" \/>\n<meta property=\"article:modified_time\" content=\"2023-08-25T13:46:08+00:00\" \/>\n<meta property=\"og:image\" content=\"https:\/\/lospoliticosveracruz.com\/wp-content\/uploads\/2016\/07\/Logo-Dor.jpg\" \/>\n\t<meta property=\"og:image:width\" content=\"200\" \/>\n\t<meta property=\"og:image:height\" content=\"200\" \/>\n\t<meta property=\"og:image:type\" content=\"image\/jpeg\" \/>\n<meta name=\"author\" content=\"Lo viste en Los Pol\u00edticos\" \/>\n<meta name=\"twitter:card\" content=\"summary_large_image\" \/>\n<meta name=\"twitter:creator\" content=\"@LosPoliticosVer\" \/>\n<meta name=\"twitter:site\" content=\"@LosPoliticosVer\" \/>\n<meta name=\"twitter:label1\" content=\"Escrito por\" \/>\n\t<meta name=\"twitter:data1\" content=\"Lo viste en Los Pol\u00edticos\" \/>\n\t<meta name=\"twitter:label2\" content=\"Tiempo de lectura\" \/>\n\t<meta name=\"twitter:data2\" content=\"5 minutos\" \/>\n<script type=\"application\/ld+json\" class=\"yoast-schema-graph\">{\"@context\":\"https:\\\/\\\/schema.org\",\"@graph\":[{\"@type\":\"Article\",\"@id\":\"https:\\\/\\\/lospoliticosveracruz.com\\\/?p=110612#article\",\"isPartOf\":{\"@id\":\"https:\\\/\\\/lospoliticosveracruz.com\\\/?p=110612\"},\"author\":{\"name\":\"Lo viste en Los Pol\u00edticos\",\"@id\":\"https:\\\/\\\/lospoliticosveracruz.com\\\/#\\\/schema\\\/person\\\/b8702bb0e538456e6efd07080bf2a4a2\"},\"headline\":\"EL PRIMO, A LA DIRIGENCIA VERDE\",\"datePublished\":\"2023-08-25T13:46:02+00:00\",\"dateModified\":\"2023-08-25T13:46:08+00:00\",\"mainEntityOfPage\":{\"@id\":\"https:\\\/\\\/lospoliticosveracruz.com\\\/?p=110612\"},\"wordCount\":953,\"publisher\":{\"@id\":\"https:\\\/\\\/lospoliticosveracruz.com\\\/#organization\"},\"keywords\":[\"Claudia Sheinbaum\",\"Cuitl\u00e1huac Garc\u00eda Jim\u00e9nez\",\"Dante Delgado\",\"Edgar Herrera\",\"Enrique Alfaro\",\"Gloria S\u00e1nchez\",\"Juan Javier G\u00f3mez Cazar\u00edn\",\"Manuel Velasco\",\"Morena\",\"Ricardo Ch\u00faa Agama\",\"Roc\u00edo Nahle\",\"Veracruz\"],\"articleSection\":[\"De Opini\u00f3n\"],\"inLanguage\":\"es\"},{\"@type\":\"WebPage\",\"@id\":\"https:\\\/\\\/lospoliticosveracruz.com\\\/?p=110612\",\"url\":\"https:\\\/\\\/lospoliticosveracruz.com\\\/?p=110612\",\"name\":\"EL PRIMO, A LA DIRIGENCIA VERDE - Los pol\u00edticos Veracruz\",\"isPartOf\":{\"@id\":\"https:\\\/\\\/lospoliticosveracruz.com\\\/#website\"},\"datePublished\":\"2023-08-25T13:46:02+00:00\",\"dateModified\":\"2023-08-25T13:46:08+00:00\",\"breadcrumb\":{\"@id\":\"https:\\\/\\\/lospoliticosveracruz.com\\\/?p=110612#breadcrumb\"},\"inLanguage\":\"es\",\"potentialAction\":[{\"@type\":\"ReadAction\",\"target\":[\"https:\\\/\\\/lospoliticosveracruz.com\\\/?p=110612\"]}]},{\"@type\":\"BreadcrumbList\",\"@id\":\"https:\\\/\\\/lospoliticosveracruz.com\\\/?p=110612#breadcrumb\",\"itemListElement\":[{\"@type\":\"ListItem\",\"position\":1,\"name\":\"Portada\",\"item\":\"https:\\\/\\\/lospoliticosveracruz.com\\\/\"},{\"@type\":\"ListItem\",\"position\":2,\"name\":\"EL PRIMO, A LA DIRIGENCIA VERDE\"}]},{\"@type\":\"WebSite\",\"@id\":\"https:\\\/\\\/lospoliticosveracruz.com\\\/#website\",\"url\":\"https:\\\/\\\/lospoliticosveracruz.com\\\/\",\"name\":\"Los pol\u00edticos Veracruz\",\"description\":\"\",\"publisher\":{\"@id\":\"https:\\\/\\\/lospoliticosveracruz.com\\\/#organization\"},\"potentialAction\":[{\"@type\":\"SearchAction\",\"target\":{\"@type\":\"EntryPoint\",\"urlTemplate\":\"https:\\\/\\\/lospoliticosveracruz.com\\\/?s={search_term_string}\"},\"query-input\":{\"@type\":\"PropertyValueSpecification\",\"valueRequired\":true,\"valueName\":\"search_term_string\"}}],\"inLanguage\":\"es\"},{\"@type\":\"Organization\",\"@id\":\"https:\\\/\\\/lospoliticosveracruz.com\\\/#organization\",\"name\":\"Los pol\u00edticos Veracruz\",\"url\":\"https:\\\/\\\/lospoliticosveracruz.com\\\/\",\"logo\":{\"@type\":\"ImageObject\",\"inLanguage\":\"es\",\"@id\":\"https:\\\/\\\/lospoliticosveracruz.com\\\/#\\\/schema\\\/logo\\\/image\\\/\",\"url\":\"https:\\\/\\\/lospoliticosveracruz.com\\\/wp-content\\\/uploads\\\/2025\\\/12\\\/Logo-Nuevo-LOS-POLITICOS-1.jpg\",\"contentUrl\":\"https:\\\/\\\/lospoliticosveracruz.com\\\/wp-content\\\/uploads\\\/2025\\\/12\\\/Logo-Nuevo-LOS-POLITICOS-1.jpg\",\"width\":260,\"height\":70,\"caption\":\"Los pol\u00edticos Veracruz\"},\"image\":{\"@id\":\"https:\\\/\\\/lospoliticosveracruz.com\\\/#\\\/schema\\\/logo\\\/image\\\/\"},\"sameAs\":[\"https:\\\/\\\/www.facebook.com\\\/people\\\/Notimemes-de-los-Polticos\\\/61565672886568\\\/\",\"https:\\\/\\\/x.com\\\/LosPoliticosVer\"]},{\"@type\":\"Person\",\"@id\":\"https:\\\/\\\/lospoliticosveracruz.com\\\/#\\\/schema\\\/person\\\/b8702bb0e538456e6efd07080bf2a4a2\",\"name\":\"Lo viste en Los Pol\u00edticos\",\"image\":{\"@type\":\"ImageObject\",\"inLanguage\":\"es\",\"@id\":\"https:\\\/\\\/secure.gravatar.com\\\/avatar\\\/3a8de04a2656d44082be478bd6c086daa447c4651605818287b9532d3d0bd435?s=96&d=mm&r=g\",\"url\":\"https:\\\/\\\/secure.gravatar.com\\\/avatar\\\/3a8de04a2656d44082be478bd6c086daa447c4651605818287b9532d3d0bd435?s=96&d=mm&r=g\",\"contentUrl\":\"https:\\\/\\\/secure.gravatar.com\\\/avatar\\\/3a8de04a2656d44082be478bd6c086daa447c4651605818287b9532d3d0bd435?s=96&d=mm&r=g\",\"caption\":\"Lo viste en Los Pol\u00edticos\"},\"url\":\"https:\\\/\\\/lospoliticosveracruz.com\\\/?author=2\"}]}<\/script>\n<!-- \/ Yoast SEO plugin. -->","yoast_head_json":{"title":"EL PRIMO, A LA DIRIGENCIA VERDE - Los pol\u00edticos Veracruz","robots":{"index":"index","follow":"follow","max-snippet":"max-snippet:-1","max-image-preview":"max-image-preview:large","max-video-preview":"max-video-preview:-1"},"canonical":"https:\/\/lospoliticosveracruz.com\/?p=110612","og_locale":"es_ES","og_type":"article","og_title":"EL PRIMO, A LA DIRIGENCIA VERDE - Los pol\u00edticos Veracruz","og_description":"Ricardo ChuaSale y ValeEXCLUSIVA.. Alberto Silva Ramos, \u00abEl Cisne\u00bb YA NO SER\u00c1 el dirigente estatal del PVEM en Veracruz.. Este quedar\u00e1 en manos de Edgar Herrera en unas semanas m\u00e1s.. La decisi\u00f3n fue tomada por Manuel Velasco, apenas pase el proceso interno de MORENA y sus \u00abcorcholatas\u00bb Presidenciales.. Se har\u00e1 el cambio de la presidencia [&hellip;]","og_url":"https:\/\/lospoliticosveracruz.com\/?p=110612","og_site_name":"Los pol\u00edticos Veracruz","article_publisher":"https:\/\/www.facebook.com\/people\/Notimemes-de-los-Polticos\/61565672886568\/","article_published_time":"2023-08-25T13:46:02+00:00","article_modified_time":"2023-08-25T13:46:08+00:00","og_image":[{"width":200,"height":200,"url":"https:\/\/lospoliticosveracruz.com\/wp-content\/uploads\/2016\/07\/Logo-Dor.jpg","type":"image\/jpeg"}],"author":"Lo viste en Los Pol\u00edticos","twitter_card":"summary_large_image","twitter_creator":"@LosPoliticosVer","twitter_site":"@LosPoliticosVer","twitter_misc":{"Escrito por":"Lo viste en Los Pol\u00edticos","Tiempo de lectura":"5 minutos"},"schema":{"@context":"https:\/\/schema.org","@graph":[{"@type":"Article","@id":"https:\/\/lospoliticosveracruz.com\/?p=110612#article","isPartOf":{"@id":"https:\/\/lospoliticosveracruz.com\/?p=110612"},"author":{"name":"Lo viste en Los Pol\u00edticos","@id":"https:\/\/lospoliticosveracruz.com\/#\/schema\/person\/b8702bb0e538456e6efd07080bf2a4a2"},"headline":"EL PRIMO, A LA DIRIGENCIA VERDE","datePublished":"2023-08-25T13:46:02+00:00","dateModified":"2023-08-25T13:46:08+00:00","mainEntityOfPage":{"@id":"https:\/\/lospoliticosveracruz.com\/?p=110612"},"wordCount":953,"publisher":{"@id":"https:\/\/lospoliticosveracruz.com\/#organization"},"keywords":["Claudia Sheinbaum","Cuitl\u00e1huac Garc\u00eda Jim\u00e9nez","Dante Delgado","Edgar Herrera","Enrique Alfaro","Gloria S\u00e1nchez","Juan Javier G\u00f3mez Cazar\u00edn","Manuel Velasco","Morena","Ricardo Ch\u00faa Agama","Roc\u00edo Nahle","Veracruz"],"articleSection":["De Opini\u00f3n"],"inLanguage":"es"},{"@type":"WebPage","@id":"https:\/\/lospoliticosveracruz.com\/?p=110612","url":"https:\/\/lospoliticosveracruz.com\/?p=110612","name":"EL PRIMO, A LA DIRIGENCIA VERDE - Los pol\u00edticos Veracruz","isPartOf":{"@id":"https:\/\/lospoliticosveracruz.com\/#website"},"datePublished":"2023-08-25T13:46:02+00:00","dateModified":"2023-08-25T13:46:08+00:00","breadcrumb":{"@id":"https:\/\/lospoliticosveracruz.com\/?p=110612#breadcrumb"},"inLanguage":"es","potentialAction":[{"@type":"ReadAction","target":["https:\/\/lospoliticosveracruz.com\/?p=110612"]}]},{"@type":"BreadcrumbList","@id":"https:\/\/lospoliticosveracruz.com\/?p=110612#breadcrumb","itemListElement":[{"@type":"ListItem","position":1,"name":"Portada","item":"https:\/\/lospoliticosveracruz.com\/"},{"@type":"ListItem","position":2,"name":"EL PRIMO, A LA DIRIGENCIA VERDE"}]},{"@type":"WebSite","@id":"https:\/\/lospoliticosveracruz.com\/#website","url":"https:\/\/lospoliticosveracruz.com\/","name":"Los pol\u00edticos Veracruz","description":"","publisher":{"@id":"https:\/\/lospoliticosveracruz.com\/#organization"},"potentialAction":[{"@type":"SearchAction","target":{"@type":"EntryPoint","urlTemplate":"https:\/\/lospoliticosveracruz.com\/?s={search_term_string}"},"query-input":{"@type":"PropertyValueSpecification","valueRequired":true,"valueName":"search_term_string"}}],"inLanguage":"es"},{"@type":"Organization","@id":"https:\/\/lospoliticosveracruz.com\/#organization","name":"Los pol\u00edticos Veracruz","url":"https:\/\/lospoliticosveracruz.com\/","logo":{"@type":"ImageObject","inLanguage":"es","@id":"https:\/\/lospoliticosveracruz.com\/#\/schema\/logo\/image\/","url":"https:\/\/lospoliticosveracruz.com\/wp-content\/uploads\/2025\/12\/Logo-Nuevo-LOS-POLITICOS-1.jpg","contentUrl":"https:\/\/lospoliticosveracruz.com\/wp-content\/uploads\/2025\/12\/Logo-Nuevo-LOS-POLITICOS-1.jpg","width":260,"height":70,"caption":"Los pol\u00edticos Veracruz"},"image":{"@id":"https:\/\/lospoliticosveracruz.com\/#\/schema\/logo\/image\/"},"sameAs":["https:\/\/www.facebook.com\/people\/Notimemes-de-los-Polticos\/61565672886568\/","https:\/\/x.com\/LosPoliticosVer"]},{"@type":"Person","@id":"https:\/\/lospoliticosveracruz.com\/#\/schema\/person\/b8702bb0e538456e6efd07080bf2a4a2","name":"Lo viste en Los Pol\u00edticos","image":{"@type":"ImageObject","inLanguage":"es","@id":"https:\/\/secure.gravatar.com\/avatar\/3a8de04a2656d44082be478bd6c086daa447c4651605818287b9532d3d0bd435?s=96&d=mm&r=g","url":"https:\/\/secure.gravatar.com\/avatar\/3a8de04a2656d44082be478bd6c086daa447c4651605818287b9532d3d0bd435?s=96&d=mm&r=g","contentUrl":"https:\/\/secure.gravatar.com\/avatar\/3a8de04a2656d44082be478bd6c086daa447c4651605818287b9532d3d0bd435?s=96&d=mm&r=g","caption":"Lo viste en Los Pol\u00edticos"},"url":"https:\/\/lospoliticosveracruz.com\/?author=2"}]}},"_links":{"self":[{"href":"https:\/\/lospoliticosveracruz.com\/index.php?rest_route=\/wp\/v2\/posts\/110612","targetHints":{"allow":["GET"]}}],"collection":[{"href":"https:\/\/lospoliticosveracruz.com\/index.php?rest_route=\/wp\/v2\/posts"}],"about":[{"href":"https:\/\/lospoliticosveracruz.com\/index.php?rest_route=\/wp\/v2\/types\/post"}],"author":[{"embeddable":true,"href":"https:\/\/lospoliticosveracruz.com\/index.php?rest_route=\/wp\/v2\/users\/2"}],"replies":[{"embeddable":true,"href":"https:\/\/lospoliticosveracruz.com\/index.php?rest_route=%2Fwp%2Fv2%2Fcomments&post=110612"}],"version-history":[{"count":1,"href":"https:\/\/lospoliticosveracruz.com\/index.php?rest_route=\/wp\/v2\/posts\/110612\/revisions"}],"predecessor-version":[{"id":110614,"href":"https:\/\/lospoliticosveracruz.com\/index.php?rest_route=\/wp\/v2\/posts\/110612\/revisions\/110614"}],"wp:attachment":[{"href":"https:\/\/lospoliticosveracruz.com\/index.php?rest_route=%2Fwp%2Fv2%2Fmedia&parent=110612"}],"wp:term":[{"taxonomy":"category","embeddable":true,"href":"https:\/\/lospoliticosveracruz.com\/index.php?rest_route=%2Fwp%2Fv2%2Fcategories&post=110612"},{"taxonomy":"post_tag","embeddable":true,"href":"https:\/\/lospoliticosveracruz.com\/index.php?rest_route=%2Fwp%2Fv2%2Ftags&post=110612"}],"curies":[{"name":"wp","href":"https:\/\/api.w.org\/{rel}","templated":true}]}}