{"id":110671,"date":"2023-08-26T20:12:47","date_gmt":"2023-08-27T01:12:47","guid":{"rendered":"https:\/\/lospoliticosveracruz.com.mx\/?p=110671"},"modified":"2023-08-26T20:12:52","modified_gmt":"2023-08-27T01:12:52","slug":"2024-democracia-o-autoritarismo","status":"publish","type":"post","link":"https:\/\/lospoliticosveracruz.com\/?p=110671","title":{"rendered":"2024: DEMOCRACIA O AUTORITARISMO"},"content":{"rendered":"\n<p><\/p>\n\n\n\n<p>Esta ma\u00f1ana concluy\u00f3 el ciclo de foros de di\u00e1logos ciudadanos entre las dos finalistas a ser la persona que sea responsable de la construcci\u00f3n del Frente Amplio por M\u00e9xico. En entrevista al culminar este ejercicio deliberativo en donde participaron X\u00f3chitl G\u00e1lvez y Beatriz Paredes, la diputada Lorena Pi\u00f1\u00f3n Rivera refiri\u00f3 que \u201ceste bloque integrado por los partidos pol\u00edticos PRI, PAN y PRD, en una alianza renovada con agrupaciones provenientes de la sociedad civil, tiene ahora la oportunidad de elegir entre dos mujeres excepcionales, con una gran trayectoria como servidoras p\u00fablicas y reconocidas por la emoci\u00f3n social con la que se han desempe\u00f1ado tanto en el rubro parlamentario como en el gubernamental. Coincido con mi presidente Alito Moreno, en la competencia pol\u00edtica todos ganamos porque se toma el voto de los simpatizantes de los 3 partidos y de todas las personas sin militancia pero que nos ven como la opci\u00f3n para acabar con el autoritarismo de Morena\u201d.<\/p>\n\n\n\n<p>En su exposici\u00f3n de ideas, X\u00f3chitl G\u00e1lvez calific\u00f3 como \u201ctremendo\u201d que hayan tenido que pasar 202 a\u00f1os para que una mujer pudiera aspirar a la presidencia de la Rep\u00fablica, sin embargo, se dijo segura que ser\u00e1 del Frente Amplio M\u00e9xico, porque todos los partidos de oposici\u00f3n se han ubicado del lado de la historia y las mujeres est\u00e1n punto de llegar a la m\u00e1xima posici\u00f3n para cambiar a M\u00e9xico.<\/p>\n\n\n\n<p>En su oportunidad, Beatriz Paredes consider\u00f3 que deben recuperarse los espacios p\u00fablicos para las mujeres, a fin de que exista certidumbre de que se puede transitar de manera segura, sin acoso, sin violencia. Tras citar al poeta Alejandro Merino, expres\u00f3: \u201cel horror de cerrar los o\u00eddos ante la muerte y violencia es inmoral e imperdonable, es indispensable actuar para apoyar a las mujeres en todos sus entornos y contra la impunidad\u201d.<\/p>\n\n\n\n<p>Para finalizar, la diputada Pi\u00f1\u00f3n afirm\u00f3: \u201clos dirigentes nacionales de los partidos pol\u00edticos, los participantes de este proceso y amplias expresiones de la sociedad civil piden que prevalezca la unidad. Tengo claro que la unidad se consolida en la competencia pol\u00edtica leal de dos mujeres excepcionales como lo son X\u00f3chitl y Beatriz\u201d.<\/p>\n\n\n\n<p><\/p>\n","protected":false},"excerpt":{"rendered":"<p>Esta ma\u00f1ana concluy\u00f3 el ciclo de foros de di\u00e1logos ciudadanos entre las dos finalistas a ser la persona que sea responsable de la construcci\u00f3n del Frente Amplio por M\u00e9xico. En entrevista al culminar este ejercicio deliberativo en donde participaron X\u00f3chitl G\u00e1lvez y Beatriz Paredes, la diputada Lorena Pi\u00f1\u00f3n Rivera refiri\u00f3 que \u201ceste bloque integrado por [&hellip;]<\/p>\n","protected":false},"author":2,"featured_media":0,"comment_status":"closed","ping_status":"closed","sticky":false,"template":"","format":"standard","meta":{"tdm_status":"","tdm_grid_status":"","footnotes":""},"categories":[73],"tags":[1375,38524,4770,266,251,17531],"class_list":{"0":"post-110671","1":"post","2":"type-post","3":"status-publish","4":"format-standard","6":"category-de-boleto","7":"tag-beatriz-paredes-rangel","8":"tag-frente-amplio-por-mexico","9":"tag-lorena-pinon-rivera","10":"tag-pan","11":"tag-pri","12":"tag-xochitl-galvez"},"yoast_head":"<!-- This site is optimized with the Yoast SEO plugin v27.4 - https:\/\/yoast.com\/product\/yoast-seo-wordpress\/ -->\n<title>2024: DEMOCRACIA O AUTORITARISMO - Los pol\u00edticos Veracruz<\/title>\n<meta name=\"robots\" content=\"index, follow, max-snippet:-1, max-image-preview:large, max-video-preview:-1\" \/>\n<link rel=\"canonical\" href=\"https:\/\/lospoliticosveracruz.com\/?p=110671\" \/>\n<meta property=\"og:locale\" content=\"es_ES\" \/>\n<meta property=\"og:type\" content=\"article\" \/>\n<meta property=\"og:title\" content=\"2024: DEMOCRACIA O AUTORITARISMO - Los pol\u00edticos Veracruz\" \/>\n<meta property=\"og:description\" content=\"Esta ma\u00f1ana concluy\u00f3 el ciclo de foros de di\u00e1logos ciudadanos entre las dos finalistas a ser la persona que sea responsable de la construcci\u00f3n del Frente Amplio por M\u00e9xico. En entrevista al culminar este ejercicio deliberativo en donde participaron X\u00f3chitl G\u00e1lvez y Beatriz Paredes, la diputada Lorena Pi\u00f1\u00f3n Rivera refiri\u00f3 que \u201ceste bloque integrado por [&hellip;]\" \/>\n<meta property=\"og:url\" content=\"https:\/\/lospoliticosveracruz.com\/?p=110671\" \/>\n<meta property=\"og:site_name\" content=\"Los pol\u00edticos Veracruz\" \/>\n<meta property=\"article:publisher\" content=\"https:\/\/www.facebook.com\/people\/Notimemes-de-los-Polticos\/61565672886568\/\" \/>\n<meta property=\"article:published_time\" content=\"2023-08-27T01:12:47+00:00\" \/>\n<meta property=\"article:modified_time\" content=\"2023-08-27T01:12:52+00:00\" \/>\n<meta property=\"og:image\" content=\"https:\/\/lospoliticosveracruz.com\/wp-content\/uploads\/2016\/07\/Logo-Dor.jpg\" \/>\n\t<meta property=\"og:image:width\" content=\"200\" \/>\n\t<meta property=\"og:image:height\" content=\"200\" \/>\n\t<meta property=\"og:image:type\" content=\"image\/jpeg\" \/>\n<meta name=\"author\" content=\"Lo viste en Los Pol\u00edticos\" \/>\n<meta name=\"twitter:card\" content=\"summary_large_image\" \/>\n<meta name=\"twitter:creator\" content=\"@LosPoliticosVer\" \/>\n<meta name=\"twitter:site\" content=\"@LosPoliticosVer\" \/>\n<meta name=\"twitter:label1\" content=\"Escrito por\" \/>\n\t<meta name=\"twitter:data1\" content=\"Lo viste en Los Pol\u00edticos\" \/>\n\t<meta name=\"twitter:label2\" content=\"Tiempo de lectura\" \/>\n\t<meta name=\"twitter:data2\" content=\"2 minutos\" \/>\n<script type=\"application\/ld+json\" class=\"yoast-schema-graph\">{\"@context\":\"https:\\\/\\\/schema.org\",\"@graph\":[{\"@type\":\"Article\",\"@id\":\"https:\\\/\\\/lospoliticosveracruz.com\\\/?p=110671#article\",\"isPartOf\":{\"@id\":\"https:\\\/\\\/lospoliticosveracruz.com\\\/?p=110671\"},\"author\":{\"name\":\"Lo viste en Los Pol\u00edticos\",\"@id\":\"https:\\\/\\\/lospoliticosveracruz.com\\\/#\\\/schema\\\/person\\\/b8702bb0e538456e6efd07080bf2a4a2\"},\"headline\":\"2024: DEMOCRACIA O AUTORITARISMO\",\"datePublished\":\"2023-08-27T01:12:47+00:00\",\"dateModified\":\"2023-08-27T01:12:52+00:00\",\"mainEntityOfPage\":{\"@id\":\"https:\\\/\\\/lospoliticosveracruz.com\\\/?p=110671\"},\"wordCount\":379,\"publisher\":{\"@id\":\"https:\\\/\\\/lospoliticosveracruz.com\\\/#organization\"},\"keywords\":[\"Beatriz Paredes Rangel\",\"Frente Amplio por M\u00e9xico\",\"Lorena Pi\u00f1\u00f3n Rivera\",\"PAN\",\"PRI\",\"X\u00f3chitl G\u00e1lvez\"],\"articleSection\":[\"De Boleto\"],\"inLanguage\":\"es\"},{\"@type\":\"WebPage\",\"@id\":\"https:\\\/\\\/lospoliticosveracruz.com\\\/?p=110671\",\"url\":\"https:\\\/\\\/lospoliticosveracruz.com\\\/?p=110671\",\"name\":\"2024: DEMOCRACIA O AUTORITARISMO - Los pol\u00edticos Veracruz\",\"isPartOf\":{\"@id\":\"https:\\\/\\\/lospoliticosveracruz.com\\\/#website\"},\"datePublished\":\"2023-08-27T01:12:47+00:00\",\"dateModified\":\"2023-08-27T01:12:52+00:00\",\"breadcrumb\":{\"@id\":\"https:\\\/\\\/lospoliticosveracruz.com\\\/?p=110671#breadcrumb\"},\"inLanguage\":\"es\",\"potentialAction\":[{\"@type\":\"ReadAction\",\"target\":[\"https:\\\/\\\/lospoliticosveracruz.com\\\/?p=110671\"]}]},{\"@type\":\"BreadcrumbList\",\"@id\":\"https:\\\/\\\/lospoliticosveracruz.com\\\/?p=110671#breadcrumb\",\"itemListElement\":[{\"@type\":\"ListItem\",\"position\":1,\"name\":\"Portada\",\"item\":\"https:\\\/\\\/lospoliticosveracruz.com\\\/\"},{\"@type\":\"ListItem\",\"position\":2,\"name\":\"2024: DEMOCRACIA O AUTORITARISMO\"}]},{\"@type\":\"WebSite\",\"@id\":\"https:\\\/\\\/lospoliticosveracruz.com\\\/#website\",\"url\":\"https:\\\/\\\/lospoliticosveracruz.com\\\/\",\"name\":\"Los pol\u00edticos Veracruz\",\"description\":\"\",\"publisher\":{\"@id\":\"https:\\\/\\\/lospoliticosveracruz.com\\\/#organization\"},\"potentialAction\":[{\"@type\":\"SearchAction\",\"target\":{\"@type\":\"EntryPoint\",\"urlTemplate\":\"https:\\\/\\\/lospoliticosveracruz.com\\\/?s={search_term_string}\"},\"query-input\":{\"@type\":\"PropertyValueSpecification\",\"valueRequired\":true,\"valueName\":\"search_term_string\"}}],\"inLanguage\":\"es\"},{\"@type\":\"Organization\",\"@id\":\"https:\\\/\\\/lospoliticosveracruz.com\\\/#organization\",\"name\":\"Los pol\u00edticos Veracruz\",\"url\":\"https:\\\/\\\/lospoliticosveracruz.com\\\/\",\"logo\":{\"@type\":\"ImageObject\",\"inLanguage\":\"es\",\"@id\":\"https:\\\/\\\/lospoliticosveracruz.com\\\/#\\\/schema\\\/logo\\\/image\\\/\",\"url\":\"https:\\\/\\\/lospoliticosveracruz.com\\\/wp-content\\\/uploads\\\/2025\\\/12\\\/Logo-Nuevo-LOS-POLITICOS-1.jpg\",\"contentUrl\":\"https:\\\/\\\/lospoliticosveracruz.com\\\/wp-content\\\/uploads\\\/2025\\\/12\\\/Logo-Nuevo-LOS-POLITICOS-1.jpg\",\"width\":260,\"height\":70,\"caption\":\"Los pol\u00edticos Veracruz\"},\"image\":{\"@id\":\"https:\\\/\\\/lospoliticosveracruz.com\\\/#\\\/schema\\\/logo\\\/image\\\/\"},\"sameAs\":[\"https:\\\/\\\/www.facebook.com\\\/people\\\/Notimemes-de-los-Polticos\\\/61565672886568\\\/\",\"https:\\\/\\\/x.com\\\/LosPoliticosVer\"]},{\"@type\":\"Person\",\"@id\":\"https:\\\/\\\/lospoliticosveracruz.com\\\/#\\\/schema\\\/person\\\/b8702bb0e538456e6efd07080bf2a4a2\",\"name\":\"Lo viste en Los Pol\u00edticos\",\"image\":{\"@type\":\"ImageObject\",\"inLanguage\":\"es\",\"@id\":\"https:\\\/\\\/secure.gravatar.com\\\/avatar\\\/3a8de04a2656d44082be478bd6c086daa447c4651605818287b9532d3d0bd435?s=96&d=mm&r=g\",\"url\":\"https:\\\/\\\/secure.gravatar.com\\\/avatar\\\/3a8de04a2656d44082be478bd6c086daa447c4651605818287b9532d3d0bd435?s=96&d=mm&r=g\",\"contentUrl\":\"https:\\\/\\\/secure.gravatar.com\\\/avatar\\\/3a8de04a2656d44082be478bd6c086daa447c4651605818287b9532d3d0bd435?s=96&d=mm&r=g\",\"caption\":\"Lo viste en Los Pol\u00edticos\"},\"url\":\"https:\\\/\\\/lospoliticosveracruz.com\\\/?author=2\"}]}<\/script>\n<!-- \/ Yoast SEO plugin. -->","yoast_head_json":{"title":"2024: DEMOCRACIA O AUTORITARISMO - Los pol\u00edticos Veracruz","robots":{"index":"index","follow":"follow","max-snippet":"max-snippet:-1","max-image-preview":"max-image-preview:large","max-video-preview":"max-video-preview:-1"},"canonical":"https:\/\/lospoliticosveracruz.com\/?p=110671","og_locale":"es_ES","og_type":"article","og_title":"2024: DEMOCRACIA O AUTORITARISMO - Los pol\u00edticos Veracruz","og_description":"Esta ma\u00f1ana concluy\u00f3 el ciclo de foros de di\u00e1logos ciudadanos entre las dos finalistas a ser la persona que sea responsable de la construcci\u00f3n del Frente Amplio por M\u00e9xico. En entrevista al culminar este ejercicio deliberativo en donde participaron X\u00f3chitl G\u00e1lvez y Beatriz Paredes, la diputada Lorena Pi\u00f1\u00f3n Rivera refiri\u00f3 que \u201ceste bloque integrado por [&hellip;]","og_url":"https:\/\/lospoliticosveracruz.com\/?p=110671","og_site_name":"Los pol\u00edticos Veracruz","article_publisher":"https:\/\/www.facebook.com\/people\/Notimemes-de-los-Polticos\/61565672886568\/","article_published_time":"2023-08-27T01:12:47+00:00","article_modified_time":"2023-08-27T01:12:52+00:00","og_image":[{"width":200,"height":200,"url":"https:\/\/lospoliticosveracruz.com\/wp-content\/uploads\/2016\/07\/Logo-Dor.jpg","type":"image\/jpeg"}],"author":"Lo viste en Los Pol\u00edticos","twitter_card":"summary_large_image","twitter_creator":"@LosPoliticosVer","twitter_site":"@LosPoliticosVer","twitter_misc":{"Escrito por":"Lo viste en Los Pol\u00edticos","Tiempo de lectura":"2 minutos"},"schema":{"@context":"https:\/\/schema.org","@graph":[{"@type":"Article","@id":"https:\/\/lospoliticosveracruz.com\/?p=110671#article","isPartOf":{"@id":"https:\/\/lospoliticosveracruz.com\/?p=110671"},"author":{"name":"Lo viste en Los Pol\u00edticos","@id":"https:\/\/lospoliticosveracruz.com\/#\/schema\/person\/b8702bb0e538456e6efd07080bf2a4a2"},"headline":"2024: DEMOCRACIA O AUTORITARISMO","datePublished":"2023-08-27T01:12:47+00:00","dateModified":"2023-08-27T01:12:52+00:00","mainEntityOfPage":{"@id":"https:\/\/lospoliticosveracruz.com\/?p=110671"},"wordCount":379,"publisher":{"@id":"https:\/\/lospoliticosveracruz.com\/#organization"},"keywords":["Beatriz Paredes Rangel","Frente Amplio por M\u00e9xico","Lorena Pi\u00f1\u00f3n Rivera","PAN","PRI","X\u00f3chitl G\u00e1lvez"],"articleSection":["De Boleto"],"inLanguage":"es"},{"@type":"WebPage","@id":"https:\/\/lospoliticosveracruz.com\/?p=110671","url":"https:\/\/lospoliticosveracruz.com\/?p=110671","name":"2024: DEMOCRACIA O AUTORITARISMO - Los pol\u00edticos Veracruz","isPartOf":{"@id":"https:\/\/lospoliticosveracruz.com\/#website"},"datePublished":"2023-08-27T01:12:47+00:00","dateModified":"2023-08-27T01:12:52+00:00","breadcrumb":{"@id":"https:\/\/lospoliticosveracruz.com\/?p=110671#breadcrumb"},"inLanguage":"es","potentialAction":[{"@type":"ReadAction","target":["https:\/\/lospoliticosveracruz.com\/?p=110671"]}]},{"@type":"BreadcrumbList","@id":"https:\/\/lospoliticosveracruz.com\/?p=110671#breadcrumb","itemListElement":[{"@type":"ListItem","position":1,"name":"Portada","item":"https:\/\/lospoliticosveracruz.com\/"},{"@type":"ListItem","position":2,"name":"2024: DEMOCRACIA O AUTORITARISMO"}]},{"@type":"WebSite","@id":"https:\/\/lospoliticosveracruz.com\/#website","url":"https:\/\/lospoliticosveracruz.com\/","name":"Los pol\u00edticos Veracruz","description":"","publisher":{"@id":"https:\/\/lospoliticosveracruz.com\/#organization"},"potentialAction":[{"@type":"SearchAction","target":{"@type":"EntryPoint","urlTemplate":"https:\/\/lospoliticosveracruz.com\/?s={search_term_string}"},"query-input":{"@type":"PropertyValueSpecification","valueRequired":true,"valueName":"search_term_string"}}],"inLanguage":"es"},{"@type":"Organization","@id":"https:\/\/lospoliticosveracruz.com\/#organization","name":"Los pol\u00edticos Veracruz","url":"https:\/\/lospoliticosveracruz.com\/","logo":{"@type":"ImageObject","inLanguage":"es","@id":"https:\/\/lospoliticosveracruz.com\/#\/schema\/logo\/image\/","url":"https:\/\/lospoliticosveracruz.com\/wp-content\/uploads\/2025\/12\/Logo-Nuevo-LOS-POLITICOS-1.jpg","contentUrl":"https:\/\/lospoliticosveracruz.com\/wp-content\/uploads\/2025\/12\/Logo-Nuevo-LOS-POLITICOS-1.jpg","width":260,"height":70,"caption":"Los pol\u00edticos Veracruz"},"image":{"@id":"https:\/\/lospoliticosveracruz.com\/#\/schema\/logo\/image\/"},"sameAs":["https:\/\/www.facebook.com\/people\/Notimemes-de-los-Polticos\/61565672886568\/","https:\/\/x.com\/LosPoliticosVer"]},{"@type":"Person","@id":"https:\/\/lospoliticosveracruz.com\/#\/schema\/person\/b8702bb0e538456e6efd07080bf2a4a2","name":"Lo viste en Los Pol\u00edticos","image":{"@type":"ImageObject","inLanguage":"es","@id":"https:\/\/secure.gravatar.com\/avatar\/3a8de04a2656d44082be478bd6c086daa447c4651605818287b9532d3d0bd435?s=96&d=mm&r=g","url":"https:\/\/secure.gravatar.com\/avatar\/3a8de04a2656d44082be478bd6c086daa447c4651605818287b9532d3d0bd435?s=96&d=mm&r=g","contentUrl":"https:\/\/secure.gravatar.com\/avatar\/3a8de04a2656d44082be478bd6c086daa447c4651605818287b9532d3d0bd435?s=96&d=mm&r=g","caption":"Lo viste en Los Pol\u00edticos"},"url":"https:\/\/lospoliticosveracruz.com\/?author=2"}]}},"_links":{"self":[{"href":"https:\/\/lospoliticosveracruz.com\/index.php?rest_route=\/wp\/v2\/posts\/110671","targetHints":{"allow":["GET"]}}],"collection":[{"href":"https:\/\/lospoliticosveracruz.com\/index.php?rest_route=\/wp\/v2\/posts"}],"about":[{"href":"https:\/\/lospoliticosveracruz.com\/index.php?rest_route=\/wp\/v2\/types\/post"}],"author":[{"embeddable":true,"href":"https:\/\/lospoliticosveracruz.com\/index.php?rest_route=\/wp\/v2\/users\/2"}],"replies":[{"embeddable":true,"href":"https:\/\/lospoliticosveracruz.com\/index.php?rest_route=%2Fwp%2Fv2%2Fcomments&post=110671"}],"version-history":[{"count":1,"href":"https:\/\/lospoliticosveracruz.com\/index.php?rest_route=\/wp\/v2\/posts\/110671\/revisions"}],"predecessor-version":[{"id":110673,"href":"https:\/\/lospoliticosveracruz.com\/index.php?rest_route=\/wp\/v2\/posts\/110671\/revisions\/110673"}],"wp:attachment":[{"href":"https:\/\/lospoliticosveracruz.com\/index.php?rest_route=%2Fwp%2Fv2%2Fmedia&parent=110671"}],"wp:term":[{"taxonomy":"category","embeddable":true,"href":"https:\/\/lospoliticosveracruz.com\/index.php?rest_route=%2Fwp%2Fv2%2Fcategories&post=110671"},{"taxonomy":"post_tag","embeddable":true,"href":"https:\/\/lospoliticosveracruz.com\/index.php?rest_route=%2Fwp%2Fv2%2Ftags&post=110671"}],"curies":[{"name":"wp","href":"https:\/\/api.w.org\/{rel}","templated":true}]}}