{"id":110674,"date":"2023-08-27T07:13:38","date_gmt":"2023-08-27T12:13:38","guid":{"rendered":"https:\/\/lospoliticosveracruz.com.mx\/?p=110674"},"modified":"2023-08-27T07:13:43","modified_gmt":"2023-08-27T12:13:43","slug":"cadena-pluri","status":"publish","type":"post","link":"https:\/\/lospoliticosveracruz.com\/?p=110674","title":{"rendered":"CADENA, PLURI"},"content":{"rendered":"\n<p><strong>Ricardo Chua<\/strong><\/p>\n\n\n\n<p><em>Sale y Vale<\/em><\/p>\n\n\n\n<p>EXCLUSIVA.. El PRD postular\u00e1 en el Frente Amplio Opositor en Veracruz como uno de sus diputados locales \u00abpluris\u00bb al dirigente estatal de este partido, Sergio Cadena Mart\u00ednez.. Este personaje tambi\u00e9n ser\u00e1 el coordinador de la pr\u00f3xima bancada perredista en el Congreso Local.. Se espera que con la votaci\u00f3n que tenga en Veracruz, con esa alianza opositora el PRD en la entidad logre, al menos, 5 a 6 diputados locales.. Una fuerte bancada y que est\u00e1 vez, sus legisladores no los traicionen con MORENA.. AMEN..<\/p>\n\n\n\n<p>MOVIMIENTO CIUDADANO, LA HISTORIA DETR\u00c1S DEL PLEITO.. Seg\u00fan la Organizaci\u00f3n \u00abSociedad Civil M\u00e9xico\u00bb la disputa p\u00fablica entre el gobernador de Jalisco, Enrique Alfaro, la dirigencia nacional de Movimiento Ciudadano y el senador, Dante Delgado.. Tiene sus \u00absaldos rojos\u00bb para este partido pol\u00edtico.. Ya que hacen una an\u00e1lisis donde se dimensionan el \u00abrompimiento\u00bb del grupo Jalisco con MC, van algunos datos: En 2021, MC gan\u00f3 solamente 7 de los 300 distritos del pa\u00eds, y todos ellos en Jalisco, en el resto de M\u00e9xico no gan\u00f3 ninguno\u2026<\/p>\n\n\n\n<p>Adem\u00e1s de que el estado de Jalisco, fue la \u00fanica entidad, donde la votaci\u00f3n por Movimiento Ciudadano super\u00f3 el 30 por ciento (el estado que le sigue no supera el 20 por ciento) y tambi\u00e9n fue el \u00fanico estado, donde su votaci\u00f3n super\u00f3 a las dos Alianzas: MORENA-PT-PV y PAN-PRI-PRD\u2026 Ahora con esta \u00abruptura\u00bb al interior de este organismo pol\u00edtico, el panorama para ellos en 2024, se ve completamente distinto.. Pierden la mitad de su fuerza..<\/p>\n\n\n\n<p>Tambi\u00e9n es una realidad que Jalisco, no solo es el estado donde m\u00e1s votos le dieron a Movimiento Ciudadano\u2026 Sino que esos sufragios, al menos, superan a todos los que le dieron 23 entidades para ese partido (y supera por m\u00e1s del doble al Estado que le sigue, es decir, Nuevo L\u00e9on de Samuel Garc\u00eda).. De los 32 congresos estatales, el \u00fanico donde MC tiene la mayor\u00eda es Jalisco.. De este tama\u00f1o, es el cisma que se vivi\u00f3 esta semana en MC y as\u00ed su importancia en la contienda rumbo al 2024.. SIN PALABRAS.. AMEN..<\/p>\n\n\n\n<p>EBRARD, EL \u00daLTIMO \u00abJAL\u00d3N\u00bb.. De los hechos de la disputa interna en MORENA por la candidatura Presidencial del 2024.. Entre Claudia Sheinbaum y Marcelo Ebrard, la \u00ablectura\u201d es muy sencilla.. \u00abMarchello\u00bb ya se dio cuenta que no va a ganar.. Pero est\u00e1 \u00abapretando\u00bb a Sheinbaum.. Se ha emberrinchado y se pone \u00abverde\u00bb para negociar m\u00e1s lo que ya tiene\u2026 Es decir, ya no lo pueden \u00abcalmar\u00bb con un espacio para el Senado.. Ese ya se lo gan\u00f3 porque est\u00e1 participando en esta contienda de las \u00abcorcholatas\u00bb.. VA POR M\u00c1S..<\/p>\n\n\n\n<p>As\u00ed que Marcelo aplica bien la \u00abpol\u00edtica ficci\u00f3n\u00bb para \u00abacalambrar\u00bb a Claudia.. Ya que sabe que su partido de \u00absalvaci\u00f3n\u00bb, ya se \u00abquebr\u00f3\u00bb como era Movimiento Ciudadano.. Ahora s\u00f3lo est\u00e1 ah\u00ed s\u00f3lo \u201capretado\u201d para que le den m\u00e1s. Quiz\u00e1s Ebrard puso en su mira a la Secretar\u00eda de Gobernaci\u00f3n o la dirigencia nacional del partido MORENA, para \u00e9l y los suyos, \u00e9l sabe que si se puede.. Quiz\u00e1s por eso se dice que ocupa ya un acuerdo con Ricardo Monreal para \u00abapretar\u00bb el tema y quitarle m\u00e1s espacios a Claudia..<\/p>\n\n\n\n<p>Lo que es un hecho\u2026 Es que Marcelo NO SE VA de MORENA.. No tiene los \u201cTAMA\u00d1OS\u201d para ponerse en contra de Andr\u00e9s Manuel L\u00f3pez Obrador en este momento.. Si no lo hizo hace un mes, ya ahora es casi imposible que diga: \u00abMe voy\u00bb.. La aparici\u00f3n en la escena pol\u00edtica de X\u00f3chitl Galv\u00e9z, le quit\u00f3 esa posibilidad de ser candidato de una alianza opositora y el partido de Dante Delgado, ahora, no le puede ofrecer nada porque ya no es un activo, desde que Enrique Alfaro se separ\u00f3 de Movimiento Ciudadano\u2026<\/p>\n\n\n\n<p>As\u00ed que Marcelo Ebrard solo est\u00e1 peleando por m\u00e1s espacios, es el \u00fanico fin de la disputa con Claudia.. Sabe que es una candidata d\u00e9bil pero le va tener que ceder m\u00e1s espacios porque si aplica la pol\u00edtica de \u00abmanos ca\u00eddas\u00bb, la sorpresa para MORENA puede ser mayor.. Pero todo esto lo hace el ex canciller mexicano porque sabe que casi todos los gobernadores de MORENA est\u00e1n con Sheinbaum: Cuitlahuac, Delfina, Salomon, Evelyn, Layda, Rutilio hasta Samuel Garc\u00eda est\u00e1n con ella..<\/p>\n\n\n\n<p>Marcelo que es un pol\u00edtico inteligente (y que aprendi\u00f3 bien del PRI) sabe bien.. Que un aspirante oficial, sin apoyos de los gobernadores de su partido, no puede ganar una contienda interna.. Y son pocos los mandatarios al interior que est\u00e1n con Ebrard.. Pero lo que s\u00ed puede hacer es \u00abapretar\u00bb y quitarle la Secretar\u00eda de Gobernaci\u00f3n, el partido MORENA y una que otra secretaria a Claudia.. Esta tiene que ceder esos espacios y as\u00ed ser\u00e1.. Todos felices y contentos.. Es la REAL POLITIK.. AMEN un<\/p>\n","protected":false},"excerpt":{"rendered":"<p>Ricardo Chua Sale y Vale EXCLUSIVA.. El PRD postular\u00e1 en el Frente Amplio Opositor en Veracruz como uno de sus diputados locales \u00abpluris\u00bb al dirigente estatal de este partido, Sergio Cadena Mart\u00ednez.. Este personaje tambi\u00e9n ser\u00e1 el coordinador de la pr\u00f3xima bancada perredista en el Congreso Local.. Se espera que con la votaci\u00f3n que tenga [&hellip;]<\/p>\n","protected":false},"author":2,"featured_media":0,"comment_status":"closed","ping_status":"closed","sticky":false,"template":"","format":"standard","meta":{"tdm_status":"","tdm_grid_status":"","footnotes":""},"categories":[70],"tags":[9627,1006,9841,3815,14703,1026,2327,107,7887,195],"class_list":{"0":"post-110674","1":"post","2":"type-post","3":"status-publish","4":"format-standard","6":"category-de-opinion","7":"tag-claudia-sheinbaum","8":"tag-dante-delgado-rannauro","9":"tag-enrique-alfaro","10":"tag-jalisco","11":"tag-marcelo-ebrard","12":"tag-morena","13":"tag-movimiento-ciudadano","14":"tag-prd","15":"tag-sergio-cadena-martinez","16":"tag-veracruz"},"yoast_head":"<!-- This site is optimized with the Yoast SEO plugin v27.4 - https:\/\/yoast.com\/product\/yoast-seo-wordpress\/ -->\n<title>CADENA, PLURI - Los pol\u00edticos Veracruz<\/title>\n<meta name=\"robots\" content=\"index, follow, max-snippet:-1, max-image-preview:large, max-video-preview:-1\" \/>\n<link rel=\"canonical\" href=\"https:\/\/lospoliticosveracruz.com\/?p=110674\" \/>\n<meta property=\"og:locale\" content=\"es_ES\" \/>\n<meta property=\"og:type\" content=\"article\" \/>\n<meta property=\"og:title\" content=\"CADENA, PLURI - Los pol\u00edticos Veracruz\" \/>\n<meta property=\"og:description\" content=\"Ricardo Chua Sale y Vale EXCLUSIVA.. El PRD postular\u00e1 en el Frente Amplio Opositor en Veracruz como uno de sus diputados locales \u00abpluris\u00bb al dirigente estatal de este partido, Sergio Cadena Mart\u00ednez.. Este personaje tambi\u00e9n ser\u00e1 el coordinador de la pr\u00f3xima bancada perredista en el Congreso Local.. Se espera que con la votaci\u00f3n que tenga [&hellip;]\" \/>\n<meta property=\"og:url\" content=\"https:\/\/lospoliticosveracruz.com\/?p=110674\" \/>\n<meta property=\"og:site_name\" content=\"Los pol\u00edticos Veracruz\" \/>\n<meta property=\"article:publisher\" content=\"https:\/\/www.facebook.com\/people\/Notimemes-de-los-Polticos\/61565672886568\/\" \/>\n<meta property=\"article:published_time\" content=\"2023-08-27T12:13:38+00:00\" \/>\n<meta property=\"article:modified_time\" content=\"2023-08-27T12:13:43+00:00\" \/>\n<meta property=\"og:image\" content=\"https:\/\/lospoliticosveracruz.com\/wp-content\/uploads\/2016\/07\/Logo-Dor.jpg\" \/>\n\t<meta property=\"og:image:width\" content=\"200\" \/>\n\t<meta property=\"og:image:height\" content=\"200\" \/>\n\t<meta property=\"og:image:type\" content=\"image\/jpeg\" \/>\n<meta name=\"author\" content=\"Lo viste en Los Pol\u00edticos\" \/>\n<meta name=\"twitter:card\" content=\"summary_large_image\" \/>\n<meta name=\"twitter:creator\" content=\"@LosPoliticosVer\" \/>\n<meta name=\"twitter:site\" content=\"@LosPoliticosVer\" \/>\n<meta name=\"twitter:label1\" content=\"Escrito por\" \/>\n\t<meta name=\"twitter:data1\" content=\"Lo viste en Los Pol\u00edticos\" \/>\n\t<meta name=\"twitter:label2\" content=\"Tiempo de lectura\" \/>\n\t<meta name=\"twitter:data2\" content=\"4 minutos\" \/>\n<script type=\"application\/ld+json\" class=\"yoast-schema-graph\">{\"@context\":\"https:\\\/\\\/schema.org\",\"@graph\":[{\"@type\":\"Article\",\"@id\":\"https:\\\/\\\/lospoliticosveracruz.com\\\/?p=110674#article\",\"isPartOf\":{\"@id\":\"https:\\\/\\\/lospoliticosveracruz.com\\\/?p=110674\"},\"author\":{\"name\":\"Lo viste en Los Pol\u00edticos\",\"@id\":\"https:\\\/\\\/lospoliticosveracruz.com\\\/#\\\/schema\\\/person\\\/b8702bb0e538456e6efd07080bf2a4a2\"},\"headline\":\"CADENA, PLURI\",\"datePublished\":\"2023-08-27T12:13:38+00:00\",\"dateModified\":\"2023-08-27T12:13:43+00:00\",\"mainEntityOfPage\":{\"@id\":\"https:\\\/\\\/lospoliticosveracruz.com\\\/?p=110674\"},\"wordCount\":831,\"publisher\":{\"@id\":\"https:\\\/\\\/lospoliticosveracruz.com\\\/#organization\"},\"keywords\":[\"Claudia Sheinbaum\",\"Dante Delgado Rannauro\",\"Enrique Alfaro\",\"Jalisco\",\"Marcelo Ebrard\",\"Morena\",\"Movimiento Ciudadano\",\"PRD\",\"Sergio Cadena Mart\u00ednez\",\"Veracruz\"],\"articleSection\":[\"De Opini\u00f3n\"],\"inLanguage\":\"es\"},{\"@type\":\"WebPage\",\"@id\":\"https:\\\/\\\/lospoliticosveracruz.com\\\/?p=110674\",\"url\":\"https:\\\/\\\/lospoliticosveracruz.com\\\/?p=110674\",\"name\":\"CADENA, PLURI - Los pol\u00edticos Veracruz\",\"isPartOf\":{\"@id\":\"https:\\\/\\\/lospoliticosveracruz.com\\\/#website\"},\"datePublished\":\"2023-08-27T12:13:38+00:00\",\"dateModified\":\"2023-08-27T12:13:43+00:00\",\"breadcrumb\":{\"@id\":\"https:\\\/\\\/lospoliticosveracruz.com\\\/?p=110674#breadcrumb\"},\"inLanguage\":\"es\",\"potentialAction\":[{\"@type\":\"ReadAction\",\"target\":[\"https:\\\/\\\/lospoliticosveracruz.com\\\/?p=110674\"]}]},{\"@type\":\"BreadcrumbList\",\"@id\":\"https:\\\/\\\/lospoliticosveracruz.com\\\/?p=110674#breadcrumb\",\"itemListElement\":[{\"@type\":\"ListItem\",\"position\":1,\"name\":\"Portada\",\"item\":\"https:\\\/\\\/lospoliticosveracruz.com\\\/\"},{\"@type\":\"ListItem\",\"position\":2,\"name\":\"CADENA, PLURI\"}]},{\"@type\":\"WebSite\",\"@id\":\"https:\\\/\\\/lospoliticosveracruz.com\\\/#website\",\"url\":\"https:\\\/\\\/lospoliticosveracruz.com\\\/\",\"name\":\"Los pol\u00edticos Veracruz\",\"description\":\"\",\"publisher\":{\"@id\":\"https:\\\/\\\/lospoliticosveracruz.com\\\/#organization\"},\"potentialAction\":[{\"@type\":\"SearchAction\",\"target\":{\"@type\":\"EntryPoint\",\"urlTemplate\":\"https:\\\/\\\/lospoliticosveracruz.com\\\/?s={search_term_string}\"},\"query-input\":{\"@type\":\"PropertyValueSpecification\",\"valueRequired\":true,\"valueName\":\"search_term_string\"}}],\"inLanguage\":\"es\"},{\"@type\":\"Organization\",\"@id\":\"https:\\\/\\\/lospoliticosveracruz.com\\\/#organization\",\"name\":\"Los pol\u00edticos Veracruz\",\"url\":\"https:\\\/\\\/lospoliticosveracruz.com\\\/\",\"logo\":{\"@type\":\"ImageObject\",\"inLanguage\":\"es\",\"@id\":\"https:\\\/\\\/lospoliticosveracruz.com\\\/#\\\/schema\\\/logo\\\/image\\\/\",\"url\":\"https:\\\/\\\/lospoliticosveracruz.com\\\/wp-content\\\/uploads\\\/2025\\\/12\\\/Logo-Nuevo-LOS-POLITICOS-1.jpg\",\"contentUrl\":\"https:\\\/\\\/lospoliticosveracruz.com\\\/wp-content\\\/uploads\\\/2025\\\/12\\\/Logo-Nuevo-LOS-POLITICOS-1.jpg\",\"width\":260,\"height\":70,\"caption\":\"Los pol\u00edticos Veracruz\"},\"image\":{\"@id\":\"https:\\\/\\\/lospoliticosveracruz.com\\\/#\\\/schema\\\/logo\\\/image\\\/\"},\"sameAs\":[\"https:\\\/\\\/www.facebook.com\\\/people\\\/Notimemes-de-los-Polticos\\\/61565672886568\\\/\",\"https:\\\/\\\/x.com\\\/LosPoliticosVer\"]},{\"@type\":\"Person\",\"@id\":\"https:\\\/\\\/lospoliticosveracruz.com\\\/#\\\/schema\\\/person\\\/b8702bb0e538456e6efd07080bf2a4a2\",\"name\":\"Lo viste en Los Pol\u00edticos\",\"image\":{\"@type\":\"ImageObject\",\"inLanguage\":\"es\",\"@id\":\"https:\\\/\\\/secure.gravatar.com\\\/avatar\\\/3a8de04a2656d44082be478bd6c086daa447c4651605818287b9532d3d0bd435?s=96&d=mm&r=g\",\"url\":\"https:\\\/\\\/secure.gravatar.com\\\/avatar\\\/3a8de04a2656d44082be478bd6c086daa447c4651605818287b9532d3d0bd435?s=96&d=mm&r=g\",\"contentUrl\":\"https:\\\/\\\/secure.gravatar.com\\\/avatar\\\/3a8de04a2656d44082be478bd6c086daa447c4651605818287b9532d3d0bd435?s=96&d=mm&r=g\",\"caption\":\"Lo viste en Los Pol\u00edticos\"},\"url\":\"https:\\\/\\\/lospoliticosveracruz.com\\\/?author=2\"}]}<\/script>\n<!-- \/ Yoast SEO plugin. -->","yoast_head_json":{"title":"CADENA, PLURI - Los pol\u00edticos Veracruz","robots":{"index":"index","follow":"follow","max-snippet":"max-snippet:-1","max-image-preview":"max-image-preview:large","max-video-preview":"max-video-preview:-1"},"canonical":"https:\/\/lospoliticosveracruz.com\/?p=110674","og_locale":"es_ES","og_type":"article","og_title":"CADENA, PLURI - Los pol\u00edticos Veracruz","og_description":"Ricardo Chua Sale y Vale EXCLUSIVA.. El PRD postular\u00e1 en el Frente Amplio Opositor en Veracruz como uno de sus diputados locales \u00abpluris\u00bb al dirigente estatal de este partido, Sergio Cadena Mart\u00ednez.. Este personaje tambi\u00e9n ser\u00e1 el coordinador de la pr\u00f3xima bancada perredista en el Congreso Local.. Se espera que con la votaci\u00f3n que tenga [&hellip;]","og_url":"https:\/\/lospoliticosveracruz.com\/?p=110674","og_site_name":"Los pol\u00edticos Veracruz","article_publisher":"https:\/\/www.facebook.com\/people\/Notimemes-de-los-Polticos\/61565672886568\/","article_published_time":"2023-08-27T12:13:38+00:00","article_modified_time":"2023-08-27T12:13:43+00:00","og_image":[{"width":200,"height":200,"url":"https:\/\/lospoliticosveracruz.com\/wp-content\/uploads\/2016\/07\/Logo-Dor.jpg","type":"image\/jpeg"}],"author":"Lo viste en Los Pol\u00edticos","twitter_card":"summary_large_image","twitter_creator":"@LosPoliticosVer","twitter_site":"@LosPoliticosVer","twitter_misc":{"Escrito por":"Lo viste en Los Pol\u00edticos","Tiempo de lectura":"4 minutos"},"schema":{"@context":"https:\/\/schema.org","@graph":[{"@type":"Article","@id":"https:\/\/lospoliticosveracruz.com\/?p=110674#article","isPartOf":{"@id":"https:\/\/lospoliticosveracruz.com\/?p=110674"},"author":{"name":"Lo viste en Los Pol\u00edticos","@id":"https:\/\/lospoliticosveracruz.com\/#\/schema\/person\/b8702bb0e538456e6efd07080bf2a4a2"},"headline":"CADENA, PLURI","datePublished":"2023-08-27T12:13:38+00:00","dateModified":"2023-08-27T12:13:43+00:00","mainEntityOfPage":{"@id":"https:\/\/lospoliticosveracruz.com\/?p=110674"},"wordCount":831,"publisher":{"@id":"https:\/\/lospoliticosveracruz.com\/#organization"},"keywords":["Claudia Sheinbaum","Dante Delgado Rannauro","Enrique Alfaro","Jalisco","Marcelo Ebrard","Morena","Movimiento Ciudadano","PRD","Sergio Cadena Mart\u00ednez","Veracruz"],"articleSection":["De Opini\u00f3n"],"inLanguage":"es"},{"@type":"WebPage","@id":"https:\/\/lospoliticosveracruz.com\/?p=110674","url":"https:\/\/lospoliticosveracruz.com\/?p=110674","name":"CADENA, PLURI - Los pol\u00edticos Veracruz","isPartOf":{"@id":"https:\/\/lospoliticosveracruz.com\/#website"},"datePublished":"2023-08-27T12:13:38+00:00","dateModified":"2023-08-27T12:13:43+00:00","breadcrumb":{"@id":"https:\/\/lospoliticosveracruz.com\/?p=110674#breadcrumb"},"inLanguage":"es","potentialAction":[{"@type":"ReadAction","target":["https:\/\/lospoliticosveracruz.com\/?p=110674"]}]},{"@type":"BreadcrumbList","@id":"https:\/\/lospoliticosveracruz.com\/?p=110674#breadcrumb","itemListElement":[{"@type":"ListItem","position":1,"name":"Portada","item":"https:\/\/lospoliticosveracruz.com\/"},{"@type":"ListItem","position":2,"name":"CADENA, PLURI"}]},{"@type":"WebSite","@id":"https:\/\/lospoliticosveracruz.com\/#website","url":"https:\/\/lospoliticosveracruz.com\/","name":"Los pol\u00edticos Veracruz","description":"","publisher":{"@id":"https:\/\/lospoliticosveracruz.com\/#organization"},"potentialAction":[{"@type":"SearchAction","target":{"@type":"EntryPoint","urlTemplate":"https:\/\/lospoliticosveracruz.com\/?s={search_term_string}"},"query-input":{"@type":"PropertyValueSpecification","valueRequired":true,"valueName":"search_term_string"}}],"inLanguage":"es"},{"@type":"Organization","@id":"https:\/\/lospoliticosveracruz.com\/#organization","name":"Los pol\u00edticos Veracruz","url":"https:\/\/lospoliticosveracruz.com\/","logo":{"@type":"ImageObject","inLanguage":"es","@id":"https:\/\/lospoliticosveracruz.com\/#\/schema\/logo\/image\/","url":"https:\/\/lospoliticosveracruz.com\/wp-content\/uploads\/2025\/12\/Logo-Nuevo-LOS-POLITICOS-1.jpg","contentUrl":"https:\/\/lospoliticosveracruz.com\/wp-content\/uploads\/2025\/12\/Logo-Nuevo-LOS-POLITICOS-1.jpg","width":260,"height":70,"caption":"Los pol\u00edticos Veracruz"},"image":{"@id":"https:\/\/lospoliticosveracruz.com\/#\/schema\/logo\/image\/"},"sameAs":["https:\/\/www.facebook.com\/people\/Notimemes-de-los-Polticos\/61565672886568\/","https:\/\/x.com\/LosPoliticosVer"]},{"@type":"Person","@id":"https:\/\/lospoliticosveracruz.com\/#\/schema\/person\/b8702bb0e538456e6efd07080bf2a4a2","name":"Lo viste en Los Pol\u00edticos","image":{"@type":"ImageObject","inLanguage":"es","@id":"https:\/\/secure.gravatar.com\/avatar\/3a8de04a2656d44082be478bd6c086daa447c4651605818287b9532d3d0bd435?s=96&d=mm&r=g","url":"https:\/\/secure.gravatar.com\/avatar\/3a8de04a2656d44082be478bd6c086daa447c4651605818287b9532d3d0bd435?s=96&d=mm&r=g","contentUrl":"https:\/\/secure.gravatar.com\/avatar\/3a8de04a2656d44082be478bd6c086daa447c4651605818287b9532d3d0bd435?s=96&d=mm&r=g","caption":"Lo viste en Los Pol\u00edticos"},"url":"https:\/\/lospoliticosveracruz.com\/?author=2"}]}},"_links":{"self":[{"href":"https:\/\/lospoliticosveracruz.com\/index.php?rest_route=\/wp\/v2\/posts\/110674","targetHints":{"allow":["GET"]}}],"collection":[{"href":"https:\/\/lospoliticosveracruz.com\/index.php?rest_route=\/wp\/v2\/posts"}],"about":[{"href":"https:\/\/lospoliticosveracruz.com\/index.php?rest_route=\/wp\/v2\/types\/post"}],"author":[{"embeddable":true,"href":"https:\/\/lospoliticosveracruz.com\/index.php?rest_route=\/wp\/v2\/users\/2"}],"replies":[{"embeddable":true,"href":"https:\/\/lospoliticosveracruz.com\/index.php?rest_route=%2Fwp%2Fv2%2Fcomments&post=110674"}],"version-history":[{"count":1,"href":"https:\/\/lospoliticosveracruz.com\/index.php?rest_route=\/wp\/v2\/posts\/110674\/revisions"}],"predecessor-version":[{"id":110676,"href":"https:\/\/lospoliticosveracruz.com\/index.php?rest_route=\/wp\/v2\/posts\/110674\/revisions\/110676"}],"wp:attachment":[{"href":"https:\/\/lospoliticosveracruz.com\/index.php?rest_route=%2Fwp%2Fv2%2Fmedia&parent=110674"}],"wp:term":[{"taxonomy":"category","embeddable":true,"href":"https:\/\/lospoliticosveracruz.com\/index.php?rest_route=%2Fwp%2Fv2%2Fcategories&post=110674"},{"taxonomy":"post_tag","embeddable":true,"href":"https:\/\/lospoliticosveracruz.com\/index.php?rest_route=%2Fwp%2Fv2%2Ftags&post=110674"}],"curies":[{"name":"wp","href":"https:\/\/api.w.org\/{rel}","templated":true}]}}