{"id":110677,"date":"2023-08-27T08:55:57","date_gmt":"2023-08-27T13:55:57","guid":{"rendered":"https:\/\/lospoliticosveracruz.com.mx\/?p=110677"},"modified":"2023-08-27T08:56:03","modified_gmt":"2023-08-27T13:56:03","slug":"el-amor-y-sus-razones","status":"publish","type":"post","link":"https:\/\/lospoliticosveracruz.com\/?p=110677","title":{"rendered":"EL AMOR Y SUS RAZONES"},"content":{"rendered":"\n<p><strong>Miguel Valera<\/strong><\/p>\n\n\n\n<p><em>Relatos dominicales<\/em><\/p>\n\n\n\n<p>Cuando Juliana qued\u00f3 embarazada de Tom\u00e1s, su madre le dijo firme, segura, que ten\u00eda que casarse. \u201cNo s\u00e9 c\u00f3mo le vas a hacer, pero te me casas, yo no quiero una madre soltera aqu\u00ed\u201d, le recrimin\u00f3. La jovencita, en el umbral de los 18, no estaba segura de tomar ese camino, pero convenci\u00f3 al padre de la criatura. El d\u00eda del fiest\u00f3n, todos los vecinos se unieron para adornar la calle. Los pollos en barbacoa, el pastel de \u201cPolita\u201d, los cartones de caguamas y los r\u00edos de Mahuixteco, en garrafas de cinco litros, alegraron la tarde.<\/p>\n\n\n\n<p>A los siete meses naci\u00f3 la criatura. \u201cEs su hija y ustedes tienen que hacerse cargo\u201d, les dijo do\u00f1a Lupe. \u201cSi quieren que se les cuide me van a pagar\u201d, les solt\u00f3 desde el principio, cuando ella quer\u00eda regresar a trabajar a la tienda en donde era cajera y \u00e9l a la ruleta, en el taxi de su t\u00edo Chencho. \u201cSi quisieron traer esta criaturita, se hacen responsables\u201d, solt\u00f3 la se\u00f1ora, quien, en plena madurez, sol\u00eda pasarse las tardes jugando baraja con sus amigas.<\/p>\n\n\n\n<p>Al principio todo iba bien, pero poco a poco, la relaci\u00f3n de Juliana y Tom\u00e1s se fue deteriorando. Fue el \u00edmpetu de la juventud, el tedio, el deseo de vivir con mayor rapidez, algo que es cada vez m\u00e1s com\u00fan entre los j\u00f3venes, lo cierto es que de un d\u00eda para otro decidieron separarse. \u201cEst\u00e1 bien, dijo la madre, pero tu hija es tu responsabilidad; a mi no me la vas a dejar; si quieres que la cuide, pagas\u201d, solt\u00f3 de nuevo.<\/p>\n\n\n\n<p>Cada vez que Tom\u00e1s iba por su criaturita, para sacarla a pasear, do\u00f1a Lupe lo invitaba a pasar, le ofrec\u00eda un vaso de refresco, unos frijolitos de la olla o la costilla en salsa roja que tan bien le quedaba. Fue ah\u00ed donde todo comenz\u00f3. Ese d\u00eda parec\u00eda que el cielo se ca\u00eda. Ya qu\u00e9date Tom\u00e1s, mira c\u00f3mo est\u00e1 la calle, parece un r\u00edo caudaloso, le dijo, para convencerlo. No quiero que te arriesgues ni que arriesgues a mi nieta, le solt\u00f3 para convencerlo.<\/p>\n\n\n\n<p>El joven, que ya hab\u00eda entrado a la madurez, acept\u00f3. Con la comida le invit\u00f3 una cervecita, otra, una m\u00e1s, una copita de verde de Xico, para la digesti\u00f3n, otra cervecita. Estaban solos, se ten\u00edan confianza. La madre hab\u00eda sido testigo de las largas faenas amorosas de Tom\u00e1s con su hija y ese d\u00eda el refr\u00e1n se hizo realidad: \u201cEl hombre es fuego, la mujer, estopa; llega el diablo y sopla\u201d. \u00c9l, que, como taxista, se hab\u00eda vuelto experimentado en el amor, le cumpli\u00f3 con creces a su suegra.<\/p>\n\n\n\n<p>La aventura no qued\u00f3 en ese d\u00eda de costilla en salsa roja y copitas. Se extendi\u00f3 al otro d\u00eda, al tercer d\u00eda, a las siguientes semanas. Do\u00f1a Lupe renaci\u00f3 a la vida. La vitalidad de Tom\u00e1s refresc\u00f3 su existencia. Dej\u00f3 los juegos de cartas, empez\u00f3 en el gimnasio y cada vez se esmeraba m\u00e1s por las comidas que le preparaba a Tom\u00e1s, quien religiosamente, cumpl\u00eda la faena amorosa en la populosa colonia de esta gran ciudad.<\/p>\n\n\n\n<p>Y como el amor y el dinero no pueden ocultarse, Juliana se enter\u00f3 e intent\u00f3 reclamarle a la madre. \u201cPues sabes qu\u00e9, le contest\u00f3, nos vamos a casar. As\u00ed que arreglas tu divorcio de inmediato, le das la firma y me lo dejas libre, porque nos casamos\u201d, le expres\u00f3 contundente, para acallar la rabieta. \u201cYo te cas\u00e9 y yo te descaso\u201d, le lanz\u00f3. La joven mujer no pudo hacer nada. Sab\u00eda que a partir de entonces tendr\u00eda en casa a su ex esposo, pap\u00e1 de su hija y padrastro. El d\u00eda del nuevo bodorrio los vecinos de la calle celebraron con la misma enjundia que la fiesta de hace apenas unos a\u00f1os, todo mientras corr\u00edan de mesa en mesa los vasos de caguama y las garrafas de mahuixteco ardiente.<\/p>\n","protected":false},"excerpt":{"rendered":"<p>Miguel Valera Relatos dominicales Cuando Juliana qued\u00f3 embarazada de Tom\u00e1s, su madre le dijo firme, segura, que ten\u00eda que casarse. \u201cNo s\u00e9 c\u00f3mo le vas a hacer, pero te me casas, yo no quiero una madre soltera aqu\u00ed\u201d, le recrimin\u00f3. La jovencita, en el umbral de los 18, no estaba segura de tomar ese camino, [&hellip;]<\/p>\n","protected":false},"author":2,"featured_media":0,"comment_status":"closed","ping_status":"closed","sticky":false,"template":"","format":"standard","meta":{"tdm_status":"","tdm_grid_status":"","footnotes":""},"categories":[70],"tags":[9776,38664],"class_list":{"0":"post-110677","1":"post","2":"type-post","3":"status-publish","4":"format-standard","6":"category-de-opinion","7":"tag-miguel-valera","8":"tag-relatos-dominicales"},"yoast_head":"<!-- This site is optimized with the Yoast SEO plugin v27.4 - https:\/\/yoast.com\/product\/yoast-seo-wordpress\/ -->\n<title>EL AMOR Y SUS RAZONES - Los pol\u00edticos Veracruz<\/title>\n<meta name=\"robots\" content=\"index, follow, max-snippet:-1, max-image-preview:large, max-video-preview:-1\" \/>\n<link rel=\"canonical\" href=\"https:\/\/lospoliticosveracruz.com\/?p=110677\" \/>\n<meta property=\"og:locale\" content=\"es_ES\" \/>\n<meta property=\"og:type\" content=\"article\" \/>\n<meta property=\"og:title\" content=\"EL AMOR Y SUS RAZONES - Los pol\u00edticos Veracruz\" \/>\n<meta property=\"og:description\" content=\"Miguel Valera Relatos dominicales Cuando Juliana qued\u00f3 embarazada de Tom\u00e1s, su madre le dijo firme, segura, que ten\u00eda que casarse. \u201cNo s\u00e9 c\u00f3mo le vas a hacer, pero te me casas, yo no quiero una madre soltera aqu\u00ed\u201d, le recrimin\u00f3. La jovencita, en el umbral de los 18, no estaba segura de tomar ese camino, [&hellip;]\" \/>\n<meta property=\"og:url\" content=\"https:\/\/lospoliticosveracruz.com\/?p=110677\" \/>\n<meta property=\"og:site_name\" content=\"Los pol\u00edticos Veracruz\" \/>\n<meta property=\"article:publisher\" content=\"https:\/\/www.facebook.com\/people\/Notimemes-de-los-Polticos\/61565672886568\/\" \/>\n<meta property=\"article:published_time\" content=\"2023-08-27T13:55:57+00:00\" \/>\n<meta property=\"article:modified_time\" content=\"2023-08-27T13:56:03+00:00\" \/>\n<meta property=\"og:image\" content=\"https:\/\/lospoliticosveracruz.com\/wp-content\/uploads\/2016\/07\/Logo-Dor.jpg\" \/>\n\t<meta property=\"og:image:width\" content=\"200\" \/>\n\t<meta property=\"og:image:height\" content=\"200\" \/>\n\t<meta property=\"og:image:type\" content=\"image\/jpeg\" \/>\n<meta name=\"author\" content=\"Lo viste en Los Pol\u00edticos\" \/>\n<meta name=\"twitter:card\" content=\"summary_large_image\" \/>\n<meta name=\"twitter:creator\" content=\"@LosPoliticosVer\" \/>\n<meta name=\"twitter:site\" content=\"@LosPoliticosVer\" \/>\n<meta name=\"twitter:label1\" content=\"Escrito por\" \/>\n\t<meta name=\"twitter:data1\" content=\"Lo viste en Los Pol\u00edticos\" \/>\n\t<meta name=\"twitter:label2\" content=\"Tiempo de lectura\" \/>\n\t<meta name=\"twitter:data2\" content=\"3 minutos\" \/>\n<script type=\"application\/ld+json\" class=\"yoast-schema-graph\">{\"@context\":\"https:\\\/\\\/schema.org\",\"@graph\":[{\"@type\":\"Article\",\"@id\":\"https:\\\/\\\/lospoliticosveracruz.com\\\/?p=110677#article\",\"isPartOf\":{\"@id\":\"https:\\\/\\\/lospoliticosveracruz.com\\\/?p=110677\"},\"author\":{\"name\":\"Lo viste en Los Pol\u00edticos\",\"@id\":\"https:\\\/\\\/lospoliticosveracruz.com\\\/#\\\/schema\\\/person\\\/b8702bb0e538456e6efd07080bf2a4a2\"},\"headline\":\"EL AMOR Y SUS RAZONES\",\"datePublished\":\"2023-08-27T13:55:57+00:00\",\"dateModified\":\"2023-08-27T13:56:03+00:00\",\"mainEntityOfPage\":{\"@id\":\"https:\\\/\\\/lospoliticosveracruz.com\\\/?p=110677\"},\"wordCount\":697,\"publisher\":{\"@id\":\"https:\\\/\\\/lospoliticosveracruz.com\\\/#organization\"},\"keywords\":[\"Miguel Valera\",\"Relatos dominicales\"],\"articleSection\":[\"De Opini\u00f3n\"],\"inLanguage\":\"es\"},{\"@type\":\"WebPage\",\"@id\":\"https:\\\/\\\/lospoliticosveracruz.com\\\/?p=110677\",\"url\":\"https:\\\/\\\/lospoliticosveracruz.com\\\/?p=110677\",\"name\":\"EL AMOR Y SUS RAZONES - Los pol\u00edticos Veracruz\",\"isPartOf\":{\"@id\":\"https:\\\/\\\/lospoliticosveracruz.com\\\/#website\"},\"datePublished\":\"2023-08-27T13:55:57+00:00\",\"dateModified\":\"2023-08-27T13:56:03+00:00\",\"breadcrumb\":{\"@id\":\"https:\\\/\\\/lospoliticosveracruz.com\\\/?p=110677#breadcrumb\"},\"inLanguage\":\"es\",\"potentialAction\":[{\"@type\":\"ReadAction\",\"target\":[\"https:\\\/\\\/lospoliticosveracruz.com\\\/?p=110677\"]}]},{\"@type\":\"BreadcrumbList\",\"@id\":\"https:\\\/\\\/lospoliticosveracruz.com\\\/?p=110677#breadcrumb\",\"itemListElement\":[{\"@type\":\"ListItem\",\"position\":1,\"name\":\"Portada\",\"item\":\"https:\\\/\\\/lospoliticosveracruz.com\\\/\"},{\"@type\":\"ListItem\",\"position\":2,\"name\":\"EL AMOR Y SUS RAZONES\"}]},{\"@type\":\"WebSite\",\"@id\":\"https:\\\/\\\/lospoliticosveracruz.com\\\/#website\",\"url\":\"https:\\\/\\\/lospoliticosveracruz.com\\\/\",\"name\":\"Los pol\u00edticos Veracruz\",\"description\":\"\",\"publisher\":{\"@id\":\"https:\\\/\\\/lospoliticosveracruz.com\\\/#organization\"},\"potentialAction\":[{\"@type\":\"SearchAction\",\"target\":{\"@type\":\"EntryPoint\",\"urlTemplate\":\"https:\\\/\\\/lospoliticosveracruz.com\\\/?s={search_term_string}\"},\"query-input\":{\"@type\":\"PropertyValueSpecification\",\"valueRequired\":true,\"valueName\":\"search_term_string\"}}],\"inLanguage\":\"es\"},{\"@type\":\"Organization\",\"@id\":\"https:\\\/\\\/lospoliticosveracruz.com\\\/#organization\",\"name\":\"Los pol\u00edticos Veracruz\",\"url\":\"https:\\\/\\\/lospoliticosveracruz.com\\\/\",\"logo\":{\"@type\":\"ImageObject\",\"inLanguage\":\"es\",\"@id\":\"https:\\\/\\\/lospoliticosveracruz.com\\\/#\\\/schema\\\/logo\\\/image\\\/\",\"url\":\"https:\\\/\\\/lospoliticosveracruz.com\\\/wp-content\\\/uploads\\\/2025\\\/12\\\/Logo-Nuevo-LOS-POLITICOS-1.jpg\",\"contentUrl\":\"https:\\\/\\\/lospoliticosveracruz.com\\\/wp-content\\\/uploads\\\/2025\\\/12\\\/Logo-Nuevo-LOS-POLITICOS-1.jpg\",\"width\":260,\"height\":70,\"caption\":\"Los pol\u00edticos Veracruz\"},\"image\":{\"@id\":\"https:\\\/\\\/lospoliticosveracruz.com\\\/#\\\/schema\\\/logo\\\/image\\\/\"},\"sameAs\":[\"https:\\\/\\\/www.facebook.com\\\/people\\\/Notimemes-de-los-Polticos\\\/61565672886568\\\/\",\"https:\\\/\\\/x.com\\\/LosPoliticosVer\"]},{\"@type\":\"Person\",\"@id\":\"https:\\\/\\\/lospoliticosveracruz.com\\\/#\\\/schema\\\/person\\\/b8702bb0e538456e6efd07080bf2a4a2\",\"name\":\"Lo viste en Los Pol\u00edticos\",\"image\":{\"@type\":\"ImageObject\",\"inLanguage\":\"es\",\"@id\":\"https:\\\/\\\/secure.gravatar.com\\\/avatar\\\/3a8de04a2656d44082be478bd6c086daa447c4651605818287b9532d3d0bd435?s=96&d=mm&r=g\",\"url\":\"https:\\\/\\\/secure.gravatar.com\\\/avatar\\\/3a8de04a2656d44082be478bd6c086daa447c4651605818287b9532d3d0bd435?s=96&d=mm&r=g\",\"contentUrl\":\"https:\\\/\\\/secure.gravatar.com\\\/avatar\\\/3a8de04a2656d44082be478bd6c086daa447c4651605818287b9532d3d0bd435?s=96&d=mm&r=g\",\"caption\":\"Lo viste en Los Pol\u00edticos\"},\"url\":\"https:\\\/\\\/lospoliticosveracruz.com\\\/?author=2\"}]}<\/script>\n<!-- \/ Yoast SEO plugin. -->","yoast_head_json":{"title":"EL AMOR Y SUS RAZONES - Los pol\u00edticos Veracruz","robots":{"index":"index","follow":"follow","max-snippet":"max-snippet:-1","max-image-preview":"max-image-preview:large","max-video-preview":"max-video-preview:-1"},"canonical":"https:\/\/lospoliticosveracruz.com\/?p=110677","og_locale":"es_ES","og_type":"article","og_title":"EL AMOR Y SUS RAZONES - Los pol\u00edticos Veracruz","og_description":"Miguel Valera Relatos dominicales Cuando Juliana qued\u00f3 embarazada de Tom\u00e1s, su madre le dijo firme, segura, que ten\u00eda que casarse. \u201cNo s\u00e9 c\u00f3mo le vas a hacer, pero te me casas, yo no quiero una madre soltera aqu\u00ed\u201d, le recrimin\u00f3. La jovencita, en el umbral de los 18, no estaba segura de tomar ese camino, [&hellip;]","og_url":"https:\/\/lospoliticosveracruz.com\/?p=110677","og_site_name":"Los pol\u00edticos Veracruz","article_publisher":"https:\/\/www.facebook.com\/people\/Notimemes-de-los-Polticos\/61565672886568\/","article_published_time":"2023-08-27T13:55:57+00:00","article_modified_time":"2023-08-27T13:56:03+00:00","og_image":[{"width":200,"height":200,"url":"https:\/\/lospoliticosveracruz.com\/wp-content\/uploads\/2016\/07\/Logo-Dor.jpg","type":"image\/jpeg"}],"author":"Lo viste en Los Pol\u00edticos","twitter_card":"summary_large_image","twitter_creator":"@LosPoliticosVer","twitter_site":"@LosPoliticosVer","twitter_misc":{"Escrito por":"Lo viste en Los Pol\u00edticos","Tiempo de lectura":"3 minutos"},"schema":{"@context":"https:\/\/schema.org","@graph":[{"@type":"Article","@id":"https:\/\/lospoliticosveracruz.com\/?p=110677#article","isPartOf":{"@id":"https:\/\/lospoliticosveracruz.com\/?p=110677"},"author":{"name":"Lo viste en Los Pol\u00edticos","@id":"https:\/\/lospoliticosveracruz.com\/#\/schema\/person\/b8702bb0e538456e6efd07080bf2a4a2"},"headline":"EL AMOR Y SUS RAZONES","datePublished":"2023-08-27T13:55:57+00:00","dateModified":"2023-08-27T13:56:03+00:00","mainEntityOfPage":{"@id":"https:\/\/lospoliticosveracruz.com\/?p=110677"},"wordCount":697,"publisher":{"@id":"https:\/\/lospoliticosveracruz.com\/#organization"},"keywords":["Miguel Valera","Relatos dominicales"],"articleSection":["De Opini\u00f3n"],"inLanguage":"es"},{"@type":"WebPage","@id":"https:\/\/lospoliticosveracruz.com\/?p=110677","url":"https:\/\/lospoliticosveracruz.com\/?p=110677","name":"EL AMOR Y SUS RAZONES - Los pol\u00edticos Veracruz","isPartOf":{"@id":"https:\/\/lospoliticosveracruz.com\/#website"},"datePublished":"2023-08-27T13:55:57+00:00","dateModified":"2023-08-27T13:56:03+00:00","breadcrumb":{"@id":"https:\/\/lospoliticosveracruz.com\/?p=110677#breadcrumb"},"inLanguage":"es","potentialAction":[{"@type":"ReadAction","target":["https:\/\/lospoliticosveracruz.com\/?p=110677"]}]},{"@type":"BreadcrumbList","@id":"https:\/\/lospoliticosveracruz.com\/?p=110677#breadcrumb","itemListElement":[{"@type":"ListItem","position":1,"name":"Portada","item":"https:\/\/lospoliticosveracruz.com\/"},{"@type":"ListItem","position":2,"name":"EL AMOR Y SUS RAZONES"}]},{"@type":"WebSite","@id":"https:\/\/lospoliticosveracruz.com\/#website","url":"https:\/\/lospoliticosveracruz.com\/","name":"Los pol\u00edticos Veracruz","description":"","publisher":{"@id":"https:\/\/lospoliticosveracruz.com\/#organization"},"potentialAction":[{"@type":"SearchAction","target":{"@type":"EntryPoint","urlTemplate":"https:\/\/lospoliticosveracruz.com\/?s={search_term_string}"},"query-input":{"@type":"PropertyValueSpecification","valueRequired":true,"valueName":"search_term_string"}}],"inLanguage":"es"},{"@type":"Organization","@id":"https:\/\/lospoliticosveracruz.com\/#organization","name":"Los pol\u00edticos Veracruz","url":"https:\/\/lospoliticosveracruz.com\/","logo":{"@type":"ImageObject","inLanguage":"es","@id":"https:\/\/lospoliticosveracruz.com\/#\/schema\/logo\/image\/","url":"https:\/\/lospoliticosveracruz.com\/wp-content\/uploads\/2025\/12\/Logo-Nuevo-LOS-POLITICOS-1.jpg","contentUrl":"https:\/\/lospoliticosveracruz.com\/wp-content\/uploads\/2025\/12\/Logo-Nuevo-LOS-POLITICOS-1.jpg","width":260,"height":70,"caption":"Los pol\u00edticos Veracruz"},"image":{"@id":"https:\/\/lospoliticosveracruz.com\/#\/schema\/logo\/image\/"},"sameAs":["https:\/\/www.facebook.com\/people\/Notimemes-de-los-Polticos\/61565672886568\/","https:\/\/x.com\/LosPoliticosVer"]},{"@type":"Person","@id":"https:\/\/lospoliticosveracruz.com\/#\/schema\/person\/b8702bb0e538456e6efd07080bf2a4a2","name":"Lo viste en Los Pol\u00edticos","image":{"@type":"ImageObject","inLanguage":"es","@id":"https:\/\/secure.gravatar.com\/avatar\/3a8de04a2656d44082be478bd6c086daa447c4651605818287b9532d3d0bd435?s=96&d=mm&r=g","url":"https:\/\/secure.gravatar.com\/avatar\/3a8de04a2656d44082be478bd6c086daa447c4651605818287b9532d3d0bd435?s=96&d=mm&r=g","contentUrl":"https:\/\/secure.gravatar.com\/avatar\/3a8de04a2656d44082be478bd6c086daa447c4651605818287b9532d3d0bd435?s=96&d=mm&r=g","caption":"Lo viste en Los Pol\u00edticos"},"url":"https:\/\/lospoliticosveracruz.com\/?author=2"}]}},"_links":{"self":[{"href":"https:\/\/lospoliticosveracruz.com\/index.php?rest_route=\/wp\/v2\/posts\/110677","targetHints":{"allow":["GET"]}}],"collection":[{"href":"https:\/\/lospoliticosveracruz.com\/index.php?rest_route=\/wp\/v2\/posts"}],"about":[{"href":"https:\/\/lospoliticosveracruz.com\/index.php?rest_route=\/wp\/v2\/types\/post"}],"author":[{"embeddable":true,"href":"https:\/\/lospoliticosveracruz.com\/index.php?rest_route=\/wp\/v2\/users\/2"}],"replies":[{"embeddable":true,"href":"https:\/\/lospoliticosveracruz.com\/index.php?rest_route=%2Fwp%2Fv2%2Fcomments&post=110677"}],"version-history":[{"count":1,"href":"https:\/\/lospoliticosveracruz.com\/index.php?rest_route=\/wp\/v2\/posts\/110677\/revisions"}],"predecessor-version":[{"id":110678,"href":"https:\/\/lospoliticosveracruz.com\/index.php?rest_route=\/wp\/v2\/posts\/110677\/revisions\/110678"}],"wp:attachment":[{"href":"https:\/\/lospoliticosveracruz.com\/index.php?rest_route=%2Fwp%2Fv2%2Fmedia&parent=110677"}],"wp:term":[{"taxonomy":"category","embeddable":true,"href":"https:\/\/lospoliticosveracruz.com\/index.php?rest_route=%2Fwp%2Fv2%2Fcategories&post=110677"},{"taxonomy":"post_tag","embeddable":true,"href":"https:\/\/lospoliticosveracruz.com\/index.php?rest_route=%2Fwp%2Fv2%2Ftags&post=110677"}],"curies":[{"name":"wp","href":"https:\/\/api.w.org\/{rel}","templated":true}]}}