{"id":110683,"date":"2023-08-27T14:38:38","date_gmt":"2023-08-27T19:38:38","guid":{"rendered":"https:\/\/lospoliticosveracruz.com.mx\/?p=110683"},"modified":"2023-08-27T14:38:40","modified_gmt":"2023-08-27T19:38:40","slug":"alimentacion-que-cura","status":"publish","type":"post","link":"https:\/\/lospoliticosveracruz.com\/?p=110683","title":{"rendered":"ALIMENTACI\u00d3N QUE CURA!"},"content":{"rendered":"\n<p>El principio hipocr\u00e1tico es muy claro: que tu medicina sea tu alimento y tu alimento, tu medicina. Esta frase rodea en s\u00ed, el tema que este pasado s\u00e1bado explic\u00f3 la doctora Rosa Aurora Rizo L\u00f3pez, a trav\u00e9s de \u201cLa dieta alcalina, o lo que es lo mismo, Alimentaci\u00f3n que Cura\u201d.<\/p>\n\n\n\n<p>La M\u00e9dico Familiar Rossi, como se le llama cari\u00f1osamente en Juntas Venciendo el C\u00e1ncer (Juvecan) Coatepec, empieza por definir a la Medicina Regenerativa como un \u00e1rea nueva de la medicina que ayuda a la prevenci\u00f3n y tratamiento de las disfunciones y &nbsp; enfermedades relacionadas con el envejecimiento, mejorando la calidad de vida.&nbsp;<\/p>\n\n\n\n<p>Con diplomado en Geriatr\u00eda y Medicina Regenerativa, Rossi, quien adem\u00e1s es Asesora Nutricional en Juvecan, explica el Envejecimiento como un proceso de deterioro de funciones de los \u00f3rganos, lo que aumenta los riesgos de enfermedades degenerativas.<\/p>\n\n\n\n<p>Agrega la M\u00e9dico Familiar que hay tres tipos de Envejecimiento: el Normal, el Patol\u00f3gico y el Exitoso, lo que lleva a preguntarse: \u00bfDe qu\u00e9 depende mi tipo de envejecimiento? Y responde: Del Perfil gen\u00e9tico, con aumento de producci\u00f3n de radicales libres; el acortamiento de tel\u00f3meros (extremos de un cromosoma,), lo que llevar\u00e1 al s\u00edndrome de fatiga y estr\u00e9s; as\u00ed como el estilo de vida (Alimentaci\u00f3n y actividad f\u00edsica).<\/p>\n\n\n\n<p>Habla tambi\u00e9n de las Neurohormonas de la Felicidad: Oxitocina, dopamina, endorfina y serotonina que act\u00faan en nuestro bienestar.<\/p>\n\n\n\n<p>Insiste en que la alimentaci\u00f3n debe de tener 75% de alimentos alcalinos y 25% de \u00e1cidos a la vez que proporciona a las integrantes de Juvecan, la tabla del sem\u00e1foro para hacer las combinaciones de los diferentes alimentos enfocada en promover la salud y bienestar.<\/p>\n\n\n\n<p>Bajo el t\u00edtulo de \u201cLos horrores de la dieta \u00e1cida\u201d, la doctora Rossi enumera el consumo de productos animales como embutidos y leche, as\u00ed como carbohidratos refinados, alimentos industrializados y refrescos.<\/p>\n\n\n\n<p>La dieta \u00e1cida produce padecimientos como diabetes mellitus, c\u00e1ncer, enfermedades inmunes, hipertensi\u00f3n arterial.<\/p>\n\n\n\n<p>Los Alimentos Alcalinos que recomienda altamente son Agua alcalina, pepinos, lim\u00f3n, br\u00f3coli, germinados, aguacate, tomate, espinaca, zanahoria, papa, pl\u00e1tano y pescado, as\u00ed como sal de grano o marina.<\/p>\n\n\n\n<p>Los Recomendados son la Ciruela, manzanas, uvas, mandarina, naranjas, pollo, frijol, tortillas de ma\u00edz, leche de almendras, soya o coco. Se les puede agregar agua alcalina y en caso necesario micronutrientes (vitaminas y minerales) que deben ser recetados de acuerdo a cada padecimiento y a un estudio cu\u00e1ntico bioel\u00e9ctrico.<\/p>\n\n\n\n<p>La doctora Rossi proporciona recetas&nbsp; y les repite a las integrantes de Juvecan el Principlo&nbsp; Hipocr\u00e1tico: Que tu medicina sea tu alimento y tu alimento, tu medicina.<\/p>\n\n\n\n<p>Se comprometen la doctora Rossi y Juvecan con efectuar un taller.<\/p>\n","protected":false},"excerpt":{"rendered":"<p>El principio hipocr\u00e1tico es muy claro: que tu medicina sea tu alimento y tu alimento, tu medicina. Esta frase rodea en s\u00ed, el tema que este pasado s\u00e1bado explic\u00f3 la doctora Rosa Aurora Rizo L\u00f3pez, a trav\u00e9s de \u201cLa dieta alcalina, o lo que es lo mismo, Alimentaci\u00f3n que Cura\u201d. La M\u00e9dico Familiar Rossi, como [&hellip;]<\/p>\n","protected":false},"author":2,"featured_media":0,"comment_status":"closed","ping_status":"closed","sticky":false,"template":"","format":"standard","meta":{"tdm_status":"","tdm_grid_status":"","footnotes":""},"categories":[72],"tags":[4884,14759,9030,5783],"class_list":{"0":"post-110683","1":"post","2":"type-post","3":"status-publish","4":"format-standard","6":"category-palomazos","7":"tag-cancer-de-mama","8":"tag-dieta-alcalina","9":"tag-juvecan-coatepec","10":"tag-rosa-aurora-rizo-lopez"},"yoast_head":"<!-- This site is optimized with the Yoast SEO plugin v27.4 - https:\/\/yoast.com\/product\/yoast-seo-wordpress\/ -->\n<title>ALIMENTACI\u00d3N QUE CURA! - Los pol\u00edticos Veracruz<\/title>\n<meta name=\"robots\" content=\"index, follow, max-snippet:-1, max-image-preview:large, max-video-preview:-1\" \/>\n<link rel=\"canonical\" href=\"https:\/\/lospoliticosveracruz.com\/?p=110683\" \/>\n<meta property=\"og:locale\" content=\"es_ES\" \/>\n<meta property=\"og:type\" content=\"article\" \/>\n<meta property=\"og:title\" content=\"ALIMENTACI\u00d3N QUE CURA! - Los pol\u00edticos Veracruz\" \/>\n<meta property=\"og:description\" content=\"El principio hipocr\u00e1tico es muy claro: que tu medicina sea tu alimento y tu alimento, tu medicina. Esta frase rodea en s\u00ed, el tema que este pasado s\u00e1bado explic\u00f3 la doctora Rosa Aurora Rizo L\u00f3pez, a trav\u00e9s de \u201cLa dieta alcalina, o lo que es lo mismo, Alimentaci\u00f3n que Cura\u201d. La M\u00e9dico Familiar Rossi, como [&hellip;]\" \/>\n<meta property=\"og:url\" content=\"https:\/\/lospoliticosveracruz.com\/?p=110683\" \/>\n<meta property=\"og:site_name\" content=\"Los pol\u00edticos Veracruz\" \/>\n<meta property=\"article:publisher\" content=\"https:\/\/www.facebook.com\/people\/Notimemes-de-los-Polticos\/61565672886568\/\" \/>\n<meta property=\"article:published_time\" content=\"2023-08-27T19:38:38+00:00\" \/>\n<meta property=\"article:modified_time\" content=\"2023-08-27T19:38:40+00:00\" \/>\n<meta property=\"og:image\" content=\"https:\/\/lospoliticosveracruz.com\/wp-content\/uploads\/2016\/07\/Logo-Dor.jpg\" \/>\n\t<meta property=\"og:image:width\" content=\"200\" \/>\n\t<meta property=\"og:image:height\" content=\"200\" \/>\n\t<meta property=\"og:image:type\" content=\"image\/jpeg\" \/>\n<meta name=\"author\" content=\"Lo viste en Los Pol\u00edticos\" \/>\n<meta name=\"twitter:card\" content=\"summary_large_image\" \/>\n<meta name=\"twitter:creator\" content=\"@LosPoliticosVer\" \/>\n<meta name=\"twitter:site\" content=\"@LosPoliticosVer\" \/>\n<meta name=\"twitter:label1\" content=\"Escrito por\" \/>\n\t<meta name=\"twitter:data1\" content=\"Lo viste en Los Pol\u00edticos\" \/>\n\t<meta name=\"twitter:label2\" content=\"Tiempo de lectura\" \/>\n\t<meta name=\"twitter:data2\" content=\"2 minutos\" \/>\n<script type=\"application\/ld+json\" class=\"yoast-schema-graph\">{\"@context\":\"https:\\\/\\\/schema.org\",\"@graph\":[{\"@type\":\"Article\",\"@id\":\"https:\\\/\\\/lospoliticosveracruz.com\\\/?p=110683#article\",\"isPartOf\":{\"@id\":\"https:\\\/\\\/lospoliticosveracruz.com\\\/?p=110683\"},\"author\":{\"name\":\"Lo viste en Los Pol\u00edticos\",\"@id\":\"https:\\\/\\\/lospoliticosveracruz.com\\\/#\\\/schema\\\/person\\\/b8702bb0e538456e6efd07080bf2a4a2\"},\"headline\":\"ALIMENTACI\u00d3N QUE CURA!\",\"datePublished\":\"2023-08-27T19:38:38+00:00\",\"dateModified\":\"2023-08-27T19:38:40+00:00\",\"mainEntityOfPage\":{\"@id\":\"https:\\\/\\\/lospoliticosveracruz.com\\\/?p=110683\"},\"wordCount\":467,\"publisher\":{\"@id\":\"https:\\\/\\\/lospoliticosveracruz.com\\\/#organization\"},\"keywords\":[\"c\u00e1ncer de mama\",\"dieta alcalina\",\"Juvecan Coatepec\",\"Rosa Aurora Rizo L\u00f3pez\"],\"articleSection\":[\"Palomazos\"],\"inLanguage\":\"es\"},{\"@type\":\"WebPage\",\"@id\":\"https:\\\/\\\/lospoliticosveracruz.com\\\/?p=110683\",\"url\":\"https:\\\/\\\/lospoliticosveracruz.com\\\/?p=110683\",\"name\":\"ALIMENTACI\u00d3N QUE CURA! - Los pol\u00edticos Veracruz\",\"isPartOf\":{\"@id\":\"https:\\\/\\\/lospoliticosveracruz.com\\\/#website\"},\"datePublished\":\"2023-08-27T19:38:38+00:00\",\"dateModified\":\"2023-08-27T19:38:40+00:00\",\"breadcrumb\":{\"@id\":\"https:\\\/\\\/lospoliticosveracruz.com\\\/?p=110683#breadcrumb\"},\"inLanguage\":\"es\",\"potentialAction\":[{\"@type\":\"ReadAction\",\"target\":[\"https:\\\/\\\/lospoliticosveracruz.com\\\/?p=110683\"]}]},{\"@type\":\"BreadcrumbList\",\"@id\":\"https:\\\/\\\/lospoliticosveracruz.com\\\/?p=110683#breadcrumb\",\"itemListElement\":[{\"@type\":\"ListItem\",\"position\":1,\"name\":\"Portada\",\"item\":\"https:\\\/\\\/lospoliticosveracruz.com\\\/\"},{\"@type\":\"ListItem\",\"position\":2,\"name\":\"ALIMENTACI\u00d3N QUE CURA!\"}]},{\"@type\":\"WebSite\",\"@id\":\"https:\\\/\\\/lospoliticosveracruz.com\\\/#website\",\"url\":\"https:\\\/\\\/lospoliticosveracruz.com\\\/\",\"name\":\"Los pol\u00edticos Veracruz\",\"description\":\"\",\"publisher\":{\"@id\":\"https:\\\/\\\/lospoliticosveracruz.com\\\/#organization\"},\"potentialAction\":[{\"@type\":\"SearchAction\",\"target\":{\"@type\":\"EntryPoint\",\"urlTemplate\":\"https:\\\/\\\/lospoliticosveracruz.com\\\/?s={search_term_string}\"},\"query-input\":{\"@type\":\"PropertyValueSpecification\",\"valueRequired\":true,\"valueName\":\"search_term_string\"}}],\"inLanguage\":\"es\"},{\"@type\":\"Organization\",\"@id\":\"https:\\\/\\\/lospoliticosveracruz.com\\\/#organization\",\"name\":\"Los pol\u00edticos Veracruz\",\"url\":\"https:\\\/\\\/lospoliticosveracruz.com\\\/\",\"logo\":{\"@type\":\"ImageObject\",\"inLanguage\":\"es\",\"@id\":\"https:\\\/\\\/lospoliticosveracruz.com\\\/#\\\/schema\\\/logo\\\/image\\\/\",\"url\":\"https:\\\/\\\/lospoliticosveracruz.com\\\/wp-content\\\/uploads\\\/2025\\\/12\\\/Logo-Nuevo-LOS-POLITICOS-1.jpg\",\"contentUrl\":\"https:\\\/\\\/lospoliticosveracruz.com\\\/wp-content\\\/uploads\\\/2025\\\/12\\\/Logo-Nuevo-LOS-POLITICOS-1.jpg\",\"width\":260,\"height\":70,\"caption\":\"Los pol\u00edticos Veracruz\"},\"image\":{\"@id\":\"https:\\\/\\\/lospoliticosveracruz.com\\\/#\\\/schema\\\/logo\\\/image\\\/\"},\"sameAs\":[\"https:\\\/\\\/www.facebook.com\\\/people\\\/Notimemes-de-los-Polticos\\\/61565672886568\\\/\",\"https:\\\/\\\/x.com\\\/LosPoliticosVer\"]},{\"@type\":\"Person\",\"@id\":\"https:\\\/\\\/lospoliticosveracruz.com\\\/#\\\/schema\\\/person\\\/b8702bb0e538456e6efd07080bf2a4a2\",\"name\":\"Lo viste en Los Pol\u00edticos\",\"image\":{\"@type\":\"ImageObject\",\"inLanguage\":\"es\",\"@id\":\"https:\\\/\\\/secure.gravatar.com\\\/avatar\\\/3a8de04a2656d44082be478bd6c086daa447c4651605818287b9532d3d0bd435?s=96&d=mm&r=g\",\"url\":\"https:\\\/\\\/secure.gravatar.com\\\/avatar\\\/3a8de04a2656d44082be478bd6c086daa447c4651605818287b9532d3d0bd435?s=96&d=mm&r=g\",\"contentUrl\":\"https:\\\/\\\/secure.gravatar.com\\\/avatar\\\/3a8de04a2656d44082be478bd6c086daa447c4651605818287b9532d3d0bd435?s=96&d=mm&r=g\",\"caption\":\"Lo viste en Los Pol\u00edticos\"},\"url\":\"https:\\\/\\\/lospoliticosveracruz.com\\\/?author=2\"}]}<\/script>\n<!-- \/ Yoast SEO plugin. -->","yoast_head_json":{"title":"ALIMENTACI\u00d3N QUE CURA! - Los pol\u00edticos Veracruz","robots":{"index":"index","follow":"follow","max-snippet":"max-snippet:-1","max-image-preview":"max-image-preview:large","max-video-preview":"max-video-preview:-1"},"canonical":"https:\/\/lospoliticosveracruz.com\/?p=110683","og_locale":"es_ES","og_type":"article","og_title":"ALIMENTACI\u00d3N QUE CURA! - Los pol\u00edticos Veracruz","og_description":"El principio hipocr\u00e1tico es muy claro: que tu medicina sea tu alimento y tu alimento, tu medicina. Esta frase rodea en s\u00ed, el tema que este pasado s\u00e1bado explic\u00f3 la doctora Rosa Aurora Rizo L\u00f3pez, a trav\u00e9s de \u201cLa dieta alcalina, o lo que es lo mismo, Alimentaci\u00f3n que Cura\u201d. La M\u00e9dico Familiar Rossi, como [&hellip;]","og_url":"https:\/\/lospoliticosveracruz.com\/?p=110683","og_site_name":"Los pol\u00edticos Veracruz","article_publisher":"https:\/\/www.facebook.com\/people\/Notimemes-de-los-Polticos\/61565672886568\/","article_published_time":"2023-08-27T19:38:38+00:00","article_modified_time":"2023-08-27T19:38:40+00:00","og_image":[{"width":200,"height":200,"url":"https:\/\/lospoliticosveracruz.com\/wp-content\/uploads\/2016\/07\/Logo-Dor.jpg","type":"image\/jpeg"}],"author":"Lo viste en Los Pol\u00edticos","twitter_card":"summary_large_image","twitter_creator":"@LosPoliticosVer","twitter_site":"@LosPoliticosVer","twitter_misc":{"Escrito por":"Lo viste en Los Pol\u00edticos","Tiempo de lectura":"2 minutos"},"schema":{"@context":"https:\/\/schema.org","@graph":[{"@type":"Article","@id":"https:\/\/lospoliticosveracruz.com\/?p=110683#article","isPartOf":{"@id":"https:\/\/lospoliticosveracruz.com\/?p=110683"},"author":{"name":"Lo viste en Los Pol\u00edticos","@id":"https:\/\/lospoliticosveracruz.com\/#\/schema\/person\/b8702bb0e538456e6efd07080bf2a4a2"},"headline":"ALIMENTACI\u00d3N QUE CURA!","datePublished":"2023-08-27T19:38:38+00:00","dateModified":"2023-08-27T19:38:40+00:00","mainEntityOfPage":{"@id":"https:\/\/lospoliticosveracruz.com\/?p=110683"},"wordCount":467,"publisher":{"@id":"https:\/\/lospoliticosveracruz.com\/#organization"},"keywords":["c\u00e1ncer de mama","dieta alcalina","Juvecan Coatepec","Rosa Aurora Rizo L\u00f3pez"],"articleSection":["Palomazos"],"inLanguage":"es"},{"@type":"WebPage","@id":"https:\/\/lospoliticosveracruz.com\/?p=110683","url":"https:\/\/lospoliticosveracruz.com\/?p=110683","name":"ALIMENTACI\u00d3N QUE CURA! - Los pol\u00edticos Veracruz","isPartOf":{"@id":"https:\/\/lospoliticosveracruz.com\/#website"},"datePublished":"2023-08-27T19:38:38+00:00","dateModified":"2023-08-27T19:38:40+00:00","breadcrumb":{"@id":"https:\/\/lospoliticosveracruz.com\/?p=110683#breadcrumb"},"inLanguage":"es","potentialAction":[{"@type":"ReadAction","target":["https:\/\/lospoliticosveracruz.com\/?p=110683"]}]},{"@type":"BreadcrumbList","@id":"https:\/\/lospoliticosveracruz.com\/?p=110683#breadcrumb","itemListElement":[{"@type":"ListItem","position":1,"name":"Portada","item":"https:\/\/lospoliticosveracruz.com\/"},{"@type":"ListItem","position":2,"name":"ALIMENTACI\u00d3N QUE CURA!"}]},{"@type":"WebSite","@id":"https:\/\/lospoliticosveracruz.com\/#website","url":"https:\/\/lospoliticosveracruz.com\/","name":"Los pol\u00edticos Veracruz","description":"","publisher":{"@id":"https:\/\/lospoliticosveracruz.com\/#organization"},"potentialAction":[{"@type":"SearchAction","target":{"@type":"EntryPoint","urlTemplate":"https:\/\/lospoliticosveracruz.com\/?s={search_term_string}"},"query-input":{"@type":"PropertyValueSpecification","valueRequired":true,"valueName":"search_term_string"}}],"inLanguage":"es"},{"@type":"Organization","@id":"https:\/\/lospoliticosveracruz.com\/#organization","name":"Los pol\u00edticos Veracruz","url":"https:\/\/lospoliticosveracruz.com\/","logo":{"@type":"ImageObject","inLanguage":"es","@id":"https:\/\/lospoliticosveracruz.com\/#\/schema\/logo\/image\/","url":"https:\/\/lospoliticosveracruz.com\/wp-content\/uploads\/2025\/12\/Logo-Nuevo-LOS-POLITICOS-1.jpg","contentUrl":"https:\/\/lospoliticosveracruz.com\/wp-content\/uploads\/2025\/12\/Logo-Nuevo-LOS-POLITICOS-1.jpg","width":260,"height":70,"caption":"Los pol\u00edticos Veracruz"},"image":{"@id":"https:\/\/lospoliticosveracruz.com\/#\/schema\/logo\/image\/"},"sameAs":["https:\/\/www.facebook.com\/people\/Notimemes-de-los-Polticos\/61565672886568\/","https:\/\/x.com\/LosPoliticosVer"]},{"@type":"Person","@id":"https:\/\/lospoliticosveracruz.com\/#\/schema\/person\/b8702bb0e538456e6efd07080bf2a4a2","name":"Lo viste en Los Pol\u00edticos","image":{"@type":"ImageObject","inLanguage":"es","@id":"https:\/\/secure.gravatar.com\/avatar\/3a8de04a2656d44082be478bd6c086daa447c4651605818287b9532d3d0bd435?s=96&d=mm&r=g","url":"https:\/\/secure.gravatar.com\/avatar\/3a8de04a2656d44082be478bd6c086daa447c4651605818287b9532d3d0bd435?s=96&d=mm&r=g","contentUrl":"https:\/\/secure.gravatar.com\/avatar\/3a8de04a2656d44082be478bd6c086daa447c4651605818287b9532d3d0bd435?s=96&d=mm&r=g","caption":"Lo viste en Los Pol\u00edticos"},"url":"https:\/\/lospoliticosveracruz.com\/?author=2"}]}},"_links":{"self":[{"href":"https:\/\/lospoliticosveracruz.com\/index.php?rest_route=\/wp\/v2\/posts\/110683","targetHints":{"allow":["GET"]}}],"collection":[{"href":"https:\/\/lospoliticosveracruz.com\/index.php?rest_route=\/wp\/v2\/posts"}],"about":[{"href":"https:\/\/lospoliticosveracruz.com\/index.php?rest_route=\/wp\/v2\/types\/post"}],"author":[{"embeddable":true,"href":"https:\/\/lospoliticosveracruz.com\/index.php?rest_route=\/wp\/v2\/users\/2"}],"replies":[{"embeddable":true,"href":"https:\/\/lospoliticosveracruz.com\/index.php?rest_route=%2Fwp%2Fv2%2Fcomments&post=110683"}],"version-history":[{"count":1,"href":"https:\/\/lospoliticosveracruz.com\/index.php?rest_route=\/wp\/v2\/posts\/110683\/revisions"}],"predecessor-version":[{"id":110685,"href":"https:\/\/lospoliticosveracruz.com\/index.php?rest_route=\/wp\/v2\/posts\/110683\/revisions\/110685"}],"wp:attachment":[{"href":"https:\/\/lospoliticosveracruz.com\/index.php?rest_route=%2Fwp%2Fv2%2Fmedia&parent=110683"}],"wp:term":[{"taxonomy":"category","embeddable":true,"href":"https:\/\/lospoliticosveracruz.com\/index.php?rest_route=%2Fwp%2Fv2%2Fcategories&post=110683"},{"taxonomy":"post_tag","embeddable":true,"href":"https:\/\/lospoliticosveracruz.com\/index.php?rest_route=%2Fwp%2Fv2%2Ftags&post=110683"}],"curies":[{"name":"wp","href":"https:\/\/api.w.org\/{rel}","templated":true}]}}