{"id":110686,"date":"2023-08-27T20:02:06","date_gmt":"2023-08-28T01:02:06","guid":{"rendered":"https:\/\/lospoliticosveracruz.com.mx\/?p=110686"},"modified":"2023-08-27T20:02:11","modified_gmt":"2023-08-28T01:02:11","slug":"los-equipos-de-campana-politica","status":"publish","type":"post","link":"https:\/\/lospoliticosveracruz.com\/?p=110686","title":{"rendered":"LOS EQUIPOS DE CAMPA\u00d1A POL\u00cdTICA"},"content":{"rendered":"\n<p><strong>Jos\u00e9 Luis Enr\u00edquez Ambell<\/strong><\/p>\n\n\n\n<p><em>Caf\u00e9 de Ma\u00f1ana<\/em><\/p>\n\n\n\n<p>Partamos reconociendo que no hay liderazgos sociales s\u00f3lidos actualmente.<\/p>\n\n\n\n<p>\u00abLos equipos de campa\u00f1a\u00bb no siempre resultan ser \u00abel equipo para la transici\u00f3n\u00bb como a veces tampoco \u00abel equipo para ser Gobierno\u00bb; ni al inicio, intermedio o al final. Y es que esos escenarios &#8211; campa\u00f1a, transici\u00f3n y gobierno &#8211; suman temas y l\u00f3gicas diferentes, y que en la mayor\u00eda de las ocasiones constituyen y construyen a todo \u00abun pelot\u00f3n chiflado\u201d, que suele llevarles a moverse y hasta promoverse fuera de orden.<\/p>\n\n\n\n<p>Este domingo y \u00faltimo de agosto, fue el cierre de la campa\u00f1a de Claudia Sheinbaum en Xalapa y es muestra que ella es quien representa a lo mejor entre las filas de la 4T y que ser\u00e1 tambi\u00e9n la candidata y Presidenta, y con todo el apoyo oficial y sin escatimar recursos.<\/p>\n\n\n\n<p>Desde una semana antes a la visita de la ex Jefa de Gobierno de la Cdmx, Do\u00f1a Roc\u00edo Nahle vino a trazar, coordinar y asignar puntualmente a cada persona -mujeres y hombres- sus tareas y evitar posibles fallas log\u00edsticamente, incluso la Senadora de la Rep\u00fablica con licencia ya lo padeci\u00f3 en los foros energ\u00e9ticos, y es que est\u00e1 muy claro que don Andr\u00e9s Manuel L\u00f3pez Obrador tiene decidido y definido &#8211; hasta ahora &#8211; que por la Presidencia de la Rep\u00fablica la doctora Claudia Sheinbaum encabezar\u00e1 a Morena y del mismo modo para Veracruz lo har\u00e1 la ingeniero Roc\u00edo Nahle; o sea, ambas har\u00e1n mancuerna en la pre campa\u00f1a, campa\u00f1a electoral de aqu\u00ed al 2024 y ya despu\u00e9s juntas tratar de ser Gobierno.<\/p>\n\n\n\n<p>Sin embargo, no debe descontarse que los diagn\u00f3sticos cambian en la salud, y porque no ser\u00eda lo mismo en lo pol\u00edtico.<\/p>\n\n\n\n<p>Y hasta el momento, en lo federal y estatal la disputa ser\u00e1 entre dos m\u00fasculos: Morena con sus aliados y el Frente Amplio por M\u00e9xico y sus aliados, pero ambas carreteras pol\u00edticas tienen la posibilidad de convencer para robustecer su potencialidad a casi el 50% de votantes que militan en el \u00abPAE\u00bb o sea, \u00abPartido Abstencionista Electoral\u00bb, as\u00ed como, la b\u00fasqueda de migrantes de otros partidos para sus filas.<\/p>\n\n\n\n<p>En las pr\u00f3ximas horas, d\u00edas, semanas y hasta el final del a\u00f1o, colocadas Dos Mujeres, Un Camino entre Claudia y X\u00f3chitl, los equipos se definir\u00e1n y recargar\u00e1n su actuaci\u00f3n en buscar al universo abstencionista que suele no ejercer el derecho al voto y supuestamente creen castigar a partidos y candidatos, no sufragando.<\/p>\n\n\n\n<p>Y tambi\u00e9n, a todos quienes est\u00e9n en el segmento del mal humor social y hasta decepcionados &#8211; lo que tradicionalmente sucede con quienes gobiernan &#8211; por alguna especie de abandono o mal trato, y es que el pleno \u00e9xito de una campa\u00f1a no s\u00f3lo requiere del entusiasmo de un candidato o su entorno, sino lograr entusiasmar a todos los posibles y caminar juntos hasta lograr el \u00fanico objetivo: la victoria.<\/p>\n\n\n\n<p>Falta poco para el arranque oficialmente<\/p>\n\n\n\n<p>DE SOBREMESA<\/p>\n\n\n\n<p>La informaci\u00f3n y audio que hace unos d\u00edas circul\u00f3 en torno a la se\u00f1ora Consuelo \u00abChelo\u00bb Thomas Ya\u00f1ez, titular de la Coordinaci\u00f3n de Documentaci\u00f3n, Control y Gesti\u00f3n de la Oficina del Gobernador de&nbsp;Veracruz, Cuitl\u00e1huac Garc\u00eda Jim\u00e9nez, pareciera que alguien le jug\u00f3 mal o la expusieron, y hasta es lamentable que esto sea producto del fuego amigo, pues que de amigo no tiene nada y s\u00ed mucho de enemigo.<\/p>\n\n\n\n<p>Y el tema central es para qu\u00e9 , c\u00f3mo , por qu\u00e9 esa idea de golpear a quien seguramente atiende la instrucci\u00f3n o busca defender su empleo, y es que llama la atenci\u00f3n &#8211; entre otros elementos a revisar &#8211; que la expongan en todos los sentidos, y si esto es ahora que hay una contienda en lo interno, los servidores p\u00fablicos en conjunto estar\u00e1n mayormente en riesgo en la elecci\u00f3n constitucional, y que ser\u00e1 una jornada hist\u00f3rica.<\/p>\n\n\n\n<p>Chelito, es una buena mujer y una seria servidora p\u00fablica, pero parece que hay quienes poco la cuidan y le ayudan en su trabajo.<\/p>\n\n\n\n<p>La corrupci\u00f3n traducida a trav\u00e9s de la utilizaci\u00f3n de recursos p\u00fablicos para alimentar redes clientelares y favorecer al partido gobernante ha sido pr\u00e1ctica recurrente, a veces tolerada por los ciudadanos, pero resulta m\u00e1s grave que todo el aparato de control y evaluaci\u00f3n del gobierno que existe como CONTRALOR\u00cdA GENERAL en los Estados y la SECRETAR\u00cdA DE LA FUNCI\u00d3N P\u00daBLICA en lo federal, esquemas que existen en todas las instituciones, no se alinean al tiempo de la democracia, los avances en materia de la transparencia, rendici\u00f3n de cuentas y hasta en la protecci\u00f3n de los derechos humanos.<\/p>\n\n\n\n<p>Las filtraciones estar\u00e1n m\u00e1s cerca de toda la visibilidad entre la sociedad camino a la elecci\u00f3n hist\u00f3rica venidera. La impunidad y los grandes esc\u00e1ndalos en los \u00e1mbitos federal y locales se vinculan a las campa\u00f1as pol\u00edticas y aunque se lleguen a judicializar las investigaciones, seguir\u00e1n sin imponerse castigos, y mucho menos ejemplares, a quienes las generan y hasta promueven, pues en la pol\u00edtica hay de todo como en la vi\u00f1a del Se\u00f1or.<\/p>\n\n\n\n<p>Muy a pesar de la creciente demanda social en contra de la corrupci\u00f3n en campa\u00f1as pol\u00edticas se ha enfocado el INE y el OPLE,- autoridades que organizan los comicios y fiscaliza el dinero de los partidos,- y carecen de las herramientas t\u00e9cnicas y de la inteligencia financiera para investigar y sancionar actos de corrupci\u00f3n y han provocado desconfianza, y ojo, est\u00e1n poniendo en riesgo la credibilidad de los resultados de la elecci\u00f3n del 2024.<\/p>\n\n\n\n<p>UN CAF\u00c9 NEGRO VERACRUZANO<\/p>\n\n\n\n<p>El lenguaje y la conexi\u00f3n de los candidatos y las candidatas con electores de todas las edades ser\u00e1 fundamental para aumentar m\u00fasculo e ir tomando ventaja en puntos, pues el margen de 30 puntos en 2018 ahora podr\u00eda rondar abajo de los 10 puntos en el arranque formal, de ah\u00ed que no debe perderse de vista que los diagn\u00f3sticos cambian, pues la elecci\u00f3n tiende a irse cerrando en los pr\u00f3ximos diez meses.<\/p>\n\n\n\n<p>\u00a1 ES CUANTO !<\/p>\n\n\n\n<p>enriquezambell@gmail.com<\/p>\n","protected":false},"excerpt":{"rendered":"<p>Jos\u00e9 Luis Enr\u00edquez Ambell Caf\u00e9 de Ma\u00f1ana Partamos reconociendo que no hay liderazgos sociales s\u00f3lidos actualmente. \u00abLos equipos de campa\u00f1a\u00bb no siempre resultan ser \u00abel equipo para la transici\u00f3n\u00bb como a veces tampoco \u00abel equipo para ser Gobierno\u00bb; ni al inicio, intermedio o al final. Y es que esos escenarios &#8211; campa\u00f1a, transici\u00f3n y gobierno [&hellip;]<\/p>\n","protected":false},"author":2,"featured_media":0,"comment_status":"closed","ping_status":"closed","sticky":false,"template":"","format":"standard","meta":{"tdm_status":"","tdm_grid_status":"","footnotes":""},"categories":[70],"tags":[1375,9627,1026,266,251,3578,195,17531],"class_list":{"0":"post-110686","1":"post","2":"type-post","3":"status-publish","4":"format-standard","6":"category-de-opinion","7":"tag-beatriz-paredes-rangel","8":"tag-claudia-sheinbaum","9":"tag-morena","10":"tag-pan","11":"tag-pri","12":"tag-rocio-nahle","13":"tag-veracruz","14":"tag-xochitl-galvez"},"yoast_head":"<!-- This site is optimized with the Yoast SEO plugin v27.4 - https:\/\/yoast.com\/product\/yoast-seo-wordpress\/ -->\n<title>LOS EQUIPOS DE CAMPA\u00d1A POL\u00cdTICA - Los pol\u00edticos Veracruz<\/title>\n<meta name=\"robots\" content=\"index, follow, max-snippet:-1, max-image-preview:large, max-video-preview:-1\" \/>\n<link rel=\"canonical\" href=\"https:\/\/lospoliticosveracruz.com\/?p=110686\" \/>\n<meta property=\"og:locale\" content=\"es_ES\" \/>\n<meta property=\"og:type\" content=\"article\" \/>\n<meta property=\"og:title\" content=\"LOS EQUIPOS DE CAMPA\u00d1A POL\u00cdTICA - Los pol\u00edticos Veracruz\" \/>\n<meta property=\"og:description\" content=\"Jos\u00e9 Luis Enr\u00edquez Ambell Caf\u00e9 de Ma\u00f1ana Partamos reconociendo que no hay liderazgos sociales s\u00f3lidos actualmente. \u00abLos equipos de campa\u00f1a\u00bb no siempre resultan ser \u00abel equipo para la transici\u00f3n\u00bb como a veces tampoco \u00abel equipo para ser Gobierno\u00bb; ni al inicio, intermedio o al final. Y es que esos escenarios &#8211; campa\u00f1a, transici\u00f3n y gobierno [&hellip;]\" \/>\n<meta property=\"og:url\" content=\"https:\/\/lospoliticosveracruz.com\/?p=110686\" \/>\n<meta property=\"og:site_name\" content=\"Los pol\u00edticos Veracruz\" \/>\n<meta property=\"article:publisher\" content=\"https:\/\/www.facebook.com\/people\/Notimemes-de-los-Polticos\/61565672886568\/\" \/>\n<meta property=\"article:published_time\" content=\"2023-08-28T01:02:06+00:00\" \/>\n<meta property=\"article:modified_time\" content=\"2023-08-28T01:02:11+00:00\" \/>\n<meta property=\"og:image\" content=\"https:\/\/lospoliticosveracruz.com\/wp-content\/uploads\/2016\/07\/Logo-Dor.jpg\" \/>\n\t<meta property=\"og:image:width\" content=\"200\" \/>\n\t<meta property=\"og:image:height\" content=\"200\" \/>\n\t<meta property=\"og:image:type\" content=\"image\/jpeg\" \/>\n<meta name=\"author\" content=\"Lo viste en Los Pol\u00edticos\" \/>\n<meta name=\"twitter:card\" content=\"summary_large_image\" \/>\n<meta name=\"twitter:creator\" content=\"@LosPoliticosVer\" \/>\n<meta name=\"twitter:site\" content=\"@LosPoliticosVer\" \/>\n<meta name=\"twitter:label1\" content=\"Escrito por\" \/>\n\t<meta name=\"twitter:data1\" content=\"Lo viste en Los Pol\u00edticos\" \/>\n\t<meta name=\"twitter:label2\" content=\"Tiempo de lectura\" \/>\n\t<meta name=\"twitter:data2\" content=\"5 minutos\" \/>\n<script type=\"application\/ld+json\" class=\"yoast-schema-graph\">{\"@context\":\"https:\\\/\\\/schema.org\",\"@graph\":[{\"@type\":\"Article\",\"@id\":\"https:\\\/\\\/lospoliticosveracruz.com\\\/?p=110686#article\",\"isPartOf\":{\"@id\":\"https:\\\/\\\/lospoliticosveracruz.com\\\/?p=110686\"},\"author\":{\"name\":\"Lo viste en Los Pol\u00edticos\",\"@id\":\"https:\\\/\\\/lospoliticosveracruz.com\\\/#\\\/schema\\\/person\\\/b8702bb0e538456e6efd07080bf2a4a2\"},\"headline\":\"LOS EQUIPOS DE CAMPA\u00d1A POL\u00cdTICA\",\"datePublished\":\"2023-08-28T01:02:06+00:00\",\"dateModified\":\"2023-08-28T01:02:11+00:00\",\"mainEntityOfPage\":{\"@id\":\"https:\\\/\\\/lospoliticosveracruz.com\\\/?p=110686\"},\"wordCount\":1077,\"publisher\":{\"@id\":\"https:\\\/\\\/lospoliticosveracruz.com\\\/#organization\"},\"keywords\":[\"Beatriz Paredes Rangel\",\"Claudia Sheinbaum\",\"Morena\",\"PAN\",\"PRI\",\"Roc\u00edo Nahle\",\"Veracruz\",\"X\u00f3chitl G\u00e1lvez\"],\"articleSection\":[\"De Opini\u00f3n\"],\"inLanguage\":\"es\"},{\"@type\":\"WebPage\",\"@id\":\"https:\\\/\\\/lospoliticosveracruz.com\\\/?p=110686\",\"url\":\"https:\\\/\\\/lospoliticosveracruz.com\\\/?p=110686\",\"name\":\"LOS EQUIPOS DE CAMPA\u00d1A POL\u00cdTICA - Los pol\u00edticos Veracruz\",\"isPartOf\":{\"@id\":\"https:\\\/\\\/lospoliticosveracruz.com\\\/#website\"},\"datePublished\":\"2023-08-28T01:02:06+00:00\",\"dateModified\":\"2023-08-28T01:02:11+00:00\",\"breadcrumb\":{\"@id\":\"https:\\\/\\\/lospoliticosveracruz.com\\\/?p=110686#breadcrumb\"},\"inLanguage\":\"es\",\"potentialAction\":[{\"@type\":\"ReadAction\",\"target\":[\"https:\\\/\\\/lospoliticosveracruz.com\\\/?p=110686\"]}]},{\"@type\":\"BreadcrumbList\",\"@id\":\"https:\\\/\\\/lospoliticosveracruz.com\\\/?p=110686#breadcrumb\",\"itemListElement\":[{\"@type\":\"ListItem\",\"position\":1,\"name\":\"Portada\",\"item\":\"https:\\\/\\\/lospoliticosveracruz.com\\\/\"},{\"@type\":\"ListItem\",\"position\":2,\"name\":\"LOS EQUIPOS DE CAMPA\u00d1A POL\u00cdTICA\"}]},{\"@type\":\"WebSite\",\"@id\":\"https:\\\/\\\/lospoliticosveracruz.com\\\/#website\",\"url\":\"https:\\\/\\\/lospoliticosveracruz.com\\\/\",\"name\":\"Los pol\u00edticos Veracruz\",\"description\":\"\",\"publisher\":{\"@id\":\"https:\\\/\\\/lospoliticosveracruz.com\\\/#organization\"},\"potentialAction\":[{\"@type\":\"SearchAction\",\"target\":{\"@type\":\"EntryPoint\",\"urlTemplate\":\"https:\\\/\\\/lospoliticosveracruz.com\\\/?s={search_term_string}\"},\"query-input\":{\"@type\":\"PropertyValueSpecification\",\"valueRequired\":true,\"valueName\":\"search_term_string\"}}],\"inLanguage\":\"es\"},{\"@type\":\"Organization\",\"@id\":\"https:\\\/\\\/lospoliticosveracruz.com\\\/#organization\",\"name\":\"Los pol\u00edticos Veracruz\",\"url\":\"https:\\\/\\\/lospoliticosveracruz.com\\\/\",\"logo\":{\"@type\":\"ImageObject\",\"inLanguage\":\"es\",\"@id\":\"https:\\\/\\\/lospoliticosveracruz.com\\\/#\\\/schema\\\/logo\\\/image\\\/\",\"url\":\"https:\\\/\\\/lospoliticosveracruz.com\\\/wp-content\\\/uploads\\\/2025\\\/12\\\/Logo-Nuevo-LOS-POLITICOS-1.jpg\",\"contentUrl\":\"https:\\\/\\\/lospoliticosveracruz.com\\\/wp-content\\\/uploads\\\/2025\\\/12\\\/Logo-Nuevo-LOS-POLITICOS-1.jpg\",\"width\":260,\"height\":70,\"caption\":\"Los pol\u00edticos Veracruz\"},\"image\":{\"@id\":\"https:\\\/\\\/lospoliticosveracruz.com\\\/#\\\/schema\\\/logo\\\/image\\\/\"},\"sameAs\":[\"https:\\\/\\\/www.facebook.com\\\/people\\\/Notimemes-de-los-Polticos\\\/61565672886568\\\/\",\"https:\\\/\\\/x.com\\\/LosPoliticosVer\"]},{\"@type\":\"Person\",\"@id\":\"https:\\\/\\\/lospoliticosveracruz.com\\\/#\\\/schema\\\/person\\\/b8702bb0e538456e6efd07080bf2a4a2\",\"name\":\"Lo viste en Los Pol\u00edticos\",\"image\":{\"@type\":\"ImageObject\",\"inLanguage\":\"es\",\"@id\":\"https:\\\/\\\/secure.gravatar.com\\\/avatar\\\/3a8de04a2656d44082be478bd6c086daa447c4651605818287b9532d3d0bd435?s=96&d=mm&r=g\",\"url\":\"https:\\\/\\\/secure.gravatar.com\\\/avatar\\\/3a8de04a2656d44082be478bd6c086daa447c4651605818287b9532d3d0bd435?s=96&d=mm&r=g\",\"contentUrl\":\"https:\\\/\\\/secure.gravatar.com\\\/avatar\\\/3a8de04a2656d44082be478bd6c086daa447c4651605818287b9532d3d0bd435?s=96&d=mm&r=g\",\"caption\":\"Lo viste en Los Pol\u00edticos\"},\"url\":\"https:\\\/\\\/lospoliticosveracruz.com\\\/?author=2\"}]}<\/script>\n<!-- \/ Yoast SEO plugin. -->","yoast_head_json":{"title":"LOS EQUIPOS DE CAMPA\u00d1A POL\u00cdTICA - Los pol\u00edticos Veracruz","robots":{"index":"index","follow":"follow","max-snippet":"max-snippet:-1","max-image-preview":"max-image-preview:large","max-video-preview":"max-video-preview:-1"},"canonical":"https:\/\/lospoliticosveracruz.com\/?p=110686","og_locale":"es_ES","og_type":"article","og_title":"LOS EQUIPOS DE CAMPA\u00d1A POL\u00cdTICA - Los pol\u00edticos Veracruz","og_description":"Jos\u00e9 Luis Enr\u00edquez Ambell Caf\u00e9 de Ma\u00f1ana Partamos reconociendo que no hay liderazgos sociales s\u00f3lidos actualmente. \u00abLos equipos de campa\u00f1a\u00bb no siempre resultan ser \u00abel equipo para la transici\u00f3n\u00bb como a veces tampoco \u00abel equipo para ser Gobierno\u00bb; ni al inicio, intermedio o al final. Y es que esos escenarios &#8211; campa\u00f1a, transici\u00f3n y gobierno [&hellip;]","og_url":"https:\/\/lospoliticosveracruz.com\/?p=110686","og_site_name":"Los pol\u00edticos Veracruz","article_publisher":"https:\/\/www.facebook.com\/people\/Notimemes-de-los-Polticos\/61565672886568\/","article_published_time":"2023-08-28T01:02:06+00:00","article_modified_time":"2023-08-28T01:02:11+00:00","og_image":[{"width":200,"height":200,"url":"https:\/\/lospoliticosveracruz.com\/wp-content\/uploads\/2016\/07\/Logo-Dor.jpg","type":"image\/jpeg"}],"author":"Lo viste en Los Pol\u00edticos","twitter_card":"summary_large_image","twitter_creator":"@LosPoliticosVer","twitter_site":"@LosPoliticosVer","twitter_misc":{"Escrito por":"Lo viste en Los Pol\u00edticos","Tiempo de lectura":"5 minutos"},"schema":{"@context":"https:\/\/schema.org","@graph":[{"@type":"Article","@id":"https:\/\/lospoliticosveracruz.com\/?p=110686#article","isPartOf":{"@id":"https:\/\/lospoliticosveracruz.com\/?p=110686"},"author":{"name":"Lo viste en Los Pol\u00edticos","@id":"https:\/\/lospoliticosveracruz.com\/#\/schema\/person\/b8702bb0e538456e6efd07080bf2a4a2"},"headline":"LOS EQUIPOS DE CAMPA\u00d1A POL\u00cdTICA","datePublished":"2023-08-28T01:02:06+00:00","dateModified":"2023-08-28T01:02:11+00:00","mainEntityOfPage":{"@id":"https:\/\/lospoliticosveracruz.com\/?p=110686"},"wordCount":1077,"publisher":{"@id":"https:\/\/lospoliticosveracruz.com\/#organization"},"keywords":["Beatriz Paredes Rangel","Claudia Sheinbaum","Morena","PAN","PRI","Roc\u00edo Nahle","Veracruz","X\u00f3chitl G\u00e1lvez"],"articleSection":["De Opini\u00f3n"],"inLanguage":"es"},{"@type":"WebPage","@id":"https:\/\/lospoliticosveracruz.com\/?p=110686","url":"https:\/\/lospoliticosveracruz.com\/?p=110686","name":"LOS EQUIPOS DE CAMPA\u00d1A POL\u00cdTICA - Los pol\u00edticos Veracruz","isPartOf":{"@id":"https:\/\/lospoliticosveracruz.com\/#website"},"datePublished":"2023-08-28T01:02:06+00:00","dateModified":"2023-08-28T01:02:11+00:00","breadcrumb":{"@id":"https:\/\/lospoliticosveracruz.com\/?p=110686#breadcrumb"},"inLanguage":"es","potentialAction":[{"@type":"ReadAction","target":["https:\/\/lospoliticosveracruz.com\/?p=110686"]}]},{"@type":"BreadcrumbList","@id":"https:\/\/lospoliticosveracruz.com\/?p=110686#breadcrumb","itemListElement":[{"@type":"ListItem","position":1,"name":"Portada","item":"https:\/\/lospoliticosveracruz.com\/"},{"@type":"ListItem","position":2,"name":"LOS EQUIPOS DE CAMPA\u00d1A POL\u00cdTICA"}]},{"@type":"WebSite","@id":"https:\/\/lospoliticosveracruz.com\/#website","url":"https:\/\/lospoliticosveracruz.com\/","name":"Los pol\u00edticos Veracruz","description":"","publisher":{"@id":"https:\/\/lospoliticosveracruz.com\/#organization"},"potentialAction":[{"@type":"SearchAction","target":{"@type":"EntryPoint","urlTemplate":"https:\/\/lospoliticosveracruz.com\/?s={search_term_string}"},"query-input":{"@type":"PropertyValueSpecification","valueRequired":true,"valueName":"search_term_string"}}],"inLanguage":"es"},{"@type":"Organization","@id":"https:\/\/lospoliticosveracruz.com\/#organization","name":"Los pol\u00edticos Veracruz","url":"https:\/\/lospoliticosveracruz.com\/","logo":{"@type":"ImageObject","inLanguage":"es","@id":"https:\/\/lospoliticosveracruz.com\/#\/schema\/logo\/image\/","url":"https:\/\/lospoliticosveracruz.com\/wp-content\/uploads\/2025\/12\/Logo-Nuevo-LOS-POLITICOS-1.jpg","contentUrl":"https:\/\/lospoliticosveracruz.com\/wp-content\/uploads\/2025\/12\/Logo-Nuevo-LOS-POLITICOS-1.jpg","width":260,"height":70,"caption":"Los pol\u00edticos Veracruz"},"image":{"@id":"https:\/\/lospoliticosveracruz.com\/#\/schema\/logo\/image\/"},"sameAs":["https:\/\/www.facebook.com\/people\/Notimemes-de-los-Polticos\/61565672886568\/","https:\/\/x.com\/LosPoliticosVer"]},{"@type":"Person","@id":"https:\/\/lospoliticosveracruz.com\/#\/schema\/person\/b8702bb0e538456e6efd07080bf2a4a2","name":"Lo viste en Los Pol\u00edticos","image":{"@type":"ImageObject","inLanguage":"es","@id":"https:\/\/secure.gravatar.com\/avatar\/3a8de04a2656d44082be478bd6c086daa447c4651605818287b9532d3d0bd435?s=96&d=mm&r=g","url":"https:\/\/secure.gravatar.com\/avatar\/3a8de04a2656d44082be478bd6c086daa447c4651605818287b9532d3d0bd435?s=96&d=mm&r=g","contentUrl":"https:\/\/secure.gravatar.com\/avatar\/3a8de04a2656d44082be478bd6c086daa447c4651605818287b9532d3d0bd435?s=96&d=mm&r=g","caption":"Lo viste en Los Pol\u00edticos"},"url":"https:\/\/lospoliticosveracruz.com\/?author=2"}]}},"_links":{"self":[{"href":"https:\/\/lospoliticosveracruz.com\/index.php?rest_route=\/wp\/v2\/posts\/110686","targetHints":{"allow":["GET"]}}],"collection":[{"href":"https:\/\/lospoliticosveracruz.com\/index.php?rest_route=\/wp\/v2\/posts"}],"about":[{"href":"https:\/\/lospoliticosveracruz.com\/index.php?rest_route=\/wp\/v2\/types\/post"}],"author":[{"embeddable":true,"href":"https:\/\/lospoliticosveracruz.com\/index.php?rest_route=\/wp\/v2\/users\/2"}],"replies":[{"embeddable":true,"href":"https:\/\/lospoliticosveracruz.com\/index.php?rest_route=%2Fwp%2Fv2%2Fcomments&post=110686"}],"version-history":[{"count":1,"href":"https:\/\/lospoliticosveracruz.com\/index.php?rest_route=\/wp\/v2\/posts\/110686\/revisions"}],"predecessor-version":[{"id":110687,"href":"https:\/\/lospoliticosveracruz.com\/index.php?rest_route=\/wp\/v2\/posts\/110686\/revisions\/110687"}],"wp:attachment":[{"href":"https:\/\/lospoliticosveracruz.com\/index.php?rest_route=%2Fwp%2Fv2%2Fmedia&parent=110686"}],"wp:term":[{"taxonomy":"category","embeddable":true,"href":"https:\/\/lospoliticosveracruz.com\/index.php?rest_route=%2Fwp%2Fv2%2Fcategories&post=110686"},{"taxonomy":"post_tag","embeddable":true,"href":"https:\/\/lospoliticosveracruz.com\/index.php?rest_route=%2Fwp%2Fv2%2Ftags&post=110686"}],"curies":[{"name":"wp","href":"https:\/\/api.w.org\/{rel}","templated":true}]}}