{"id":110726,"date":"2023-08-28T11:33:03","date_gmt":"2023-08-28T16:33:03","guid":{"rendered":"https:\/\/lospoliticosveracruz.com.mx\/?p=110726"},"modified":"2023-08-28T11:33:07","modified_gmt":"2023-08-28T16:33:07","slug":"regreso-a-clases-6","status":"publish","type":"post","link":"https:\/\/lospoliticosveracruz.com\/?p=110726","title":{"rendered":"REGRESO A CLASES"},"content":{"rendered":"\n<p><strong>Elena C\u00f3rdova Molina<\/strong><\/p>\n\n\n\n<p><em>Veracruz profundo<\/em>\u00a0<\/p>\n\n\n\n<p>Hoy es un gran d\u00eda. El regreso a clases mueve la agenda oficial en muchos sentidos, sociales y econ\u00f3micos, principalmente. A nivel nacional, retornan a sus actividades escolares m\u00e1s de 24 millones de estudiantes de casi todos los niveles. En nuestro querido estado de Veracruz, m\u00e1s de 2 millones de estudiantes de educaci\u00f3n b\u00e1sica retoman su formaci\u00f3n acad\u00e9mica en casi 24 mil planteles escolares. <br><\/p>\n\n\n<div class=\"wp-block-image\">\n<figure class=\"alignleft size-medium\"><a href=\"https:\/\/lospoliticosveracruz.com.mx\/wp-content\/uploads\/2021\/10\/WhatsApp-Image-2021-10-02-at-15.20.25.jpeg\"><img loading=\"lazy\" decoding=\"async\" width=\"212\" height=\"300\" src=\"https:\/\/lospoliticosveracruz.com.mx\/wp-content\/uploads\/2021\/10\/WhatsApp-Image-2021-10-02-at-15.20.25-212x300.jpeg\" alt=\"\" class=\"wp-image-80177\" srcset=\"https:\/\/lospoliticosveracruz.com\/wp-content\/uploads\/2021\/10\/WhatsApp-Image-2021-10-02-at-15.20.25-212x300.jpeg 212w, https:\/\/lospoliticosveracruz.com\/wp-content\/uploads\/2021\/10\/WhatsApp-Image-2021-10-02-at-15.20.25-724x1024.jpeg 724w, https:\/\/lospoliticosveracruz.com\/wp-content\/uploads\/2021\/10\/WhatsApp-Image-2021-10-02-at-15.20.25-768x1086.jpeg 768w, https:\/\/lospoliticosveracruz.com\/wp-content\/uploads\/2021\/10\/WhatsApp-Image-2021-10-02-at-15.20.25.jpeg 905w\" sizes=\"auto, (max-width: 212px) 100vw, 212px\" \/><\/a><\/figure>\n<\/div>\n\n\n<p>\u00a0<\/p>\n\n\n\n<p>Como adultos e integrantes de una familia, vienen a nuestra mente los recuerdos de esa hermosa etapa, porque algo que es indudable es que el inicio escolar no se puede comparar en la zona rural a la ciudad. Son diferentes contextos y circunstancias. Me atrevo a asegurar que el regreso a clases en el campo es como si se reuniera cotidianamente una gran familia. Todos nos conocemos y tenemos mucho en com\u00fan. Las zonas urbanas son m\u00e1s complejas y tiene mucha mas movilidad escolar. &nbsp;Incluso, cada a\u00f1o hay variaciones en las listas de alumnos, algunos se van, otros llegan; hay cambios subst\u00e1nciales. Se combinan grupos, cambian turnos. En el campo es casi seguro que el mismo grupo llegue, en el caso de la primaria, hasta final juntos.<\/p>\n\n\n\n<p>Inevitable es no dejar de ver lo que sucede hoy en d\u00eda con la educaci\u00f3n. Pero hay que dejar a un lado la pol\u00edtica moment\u00e1neamente. Esta fecha, me permite hacer un gran reconocimiento a los padres de familia y el magisterio, a mi juicio los verdaderos h\u00e9roes de siempre en el tema educativo nacional. A los padres de familia por esa voluntad, esfuerzo y entrega que hacen para con sus hijos y puedan obtener una educaci\u00f3n que les permita, en la medida de sus posibilidades, lograr y aspirar a un mejor futuro, acad\u00e9mico y laboral.&nbsp;<\/p>\n\n\n\n<p>Todos, a la distancia, recordamos como nuestra madre y padre, hac\u00edan sus sacrificios de cada ciclo escolar apara darnos todo lo necesario: uniformes, zapatos, \u00fatiles, alimentos&#8230; Recordamos con profundo agradecimiento, como a largo de muchos meses, se hacen privaciones familiares para darnos lo esencial en cuanto a las necesidades que tuvimos como alumnos, como ni\u00f1os y j\u00f3venes. Eso no cambia nunca.<\/p>\n\n\n\n<p>A los maestros, todo mi reconocimiento por su gran labor pedag\u00f3gica. Todos los maestros son importantes, en todos los niveles educativos. Todos tiene una gran e invaluable labor. Hoy tienen un gran reto, sobre todo con los nuevos libros de texto. Las maestras y maestros de M\u00e9xico tienen en sus manos, no exagero, el alma ansiosa y anhelante de los ni\u00f1os que aprenden con una sed de conocimiento lo que su maestro les ense\u00f1e. &nbsp;Es una gran responsabilidad, mi admiraci\u00f3n y respeto, para ustedes siempre. Los maestros son hist\u00f3ricamente agentes de cambio en las comunidades y zonas urbanas. Recae en ellos una funci\u00f3n m\u00e1s que pedagog\u00eda sino tambi\u00e9n social. Forman, ense\u00f1an, educan y trasmiten el conocimiento b\u00e1sico para que los ni\u00f1os y j\u00f3venes moldeen su pensamiento y la forma de ver el mundo. &nbsp;<\/p>\n\n\n\n<p>Hoy, m\u00e1s que nunca, se requiere la participaci\u00f3n activa y presencial de los padres en el proceso educativo mexicano. Sumado a ello, los maestros deben estimular m\u00e1s aun esta asistencia tutelar en sus actividades. Ambos tienen en sus manos una generaci\u00f3n de ni\u00f1os y j\u00f3venes que enfrenta grandes dilemas. Afortunadamente, existen mayores y mejores herramientas que puedan apoyar esta tit\u00e1nica labor. La comunicaci\u00f3n entre padres y maestros, se facilita por las redes sociales. La comunicaci\u00f3n en l\u00ednea como mensajes de texto, email y redes sociales, es m\u00e1s que \u00fatil. As\u00ed que s\u00ed hay forma, solo falta la voluntad y la responsabilidad. Estoy convencida de que solo con un trabajo conjunto se alcanzaran los objetivos educativos. &nbsp;Qu\u00e9 as\u00ed sea, que tengan el mejor regreso a clases todas y todos. Enhorabuena.<\/p>\n","protected":false},"excerpt":{"rendered":"<p>Elena C\u00f3rdova Molina Veracruz profundo\u00a0 Hoy es un gran d\u00eda. El regreso a clases mueve la agenda oficial en muchos sentidos, sociales y econ\u00f3micos, principalmente. A nivel nacional, retornan a sus actividades escolares m\u00e1s de 24 millones de estudiantes de casi todos los niveles. En nuestro querido estado de Veracruz, m\u00e1s de 2 millones de [&hellip;]<\/p>\n","protected":false},"author":2,"featured_media":0,"comment_status":"closed","ping_status":"closed","sticky":false,"template":"","format":"standard","meta":{"tdm_status":"","tdm_grid_status":"","footnotes":""},"categories":[70],"tags":[4673,2327,5899],"class_list":{"0":"post-110726","1":"post","2":"type-post","3":"status-publish","4":"format-standard","6":"category-de-opinion","7":"tag-elena-cordova-molina","8":"tag-movimiento-ciudadano","9":"tag-regreso-a-clases"},"yoast_head":"<!-- This site is optimized with the Yoast SEO plugin v27.4 - https:\/\/yoast.com\/product\/yoast-seo-wordpress\/ -->\n<title>REGRESO A CLASES - Los pol\u00edticos Veracruz<\/title>\n<meta name=\"robots\" content=\"index, follow, max-snippet:-1, max-image-preview:large, max-video-preview:-1\" \/>\n<link rel=\"canonical\" href=\"https:\/\/lospoliticosveracruz.com\/?p=110726\" \/>\n<meta property=\"og:locale\" content=\"es_ES\" \/>\n<meta property=\"og:type\" content=\"article\" \/>\n<meta property=\"og:title\" content=\"REGRESO A CLASES - Los pol\u00edticos Veracruz\" \/>\n<meta property=\"og:description\" content=\"Elena C\u00f3rdova Molina Veracruz profundo\u00a0 Hoy es un gran d\u00eda. El regreso a clases mueve la agenda oficial en muchos sentidos, sociales y econ\u00f3micos, principalmente. A nivel nacional, retornan a sus actividades escolares m\u00e1s de 24 millones de estudiantes de casi todos los niveles. En nuestro querido estado de Veracruz, m\u00e1s de 2 millones de [&hellip;]\" \/>\n<meta property=\"og:url\" content=\"https:\/\/lospoliticosveracruz.com\/?p=110726\" \/>\n<meta property=\"og:site_name\" content=\"Los pol\u00edticos Veracruz\" \/>\n<meta property=\"article:publisher\" content=\"https:\/\/www.facebook.com\/people\/Notimemes-de-los-Polticos\/61565672886568\/\" \/>\n<meta property=\"article:published_time\" content=\"2023-08-28T16:33:03+00:00\" \/>\n<meta property=\"article:modified_time\" content=\"2023-08-28T16:33:07+00:00\" \/>\n<meta property=\"og:image\" content=\"https:\/\/lospoliticosveracruz.com.mx\/wp-content\/uploads\/2021\/10\/WhatsApp-Image-2021-10-02-at-15.20.25-212x300.jpeg\" \/>\n<meta name=\"author\" content=\"Lo viste en Los Pol\u00edticos\" \/>\n<meta name=\"twitter:card\" content=\"summary_large_image\" \/>\n<meta name=\"twitter:creator\" content=\"@LosPoliticosVer\" \/>\n<meta name=\"twitter:site\" content=\"@LosPoliticosVer\" \/>\n<meta name=\"twitter:label1\" content=\"Escrito por\" \/>\n\t<meta name=\"twitter:data1\" content=\"Lo viste en Los Pol\u00edticos\" \/>\n\t<meta name=\"twitter:label2\" content=\"Tiempo de lectura\" \/>\n\t<meta name=\"twitter:data2\" content=\"3 minutos\" \/>\n<script type=\"application\/ld+json\" class=\"yoast-schema-graph\">{\"@context\":\"https:\\\/\\\/schema.org\",\"@graph\":[{\"@type\":\"Article\",\"@id\":\"https:\\\/\\\/lospoliticosveracruz.com\\\/?p=110726#article\",\"isPartOf\":{\"@id\":\"https:\\\/\\\/lospoliticosveracruz.com\\\/?p=110726\"},\"author\":{\"name\":\"Lo viste en Los Pol\u00edticos\",\"@id\":\"https:\\\/\\\/lospoliticosveracruz.com\\\/#\\\/schema\\\/person\\\/b8702bb0e538456e6efd07080bf2a4a2\"},\"headline\":\"REGRESO A CLASES\",\"datePublished\":\"2023-08-28T16:33:03+00:00\",\"dateModified\":\"2023-08-28T16:33:07+00:00\",\"mainEntityOfPage\":{\"@id\":\"https:\\\/\\\/lospoliticosveracruz.com\\\/?p=110726\"},\"wordCount\":667,\"publisher\":{\"@id\":\"https:\\\/\\\/lospoliticosveracruz.com\\\/#organization\"},\"image\":{\"@id\":\"https:\\\/\\\/lospoliticosveracruz.com\\\/?p=110726#primaryimage\"},\"thumbnailUrl\":\"https:\\\/\\\/lospoliticosveracruz.com.mx\\\/wp-content\\\/uploads\\\/2021\\\/10\\\/WhatsApp-Image-2021-10-02-at-15.20.25-212x300.jpeg\",\"keywords\":[\"Elena C\u00f3rdova Molina\",\"Movimiento Ciudadano\",\"Regreso a clases\"],\"articleSection\":[\"De Opini\u00f3n\"],\"inLanguage\":\"es\"},{\"@type\":\"WebPage\",\"@id\":\"https:\\\/\\\/lospoliticosveracruz.com\\\/?p=110726\",\"url\":\"https:\\\/\\\/lospoliticosveracruz.com\\\/?p=110726\",\"name\":\"REGRESO A CLASES - Los pol\u00edticos Veracruz\",\"isPartOf\":{\"@id\":\"https:\\\/\\\/lospoliticosveracruz.com\\\/#website\"},\"primaryImageOfPage\":{\"@id\":\"https:\\\/\\\/lospoliticosveracruz.com\\\/?p=110726#primaryimage\"},\"image\":{\"@id\":\"https:\\\/\\\/lospoliticosveracruz.com\\\/?p=110726#primaryimage\"},\"thumbnailUrl\":\"https:\\\/\\\/lospoliticosveracruz.com.mx\\\/wp-content\\\/uploads\\\/2021\\\/10\\\/WhatsApp-Image-2021-10-02-at-15.20.25-212x300.jpeg\",\"datePublished\":\"2023-08-28T16:33:03+00:00\",\"dateModified\":\"2023-08-28T16:33:07+00:00\",\"breadcrumb\":{\"@id\":\"https:\\\/\\\/lospoliticosveracruz.com\\\/?p=110726#breadcrumb\"},\"inLanguage\":\"es\",\"potentialAction\":[{\"@type\":\"ReadAction\",\"target\":[\"https:\\\/\\\/lospoliticosveracruz.com\\\/?p=110726\"]}]},{\"@type\":\"ImageObject\",\"inLanguage\":\"es\",\"@id\":\"https:\\\/\\\/lospoliticosveracruz.com\\\/?p=110726#primaryimage\",\"url\":\"https:\\\/\\\/lospoliticosveracruz.com.mx\\\/wp-content\\\/uploads\\\/2021\\\/10\\\/WhatsApp-Image-2021-10-02-at-15.20.25-212x300.jpeg\",\"contentUrl\":\"https:\\\/\\\/lospoliticosveracruz.com.mx\\\/wp-content\\\/uploads\\\/2021\\\/10\\\/WhatsApp-Image-2021-10-02-at-15.20.25-212x300.jpeg\"},{\"@type\":\"BreadcrumbList\",\"@id\":\"https:\\\/\\\/lospoliticosveracruz.com\\\/?p=110726#breadcrumb\",\"itemListElement\":[{\"@type\":\"ListItem\",\"position\":1,\"name\":\"Portada\",\"item\":\"https:\\\/\\\/lospoliticosveracruz.com\\\/\"},{\"@type\":\"ListItem\",\"position\":2,\"name\":\"REGRESO A CLASES\"}]},{\"@type\":\"WebSite\",\"@id\":\"https:\\\/\\\/lospoliticosveracruz.com\\\/#website\",\"url\":\"https:\\\/\\\/lospoliticosveracruz.com\\\/\",\"name\":\"Los pol\u00edticos Veracruz\",\"description\":\"\",\"publisher\":{\"@id\":\"https:\\\/\\\/lospoliticosveracruz.com\\\/#organization\"},\"potentialAction\":[{\"@type\":\"SearchAction\",\"target\":{\"@type\":\"EntryPoint\",\"urlTemplate\":\"https:\\\/\\\/lospoliticosveracruz.com\\\/?s={search_term_string}\"},\"query-input\":{\"@type\":\"PropertyValueSpecification\",\"valueRequired\":true,\"valueName\":\"search_term_string\"}}],\"inLanguage\":\"es\"},{\"@type\":\"Organization\",\"@id\":\"https:\\\/\\\/lospoliticosveracruz.com\\\/#organization\",\"name\":\"Los pol\u00edticos Veracruz\",\"url\":\"https:\\\/\\\/lospoliticosveracruz.com\\\/\",\"logo\":{\"@type\":\"ImageObject\",\"inLanguage\":\"es\",\"@id\":\"https:\\\/\\\/lospoliticosveracruz.com\\\/#\\\/schema\\\/logo\\\/image\\\/\",\"url\":\"https:\\\/\\\/lospoliticosveracruz.com\\\/wp-content\\\/uploads\\\/2025\\\/12\\\/Logo-Nuevo-LOS-POLITICOS-1.jpg\",\"contentUrl\":\"https:\\\/\\\/lospoliticosveracruz.com\\\/wp-content\\\/uploads\\\/2025\\\/12\\\/Logo-Nuevo-LOS-POLITICOS-1.jpg\",\"width\":260,\"height\":70,\"caption\":\"Los pol\u00edticos Veracruz\"},\"image\":{\"@id\":\"https:\\\/\\\/lospoliticosveracruz.com\\\/#\\\/schema\\\/logo\\\/image\\\/\"},\"sameAs\":[\"https:\\\/\\\/www.facebook.com\\\/people\\\/Notimemes-de-los-Polticos\\\/61565672886568\\\/\",\"https:\\\/\\\/x.com\\\/LosPoliticosVer\"]},{\"@type\":\"Person\",\"@id\":\"https:\\\/\\\/lospoliticosveracruz.com\\\/#\\\/schema\\\/person\\\/b8702bb0e538456e6efd07080bf2a4a2\",\"name\":\"Lo viste en Los Pol\u00edticos\",\"image\":{\"@type\":\"ImageObject\",\"inLanguage\":\"es\",\"@id\":\"https:\\\/\\\/secure.gravatar.com\\\/avatar\\\/3a8de04a2656d44082be478bd6c086daa447c4651605818287b9532d3d0bd435?s=96&d=mm&r=g\",\"url\":\"https:\\\/\\\/secure.gravatar.com\\\/avatar\\\/3a8de04a2656d44082be478bd6c086daa447c4651605818287b9532d3d0bd435?s=96&d=mm&r=g\",\"contentUrl\":\"https:\\\/\\\/secure.gravatar.com\\\/avatar\\\/3a8de04a2656d44082be478bd6c086daa447c4651605818287b9532d3d0bd435?s=96&d=mm&r=g\",\"caption\":\"Lo viste en Los Pol\u00edticos\"},\"url\":\"https:\\\/\\\/lospoliticosveracruz.com\\\/?author=2\"}]}<\/script>\n<!-- \/ Yoast SEO plugin. -->","yoast_head_json":{"title":"REGRESO A CLASES - Los pol\u00edticos Veracruz","robots":{"index":"index","follow":"follow","max-snippet":"max-snippet:-1","max-image-preview":"max-image-preview:large","max-video-preview":"max-video-preview:-1"},"canonical":"https:\/\/lospoliticosveracruz.com\/?p=110726","og_locale":"es_ES","og_type":"article","og_title":"REGRESO A CLASES - Los pol\u00edticos Veracruz","og_description":"Elena C\u00f3rdova Molina Veracruz profundo\u00a0 Hoy es un gran d\u00eda. El regreso a clases mueve la agenda oficial en muchos sentidos, sociales y econ\u00f3micos, principalmente. A nivel nacional, retornan a sus actividades escolares m\u00e1s de 24 millones de estudiantes de casi todos los niveles. En nuestro querido estado de Veracruz, m\u00e1s de 2 millones de [&hellip;]","og_url":"https:\/\/lospoliticosveracruz.com\/?p=110726","og_site_name":"Los pol\u00edticos Veracruz","article_publisher":"https:\/\/www.facebook.com\/people\/Notimemes-de-los-Polticos\/61565672886568\/","article_published_time":"2023-08-28T16:33:03+00:00","article_modified_time":"2023-08-28T16:33:07+00:00","og_image":[{"url":"https:\/\/lospoliticosveracruz.com.mx\/wp-content\/uploads\/2021\/10\/WhatsApp-Image-2021-10-02-at-15.20.25-212x300.jpeg","type":"","width":"","height":""}],"author":"Lo viste en Los Pol\u00edticos","twitter_card":"summary_large_image","twitter_creator":"@LosPoliticosVer","twitter_site":"@LosPoliticosVer","twitter_misc":{"Escrito por":"Lo viste en Los Pol\u00edticos","Tiempo de lectura":"3 minutos"},"schema":{"@context":"https:\/\/schema.org","@graph":[{"@type":"Article","@id":"https:\/\/lospoliticosveracruz.com\/?p=110726#article","isPartOf":{"@id":"https:\/\/lospoliticosveracruz.com\/?p=110726"},"author":{"name":"Lo viste en Los Pol\u00edticos","@id":"https:\/\/lospoliticosveracruz.com\/#\/schema\/person\/b8702bb0e538456e6efd07080bf2a4a2"},"headline":"REGRESO A CLASES","datePublished":"2023-08-28T16:33:03+00:00","dateModified":"2023-08-28T16:33:07+00:00","mainEntityOfPage":{"@id":"https:\/\/lospoliticosveracruz.com\/?p=110726"},"wordCount":667,"publisher":{"@id":"https:\/\/lospoliticosveracruz.com\/#organization"},"image":{"@id":"https:\/\/lospoliticosveracruz.com\/?p=110726#primaryimage"},"thumbnailUrl":"https:\/\/lospoliticosveracruz.com.mx\/wp-content\/uploads\/2021\/10\/WhatsApp-Image-2021-10-02-at-15.20.25-212x300.jpeg","keywords":["Elena C\u00f3rdova Molina","Movimiento Ciudadano","Regreso a clases"],"articleSection":["De Opini\u00f3n"],"inLanguage":"es"},{"@type":"WebPage","@id":"https:\/\/lospoliticosveracruz.com\/?p=110726","url":"https:\/\/lospoliticosveracruz.com\/?p=110726","name":"REGRESO A CLASES - Los pol\u00edticos Veracruz","isPartOf":{"@id":"https:\/\/lospoliticosveracruz.com\/#website"},"primaryImageOfPage":{"@id":"https:\/\/lospoliticosveracruz.com\/?p=110726#primaryimage"},"image":{"@id":"https:\/\/lospoliticosveracruz.com\/?p=110726#primaryimage"},"thumbnailUrl":"https:\/\/lospoliticosveracruz.com.mx\/wp-content\/uploads\/2021\/10\/WhatsApp-Image-2021-10-02-at-15.20.25-212x300.jpeg","datePublished":"2023-08-28T16:33:03+00:00","dateModified":"2023-08-28T16:33:07+00:00","breadcrumb":{"@id":"https:\/\/lospoliticosveracruz.com\/?p=110726#breadcrumb"},"inLanguage":"es","potentialAction":[{"@type":"ReadAction","target":["https:\/\/lospoliticosveracruz.com\/?p=110726"]}]},{"@type":"ImageObject","inLanguage":"es","@id":"https:\/\/lospoliticosveracruz.com\/?p=110726#primaryimage","url":"https:\/\/lospoliticosveracruz.com.mx\/wp-content\/uploads\/2021\/10\/WhatsApp-Image-2021-10-02-at-15.20.25-212x300.jpeg","contentUrl":"https:\/\/lospoliticosveracruz.com.mx\/wp-content\/uploads\/2021\/10\/WhatsApp-Image-2021-10-02-at-15.20.25-212x300.jpeg"},{"@type":"BreadcrumbList","@id":"https:\/\/lospoliticosveracruz.com\/?p=110726#breadcrumb","itemListElement":[{"@type":"ListItem","position":1,"name":"Portada","item":"https:\/\/lospoliticosveracruz.com\/"},{"@type":"ListItem","position":2,"name":"REGRESO A CLASES"}]},{"@type":"WebSite","@id":"https:\/\/lospoliticosveracruz.com\/#website","url":"https:\/\/lospoliticosveracruz.com\/","name":"Los pol\u00edticos Veracruz","description":"","publisher":{"@id":"https:\/\/lospoliticosveracruz.com\/#organization"},"potentialAction":[{"@type":"SearchAction","target":{"@type":"EntryPoint","urlTemplate":"https:\/\/lospoliticosveracruz.com\/?s={search_term_string}"},"query-input":{"@type":"PropertyValueSpecification","valueRequired":true,"valueName":"search_term_string"}}],"inLanguage":"es"},{"@type":"Organization","@id":"https:\/\/lospoliticosveracruz.com\/#organization","name":"Los pol\u00edticos Veracruz","url":"https:\/\/lospoliticosveracruz.com\/","logo":{"@type":"ImageObject","inLanguage":"es","@id":"https:\/\/lospoliticosveracruz.com\/#\/schema\/logo\/image\/","url":"https:\/\/lospoliticosveracruz.com\/wp-content\/uploads\/2025\/12\/Logo-Nuevo-LOS-POLITICOS-1.jpg","contentUrl":"https:\/\/lospoliticosveracruz.com\/wp-content\/uploads\/2025\/12\/Logo-Nuevo-LOS-POLITICOS-1.jpg","width":260,"height":70,"caption":"Los pol\u00edticos Veracruz"},"image":{"@id":"https:\/\/lospoliticosveracruz.com\/#\/schema\/logo\/image\/"},"sameAs":["https:\/\/www.facebook.com\/people\/Notimemes-de-los-Polticos\/61565672886568\/","https:\/\/x.com\/LosPoliticosVer"]},{"@type":"Person","@id":"https:\/\/lospoliticosveracruz.com\/#\/schema\/person\/b8702bb0e538456e6efd07080bf2a4a2","name":"Lo viste en Los Pol\u00edticos","image":{"@type":"ImageObject","inLanguage":"es","@id":"https:\/\/secure.gravatar.com\/avatar\/3a8de04a2656d44082be478bd6c086daa447c4651605818287b9532d3d0bd435?s=96&d=mm&r=g","url":"https:\/\/secure.gravatar.com\/avatar\/3a8de04a2656d44082be478bd6c086daa447c4651605818287b9532d3d0bd435?s=96&d=mm&r=g","contentUrl":"https:\/\/secure.gravatar.com\/avatar\/3a8de04a2656d44082be478bd6c086daa447c4651605818287b9532d3d0bd435?s=96&d=mm&r=g","caption":"Lo viste en Los Pol\u00edticos"},"url":"https:\/\/lospoliticosveracruz.com\/?author=2"}]}},"_links":{"self":[{"href":"https:\/\/lospoliticosveracruz.com\/index.php?rest_route=\/wp\/v2\/posts\/110726","targetHints":{"allow":["GET"]}}],"collection":[{"href":"https:\/\/lospoliticosveracruz.com\/index.php?rest_route=\/wp\/v2\/posts"}],"about":[{"href":"https:\/\/lospoliticosveracruz.com\/index.php?rest_route=\/wp\/v2\/types\/post"}],"author":[{"embeddable":true,"href":"https:\/\/lospoliticosveracruz.com\/index.php?rest_route=\/wp\/v2\/users\/2"}],"replies":[{"embeddable":true,"href":"https:\/\/lospoliticosveracruz.com\/index.php?rest_route=%2Fwp%2Fv2%2Fcomments&post=110726"}],"version-history":[{"count":1,"href":"https:\/\/lospoliticosveracruz.com\/index.php?rest_route=\/wp\/v2\/posts\/110726\/revisions"}],"predecessor-version":[{"id":110728,"href":"https:\/\/lospoliticosveracruz.com\/index.php?rest_route=\/wp\/v2\/posts\/110726\/revisions\/110728"}],"wp:attachment":[{"href":"https:\/\/lospoliticosveracruz.com\/index.php?rest_route=%2Fwp%2Fv2%2Fmedia&parent=110726"}],"wp:term":[{"taxonomy":"category","embeddable":true,"href":"https:\/\/lospoliticosveracruz.com\/index.php?rest_route=%2Fwp%2Fv2%2Fcategories&post=110726"},{"taxonomy":"post_tag","embeddable":true,"href":"https:\/\/lospoliticosveracruz.com\/index.php?rest_route=%2Fwp%2Fv2%2Ftags&post=110726"}],"curies":[{"name":"wp","href":"https:\/\/api.w.org\/{rel}","templated":true}]}}