{"id":110766,"date":"2023-08-29T08:34:00","date_gmt":"2023-08-29T13:34:00","guid":{"rendered":"https:\/\/lospoliticosveracruz.com.mx\/?p=110766"},"modified":"2023-08-28T23:20:06","modified_gmt":"2023-08-29T04:20:06","slug":"rogelio-y-el-prd","status":"publish","type":"post","link":"https:\/\/lospoliticosveracruz.com\/?p=110766","title":{"rendered":"ROGELIO Y EL PRD"},"content":{"rendered":"\n<p><strong>Salvador Mu\u00f1oz<br><\/strong><em>Los Pol\u00edticos<\/em><\/p>\n\n\n\n<p>Han pasado m\u00e1s de diez d\u00edas desde que Rogelio Franco Cast\u00e1n pudo reunirse con su familia en la calle de Mosc\u00fa, ac\u00e1 en Xalapa\u2026<br>Han pasado m\u00e1s de diez d\u00edas desde que, en esa calle, Mosc\u00fa 11, Rogelio ha recibido a la cantidad de amigos que, solidarios, de un modo u otro, estuvieron a su lado, apoy\u00e1ndolo o apoyando a sus hijas y a do\u00f1a Meche\u2026<\/p>\n\n\n<div class=\"wp-block-image\">\n<figure class=\"alignleft size-full is-resized\"><a href=\"https:\/\/lospoliticosveracruz.com.mx\/wp-content\/uploads\/2023\/02\/Vinissimo.jpg\"><img loading=\"lazy\" decoding=\"async\" src=\"https:\/\/lospoliticosveracruz.com.mx\/wp-content\/uploads\/2023\/02\/Vinissimo.jpg\" alt=\"\" class=\"wp-image-102752\" width=\"175\" height=\"178\"\/><\/a><\/figure>\n<\/div>\n\n\n<p><br>Han pasado m\u00e1s de diez d\u00edas y dos personas han brillado por su ausencia, no s\u00f3lo en este lapso en que Rogelio Franco est\u00e1 con su familia, en una de \u00e9sas, hasta en los dos a\u00f1os y cacho que dur\u00f3 su encierro\u2026<br>Eso s\u00ed, en ese lapso de diez d\u00edas que regres\u00f3 a su casa Rogelio Franco Cast\u00e1n, el dirigente estatal de su partido ya anda haciendo cuentas de Lecherita para este 2024\u2026 no s\u00f3lo ya se vio como candidato a diputado local, y es seguro que para no errarle, como \u201cpluri\u201d\u2026 y por si fuera poco, con cuatro o cinco diputados para hacer una bancada m\u00e1s fuerte que la que nunca tuvo, al menos m\u00e1s fuerte que la de esta Legislatura\u2026 o que la pasada.<br>Y tambi\u00e9n, en ese lapso de diez d\u00edas en que regres\u00f3 a su casa Rogelio Franco Cast\u00e1n, su suplente como diputado federal, Jes\u00fas Vel\u00e1zquez Flores, se dedic\u00f3 a \u201clegislar por los veracruzanos\u201d en San L\u00e1zaro pero nunca de los nuncas, levantar la voz por su compa\u00f1ero de partido, hecho que incluso, las mismas Viviana y Luisa, hijas de Rogelio, alguna vez exclamaron en rueda de prensa, reclamando ese \u201colvido\u201d que tuvo el diputado federal suplente para con su padre\u2026<br>Y esos mismos diez d\u00edas son los mismos que tiene Arturo Herviz de haber estado en prisi\u00f3n unas horas, de entrada por salida, en los que curiosamente, el PRD guard\u00f3 silencio, se qued\u00f3 callado\u2026<br>Por cierto, el Charro tuxtleco junto con su esposa Yazm\u00edn Copete Zapot, fueron de las pocas personas que acompa\u00f1aron a Viviana y Luisa a esas ruedas de prensa que ofrec\u00edan para dar a conocer los avances de la defensa de Rogelio Franco Cast\u00e1n\u2026<br>Tambi\u00e9n es justo citar a Manuel Bernal Rivera, igual, al pie del ca\u00f1\u00f3n acompa\u00f1ando a las hijas del perredista\u2026<br>Pero m\u00e1s justo es citar que una de las causas por las que no hubo acompa\u00f1amiento del partido del Sol Azteca a las hijas de Rogelio Franco Cast\u00e1n, fue el extra\u00f1o inter\u00e9s del dirigente amarillo por evitar que se realizaran estas ruedas de prensa.<br>Hoy queda claro que Rogelio Franco Cast\u00e1n no necesita de que el \u201cPRD\u201d que representa Sergio Cadena Mart\u00ednez, lo hubiera visitado all\u00e1 en Amatl\u00e1n o ac\u00e1, en Mosc\u00fa 11\u2026 Est\u00e1 m\u00e1s que claro que el verdadero perredismo es el que se mantuvo al pendiente de Rogelio\u2026 los verdaderos amigos, los que llevaron libros y hasta sus guisos de antojito, ah\u00ed estuvieron con \u00e9l\u2026<br>Aqu\u00ed no cabe la pregunta qu\u00e9 tanto necesit\u00f3 Rogelio Franco al \u201cperredismo\u201d que representa Sergio, no\u2026 aqu\u00ed la pregunta ser\u00eda qu\u00e9 espera el verdadero perredismo para romper la Cadena que hoy, desde que naci\u00f3 el Sol Azteca, deja sin voz en el Congreso local al perredismo\u2026 casi similar en el Congreso de la Uni\u00f3n, porque Jes\u00fas Vel\u00e1zquez es igual a no tener diputado por el PRD en San L\u00e1zaro\u2026<\/p>\n","protected":false},"excerpt":{"rendered":"<p>Salvador Mu\u00f1ozLos Pol\u00edticos Han pasado m\u00e1s de diez d\u00edas desde que Rogelio Franco Cast\u00e1n pudo reunirse con su familia en la calle de Mosc\u00fa, ac\u00e1 en Xalapa\u2026Han pasado m\u00e1s de diez d\u00edas desde que, en esa calle, Mosc\u00fa 11, Rogelio ha recibido a la cantidad de amigos que, solidarios, de un modo u otro, estuvieron [&hellip;]<\/p>\n","protected":false},"author":2,"featured_media":0,"comment_status":"closed","ping_status":"closed","sticky":false,"template":"","format":"standard","meta":{"tdm_status":"","tdm_grid_status":"","footnotes":""},"categories":[70],"tags":[163,7232,5211,107,808,5462],"class_list":{"0":"post-110766","1":"post","2":"type-post","3":"status-publish","4":"format-standard","6":"category-de-opinion","7":"tag-jesus-velazquez","8":"tag-jesus-velazquez-flores","9":"tag-manuel-bernal-rivera","10":"tag-prd","11":"tag-rogelio-franco-castan","12":"tag-yazmin-copete-zapot"},"yoast_head":"<!-- This site is optimized with the Yoast SEO plugin v27.4 - https:\/\/yoast.com\/product\/yoast-seo-wordpress\/ -->\n<title>ROGELIO Y EL PRD - Los pol\u00edticos Veracruz<\/title>\n<meta name=\"robots\" content=\"index, follow, max-snippet:-1, max-image-preview:large, max-video-preview:-1\" \/>\n<link rel=\"canonical\" href=\"https:\/\/lospoliticosveracruz.com\/?p=110766\" \/>\n<meta property=\"og:locale\" content=\"es_ES\" \/>\n<meta property=\"og:type\" content=\"article\" \/>\n<meta property=\"og:title\" content=\"ROGELIO Y EL PRD - Los pol\u00edticos Veracruz\" \/>\n<meta property=\"og:description\" content=\"Salvador Mu\u00f1ozLos Pol\u00edticos Han pasado m\u00e1s de diez d\u00edas desde que Rogelio Franco Cast\u00e1n pudo reunirse con su familia en la calle de Mosc\u00fa, ac\u00e1 en Xalapa\u2026Han pasado m\u00e1s de diez d\u00edas desde que, en esa calle, Mosc\u00fa 11, Rogelio ha recibido a la cantidad de amigos que, solidarios, de un modo u otro, estuvieron [&hellip;]\" \/>\n<meta property=\"og:url\" content=\"https:\/\/lospoliticosveracruz.com\/?p=110766\" \/>\n<meta property=\"og:site_name\" content=\"Los pol\u00edticos Veracruz\" \/>\n<meta property=\"article:publisher\" content=\"https:\/\/www.facebook.com\/people\/Notimemes-de-los-Polticos\/61565672886568\/\" \/>\n<meta property=\"article:published_time\" content=\"2023-08-29T13:34:00+00:00\" \/>\n<meta property=\"og:image\" content=\"https:\/\/lospoliticosveracruz.com.mx\/wp-content\/uploads\/2023\/02\/Vinissimo.jpg\" \/>\n<meta name=\"author\" content=\"Lo viste en Los Pol\u00edticos\" \/>\n<meta name=\"twitter:card\" content=\"summary_large_image\" \/>\n<meta name=\"twitter:creator\" content=\"@LosPoliticosVer\" \/>\n<meta name=\"twitter:site\" content=\"@LosPoliticosVer\" \/>\n<meta name=\"twitter:label1\" content=\"Escrito por\" \/>\n\t<meta name=\"twitter:data1\" content=\"Lo viste en Los Pol\u00edticos\" \/>\n\t<meta name=\"twitter:label2\" content=\"Tiempo de lectura\" \/>\n\t<meta name=\"twitter:data2\" content=\"3 minutos\" \/>\n<script type=\"application\/ld+json\" class=\"yoast-schema-graph\">{\"@context\":\"https:\\\/\\\/schema.org\",\"@graph\":[{\"@type\":\"Article\",\"@id\":\"https:\\\/\\\/lospoliticosveracruz.com\\\/?p=110766#article\",\"isPartOf\":{\"@id\":\"https:\\\/\\\/lospoliticosveracruz.com\\\/?p=110766\"},\"author\":{\"name\":\"Lo viste en Los Pol\u00edticos\",\"@id\":\"https:\\\/\\\/lospoliticosveracruz.com\\\/#\\\/schema\\\/person\\\/b8702bb0e538456e6efd07080bf2a4a2\"},\"headline\":\"ROGELIO Y EL PRD\",\"datePublished\":\"2023-08-29T13:34:00+00:00\",\"mainEntityOfPage\":{\"@id\":\"https:\\\/\\\/lospoliticosveracruz.com\\\/?p=110766\"},\"wordCount\":596,\"publisher\":{\"@id\":\"https:\\\/\\\/lospoliticosveracruz.com\\\/#organization\"},\"image\":{\"@id\":\"https:\\\/\\\/lospoliticosveracruz.com\\\/?p=110766#primaryimage\"},\"thumbnailUrl\":\"https:\\\/\\\/lospoliticosveracruz.com.mx\\\/wp-content\\\/uploads\\\/2023\\\/02\\\/Vinissimo.jpg\",\"keywords\":[\"Jes\u00fas Vel\u00e1zquez\",\"Jes\u00fas Vel\u00e1zquez Flores\",\"Manuel Bernal Rivera\",\"PRD\",\"Rogelio Franco Cast\u00e1n\",\"Yazm\u00edn Copete Zapot\"],\"articleSection\":[\"De Opini\u00f3n\"],\"inLanguage\":\"es\"},{\"@type\":\"WebPage\",\"@id\":\"https:\\\/\\\/lospoliticosveracruz.com\\\/?p=110766\",\"url\":\"https:\\\/\\\/lospoliticosveracruz.com\\\/?p=110766\",\"name\":\"ROGELIO Y EL PRD - Los pol\u00edticos Veracruz\",\"isPartOf\":{\"@id\":\"https:\\\/\\\/lospoliticosveracruz.com\\\/#website\"},\"primaryImageOfPage\":{\"@id\":\"https:\\\/\\\/lospoliticosveracruz.com\\\/?p=110766#primaryimage\"},\"image\":{\"@id\":\"https:\\\/\\\/lospoliticosveracruz.com\\\/?p=110766#primaryimage\"},\"thumbnailUrl\":\"https:\\\/\\\/lospoliticosveracruz.com.mx\\\/wp-content\\\/uploads\\\/2023\\\/02\\\/Vinissimo.jpg\",\"datePublished\":\"2023-08-29T13:34:00+00:00\",\"breadcrumb\":{\"@id\":\"https:\\\/\\\/lospoliticosveracruz.com\\\/?p=110766#breadcrumb\"},\"inLanguage\":\"es\",\"potentialAction\":[{\"@type\":\"ReadAction\",\"target\":[\"https:\\\/\\\/lospoliticosveracruz.com\\\/?p=110766\"]}]},{\"@type\":\"ImageObject\",\"inLanguage\":\"es\",\"@id\":\"https:\\\/\\\/lospoliticosveracruz.com\\\/?p=110766#primaryimage\",\"url\":\"https:\\\/\\\/lospoliticosveracruz.com.mx\\\/wp-content\\\/uploads\\\/2023\\\/02\\\/Vinissimo.jpg\",\"contentUrl\":\"https:\\\/\\\/lospoliticosveracruz.com.mx\\\/wp-content\\\/uploads\\\/2023\\\/02\\\/Vinissimo.jpg\"},{\"@type\":\"BreadcrumbList\",\"@id\":\"https:\\\/\\\/lospoliticosveracruz.com\\\/?p=110766#breadcrumb\",\"itemListElement\":[{\"@type\":\"ListItem\",\"position\":1,\"name\":\"Portada\",\"item\":\"https:\\\/\\\/lospoliticosveracruz.com\\\/\"},{\"@type\":\"ListItem\",\"position\":2,\"name\":\"ROGELIO Y EL PRD\"}]},{\"@type\":\"WebSite\",\"@id\":\"https:\\\/\\\/lospoliticosveracruz.com\\\/#website\",\"url\":\"https:\\\/\\\/lospoliticosveracruz.com\\\/\",\"name\":\"Los pol\u00edticos Veracruz\",\"description\":\"\",\"publisher\":{\"@id\":\"https:\\\/\\\/lospoliticosveracruz.com\\\/#organization\"},\"potentialAction\":[{\"@type\":\"SearchAction\",\"target\":{\"@type\":\"EntryPoint\",\"urlTemplate\":\"https:\\\/\\\/lospoliticosveracruz.com\\\/?s={search_term_string}\"},\"query-input\":{\"@type\":\"PropertyValueSpecification\",\"valueRequired\":true,\"valueName\":\"search_term_string\"}}],\"inLanguage\":\"es\"},{\"@type\":\"Organization\",\"@id\":\"https:\\\/\\\/lospoliticosveracruz.com\\\/#organization\",\"name\":\"Los pol\u00edticos Veracruz\",\"url\":\"https:\\\/\\\/lospoliticosveracruz.com\\\/\",\"logo\":{\"@type\":\"ImageObject\",\"inLanguage\":\"es\",\"@id\":\"https:\\\/\\\/lospoliticosveracruz.com\\\/#\\\/schema\\\/logo\\\/image\\\/\",\"url\":\"https:\\\/\\\/lospoliticosveracruz.com\\\/wp-content\\\/uploads\\\/2025\\\/12\\\/Logo-Nuevo-LOS-POLITICOS-1.jpg\",\"contentUrl\":\"https:\\\/\\\/lospoliticosveracruz.com\\\/wp-content\\\/uploads\\\/2025\\\/12\\\/Logo-Nuevo-LOS-POLITICOS-1.jpg\",\"width\":260,\"height\":70,\"caption\":\"Los pol\u00edticos Veracruz\"},\"image\":{\"@id\":\"https:\\\/\\\/lospoliticosveracruz.com\\\/#\\\/schema\\\/logo\\\/image\\\/\"},\"sameAs\":[\"https:\\\/\\\/www.facebook.com\\\/people\\\/Notimemes-de-los-Polticos\\\/61565672886568\\\/\",\"https:\\\/\\\/x.com\\\/LosPoliticosVer\"]},{\"@type\":\"Person\",\"@id\":\"https:\\\/\\\/lospoliticosveracruz.com\\\/#\\\/schema\\\/person\\\/b8702bb0e538456e6efd07080bf2a4a2\",\"name\":\"Lo viste en Los Pol\u00edticos\",\"image\":{\"@type\":\"ImageObject\",\"inLanguage\":\"es\",\"@id\":\"https:\\\/\\\/secure.gravatar.com\\\/avatar\\\/3a8de04a2656d44082be478bd6c086daa447c4651605818287b9532d3d0bd435?s=96&d=mm&r=g\",\"url\":\"https:\\\/\\\/secure.gravatar.com\\\/avatar\\\/3a8de04a2656d44082be478bd6c086daa447c4651605818287b9532d3d0bd435?s=96&d=mm&r=g\",\"contentUrl\":\"https:\\\/\\\/secure.gravatar.com\\\/avatar\\\/3a8de04a2656d44082be478bd6c086daa447c4651605818287b9532d3d0bd435?s=96&d=mm&r=g\",\"caption\":\"Lo viste en Los Pol\u00edticos\"},\"url\":\"https:\\\/\\\/lospoliticosveracruz.com\\\/?author=2\"}]}<\/script>\n<!-- \/ Yoast SEO plugin. -->","yoast_head_json":{"title":"ROGELIO Y EL PRD - Los pol\u00edticos Veracruz","robots":{"index":"index","follow":"follow","max-snippet":"max-snippet:-1","max-image-preview":"max-image-preview:large","max-video-preview":"max-video-preview:-1"},"canonical":"https:\/\/lospoliticosveracruz.com\/?p=110766","og_locale":"es_ES","og_type":"article","og_title":"ROGELIO Y EL PRD - Los pol\u00edticos Veracruz","og_description":"Salvador Mu\u00f1ozLos Pol\u00edticos Han pasado m\u00e1s de diez d\u00edas desde que Rogelio Franco Cast\u00e1n pudo reunirse con su familia en la calle de Mosc\u00fa, ac\u00e1 en Xalapa\u2026Han pasado m\u00e1s de diez d\u00edas desde que, en esa calle, Mosc\u00fa 11, Rogelio ha recibido a la cantidad de amigos que, solidarios, de un modo u otro, estuvieron [&hellip;]","og_url":"https:\/\/lospoliticosveracruz.com\/?p=110766","og_site_name":"Los pol\u00edticos Veracruz","article_publisher":"https:\/\/www.facebook.com\/people\/Notimemes-de-los-Polticos\/61565672886568\/","article_published_time":"2023-08-29T13:34:00+00:00","og_image":[{"url":"https:\/\/lospoliticosveracruz.com.mx\/wp-content\/uploads\/2023\/02\/Vinissimo.jpg","type":"","width":"","height":""}],"author":"Lo viste en Los Pol\u00edticos","twitter_card":"summary_large_image","twitter_creator":"@LosPoliticosVer","twitter_site":"@LosPoliticosVer","twitter_misc":{"Escrito por":"Lo viste en Los Pol\u00edticos","Tiempo de lectura":"3 minutos"},"schema":{"@context":"https:\/\/schema.org","@graph":[{"@type":"Article","@id":"https:\/\/lospoliticosveracruz.com\/?p=110766#article","isPartOf":{"@id":"https:\/\/lospoliticosveracruz.com\/?p=110766"},"author":{"name":"Lo viste en Los Pol\u00edticos","@id":"https:\/\/lospoliticosveracruz.com\/#\/schema\/person\/b8702bb0e538456e6efd07080bf2a4a2"},"headline":"ROGELIO Y EL PRD","datePublished":"2023-08-29T13:34:00+00:00","mainEntityOfPage":{"@id":"https:\/\/lospoliticosveracruz.com\/?p=110766"},"wordCount":596,"publisher":{"@id":"https:\/\/lospoliticosveracruz.com\/#organization"},"image":{"@id":"https:\/\/lospoliticosveracruz.com\/?p=110766#primaryimage"},"thumbnailUrl":"https:\/\/lospoliticosveracruz.com.mx\/wp-content\/uploads\/2023\/02\/Vinissimo.jpg","keywords":["Jes\u00fas Vel\u00e1zquez","Jes\u00fas Vel\u00e1zquez Flores","Manuel Bernal Rivera","PRD","Rogelio Franco Cast\u00e1n","Yazm\u00edn Copete Zapot"],"articleSection":["De Opini\u00f3n"],"inLanguage":"es"},{"@type":"WebPage","@id":"https:\/\/lospoliticosveracruz.com\/?p=110766","url":"https:\/\/lospoliticosveracruz.com\/?p=110766","name":"ROGELIO Y EL PRD - Los pol\u00edticos Veracruz","isPartOf":{"@id":"https:\/\/lospoliticosveracruz.com\/#website"},"primaryImageOfPage":{"@id":"https:\/\/lospoliticosveracruz.com\/?p=110766#primaryimage"},"image":{"@id":"https:\/\/lospoliticosveracruz.com\/?p=110766#primaryimage"},"thumbnailUrl":"https:\/\/lospoliticosveracruz.com.mx\/wp-content\/uploads\/2023\/02\/Vinissimo.jpg","datePublished":"2023-08-29T13:34:00+00:00","breadcrumb":{"@id":"https:\/\/lospoliticosveracruz.com\/?p=110766#breadcrumb"},"inLanguage":"es","potentialAction":[{"@type":"ReadAction","target":["https:\/\/lospoliticosveracruz.com\/?p=110766"]}]},{"@type":"ImageObject","inLanguage":"es","@id":"https:\/\/lospoliticosveracruz.com\/?p=110766#primaryimage","url":"https:\/\/lospoliticosveracruz.com.mx\/wp-content\/uploads\/2023\/02\/Vinissimo.jpg","contentUrl":"https:\/\/lospoliticosveracruz.com.mx\/wp-content\/uploads\/2023\/02\/Vinissimo.jpg"},{"@type":"BreadcrumbList","@id":"https:\/\/lospoliticosveracruz.com\/?p=110766#breadcrumb","itemListElement":[{"@type":"ListItem","position":1,"name":"Portada","item":"https:\/\/lospoliticosveracruz.com\/"},{"@type":"ListItem","position":2,"name":"ROGELIO Y EL PRD"}]},{"@type":"WebSite","@id":"https:\/\/lospoliticosveracruz.com\/#website","url":"https:\/\/lospoliticosveracruz.com\/","name":"Los pol\u00edticos Veracruz","description":"","publisher":{"@id":"https:\/\/lospoliticosveracruz.com\/#organization"},"potentialAction":[{"@type":"SearchAction","target":{"@type":"EntryPoint","urlTemplate":"https:\/\/lospoliticosveracruz.com\/?s={search_term_string}"},"query-input":{"@type":"PropertyValueSpecification","valueRequired":true,"valueName":"search_term_string"}}],"inLanguage":"es"},{"@type":"Organization","@id":"https:\/\/lospoliticosveracruz.com\/#organization","name":"Los pol\u00edticos Veracruz","url":"https:\/\/lospoliticosveracruz.com\/","logo":{"@type":"ImageObject","inLanguage":"es","@id":"https:\/\/lospoliticosveracruz.com\/#\/schema\/logo\/image\/","url":"https:\/\/lospoliticosveracruz.com\/wp-content\/uploads\/2025\/12\/Logo-Nuevo-LOS-POLITICOS-1.jpg","contentUrl":"https:\/\/lospoliticosveracruz.com\/wp-content\/uploads\/2025\/12\/Logo-Nuevo-LOS-POLITICOS-1.jpg","width":260,"height":70,"caption":"Los pol\u00edticos Veracruz"},"image":{"@id":"https:\/\/lospoliticosveracruz.com\/#\/schema\/logo\/image\/"},"sameAs":["https:\/\/www.facebook.com\/people\/Notimemes-de-los-Polticos\/61565672886568\/","https:\/\/x.com\/LosPoliticosVer"]},{"@type":"Person","@id":"https:\/\/lospoliticosveracruz.com\/#\/schema\/person\/b8702bb0e538456e6efd07080bf2a4a2","name":"Lo viste en Los Pol\u00edticos","image":{"@type":"ImageObject","inLanguage":"es","@id":"https:\/\/secure.gravatar.com\/avatar\/3a8de04a2656d44082be478bd6c086daa447c4651605818287b9532d3d0bd435?s=96&d=mm&r=g","url":"https:\/\/secure.gravatar.com\/avatar\/3a8de04a2656d44082be478bd6c086daa447c4651605818287b9532d3d0bd435?s=96&d=mm&r=g","contentUrl":"https:\/\/secure.gravatar.com\/avatar\/3a8de04a2656d44082be478bd6c086daa447c4651605818287b9532d3d0bd435?s=96&d=mm&r=g","caption":"Lo viste en Los Pol\u00edticos"},"url":"https:\/\/lospoliticosveracruz.com\/?author=2"}]}},"_links":{"self":[{"href":"https:\/\/lospoliticosveracruz.com\/index.php?rest_route=\/wp\/v2\/posts\/110766","targetHints":{"allow":["GET"]}}],"collection":[{"href":"https:\/\/lospoliticosveracruz.com\/index.php?rest_route=\/wp\/v2\/posts"}],"about":[{"href":"https:\/\/lospoliticosveracruz.com\/index.php?rest_route=\/wp\/v2\/types\/post"}],"author":[{"embeddable":true,"href":"https:\/\/lospoliticosveracruz.com\/index.php?rest_route=\/wp\/v2\/users\/2"}],"replies":[{"embeddable":true,"href":"https:\/\/lospoliticosveracruz.com\/index.php?rest_route=%2Fwp%2Fv2%2Fcomments&post=110766"}],"version-history":[{"count":1,"href":"https:\/\/lospoliticosveracruz.com\/index.php?rest_route=\/wp\/v2\/posts\/110766\/revisions"}],"predecessor-version":[{"id":110767,"href":"https:\/\/lospoliticosveracruz.com\/index.php?rest_route=\/wp\/v2\/posts\/110766\/revisions\/110767"}],"wp:attachment":[{"href":"https:\/\/lospoliticosveracruz.com\/index.php?rest_route=%2Fwp%2Fv2%2Fmedia&parent=110766"}],"wp:term":[{"taxonomy":"category","embeddable":true,"href":"https:\/\/lospoliticosveracruz.com\/index.php?rest_route=%2Fwp%2Fv2%2Fcategories&post=110766"},{"taxonomy":"post_tag","embeddable":true,"href":"https:\/\/lospoliticosveracruz.com\/index.php?rest_route=%2Fwp%2Fv2%2Ftags&post=110766"}],"curies":[{"name":"wp","href":"https:\/\/api.w.org\/{rel}","templated":true}]}}