{"id":110810,"date":"2023-08-30T08:40:00","date_gmt":"2023-08-30T13:40:00","guid":{"rendered":"https:\/\/lospoliticosveracruz.com.mx\/?p=110810"},"modified":"2023-08-30T08:27:15","modified_gmt":"2023-08-30T13:27:15","slug":"es-xochitl-2","status":"publish","type":"post","link":"https:\/\/lospoliticosveracruz.com\/?p=110810","title":{"rendered":"ES X\u00d3CHITL"},"content":{"rendered":"\n<p><strong>Bernardo Guti\u00e9rrez Parra<br><\/strong><em>Desde el Caf\u00e9<\/em><\/p>\n\n\n\n<p>No era necesaria tanta rudeza cuando Beatriz ya estaba contra las cuerdas y casi en la lona. Desde que X\u00f3chitl G\u00e1lvez irrumpi\u00f3 con la fuerza de un hurac\u00e1n en busca de la candidatura a la presidencia de la Rep\u00fablica, los bonos de la tlaxcalteca que hasta entonces iba arriba en las encuestas del Frente Amplio por M\u00e9xico comenzaron a bajar.<\/p>\n\n\n\n<figure class=\"wp-block-embed is-type-video is-provider-youtube wp-block-embed-youtube wp-embed-aspect-16-9 wp-has-aspect-ratio\"><div class=\"wp-block-embed__wrapper\">\n<iframe loading=\"lazy\" title=\"Cluster Coworking\" width=\"696\" height=\"392\" src=\"https:\/\/www.youtube.com\/embed\/Nxe-vxf8GuY?feature=oembed\" frameborder=\"0\" allow=\"accelerometer; autoplay; clipboard-write; encrypted-media; gyroscope; picture-in-picture; web-share\" referrerpolicy=\"strict-origin-when-cross-origin\" allowfullscreen><\/iframe>\n<\/div><\/figure>\n\n\n\n<p>Cuando Santiago Creel renunci\u00f3 a la contienda interna del FAM y dio su apoyo a X\u00f3chitl, las voces pidiendo la renuncia de Beatriz Paredes se multiplicaron y era cosa de d\u00edas para que dimitiera. Pero el l\u00edder de su partido, Alejandro \u201cAlito\u201d Moreno, se le adelant\u00f3 y la baj\u00f3 de muy fea manera.<\/p>\n\n\n\n<p>En entrevista con Ciro G\u00f3mez Leyva, el campechano dijo algo que no debi\u00f3 decir (porque eso correspond\u00eda a la propia Beatriz); que las encuestas no favorec\u00edan a la abanderada del PRI y se fue de la lengua al manifestar que el proyecto del Frente Amplio por M\u00e9xico est\u00e1 por encima de todos, incluso de Beatriz.<\/p>\n\n\n\n<p>Habilitado como puntillero Alito descabell\u00f3: \u201cNosotros vamos a respetar la decisi\u00f3n de Beatriz, pero el partido tomar\u00e1 su propia decisi\u00f3n\u201d.<\/p>\n\n\n\n<p>Y la decisi\u00f3n del PRI que se dar\u00e1 a conocer hoy ser\u00e1 que Beatriz ya no va.<\/p>\n\n\n\n<p>Zarandeada por todos lados la legisladora con licencia alcanz\u00f3 a decir en una carta subida a las redes: \u201cConsidero conveniente, antes de que yo tome cualquier decisi\u00f3n, conocer los resultados de las encuestas que mand\u00f3 a hacer el Comit\u00e9 Organizador del Frente Amplio por M\u00e9xico, que son las \u00fanicas encuestas v\u00e1lidas para el efecto de incidir en la definici\u00f3n de la Coordinaci\u00f3n del Frente\u201d.<\/p>\n\n\n\n<p>Pero se mueva para donde se mueva la se\u00f1ora ya no va porque desde que lleg\u00f3 X\u00f3chitl estaba condenada a la derrota.<\/p>\n\n\n\n<p>M\u00e1s pol\u00edtica y pragm\u00e1tica que la hidalguense, Beatriz Paredes pertenece a la a\u00f1eja escuela de Luis Echeverr\u00eda con quien comenz\u00f3 su carrera pol\u00edtica siendo casi una adolescente. Cuando anunci\u00f3 su intenci\u00f3n de contender por la presidencia, se posicion\u00f3 como la mejor carta del FAM, pero sin posibilidades de triunfo ante la aplanadora de Morena.<\/p>\n\n\n\n<p>Con X\u00f3chitl las cosas pintan muy diferente. Carism\u00e1tica, entrona, contestataria, profesionista, empresaria exitosa, feminista e indigenista (esto de nacencia porque es ind\u00edgena otom\u00ed), partidaria de las energ\u00edas limpias, causante de los insomnios de Andr\u00e9s Manuel y seguidora del Cruz Azul (alg\u00fan defecto deb\u00eda tener), la hidalguense es la mejor carta del FAM y con posibilidades de alzarse con el triunfo en el 2024.<\/p>\n\n\n\n<p>En contrapunto; Beatriz es due\u00f1a de un discurso a\u00f1ejo que ya no empata con el M\u00e9xico actual y nada tiene que hacer frente a X\u00f3chitl. Esto debi\u00f3 intuirlo porque uno de sus cercanos me asegur\u00f3 que pensaba completar su recorrido como aspirante a la candidatura y tras conocer el resultado de las encuestas levantarle la mano a la G\u00e1lvez, pero no la dejaron llegar.<\/p>\n\n\n\n<p>Alito la baj\u00f3 groseramente de la contienda y con ese baj\u00f3n, una carrera de m\u00e1s de 50 a\u00f1os en la pol\u00edtica lleg\u00f3 a su punto final.<\/p>\n\n\n\n<p><strong>Aguas con las fracturas en Morena<\/strong><\/p>\n\n\n\n<p>Atenci\u00f3n morenas, morenos y quienes dirigen al partido guinda; por el bien de los militantes y de la c\u00fapula en el poder, las fracturas al interior de Morena necesitan curarse y cicatrizar, de lo contrario les va a ir como en feria en el 2024.<\/p>\n\n\n\n<p>Las giras de las seis corcholatas en busca de la candidatura a la presidencia de la Rep\u00fablica han concluido. Pero por los caprichos de unos cuantos, las divisiones de los bandos pol\u00edticos fueron evidentes y las fracturas salieron a relucir en un proceso que debi\u00f3 mantenerlos unidos.<\/p>\n\n\n\n<p>Eleazar Guerrero tendr\u00e1 que mantener la unidad al interior de su organizaci\u00f3n, de lo contrario, corre el riesgo de que muchos empleados lo traicionen bajo la consigna de que no ser\u00e1n tomados en cuenta en la siguiente administraci\u00f3n y \u00fanicamente los utilizan de relleno en los eventos a los que asisten.<\/p>\n\n\n\n<p>Lo mismo va para Cazar\u00edn y Zenyazen y el mismo Secretario de Gobierno, Eric Cisneros, quien se vio muy mesurado e incluso avasallado por sus compa\u00f1eros de partido en la b\u00fasqueda de obtener el control pol\u00edtico en Veracruz.<\/p>\n\n\n\n<p>Y ya que hablo de Eric Cisneros, es importante mencionar a Yair Ademar Dom\u00ednguez, quien result\u00f3 severamente herido por los embates que se dieron por la coordinaci\u00f3n de Claudia Sheinbaum. Aqu\u00ed hay que resaltar la templanza del joven pol\u00edtico, pues a pesar de la golpiza medi\u00e1tica, llam\u00f3 a la unidad de Morena consciente de que todos necesitan de todos si quieren el triunfo en el pr\u00f3ximo proceso electoral.<\/p>\n\n\n\n<p>Pero las cosas se pueden salir de control, lector, porque mientras unos llaman a la unidad, otros buscan unirse para su propio beneficio. Y los da\u00f1ados colateralmente ser\u00e1n los ciudadanos que apoyan a ese partido y los simpatizantes de ese movimiento.<\/p>\n\n\n\n<p>Que conste, sobre aviso no hay enga\u00f1o.<\/p>\n\n\n\n<p>bernardogup@hotmail.com<\/p>\n","protected":false},"excerpt":{"rendered":"<p>Bernardo Guti\u00e9rrez ParraDesde el Caf\u00e9 No era necesaria tanta rudeza cuando Beatriz ya estaba contra las cuerdas y casi en la lona. Desde que X\u00f3chitl G\u00e1lvez irrumpi\u00f3 con la fuerza de un hurac\u00e1n en busca de la candidatura a la presidencia de la Rep\u00fablica, los bonos de la tlaxcalteca que hasta entonces iba arriba en [&hellip;]<\/p>\n","protected":false},"author":2,"featured_media":0,"comment_status":"closed","ping_status":"closed","sticky":false,"template":"","format":"standard","meta":{"tdm_status":"","tdm_grid_status":"","footnotes":""},"categories":[70],"tags":[1375,12686,38524,1026,17531,20652,12372],"class_list":{"0":"post-110810","1":"post","2":"type-post","3":"status-publish","4":"format-standard","6":"category-de-opinion","7":"tag-beatriz-paredes-rangel","8":"tag-eric-cisneros","9":"tag-frente-amplio-por-mexico","10":"tag-morena","11":"tag-xochitl-galvez","12":"tag-yair-ademar-dominguez","13":"tag-zenyazen-escobar-garcia"},"yoast_head":"<!-- This site is optimized with the Yoast SEO plugin v27.4 - https:\/\/yoast.com\/product\/yoast-seo-wordpress\/ -->\n<title>ES X\u00d3CHITL - Los pol\u00edticos Veracruz<\/title>\n<meta name=\"robots\" content=\"index, follow, max-snippet:-1, max-image-preview:large, max-video-preview:-1\" \/>\n<link rel=\"canonical\" href=\"https:\/\/lospoliticosveracruz.com\/?p=110810\" \/>\n<meta property=\"og:locale\" content=\"es_ES\" \/>\n<meta property=\"og:type\" content=\"article\" \/>\n<meta property=\"og:title\" content=\"ES X\u00d3CHITL - Los pol\u00edticos Veracruz\" \/>\n<meta property=\"og:description\" content=\"Bernardo Guti\u00e9rrez ParraDesde el Caf\u00e9 No era necesaria tanta rudeza cuando Beatriz ya estaba contra las cuerdas y casi en la lona. Desde que X\u00f3chitl G\u00e1lvez irrumpi\u00f3 con la fuerza de un hurac\u00e1n en busca de la candidatura a la presidencia de la Rep\u00fablica, los bonos de la tlaxcalteca que hasta entonces iba arriba en [&hellip;]\" \/>\n<meta property=\"og:url\" content=\"https:\/\/lospoliticosveracruz.com\/?p=110810\" \/>\n<meta property=\"og:site_name\" content=\"Los pol\u00edticos Veracruz\" \/>\n<meta property=\"article:publisher\" content=\"https:\/\/www.facebook.com\/people\/Notimemes-de-los-Polticos\/61565672886568\/\" \/>\n<meta property=\"article:published_time\" content=\"2023-08-30T13:40:00+00:00\" \/>\n<meta property=\"og:image\" content=\"https:\/\/lospoliticosveracruz.com\/wp-content\/uploads\/2016\/07\/Logo-Dor.jpg\" \/>\n\t<meta property=\"og:image:width\" content=\"200\" \/>\n\t<meta property=\"og:image:height\" content=\"200\" \/>\n\t<meta property=\"og:image:type\" content=\"image\/jpeg\" \/>\n<meta name=\"author\" content=\"Lo viste en Los Pol\u00edticos\" \/>\n<meta name=\"twitter:card\" content=\"summary_large_image\" \/>\n<meta name=\"twitter:creator\" content=\"@LosPoliticosVer\" \/>\n<meta name=\"twitter:site\" content=\"@LosPoliticosVer\" \/>\n<meta name=\"twitter:label1\" content=\"Escrito por\" \/>\n\t<meta name=\"twitter:data1\" content=\"Lo viste en Los Pol\u00edticos\" \/>\n\t<meta name=\"twitter:label2\" content=\"Tiempo de lectura\" \/>\n\t<meta name=\"twitter:data2\" content=\"4 minutos\" \/>\n<script type=\"application\/ld+json\" class=\"yoast-schema-graph\">{\"@context\":\"https:\\\/\\\/schema.org\",\"@graph\":[{\"@type\":\"Article\",\"@id\":\"https:\\\/\\\/lospoliticosveracruz.com\\\/?p=110810#article\",\"isPartOf\":{\"@id\":\"https:\\\/\\\/lospoliticosveracruz.com\\\/?p=110810\"},\"author\":{\"name\":\"Lo viste en Los Pol\u00edticos\",\"@id\":\"https:\\\/\\\/lospoliticosveracruz.com\\\/#\\\/schema\\\/person\\\/b8702bb0e538456e6efd07080bf2a4a2\"},\"headline\":\"ES X\u00d3CHITL\",\"datePublished\":\"2023-08-30T13:40:00+00:00\",\"mainEntityOfPage\":{\"@id\":\"https:\\\/\\\/lospoliticosveracruz.com\\\/?p=110810\"},\"wordCount\":880,\"publisher\":{\"@id\":\"https:\\\/\\\/lospoliticosveracruz.com\\\/#organization\"},\"keywords\":[\"Beatriz Paredes Rangel\",\"Eric Cisneros\",\"Frente Amplio por M\u00e9xico\",\"Morena\",\"X\u00f3chitl G\u00e1lvez\",\"Yair Ademar Dom\u00ednguez\",\"Zenyazen Escobar Garc\u00eda\"],\"articleSection\":[\"De Opini\u00f3n\"],\"inLanguage\":\"es\"},{\"@type\":\"WebPage\",\"@id\":\"https:\\\/\\\/lospoliticosveracruz.com\\\/?p=110810\",\"url\":\"https:\\\/\\\/lospoliticosveracruz.com\\\/?p=110810\",\"name\":\"ES X\u00d3CHITL - Los pol\u00edticos Veracruz\",\"isPartOf\":{\"@id\":\"https:\\\/\\\/lospoliticosveracruz.com\\\/#website\"},\"datePublished\":\"2023-08-30T13:40:00+00:00\",\"breadcrumb\":{\"@id\":\"https:\\\/\\\/lospoliticosveracruz.com\\\/?p=110810#breadcrumb\"},\"inLanguage\":\"es\",\"potentialAction\":[{\"@type\":\"ReadAction\",\"target\":[\"https:\\\/\\\/lospoliticosveracruz.com\\\/?p=110810\"]}]},{\"@type\":\"BreadcrumbList\",\"@id\":\"https:\\\/\\\/lospoliticosveracruz.com\\\/?p=110810#breadcrumb\",\"itemListElement\":[{\"@type\":\"ListItem\",\"position\":1,\"name\":\"Portada\",\"item\":\"https:\\\/\\\/lospoliticosveracruz.com\\\/\"},{\"@type\":\"ListItem\",\"position\":2,\"name\":\"ES X\u00d3CHITL\"}]},{\"@type\":\"WebSite\",\"@id\":\"https:\\\/\\\/lospoliticosveracruz.com\\\/#website\",\"url\":\"https:\\\/\\\/lospoliticosveracruz.com\\\/\",\"name\":\"Los pol\u00edticos Veracruz\",\"description\":\"\",\"publisher\":{\"@id\":\"https:\\\/\\\/lospoliticosveracruz.com\\\/#organization\"},\"potentialAction\":[{\"@type\":\"SearchAction\",\"target\":{\"@type\":\"EntryPoint\",\"urlTemplate\":\"https:\\\/\\\/lospoliticosveracruz.com\\\/?s={search_term_string}\"},\"query-input\":{\"@type\":\"PropertyValueSpecification\",\"valueRequired\":true,\"valueName\":\"search_term_string\"}}],\"inLanguage\":\"es\"},{\"@type\":\"Organization\",\"@id\":\"https:\\\/\\\/lospoliticosveracruz.com\\\/#organization\",\"name\":\"Los pol\u00edticos Veracruz\",\"url\":\"https:\\\/\\\/lospoliticosveracruz.com\\\/\",\"logo\":{\"@type\":\"ImageObject\",\"inLanguage\":\"es\",\"@id\":\"https:\\\/\\\/lospoliticosveracruz.com\\\/#\\\/schema\\\/logo\\\/image\\\/\",\"url\":\"https:\\\/\\\/lospoliticosveracruz.com\\\/wp-content\\\/uploads\\\/2025\\\/12\\\/Logo-Nuevo-LOS-POLITICOS-1.jpg\",\"contentUrl\":\"https:\\\/\\\/lospoliticosveracruz.com\\\/wp-content\\\/uploads\\\/2025\\\/12\\\/Logo-Nuevo-LOS-POLITICOS-1.jpg\",\"width\":260,\"height\":70,\"caption\":\"Los pol\u00edticos Veracruz\"},\"image\":{\"@id\":\"https:\\\/\\\/lospoliticosveracruz.com\\\/#\\\/schema\\\/logo\\\/image\\\/\"},\"sameAs\":[\"https:\\\/\\\/www.facebook.com\\\/people\\\/Notimemes-de-los-Polticos\\\/61565672886568\\\/\",\"https:\\\/\\\/x.com\\\/LosPoliticosVer\"]},{\"@type\":\"Person\",\"@id\":\"https:\\\/\\\/lospoliticosveracruz.com\\\/#\\\/schema\\\/person\\\/b8702bb0e538456e6efd07080bf2a4a2\",\"name\":\"Lo viste en Los Pol\u00edticos\",\"image\":{\"@type\":\"ImageObject\",\"inLanguage\":\"es\",\"@id\":\"https:\\\/\\\/secure.gravatar.com\\\/avatar\\\/3a8de04a2656d44082be478bd6c086daa447c4651605818287b9532d3d0bd435?s=96&d=mm&r=g\",\"url\":\"https:\\\/\\\/secure.gravatar.com\\\/avatar\\\/3a8de04a2656d44082be478bd6c086daa447c4651605818287b9532d3d0bd435?s=96&d=mm&r=g\",\"contentUrl\":\"https:\\\/\\\/secure.gravatar.com\\\/avatar\\\/3a8de04a2656d44082be478bd6c086daa447c4651605818287b9532d3d0bd435?s=96&d=mm&r=g\",\"caption\":\"Lo viste en Los Pol\u00edticos\"},\"url\":\"https:\\\/\\\/lospoliticosveracruz.com\\\/?author=2\"}]}<\/script>\n<!-- \/ Yoast SEO plugin. -->","yoast_head_json":{"title":"ES X\u00d3CHITL - Los pol\u00edticos Veracruz","robots":{"index":"index","follow":"follow","max-snippet":"max-snippet:-1","max-image-preview":"max-image-preview:large","max-video-preview":"max-video-preview:-1"},"canonical":"https:\/\/lospoliticosveracruz.com\/?p=110810","og_locale":"es_ES","og_type":"article","og_title":"ES X\u00d3CHITL - Los pol\u00edticos Veracruz","og_description":"Bernardo Guti\u00e9rrez ParraDesde el Caf\u00e9 No era necesaria tanta rudeza cuando Beatriz ya estaba contra las cuerdas y casi en la lona. Desde que X\u00f3chitl G\u00e1lvez irrumpi\u00f3 con la fuerza de un hurac\u00e1n en busca de la candidatura a la presidencia de la Rep\u00fablica, los bonos de la tlaxcalteca que hasta entonces iba arriba en [&hellip;]","og_url":"https:\/\/lospoliticosveracruz.com\/?p=110810","og_site_name":"Los pol\u00edticos Veracruz","article_publisher":"https:\/\/www.facebook.com\/people\/Notimemes-de-los-Polticos\/61565672886568\/","article_published_time":"2023-08-30T13:40:00+00:00","og_image":[{"width":200,"height":200,"url":"https:\/\/lospoliticosveracruz.com\/wp-content\/uploads\/2016\/07\/Logo-Dor.jpg","type":"image\/jpeg"}],"author":"Lo viste en Los Pol\u00edticos","twitter_card":"summary_large_image","twitter_creator":"@LosPoliticosVer","twitter_site":"@LosPoliticosVer","twitter_misc":{"Escrito por":"Lo viste en Los Pol\u00edticos","Tiempo de lectura":"4 minutos"},"schema":{"@context":"https:\/\/schema.org","@graph":[{"@type":"Article","@id":"https:\/\/lospoliticosveracruz.com\/?p=110810#article","isPartOf":{"@id":"https:\/\/lospoliticosveracruz.com\/?p=110810"},"author":{"name":"Lo viste en Los Pol\u00edticos","@id":"https:\/\/lospoliticosveracruz.com\/#\/schema\/person\/b8702bb0e538456e6efd07080bf2a4a2"},"headline":"ES X\u00d3CHITL","datePublished":"2023-08-30T13:40:00+00:00","mainEntityOfPage":{"@id":"https:\/\/lospoliticosveracruz.com\/?p=110810"},"wordCount":880,"publisher":{"@id":"https:\/\/lospoliticosveracruz.com\/#organization"},"keywords":["Beatriz Paredes Rangel","Eric Cisneros","Frente Amplio por M\u00e9xico","Morena","X\u00f3chitl G\u00e1lvez","Yair Ademar Dom\u00ednguez","Zenyazen Escobar Garc\u00eda"],"articleSection":["De Opini\u00f3n"],"inLanguage":"es"},{"@type":"WebPage","@id":"https:\/\/lospoliticosveracruz.com\/?p=110810","url":"https:\/\/lospoliticosveracruz.com\/?p=110810","name":"ES X\u00d3CHITL - Los pol\u00edticos Veracruz","isPartOf":{"@id":"https:\/\/lospoliticosveracruz.com\/#website"},"datePublished":"2023-08-30T13:40:00+00:00","breadcrumb":{"@id":"https:\/\/lospoliticosveracruz.com\/?p=110810#breadcrumb"},"inLanguage":"es","potentialAction":[{"@type":"ReadAction","target":["https:\/\/lospoliticosveracruz.com\/?p=110810"]}]},{"@type":"BreadcrumbList","@id":"https:\/\/lospoliticosveracruz.com\/?p=110810#breadcrumb","itemListElement":[{"@type":"ListItem","position":1,"name":"Portada","item":"https:\/\/lospoliticosveracruz.com\/"},{"@type":"ListItem","position":2,"name":"ES X\u00d3CHITL"}]},{"@type":"WebSite","@id":"https:\/\/lospoliticosveracruz.com\/#website","url":"https:\/\/lospoliticosveracruz.com\/","name":"Los pol\u00edticos Veracruz","description":"","publisher":{"@id":"https:\/\/lospoliticosveracruz.com\/#organization"},"potentialAction":[{"@type":"SearchAction","target":{"@type":"EntryPoint","urlTemplate":"https:\/\/lospoliticosveracruz.com\/?s={search_term_string}"},"query-input":{"@type":"PropertyValueSpecification","valueRequired":true,"valueName":"search_term_string"}}],"inLanguage":"es"},{"@type":"Organization","@id":"https:\/\/lospoliticosveracruz.com\/#organization","name":"Los pol\u00edticos Veracruz","url":"https:\/\/lospoliticosveracruz.com\/","logo":{"@type":"ImageObject","inLanguage":"es","@id":"https:\/\/lospoliticosveracruz.com\/#\/schema\/logo\/image\/","url":"https:\/\/lospoliticosveracruz.com\/wp-content\/uploads\/2025\/12\/Logo-Nuevo-LOS-POLITICOS-1.jpg","contentUrl":"https:\/\/lospoliticosveracruz.com\/wp-content\/uploads\/2025\/12\/Logo-Nuevo-LOS-POLITICOS-1.jpg","width":260,"height":70,"caption":"Los pol\u00edticos Veracruz"},"image":{"@id":"https:\/\/lospoliticosveracruz.com\/#\/schema\/logo\/image\/"},"sameAs":["https:\/\/www.facebook.com\/people\/Notimemes-de-los-Polticos\/61565672886568\/","https:\/\/x.com\/LosPoliticosVer"]},{"@type":"Person","@id":"https:\/\/lospoliticosveracruz.com\/#\/schema\/person\/b8702bb0e538456e6efd07080bf2a4a2","name":"Lo viste en Los Pol\u00edticos","image":{"@type":"ImageObject","inLanguage":"es","@id":"https:\/\/secure.gravatar.com\/avatar\/3a8de04a2656d44082be478bd6c086daa447c4651605818287b9532d3d0bd435?s=96&d=mm&r=g","url":"https:\/\/secure.gravatar.com\/avatar\/3a8de04a2656d44082be478bd6c086daa447c4651605818287b9532d3d0bd435?s=96&d=mm&r=g","contentUrl":"https:\/\/secure.gravatar.com\/avatar\/3a8de04a2656d44082be478bd6c086daa447c4651605818287b9532d3d0bd435?s=96&d=mm&r=g","caption":"Lo viste en Los Pol\u00edticos"},"url":"https:\/\/lospoliticosveracruz.com\/?author=2"}]}},"_links":{"self":[{"href":"https:\/\/lospoliticosveracruz.com\/index.php?rest_route=\/wp\/v2\/posts\/110810","targetHints":{"allow":["GET"]}}],"collection":[{"href":"https:\/\/lospoliticosveracruz.com\/index.php?rest_route=\/wp\/v2\/posts"}],"about":[{"href":"https:\/\/lospoliticosveracruz.com\/index.php?rest_route=\/wp\/v2\/types\/post"}],"author":[{"embeddable":true,"href":"https:\/\/lospoliticosveracruz.com\/index.php?rest_route=\/wp\/v2\/users\/2"}],"replies":[{"embeddable":true,"href":"https:\/\/lospoliticosveracruz.com\/index.php?rest_route=%2Fwp%2Fv2%2Fcomments&post=110810"}],"version-history":[{"count":1,"href":"https:\/\/lospoliticosveracruz.com\/index.php?rest_route=\/wp\/v2\/posts\/110810\/revisions"}],"predecessor-version":[{"id":110811,"href":"https:\/\/lospoliticosveracruz.com\/index.php?rest_route=\/wp\/v2\/posts\/110810\/revisions\/110811"}],"wp:attachment":[{"href":"https:\/\/lospoliticosveracruz.com\/index.php?rest_route=%2Fwp%2Fv2%2Fmedia&parent=110810"}],"wp:term":[{"taxonomy":"category","embeddable":true,"href":"https:\/\/lospoliticosveracruz.com\/index.php?rest_route=%2Fwp%2Fv2%2Fcategories&post=110810"},{"taxonomy":"post_tag","embeddable":true,"href":"https:\/\/lospoliticosveracruz.com\/index.php?rest_route=%2Fwp%2Fv2%2Ftags&post=110810"}],"curies":[{"name":"wp","href":"https:\/\/api.w.org\/{rel}","templated":true}]}}