{"id":110812,"date":"2023-08-30T08:40:00","date_gmt":"2023-08-30T13:40:00","guid":{"rendered":"https:\/\/lospoliticosveracruz.com.mx\/?p=110812"},"modified":"2023-08-30T08:40:17","modified_gmt":"2023-08-30T13:40:17","slug":"por-que-lo-sigue-aplicando-parte-ii","status":"publish","type":"post","link":"https:\/\/lospoliticosveracruz.com\/?p=110812","title":{"rendered":"\u00bfPOR QU\u00c9 LO SIGUE APLICANDO? PARTE II"},"content":{"rendered":"\n<p><strong>Jos\u00e9 Luis Ortega Vidal<br><\/strong><em>Claroscuros<\/em><br>(1)<br>La reforma energ\u00e9tica impulsada por el entonces presidente Enrique Pe\u00f1a Nieto en el 2013, marc\u00f3 un antes y un despu\u00e9s en el neoliberalismo mexicano.<br>Ni Carlos Salinas de Gortari fue capaz de meterse con PEMEX.<br>Hubo motivos, desde luego: el nacionalismo mexicano tuvo en PEMEX, durante el resto del siglo XX y a partir de la expropiaci\u00f3n petrolera de 1938, un elemento de peso en la construcci\u00f3n de la identidad nacional.<\/p>\n\n\n<div class=\"wp-block-image\">\n<figure class=\"alignleft size-full is-resized\"><a href=\"https:\/\/lospoliticosveracruz.com.mx\/wp-content\/uploads\/2023\/02\/Vinissimo.jpg\"><img loading=\"lazy\" decoding=\"async\" src=\"https:\/\/lospoliticosveracruz.com.mx\/wp-content\/uploads\/2023\/02\/Vinissimo.jpg\" alt=\"\" class=\"wp-image-102752\" width=\"175\" height=\"178\"\/><\/a><\/figure>\n<\/div>\n\n\n<p><br>Ernesto Zedillo, Vicente Fox y Felipe Calder\u00f3n aplaudieron la reforma de Pe\u00f1a Nieto, a la cual tampoco tuvieron el valor de arribar.<br>Privatizar PEMEX, eso fue lo que inici\u00f3 Pe\u00f1a Nieto con el aval de su partido, el PRI, pero tambi\u00e9n del PAN \u2013con el cual le une una identidad ideol\u00f3gica de derecha- y el PRD, partido de izquierda que ya perd\u00eda fuerza desde entonces y luce como un gui\u00f1apo pol\u00edtico los d\u00edas que corren\u2026<br>(2)<br>Los ataques firmes, virulentos contra el neoliberalismo como el modelo macroecon\u00f3mico que destroz\u00f3 a M\u00e9xico, han sido permanentes desde la voz de Andr\u00e9s Manuel L\u00f3pez Obrador durante m\u00e1s de tres d\u00e9cadas.<br>(3)<br>Durante el 2021 \u2013me refiero al a\u00f1o, no a los discursos del presidente- L\u00f3pez Obrador impuls\u00f3 reformas en las Leyes de la Industria El\u00e9ctrica y de Hidrocarburos, para fortalecer a PEMEX y CFE como empresas de Estado y alejar las inversiones privadas en ambas \u00e1reas.<br>El presidente se ha propuesto el rescate de PEMEX durante su sexenio y con tal objetivo ha fortalecido la inyecci\u00f3n de dinero al organismo, v\u00eda \u2013entre otras estrategias- la disminuci\u00f3n de sus aportaciones a la hacienda p\u00fablica.<br>Tambi\u00e9n, AMLO se ha mantenido firme en su concepci\u00f3n nacionalista del manejo de los recursos energ\u00e9ticos, a trav\u00e9s de la construcci\u00f3n de la refiner\u00eda Olmeca, en Dos Bocas, Tabasco.<br>(4)<br>Con Pe\u00f1a Nieto se otorgaron contratos a empresas privadas \u2013nacionales y extranjeras- en el ramo energ\u00e9tico; con Andr\u00e9s Manuel L\u00f3pez Obrador se opt\u00f3 por cerrar esas puertas incluso a empresas que ya estaban contratadas.<br>Dada la existencia de un Tratado de Libre Comercio con Estados Unidos y Canad\u00e1, empresas de esos pa\u00edses protestaron.<br>Desde el 2022 se han presentado controversias de empresarios norteamericanos, canadienses y europeos \u2013v\u00eda sus respectivos gobiernos- por la afectaci\u00f3n de sus intereses a partir de las reformas legales del gobierno mexicano.<br>En el caso de Estados Unidos y Canad\u00e1, los defensores de la causa empresarial norteamericana fundamentan sus argumentos en el T-MEC, acuerdo firmado por AMLO en el 2020.<br>El T-MEC representa la continuidad del TLC signado por Carlos Salinas de Gortari y que entr\u00f3 en vigor a partir de 1994.<br>(5)<br>Va un resumen:<br>El Tratado de Libre Comercio es un acuerdo entre pa\u00edses para facilitar el comercio mutuo v\u00eda la cancelaci\u00f3n de aranceles aduaneros.<br>Con m\u00faltiples detalles que abarcan aspectos laborales, ambientales, financieros, de apertura a la inversi\u00f3n, entre otros, el TLC -hoy T-MEC- constituye un ejemplo contundente de ejercicio macroecon\u00f3mico neoliberal, tan criticado por el presidente L\u00f3pez Obrador.<br>Haber firmado el T-MEC con su contraparte Donald Trump, en Estados Unidos, y Justin Trudeau, de Canad\u00e1, contradice el esp\u00edritu nacionalista y de apoyo a un modelo macroecon\u00f3mico estatista por parte de nuestro presidente.<br>(6)<br>La 4T ha defendido la titularidad del Estado sobre el sector energ\u00e9tico, con el fortalecimiento \u2013seg\u00fan la versi\u00f3n oficial- de la CFE y el rescate de PEMEX, pero nada m\u00e1s\u2026<br>El resto del mercado mexicano est\u00e1 abierto a la inversi\u00f3n privada nacional y extranjera, principalmente de Estados Unidos y de Canad\u00e1.<br>Hay m\u00e1s: en enero del 2023 L\u00f3pez Obrador y Trudeau tuvieron acuerdos para frenar las quejas de empresarios canadienses con inversiones en el ramo el\u00e9ctrico y minero en nuestro pa\u00eds.<br>Con Joe Biden tambi\u00e9n hubo arreglo.<br>(7)<\/p>\n\n\n\n<p>Remito a dos notas de El Universal sobre el tema de inversiones privadas en el sector petrolero mexicano.<br>El pasado 23 de agosto, se public\u00f3:<\/p>\n\n\n\n<p>\u201cAMLO se jacta de rescatar Pemex sin dar marcha atr\u00e1s a la Reforma Energ\u00e9tica \u00b4Ya rescatamos a Pemex y no hizo falta dar marcha atr\u00e1s a la reforma energ\u00e9tica, porque tuvimos la suerte que no le dio tiempo de entregar todo el potencial energ\u00e9tico de M\u00e9xico: Repito entregaron s\u00f3lo el 20% y con lo que dejaron estamos sacando adelante al pa\u00eds\u00bb.<br>En conferencia de prensa, el mandatario record\u00f3 que a los \u00abtecn\u00f3cratas corruptos\u00bb no los importaba extraer el petr\u00f3leo, sino los contratos.<br>\u00abLo puedo probar como los que entregaron a Repsol, en el periodo de Calder\u00f3n en la Cuenca Burgos, para extraer m\u00e1s gas, saquearon y al final no hubo m\u00e1s gas que el que ya produc\u00eda Pemex, se llevaron mucho dinero, negocios jugosos para las empresas y malos para la naci\u00f3n\u00b4.<br>El presidente L\u00f3pez Obrador acus\u00f3 que los neoliberales enga\u00f1aron que con la reforma energ\u00e9tica iba a allegar la inversi\u00f3n extranjera a raudales.<br>Pero de los 110 contratos que dieron a privados para la explotaci\u00f3n de crudo solo tres est\u00e1n activos y producen 40 mil barriles diarios, \u00abtodos los dem\u00e1s los usaron en las bolsas con fines de especulaci\u00f3n\u201d.<\/p>\n\n\n\n<p>Luego, hace cuatro d\u00edas se public\u00f3 esta nueva nota:<\/p>\n\n\n\n<p>\u201cAMLO \u201cpalome\u00f3\u201d los contratos de reforma energ\u00e9tica: Amexhi<br>Historia de Everardo Mart\u00ednez<br>Los contratos que emanan de la reforma energ\u00e9tica, en la que se entregaron aprobaciones para la extracci\u00f3n de petr\u00f3leo por parte de privados fueron revisados y \u201cpalomeados\u201d por el presidente Andr\u00e9s Manuel L\u00f3pez Obrador, y ahora son un \u00e9xito, asegur\u00f3 Merl\u00edn Cochran, director general de la Asociaci\u00f3n Mexicana de Empresas de Hidrocarburos (Amexhi).<br>En entrevista con EL UNIVERSAL, se\u00f1al\u00f3 que la reforma energ\u00e9tica presentada en 2013 y cristalizada en este sector en 2018 ha generado recursos para el erario, as\u00ed como transferencias de tecnolog\u00eda a Pemex y producci\u00f3n a la plataforma petrolera del pa\u00eds.<br>\u201cEsto ha sido un \u00e9xito en extracci\u00f3n para el pa\u00eds. Si bien, las metas de producci\u00f3n no se han alcanzado, se van a alcanzar, porque hay un \u00e9xito geol\u00f3gico en estos contratos que se otorgaron y s\u00f3lo es cuesti\u00f3n de tiempo\u201d, a\u00f1adi\u00f3.<br>Adem\u00e1s, se ha reflejado en inversiones por m\u00e1s de 28 mil millones de d\u00f3lares de 2018 a la fecha. Esta cifra corresponde a una bolsa de casi 50 mil millones aprobados por las autoridades a las empresas que ganaron estas decenas de contratos.<br>Sin embargo, el presidente L\u00f3pez Obrador dijo el mi\u00e9rcoles, sin especificar, que hubo corrupci\u00f3n y que la producci\u00f3n de privados se sit\u00faa en 40 mil barriles diarios.<br>Los datos de la Comisi\u00f3n Nacional de Hidrocarburos (CNH) que llevan el registro de estos contratos indican que, en junio pasado, la producci\u00f3n diaria promedio ascendi\u00f3 a 104 mil 411 barriles, aunque todav\u00eda est\u00e1 lejos de los 280 mil prometidos para 2024.\u201d<\/p>\n\n\n\n<p>(8)<br>Andr\u00e9s Manuel L\u00f3pez Obrador firm\u00f3 el T-MEC, tratado neoliberal que dio continuidad al TLC impulsado por Carlos Salinas de Gortari, \u201cel innombrable\u201d.<br>Como consecuencia de los acuerdos jur\u00eddicos del T-MEC las empresas privadas siguen invirtiendo en los sectores el\u00e9ctrico y petrolero de M\u00e9xico, a pesar de las reformas a leyes impulsadas por L\u00f3pez Obrador durante el 2021.<br>Dicho de otro modo, la reforma energ\u00e9tica de Pe\u00f1a Nieto en el 2013 sigue vigente.<\/p>\n\n\n\n<p>(9)<br>Pregunt\u00e9 en el subt\u00edtulo de la primera parte de este texto:<br>\u201cSi, durante d\u00e9cadas, Andr\u00e9s Manuel L\u00f3pez Obrador ha convertido al neoliberalismo en el modelo macroecon\u00f3mico enemigo de la patria: \u00bfPor qu\u00e9 lo sigue aplicando?<br>(10)<br>La respuesta nos remite a un presidente de visi\u00f3n capitalista decantado hacia el modelo macroecon\u00f3mico estatista pero que ha llegado al poder en un contexto geopol\u00edtico y geoecon\u00f3mico donde prevalece el libre mercado.<br>AMLO ofreci\u00f3 cambiar el r\u00e9gimen y el sistema pol\u00edtico del pa\u00eds, pero s\u00f3lo avanz\u00f3 parcialmente durante la mitad de su gobierno.<br>Las reformas constitucionales se frenaron a partir de la p\u00e9rdida de mayor\u00eda en el Congreso de la Uni\u00f3n durante los comicios intermedios del 2021.<br>(11)<br>La visi\u00f3n estatista de L\u00f3pez Obrador incluye el fortalecimiento del Estado como ente de control econ\u00f3mico y de repartici\u00f3n de riqueza.<br>Seg\u00fan \u00e9l, esto se logra v\u00eda la propiedad estatal sobre patrimonio energ\u00e9tico y la canalizaci\u00f3n de recursos directos a la poblaci\u00f3n en general, pero de modo particular con programas sociales para los pobres.<br>El cambio de r\u00e9gimen y de sistema pol\u00edtico desde la 4T, requiere la reforma fiscal que ya no ocurrir\u00e1 este sexenio.<br>Tambi\u00e9n es necesaria la reforma judicial que tampoco ocurrir\u00e1 con el Congreso actual.<br>(12)<br>A\u00f1ado una convicci\u00f3n particular: Andr\u00e9s Manuel L\u00f3pez Obrador es un brillante orador, un l\u00edder nato, un pol\u00edtico de peso en el ejercicio del poder como no hemos tenido otro desde L\u00e1zaro C\u00e1rdenas.<br>Hasta ah\u00ed.<br>AMLO no es un estadista; es un presidente, nom\u00e1s.<br>Como tal, limitado a ese nivel, incurre como todo pol\u00edtico en la contradicci\u00f3n de hablar mucho, prometer demasiado y cumplir poco.<br>Lo hace, adem\u00e1s, con plena consciencia de que sus dichos no coinciden con la realidad.<br>Miente, sabedor de que millones le creer\u00e1n y seguir\u00e1n sus instrucciones o apoyar\u00e1n sus planes.<br>(13)<br>L\u00f3pez Obrador firm\u00f3 el T-MEC convencido de que era lo mejor para el pa\u00eds \u2013seg\u00fan su coincidencia de pensamiento con Salinas de Gortari.<br>Dir\u00e1 \u00e9l y dir\u00e1n sus defensores que no le qued\u00f3 de otra\u2026<br>Despu\u00e9s de haber puesto en marcha el T-MEC se top\u00f3 con otra contradicci\u00f3n: deb\u00eda dar continuidad a la reforma energ\u00e9tica de Pe\u00f1a Nieto o enfrentar a los inversionistas extranjeros en controversias que, de llegar a tribunales internacionales, costar\u00edan a M\u00e9xico p\u00e9rdidas por miles de millones de d\u00f3lares.<br>As\u00ed, disfraz\u00f3 sus respuestas desde el discurso del nacionalismo y el rescate de PEMEX y de CFE, etc\u00e9tera\u2026<br>Las inversiones derivadas de la reforma energ\u00e9tica del 2013 contin\u00faan tras la presi\u00f3n de los gobiernos de Estados Unidos y Canad\u00e1.<br>AMLO firm\u00f3 el T-MEC\u2026y lo respeta, aunque declare lo contrario.<br>(14)<br>Hay un logro de la 4T: el combate a la pobreza; aunque es un \u00e9xito parcial.<br>Hay otro logro durante la 4T: el retorno al crecimiento econ\u00f3mico luego de la pandemia.<br>En este caso, el crecimiento del Producto Interno Bruto ocurre por la inversi\u00f3n del gobierno, pero mayormente por la inversi\u00f3n privada extranjera y nacional, as\u00ed como las remesas, entre otros factores,<br>(15)<br>El rescate del sureste de la Rep\u00fablica tiene como ejes fundamentales la refiner\u00eda de Dos Bocas, el Tren Maya y el Corredor Interoce\u00e1nico del Istmo de Tehuantepec.<br>Pero este tema requiere an\u00e1lisis aparte.<\/p>\n","protected":false},"excerpt":{"rendered":"<p>Jos\u00e9 Luis Ortega VidalClaroscuros(1)La reforma energ\u00e9tica impulsada por el entonces presidente Enrique Pe\u00f1a Nieto en el 2013, marc\u00f3 un antes y un despu\u00e9s en el neoliberalismo mexicano.Ni Carlos Salinas de Gortari fue capaz de meterse con PEMEX.Hubo motivos, desde luego: el nacionalismo mexicano tuvo en PEMEX, durante el resto del siglo XX y a partir [&hellip;]<\/p>\n","protected":false},"author":2,"featured_media":0,"comment_status":"closed","ping_status":"closed","sticky":false,"template":"","format":"standard","meta":{"tdm_status":"","tdm_grid_status":"","footnotes":""},"categories":[70],"tags":[17426,618,15958,14643,21826,1026],"class_list":{"0":"post-110812","1":"post","2":"type-post","3":"status-publish","4":"format-standard","6":"category-de-opinion","7":"tag-4t","8":"tag-andres-manuel-lopez-obrador","9":"tag-corredor-interoceanico-del-istmo-de-tehuantepec","10":"tag-dos-bocas","11":"tag-el-tren-maya","12":"tag-morena"},"yoast_head":"<!-- This site is optimized with the Yoast SEO plugin v27.4 - https:\/\/yoast.com\/product\/yoast-seo-wordpress\/ -->\n<title>\u00bfPOR QU\u00c9 LO SIGUE APLICANDO? PARTE II - Los pol\u00edticos Veracruz<\/title>\n<meta name=\"robots\" content=\"index, follow, max-snippet:-1, max-image-preview:large, max-video-preview:-1\" \/>\n<link rel=\"canonical\" href=\"https:\/\/lospoliticosveracruz.com\/?p=110812\" \/>\n<meta property=\"og:locale\" content=\"es_ES\" \/>\n<meta property=\"og:type\" content=\"article\" \/>\n<meta property=\"og:title\" content=\"\u00bfPOR QU\u00c9 LO SIGUE APLICANDO? PARTE II - Los pol\u00edticos Veracruz\" \/>\n<meta property=\"og:description\" content=\"Jos\u00e9 Luis Ortega VidalClaroscuros(1)La reforma energ\u00e9tica impulsada por el entonces presidente Enrique Pe\u00f1a Nieto en el 2013, marc\u00f3 un antes y un despu\u00e9s en el neoliberalismo mexicano.Ni Carlos Salinas de Gortari fue capaz de meterse con PEMEX.Hubo motivos, desde luego: el nacionalismo mexicano tuvo en PEMEX, durante el resto del siglo XX y a partir [&hellip;]\" \/>\n<meta property=\"og:url\" content=\"https:\/\/lospoliticosveracruz.com\/?p=110812\" \/>\n<meta property=\"og:site_name\" content=\"Los pol\u00edticos Veracruz\" \/>\n<meta property=\"article:publisher\" content=\"https:\/\/www.facebook.com\/people\/Notimemes-de-los-Polticos\/61565672886568\/\" \/>\n<meta property=\"article:published_time\" content=\"2023-08-30T13:40:00+00:00\" \/>\n<meta property=\"article:modified_time\" content=\"2023-08-30T13:40:17+00:00\" \/>\n<meta property=\"og:image\" content=\"https:\/\/lospoliticosveracruz.com.mx\/wp-content\/uploads\/2023\/02\/Vinissimo.jpg\" \/>\n<meta name=\"author\" content=\"Lo viste en Los Pol\u00edticos\" \/>\n<meta name=\"twitter:card\" content=\"summary_large_image\" \/>\n<meta name=\"twitter:creator\" content=\"@LosPoliticosVer\" \/>\n<meta name=\"twitter:site\" content=\"@LosPoliticosVer\" \/>\n<meta name=\"twitter:label1\" content=\"Escrito por\" \/>\n\t<meta name=\"twitter:data1\" content=\"Lo viste en Los Pol\u00edticos\" \/>\n\t<meta name=\"twitter:label2\" content=\"Tiempo de lectura\" \/>\n\t<meta name=\"twitter:data2\" content=\"9 minutos\" \/>\n<script type=\"application\/ld+json\" class=\"yoast-schema-graph\">{\"@context\":\"https:\\\/\\\/schema.org\",\"@graph\":[{\"@type\":\"Article\",\"@id\":\"https:\\\/\\\/lospoliticosveracruz.com\\\/?p=110812#article\",\"isPartOf\":{\"@id\":\"https:\\\/\\\/lospoliticosveracruz.com\\\/?p=110812\"},\"author\":{\"name\":\"Lo viste en Los Pol\u00edticos\",\"@id\":\"https:\\\/\\\/lospoliticosveracruz.com\\\/#\\\/schema\\\/person\\\/b8702bb0e538456e6efd07080bf2a4a2\"},\"headline\":\"\u00bfPOR QU\u00c9 LO SIGUE APLICANDO? PARTE II\",\"datePublished\":\"2023-08-30T13:40:00+00:00\",\"dateModified\":\"2023-08-30T13:40:17+00:00\",\"mainEntityOfPage\":{\"@id\":\"https:\\\/\\\/lospoliticosveracruz.com\\\/?p=110812\"},\"wordCount\":1856,\"publisher\":{\"@id\":\"https:\\\/\\\/lospoliticosveracruz.com\\\/#organization\"},\"image\":{\"@id\":\"https:\\\/\\\/lospoliticosveracruz.com\\\/?p=110812#primaryimage\"},\"thumbnailUrl\":\"https:\\\/\\\/lospoliticosveracruz.com.mx\\\/wp-content\\\/uploads\\\/2023\\\/02\\\/Vinissimo.jpg\",\"keywords\":[\"4T\",\"Andr\u00e9s Manuel L\u00f3pez Obrador\",\"Corredor Interoce\u00e1nico del Istmo de Tehuantepec\",\"Dos Bocas\",\"el Tren Maya\",\"Morena\"],\"articleSection\":[\"De Opini\u00f3n\"],\"inLanguage\":\"es\"},{\"@type\":\"WebPage\",\"@id\":\"https:\\\/\\\/lospoliticosveracruz.com\\\/?p=110812\",\"url\":\"https:\\\/\\\/lospoliticosveracruz.com\\\/?p=110812\",\"name\":\"\u00bfPOR QU\u00c9 LO SIGUE APLICANDO? PARTE II - Los pol\u00edticos Veracruz\",\"isPartOf\":{\"@id\":\"https:\\\/\\\/lospoliticosveracruz.com\\\/#website\"},\"primaryImageOfPage\":{\"@id\":\"https:\\\/\\\/lospoliticosveracruz.com\\\/?p=110812#primaryimage\"},\"image\":{\"@id\":\"https:\\\/\\\/lospoliticosveracruz.com\\\/?p=110812#primaryimage\"},\"thumbnailUrl\":\"https:\\\/\\\/lospoliticosveracruz.com.mx\\\/wp-content\\\/uploads\\\/2023\\\/02\\\/Vinissimo.jpg\",\"datePublished\":\"2023-08-30T13:40:00+00:00\",\"dateModified\":\"2023-08-30T13:40:17+00:00\",\"breadcrumb\":{\"@id\":\"https:\\\/\\\/lospoliticosveracruz.com\\\/?p=110812#breadcrumb\"},\"inLanguage\":\"es\",\"potentialAction\":[{\"@type\":\"ReadAction\",\"target\":[\"https:\\\/\\\/lospoliticosveracruz.com\\\/?p=110812\"]}]},{\"@type\":\"ImageObject\",\"inLanguage\":\"es\",\"@id\":\"https:\\\/\\\/lospoliticosveracruz.com\\\/?p=110812#primaryimage\",\"url\":\"https:\\\/\\\/lospoliticosveracruz.com.mx\\\/wp-content\\\/uploads\\\/2023\\\/02\\\/Vinissimo.jpg\",\"contentUrl\":\"https:\\\/\\\/lospoliticosveracruz.com.mx\\\/wp-content\\\/uploads\\\/2023\\\/02\\\/Vinissimo.jpg\"},{\"@type\":\"BreadcrumbList\",\"@id\":\"https:\\\/\\\/lospoliticosveracruz.com\\\/?p=110812#breadcrumb\",\"itemListElement\":[{\"@type\":\"ListItem\",\"position\":1,\"name\":\"Portada\",\"item\":\"https:\\\/\\\/lospoliticosveracruz.com\\\/\"},{\"@type\":\"ListItem\",\"position\":2,\"name\":\"\u00bfPOR QU\u00c9 LO SIGUE APLICANDO? PARTE II\"}]},{\"@type\":\"WebSite\",\"@id\":\"https:\\\/\\\/lospoliticosveracruz.com\\\/#website\",\"url\":\"https:\\\/\\\/lospoliticosveracruz.com\\\/\",\"name\":\"Los pol\u00edticos Veracruz\",\"description\":\"\",\"publisher\":{\"@id\":\"https:\\\/\\\/lospoliticosveracruz.com\\\/#organization\"},\"potentialAction\":[{\"@type\":\"SearchAction\",\"target\":{\"@type\":\"EntryPoint\",\"urlTemplate\":\"https:\\\/\\\/lospoliticosveracruz.com\\\/?s={search_term_string}\"},\"query-input\":{\"@type\":\"PropertyValueSpecification\",\"valueRequired\":true,\"valueName\":\"search_term_string\"}}],\"inLanguage\":\"es\"},{\"@type\":\"Organization\",\"@id\":\"https:\\\/\\\/lospoliticosveracruz.com\\\/#organization\",\"name\":\"Los pol\u00edticos Veracruz\",\"url\":\"https:\\\/\\\/lospoliticosveracruz.com\\\/\",\"logo\":{\"@type\":\"ImageObject\",\"inLanguage\":\"es\",\"@id\":\"https:\\\/\\\/lospoliticosveracruz.com\\\/#\\\/schema\\\/logo\\\/image\\\/\",\"url\":\"https:\\\/\\\/lospoliticosveracruz.com\\\/wp-content\\\/uploads\\\/2025\\\/12\\\/Logo-Nuevo-LOS-POLITICOS-1.jpg\",\"contentUrl\":\"https:\\\/\\\/lospoliticosveracruz.com\\\/wp-content\\\/uploads\\\/2025\\\/12\\\/Logo-Nuevo-LOS-POLITICOS-1.jpg\",\"width\":260,\"height\":70,\"caption\":\"Los pol\u00edticos Veracruz\"},\"image\":{\"@id\":\"https:\\\/\\\/lospoliticosveracruz.com\\\/#\\\/schema\\\/logo\\\/image\\\/\"},\"sameAs\":[\"https:\\\/\\\/www.facebook.com\\\/people\\\/Notimemes-de-los-Polticos\\\/61565672886568\\\/\",\"https:\\\/\\\/x.com\\\/LosPoliticosVer\"]},{\"@type\":\"Person\",\"@id\":\"https:\\\/\\\/lospoliticosveracruz.com\\\/#\\\/schema\\\/person\\\/b8702bb0e538456e6efd07080bf2a4a2\",\"name\":\"Lo viste en Los Pol\u00edticos\",\"image\":{\"@type\":\"ImageObject\",\"inLanguage\":\"es\",\"@id\":\"https:\\\/\\\/secure.gravatar.com\\\/avatar\\\/3a8de04a2656d44082be478bd6c086daa447c4651605818287b9532d3d0bd435?s=96&d=mm&r=g\",\"url\":\"https:\\\/\\\/secure.gravatar.com\\\/avatar\\\/3a8de04a2656d44082be478bd6c086daa447c4651605818287b9532d3d0bd435?s=96&d=mm&r=g\",\"contentUrl\":\"https:\\\/\\\/secure.gravatar.com\\\/avatar\\\/3a8de04a2656d44082be478bd6c086daa447c4651605818287b9532d3d0bd435?s=96&d=mm&r=g\",\"caption\":\"Lo viste en Los Pol\u00edticos\"},\"url\":\"https:\\\/\\\/lospoliticosveracruz.com\\\/?author=2\"}]}<\/script>\n<!-- \/ Yoast SEO plugin. -->","yoast_head_json":{"title":"\u00bfPOR QU\u00c9 LO SIGUE APLICANDO? PARTE II - Los pol\u00edticos Veracruz","robots":{"index":"index","follow":"follow","max-snippet":"max-snippet:-1","max-image-preview":"max-image-preview:large","max-video-preview":"max-video-preview:-1"},"canonical":"https:\/\/lospoliticosveracruz.com\/?p=110812","og_locale":"es_ES","og_type":"article","og_title":"\u00bfPOR QU\u00c9 LO SIGUE APLICANDO? PARTE II - Los pol\u00edticos Veracruz","og_description":"Jos\u00e9 Luis Ortega VidalClaroscuros(1)La reforma energ\u00e9tica impulsada por el entonces presidente Enrique Pe\u00f1a Nieto en el 2013, marc\u00f3 un antes y un despu\u00e9s en el neoliberalismo mexicano.Ni Carlos Salinas de Gortari fue capaz de meterse con PEMEX.Hubo motivos, desde luego: el nacionalismo mexicano tuvo en PEMEX, durante el resto del siglo XX y a partir [&hellip;]","og_url":"https:\/\/lospoliticosveracruz.com\/?p=110812","og_site_name":"Los pol\u00edticos Veracruz","article_publisher":"https:\/\/www.facebook.com\/people\/Notimemes-de-los-Polticos\/61565672886568\/","article_published_time":"2023-08-30T13:40:00+00:00","article_modified_time":"2023-08-30T13:40:17+00:00","og_image":[{"url":"https:\/\/lospoliticosveracruz.com.mx\/wp-content\/uploads\/2023\/02\/Vinissimo.jpg","type":"","width":"","height":""}],"author":"Lo viste en Los Pol\u00edticos","twitter_card":"summary_large_image","twitter_creator":"@LosPoliticosVer","twitter_site":"@LosPoliticosVer","twitter_misc":{"Escrito por":"Lo viste en Los Pol\u00edticos","Tiempo de lectura":"9 minutos"},"schema":{"@context":"https:\/\/schema.org","@graph":[{"@type":"Article","@id":"https:\/\/lospoliticosveracruz.com\/?p=110812#article","isPartOf":{"@id":"https:\/\/lospoliticosveracruz.com\/?p=110812"},"author":{"name":"Lo viste en Los Pol\u00edticos","@id":"https:\/\/lospoliticosveracruz.com\/#\/schema\/person\/b8702bb0e538456e6efd07080bf2a4a2"},"headline":"\u00bfPOR QU\u00c9 LO SIGUE APLICANDO? PARTE II","datePublished":"2023-08-30T13:40:00+00:00","dateModified":"2023-08-30T13:40:17+00:00","mainEntityOfPage":{"@id":"https:\/\/lospoliticosveracruz.com\/?p=110812"},"wordCount":1856,"publisher":{"@id":"https:\/\/lospoliticosveracruz.com\/#organization"},"image":{"@id":"https:\/\/lospoliticosveracruz.com\/?p=110812#primaryimage"},"thumbnailUrl":"https:\/\/lospoliticosveracruz.com.mx\/wp-content\/uploads\/2023\/02\/Vinissimo.jpg","keywords":["4T","Andr\u00e9s Manuel L\u00f3pez Obrador","Corredor Interoce\u00e1nico del Istmo de Tehuantepec","Dos Bocas","el Tren Maya","Morena"],"articleSection":["De Opini\u00f3n"],"inLanguage":"es"},{"@type":"WebPage","@id":"https:\/\/lospoliticosveracruz.com\/?p=110812","url":"https:\/\/lospoliticosveracruz.com\/?p=110812","name":"\u00bfPOR QU\u00c9 LO SIGUE APLICANDO? PARTE II - Los pol\u00edticos Veracruz","isPartOf":{"@id":"https:\/\/lospoliticosveracruz.com\/#website"},"primaryImageOfPage":{"@id":"https:\/\/lospoliticosveracruz.com\/?p=110812#primaryimage"},"image":{"@id":"https:\/\/lospoliticosveracruz.com\/?p=110812#primaryimage"},"thumbnailUrl":"https:\/\/lospoliticosveracruz.com.mx\/wp-content\/uploads\/2023\/02\/Vinissimo.jpg","datePublished":"2023-08-30T13:40:00+00:00","dateModified":"2023-08-30T13:40:17+00:00","breadcrumb":{"@id":"https:\/\/lospoliticosveracruz.com\/?p=110812#breadcrumb"},"inLanguage":"es","potentialAction":[{"@type":"ReadAction","target":["https:\/\/lospoliticosveracruz.com\/?p=110812"]}]},{"@type":"ImageObject","inLanguage":"es","@id":"https:\/\/lospoliticosveracruz.com\/?p=110812#primaryimage","url":"https:\/\/lospoliticosveracruz.com.mx\/wp-content\/uploads\/2023\/02\/Vinissimo.jpg","contentUrl":"https:\/\/lospoliticosveracruz.com.mx\/wp-content\/uploads\/2023\/02\/Vinissimo.jpg"},{"@type":"BreadcrumbList","@id":"https:\/\/lospoliticosveracruz.com\/?p=110812#breadcrumb","itemListElement":[{"@type":"ListItem","position":1,"name":"Portada","item":"https:\/\/lospoliticosveracruz.com\/"},{"@type":"ListItem","position":2,"name":"\u00bfPOR QU\u00c9 LO SIGUE APLICANDO? PARTE II"}]},{"@type":"WebSite","@id":"https:\/\/lospoliticosveracruz.com\/#website","url":"https:\/\/lospoliticosveracruz.com\/","name":"Los pol\u00edticos Veracruz","description":"","publisher":{"@id":"https:\/\/lospoliticosveracruz.com\/#organization"},"potentialAction":[{"@type":"SearchAction","target":{"@type":"EntryPoint","urlTemplate":"https:\/\/lospoliticosveracruz.com\/?s={search_term_string}"},"query-input":{"@type":"PropertyValueSpecification","valueRequired":true,"valueName":"search_term_string"}}],"inLanguage":"es"},{"@type":"Organization","@id":"https:\/\/lospoliticosveracruz.com\/#organization","name":"Los pol\u00edticos Veracruz","url":"https:\/\/lospoliticosveracruz.com\/","logo":{"@type":"ImageObject","inLanguage":"es","@id":"https:\/\/lospoliticosveracruz.com\/#\/schema\/logo\/image\/","url":"https:\/\/lospoliticosveracruz.com\/wp-content\/uploads\/2025\/12\/Logo-Nuevo-LOS-POLITICOS-1.jpg","contentUrl":"https:\/\/lospoliticosveracruz.com\/wp-content\/uploads\/2025\/12\/Logo-Nuevo-LOS-POLITICOS-1.jpg","width":260,"height":70,"caption":"Los pol\u00edticos Veracruz"},"image":{"@id":"https:\/\/lospoliticosveracruz.com\/#\/schema\/logo\/image\/"},"sameAs":["https:\/\/www.facebook.com\/people\/Notimemes-de-los-Polticos\/61565672886568\/","https:\/\/x.com\/LosPoliticosVer"]},{"@type":"Person","@id":"https:\/\/lospoliticosveracruz.com\/#\/schema\/person\/b8702bb0e538456e6efd07080bf2a4a2","name":"Lo viste en Los Pol\u00edticos","image":{"@type":"ImageObject","inLanguage":"es","@id":"https:\/\/secure.gravatar.com\/avatar\/3a8de04a2656d44082be478bd6c086daa447c4651605818287b9532d3d0bd435?s=96&d=mm&r=g","url":"https:\/\/secure.gravatar.com\/avatar\/3a8de04a2656d44082be478bd6c086daa447c4651605818287b9532d3d0bd435?s=96&d=mm&r=g","contentUrl":"https:\/\/secure.gravatar.com\/avatar\/3a8de04a2656d44082be478bd6c086daa447c4651605818287b9532d3d0bd435?s=96&d=mm&r=g","caption":"Lo viste en Los Pol\u00edticos"},"url":"https:\/\/lospoliticosveracruz.com\/?author=2"}]}},"_links":{"self":[{"href":"https:\/\/lospoliticosveracruz.com\/index.php?rest_route=\/wp\/v2\/posts\/110812","targetHints":{"allow":["GET"]}}],"collection":[{"href":"https:\/\/lospoliticosveracruz.com\/index.php?rest_route=\/wp\/v2\/posts"}],"about":[{"href":"https:\/\/lospoliticosveracruz.com\/index.php?rest_route=\/wp\/v2\/types\/post"}],"author":[{"embeddable":true,"href":"https:\/\/lospoliticosveracruz.com\/index.php?rest_route=\/wp\/v2\/users\/2"}],"replies":[{"embeddable":true,"href":"https:\/\/lospoliticosveracruz.com\/index.php?rest_route=%2Fwp%2Fv2%2Fcomments&post=110812"}],"version-history":[{"count":1,"href":"https:\/\/lospoliticosveracruz.com\/index.php?rest_route=\/wp\/v2\/posts\/110812\/revisions"}],"predecessor-version":[{"id":110813,"href":"https:\/\/lospoliticosveracruz.com\/index.php?rest_route=\/wp\/v2\/posts\/110812\/revisions\/110813"}],"wp:attachment":[{"href":"https:\/\/lospoliticosveracruz.com\/index.php?rest_route=%2Fwp%2Fv2%2Fmedia&parent=110812"}],"wp:term":[{"taxonomy":"category","embeddable":true,"href":"https:\/\/lospoliticosveracruz.com\/index.php?rest_route=%2Fwp%2Fv2%2Fcategories&post=110812"},{"taxonomy":"post_tag","embeddable":true,"href":"https:\/\/lospoliticosveracruz.com\/index.php?rest_route=%2Fwp%2Fv2%2Ftags&post=110812"}],"curies":[{"name":"wp","href":"https:\/\/api.w.org\/{rel}","templated":true}]}}