{"id":110869,"date":"2023-08-31T09:01:23","date_gmt":"2023-08-31T14:01:23","guid":{"rendered":"https:\/\/lospoliticosveracruz.com.mx\/?p=110869"},"modified":"2023-08-31T09:01:26","modified_gmt":"2023-08-31T14:01:26","slug":"frente-amplio-por-mexico-por-la-unidad","status":"publish","type":"post","link":"https:\/\/lospoliticosveracruz.com\/?p=110869","title":{"rendered":"FRENTE AMPLIO POR M\u00c9XICO POR LA UNIDAD"},"content":{"rendered":"\n<p><\/p>\n\n\n\n<p><strong>Renato Alarc\u00f3n Guevara<\/strong><\/p>\n\n\n\n<p>Durante las \u00faltimas semanas he seguido con mucha atenci\u00f3n el proceso interno del Frente Amplio por M\u00e9xico. Me registre en el. Invite a amig@s a que se registraran de manera libre y voluntaria. Muchos de mis amigos se registraron apoyando a Beatriz Paredes, otros m\u00e1s por Enrique de la Madrid, muchos m\u00e1s, de un perfil m\u00e1s ciudadano que partidista, tambi\u00e9n lo hicieron por X\u00f3chitl Galvez.<\/p>\n\n\n<div class=\"wp-block-image\">\n<figure class=\"alignleft size-medium\"><a href=\"https:\/\/lospoliticosveracruz.com.mx\/wp-content\/uploads\/2021\/10\/WhatsApp-Image-2021-10-02-at-15.20.25.jpeg\"><img loading=\"lazy\" decoding=\"async\" width=\"212\" height=\"300\" src=\"https:\/\/lospoliticosveracruz.com.mx\/wp-content\/uploads\/2021\/10\/WhatsApp-Image-2021-10-02-at-15.20.25-212x300.jpeg\" alt=\"\" class=\"wp-image-80177\" srcset=\"https:\/\/lospoliticosveracruz.com\/wp-content\/uploads\/2021\/10\/WhatsApp-Image-2021-10-02-at-15.20.25-212x300.jpeg 212w, https:\/\/lospoliticosveracruz.com\/wp-content\/uploads\/2021\/10\/WhatsApp-Image-2021-10-02-at-15.20.25-724x1024.jpeg 724w, https:\/\/lospoliticosveracruz.com\/wp-content\/uploads\/2021\/10\/WhatsApp-Image-2021-10-02-at-15.20.25-768x1086.jpeg 768w, https:\/\/lospoliticosveracruz.com\/wp-content\/uploads\/2021\/10\/WhatsApp-Image-2021-10-02-at-15.20.25.jpeg 905w\" sizes=\"auto, (max-width: 212px) 100vw, 212px\" \/><\/a><\/figure>\n<\/div>\n\n\n<p>Trate de ser cuidadoso en mis comentarios, de decirles a todos los que quisieron escucharme que era m\u00e1s importante la construcci\u00f3n del Frente que la militancia en un partido, que era m\u00e1s relevante apoyar la unidad de proyecto, que pensar solo en la persona que m\u00e1s nos convenciera o conviniera en lo individual.<\/p>\n\n\n\n<p>El proceso del Frente en lo nacional concluy\u00f3; con altura de miras de la mayor\u00eda de los que aspiraron a ser coordinadores del mismo y con declinaciones que fortalecen la unidad.<\/p>\n\n\n\n<p>Hoy est\u00e1 definido que la abanderada ser\u00e1 X\u00f3chitl Galvez, a quien yo no conozco personalmente ni creo que sepa de mi existencia; pero que por supuesto apoyar\u00e9 sin mezquindad y con madurez, porque creo que el futuro de M\u00e9xico bien lo vale.<\/p>\n\n\n\n<p>Que sigue? Seguir\u00e1n los procesos para amalgamar las candidaturas a Gobernador de 9 estados, seguir\u00e1n los procesos para buscar equilibrios en la participaci\u00f3n pol\u00edtica y ciudadana de miles de cargos de elecci\u00f3n popular que estar\u00e1n en juego en todo el pa\u00eds; y no hay que perder de vista dos premisas fundamentales.<\/p>\n\n\n\n<p>Los partidos tendr\u00e1n que definir los m\u00e9todos, la forma y los tiempos de acuerdo a c\u00f3mo la ley lo permita; se tiene que definir c\u00f3mo se va a participar en esos procesos; se tiene que definir quien sigla, es decir, que partido pol\u00edtico lleva las candidaturas como cabeza del frente en cada lugar y para cada puesto de elecci\u00f3n popular; para ello tambi\u00e9n se tendr\u00e1n que definir los temas de g\u00e9nero en esas mismas candidaturas\u2026 recordemos que el 50 por ciento de los candidat@s a esos cargos deben ser mujeres.<\/p>\n\n\n\n<p>Es momento de seguir construyendo, se vale tener alg\u00fan proyecto, se vale tener alguna preferencia pol\u00edtica y electoral; se vale preferir a alguien sobre los dem\u00e1s, se vale trabajar por ese proyecto y tratar de que se consolide.<\/p>\n\n\n\n<p>Pero lo que yo creo que no se vale es rajarse a la mitad del camino porque yo no fui electo o porque mi amigo o amiga no fue candidato.<\/p>\n\n\n\n<p>M\u00e9xico y Veracruz nos necesitan unidos\u2026 vendr\u00e1n esos tiempos de definiciones\u2026 ojal\u00e1 todos tengamos altura de miras para apoyar los proyectos en los que creamos, las alternativas que vemos\u2026 pero lo m\u00e1s importante\u2026 que la unidad despu\u00e9s de que se vayan dando las definiciones es lo fundamental.<\/p>\n\n\n\n<p>Hago votos porque la forma de hacer pol\u00edtica en esta nueva etapa de la vida nacional nos lleve a entender que por encima de los nombres y los partidos esta nuestro querido pa\u00eds\u2026<\/p>\n\n\n\n<p>UNIDAD, UNIDAD, UNIDAD!!!!<\/p>\n","protected":false},"excerpt":{"rendered":"<p>Renato Alarc\u00f3n Guevara Durante las \u00faltimas semanas he seguido con mucha atenci\u00f3n el proceso interno del Frente Amplio por M\u00e9xico. Me registre en el. Invite a amig@s a que se registraran de manera libre y voluntaria. Muchos de mis amigos se registraron apoyando a Beatriz Paredes, otros m\u00e1s por Enrique de la Madrid, muchos m\u00e1s, [&hellip;]<\/p>\n","protected":false},"author":2,"featured_media":0,"comment_status":"closed","ping_status":"closed","sticky":false,"template":"","format":"standard","meta":{"tdm_status":"","tdm_grid_status":"","footnotes":""},"categories":[70],"tags":[2199,12909,38524,1128],"class_list":{"0":"post-110869","1":"post","2":"type-post","3":"status-publish","4":"format-standard","6":"category-de-opinion","7":"tag-beatriz-paredes","8":"tag-enrique-de-la-madrid","9":"tag-frente-amplio-por-mexico","10":"tag-renato-alarcon-guevara"},"yoast_head":"<!-- This site is optimized with the Yoast SEO plugin v27.4 - https:\/\/yoast.com\/product\/yoast-seo-wordpress\/ -->\n<title>FRENTE AMPLIO POR M\u00c9XICO POR LA UNIDAD - Los pol\u00edticos Veracruz<\/title>\n<meta name=\"robots\" content=\"index, follow, max-snippet:-1, max-image-preview:large, max-video-preview:-1\" \/>\n<link rel=\"canonical\" href=\"https:\/\/lospoliticosveracruz.com\/?p=110869\" \/>\n<meta property=\"og:locale\" content=\"es_ES\" \/>\n<meta property=\"og:type\" content=\"article\" \/>\n<meta property=\"og:title\" content=\"FRENTE AMPLIO POR M\u00c9XICO POR LA UNIDAD - Los pol\u00edticos Veracruz\" \/>\n<meta property=\"og:description\" content=\"Renato Alarc\u00f3n Guevara Durante las \u00faltimas semanas he seguido con mucha atenci\u00f3n el proceso interno del Frente Amplio por M\u00e9xico. Me registre en el. Invite a amig@s a que se registraran de manera libre y voluntaria. Muchos de mis amigos se registraron apoyando a Beatriz Paredes, otros m\u00e1s por Enrique de la Madrid, muchos m\u00e1s, [&hellip;]\" \/>\n<meta property=\"og:url\" content=\"https:\/\/lospoliticosveracruz.com\/?p=110869\" \/>\n<meta property=\"og:site_name\" content=\"Los pol\u00edticos Veracruz\" \/>\n<meta property=\"article:publisher\" content=\"https:\/\/www.facebook.com\/people\/Notimemes-de-los-Polticos\/61565672886568\/\" \/>\n<meta property=\"article:published_time\" content=\"2023-08-31T14:01:23+00:00\" \/>\n<meta property=\"article:modified_time\" content=\"2023-08-31T14:01:26+00:00\" \/>\n<meta property=\"og:image\" content=\"https:\/\/lospoliticosveracruz.com.mx\/wp-content\/uploads\/2021\/10\/WhatsApp-Image-2021-10-02-at-15.20.25-212x300.jpeg\" \/>\n<meta name=\"author\" content=\"Lo viste en Los Pol\u00edticos\" \/>\n<meta name=\"twitter:card\" content=\"summary_large_image\" \/>\n<meta name=\"twitter:creator\" content=\"@LosPoliticosVer\" \/>\n<meta name=\"twitter:site\" content=\"@LosPoliticosVer\" \/>\n<meta name=\"twitter:label1\" content=\"Escrito por\" \/>\n\t<meta name=\"twitter:data1\" content=\"Lo viste en Los Pol\u00edticos\" \/>\n\t<meta name=\"twitter:label2\" content=\"Tiempo de lectura\" \/>\n\t<meta name=\"twitter:data2\" content=\"3 minutos\" \/>\n<script type=\"application\/ld+json\" class=\"yoast-schema-graph\">{\"@context\":\"https:\\\/\\\/schema.org\",\"@graph\":[{\"@type\":\"Article\",\"@id\":\"https:\\\/\\\/lospoliticosveracruz.com\\\/?p=110869#article\",\"isPartOf\":{\"@id\":\"https:\\\/\\\/lospoliticosveracruz.com\\\/?p=110869\"},\"author\":{\"name\":\"Lo viste en Los Pol\u00edticos\",\"@id\":\"https:\\\/\\\/lospoliticosveracruz.com\\\/#\\\/schema\\\/person\\\/b8702bb0e538456e6efd07080bf2a4a2\"},\"headline\":\"FRENTE AMPLIO POR M\u00c9XICO POR LA UNIDAD\",\"datePublished\":\"2023-08-31T14:01:23+00:00\",\"dateModified\":\"2023-08-31T14:01:26+00:00\",\"mainEntityOfPage\":{\"@id\":\"https:\\\/\\\/lospoliticosveracruz.com\\\/?p=110869\"},\"wordCount\":534,\"publisher\":{\"@id\":\"https:\\\/\\\/lospoliticosveracruz.com\\\/#organization\"},\"image\":{\"@id\":\"https:\\\/\\\/lospoliticosveracruz.com\\\/?p=110869#primaryimage\"},\"thumbnailUrl\":\"https:\\\/\\\/lospoliticosveracruz.com.mx\\\/wp-content\\\/uploads\\\/2021\\\/10\\\/WhatsApp-Image-2021-10-02-at-15.20.25-212x300.jpeg\",\"keywords\":[\"Beatriz Paredes\",\"Enrique de la Madrid\",\"Frente Amplio por M\u00e9xico\",\"Renato Alarc\u00f3n Guevara\"],\"articleSection\":[\"De Opini\u00f3n\"],\"inLanguage\":\"es\"},{\"@type\":\"WebPage\",\"@id\":\"https:\\\/\\\/lospoliticosveracruz.com\\\/?p=110869\",\"url\":\"https:\\\/\\\/lospoliticosveracruz.com\\\/?p=110869\",\"name\":\"FRENTE AMPLIO POR M\u00c9XICO POR LA UNIDAD - Los pol\u00edticos Veracruz\",\"isPartOf\":{\"@id\":\"https:\\\/\\\/lospoliticosveracruz.com\\\/#website\"},\"primaryImageOfPage\":{\"@id\":\"https:\\\/\\\/lospoliticosveracruz.com\\\/?p=110869#primaryimage\"},\"image\":{\"@id\":\"https:\\\/\\\/lospoliticosveracruz.com\\\/?p=110869#primaryimage\"},\"thumbnailUrl\":\"https:\\\/\\\/lospoliticosveracruz.com.mx\\\/wp-content\\\/uploads\\\/2021\\\/10\\\/WhatsApp-Image-2021-10-02-at-15.20.25-212x300.jpeg\",\"datePublished\":\"2023-08-31T14:01:23+00:00\",\"dateModified\":\"2023-08-31T14:01:26+00:00\",\"breadcrumb\":{\"@id\":\"https:\\\/\\\/lospoliticosveracruz.com\\\/?p=110869#breadcrumb\"},\"inLanguage\":\"es\",\"potentialAction\":[{\"@type\":\"ReadAction\",\"target\":[\"https:\\\/\\\/lospoliticosveracruz.com\\\/?p=110869\"]}]},{\"@type\":\"ImageObject\",\"inLanguage\":\"es\",\"@id\":\"https:\\\/\\\/lospoliticosveracruz.com\\\/?p=110869#primaryimage\",\"url\":\"https:\\\/\\\/lospoliticosveracruz.com.mx\\\/wp-content\\\/uploads\\\/2021\\\/10\\\/WhatsApp-Image-2021-10-02-at-15.20.25-212x300.jpeg\",\"contentUrl\":\"https:\\\/\\\/lospoliticosveracruz.com.mx\\\/wp-content\\\/uploads\\\/2021\\\/10\\\/WhatsApp-Image-2021-10-02-at-15.20.25-212x300.jpeg\"},{\"@type\":\"BreadcrumbList\",\"@id\":\"https:\\\/\\\/lospoliticosveracruz.com\\\/?p=110869#breadcrumb\",\"itemListElement\":[{\"@type\":\"ListItem\",\"position\":1,\"name\":\"Portada\",\"item\":\"https:\\\/\\\/lospoliticosveracruz.com\\\/\"},{\"@type\":\"ListItem\",\"position\":2,\"name\":\"FRENTE AMPLIO POR M\u00c9XICO POR LA UNIDAD\"}]},{\"@type\":\"WebSite\",\"@id\":\"https:\\\/\\\/lospoliticosveracruz.com\\\/#website\",\"url\":\"https:\\\/\\\/lospoliticosveracruz.com\\\/\",\"name\":\"Los pol\u00edticos Veracruz\",\"description\":\"\",\"publisher\":{\"@id\":\"https:\\\/\\\/lospoliticosveracruz.com\\\/#organization\"},\"potentialAction\":[{\"@type\":\"SearchAction\",\"target\":{\"@type\":\"EntryPoint\",\"urlTemplate\":\"https:\\\/\\\/lospoliticosveracruz.com\\\/?s={search_term_string}\"},\"query-input\":{\"@type\":\"PropertyValueSpecification\",\"valueRequired\":true,\"valueName\":\"search_term_string\"}}],\"inLanguage\":\"es\"},{\"@type\":\"Organization\",\"@id\":\"https:\\\/\\\/lospoliticosveracruz.com\\\/#organization\",\"name\":\"Los pol\u00edticos Veracruz\",\"url\":\"https:\\\/\\\/lospoliticosveracruz.com\\\/\",\"logo\":{\"@type\":\"ImageObject\",\"inLanguage\":\"es\",\"@id\":\"https:\\\/\\\/lospoliticosveracruz.com\\\/#\\\/schema\\\/logo\\\/image\\\/\",\"url\":\"https:\\\/\\\/lospoliticosveracruz.com\\\/wp-content\\\/uploads\\\/2025\\\/12\\\/Logo-Nuevo-LOS-POLITICOS-1.jpg\",\"contentUrl\":\"https:\\\/\\\/lospoliticosveracruz.com\\\/wp-content\\\/uploads\\\/2025\\\/12\\\/Logo-Nuevo-LOS-POLITICOS-1.jpg\",\"width\":260,\"height\":70,\"caption\":\"Los pol\u00edticos Veracruz\"},\"image\":{\"@id\":\"https:\\\/\\\/lospoliticosveracruz.com\\\/#\\\/schema\\\/logo\\\/image\\\/\"},\"sameAs\":[\"https:\\\/\\\/www.facebook.com\\\/people\\\/Notimemes-de-los-Polticos\\\/61565672886568\\\/\",\"https:\\\/\\\/x.com\\\/LosPoliticosVer\"]},{\"@type\":\"Person\",\"@id\":\"https:\\\/\\\/lospoliticosveracruz.com\\\/#\\\/schema\\\/person\\\/b8702bb0e538456e6efd07080bf2a4a2\",\"name\":\"Lo viste en Los Pol\u00edticos\",\"image\":{\"@type\":\"ImageObject\",\"inLanguage\":\"es\",\"@id\":\"https:\\\/\\\/secure.gravatar.com\\\/avatar\\\/3a8de04a2656d44082be478bd6c086daa447c4651605818287b9532d3d0bd435?s=96&d=mm&r=g\",\"url\":\"https:\\\/\\\/secure.gravatar.com\\\/avatar\\\/3a8de04a2656d44082be478bd6c086daa447c4651605818287b9532d3d0bd435?s=96&d=mm&r=g\",\"contentUrl\":\"https:\\\/\\\/secure.gravatar.com\\\/avatar\\\/3a8de04a2656d44082be478bd6c086daa447c4651605818287b9532d3d0bd435?s=96&d=mm&r=g\",\"caption\":\"Lo viste en Los Pol\u00edticos\"},\"url\":\"https:\\\/\\\/lospoliticosveracruz.com\\\/?author=2\"}]}<\/script>\n<!-- \/ Yoast SEO plugin. -->","yoast_head_json":{"title":"FRENTE AMPLIO POR M\u00c9XICO POR LA UNIDAD - Los pol\u00edticos Veracruz","robots":{"index":"index","follow":"follow","max-snippet":"max-snippet:-1","max-image-preview":"max-image-preview:large","max-video-preview":"max-video-preview:-1"},"canonical":"https:\/\/lospoliticosveracruz.com\/?p=110869","og_locale":"es_ES","og_type":"article","og_title":"FRENTE AMPLIO POR M\u00c9XICO POR LA UNIDAD - Los pol\u00edticos Veracruz","og_description":"Renato Alarc\u00f3n Guevara Durante las \u00faltimas semanas he seguido con mucha atenci\u00f3n el proceso interno del Frente Amplio por M\u00e9xico. Me registre en el. Invite a amig@s a que se registraran de manera libre y voluntaria. Muchos de mis amigos se registraron apoyando a Beatriz Paredes, otros m\u00e1s por Enrique de la Madrid, muchos m\u00e1s, [&hellip;]","og_url":"https:\/\/lospoliticosveracruz.com\/?p=110869","og_site_name":"Los pol\u00edticos Veracruz","article_publisher":"https:\/\/www.facebook.com\/people\/Notimemes-de-los-Polticos\/61565672886568\/","article_published_time":"2023-08-31T14:01:23+00:00","article_modified_time":"2023-08-31T14:01:26+00:00","og_image":[{"url":"https:\/\/lospoliticosveracruz.com.mx\/wp-content\/uploads\/2021\/10\/WhatsApp-Image-2021-10-02-at-15.20.25-212x300.jpeg","type":"","width":"","height":""}],"author":"Lo viste en Los Pol\u00edticos","twitter_card":"summary_large_image","twitter_creator":"@LosPoliticosVer","twitter_site":"@LosPoliticosVer","twitter_misc":{"Escrito por":"Lo viste en Los Pol\u00edticos","Tiempo de lectura":"3 minutos"},"schema":{"@context":"https:\/\/schema.org","@graph":[{"@type":"Article","@id":"https:\/\/lospoliticosveracruz.com\/?p=110869#article","isPartOf":{"@id":"https:\/\/lospoliticosveracruz.com\/?p=110869"},"author":{"name":"Lo viste en Los Pol\u00edticos","@id":"https:\/\/lospoliticosveracruz.com\/#\/schema\/person\/b8702bb0e538456e6efd07080bf2a4a2"},"headline":"FRENTE AMPLIO POR M\u00c9XICO POR LA UNIDAD","datePublished":"2023-08-31T14:01:23+00:00","dateModified":"2023-08-31T14:01:26+00:00","mainEntityOfPage":{"@id":"https:\/\/lospoliticosveracruz.com\/?p=110869"},"wordCount":534,"publisher":{"@id":"https:\/\/lospoliticosveracruz.com\/#organization"},"image":{"@id":"https:\/\/lospoliticosveracruz.com\/?p=110869#primaryimage"},"thumbnailUrl":"https:\/\/lospoliticosveracruz.com.mx\/wp-content\/uploads\/2021\/10\/WhatsApp-Image-2021-10-02-at-15.20.25-212x300.jpeg","keywords":["Beatriz Paredes","Enrique de la Madrid","Frente Amplio por M\u00e9xico","Renato Alarc\u00f3n Guevara"],"articleSection":["De Opini\u00f3n"],"inLanguage":"es"},{"@type":"WebPage","@id":"https:\/\/lospoliticosveracruz.com\/?p=110869","url":"https:\/\/lospoliticosveracruz.com\/?p=110869","name":"FRENTE AMPLIO POR M\u00c9XICO POR LA UNIDAD - Los pol\u00edticos Veracruz","isPartOf":{"@id":"https:\/\/lospoliticosveracruz.com\/#website"},"primaryImageOfPage":{"@id":"https:\/\/lospoliticosveracruz.com\/?p=110869#primaryimage"},"image":{"@id":"https:\/\/lospoliticosveracruz.com\/?p=110869#primaryimage"},"thumbnailUrl":"https:\/\/lospoliticosveracruz.com.mx\/wp-content\/uploads\/2021\/10\/WhatsApp-Image-2021-10-02-at-15.20.25-212x300.jpeg","datePublished":"2023-08-31T14:01:23+00:00","dateModified":"2023-08-31T14:01:26+00:00","breadcrumb":{"@id":"https:\/\/lospoliticosveracruz.com\/?p=110869#breadcrumb"},"inLanguage":"es","potentialAction":[{"@type":"ReadAction","target":["https:\/\/lospoliticosveracruz.com\/?p=110869"]}]},{"@type":"ImageObject","inLanguage":"es","@id":"https:\/\/lospoliticosveracruz.com\/?p=110869#primaryimage","url":"https:\/\/lospoliticosveracruz.com.mx\/wp-content\/uploads\/2021\/10\/WhatsApp-Image-2021-10-02-at-15.20.25-212x300.jpeg","contentUrl":"https:\/\/lospoliticosveracruz.com.mx\/wp-content\/uploads\/2021\/10\/WhatsApp-Image-2021-10-02-at-15.20.25-212x300.jpeg"},{"@type":"BreadcrumbList","@id":"https:\/\/lospoliticosveracruz.com\/?p=110869#breadcrumb","itemListElement":[{"@type":"ListItem","position":1,"name":"Portada","item":"https:\/\/lospoliticosveracruz.com\/"},{"@type":"ListItem","position":2,"name":"FRENTE AMPLIO POR M\u00c9XICO POR LA UNIDAD"}]},{"@type":"WebSite","@id":"https:\/\/lospoliticosveracruz.com\/#website","url":"https:\/\/lospoliticosveracruz.com\/","name":"Los pol\u00edticos Veracruz","description":"","publisher":{"@id":"https:\/\/lospoliticosveracruz.com\/#organization"},"potentialAction":[{"@type":"SearchAction","target":{"@type":"EntryPoint","urlTemplate":"https:\/\/lospoliticosveracruz.com\/?s={search_term_string}"},"query-input":{"@type":"PropertyValueSpecification","valueRequired":true,"valueName":"search_term_string"}}],"inLanguage":"es"},{"@type":"Organization","@id":"https:\/\/lospoliticosveracruz.com\/#organization","name":"Los pol\u00edticos Veracruz","url":"https:\/\/lospoliticosveracruz.com\/","logo":{"@type":"ImageObject","inLanguage":"es","@id":"https:\/\/lospoliticosveracruz.com\/#\/schema\/logo\/image\/","url":"https:\/\/lospoliticosveracruz.com\/wp-content\/uploads\/2025\/12\/Logo-Nuevo-LOS-POLITICOS-1.jpg","contentUrl":"https:\/\/lospoliticosveracruz.com\/wp-content\/uploads\/2025\/12\/Logo-Nuevo-LOS-POLITICOS-1.jpg","width":260,"height":70,"caption":"Los pol\u00edticos Veracruz"},"image":{"@id":"https:\/\/lospoliticosveracruz.com\/#\/schema\/logo\/image\/"},"sameAs":["https:\/\/www.facebook.com\/people\/Notimemes-de-los-Polticos\/61565672886568\/","https:\/\/x.com\/LosPoliticosVer"]},{"@type":"Person","@id":"https:\/\/lospoliticosveracruz.com\/#\/schema\/person\/b8702bb0e538456e6efd07080bf2a4a2","name":"Lo viste en Los Pol\u00edticos","image":{"@type":"ImageObject","inLanguage":"es","@id":"https:\/\/secure.gravatar.com\/avatar\/3a8de04a2656d44082be478bd6c086daa447c4651605818287b9532d3d0bd435?s=96&d=mm&r=g","url":"https:\/\/secure.gravatar.com\/avatar\/3a8de04a2656d44082be478bd6c086daa447c4651605818287b9532d3d0bd435?s=96&d=mm&r=g","contentUrl":"https:\/\/secure.gravatar.com\/avatar\/3a8de04a2656d44082be478bd6c086daa447c4651605818287b9532d3d0bd435?s=96&d=mm&r=g","caption":"Lo viste en Los Pol\u00edticos"},"url":"https:\/\/lospoliticosveracruz.com\/?author=2"}]}},"_links":{"self":[{"href":"https:\/\/lospoliticosveracruz.com\/index.php?rest_route=\/wp\/v2\/posts\/110869","targetHints":{"allow":["GET"]}}],"collection":[{"href":"https:\/\/lospoliticosveracruz.com\/index.php?rest_route=\/wp\/v2\/posts"}],"about":[{"href":"https:\/\/lospoliticosveracruz.com\/index.php?rest_route=\/wp\/v2\/types\/post"}],"author":[{"embeddable":true,"href":"https:\/\/lospoliticosveracruz.com\/index.php?rest_route=\/wp\/v2\/users\/2"}],"replies":[{"embeddable":true,"href":"https:\/\/lospoliticosveracruz.com\/index.php?rest_route=%2Fwp%2Fv2%2Fcomments&post=110869"}],"version-history":[{"count":1,"href":"https:\/\/lospoliticosveracruz.com\/index.php?rest_route=\/wp\/v2\/posts\/110869\/revisions"}],"predecessor-version":[{"id":110870,"href":"https:\/\/lospoliticosveracruz.com\/index.php?rest_route=\/wp\/v2\/posts\/110869\/revisions\/110870"}],"wp:attachment":[{"href":"https:\/\/lospoliticosveracruz.com\/index.php?rest_route=%2Fwp%2Fv2%2Fmedia&parent=110869"}],"wp:term":[{"taxonomy":"category","embeddable":true,"href":"https:\/\/lospoliticosveracruz.com\/index.php?rest_route=%2Fwp%2Fv2%2Fcategories&post=110869"},{"taxonomy":"post_tag","embeddable":true,"href":"https:\/\/lospoliticosveracruz.com\/index.php?rest_route=%2Fwp%2Fv2%2Ftags&post=110869"}],"curies":[{"name":"wp","href":"https:\/\/api.w.org\/{rel}","templated":true}]}}