{"id":111035,"date":"2023-09-04T08:37:00","date_gmt":"2023-09-04T13:37:00","guid":{"rendered":"https:\/\/lospoliticosveracruz.com.mx\/?p=111035"},"modified":"2023-09-04T00:41:55","modified_gmt":"2023-09-04T05:41:55","slug":"queda","status":"publish","type":"post","link":"https:\/\/lospoliticosveracruz.com\/?p=111035","title":{"rendered":"QUEDA"},"content":{"rendered":"\n<p><strong>Guadalupe H. Mar<\/strong><\/p>\n\n\n\n<p><em>Mira Pol\u00edtica\u00a0<\/em><\/p>\n\n\n\n<p>POR INSEGURIDAD \u2026 Empresas transportistas cuyas unidades deben recorrer la autopista Orizaba \u2013 Puebla, est\u00e1n optando por detener sus tr\u00e1ileres y camiones de carga a partir de las cinco y seis de la tarde para evitar que circulen de noche por esa carretera donde la banda de los Laser opera impunemente, asaltando sobre todo veh\u00edculos que transportan mercanc\u00edas.<\/p>\n\n\n\n<p><a href=\"https:\/\/youtu.be\/Nxe-vxf8GuY\"><\/a><\/p>\n\n\n\n<figure class=\"wp-block-embed is-type-video is-provider-youtube wp-block-embed-youtube wp-embed-aspect-16-9 wp-has-aspect-ratio\"><div class=\"wp-block-embed__wrapper\">\n<iframe loading=\"lazy\" title=\"Cluster Coworking\" width=\"696\" height=\"392\" src=\"https:\/\/www.youtube.com\/embed\/Nxe-vxf8GuY?feature=oembed\" frameborder=\"0\" allow=\"accelerometer; autoplay; clipboard-write; encrypted-media; gyroscope; picture-in-picture; web-share\" referrerpolicy=\"strict-origin-when-cross-origin\" allowfullscreen><\/iframe>\n<\/div><\/figure>\n\n\n\n<p>Por cierto, la banda de los Laser que opera por las noches en la autopista Orizaba- Puebla ya se hizo famosa a nivel internacional, luego de que intentaron asaltar al campe\u00f3n de parapentismo Benjam\u00edn Silva Cuevas cuando circulaba en esa carretera a eso de las diez de la noche, a la altura de las cumbres de Maltrata, quien seg\u00fan narra y muestra el video de la c\u00e1mara de su autom\u00f3vil, fue cegado por potentes laser que los delincuentes utilizan para obligar a frenar a los conductores.<\/p>\n\n\n\n<p>Repuesto de la sorpresa, el deportista decidi\u00f3 seguir su camino a mayor velocidad, pero los delincuentes rafagueron con sus armas de fuego el veh\u00edculo del parapentista, recibiendo un balazo en la pierna.<\/p>\n\n\n\n<p>Horas despu\u00e9s en esa misma carretera y con la misma t\u00e9cnica de los laser, fueron asaltados los t\u00e9cnicos del staff del grupo musical Fuerza Regida, incidente en el que asesinaron a un guardia de seguridad de esa organizaci\u00f3n de m\u00fasicos.<\/p>\n\n\n\n<p>Por supuesto la informaci\u00f3n period\u00edstica de ambos asaltos ocup\u00f3 importantes espacios en los noticiarios de cobertura nacional, por lo que esa autopista Orizaba, Veracruz- Puebla, Puebla se ha convertido en referente de la inseguridad en esa zona lim\u00edtrofe de las entidades veracruzana y poblana.<\/p>\n\n\n\n<p><strong>EL MISMO DISCURSO \u2026<\/strong> Luego del intento de asalto por parte de la banda de los Laser al campe\u00f3n de parapentismo Benjam\u00edn Silva Cuevas, en su ambiente controlado, el gobernador del estado de Veracruz, el ingeniero mec\u00e1nico electricista Cuitl\u00e1huac Garc\u00eda Jim\u00e9nez, dijo y as\u00ed lo reproduce sendo comunicado de prensa que \u201cTras el homicidio del guardia de seguridad del grupo musical Fuerza Regida y el ataque a Benjamin Silva, &#8211; se anuncia- el reforzamiento de la seguridad en las Cumbres de Maltrata. Desde ese d\u00eda tenemos comunicaci\u00f3n con Puebla y por fortuna el comandante de la Sexta Regi\u00f3n Militar que incluye a Veracruz tambi\u00e9n incluye a Puebla.\u00bb<\/p>\n\n\n\n<p>Por en\u00e9sima ocasi\u00f3n el mandatario estatal explic\u00f3 que le corresponde a la Fiscal\u00eda General del estado de Veracruz (Fgever) iniciar las investigaciones.<\/p>\n\n\n\n<p><strong>PREGUNTA OBLIGADA \u2026<\/strong> Si bien en varias ocasiones se ha dado a conocer de los asaltos masivos en esa autopista y ahora los que comete la banda de los Laser, \u00bftendr\u00e1 que ocurrir un grave incidente para que tanto el gobierno federal como el estatal decidan cumplir con su responsabilidad constitucional de dar seguridad a quienes transiten por la autopista Orizaba- Puebla?<\/p>\n\n\n\n<p><strong>PROTESTA VECINAL \u2026<\/strong> Vecinos de la avenida Juan Pablo II y calles aleda\u00f1as en el municipio de Boca del R\u00edo, Veracruz, colocaron letreros en los \u00e1rboles del camell\u00f3n de esa vialidad en los que se lee: \u201cPor nuestras familias, NO al ducto de gas\u201d, esto luego de que la doctora en antropolog\u00eda y secretaria de Protecci\u00f3n Civil del gobierno del estado de Veracruz, Guadalupe Osorno Maldonado, declar\u00f3 a medios de comunicaci\u00f3n que los ayuntamientos son los que est\u00e1n otorgando anuencias para la introducci\u00f3n de ese tipo de tuber\u00eda.<\/p>\n\n\n\n<p>Asimismo, los vecinos se est\u00e1n reuniendo continuamente para conocer las novedades sobre este tema, ya que oficialmente no les han informado nada los representantes de los tres niveles de gobierno.<\/p>\n\n\n\n<p>Por ello ante el silencio gubernamental, los vecinos de la avenida Juan Pablo II y calles aleda\u00f1as se han organizado para en principio conocerse y formar un frente com\u00fan.<\/p>\n\n\n\n<p>XALAPA AL AGUA \u2026 Ochenta autom\u00f3viles fueron los que quedaron en el interior del estacionamiento de Plaza \u00c1nimas donde el pasado lunes 28 de agosto el agua de lluvia subi\u00f3 hasta dos metros convirtiendo ese espacio en una gigantesca alberca.<\/p>\n\n\n\n<p>La pregunta ahora es \u00bfsiempre se inundaba as\u00ed Plaza \u00c1nimas de Xalapa?<\/p>\n\n\n\n<p>D\u00cdGALO SIN MIEDO \u2026 Al correo electr\u00f3nico guadalupehmar@yahoo.com<\/p>\n","protected":false},"excerpt":{"rendered":"<p>Guadalupe H. Mar Mira Pol\u00edtica\u00a0 POR INSEGURIDAD \u2026 Empresas transportistas cuyas unidades deben recorrer la autopista Orizaba \u2013 Puebla, est\u00e1n optando por detener sus tr\u00e1ileres y camiones de carga a partir de las cinco y seis de la tarde para evitar que circulen de noche por esa carretera donde la banda de los Laser opera [&hellip;]<\/p>\n","protected":false},"author":2,"featured_media":0,"comment_status":"closed","ping_status":"closed","sticky":false,"template":"","format":"standard","meta":{"tdm_status":"","tdm_grid_status":"","footnotes":""},"categories":[70],"tags":[1563,34662,1026,39256,195],"class_list":{"0":"post-111035","1":"post","2":"type-post","3":"status-publish","4":"format-standard","6":"category-de-opinion","7":"tag-cuitlahuac-garcia-jimenez","8":"tag-cumbres-de-maltrata","9":"tag-morena","10":"tag-parapentismo","11":"tag-veracruz"},"yoast_head":"<!-- This site is optimized with the Yoast SEO plugin v27.4 - https:\/\/yoast.com\/product\/yoast-seo-wordpress\/ -->\n<title>QUEDA - Los pol\u00edticos Veracruz<\/title>\n<meta name=\"robots\" content=\"index, follow, max-snippet:-1, max-image-preview:large, max-video-preview:-1\" \/>\n<link rel=\"canonical\" href=\"https:\/\/lospoliticosveracruz.com\/?p=111035\" \/>\n<meta property=\"og:locale\" content=\"es_ES\" \/>\n<meta property=\"og:type\" content=\"article\" \/>\n<meta property=\"og:title\" content=\"QUEDA - Los pol\u00edticos Veracruz\" \/>\n<meta property=\"og:description\" content=\"Guadalupe H. Mar Mira Pol\u00edtica\u00a0 POR INSEGURIDAD \u2026 Empresas transportistas cuyas unidades deben recorrer la autopista Orizaba \u2013 Puebla, est\u00e1n optando por detener sus tr\u00e1ileres y camiones de carga a partir de las cinco y seis de la tarde para evitar que circulen de noche por esa carretera donde la banda de los Laser opera [&hellip;]\" \/>\n<meta property=\"og:url\" content=\"https:\/\/lospoliticosveracruz.com\/?p=111035\" \/>\n<meta property=\"og:site_name\" content=\"Los pol\u00edticos Veracruz\" \/>\n<meta property=\"article:publisher\" content=\"https:\/\/www.facebook.com\/people\/Notimemes-de-los-Polticos\/61565672886568\/\" \/>\n<meta property=\"article:published_time\" content=\"2023-09-04T13:37:00+00:00\" \/>\n<meta property=\"og:image\" content=\"https:\/\/lospoliticosveracruz.com\/wp-content\/uploads\/2016\/07\/Logo-Dor.jpg\" \/>\n\t<meta property=\"og:image:width\" content=\"200\" \/>\n\t<meta property=\"og:image:height\" content=\"200\" \/>\n\t<meta property=\"og:image:type\" content=\"image\/jpeg\" \/>\n<meta name=\"author\" content=\"Lo viste en Los Pol\u00edticos\" \/>\n<meta name=\"twitter:card\" content=\"summary_large_image\" \/>\n<meta name=\"twitter:creator\" content=\"@LosPoliticosVer\" \/>\n<meta name=\"twitter:site\" content=\"@LosPoliticosVer\" \/>\n<meta name=\"twitter:label1\" content=\"Escrito por\" \/>\n\t<meta name=\"twitter:data1\" content=\"Lo viste en Los Pol\u00edticos\" \/>\n\t<meta name=\"twitter:label2\" content=\"Tiempo de lectura\" \/>\n\t<meta name=\"twitter:data2\" content=\"4 minutos\" \/>\n<script type=\"application\/ld+json\" class=\"yoast-schema-graph\">{\"@context\":\"https:\\\/\\\/schema.org\",\"@graph\":[{\"@type\":\"Article\",\"@id\":\"https:\\\/\\\/lospoliticosveracruz.com\\\/?p=111035#article\",\"isPartOf\":{\"@id\":\"https:\\\/\\\/lospoliticosveracruz.com\\\/?p=111035\"},\"author\":{\"name\":\"Lo viste en Los Pol\u00edticos\",\"@id\":\"https:\\\/\\\/lospoliticosveracruz.com\\\/#\\\/schema\\\/person\\\/b8702bb0e538456e6efd07080bf2a4a2\"},\"headline\":\"QUEDA\",\"datePublished\":\"2023-09-04T13:37:00+00:00\",\"mainEntityOfPage\":{\"@id\":\"https:\\\/\\\/lospoliticosveracruz.com\\\/?p=111035\"},\"wordCount\":710,\"publisher\":{\"@id\":\"https:\\\/\\\/lospoliticosveracruz.com\\\/#organization\"},\"keywords\":[\"Cuitl\u00e1huac Garc\u00eda Jim\u00e9nez\",\"Cumbres de Maltrata\",\"Morena\",\"parapentismo\",\"Veracruz\"],\"articleSection\":[\"De Opini\u00f3n\"],\"inLanguage\":\"es\"},{\"@type\":\"WebPage\",\"@id\":\"https:\\\/\\\/lospoliticosveracruz.com\\\/?p=111035\",\"url\":\"https:\\\/\\\/lospoliticosveracruz.com\\\/?p=111035\",\"name\":\"QUEDA - Los pol\u00edticos Veracruz\",\"isPartOf\":{\"@id\":\"https:\\\/\\\/lospoliticosveracruz.com\\\/#website\"},\"datePublished\":\"2023-09-04T13:37:00+00:00\",\"breadcrumb\":{\"@id\":\"https:\\\/\\\/lospoliticosveracruz.com\\\/?p=111035#breadcrumb\"},\"inLanguage\":\"es\",\"potentialAction\":[{\"@type\":\"ReadAction\",\"target\":[\"https:\\\/\\\/lospoliticosveracruz.com\\\/?p=111035\"]}]},{\"@type\":\"BreadcrumbList\",\"@id\":\"https:\\\/\\\/lospoliticosveracruz.com\\\/?p=111035#breadcrumb\",\"itemListElement\":[{\"@type\":\"ListItem\",\"position\":1,\"name\":\"Portada\",\"item\":\"https:\\\/\\\/lospoliticosveracruz.com\\\/\"},{\"@type\":\"ListItem\",\"position\":2,\"name\":\"QUEDA\"}]},{\"@type\":\"WebSite\",\"@id\":\"https:\\\/\\\/lospoliticosveracruz.com\\\/#website\",\"url\":\"https:\\\/\\\/lospoliticosveracruz.com\\\/\",\"name\":\"Los pol\u00edticos Veracruz\",\"description\":\"\",\"publisher\":{\"@id\":\"https:\\\/\\\/lospoliticosveracruz.com\\\/#organization\"},\"potentialAction\":[{\"@type\":\"SearchAction\",\"target\":{\"@type\":\"EntryPoint\",\"urlTemplate\":\"https:\\\/\\\/lospoliticosveracruz.com\\\/?s={search_term_string}\"},\"query-input\":{\"@type\":\"PropertyValueSpecification\",\"valueRequired\":true,\"valueName\":\"search_term_string\"}}],\"inLanguage\":\"es\"},{\"@type\":\"Organization\",\"@id\":\"https:\\\/\\\/lospoliticosveracruz.com\\\/#organization\",\"name\":\"Los pol\u00edticos Veracruz\",\"url\":\"https:\\\/\\\/lospoliticosveracruz.com\\\/\",\"logo\":{\"@type\":\"ImageObject\",\"inLanguage\":\"es\",\"@id\":\"https:\\\/\\\/lospoliticosveracruz.com\\\/#\\\/schema\\\/logo\\\/image\\\/\",\"url\":\"https:\\\/\\\/lospoliticosveracruz.com\\\/wp-content\\\/uploads\\\/2025\\\/12\\\/Logo-Nuevo-LOS-POLITICOS-1.jpg\",\"contentUrl\":\"https:\\\/\\\/lospoliticosveracruz.com\\\/wp-content\\\/uploads\\\/2025\\\/12\\\/Logo-Nuevo-LOS-POLITICOS-1.jpg\",\"width\":260,\"height\":70,\"caption\":\"Los pol\u00edticos Veracruz\"},\"image\":{\"@id\":\"https:\\\/\\\/lospoliticosveracruz.com\\\/#\\\/schema\\\/logo\\\/image\\\/\"},\"sameAs\":[\"https:\\\/\\\/www.facebook.com\\\/people\\\/Notimemes-de-los-Polticos\\\/61565672886568\\\/\",\"https:\\\/\\\/x.com\\\/LosPoliticosVer\"]},{\"@type\":\"Person\",\"@id\":\"https:\\\/\\\/lospoliticosveracruz.com\\\/#\\\/schema\\\/person\\\/b8702bb0e538456e6efd07080bf2a4a2\",\"name\":\"Lo viste en Los Pol\u00edticos\",\"image\":{\"@type\":\"ImageObject\",\"inLanguage\":\"es\",\"@id\":\"https:\\\/\\\/secure.gravatar.com\\\/avatar\\\/3a8de04a2656d44082be478bd6c086daa447c4651605818287b9532d3d0bd435?s=96&d=mm&r=g\",\"url\":\"https:\\\/\\\/secure.gravatar.com\\\/avatar\\\/3a8de04a2656d44082be478bd6c086daa447c4651605818287b9532d3d0bd435?s=96&d=mm&r=g\",\"contentUrl\":\"https:\\\/\\\/secure.gravatar.com\\\/avatar\\\/3a8de04a2656d44082be478bd6c086daa447c4651605818287b9532d3d0bd435?s=96&d=mm&r=g\",\"caption\":\"Lo viste en Los Pol\u00edticos\"},\"url\":\"https:\\\/\\\/lospoliticosveracruz.com\\\/?author=2\"}]}<\/script>\n<!-- \/ Yoast SEO plugin. -->","yoast_head_json":{"title":"QUEDA - Los pol\u00edticos Veracruz","robots":{"index":"index","follow":"follow","max-snippet":"max-snippet:-1","max-image-preview":"max-image-preview:large","max-video-preview":"max-video-preview:-1"},"canonical":"https:\/\/lospoliticosveracruz.com\/?p=111035","og_locale":"es_ES","og_type":"article","og_title":"QUEDA - Los pol\u00edticos Veracruz","og_description":"Guadalupe H. Mar Mira Pol\u00edtica\u00a0 POR INSEGURIDAD \u2026 Empresas transportistas cuyas unidades deben recorrer la autopista Orizaba \u2013 Puebla, est\u00e1n optando por detener sus tr\u00e1ileres y camiones de carga a partir de las cinco y seis de la tarde para evitar que circulen de noche por esa carretera donde la banda de los Laser opera [&hellip;]","og_url":"https:\/\/lospoliticosveracruz.com\/?p=111035","og_site_name":"Los pol\u00edticos Veracruz","article_publisher":"https:\/\/www.facebook.com\/people\/Notimemes-de-los-Polticos\/61565672886568\/","article_published_time":"2023-09-04T13:37:00+00:00","og_image":[{"width":200,"height":200,"url":"https:\/\/lospoliticosveracruz.com\/wp-content\/uploads\/2016\/07\/Logo-Dor.jpg","type":"image\/jpeg"}],"author":"Lo viste en Los Pol\u00edticos","twitter_card":"summary_large_image","twitter_creator":"@LosPoliticosVer","twitter_site":"@LosPoliticosVer","twitter_misc":{"Escrito por":"Lo viste en Los Pol\u00edticos","Tiempo de lectura":"4 minutos"},"schema":{"@context":"https:\/\/schema.org","@graph":[{"@type":"Article","@id":"https:\/\/lospoliticosveracruz.com\/?p=111035#article","isPartOf":{"@id":"https:\/\/lospoliticosveracruz.com\/?p=111035"},"author":{"name":"Lo viste en Los Pol\u00edticos","@id":"https:\/\/lospoliticosveracruz.com\/#\/schema\/person\/b8702bb0e538456e6efd07080bf2a4a2"},"headline":"QUEDA","datePublished":"2023-09-04T13:37:00+00:00","mainEntityOfPage":{"@id":"https:\/\/lospoliticosveracruz.com\/?p=111035"},"wordCount":710,"publisher":{"@id":"https:\/\/lospoliticosveracruz.com\/#organization"},"keywords":["Cuitl\u00e1huac Garc\u00eda Jim\u00e9nez","Cumbres de Maltrata","Morena","parapentismo","Veracruz"],"articleSection":["De Opini\u00f3n"],"inLanguage":"es"},{"@type":"WebPage","@id":"https:\/\/lospoliticosveracruz.com\/?p=111035","url":"https:\/\/lospoliticosveracruz.com\/?p=111035","name":"QUEDA - Los pol\u00edticos Veracruz","isPartOf":{"@id":"https:\/\/lospoliticosveracruz.com\/#website"},"datePublished":"2023-09-04T13:37:00+00:00","breadcrumb":{"@id":"https:\/\/lospoliticosveracruz.com\/?p=111035#breadcrumb"},"inLanguage":"es","potentialAction":[{"@type":"ReadAction","target":["https:\/\/lospoliticosveracruz.com\/?p=111035"]}]},{"@type":"BreadcrumbList","@id":"https:\/\/lospoliticosveracruz.com\/?p=111035#breadcrumb","itemListElement":[{"@type":"ListItem","position":1,"name":"Portada","item":"https:\/\/lospoliticosveracruz.com\/"},{"@type":"ListItem","position":2,"name":"QUEDA"}]},{"@type":"WebSite","@id":"https:\/\/lospoliticosveracruz.com\/#website","url":"https:\/\/lospoliticosveracruz.com\/","name":"Los pol\u00edticos Veracruz","description":"","publisher":{"@id":"https:\/\/lospoliticosveracruz.com\/#organization"},"potentialAction":[{"@type":"SearchAction","target":{"@type":"EntryPoint","urlTemplate":"https:\/\/lospoliticosveracruz.com\/?s={search_term_string}"},"query-input":{"@type":"PropertyValueSpecification","valueRequired":true,"valueName":"search_term_string"}}],"inLanguage":"es"},{"@type":"Organization","@id":"https:\/\/lospoliticosveracruz.com\/#organization","name":"Los pol\u00edticos Veracruz","url":"https:\/\/lospoliticosveracruz.com\/","logo":{"@type":"ImageObject","inLanguage":"es","@id":"https:\/\/lospoliticosveracruz.com\/#\/schema\/logo\/image\/","url":"https:\/\/lospoliticosveracruz.com\/wp-content\/uploads\/2025\/12\/Logo-Nuevo-LOS-POLITICOS-1.jpg","contentUrl":"https:\/\/lospoliticosveracruz.com\/wp-content\/uploads\/2025\/12\/Logo-Nuevo-LOS-POLITICOS-1.jpg","width":260,"height":70,"caption":"Los pol\u00edticos Veracruz"},"image":{"@id":"https:\/\/lospoliticosveracruz.com\/#\/schema\/logo\/image\/"},"sameAs":["https:\/\/www.facebook.com\/people\/Notimemes-de-los-Polticos\/61565672886568\/","https:\/\/x.com\/LosPoliticosVer"]},{"@type":"Person","@id":"https:\/\/lospoliticosveracruz.com\/#\/schema\/person\/b8702bb0e538456e6efd07080bf2a4a2","name":"Lo viste en Los Pol\u00edticos","image":{"@type":"ImageObject","inLanguage":"es","@id":"https:\/\/secure.gravatar.com\/avatar\/3a8de04a2656d44082be478bd6c086daa447c4651605818287b9532d3d0bd435?s=96&d=mm&r=g","url":"https:\/\/secure.gravatar.com\/avatar\/3a8de04a2656d44082be478bd6c086daa447c4651605818287b9532d3d0bd435?s=96&d=mm&r=g","contentUrl":"https:\/\/secure.gravatar.com\/avatar\/3a8de04a2656d44082be478bd6c086daa447c4651605818287b9532d3d0bd435?s=96&d=mm&r=g","caption":"Lo viste en Los Pol\u00edticos"},"url":"https:\/\/lospoliticosveracruz.com\/?author=2"}]}},"_links":{"self":[{"href":"https:\/\/lospoliticosveracruz.com\/index.php?rest_route=\/wp\/v2\/posts\/111035","targetHints":{"allow":["GET"]}}],"collection":[{"href":"https:\/\/lospoliticosveracruz.com\/index.php?rest_route=\/wp\/v2\/posts"}],"about":[{"href":"https:\/\/lospoliticosveracruz.com\/index.php?rest_route=\/wp\/v2\/types\/post"}],"author":[{"embeddable":true,"href":"https:\/\/lospoliticosveracruz.com\/index.php?rest_route=\/wp\/v2\/users\/2"}],"replies":[{"embeddable":true,"href":"https:\/\/lospoliticosveracruz.com\/index.php?rest_route=%2Fwp%2Fv2%2Fcomments&post=111035"}],"version-history":[{"count":1,"href":"https:\/\/lospoliticosveracruz.com\/index.php?rest_route=\/wp\/v2\/posts\/111035\/revisions"}],"predecessor-version":[{"id":111036,"href":"https:\/\/lospoliticosveracruz.com\/index.php?rest_route=\/wp\/v2\/posts\/111035\/revisions\/111036"}],"wp:attachment":[{"href":"https:\/\/lospoliticosveracruz.com\/index.php?rest_route=%2Fwp%2Fv2%2Fmedia&parent=111035"}],"wp:term":[{"taxonomy":"category","embeddable":true,"href":"https:\/\/lospoliticosveracruz.com\/index.php?rest_route=%2Fwp%2Fv2%2Fcategories&post=111035"},{"taxonomy":"post_tag","embeddable":true,"href":"https:\/\/lospoliticosveracruz.com\/index.php?rest_route=%2Fwp%2Fv2%2Ftags&post=111035"}],"curies":[{"name":"wp","href":"https:\/\/api.w.org\/{rel}","templated":true}]}}