{"id":111315,"date":"2023-09-09T09:26:04","date_gmt":"2023-09-09T14:26:04","guid":{"rendered":"https:\/\/lospoliticosveracruz.com.mx\/?p=111315"},"modified":"2023-09-09T09:26:09","modified_gmt":"2023-09-09T14:26:09","slug":"acuerdos-y-peligros","status":"publish","type":"post","link":"https:\/\/lospoliticosveracruz.com\/?p=111315","title":{"rendered":"ACUERDOS Y PELIGROS"},"content":{"rendered":"\n<p><strong>Ricardo Chua<\/strong><\/p>\n\n\n\n<p><em>Sale y Vale<\/em><\/p>\n\n\n\n<p>Claudia Sheinbaum tom\u00f3 acuerdos con Cuitl\u00e1huac Garc\u00eda.. S\u00ed estar\u00e1 en su gabinete federal, si ella gana la elecci\u00f3n Presidencial y el xalape\u00f1o la estatal.. Tiene prohibido entregar Veracruz a un Yunes \u00abrojo\u00bb, menos a un Yunes \u00abazul\u00bb.. De ser as\u00ed, los acuerdos podr\u00edan cambiar porque Claudia no puede llevar a su gabinete a personajes que pierdan sus estados y m\u00e1s tan importantes como Veracruz&#8230; Sobre todo porque ella puede perder la CDMX en manos del Frente Amplio por M\u00e9xico, con todo y Omar Garc\u00eda Harffuch..<\/p>\n\n\n<div class=\"wp-block-image\">\n<figure class=\"alignleft size-full is-resized\"><a href=\"https:\/\/lospoliticosveracruz.com.mx\/wp-content\/uploads\/2023\/02\/Vinissimo.jpg\"><img loading=\"lazy\" decoding=\"async\" src=\"https:\/\/lospoliticosveracruz.com.mx\/wp-content\/uploads\/2023\/02\/Vinissimo.jpg\" alt=\"\" class=\"wp-image-102752\" width=\"175\" height=\"178\"\/><\/a><\/figure>\n<\/div>\n\n\n<p>Ante este panorama, porque es una realidad y un temor dentro de MORENA, que pese a todo y que puedan alcanzar ganar por una m\u00ednima diferencia la elecci\u00f3n Presidencial.. Corren todo el riesgo de perder: Jalisco, CDMX, Puebla y Veracruz.. Donde pese a todo los conflictos que ha tenido la oposici\u00f3n en estos estados del pa\u00eds.. La coyuntura con la aparici\u00f3n de Xochilt Galv\u00e9z, est\u00e1 provocando que en estas entidades, claves para la elecci\u00f3n presidencial, puedan darse triunfos estatales del Frente Amplio por M\u00e9xico..<\/p>\n\n\n\n<p>Es un temor que han manifestado muchos de sus aliados en sus distritos.. Las mismas bancadas de los diputados federales de MORENA por esos estados.. Los legisladores han palpado como los aspirantes m\u00e1s \u00abvisibles\u00bb como Ignacio Mier (Puebla), Roc\u00edo Nahle (Veracruz), Omar Garc\u00eda (CDMX) y Ricardo Villanueva (Jalisco).. No las traen todas consigo.. Hay varios \u00abMarcelos Ebrard\u00bb en los estados que dicen que MORENA est\u00e1 implementando el \u00abdedazo\u00bb tambi\u00e9n en los candidatos a gobernador..&nbsp;<\/p>\n\n\n\n<p>En esas reuniones en privado.. Los diputados han demostrado el temor sobre todo en estos 4 estados, que el \u00abEfecto Xochitl\u00bb, los trae m\u00e1s que preocupados.. Ya que a diferencia de la elecci\u00f3n del Estado de M\u00e9xico, donde la ciudadan\u00eda no sali\u00f3 a votar el d\u00eda del proceso electoral local y que por eso la estructura de MORENA junto con Alfredo del Mazo, hicieron ganar a Delfina G\u00f3mez.. Ahora en el 2024 suceda todo lo contrario y se de un efecto L\u00f3pez Obrador como en 2018 a la inversa. Y los votos sean para Xochilt&#8230;<\/p>\n\n\n\n<p>La preocupaci\u00f3n es tanta que por eso, la misma Claudia Sheinbaum est\u00e1 \u00abamarrando\u00bb con esos gobernadores y los l\u00edderes de MORENA en esas entidades, el acuerdo de llevarlos a su gabinete, si le meten \u00abtoda la carne al asador\u00bb que hagan ganarla a ella y a los gobernadores de esos estados.. Sabe que el Congreso Federal quedar\u00e1 muy dividido y no tendr\u00e1 el control como lo tiene L\u00f3pez Obrador en este momento.. Y no quiere empezar su mandato federal, en caso de ganar, perdiendo gubernatura para su partido..&nbsp;<\/p>\n\n\n\n<p>Ese es el reto que tiene Cuitl\u00e1huac.. Sacar a Claudia y ver la forma que si postulan a Roc\u00edo Nahle.. El xalape\u00f1o har\u00e1 todo lo posible para que la zacatecana gane.. \u00abHaiga como Haiga sido\u00bb.. As\u00ed sea una elecci\u00f3n de Estado.. Que apoye los acuerdos que desde ahora puede hacer Roc\u00edo Nahle desde su gabinete.. Dejar que ella pueda ponerle funcionarios aliados de ella y sobre todo, darle salidas a los suyos con cargos de elecci\u00f3n popular.. Para que puedan \u00absobrevivir\u00bb el tiempo que viene.. No les queda de otra..&nbsp;<\/p>\n\n\n\n<p>Esto a pesar de que el gobernador de Veracruz.. Se quedar\u00e1 \u00abdesnudo\u00bb en su gobierno, sin sus aliados y sus pocos amigos.. Todos se van a ir o la gran mayor\u00eda que son sus operadores.. Y hay que recordar algo.. Cuando estos dejen el cargo, tambi\u00e9n perder\u00e1n el poder con las personas que tienen influencia, son aliadas o tienen bajo presi\u00f3n pol\u00edtica.. Dejando el cargo: Alcaldes, l\u00edderes pol\u00edticos, simpatizantes y aliados, responden el inter\u00e9s del del que llega, ya no del que se va.. Y vendr\u00e1n nuevos acuerdos..&nbsp;&nbsp; &nbsp;<\/p>\n\n\n\n<p>Todo esto desajusta a un gobierno que va de salida.. Tal como le sucedi\u00f3 en 2015 a Javier Duarte cuando a m\u00e1s de la mitad de su gabinete los hizo candidatos a diputados federales y ganaron.. Despu\u00e9s en 2016, H\u00e9ctor Yunes no quiso operar con ellos (Los diputados federales) y perdi\u00f3 por 100 mil con MIguel \u00c1ngel Yunes Linares.. Acaso no es probable que en 2024, Rocio Nahle no le haga lo mismo a los que son de Cuitl\u00e1huac. Finalmente con el poder que tiene a nivel federal la secretaria de Energ\u00eda puede hacerlo.. LOS JUGADORES CAMBIAN, EL JUEGO NO..&nbsp; &nbsp;<\/p>\n\n\n\n<p>PD.. Por lo pronto, Cuitl\u00e1huac se puede sentir contento.. A \u00e9l lo llevar\u00edan al gabinete federal.. Unos dicen que a Bienestar, otros se\u00f1alan que a Pemex, un aventurado dice que la SEP porque es maestro universitario.. El problema no es a donde lo lleven.. Sino el legado que dejar\u00e1 en Veracruz.. M\u00e1s si no gana la elecci\u00f3n a gobernador, pero sobre todo que pierda muchos distritos y el Congreso del Estado, MORENA no alcance ni la mayor\u00eda simple.. Esos son los peligros de un acuerdo anticipado cuando a\u00fan no se gana nada en 2024.. AMEN..<\/p>\n","protected":false},"excerpt":{"rendered":"<p>Ricardo Chua Sale y Vale Claudia Sheinbaum tom\u00f3 acuerdos con Cuitl\u00e1huac Garc\u00eda.. S\u00ed estar\u00e1 en su gabinete federal, si ella gana la elecci\u00f3n Presidencial y el xalape\u00f1o la estatal.. Tiene prohibido entregar Veracruz a un Yunes \u00abrojo\u00bb, menos a un Yunes \u00abazul\u00bb.. De ser as\u00ed, los acuerdos podr\u00edan cambiar porque Claudia no puede llevar a [&hellip;]<\/p>\n","protected":false},"author":2,"featured_media":0,"comment_status":"closed","ping_status":"closed","sticky":false,"template":"","format":"standard","meta":{"tdm_status":"","tdm_grid_status":"","footnotes":""},"categories":[70],"tags":[9627,1563,38524,1026,39309,3578,195,17531],"class_list":{"0":"post-111315","1":"post","2":"type-post","3":"status-publish","4":"format-standard","6":"category-de-opinion","7":"tag-claudia-sheinbaum","8":"tag-cuitlahuac-garcia-jimenez","9":"tag-frente-amplio-por-mexico","10":"tag-morena","11":"tag-omar-garcia-harffuch","12":"tag-rocio-nahle","13":"tag-veracruz","14":"tag-xochitl-galvez"},"yoast_head":"<!-- This site is optimized with the Yoast SEO plugin v27.4 - https:\/\/yoast.com\/product\/yoast-seo-wordpress\/ -->\n<title>ACUERDOS Y PELIGROS - Los pol\u00edticos Veracruz<\/title>\n<meta name=\"robots\" content=\"index, follow, max-snippet:-1, max-image-preview:large, max-video-preview:-1\" \/>\n<link rel=\"canonical\" href=\"https:\/\/lospoliticosveracruz.com\/?p=111315\" \/>\n<meta property=\"og:locale\" content=\"es_ES\" \/>\n<meta property=\"og:type\" content=\"article\" \/>\n<meta property=\"og:title\" content=\"ACUERDOS Y PELIGROS - Los pol\u00edticos Veracruz\" \/>\n<meta property=\"og:description\" content=\"Ricardo Chua Sale y Vale Claudia Sheinbaum tom\u00f3 acuerdos con Cuitl\u00e1huac Garc\u00eda.. S\u00ed estar\u00e1 en su gabinete federal, si ella gana la elecci\u00f3n Presidencial y el xalape\u00f1o la estatal.. Tiene prohibido entregar Veracruz a un Yunes \u00abrojo\u00bb, menos a un Yunes \u00abazul\u00bb.. De ser as\u00ed, los acuerdos podr\u00edan cambiar porque Claudia no puede llevar a [&hellip;]\" \/>\n<meta property=\"og:url\" content=\"https:\/\/lospoliticosveracruz.com\/?p=111315\" \/>\n<meta property=\"og:site_name\" content=\"Los pol\u00edticos Veracruz\" \/>\n<meta property=\"article:publisher\" content=\"https:\/\/www.facebook.com\/people\/Notimemes-de-los-Polticos\/61565672886568\/\" \/>\n<meta property=\"article:published_time\" content=\"2023-09-09T14:26:04+00:00\" \/>\n<meta property=\"article:modified_time\" content=\"2023-09-09T14:26:09+00:00\" \/>\n<meta property=\"og:image\" content=\"https:\/\/lospoliticosveracruz.com.mx\/wp-content\/uploads\/2023\/02\/Vinissimo.jpg\" \/>\n<meta name=\"author\" content=\"Lo viste en Los Pol\u00edticos\" \/>\n<meta name=\"twitter:card\" content=\"summary_large_image\" \/>\n<meta name=\"twitter:creator\" content=\"@LosPoliticosVer\" \/>\n<meta name=\"twitter:site\" content=\"@LosPoliticosVer\" \/>\n<meta name=\"twitter:label1\" content=\"Escrito por\" \/>\n\t<meta name=\"twitter:data1\" content=\"Lo viste en Los Pol\u00edticos\" \/>\n\t<meta name=\"twitter:label2\" content=\"Tiempo de lectura\" \/>\n\t<meta name=\"twitter:data2\" content=\"4 minutos\" \/>\n<script type=\"application\/ld+json\" class=\"yoast-schema-graph\">{\"@context\":\"https:\\\/\\\/schema.org\",\"@graph\":[{\"@type\":\"Article\",\"@id\":\"https:\\\/\\\/lospoliticosveracruz.com\\\/?p=111315#article\",\"isPartOf\":{\"@id\":\"https:\\\/\\\/lospoliticosveracruz.com\\\/?p=111315\"},\"author\":{\"name\":\"Lo viste en Los Pol\u00edticos\",\"@id\":\"https:\\\/\\\/lospoliticosveracruz.com\\\/#\\\/schema\\\/person\\\/b8702bb0e538456e6efd07080bf2a4a2\"},\"headline\":\"ACUERDOS Y PELIGROS\",\"datePublished\":\"2023-09-09T14:26:04+00:00\",\"dateModified\":\"2023-09-09T14:26:09+00:00\",\"mainEntityOfPage\":{\"@id\":\"https:\\\/\\\/lospoliticosveracruz.com\\\/?p=111315\"},\"wordCount\":864,\"publisher\":{\"@id\":\"https:\\\/\\\/lospoliticosveracruz.com\\\/#organization\"},\"image\":{\"@id\":\"https:\\\/\\\/lospoliticosveracruz.com\\\/?p=111315#primaryimage\"},\"thumbnailUrl\":\"https:\\\/\\\/lospoliticosveracruz.com.mx\\\/wp-content\\\/uploads\\\/2023\\\/02\\\/Vinissimo.jpg\",\"keywords\":[\"Claudia Sheinbaum\",\"Cuitl\u00e1huac Garc\u00eda Jim\u00e9nez\",\"Frente Amplio por M\u00e9xico\",\"Morena\",\"Omar Garc\u00eda Harffuch\",\"Roc\u00edo Nahle\",\"Veracruz\",\"X\u00f3chitl G\u00e1lvez\"],\"articleSection\":[\"De Opini\u00f3n\"],\"inLanguage\":\"es\"},{\"@type\":\"WebPage\",\"@id\":\"https:\\\/\\\/lospoliticosveracruz.com\\\/?p=111315\",\"url\":\"https:\\\/\\\/lospoliticosveracruz.com\\\/?p=111315\",\"name\":\"ACUERDOS Y PELIGROS - Los pol\u00edticos Veracruz\",\"isPartOf\":{\"@id\":\"https:\\\/\\\/lospoliticosveracruz.com\\\/#website\"},\"primaryImageOfPage\":{\"@id\":\"https:\\\/\\\/lospoliticosveracruz.com\\\/?p=111315#primaryimage\"},\"image\":{\"@id\":\"https:\\\/\\\/lospoliticosveracruz.com\\\/?p=111315#primaryimage\"},\"thumbnailUrl\":\"https:\\\/\\\/lospoliticosveracruz.com.mx\\\/wp-content\\\/uploads\\\/2023\\\/02\\\/Vinissimo.jpg\",\"datePublished\":\"2023-09-09T14:26:04+00:00\",\"dateModified\":\"2023-09-09T14:26:09+00:00\",\"breadcrumb\":{\"@id\":\"https:\\\/\\\/lospoliticosveracruz.com\\\/?p=111315#breadcrumb\"},\"inLanguage\":\"es\",\"potentialAction\":[{\"@type\":\"ReadAction\",\"target\":[\"https:\\\/\\\/lospoliticosveracruz.com\\\/?p=111315\"]}]},{\"@type\":\"ImageObject\",\"inLanguage\":\"es\",\"@id\":\"https:\\\/\\\/lospoliticosveracruz.com\\\/?p=111315#primaryimage\",\"url\":\"https:\\\/\\\/lospoliticosveracruz.com.mx\\\/wp-content\\\/uploads\\\/2023\\\/02\\\/Vinissimo.jpg\",\"contentUrl\":\"https:\\\/\\\/lospoliticosveracruz.com.mx\\\/wp-content\\\/uploads\\\/2023\\\/02\\\/Vinissimo.jpg\"},{\"@type\":\"BreadcrumbList\",\"@id\":\"https:\\\/\\\/lospoliticosveracruz.com\\\/?p=111315#breadcrumb\",\"itemListElement\":[{\"@type\":\"ListItem\",\"position\":1,\"name\":\"Portada\",\"item\":\"https:\\\/\\\/lospoliticosveracruz.com\\\/\"},{\"@type\":\"ListItem\",\"position\":2,\"name\":\"ACUERDOS Y PELIGROS\"}]},{\"@type\":\"WebSite\",\"@id\":\"https:\\\/\\\/lospoliticosveracruz.com\\\/#website\",\"url\":\"https:\\\/\\\/lospoliticosveracruz.com\\\/\",\"name\":\"Los pol\u00edticos Veracruz\",\"description\":\"\",\"publisher\":{\"@id\":\"https:\\\/\\\/lospoliticosveracruz.com\\\/#organization\"},\"potentialAction\":[{\"@type\":\"SearchAction\",\"target\":{\"@type\":\"EntryPoint\",\"urlTemplate\":\"https:\\\/\\\/lospoliticosveracruz.com\\\/?s={search_term_string}\"},\"query-input\":{\"@type\":\"PropertyValueSpecification\",\"valueRequired\":true,\"valueName\":\"search_term_string\"}}],\"inLanguage\":\"es\"},{\"@type\":\"Organization\",\"@id\":\"https:\\\/\\\/lospoliticosveracruz.com\\\/#organization\",\"name\":\"Los pol\u00edticos Veracruz\",\"url\":\"https:\\\/\\\/lospoliticosveracruz.com\\\/\",\"logo\":{\"@type\":\"ImageObject\",\"inLanguage\":\"es\",\"@id\":\"https:\\\/\\\/lospoliticosveracruz.com\\\/#\\\/schema\\\/logo\\\/image\\\/\",\"url\":\"https:\\\/\\\/lospoliticosveracruz.com\\\/wp-content\\\/uploads\\\/2025\\\/12\\\/Logo-Nuevo-LOS-POLITICOS-1.jpg\",\"contentUrl\":\"https:\\\/\\\/lospoliticosveracruz.com\\\/wp-content\\\/uploads\\\/2025\\\/12\\\/Logo-Nuevo-LOS-POLITICOS-1.jpg\",\"width\":260,\"height\":70,\"caption\":\"Los pol\u00edticos Veracruz\"},\"image\":{\"@id\":\"https:\\\/\\\/lospoliticosveracruz.com\\\/#\\\/schema\\\/logo\\\/image\\\/\"},\"sameAs\":[\"https:\\\/\\\/www.facebook.com\\\/people\\\/Notimemes-de-los-Polticos\\\/61565672886568\\\/\",\"https:\\\/\\\/x.com\\\/LosPoliticosVer\"]},{\"@type\":\"Person\",\"@id\":\"https:\\\/\\\/lospoliticosveracruz.com\\\/#\\\/schema\\\/person\\\/b8702bb0e538456e6efd07080bf2a4a2\",\"name\":\"Lo viste en Los Pol\u00edticos\",\"image\":{\"@type\":\"ImageObject\",\"inLanguage\":\"es\",\"@id\":\"https:\\\/\\\/secure.gravatar.com\\\/avatar\\\/3a8de04a2656d44082be478bd6c086daa447c4651605818287b9532d3d0bd435?s=96&d=mm&r=g\",\"url\":\"https:\\\/\\\/secure.gravatar.com\\\/avatar\\\/3a8de04a2656d44082be478bd6c086daa447c4651605818287b9532d3d0bd435?s=96&d=mm&r=g\",\"contentUrl\":\"https:\\\/\\\/secure.gravatar.com\\\/avatar\\\/3a8de04a2656d44082be478bd6c086daa447c4651605818287b9532d3d0bd435?s=96&d=mm&r=g\",\"caption\":\"Lo viste en Los Pol\u00edticos\"},\"url\":\"https:\\\/\\\/lospoliticosveracruz.com\\\/?author=2\"}]}<\/script>\n<!-- \/ Yoast SEO plugin. -->","yoast_head_json":{"title":"ACUERDOS Y PELIGROS - Los pol\u00edticos Veracruz","robots":{"index":"index","follow":"follow","max-snippet":"max-snippet:-1","max-image-preview":"max-image-preview:large","max-video-preview":"max-video-preview:-1"},"canonical":"https:\/\/lospoliticosveracruz.com\/?p=111315","og_locale":"es_ES","og_type":"article","og_title":"ACUERDOS Y PELIGROS - Los pol\u00edticos Veracruz","og_description":"Ricardo Chua Sale y Vale Claudia Sheinbaum tom\u00f3 acuerdos con Cuitl\u00e1huac Garc\u00eda.. S\u00ed estar\u00e1 en su gabinete federal, si ella gana la elecci\u00f3n Presidencial y el xalape\u00f1o la estatal.. Tiene prohibido entregar Veracruz a un Yunes \u00abrojo\u00bb, menos a un Yunes \u00abazul\u00bb.. De ser as\u00ed, los acuerdos podr\u00edan cambiar porque Claudia no puede llevar a [&hellip;]","og_url":"https:\/\/lospoliticosveracruz.com\/?p=111315","og_site_name":"Los pol\u00edticos Veracruz","article_publisher":"https:\/\/www.facebook.com\/people\/Notimemes-de-los-Polticos\/61565672886568\/","article_published_time":"2023-09-09T14:26:04+00:00","article_modified_time":"2023-09-09T14:26:09+00:00","og_image":[{"url":"https:\/\/lospoliticosveracruz.com.mx\/wp-content\/uploads\/2023\/02\/Vinissimo.jpg","type":"","width":"","height":""}],"author":"Lo viste en Los Pol\u00edticos","twitter_card":"summary_large_image","twitter_creator":"@LosPoliticosVer","twitter_site":"@LosPoliticosVer","twitter_misc":{"Escrito por":"Lo viste en Los Pol\u00edticos","Tiempo de lectura":"4 minutos"},"schema":{"@context":"https:\/\/schema.org","@graph":[{"@type":"Article","@id":"https:\/\/lospoliticosveracruz.com\/?p=111315#article","isPartOf":{"@id":"https:\/\/lospoliticosveracruz.com\/?p=111315"},"author":{"name":"Lo viste en Los Pol\u00edticos","@id":"https:\/\/lospoliticosveracruz.com\/#\/schema\/person\/b8702bb0e538456e6efd07080bf2a4a2"},"headline":"ACUERDOS Y PELIGROS","datePublished":"2023-09-09T14:26:04+00:00","dateModified":"2023-09-09T14:26:09+00:00","mainEntityOfPage":{"@id":"https:\/\/lospoliticosveracruz.com\/?p=111315"},"wordCount":864,"publisher":{"@id":"https:\/\/lospoliticosveracruz.com\/#organization"},"image":{"@id":"https:\/\/lospoliticosveracruz.com\/?p=111315#primaryimage"},"thumbnailUrl":"https:\/\/lospoliticosveracruz.com.mx\/wp-content\/uploads\/2023\/02\/Vinissimo.jpg","keywords":["Claudia Sheinbaum","Cuitl\u00e1huac Garc\u00eda Jim\u00e9nez","Frente Amplio por M\u00e9xico","Morena","Omar Garc\u00eda Harffuch","Roc\u00edo Nahle","Veracruz","X\u00f3chitl G\u00e1lvez"],"articleSection":["De Opini\u00f3n"],"inLanguage":"es"},{"@type":"WebPage","@id":"https:\/\/lospoliticosveracruz.com\/?p=111315","url":"https:\/\/lospoliticosveracruz.com\/?p=111315","name":"ACUERDOS Y PELIGROS - Los pol\u00edticos Veracruz","isPartOf":{"@id":"https:\/\/lospoliticosveracruz.com\/#website"},"primaryImageOfPage":{"@id":"https:\/\/lospoliticosveracruz.com\/?p=111315#primaryimage"},"image":{"@id":"https:\/\/lospoliticosveracruz.com\/?p=111315#primaryimage"},"thumbnailUrl":"https:\/\/lospoliticosveracruz.com.mx\/wp-content\/uploads\/2023\/02\/Vinissimo.jpg","datePublished":"2023-09-09T14:26:04+00:00","dateModified":"2023-09-09T14:26:09+00:00","breadcrumb":{"@id":"https:\/\/lospoliticosveracruz.com\/?p=111315#breadcrumb"},"inLanguage":"es","potentialAction":[{"@type":"ReadAction","target":["https:\/\/lospoliticosveracruz.com\/?p=111315"]}]},{"@type":"ImageObject","inLanguage":"es","@id":"https:\/\/lospoliticosveracruz.com\/?p=111315#primaryimage","url":"https:\/\/lospoliticosveracruz.com.mx\/wp-content\/uploads\/2023\/02\/Vinissimo.jpg","contentUrl":"https:\/\/lospoliticosveracruz.com.mx\/wp-content\/uploads\/2023\/02\/Vinissimo.jpg"},{"@type":"BreadcrumbList","@id":"https:\/\/lospoliticosveracruz.com\/?p=111315#breadcrumb","itemListElement":[{"@type":"ListItem","position":1,"name":"Portada","item":"https:\/\/lospoliticosveracruz.com\/"},{"@type":"ListItem","position":2,"name":"ACUERDOS Y PELIGROS"}]},{"@type":"WebSite","@id":"https:\/\/lospoliticosveracruz.com\/#website","url":"https:\/\/lospoliticosveracruz.com\/","name":"Los pol\u00edticos Veracruz","description":"","publisher":{"@id":"https:\/\/lospoliticosveracruz.com\/#organization"},"potentialAction":[{"@type":"SearchAction","target":{"@type":"EntryPoint","urlTemplate":"https:\/\/lospoliticosveracruz.com\/?s={search_term_string}"},"query-input":{"@type":"PropertyValueSpecification","valueRequired":true,"valueName":"search_term_string"}}],"inLanguage":"es"},{"@type":"Organization","@id":"https:\/\/lospoliticosveracruz.com\/#organization","name":"Los pol\u00edticos Veracruz","url":"https:\/\/lospoliticosveracruz.com\/","logo":{"@type":"ImageObject","inLanguage":"es","@id":"https:\/\/lospoliticosveracruz.com\/#\/schema\/logo\/image\/","url":"https:\/\/lospoliticosveracruz.com\/wp-content\/uploads\/2025\/12\/Logo-Nuevo-LOS-POLITICOS-1.jpg","contentUrl":"https:\/\/lospoliticosveracruz.com\/wp-content\/uploads\/2025\/12\/Logo-Nuevo-LOS-POLITICOS-1.jpg","width":260,"height":70,"caption":"Los pol\u00edticos Veracruz"},"image":{"@id":"https:\/\/lospoliticosveracruz.com\/#\/schema\/logo\/image\/"},"sameAs":["https:\/\/www.facebook.com\/people\/Notimemes-de-los-Polticos\/61565672886568\/","https:\/\/x.com\/LosPoliticosVer"]},{"@type":"Person","@id":"https:\/\/lospoliticosveracruz.com\/#\/schema\/person\/b8702bb0e538456e6efd07080bf2a4a2","name":"Lo viste en Los Pol\u00edticos","image":{"@type":"ImageObject","inLanguage":"es","@id":"https:\/\/secure.gravatar.com\/avatar\/3a8de04a2656d44082be478bd6c086daa447c4651605818287b9532d3d0bd435?s=96&d=mm&r=g","url":"https:\/\/secure.gravatar.com\/avatar\/3a8de04a2656d44082be478bd6c086daa447c4651605818287b9532d3d0bd435?s=96&d=mm&r=g","contentUrl":"https:\/\/secure.gravatar.com\/avatar\/3a8de04a2656d44082be478bd6c086daa447c4651605818287b9532d3d0bd435?s=96&d=mm&r=g","caption":"Lo viste en Los Pol\u00edticos"},"url":"https:\/\/lospoliticosveracruz.com\/?author=2"}]}},"_links":{"self":[{"href":"https:\/\/lospoliticosveracruz.com\/index.php?rest_route=\/wp\/v2\/posts\/111315","targetHints":{"allow":["GET"]}}],"collection":[{"href":"https:\/\/lospoliticosveracruz.com\/index.php?rest_route=\/wp\/v2\/posts"}],"about":[{"href":"https:\/\/lospoliticosveracruz.com\/index.php?rest_route=\/wp\/v2\/types\/post"}],"author":[{"embeddable":true,"href":"https:\/\/lospoliticosveracruz.com\/index.php?rest_route=\/wp\/v2\/users\/2"}],"replies":[{"embeddable":true,"href":"https:\/\/lospoliticosveracruz.com\/index.php?rest_route=%2Fwp%2Fv2%2Fcomments&post=111315"}],"version-history":[{"count":1,"href":"https:\/\/lospoliticosveracruz.com\/index.php?rest_route=\/wp\/v2\/posts\/111315\/revisions"}],"predecessor-version":[{"id":111317,"href":"https:\/\/lospoliticosveracruz.com\/index.php?rest_route=\/wp\/v2\/posts\/111315\/revisions\/111317"}],"wp:attachment":[{"href":"https:\/\/lospoliticosveracruz.com\/index.php?rest_route=%2Fwp%2Fv2%2Fmedia&parent=111315"}],"wp:term":[{"taxonomy":"category","embeddable":true,"href":"https:\/\/lospoliticosveracruz.com\/index.php?rest_route=%2Fwp%2Fv2%2Fcategories&post=111315"},{"taxonomy":"post_tag","embeddable":true,"href":"https:\/\/lospoliticosveracruz.com\/index.php?rest_route=%2Fwp%2Fv2%2Ftags&post=111315"}],"curies":[{"name":"wp","href":"https:\/\/api.w.org\/{rel}","templated":true}]}}