{"id":111318,"date":"2023-09-09T10:01:23","date_gmt":"2023-09-09T15:01:23","guid":{"rendered":"https:\/\/lospoliticosveracruz.com.mx\/?p=111318"},"modified":"2023-09-09T10:01:32","modified_gmt":"2023-09-09T15:01:32","slug":"el-poder-no-se-entrega-en-un-baston","status":"publish","type":"post","link":"https:\/\/lospoliticosveracruz.com\/?p=111318","title":{"rendered":"EL PODER NO SE ENTREGA EN UN BAST\u00d3N\u00a0"},"content":{"rendered":"\n<p><strong>Marcos Miranda Cogco&nbsp;<\/strong><\/p>\n\n\n\n<p><em>Se Los Dije<\/em>&nbsp;&nbsp;<\/p>\n\n\n\n<p>En todo r\u00e9gimen democr\u00e1tico\u00a0\u00a0el representante del pueblo, en este caso el presidente, es elegido mediante el voto, y no es un poder presidencial que se transfiera y mucho menos por\u00a0\u00a0un bast\u00f3n de mando.<\/p>\n\n\n\n<figure class=\"wp-block-image size-large\"><a href=\"https:\/\/lospoliticosveracruz.com.mx\/wp-content\/uploads\/2016\/07\/Seguro-Julio-Cerecedo-2.jpg\"><img decoding=\"async\" src=\"https:\/\/lospoliticosveracruz.com.mx\/wp-content\/uploads\/2016\/07\/Seguro-Julio-Cerecedo-2-1024x381.jpg\" alt=\"\" class=\"wp-image-105879\"\/><\/a><\/figure>\n\n\n\n<p>El Bast\u00f3n de Mando se utiliza en las etnias ind\u00edgenas del pa\u00eds. Y de acuerdo a este simbolismo, se transfiere a las personas m\u00e1s longevos por su sabidur\u00eda. Es un simbolismo de respeto y de reconocer al m\u00e1s longevo con el m\u00e1s alto nivel gerarquico dentro de su etnia, y cuya opini\u00f3n cuenta y define situaciones y su decisi\u00f3n es inapelable y se acata.<\/p>\n\n\n\n<p>Adem\u00e1s no existe en ning\u00fan reglamento de alg\u00fan partido pol\u00edtico en M\u00e9xico que exista este \u00abBast\u00f3n de Mando\u00bb y que deba pasarse a la candidata o candidato a la presidencia.<\/p>\n\n\n\n<p>En todo caso si esto existiera, Claudia Sheinbaum fue electa para dirigirse un organismo de un partido.<\/p>\n\n\n\n<p>Luego entonces debi\u00f3 ser el dirigente del partido Mario Delgado quien entregar\u00e1 ese supuesto \u00abbast\u00f3n de mando\u00bb pues Claudia fue electa para dirigir un organismo pol\u00edtico partidista y no un cargo de gobierno.<\/p>\n\n\n\n<p>Adem\u00e1s de que el poder de la Rep\u00fablica no se ostenta en un bast\u00f3n, y mucho menos se transfiere.<\/p>\n\n\n\n<p>Adem\u00e1s siempre han criticando a X\u00f3chitl G\u00e1lvez y Beatriz Paredes, de aparentar presuntamente ser ind\u00edgena, y quienes realmente insultaron a los ind\u00edgenas fue L\u00f3pez Obrador y Claudia Sheinbaum por haber usado una tradici\u00f3n netamente ind\u00edgena como una estrategia pol\u00edtica.<\/p>\n\n\n\n<p>De hecho ya hay una protesta departe de un organismo ind\u00edgena que molestos, expresaron su enojo en una carta donde manifiestan estar en contra de esta situaci\u00f3n hecha por el presidente Andr\u00e9s Manuel L\u00f3pez Obrador pues el NO ES INDIGENA.<\/p>\n\n\n\n<p>Y en todo caso el \u00abBast\u00f3n de Mando\u00bb que los ind\u00edgenas se lo dieron, no es para que \u00e9l lo ande pasando sin autorizaci\u00f3n de los ind\u00edgenas, debe haber un consejo ind\u00edgena.<\/p>\n\n\n\n<p>En su carta ellos explican el significado de ese bast\u00f3n que los ind\u00edgenas le otorgaron al inicio de su mandato.<\/p>\n\n\n\n<p><strong>A LA OPINI\u00d3N<\/strong><\/p>\n\n\n\n<p>Sobre la entrega de Bast\u00f3n de Mando del<\/p>\n\n\n\n<p>C. Andres Manuel l\u00f3pez Obrador<\/p>\n\n\n\n<p>El bast\u00f3n de mando indigena, es un simbolo espiritual de reconocimiento a la dignidad de quien lo recibe, mismo que es otorgado<\/p>\n\n\n\n<p>mediante asambleas donde diversos pueblos indigenas est\u00e1n de acuerdo en la transmisi\u00f3n de este emblema, producto de la confianza y<\/p>\n\n\n\n<p>fortaleza que un individuo otorga a la comunidad, a su pueblo.&nbsp;<\/p>\n\n\n\n<p>Este simbolo no es objeto de decisiones politicas o econ\u00f3micas, por lo que no<\/p>\n\n\n\n<p>puede ni debe ser comprado, con dinero o favores de ninguna indole.<\/p>\n\n\n\n<p>La entrega de Bast\u00f3n de Mando al C. Andr\u00e9s Manuel l\u00f3pez Obrador el Iro de Diciembre del 2018, no fue solo objeto de triunfo, sino la reconciliaci\u00f3n hist\u00f3rica entre Pueblos Indigenas y Gobierno Constitucional, siendo este el momento donde por fin se reconoci\u00f3 a una autoridad politica constitucional como parte de nuestra cultura e identidad. Por ello, los firmantes del Plan de Poza Rica, rechazamos categoricamente la<\/p>\n\n\n\n<p>transmisi\u00f3n del Bast\u00f3n de Mando Indigena a quien resulte coordinador de un proyecto pol\u00edtico, pues es contrario al valor espiritual de un emblema que no debe ser robado ni apropiado de ninguna forma.<\/p>\n\n\n\n<p>Somos los pueblos quienes decidimos a qui\u00e9n y por qu\u00e9. Esperamos sea respetada nuestra identidad y no se apropien de un<\/p>\n\n\n\n<p>s\u00edmbolo importante de nuestros pueblos<\/p>\n\n\n\n<p>Ya fue denunciado el presidente L\u00f3pez Obrador por haber violentado la Constituci\u00f3n Pol\u00edtica de nuestro pa\u00eds&nbsp;<\/p>\n\n\n\n<p>Esperemos que la FGR proceda pero lo m\u00e1s seguro es que no.<\/p>\n\n\n\n<p>As\u00ed las ocurrencias de este presidente que cuando fue borracho exig\u00eda pe4o cuando lleg\u00f3 a cantinero se dio cuenta que no es lo mismo ser borracho que cantinero pero a \u00e9l le vali\u00f3&nbsp;<\/p>\n\n\n\n<p>Despu\u00e9s no digan que no se los dije<\/p>\n","protected":false},"excerpt":{"rendered":"<p>Marcos Miranda Cogco&nbsp; Se Los Dije&nbsp;&nbsp; En todo r\u00e9gimen democr\u00e1tico\u00a0\u00a0el representante del pueblo, en este caso el presidente, es elegido mediante el voto, y no es un poder presidencial que se transfiera y mucho menos por\u00a0\u00a0un bast\u00f3n de mando. El Bast\u00f3n de Mando se utiliza en las etnias ind\u00edgenas del pa\u00eds. Y de acuerdo a [&hellip;]<\/p>\n","protected":false},"author":2,"featured_media":0,"comment_status":"closed","ping_status":"closed","sticky":false,"template":"","format":"standard","meta":{"tdm_status":"","tdm_grid_status":"","footnotes":""},"categories":[70],"tags":[618,9627,1026],"class_list":{"0":"post-111318","1":"post","2":"type-post","3":"status-publish","4":"format-standard","6":"category-de-opinion","7":"tag-andres-manuel-lopez-obrador","8":"tag-claudia-sheinbaum","9":"tag-morena"},"yoast_head":"<!-- This site is optimized with the Yoast SEO plugin v27.4 - https:\/\/yoast.com\/product\/yoast-seo-wordpress\/ -->\n<title>EL PODER NO SE ENTREGA EN UN BAST\u00d3N\u00a0 - Los pol\u00edticos Veracruz<\/title>\n<meta name=\"robots\" content=\"index, follow, max-snippet:-1, max-image-preview:large, max-video-preview:-1\" \/>\n<link rel=\"canonical\" href=\"https:\/\/lospoliticosveracruz.com\/?p=111318\" \/>\n<meta property=\"og:locale\" content=\"es_ES\" \/>\n<meta property=\"og:type\" content=\"article\" \/>\n<meta property=\"og:title\" content=\"EL PODER NO SE ENTREGA EN UN BAST\u00d3N\u00a0 - Los pol\u00edticos Veracruz\" \/>\n<meta property=\"og:description\" content=\"Marcos Miranda Cogco&nbsp; Se Los Dije&nbsp;&nbsp; En todo r\u00e9gimen democr\u00e1tico\u00a0\u00a0el representante del pueblo, en este caso el presidente, es elegido mediante el voto, y no es un poder presidencial que se transfiera y mucho menos por\u00a0\u00a0un bast\u00f3n de mando. El Bast\u00f3n de Mando se utiliza en las etnias ind\u00edgenas del pa\u00eds. Y de acuerdo a [&hellip;]\" \/>\n<meta property=\"og:url\" content=\"https:\/\/lospoliticosveracruz.com\/?p=111318\" \/>\n<meta property=\"og:site_name\" content=\"Los pol\u00edticos Veracruz\" \/>\n<meta property=\"article:publisher\" content=\"https:\/\/www.facebook.com\/people\/Notimemes-de-los-Polticos\/61565672886568\/\" \/>\n<meta property=\"article:published_time\" content=\"2023-09-09T15:01:23+00:00\" \/>\n<meta property=\"article:modified_time\" content=\"2023-09-09T15:01:32+00:00\" \/>\n<meta property=\"og:image\" content=\"https:\/\/lospoliticosveracruz.com.mx\/wp-content\/uploads\/2016\/07\/Seguro-Julio-Cerecedo-2-1024x381.jpg\" \/>\n<meta name=\"author\" content=\"Lo viste en Los Pol\u00edticos\" \/>\n<meta name=\"twitter:card\" content=\"summary_large_image\" \/>\n<meta name=\"twitter:creator\" content=\"@LosPoliticosVer\" \/>\n<meta name=\"twitter:site\" content=\"@LosPoliticosVer\" \/>\n<meta name=\"twitter:label1\" content=\"Escrito por\" \/>\n\t<meta name=\"twitter:data1\" content=\"Lo viste en Los Pol\u00edticos\" \/>\n\t<meta name=\"twitter:label2\" content=\"Tiempo de lectura\" \/>\n\t<meta name=\"twitter:data2\" content=\"3 minutos\" \/>\n<script type=\"application\/ld+json\" class=\"yoast-schema-graph\">{\"@context\":\"https:\\\/\\\/schema.org\",\"@graph\":[{\"@type\":\"Article\",\"@id\":\"https:\\\/\\\/lospoliticosveracruz.com\\\/?p=111318#article\",\"isPartOf\":{\"@id\":\"https:\\\/\\\/lospoliticosveracruz.com\\\/?p=111318\"},\"author\":{\"name\":\"Lo viste en Los Pol\u00edticos\",\"@id\":\"https:\\\/\\\/lospoliticosveracruz.com\\\/#\\\/schema\\\/person\\\/b8702bb0e538456e6efd07080bf2a4a2\"},\"headline\":\"EL PODER NO SE ENTREGA EN UN BAST\u00d3N\u00a0\",\"datePublished\":\"2023-09-09T15:01:23+00:00\",\"dateModified\":\"2023-09-09T15:01:32+00:00\",\"mainEntityOfPage\":{\"@id\":\"https:\\\/\\\/lospoliticosveracruz.com\\\/?p=111318\"},\"wordCount\":707,\"publisher\":{\"@id\":\"https:\\\/\\\/lospoliticosveracruz.com\\\/#organization\"},\"image\":{\"@id\":\"https:\\\/\\\/lospoliticosveracruz.com\\\/?p=111318#primaryimage\"},\"thumbnailUrl\":\"https:\\\/\\\/lospoliticosveracruz.com.mx\\\/wp-content\\\/uploads\\\/2016\\\/07\\\/Seguro-Julio-Cerecedo-2-1024x381.jpg\",\"keywords\":[\"Andr\u00e9s Manuel L\u00f3pez Obrador\",\"Claudia Sheinbaum\",\"Morena\"],\"articleSection\":[\"De Opini\u00f3n\"],\"inLanguage\":\"es\"},{\"@type\":\"WebPage\",\"@id\":\"https:\\\/\\\/lospoliticosveracruz.com\\\/?p=111318\",\"url\":\"https:\\\/\\\/lospoliticosveracruz.com\\\/?p=111318\",\"name\":\"EL PODER NO SE ENTREGA EN UN BAST\u00d3N\u00a0 - Los pol\u00edticos Veracruz\",\"isPartOf\":{\"@id\":\"https:\\\/\\\/lospoliticosveracruz.com\\\/#website\"},\"primaryImageOfPage\":{\"@id\":\"https:\\\/\\\/lospoliticosveracruz.com\\\/?p=111318#primaryimage\"},\"image\":{\"@id\":\"https:\\\/\\\/lospoliticosveracruz.com\\\/?p=111318#primaryimage\"},\"thumbnailUrl\":\"https:\\\/\\\/lospoliticosveracruz.com.mx\\\/wp-content\\\/uploads\\\/2016\\\/07\\\/Seguro-Julio-Cerecedo-2-1024x381.jpg\",\"datePublished\":\"2023-09-09T15:01:23+00:00\",\"dateModified\":\"2023-09-09T15:01:32+00:00\",\"breadcrumb\":{\"@id\":\"https:\\\/\\\/lospoliticosveracruz.com\\\/?p=111318#breadcrumb\"},\"inLanguage\":\"es\",\"potentialAction\":[{\"@type\":\"ReadAction\",\"target\":[\"https:\\\/\\\/lospoliticosveracruz.com\\\/?p=111318\"]}]},{\"@type\":\"ImageObject\",\"inLanguage\":\"es\",\"@id\":\"https:\\\/\\\/lospoliticosveracruz.com\\\/?p=111318#primaryimage\",\"url\":\"https:\\\/\\\/lospoliticosveracruz.com.mx\\\/wp-content\\\/uploads\\\/2016\\\/07\\\/Seguro-Julio-Cerecedo-2-1024x381.jpg\",\"contentUrl\":\"https:\\\/\\\/lospoliticosveracruz.com.mx\\\/wp-content\\\/uploads\\\/2016\\\/07\\\/Seguro-Julio-Cerecedo-2-1024x381.jpg\"},{\"@type\":\"BreadcrumbList\",\"@id\":\"https:\\\/\\\/lospoliticosveracruz.com\\\/?p=111318#breadcrumb\",\"itemListElement\":[{\"@type\":\"ListItem\",\"position\":1,\"name\":\"Portada\",\"item\":\"https:\\\/\\\/lospoliticosveracruz.com\\\/\"},{\"@type\":\"ListItem\",\"position\":2,\"name\":\"EL PODER NO SE ENTREGA EN UN BAST\u00d3N\u00a0\"}]},{\"@type\":\"WebSite\",\"@id\":\"https:\\\/\\\/lospoliticosveracruz.com\\\/#website\",\"url\":\"https:\\\/\\\/lospoliticosveracruz.com\\\/\",\"name\":\"Los pol\u00edticos Veracruz\",\"description\":\"\",\"publisher\":{\"@id\":\"https:\\\/\\\/lospoliticosveracruz.com\\\/#organization\"},\"potentialAction\":[{\"@type\":\"SearchAction\",\"target\":{\"@type\":\"EntryPoint\",\"urlTemplate\":\"https:\\\/\\\/lospoliticosveracruz.com\\\/?s={search_term_string}\"},\"query-input\":{\"@type\":\"PropertyValueSpecification\",\"valueRequired\":true,\"valueName\":\"search_term_string\"}}],\"inLanguage\":\"es\"},{\"@type\":\"Organization\",\"@id\":\"https:\\\/\\\/lospoliticosveracruz.com\\\/#organization\",\"name\":\"Los pol\u00edticos Veracruz\",\"url\":\"https:\\\/\\\/lospoliticosveracruz.com\\\/\",\"logo\":{\"@type\":\"ImageObject\",\"inLanguage\":\"es\",\"@id\":\"https:\\\/\\\/lospoliticosveracruz.com\\\/#\\\/schema\\\/logo\\\/image\\\/\",\"url\":\"https:\\\/\\\/lospoliticosveracruz.com\\\/wp-content\\\/uploads\\\/2025\\\/12\\\/Logo-Nuevo-LOS-POLITICOS-1.jpg\",\"contentUrl\":\"https:\\\/\\\/lospoliticosveracruz.com\\\/wp-content\\\/uploads\\\/2025\\\/12\\\/Logo-Nuevo-LOS-POLITICOS-1.jpg\",\"width\":260,\"height\":70,\"caption\":\"Los pol\u00edticos Veracruz\"},\"image\":{\"@id\":\"https:\\\/\\\/lospoliticosveracruz.com\\\/#\\\/schema\\\/logo\\\/image\\\/\"},\"sameAs\":[\"https:\\\/\\\/www.facebook.com\\\/people\\\/Notimemes-de-los-Polticos\\\/61565672886568\\\/\",\"https:\\\/\\\/x.com\\\/LosPoliticosVer\"]},{\"@type\":\"Person\",\"@id\":\"https:\\\/\\\/lospoliticosveracruz.com\\\/#\\\/schema\\\/person\\\/b8702bb0e538456e6efd07080bf2a4a2\",\"name\":\"Lo viste en Los Pol\u00edticos\",\"image\":{\"@type\":\"ImageObject\",\"inLanguage\":\"es\",\"@id\":\"https:\\\/\\\/secure.gravatar.com\\\/avatar\\\/3a8de04a2656d44082be478bd6c086daa447c4651605818287b9532d3d0bd435?s=96&d=mm&r=g\",\"url\":\"https:\\\/\\\/secure.gravatar.com\\\/avatar\\\/3a8de04a2656d44082be478bd6c086daa447c4651605818287b9532d3d0bd435?s=96&d=mm&r=g\",\"contentUrl\":\"https:\\\/\\\/secure.gravatar.com\\\/avatar\\\/3a8de04a2656d44082be478bd6c086daa447c4651605818287b9532d3d0bd435?s=96&d=mm&r=g\",\"caption\":\"Lo viste en Los Pol\u00edticos\"},\"url\":\"https:\\\/\\\/lospoliticosveracruz.com\\\/?author=2\"}]}<\/script>\n<!-- \/ Yoast SEO plugin. -->","yoast_head_json":{"title":"EL PODER NO SE ENTREGA EN UN BAST\u00d3N\u00a0 - Los pol\u00edticos Veracruz","robots":{"index":"index","follow":"follow","max-snippet":"max-snippet:-1","max-image-preview":"max-image-preview:large","max-video-preview":"max-video-preview:-1"},"canonical":"https:\/\/lospoliticosveracruz.com\/?p=111318","og_locale":"es_ES","og_type":"article","og_title":"EL PODER NO SE ENTREGA EN UN BAST\u00d3N\u00a0 - Los pol\u00edticos Veracruz","og_description":"Marcos Miranda Cogco&nbsp; Se Los Dije&nbsp;&nbsp; En todo r\u00e9gimen democr\u00e1tico\u00a0\u00a0el representante del pueblo, en este caso el presidente, es elegido mediante el voto, y no es un poder presidencial que se transfiera y mucho menos por\u00a0\u00a0un bast\u00f3n de mando. El Bast\u00f3n de Mando se utiliza en las etnias ind\u00edgenas del pa\u00eds. Y de acuerdo a [&hellip;]","og_url":"https:\/\/lospoliticosveracruz.com\/?p=111318","og_site_name":"Los pol\u00edticos Veracruz","article_publisher":"https:\/\/www.facebook.com\/people\/Notimemes-de-los-Polticos\/61565672886568\/","article_published_time":"2023-09-09T15:01:23+00:00","article_modified_time":"2023-09-09T15:01:32+00:00","og_image":[{"url":"https:\/\/lospoliticosveracruz.com.mx\/wp-content\/uploads\/2016\/07\/Seguro-Julio-Cerecedo-2-1024x381.jpg","type":"","width":"","height":""}],"author":"Lo viste en Los Pol\u00edticos","twitter_card":"summary_large_image","twitter_creator":"@LosPoliticosVer","twitter_site":"@LosPoliticosVer","twitter_misc":{"Escrito por":"Lo viste en Los Pol\u00edticos","Tiempo de lectura":"3 minutos"},"schema":{"@context":"https:\/\/schema.org","@graph":[{"@type":"Article","@id":"https:\/\/lospoliticosveracruz.com\/?p=111318#article","isPartOf":{"@id":"https:\/\/lospoliticosveracruz.com\/?p=111318"},"author":{"name":"Lo viste en Los Pol\u00edticos","@id":"https:\/\/lospoliticosveracruz.com\/#\/schema\/person\/b8702bb0e538456e6efd07080bf2a4a2"},"headline":"EL PODER NO SE ENTREGA EN UN BAST\u00d3N\u00a0","datePublished":"2023-09-09T15:01:23+00:00","dateModified":"2023-09-09T15:01:32+00:00","mainEntityOfPage":{"@id":"https:\/\/lospoliticosveracruz.com\/?p=111318"},"wordCount":707,"publisher":{"@id":"https:\/\/lospoliticosveracruz.com\/#organization"},"image":{"@id":"https:\/\/lospoliticosveracruz.com\/?p=111318#primaryimage"},"thumbnailUrl":"https:\/\/lospoliticosveracruz.com.mx\/wp-content\/uploads\/2016\/07\/Seguro-Julio-Cerecedo-2-1024x381.jpg","keywords":["Andr\u00e9s Manuel L\u00f3pez Obrador","Claudia Sheinbaum","Morena"],"articleSection":["De Opini\u00f3n"],"inLanguage":"es"},{"@type":"WebPage","@id":"https:\/\/lospoliticosveracruz.com\/?p=111318","url":"https:\/\/lospoliticosveracruz.com\/?p=111318","name":"EL PODER NO SE ENTREGA EN UN BAST\u00d3N\u00a0 - Los pol\u00edticos Veracruz","isPartOf":{"@id":"https:\/\/lospoliticosveracruz.com\/#website"},"primaryImageOfPage":{"@id":"https:\/\/lospoliticosveracruz.com\/?p=111318#primaryimage"},"image":{"@id":"https:\/\/lospoliticosveracruz.com\/?p=111318#primaryimage"},"thumbnailUrl":"https:\/\/lospoliticosveracruz.com.mx\/wp-content\/uploads\/2016\/07\/Seguro-Julio-Cerecedo-2-1024x381.jpg","datePublished":"2023-09-09T15:01:23+00:00","dateModified":"2023-09-09T15:01:32+00:00","breadcrumb":{"@id":"https:\/\/lospoliticosveracruz.com\/?p=111318#breadcrumb"},"inLanguage":"es","potentialAction":[{"@type":"ReadAction","target":["https:\/\/lospoliticosveracruz.com\/?p=111318"]}]},{"@type":"ImageObject","inLanguage":"es","@id":"https:\/\/lospoliticosveracruz.com\/?p=111318#primaryimage","url":"https:\/\/lospoliticosveracruz.com.mx\/wp-content\/uploads\/2016\/07\/Seguro-Julio-Cerecedo-2-1024x381.jpg","contentUrl":"https:\/\/lospoliticosveracruz.com.mx\/wp-content\/uploads\/2016\/07\/Seguro-Julio-Cerecedo-2-1024x381.jpg"},{"@type":"BreadcrumbList","@id":"https:\/\/lospoliticosveracruz.com\/?p=111318#breadcrumb","itemListElement":[{"@type":"ListItem","position":1,"name":"Portada","item":"https:\/\/lospoliticosveracruz.com\/"},{"@type":"ListItem","position":2,"name":"EL PODER NO SE ENTREGA EN UN BAST\u00d3N\u00a0"}]},{"@type":"WebSite","@id":"https:\/\/lospoliticosveracruz.com\/#website","url":"https:\/\/lospoliticosveracruz.com\/","name":"Los pol\u00edticos Veracruz","description":"","publisher":{"@id":"https:\/\/lospoliticosveracruz.com\/#organization"},"potentialAction":[{"@type":"SearchAction","target":{"@type":"EntryPoint","urlTemplate":"https:\/\/lospoliticosveracruz.com\/?s={search_term_string}"},"query-input":{"@type":"PropertyValueSpecification","valueRequired":true,"valueName":"search_term_string"}}],"inLanguage":"es"},{"@type":"Organization","@id":"https:\/\/lospoliticosveracruz.com\/#organization","name":"Los pol\u00edticos Veracruz","url":"https:\/\/lospoliticosveracruz.com\/","logo":{"@type":"ImageObject","inLanguage":"es","@id":"https:\/\/lospoliticosveracruz.com\/#\/schema\/logo\/image\/","url":"https:\/\/lospoliticosveracruz.com\/wp-content\/uploads\/2025\/12\/Logo-Nuevo-LOS-POLITICOS-1.jpg","contentUrl":"https:\/\/lospoliticosveracruz.com\/wp-content\/uploads\/2025\/12\/Logo-Nuevo-LOS-POLITICOS-1.jpg","width":260,"height":70,"caption":"Los pol\u00edticos Veracruz"},"image":{"@id":"https:\/\/lospoliticosveracruz.com\/#\/schema\/logo\/image\/"},"sameAs":["https:\/\/www.facebook.com\/people\/Notimemes-de-los-Polticos\/61565672886568\/","https:\/\/x.com\/LosPoliticosVer"]},{"@type":"Person","@id":"https:\/\/lospoliticosveracruz.com\/#\/schema\/person\/b8702bb0e538456e6efd07080bf2a4a2","name":"Lo viste en Los Pol\u00edticos","image":{"@type":"ImageObject","inLanguage":"es","@id":"https:\/\/secure.gravatar.com\/avatar\/3a8de04a2656d44082be478bd6c086daa447c4651605818287b9532d3d0bd435?s=96&d=mm&r=g","url":"https:\/\/secure.gravatar.com\/avatar\/3a8de04a2656d44082be478bd6c086daa447c4651605818287b9532d3d0bd435?s=96&d=mm&r=g","contentUrl":"https:\/\/secure.gravatar.com\/avatar\/3a8de04a2656d44082be478bd6c086daa447c4651605818287b9532d3d0bd435?s=96&d=mm&r=g","caption":"Lo viste en Los Pol\u00edticos"},"url":"https:\/\/lospoliticosveracruz.com\/?author=2"}]}},"_links":{"self":[{"href":"https:\/\/lospoliticosveracruz.com\/index.php?rest_route=\/wp\/v2\/posts\/111318","targetHints":{"allow":["GET"]}}],"collection":[{"href":"https:\/\/lospoliticosveracruz.com\/index.php?rest_route=\/wp\/v2\/posts"}],"about":[{"href":"https:\/\/lospoliticosveracruz.com\/index.php?rest_route=\/wp\/v2\/types\/post"}],"author":[{"embeddable":true,"href":"https:\/\/lospoliticosveracruz.com\/index.php?rest_route=\/wp\/v2\/users\/2"}],"replies":[{"embeddable":true,"href":"https:\/\/lospoliticosveracruz.com\/index.php?rest_route=%2Fwp%2Fv2%2Fcomments&post=111318"}],"version-history":[{"count":1,"href":"https:\/\/lospoliticosveracruz.com\/index.php?rest_route=\/wp\/v2\/posts\/111318\/revisions"}],"predecessor-version":[{"id":111320,"href":"https:\/\/lospoliticosveracruz.com\/index.php?rest_route=\/wp\/v2\/posts\/111318\/revisions\/111320"}],"wp:attachment":[{"href":"https:\/\/lospoliticosveracruz.com\/index.php?rest_route=%2Fwp%2Fv2%2Fmedia&parent=111318"}],"wp:term":[{"taxonomy":"category","embeddable":true,"href":"https:\/\/lospoliticosveracruz.com\/index.php?rest_route=%2Fwp%2Fv2%2Fcategories&post=111318"},{"taxonomy":"post_tag","embeddable":true,"href":"https:\/\/lospoliticosveracruz.com\/index.php?rest_route=%2Fwp%2Fv2%2Ftags&post=111318"}],"curies":[{"name":"wp","href":"https:\/\/api.w.org\/{rel}","templated":true}]}}