{"id":111400,"date":"2023-09-11T14:42:16","date_gmt":"2023-09-11T19:42:16","guid":{"rendered":"https:\/\/lospoliticosveracruz.com.mx\/?p=111400"},"modified":"2023-09-11T14:42:21","modified_gmt":"2023-09-11T19:42:21","slug":"antes-tamales-ahora-vendera-pemex","status":"publish","type":"post","link":"https:\/\/lospoliticosveracruz.com\/?p=111400","title":{"rendered":"ANTES TAMALES, AHORA VENDER\u00c1 PEMEX"},"content":{"rendered":"\n<p><strong>Inocencio Y\u00e1\u00f1ez Vicencio<\/strong><\/p>\n\n\n\n<p>Quien ejerce alg\u00fan g\u00e9nero de periodismo cumple varias funciones, pero la m\u00e1s importante debiera ser- y digo debiera, porque pocos la cumplen- la de ser un contrapeso al Estado, no s\u00f3lo al gobierno. Cuando se destruyen los equilibrios republicanos, el \u00faltimo reducto es el dique, el valladar, la resistencia social, la que debe contener al poder desp\u00f3tico, desde su estado larvado. Criticar un gobierno puede generar la tentaci\u00f3n de impulsar al grupo que aspira a sucederlo y esa ya no es funci\u00f3n del periodismo. Esa es funci\u00f3n de los partidos. <br><\/p>\n\n\n\n<figure class=\"wp-block-image size-large\"><a href=\"https:\/\/lospoliticosveracruz.com.mx\/wp-content\/uploads\/2016\/07\/Seguro-Julio-Cerecedo-2.jpg\"><img decoding=\"async\" src=\"https:\/\/lospoliticosveracruz.com.mx\/wp-content\/uploads\/2016\/07\/Seguro-Julio-Cerecedo-2-1024x381.jpg\" alt=\"\" class=\"wp-image-105879\"\/><\/a><\/figure>\n\n\n\n<p>Por eso debemos apuntar hacia el aparato estatal, sin dejar de mostrar los excesos de su direcci\u00f3n, que es el gobierno, sin predilecci\u00f3n de un gobierno, dado que el prop\u00f3sito es tratar de contribuir a frenar los abusos del andamiaje estatal.\u00a0\u00a0El Estado, los partidos, las asociaciones, clubes&#8230;tienen sus \u00f3rganos de divulgaci\u00f3n y adoctrinamiento. Los que escriben para el Estado, para las iglesias, clubes&#8230; Antonio Gramsci, los llam\u00f3 intelectuales org\u00e1nicos.\u00a0\u00a0Bobbio, advert\u00eda, enemigo del purismo, que en alg\u00fan grado todos somos intelectuales org\u00e1nicos. Recuerdo que mi amigo Eduardo Jaramillo, trajo a Xalapa, al maestro espa\u00f1ol Ram\u00f3n G. Cotarelo, quien en su charla afirm\u00f3 que \u00e9l en los actos partidistas deslindaba y arengaba, pero en su c\u00e1tedra ten\u00eda que ser imparcial. El mismo Weber recomienda guardar\u00a0\u00a0esas distancias.\u00a0<\/p>\n\n\n\n<p>Ciencia &#8211; sosten\u00eda Popper, es lo que se puede probar emp\u00edricamente. Para el autor de La Sociedad Abierta y sus Enemigos, una teor\u00eda para que sea v\u00e1lida debe contrastarse y lo ser\u00e1 en tanto otra no la refute. Por eso nos dice que dogma es lo que no se discute. A la verdad puede llegarse en ciencias sociales aplicando los m\u00e9todos naturales; pero tambi\u00e9n utilizando la inferencia l\u00f3gica; la argumentaci\u00f3n donde s\u00f3lo se admite como coerci\u00f3n la del argumento de mayor peso. La Edad moderna reemplaz\u00f3 con la raz\u00f3n la verdad revelada que domin\u00f3 en la Edad Media. Hoy la raz\u00f3n instrumental cede ante la raz\u00f3n comunicativa.<\/p>\n\n\n\n<p>Dec\u00eda Savater, que s\u00f3lo un loco no aprende nada de un dialogo.&nbsp;&nbsp;Le falt\u00f3 decir: reglado. Debe tener un m\u00ednimo de reglas todo dialogo. Yo creo que todos los puntos de vista contribuyen a dar luces, siempre y cuando se apoye en datos emp\u00edricos, inferencias l\u00f3gicas&nbsp;&nbsp;y ex\u00e1menes anal\u00edticos o intuiciones consecuentes. Porque lo escrito, escrito est\u00e1, debemos saber que se empata con el decir de el que \u00bb mata un perro, es un mata perros\u00bb aunque s\u00f3lo haya matado un perro. Basta que alguien haya trabajado haci\u00e9ndole boletines a Duarte, para que sea duartista. Y como cada administraci\u00f3n recluta sus comunicadores, pues cada sexenios produce su extigma. Unos m\u00e1s&nbsp;&nbsp;unos menos.<\/p>\n\n\n\n<p>Beatriz Paredes, no es una mujer sin mancha, pero, sin duda alguna, es lo mejor que tiene la clase pol\u00edtica en estos momentos , por ese mismo hecho, creo que no merec\u00eda que hubiera un pacotillero que lo poco que le quedaba de credibilidad, la dilapidara llam\u00e1ndola candidata del Peje, sin m\u00e1s argumento que el mero placer de ofender a una persona, que su \u00fanico pecado fue inscribirse en el proceso del FAM para sacar su aspirante presidencial y hacer ver en el cotejo, que quien inpusieron no tiene ni ideas ni proyecto ni preparaci\u00f3n. Yo si digo y lo repito- y me baso en sus propias declaraciones- no es verg\u00fcenza que en su ni\u00f1ez haya vendido tamales, verg\u00fcenza es que habiendo ido a la universidad, siga hablando como tamalera.&nbsp;<\/p>\n\n\n\n<p>La funci\u00f3n de quienes escribimos no es terminar arengando porque se vote por tal o cual candidato, porque esa es la funci\u00f3n de un vulgar matraquero y si eso es lo que queremos hacer, tengamos valor, vayamos a hacer eso al partido de nuestra preferencia. El maestro Ram\u00f3n Cotarelo, es claro. Arengar al partido. Podemos hacer academia y labor partidista a condici\u00f3n de deslindar bien los campos. Hay tiempos para hacer gobierno y tiempos para hacer funciones de contenci\u00f3n tanto org\u00e1nica como social.&nbsp;&nbsp;Tengamos pudor.<\/p>\n\n\n\n<p>La semana pasada fuimos testigos de que Xochitl G\u00e1lvez, desempolv\u00f3 la vieja tesis del PAN, que Fox, intent\u00f3, sin \u00e9xito, de desmantelar PEMEX, diciendo que har\u00e1 una reforma para abrirlo al capital privado.<\/p>\n\n\n\n<p>Hay que recordar que Ernesto Zedillo, limpio la paraestatal, reduciendo su plantilla laboral a 106 trabajadores y que Fox, la duplic\u00f3, pero saben, de puro empleado administrativo. Su amigo Fausto Alzati, me platico que ya estando todo listo para asumir su direcci\u00f3n, concertaron con los gringos para que quedara al frente , el representante de la Dupont.&nbsp;&nbsp;Se la entrego a los Yanquis.<\/p>\n\n\n\n<p>Guardo peri\u00f3dicos que dan testimonio de que mientras Fidel Herrera, secundaba a Fox, yo condenaba esa apertura, con el benepl\u00e1cito de Francisco Rojas, presidente nacional de la Fundaci\u00f3n Colosio, que por el antecedente de haber luchado en contra de la privatizaci\u00f3n de PEMEX, renunci\u00f3 a\u00f1os despu\u00e9s, a la direcci\u00f3n de la CFE, con Pe\u00f1a Nieto, cuando \u00e9ste anunci\u00f3 sus malditas reformas.<\/p>\n\n\n\n<p>Ser\u00eda una incongruencia de mi parte que habiendo luchado por detener la apertura de PEMEX al capital privado, ahora apoye a una candidata que exhuma&nbsp;&nbsp;esa lesiva propuesta para la naci\u00f3n.&nbsp;<\/p>\n\n\n\n<p>Lo he dicho una y otra vez. Xochitl es la candidata del PAN, que por mucho que la tratan de maquillar como candidata ciudadana, a cada paso aflora su manido conservadurismo. S\u00e9panlo. Ni el mismo Banco Mundial&nbsp;&nbsp;recomienda deshacerse de todos los activos nacionales.&nbsp;&nbsp;La mas grande crisis de Argentina se debi\u00f3 a que cuando el&nbsp;&nbsp;FMI, que da los avales para los cr\u00e9ditos, cuando le pidi\u00f3 que respaldara lo que estaba solicitando, no pudo ofrecer nada en garant\u00eda, porque hab\u00eda privatizado hasta las tuber\u00edas de agua. En cambio cuando Zedillo, solicit\u00f3 su cr\u00e9dito, le prestaron 40 mil millones de dolares, de los cuales \u00fanicamente dispuso de 20, que ampar\u00f3 con facturas a futuo de PEMEX, que pronto liquid\u00f3.&nbsp;<\/p>\n\n\n\n<p>En el 2008, fue el Estado, que tanto odian los capitalistas, quien salv\u00f3 a los bancos y al sistema financiero, por la crisis que provoc\u00f3 la corrupci\u00f3n de otorgar cr\u00e9ditos de vivienda que no alcanzaban el puntaje, pero all\u00e1 no se auxilio a estas mafias con FOBAPROA sino comprando acciones que ser\u00edan devueltas al pasar la crisis. Aqu\u00ed, ya nadie habla del FOBAPROA, porque muestra como los banqueros se autoprestaron para robarle al pueblo.<\/p>\n\n\n\n<p>La realidad es que el PAN naci\u00f3 para tratar de destruir la obra de la Revoluci\u00f3n mexicana&nbsp;&nbsp;y no van a desistir de su empe\u00f1o de poner a subaste los bienes nacionales.<\/p>\n\n\n\n<p>Sin imaginaci\u00f3n, sin inteligencias, sin creatividad&nbsp;&nbsp;y sin una propuesta social, Xochitl, no tendr\u00e1 m\u00e1s opci\u00f3n que reciclar su discurso privatizador y las pol\u00edticas que le funcionaron en el pasado al PAN y que Claudio X X Gonz\u00e1lez, se las puso en el cat\u00e1logo que dio a conocer.<\/p>\n\n\n\n<p>Hoy discuten si su proceso de selecci\u00f3n fue menos cochino que el de Morena. Lo cierto es que a nadie convencen de que se suspendio porque de todas maneras ganar\u00eda&nbsp;&nbsp;Xochitl, porque con ese criterio deber\u00edan suspender su participaci\u00f3n constitucional. Lo que es innegable es que un proceso que se hizo para legitimar a Xochitl, se convirti\u00f3 en un un proceso de desligitimaci\u00f3n<\/p>\n\n\n\n<p>Como republicano no me queda m\u00e1s que votar por los diputados y senadores del FAM, para evitar una nueva concentraci\u00f3n de poderes, que abra las puerta de la dictadura, porque ninguna de las aspirantes tiene con qu\u00e9 sacar a la naci\u00f3n de esta devastaci\u00f3n.<\/p>\n","protected":false},"excerpt":{"rendered":"<p>Inocencio Y\u00e1\u00f1ez Vicencio Quien ejerce alg\u00fan g\u00e9nero de periodismo cumple varias funciones, pero la m\u00e1s importante debiera ser- y digo debiera, porque pocos la cumplen- la de ser un contrapeso al Estado, no s\u00f3lo al gobierno. Cuando se destruyen los equilibrios republicanos, el \u00faltimo reducto es el dique, el valladar, la resistencia social, la que [&hellip;]<\/p>\n","protected":false},"author":2,"featured_media":0,"comment_status":"closed","ping_status":"closed","sticky":false,"template":"","format":"standard","meta":{"tdm_status":"","tdm_grid_status":"","footnotes":""},"categories":[70],"tags":[1375,372,17531],"class_list":{"0":"post-111400","1":"post","2":"type-post","3":"status-publish","4":"format-standard","6":"category-de-opinion","7":"tag-beatriz-paredes-rangel","8":"tag-pemex","9":"tag-xochitl-galvez"},"yoast_head":"<!-- This site is optimized with the Yoast SEO plugin v27.4 - https:\/\/yoast.com\/product\/yoast-seo-wordpress\/ -->\n<title>ANTES TAMALES, AHORA VENDER\u00c1 PEMEX - Los pol\u00edticos Veracruz<\/title>\n<meta name=\"robots\" content=\"index, follow, max-snippet:-1, max-image-preview:large, max-video-preview:-1\" \/>\n<link rel=\"canonical\" href=\"https:\/\/lospoliticosveracruz.com\/?p=111400\" \/>\n<meta property=\"og:locale\" content=\"es_ES\" \/>\n<meta property=\"og:type\" content=\"article\" \/>\n<meta property=\"og:title\" content=\"ANTES TAMALES, AHORA VENDER\u00c1 PEMEX - Los pol\u00edticos Veracruz\" \/>\n<meta property=\"og:description\" content=\"Inocencio Y\u00e1\u00f1ez Vicencio Quien ejerce alg\u00fan g\u00e9nero de periodismo cumple varias funciones, pero la m\u00e1s importante debiera ser- y digo debiera, porque pocos la cumplen- la de ser un contrapeso al Estado, no s\u00f3lo al gobierno. Cuando se destruyen los equilibrios republicanos, el \u00faltimo reducto es el dique, el valladar, la resistencia social, la que [&hellip;]\" \/>\n<meta property=\"og:url\" content=\"https:\/\/lospoliticosveracruz.com\/?p=111400\" \/>\n<meta property=\"og:site_name\" content=\"Los pol\u00edticos Veracruz\" \/>\n<meta property=\"article:publisher\" content=\"https:\/\/www.facebook.com\/people\/Notimemes-de-los-Polticos\/61565672886568\/\" \/>\n<meta property=\"article:published_time\" content=\"2023-09-11T19:42:16+00:00\" \/>\n<meta property=\"article:modified_time\" content=\"2023-09-11T19:42:21+00:00\" \/>\n<meta property=\"og:image\" content=\"https:\/\/lospoliticosveracruz.com.mx\/wp-content\/uploads\/2016\/07\/Seguro-Julio-Cerecedo-2-1024x381.jpg\" \/>\n<meta name=\"author\" content=\"Lo viste en Los Pol\u00edticos\" \/>\n<meta name=\"twitter:card\" content=\"summary_large_image\" \/>\n<meta name=\"twitter:creator\" content=\"@LosPoliticosVer\" \/>\n<meta name=\"twitter:site\" content=\"@LosPoliticosVer\" \/>\n<meta name=\"twitter:label1\" content=\"Escrito por\" \/>\n\t<meta name=\"twitter:data1\" content=\"Lo viste en Los Pol\u00edticos\" \/>\n\t<meta name=\"twitter:label2\" content=\"Tiempo de lectura\" \/>\n\t<meta name=\"twitter:data2\" content=\"7 minutos\" \/>\n<script type=\"application\/ld+json\" class=\"yoast-schema-graph\">{\"@context\":\"https:\\\/\\\/schema.org\",\"@graph\":[{\"@type\":\"Article\",\"@id\":\"https:\\\/\\\/lospoliticosveracruz.com\\\/?p=111400#article\",\"isPartOf\":{\"@id\":\"https:\\\/\\\/lospoliticosveracruz.com\\\/?p=111400\"},\"author\":{\"name\":\"Lo viste en Los Pol\u00edticos\",\"@id\":\"https:\\\/\\\/lospoliticosveracruz.com\\\/#\\\/schema\\\/person\\\/b8702bb0e538456e6efd07080bf2a4a2\"},\"headline\":\"ANTES TAMALES, AHORA VENDER\u00c1 PEMEX\",\"datePublished\":\"2023-09-11T19:42:16+00:00\",\"dateModified\":\"2023-09-11T19:42:21+00:00\",\"mainEntityOfPage\":{\"@id\":\"https:\\\/\\\/lospoliticosveracruz.com\\\/?p=111400\"},\"wordCount\":1345,\"publisher\":{\"@id\":\"https:\\\/\\\/lospoliticosveracruz.com\\\/#organization\"},\"image\":{\"@id\":\"https:\\\/\\\/lospoliticosveracruz.com\\\/?p=111400#primaryimage\"},\"thumbnailUrl\":\"https:\\\/\\\/lospoliticosveracruz.com.mx\\\/wp-content\\\/uploads\\\/2016\\\/07\\\/Seguro-Julio-Cerecedo-2-1024x381.jpg\",\"keywords\":[\"Beatriz Paredes Rangel\",\"Pemex\",\"X\u00f3chitl G\u00e1lvez\"],\"articleSection\":[\"De Opini\u00f3n\"],\"inLanguage\":\"es\"},{\"@type\":\"WebPage\",\"@id\":\"https:\\\/\\\/lospoliticosveracruz.com\\\/?p=111400\",\"url\":\"https:\\\/\\\/lospoliticosveracruz.com\\\/?p=111400\",\"name\":\"ANTES TAMALES, AHORA VENDER\u00c1 PEMEX - Los pol\u00edticos Veracruz\",\"isPartOf\":{\"@id\":\"https:\\\/\\\/lospoliticosveracruz.com\\\/#website\"},\"primaryImageOfPage\":{\"@id\":\"https:\\\/\\\/lospoliticosveracruz.com\\\/?p=111400#primaryimage\"},\"image\":{\"@id\":\"https:\\\/\\\/lospoliticosveracruz.com\\\/?p=111400#primaryimage\"},\"thumbnailUrl\":\"https:\\\/\\\/lospoliticosveracruz.com.mx\\\/wp-content\\\/uploads\\\/2016\\\/07\\\/Seguro-Julio-Cerecedo-2-1024x381.jpg\",\"datePublished\":\"2023-09-11T19:42:16+00:00\",\"dateModified\":\"2023-09-11T19:42:21+00:00\",\"breadcrumb\":{\"@id\":\"https:\\\/\\\/lospoliticosveracruz.com\\\/?p=111400#breadcrumb\"},\"inLanguage\":\"es\",\"potentialAction\":[{\"@type\":\"ReadAction\",\"target\":[\"https:\\\/\\\/lospoliticosveracruz.com\\\/?p=111400\"]}]},{\"@type\":\"ImageObject\",\"inLanguage\":\"es\",\"@id\":\"https:\\\/\\\/lospoliticosveracruz.com\\\/?p=111400#primaryimage\",\"url\":\"https:\\\/\\\/lospoliticosveracruz.com.mx\\\/wp-content\\\/uploads\\\/2016\\\/07\\\/Seguro-Julio-Cerecedo-2-1024x381.jpg\",\"contentUrl\":\"https:\\\/\\\/lospoliticosveracruz.com.mx\\\/wp-content\\\/uploads\\\/2016\\\/07\\\/Seguro-Julio-Cerecedo-2-1024x381.jpg\"},{\"@type\":\"BreadcrumbList\",\"@id\":\"https:\\\/\\\/lospoliticosveracruz.com\\\/?p=111400#breadcrumb\",\"itemListElement\":[{\"@type\":\"ListItem\",\"position\":1,\"name\":\"Portada\",\"item\":\"https:\\\/\\\/lospoliticosveracruz.com\\\/\"},{\"@type\":\"ListItem\",\"position\":2,\"name\":\"ANTES TAMALES, AHORA VENDER\u00c1 PEMEX\"}]},{\"@type\":\"WebSite\",\"@id\":\"https:\\\/\\\/lospoliticosveracruz.com\\\/#website\",\"url\":\"https:\\\/\\\/lospoliticosveracruz.com\\\/\",\"name\":\"Los pol\u00edticos Veracruz\",\"description\":\"\",\"publisher\":{\"@id\":\"https:\\\/\\\/lospoliticosveracruz.com\\\/#organization\"},\"potentialAction\":[{\"@type\":\"SearchAction\",\"target\":{\"@type\":\"EntryPoint\",\"urlTemplate\":\"https:\\\/\\\/lospoliticosveracruz.com\\\/?s={search_term_string}\"},\"query-input\":{\"@type\":\"PropertyValueSpecification\",\"valueRequired\":true,\"valueName\":\"search_term_string\"}}],\"inLanguage\":\"es\"},{\"@type\":\"Organization\",\"@id\":\"https:\\\/\\\/lospoliticosveracruz.com\\\/#organization\",\"name\":\"Los pol\u00edticos Veracruz\",\"url\":\"https:\\\/\\\/lospoliticosveracruz.com\\\/\",\"logo\":{\"@type\":\"ImageObject\",\"inLanguage\":\"es\",\"@id\":\"https:\\\/\\\/lospoliticosveracruz.com\\\/#\\\/schema\\\/logo\\\/image\\\/\",\"url\":\"https:\\\/\\\/lospoliticosveracruz.com\\\/wp-content\\\/uploads\\\/2025\\\/12\\\/Logo-Nuevo-LOS-POLITICOS-1.jpg\",\"contentUrl\":\"https:\\\/\\\/lospoliticosveracruz.com\\\/wp-content\\\/uploads\\\/2025\\\/12\\\/Logo-Nuevo-LOS-POLITICOS-1.jpg\",\"width\":260,\"height\":70,\"caption\":\"Los pol\u00edticos Veracruz\"},\"image\":{\"@id\":\"https:\\\/\\\/lospoliticosveracruz.com\\\/#\\\/schema\\\/logo\\\/image\\\/\"},\"sameAs\":[\"https:\\\/\\\/www.facebook.com\\\/people\\\/Notimemes-de-los-Polticos\\\/61565672886568\\\/\",\"https:\\\/\\\/x.com\\\/LosPoliticosVer\"]},{\"@type\":\"Person\",\"@id\":\"https:\\\/\\\/lospoliticosveracruz.com\\\/#\\\/schema\\\/person\\\/b8702bb0e538456e6efd07080bf2a4a2\",\"name\":\"Lo viste en Los Pol\u00edticos\",\"image\":{\"@type\":\"ImageObject\",\"inLanguage\":\"es\",\"@id\":\"https:\\\/\\\/secure.gravatar.com\\\/avatar\\\/3a8de04a2656d44082be478bd6c086daa447c4651605818287b9532d3d0bd435?s=96&d=mm&r=g\",\"url\":\"https:\\\/\\\/secure.gravatar.com\\\/avatar\\\/3a8de04a2656d44082be478bd6c086daa447c4651605818287b9532d3d0bd435?s=96&d=mm&r=g\",\"contentUrl\":\"https:\\\/\\\/secure.gravatar.com\\\/avatar\\\/3a8de04a2656d44082be478bd6c086daa447c4651605818287b9532d3d0bd435?s=96&d=mm&r=g\",\"caption\":\"Lo viste en Los Pol\u00edticos\"},\"url\":\"https:\\\/\\\/lospoliticosveracruz.com\\\/?author=2\"}]}<\/script>\n<!-- \/ Yoast SEO plugin. -->","yoast_head_json":{"title":"ANTES TAMALES, AHORA VENDER\u00c1 PEMEX - Los pol\u00edticos Veracruz","robots":{"index":"index","follow":"follow","max-snippet":"max-snippet:-1","max-image-preview":"max-image-preview:large","max-video-preview":"max-video-preview:-1"},"canonical":"https:\/\/lospoliticosveracruz.com\/?p=111400","og_locale":"es_ES","og_type":"article","og_title":"ANTES TAMALES, AHORA VENDER\u00c1 PEMEX - Los pol\u00edticos Veracruz","og_description":"Inocencio Y\u00e1\u00f1ez Vicencio Quien ejerce alg\u00fan g\u00e9nero de periodismo cumple varias funciones, pero la m\u00e1s importante debiera ser- y digo debiera, porque pocos la cumplen- la de ser un contrapeso al Estado, no s\u00f3lo al gobierno. Cuando se destruyen los equilibrios republicanos, el \u00faltimo reducto es el dique, el valladar, la resistencia social, la que [&hellip;]","og_url":"https:\/\/lospoliticosveracruz.com\/?p=111400","og_site_name":"Los pol\u00edticos Veracruz","article_publisher":"https:\/\/www.facebook.com\/people\/Notimemes-de-los-Polticos\/61565672886568\/","article_published_time":"2023-09-11T19:42:16+00:00","article_modified_time":"2023-09-11T19:42:21+00:00","og_image":[{"url":"https:\/\/lospoliticosveracruz.com.mx\/wp-content\/uploads\/2016\/07\/Seguro-Julio-Cerecedo-2-1024x381.jpg","type":"","width":"","height":""}],"author":"Lo viste en Los Pol\u00edticos","twitter_card":"summary_large_image","twitter_creator":"@LosPoliticosVer","twitter_site":"@LosPoliticosVer","twitter_misc":{"Escrito por":"Lo viste en Los Pol\u00edticos","Tiempo de lectura":"7 minutos"},"schema":{"@context":"https:\/\/schema.org","@graph":[{"@type":"Article","@id":"https:\/\/lospoliticosveracruz.com\/?p=111400#article","isPartOf":{"@id":"https:\/\/lospoliticosveracruz.com\/?p=111400"},"author":{"name":"Lo viste en Los Pol\u00edticos","@id":"https:\/\/lospoliticosveracruz.com\/#\/schema\/person\/b8702bb0e538456e6efd07080bf2a4a2"},"headline":"ANTES TAMALES, AHORA VENDER\u00c1 PEMEX","datePublished":"2023-09-11T19:42:16+00:00","dateModified":"2023-09-11T19:42:21+00:00","mainEntityOfPage":{"@id":"https:\/\/lospoliticosveracruz.com\/?p=111400"},"wordCount":1345,"publisher":{"@id":"https:\/\/lospoliticosveracruz.com\/#organization"},"image":{"@id":"https:\/\/lospoliticosveracruz.com\/?p=111400#primaryimage"},"thumbnailUrl":"https:\/\/lospoliticosveracruz.com.mx\/wp-content\/uploads\/2016\/07\/Seguro-Julio-Cerecedo-2-1024x381.jpg","keywords":["Beatriz Paredes Rangel","Pemex","X\u00f3chitl G\u00e1lvez"],"articleSection":["De Opini\u00f3n"],"inLanguage":"es"},{"@type":"WebPage","@id":"https:\/\/lospoliticosveracruz.com\/?p=111400","url":"https:\/\/lospoliticosveracruz.com\/?p=111400","name":"ANTES TAMALES, AHORA VENDER\u00c1 PEMEX - Los pol\u00edticos Veracruz","isPartOf":{"@id":"https:\/\/lospoliticosveracruz.com\/#website"},"primaryImageOfPage":{"@id":"https:\/\/lospoliticosveracruz.com\/?p=111400#primaryimage"},"image":{"@id":"https:\/\/lospoliticosveracruz.com\/?p=111400#primaryimage"},"thumbnailUrl":"https:\/\/lospoliticosveracruz.com.mx\/wp-content\/uploads\/2016\/07\/Seguro-Julio-Cerecedo-2-1024x381.jpg","datePublished":"2023-09-11T19:42:16+00:00","dateModified":"2023-09-11T19:42:21+00:00","breadcrumb":{"@id":"https:\/\/lospoliticosveracruz.com\/?p=111400#breadcrumb"},"inLanguage":"es","potentialAction":[{"@type":"ReadAction","target":["https:\/\/lospoliticosveracruz.com\/?p=111400"]}]},{"@type":"ImageObject","inLanguage":"es","@id":"https:\/\/lospoliticosveracruz.com\/?p=111400#primaryimage","url":"https:\/\/lospoliticosveracruz.com.mx\/wp-content\/uploads\/2016\/07\/Seguro-Julio-Cerecedo-2-1024x381.jpg","contentUrl":"https:\/\/lospoliticosveracruz.com.mx\/wp-content\/uploads\/2016\/07\/Seguro-Julio-Cerecedo-2-1024x381.jpg"},{"@type":"BreadcrumbList","@id":"https:\/\/lospoliticosveracruz.com\/?p=111400#breadcrumb","itemListElement":[{"@type":"ListItem","position":1,"name":"Portada","item":"https:\/\/lospoliticosveracruz.com\/"},{"@type":"ListItem","position":2,"name":"ANTES TAMALES, AHORA VENDER\u00c1 PEMEX"}]},{"@type":"WebSite","@id":"https:\/\/lospoliticosveracruz.com\/#website","url":"https:\/\/lospoliticosveracruz.com\/","name":"Los pol\u00edticos Veracruz","description":"","publisher":{"@id":"https:\/\/lospoliticosveracruz.com\/#organization"},"potentialAction":[{"@type":"SearchAction","target":{"@type":"EntryPoint","urlTemplate":"https:\/\/lospoliticosveracruz.com\/?s={search_term_string}"},"query-input":{"@type":"PropertyValueSpecification","valueRequired":true,"valueName":"search_term_string"}}],"inLanguage":"es"},{"@type":"Organization","@id":"https:\/\/lospoliticosveracruz.com\/#organization","name":"Los pol\u00edticos Veracruz","url":"https:\/\/lospoliticosveracruz.com\/","logo":{"@type":"ImageObject","inLanguage":"es","@id":"https:\/\/lospoliticosveracruz.com\/#\/schema\/logo\/image\/","url":"https:\/\/lospoliticosveracruz.com\/wp-content\/uploads\/2025\/12\/Logo-Nuevo-LOS-POLITICOS-1.jpg","contentUrl":"https:\/\/lospoliticosveracruz.com\/wp-content\/uploads\/2025\/12\/Logo-Nuevo-LOS-POLITICOS-1.jpg","width":260,"height":70,"caption":"Los pol\u00edticos Veracruz"},"image":{"@id":"https:\/\/lospoliticosveracruz.com\/#\/schema\/logo\/image\/"},"sameAs":["https:\/\/www.facebook.com\/people\/Notimemes-de-los-Polticos\/61565672886568\/","https:\/\/x.com\/LosPoliticosVer"]},{"@type":"Person","@id":"https:\/\/lospoliticosveracruz.com\/#\/schema\/person\/b8702bb0e538456e6efd07080bf2a4a2","name":"Lo viste en Los Pol\u00edticos","image":{"@type":"ImageObject","inLanguage":"es","@id":"https:\/\/secure.gravatar.com\/avatar\/3a8de04a2656d44082be478bd6c086daa447c4651605818287b9532d3d0bd435?s=96&d=mm&r=g","url":"https:\/\/secure.gravatar.com\/avatar\/3a8de04a2656d44082be478bd6c086daa447c4651605818287b9532d3d0bd435?s=96&d=mm&r=g","contentUrl":"https:\/\/secure.gravatar.com\/avatar\/3a8de04a2656d44082be478bd6c086daa447c4651605818287b9532d3d0bd435?s=96&d=mm&r=g","caption":"Lo viste en Los Pol\u00edticos"},"url":"https:\/\/lospoliticosveracruz.com\/?author=2"}]}},"_links":{"self":[{"href":"https:\/\/lospoliticosveracruz.com\/index.php?rest_route=\/wp\/v2\/posts\/111400","targetHints":{"allow":["GET"]}}],"collection":[{"href":"https:\/\/lospoliticosveracruz.com\/index.php?rest_route=\/wp\/v2\/posts"}],"about":[{"href":"https:\/\/lospoliticosveracruz.com\/index.php?rest_route=\/wp\/v2\/types\/post"}],"author":[{"embeddable":true,"href":"https:\/\/lospoliticosveracruz.com\/index.php?rest_route=\/wp\/v2\/users\/2"}],"replies":[{"embeddable":true,"href":"https:\/\/lospoliticosveracruz.com\/index.php?rest_route=%2Fwp%2Fv2%2Fcomments&post=111400"}],"version-history":[{"count":1,"href":"https:\/\/lospoliticosveracruz.com\/index.php?rest_route=\/wp\/v2\/posts\/111400\/revisions"}],"predecessor-version":[{"id":111401,"href":"https:\/\/lospoliticosveracruz.com\/index.php?rest_route=\/wp\/v2\/posts\/111400\/revisions\/111401"}],"wp:attachment":[{"href":"https:\/\/lospoliticosveracruz.com\/index.php?rest_route=%2Fwp%2Fv2%2Fmedia&parent=111400"}],"wp:term":[{"taxonomy":"category","embeddable":true,"href":"https:\/\/lospoliticosveracruz.com\/index.php?rest_route=%2Fwp%2Fv2%2Fcategories&post=111400"},{"taxonomy":"post_tag","embeddable":true,"href":"https:\/\/lospoliticosveracruz.com\/index.php?rest_route=%2Fwp%2Fv2%2Ftags&post=111400"}],"curies":[{"name":"wp","href":"https:\/\/api.w.org\/{rel}","templated":true}]}}