{"id":111433,"date":"2023-09-12T08:35:10","date_gmt":"2023-09-12T13:35:10","guid":{"rendered":"https:\/\/lospoliticosveracruz.com.mx\/?p=111433"},"modified":"2023-09-12T08:35:14","modified_gmt":"2023-09-12T13:35:14","slug":"algo-mas-que-la-fuerza-del-estado","status":"publish","type":"post","link":"https:\/\/lospoliticosveracruz.com\/?p=111433","title":{"rendered":"ALGO M\u00c1S QUE LA FUERZA DEL ESTADO"},"content":{"rendered":"\n<p><strong>Bernardo Guti\u00e9rrez Parra<br><\/strong><em>Desde el Caf\u00e9<br><\/em>Aunque casi nadie lo not\u00f3 (al menos a mi me pas\u00f3 de noche), el pasado jueves arranc\u00f3 el proceso electoral rumbo al 2024. \u00bfY a la par tambi\u00e9n arrancaron las campa\u00f1as? Qu\u00e9 pas\u00f3 lector, las campa\u00f1as tiene rato que empezaron. Claudia Sheinbaum la comenz\u00f3 hace tres a\u00f1os; Marcelo Ebrard hace dos; Ad\u00e1n Augusto L\u00f3pez hace un a\u00f1o y X\u00f3chitl G\u00e1lvez hoy est\u00e1 cumpliendo cuatro meses. Comenz\u00f3 su campa\u00f1a el 12 de junio en Palacio Nacional cuando le dieron con la puerta en las narices.<\/p>\n\n\n<div class=\"wp-block-image\">\n<figure class=\"alignleft size-medium\"><a href=\"https:\/\/lospoliticosveracruz.com.mx\/wp-content\/uploads\/2021\/10\/Zacauilt.jpg\"><img decoding=\"async\" src=\"https:\/\/lospoliticosveracruz.com.mx\/wp-content\/uploads\/2021\/10\/Zacauilt-150x300.jpg\" alt=\"\" class=\"wp-image-80558\"\/><\/a><\/figure>\n<\/div>\n\n\n<p>A nivel local Sergio Guti\u00e9rrez se lleva de calle a todos los aspirantes a la gubernatura ya que comenz\u00f3 su campa\u00f1a hace dos a\u00f1os. Tras \u00e9l est\u00e1n Julen Rementer\u00eda del PAN, Jos\u00e9 y H\u00e9ctor Yunes del PRI, Manuel Huerta, Roc\u00edo Nahle y Eric Cisneros por Morena, s\u00f3lo por mencionar algunos.<\/p>\n\n\n\n<p>A menos que suceda un imprevisto que nadie desea, la contienda por la presidencia de la Rep\u00fablica ya se defini\u00f3 y ser\u00e1 entre dos mujeres; Claudia y X\u00f3chitl. Es probable que se agregue un tercero que servir\u00e1 de comparsa y de quita votos a las dos candidatas. Y al parecer ser\u00e1 el gobernador de Nuevo Le\u00f3n, Samuel Garc\u00eda, que ir\u00eda por Movimiento Ciudadano.<\/p>\n\n\n\n<p>Marcelo Ebrard (ese cad\u00e1ver pol\u00edtico al que nadie le ha dicho que ya pas\u00f3 a mejor vida) amenaz\u00f3 este lunes: O se repite el proceso de selecci\u00f3n del candidato o me voy de Morena, \u00bfme oyeron?, me voy de Morena, pero ni quien le hiciera caso.<\/p>\n\n\n\n<p>En conferencia de prensa anunci\u00f3 la creaci\u00f3n de un Movimiento Pol\u00edtico Nacional con el que recorrer\u00e1 el pa\u00eds. \u00bfPara qu\u00e9? pues para seguir paseando, porque pol\u00edticamente hablando no lo llevar\u00e1 a ning\u00fan lado.<\/p>\n\n\n\n<p>A pesar de que prometi\u00f3 estar en las boletas, es poco probable que sea abanderado de MC y lo que har\u00e1 con su Movimiento Pol\u00edtico ser\u00e1 venderlo al mejor postor que forzosamente tendr\u00e1 que ser Morena, porque si se lo trata de vender a la oposici\u00f3n se las ver\u00e1 con L\u00f3pez Obrador.<\/p>\n\n\n\n<p>Fuera de estas dos hipot\u00e9ticas comparsas, no se ve en el horizonte a otro iluso que le quiera hacer sombra a Claudia y a X\u00f3chitl que ir\u00e1n a la contienda bien pertrechadas, aunque en desigualdad de circunstancias.<\/p>\n\n\n\n<p>Mientras Claudia tendr\u00e1 tras ella a todo el aparato del Estado que incluye secretar\u00edas federales y estatales, dinero a pasto, a los \u00f3rganos de inteligencia, a gobernadores, senadores, diputados y alcaldes, a empresarios y al Ej\u00e9rcito y (por si se llega a necesitar) a los chicos malos. X\u00f3chitl tendr\u00e1 a la ciudadan\u00eda, la bendici\u00f3n de Dios y el ejemplo b\u00edblico de un adolescente que con una onda venci\u00f3 a un gigante.<\/p>\n\n\n\n<p>Y a ver qu\u00e9 pasa.<\/p>\n\n\n\n<p>Ac\u00e1 en Veracruz al parecer el arroz ya se coci\u00f3 a favor de Roc\u00edo Nahle por Morena y Jos\u00e9 Yunes por la oposici\u00f3n.<\/p>\n\n\n\n<p>Pero a diferencia de Claudia, si Roc\u00edo es la elegida del dios tabasque\u00f1o, necesitar\u00e1 algo m\u00e1s que una refiner\u00eda inconclusa, algo m\u00e1s que la fuerza del Estado, algo m\u00e1s que much\u00edsimo dinero y algo m\u00e1s que a los chicos malos, para vencer al legislador perote\u00f1o.<\/p>\n\n\n\n<p><strong>Motivante visita de embajadora de la NFL<\/strong><\/p>\n\n\n\n<p>La mexicana Diana Flores Arenas, atleta de alto rendimiento, quarterback estrella de la selecci\u00f3n mexicana de Flag Football y embajadora de la NFL a nivel internacional, estar\u00e1 en Xalapa hoy martes 12 de septiembre para acompa\u00f1ar a la Oficial Mayor de la Secretar\u00eda de Educaci\u00f3n de Veracruz, Ariadna Selene Aguilar Amaya, en el Foro \u201cEducando para el d\u00eda a d\u00eda\u201d que se llevar\u00e1 a cabo a las 09:00 horas en el Kan\u00e1, Museo de Ciencia y Tecnolog\u00eda de Veracruz.<\/p>\n\n\n\n<p>Ariadna Aguilar dijo que el Foro es con objeto de que las y los docentes veracruzanos se profesionalicen en la excelencia y ayuden a nuestros j\u00f3venes a alcanzar su m\u00e1ximo potencial como seres humanos y profesionales de excelencia. \u201cEl gobierno de la Cuarta Transformaci\u00f3n que encabeza el gobernador Cuitl\u00e1huac Garc\u00eda Jim\u00e9nez le ha apostado, como nunca en la historia de Veracruz, a la educaci\u00f3n como v\u00eda para cambiar el orden de las cosas y en este proyecto, nuestras ni\u00f1as, ni\u00f1os y j\u00f3venes tienen un papel protag\u00f3nico, de la mano de sus maestras y maestros\u201d, indic\u00f3.<\/p>\n\n\n\n<p>La presencia de Diana Flores en este evento ser\u00e1 sin lugar a dudas un hitazo, porque apenas el pasado mes de mayo fue llevada al museo del Sal\u00f3n de la Fama del Futbol Americano Profesional, siendo la primera jugadora mexicana de flag football en lograrlo y aqu\u00ed estar\u00e1, en Xalapa, contando su experiencia a las y los docentes veracruzanos.<\/p>\n\n\n\n<p>bernardogup@hotmail.com<\/p>\n","protected":false},"excerpt":{"rendered":"<p>Bernardo Guti\u00e9rrez ParraDesde el Caf\u00e9Aunque casi nadie lo not\u00f3 (al menos a mi me pas\u00f3 de noche), el pasado jueves arranc\u00f3 el proceso electoral rumbo al 2024. \u00bfY a la par tambi\u00e9n arrancaron las campa\u00f1as? Qu\u00e9 pas\u00f3 lector, las campa\u00f1as tiene rato que empezaron. Claudia Sheinbaum la comenz\u00f3 hace tres a\u00f1os; Marcelo Ebrard hace dos; [&hellip;]<\/p>\n","protected":false},"author":2,"featured_media":0,"comment_status":"closed","ping_status":"closed","sticky":false,"template":"","format":"standard","meta":{"tdm_status":"","tdm_grid_status":"","footnotes":""},"categories":[70],"tags":[14760,9627,39332,12686,119,10317,14703,2327,3578,17531],"class_list":{"0":"post-111433","1":"post","2":"type-post","3":"status-publish","4":"format-standard","6":"category-de-opinion","7":"tag-ariadna-selene-aguilar-amaya","8":"tag-claudia-sheinbaum","9":"tag-diana-flores-arenas","10":"tag-eric-cisneros","11":"tag-hector-yunes","12":"tag-manuel-huerta","13":"tag-marcelo-ebrard","14":"tag-movimiento-ciudadano","15":"tag-rocio-nahle","16":"tag-xochitl-galvez"},"yoast_head":"<!-- This site is optimized with the Yoast SEO plugin v27.4 - https:\/\/yoast.com\/product\/yoast-seo-wordpress\/ -->\n<title>ALGO M\u00c1S QUE LA FUERZA DEL ESTADO - Los pol\u00edticos Veracruz<\/title>\n<meta name=\"robots\" content=\"index, follow, max-snippet:-1, max-image-preview:large, max-video-preview:-1\" \/>\n<link rel=\"canonical\" href=\"https:\/\/lospoliticosveracruz.com\/?p=111433\" \/>\n<meta property=\"og:locale\" content=\"es_ES\" \/>\n<meta property=\"og:type\" content=\"article\" \/>\n<meta property=\"og:title\" content=\"ALGO M\u00c1S QUE LA FUERZA DEL ESTADO - Los pol\u00edticos Veracruz\" \/>\n<meta property=\"og:description\" content=\"Bernardo Guti\u00e9rrez ParraDesde el Caf\u00e9Aunque casi nadie lo not\u00f3 (al menos a mi me pas\u00f3 de noche), el pasado jueves arranc\u00f3 el proceso electoral rumbo al 2024. \u00bfY a la par tambi\u00e9n arrancaron las campa\u00f1as? Qu\u00e9 pas\u00f3 lector, las campa\u00f1as tiene rato que empezaron. Claudia Sheinbaum la comenz\u00f3 hace tres a\u00f1os; Marcelo Ebrard hace dos; [&hellip;]\" \/>\n<meta property=\"og:url\" content=\"https:\/\/lospoliticosveracruz.com\/?p=111433\" \/>\n<meta property=\"og:site_name\" content=\"Los pol\u00edticos Veracruz\" \/>\n<meta property=\"article:publisher\" content=\"https:\/\/www.facebook.com\/people\/Notimemes-de-los-Polticos\/61565672886568\/\" \/>\n<meta property=\"article:published_time\" content=\"2023-09-12T13:35:10+00:00\" \/>\n<meta property=\"article:modified_time\" content=\"2023-09-12T13:35:14+00:00\" \/>\n<meta property=\"og:image\" content=\"https:\/\/lospoliticosveracruz.com.mx\/wp-content\/uploads\/2021\/10\/Zacauilt-150x300.jpg\" \/>\n<meta name=\"author\" content=\"Lo viste en Los Pol\u00edticos\" \/>\n<meta name=\"twitter:card\" content=\"summary_large_image\" \/>\n<meta name=\"twitter:creator\" content=\"@LosPoliticosVer\" \/>\n<meta name=\"twitter:site\" content=\"@LosPoliticosVer\" \/>\n<meta name=\"twitter:label1\" content=\"Escrito por\" \/>\n\t<meta name=\"twitter:data1\" content=\"Lo viste en Los Pol\u00edticos\" \/>\n\t<meta name=\"twitter:label2\" content=\"Tiempo de lectura\" \/>\n\t<meta name=\"twitter:data2\" content=\"4 minutos\" \/>\n<script type=\"application\/ld+json\" class=\"yoast-schema-graph\">{\"@context\":\"https:\\\/\\\/schema.org\",\"@graph\":[{\"@type\":\"Article\",\"@id\":\"https:\\\/\\\/lospoliticosveracruz.com\\\/?p=111433#article\",\"isPartOf\":{\"@id\":\"https:\\\/\\\/lospoliticosveracruz.com\\\/?p=111433\"},\"author\":{\"name\":\"Lo viste en Los Pol\u00edticos\",\"@id\":\"https:\\\/\\\/lospoliticosveracruz.com\\\/#\\\/schema\\\/person\\\/b8702bb0e538456e6efd07080bf2a4a2\"},\"headline\":\"ALGO M\u00c1S QUE LA FUERZA DEL ESTADO\",\"datePublished\":\"2023-09-12T13:35:10+00:00\",\"dateModified\":\"2023-09-12T13:35:14+00:00\",\"mainEntityOfPage\":{\"@id\":\"https:\\\/\\\/lospoliticosveracruz.com\\\/?p=111433\"},\"wordCount\":837,\"publisher\":{\"@id\":\"https:\\\/\\\/lospoliticosveracruz.com\\\/#organization\"},\"image\":{\"@id\":\"https:\\\/\\\/lospoliticosveracruz.com\\\/?p=111433#primaryimage\"},\"thumbnailUrl\":\"https:\\\/\\\/lospoliticosveracruz.com.mx\\\/wp-content\\\/uploads\\\/2021\\\/10\\\/Zacauilt-150x300.jpg\",\"keywords\":[\"Ariadna Selene Aguilar Amaya\",\"Claudia Sheinbaum\",\"Diana Flores Arenas\",\"Eric Cisneros\",\"H\u00e9ctor Yunes\",\"Manuel Huerta\",\"Marcelo Ebrard\",\"Movimiento Ciudadano\",\"Roc\u00edo Nahle\",\"X\u00f3chitl G\u00e1lvez\"],\"articleSection\":[\"De Opini\u00f3n\"],\"inLanguage\":\"es\"},{\"@type\":\"WebPage\",\"@id\":\"https:\\\/\\\/lospoliticosveracruz.com\\\/?p=111433\",\"url\":\"https:\\\/\\\/lospoliticosveracruz.com\\\/?p=111433\",\"name\":\"ALGO M\u00c1S QUE LA FUERZA DEL ESTADO - Los pol\u00edticos Veracruz\",\"isPartOf\":{\"@id\":\"https:\\\/\\\/lospoliticosveracruz.com\\\/#website\"},\"primaryImageOfPage\":{\"@id\":\"https:\\\/\\\/lospoliticosveracruz.com\\\/?p=111433#primaryimage\"},\"image\":{\"@id\":\"https:\\\/\\\/lospoliticosveracruz.com\\\/?p=111433#primaryimage\"},\"thumbnailUrl\":\"https:\\\/\\\/lospoliticosveracruz.com.mx\\\/wp-content\\\/uploads\\\/2021\\\/10\\\/Zacauilt-150x300.jpg\",\"datePublished\":\"2023-09-12T13:35:10+00:00\",\"dateModified\":\"2023-09-12T13:35:14+00:00\",\"breadcrumb\":{\"@id\":\"https:\\\/\\\/lospoliticosveracruz.com\\\/?p=111433#breadcrumb\"},\"inLanguage\":\"es\",\"potentialAction\":[{\"@type\":\"ReadAction\",\"target\":[\"https:\\\/\\\/lospoliticosveracruz.com\\\/?p=111433\"]}]},{\"@type\":\"ImageObject\",\"inLanguage\":\"es\",\"@id\":\"https:\\\/\\\/lospoliticosveracruz.com\\\/?p=111433#primaryimage\",\"url\":\"https:\\\/\\\/lospoliticosveracruz.com.mx\\\/wp-content\\\/uploads\\\/2021\\\/10\\\/Zacauilt-150x300.jpg\",\"contentUrl\":\"https:\\\/\\\/lospoliticosveracruz.com.mx\\\/wp-content\\\/uploads\\\/2021\\\/10\\\/Zacauilt-150x300.jpg\"},{\"@type\":\"BreadcrumbList\",\"@id\":\"https:\\\/\\\/lospoliticosveracruz.com\\\/?p=111433#breadcrumb\",\"itemListElement\":[{\"@type\":\"ListItem\",\"position\":1,\"name\":\"Portada\",\"item\":\"https:\\\/\\\/lospoliticosveracruz.com\\\/\"},{\"@type\":\"ListItem\",\"position\":2,\"name\":\"ALGO M\u00c1S QUE LA FUERZA DEL ESTADO\"}]},{\"@type\":\"WebSite\",\"@id\":\"https:\\\/\\\/lospoliticosveracruz.com\\\/#website\",\"url\":\"https:\\\/\\\/lospoliticosveracruz.com\\\/\",\"name\":\"Los pol\u00edticos Veracruz\",\"description\":\"\",\"publisher\":{\"@id\":\"https:\\\/\\\/lospoliticosveracruz.com\\\/#organization\"},\"potentialAction\":[{\"@type\":\"SearchAction\",\"target\":{\"@type\":\"EntryPoint\",\"urlTemplate\":\"https:\\\/\\\/lospoliticosveracruz.com\\\/?s={search_term_string}\"},\"query-input\":{\"@type\":\"PropertyValueSpecification\",\"valueRequired\":true,\"valueName\":\"search_term_string\"}}],\"inLanguage\":\"es\"},{\"@type\":\"Organization\",\"@id\":\"https:\\\/\\\/lospoliticosveracruz.com\\\/#organization\",\"name\":\"Los pol\u00edticos Veracruz\",\"url\":\"https:\\\/\\\/lospoliticosveracruz.com\\\/\",\"logo\":{\"@type\":\"ImageObject\",\"inLanguage\":\"es\",\"@id\":\"https:\\\/\\\/lospoliticosveracruz.com\\\/#\\\/schema\\\/logo\\\/image\\\/\",\"url\":\"https:\\\/\\\/lospoliticosveracruz.com\\\/wp-content\\\/uploads\\\/2025\\\/12\\\/Logo-Nuevo-LOS-POLITICOS-1.jpg\",\"contentUrl\":\"https:\\\/\\\/lospoliticosveracruz.com\\\/wp-content\\\/uploads\\\/2025\\\/12\\\/Logo-Nuevo-LOS-POLITICOS-1.jpg\",\"width\":260,\"height\":70,\"caption\":\"Los pol\u00edticos Veracruz\"},\"image\":{\"@id\":\"https:\\\/\\\/lospoliticosveracruz.com\\\/#\\\/schema\\\/logo\\\/image\\\/\"},\"sameAs\":[\"https:\\\/\\\/www.facebook.com\\\/people\\\/Notimemes-de-los-Polticos\\\/61565672886568\\\/\",\"https:\\\/\\\/x.com\\\/LosPoliticosVer\"]},{\"@type\":\"Person\",\"@id\":\"https:\\\/\\\/lospoliticosveracruz.com\\\/#\\\/schema\\\/person\\\/b8702bb0e538456e6efd07080bf2a4a2\",\"name\":\"Lo viste en Los Pol\u00edticos\",\"image\":{\"@type\":\"ImageObject\",\"inLanguage\":\"es\",\"@id\":\"https:\\\/\\\/secure.gravatar.com\\\/avatar\\\/3a8de04a2656d44082be478bd6c086daa447c4651605818287b9532d3d0bd435?s=96&d=mm&r=g\",\"url\":\"https:\\\/\\\/secure.gravatar.com\\\/avatar\\\/3a8de04a2656d44082be478bd6c086daa447c4651605818287b9532d3d0bd435?s=96&d=mm&r=g\",\"contentUrl\":\"https:\\\/\\\/secure.gravatar.com\\\/avatar\\\/3a8de04a2656d44082be478bd6c086daa447c4651605818287b9532d3d0bd435?s=96&d=mm&r=g\",\"caption\":\"Lo viste en Los Pol\u00edticos\"},\"url\":\"https:\\\/\\\/lospoliticosveracruz.com\\\/?author=2\"}]}<\/script>\n<!-- \/ Yoast SEO plugin. -->","yoast_head_json":{"title":"ALGO M\u00c1S QUE LA FUERZA DEL ESTADO - Los pol\u00edticos Veracruz","robots":{"index":"index","follow":"follow","max-snippet":"max-snippet:-1","max-image-preview":"max-image-preview:large","max-video-preview":"max-video-preview:-1"},"canonical":"https:\/\/lospoliticosveracruz.com\/?p=111433","og_locale":"es_ES","og_type":"article","og_title":"ALGO M\u00c1S QUE LA FUERZA DEL ESTADO - Los pol\u00edticos Veracruz","og_description":"Bernardo Guti\u00e9rrez ParraDesde el Caf\u00e9Aunque casi nadie lo not\u00f3 (al menos a mi me pas\u00f3 de noche), el pasado jueves arranc\u00f3 el proceso electoral rumbo al 2024. \u00bfY a la par tambi\u00e9n arrancaron las campa\u00f1as? Qu\u00e9 pas\u00f3 lector, las campa\u00f1as tiene rato que empezaron. Claudia Sheinbaum la comenz\u00f3 hace tres a\u00f1os; Marcelo Ebrard hace dos; [&hellip;]","og_url":"https:\/\/lospoliticosveracruz.com\/?p=111433","og_site_name":"Los pol\u00edticos Veracruz","article_publisher":"https:\/\/www.facebook.com\/people\/Notimemes-de-los-Polticos\/61565672886568\/","article_published_time":"2023-09-12T13:35:10+00:00","article_modified_time":"2023-09-12T13:35:14+00:00","og_image":[{"url":"https:\/\/lospoliticosveracruz.com.mx\/wp-content\/uploads\/2021\/10\/Zacauilt-150x300.jpg","type":"","width":"","height":""}],"author":"Lo viste en Los Pol\u00edticos","twitter_card":"summary_large_image","twitter_creator":"@LosPoliticosVer","twitter_site":"@LosPoliticosVer","twitter_misc":{"Escrito por":"Lo viste en Los Pol\u00edticos","Tiempo de lectura":"4 minutos"},"schema":{"@context":"https:\/\/schema.org","@graph":[{"@type":"Article","@id":"https:\/\/lospoliticosveracruz.com\/?p=111433#article","isPartOf":{"@id":"https:\/\/lospoliticosveracruz.com\/?p=111433"},"author":{"name":"Lo viste en Los Pol\u00edticos","@id":"https:\/\/lospoliticosveracruz.com\/#\/schema\/person\/b8702bb0e538456e6efd07080bf2a4a2"},"headline":"ALGO M\u00c1S QUE LA FUERZA DEL ESTADO","datePublished":"2023-09-12T13:35:10+00:00","dateModified":"2023-09-12T13:35:14+00:00","mainEntityOfPage":{"@id":"https:\/\/lospoliticosveracruz.com\/?p=111433"},"wordCount":837,"publisher":{"@id":"https:\/\/lospoliticosveracruz.com\/#organization"},"image":{"@id":"https:\/\/lospoliticosveracruz.com\/?p=111433#primaryimage"},"thumbnailUrl":"https:\/\/lospoliticosveracruz.com.mx\/wp-content\/uploads\/2021\/10\/Zacauilt-150x300.jpg","keywords":["Ariadna Selene Aguilar Amaya","Claudia Sheinbaum","Diana Flores Arenas","Eric Cisneros","H\u00e9ctor Yunes","Manuel Huerta","Marcelo Ebrard","Movimiento Ciudadano","Roc\u00edo Nahle","X\u00f3chitl G\u00e1lvez"],"articleSection":["De Opini\u00f3n"],"inLanguage":"es"},{"@type":"WebPage","@id":"https:\/\/lospoliticosveracruz.com\/?p=111433","url":"https:\/\/lospoliticosveracruz.com\/?p=111433","name":"ALGO M\u00c1S QUE LA FUERZA DEL ESTADO - Los pol\u00edticos Veracruz","isPartOf":{"@id":"https:\/\/lospoliticosveracruz.com\/#website"},"primaryImageOfPage":{"@id":"https:\/\/lospoliticosveracruz.com\/?p=111433#primaryimage"},"image":{"@id":"https:\/\/lospoliticosveracruz.com\/?p=111433#primaryimage"},"thumbnailUrl":"https:\/\/lospoliticosveracruz.com.mx\/wp-content\/uploads\/2021\/10\/Zacauilt-150x300.jpg","datePublished":"2023-09-12T13:35:10+00:00","dateModified":"2023-09-12T13:35:14+00:00","breadcrumb":{"@id":"https:\/\/lospoliticosveracruz.com\/?p=111433#breadcrumb"},"inLanguage":"es","potentialAction":[{"@type":"ReadAction","target":["https:\/\/lospoliticosveracruz.com\/?p=111433"]}]},{"@type":"ImageObject","inLanguage":"es","@id":"https:\/\/lospoliticosveracruz.com\/?p=111433#primaryimage","url":"https:\/\/lospoliticosveracruz.com.mx\/wp-content\/uploads\/2021\/10\/Zacauilt-150x300.jpg","contentUrl":"https:\/\/lospoliticosveracruz.com.mx\/wp-content\/uploads\/2021\/10\/Zacauilt-150x300.jpg"},{"@type":"BreadcrumbList","@id":"https:\/\/lospoliticosveracruz.com\/?p=111433#breadcrumb","itemListElement":[{"@type":"ListItem","position":1,"name":"Portada","item":"https:\/\/lospoliticosveracruz.com\/"},{"@type":"ListItem","position":2,"name":"ALGO M\u00c1S QUE LA FUERZA DEL ESTADO"}]},{"@type":"WebSite","@id":"https:\/\/lospoliticosveracruz.com\/#website","url":"https:\/\/lospoliticosveracruz.com\/","name":"Los pol\u00edticos Veracruz","description":"","publisher":{"@id":"https:\/\/lospoliticosveracruz.com\/#organization"},"potentialAction":[{"@type":"SearchAction","target":{"@type":"EntryPoint","urlTemplate":"https:\/\/lospoliticosveracruz.com\/?s={search_term_string}"},"query-input":{"@type":"PropertyValueSpecification","valueRequired":true,"valueName":"search_term_string"}}],"inLanguage":"es"},{"@type":"Organization","@id":"https:\/\/lospoliticosveracruz.com\/#organization","name":"Los pol\u00edticos Veracruz","url":"https:\/\/lospoliticosveracruz.com\/","logo":{"@type":"ImageObject","inLanguage":"es","@id":"https:\/\/lospoliticosveracruz.com\/#\/schema\/logo\/image\/","url":"https:\/\/lospoliticosveracruz.com\/wp-content\/uploads\/2025\/12\/Logo-Nuevo-LOS-POLITICOS-1.jpg","contentUrl":"https:\/\/lospoliticosveracruz.com\/wp-content\/uploads\/2025\/12\/Logo-Nuevo-LOS-POLITICOS-1.jpg","width":260,"height":70,"caption":"Los pol\u00edticos Veracruz"},"image":{"@id":"https:\/\/lospoliticosveracruz.com\/#\/schema\/logo\/image\/"},"sameAs":["https:\/\/www.facebook.com\/people\/Notimemes-de-los-Polticos\/61565672886568\/","https:\/\/x.com\/LosPoliticosVer"]},{"@type":"Person","@id":"https:\/\/lospoliticosveracruz.com\/#\/schema\/person\/b8702bb0e538456e6efd07080bf2a4a2","name":"Lo viste en Los Pol\u00edticos","image":{"@type":"ImageObject","inLanguage":"es","@id":"https:\/\/secure.gravatar.com\/avatar\/3a8de04a2656d44082be478bd6c086daa447c4651605818287b9532d3d0bd435?s=96&d=mm&r=g","url":"https:\/\/secure.gravatar.com\/avatar\/3a8de04a2656d44082be478bd6c086daa447c4651605818287b9532d3d0bd435?s=96&d=mm&r=g","contentUrl":"https:\/\/secure.gravatar.com\/avatar\/3a8de04a2656d44082be478bd6c086daa447c4651605818287b9532d3d0bd435?s=96&d=mm&r=g","caption":"Lo viste en Los Pol\u00edticos"},"url":"https:\/\/lospoliticosveracruz.com\/?author=2"}]}},"_links":{"self":[{"href":"https:\/\/lospoliticosveracruz.com\/index.php?rest_route=\/wp\/v2\/posts\/111433","targetHints":{"allow":["GET"]}}],"collection":[{"href":"https:\/\/lospoliticosveracruz.com\/index.php?rest_route=\/wp\/v2\/posts"}],"about":[{"href":"https:\/\/lospoliticosveracruz.com\/index.php?rest_route=\/wp\/v2\/types\/post"}],"author":[{"embeddable":true,"href":"https:\/\/lospoliticosveracruz.com\/index.php?rest_route=\/wp\/v2\/users\/2"}],"replies":[{"embeddable":true,"href":"https:\/\/lospoliticosveracruz.com\/index.php?rest_route=%2Fwp%2Fv2%2Fcomments&post=111433"}],"version-history":[{"count":1,"href":"https:\/\/lospoliticosveracruz.com\/index.php?rest_route=\/wp\/v2\/posts\/111433\/revisions"}],"predecessor-version":[{"id":111434,"href":"https:\/\/lospoliticosveracruz.com\/index.php?rest_route=\/wp\/v2\/posts\/111433\/revisions\/111434"}],"wp:attachment":[{"href":"https:\/\/lospoliticosveracruz.com\/index.php?rest_route=%2Fwp%2Fv2%2Fmedia&parent=111433"}],"wp:term":[{"taxonomy":"category","embeddable":true,"href":"https:\/\/lospoliticosveracruz.com\/index.php?rest_route=%2Fwp%2Fv2%2Fcategories&post=111433"},{"taxonomy":"post_tag","embeddable":true,"href":"https:\/\/lospoliticosveracruz.com\/index.php?rest_route=%2Fwp%2Fv2%2Ftags&post=111433"}],"curies":[{"name":"wp","href":"https:\/\/api.w.org\/{rel}","templated":true}]}}