{"id":111447,"date":"2023-09-12T13:26:45","date_gmt":"2023-09-12T18:26:45","guid":{"rendered":"https:\/\/lospoliticosveracruz.com.mx\/?p=111447"},"modified":"2023-09-12T13:26:52","modified_gmt":"2023-09-12T18:26:52","slug":"los-otros-rubiales","status":"publish","type":"post","link":"https:\/\/lospoliticosveracruz.com\/?p=111447","title":{"rendered":"LOS OTROS RUBIALES\u00a0"},"content":{"rendered":"\n<p><strong>M\u00f3nica Mendoza Madrigal<\/strong><\/p>\n\n\n\n<p><em>La Agenda de Las Mujeres<\/em><\/p>\n\n\n\n<p>La nota era el triunfo de la selecci\u00f3n espa\u00f1ola en la final del Mundial Femenil que les hizo merecedoras de la Copa con aquel golazo de Olga Carmona. Y vaya que eso es -en s\u00ed mismo- una haza\u00f1a, pues el futbol era un deporte prohibido, obstaculizado, censurado, ridiculizado para las mujeres, que comenzaron a jugarlo en p\u00fablico desde finales del siglo XIX, con una muy lenta incorporaci\u00f3n a las canchas de un deporte que ha sido considerado de predominio masculino.<\/p>\n\n\n\n<p>Y entonces se silba el final del partido y explota la celebraci\u00f3n con la que se corona a la selecci\u00f3n espa\u00f1ola. Todo es abrazos, j\u00fabilo, emoci\u00f3n. Muestras efusivas de algarab\u00eda que se congelan cuando entra a la cancha el entonces presidente de la Real Federaci\u00f3n Espa\u00f1ola de F\u00fatbol, el anta\u00f1o futbolista Luis Manuel Rubiales B\u00e9jar, quien \u201ccelebra\u201d el hito de ellas con dos expresiones en sumo significativas y trascendentes: primero, al momento en que Jorge Vilda \u2013el entonces entrenador de la selecci\u00f3n espa\u00f1ola\u2013 le dedica el triunfo, dirigi\u00e9ndose a \u00e9l, que estaba en el palco; Rubiales se toca los genitales y le grita \u201col\u00e9 tus huevos\u201d. Luego, cuando baja a la cancha, festeja con las jugadoras y cuando est\u00e1 frente a una de ellas \u2013Jenni Hermoso\u2013 le planta un beso.<\/p>\n\n\n\n<p>Por la vulgaridad de tocarse los genitales, Rubiales ofreci\u00f3 disculpas a la Reina y a la Corona. Por el beso, jam\u00e1s se ha disculpado y es claro que no ha entendido porqu\u00e9 eso es una ofensa.<\/p>\n\n\n\n<p>Y luego la cosa empeor\u00f3: envalentonado, dijo ante un auditorio de otros machos que le aplaud\u00edan que no se iba, que no se disculpar\u00eda, que \u201chab\u00eda sido un kiko mutuo\u201d. Minti\u00f3. No importa de qu\u00e9 tama\u00f1o haya sido el beso, lo importante es que no fue consentido.<\/p>\n\n\n\n<p>\u00bfQu\u00e9 parte Rubiales y los otros hombres que lo festinaban entonces y que se indignan junto con \u00e9l ahora no entendieron del #MeToo?<\/p>\n\n\n\n<p>El problema es que al arrebatarle un beso, por un lado, desposey\u00f3 a las ganadoras del triunfo por ellas obtenido y tom\u00f3 posesi\u00f3n del cuerpo de ella, como si le perteneciera. \u201cEres porque lo permito y te beso porque eres m\u00eda\u201d es el mensaje que acompa\u00f1a esa acci\u00f3n.<\/p>\n\n\n\n<p>La presi\u00f3n espa\u00f1ola, europea y mundial ha hecho que Rubiales renuncie, pero no que ofrezca disculpas ni que acepte que lo que hizo fue indebido. Una Espa\u00f1a en donde, por cierto, fue aprobada la pol\u00e9mica ley del \u201cSolo s\u00ed es s\u00ed\u201d que ha permitido excarcelar a 115 agresores y por medio de la cual se ha rebajado la pena de mil agresores sexuales.&nbsp;<\/p>\n\n\n\n<p>Ahora bien, sin tratar de justificar a Rubiales \u2013nada cercano a ello pretendo-, el problema es que realmente quiz\u00e1 no lo sabe. \u00bfCu\u00e1ntos hombres siguen pensando que las mujeres les pertenecen? \u00bfQu\u00e9 pueden disponer de sus cuerpos, a su antojo? \u00bfQu\u00e9 aunque ellas digan que no, en realidad quieren decir que s\u00ed?<\/p>\n\n\n\n<p>El de Rubiales no es un caso aislado y es indispensable tomar medidas de fondo, porque estos casos ocurren en todas partes.<\/p>\n\n\n\n<p>Ajena a los deportes en general y al f\u00fatbol en particular, he seguido el caso porque me parece paradigm\u00e1tico y tras escribir sobre de ello en mis redes sociales, feministas peruanas me contactaron para compartir el grave caso de acoso que se ha denunciado ante la Fiscal\u00eda por parte de una integrante de la Liga Femenil del Club Atl\u00e9tico Trujillo, que ha recibido el apoyo y respaldo de sus compa\u00f1eras, quienes exigen a la Federaci\u00f3n Peruana de F\u00fatbol que proceda en contra del agresor, esperando que hacer p\u00fablicos estos hechos no trunque el futuro de estas deportistas.<\/p>\n\n\n\n<p>Los agresores, acosadores y violentadores no deber\u00edan ser parte de equipos que promueven la sana integraci\u00f3n a trav\u00e9s de actividades deportivas en ning\u00fan lugar del mundo. El deporte les convierte en h\u00e9roes y acaba exalt\u00e1ndose a personajes que promueven antivalores que hoy se intenta combatir desde los gobiernos, pero que en estos para\u00edsos de excepci\u00f3n se tolera y hasta se premia.<\/p>\n\n\n\n<p>Salvo en Estados Unidos, que explicitan en sus cl\u00e1usulas que la comisi\u00f3n de estas conductas causar\u00e1 la recisi\u00f3n del contrato \u2013seguramente por el da\u00f1o que ello pudiera provocar a la imagen de la marca\u2013, en la mayor\u00eda de las ligas deportivas esto no es causal de sanci\u00f3n alguna y entonces sus federaciones y ligas acaban siendo c\u00f3mplices de agresores impunes.<\/p>\n\n\n\n<p>Es urgente que adem\u00e1s del condicionamiento contractual, se trascienda a la correcci\u00f3n pol\u00edtica y se aproveche esta coyuntura para ir m\u00e1s all\u00e1 de la venganza. Es hora de brindar aut\u00e9ntica garant\u00eda de no repetici\u00f3n y justicia restaurativa para las v\u00edctimas<\/p>\n\n\n\n<p>Hay lamentables casos de deportistas agresores que luego de un tiempo regresan al estrellato de los deportes que practican y ello acaba en una espiral sin fin de impunidad y violencia. Y tambi\u00e9n hay otros que se mantuvieron encumbrados en el \u00e9xito durante a\u00f1os, pese a ser delincuentes sexuales consumados, como el desgarrador caso de la ex tenista francesa que relat\u00f3 c\u00f3mo su entrenador la violaba tres veces al d\u00eda cuando ella ten\u00eda tan solo 12 a\u00f1os.<\/p>\n\n\n\n<p>Esos casos no son aislados y no puede olvid\u00e1rsenos que un agresor, ser\u00e1 agresor siempre.<\/p>\n","protected":false},"excerpt":{"rendered":"<p>M\u00f3nica Mendoza Madrigal La Agenda de Las Mujeres La nota era el triunfo de la selecci\u00f3n espa\u00f1ola en la final del Mundial Femenil que les hizo merecedoras de la Copa con aquel golazo de Olga Carmona. Y vaya que eso es -en s\u00ed mismo- una haza\u00f1a, pues el futbol era un deporte prohibido, obstaculizado, censurado, [&hellip;]<\/p>\n","protected":false},"author":2,"featured_media":0,"comment_status":"closed","ping_status":"closed","sticky":false,"template":"","format":"standard","meta":{"tdm_status":"","tdm_grid_status":"","footnotes":""},"categories":[70],"tags":[14926,39335],"class_list":{"0":"post-111447","1":"post","2":"type-post","3":"status-publish","4":"format-standard","6":"category-de-opinion","7":"tag-mundial-femenil","8":"tag-olga-carmona"},"yoast_head":"<!-- This site is optimized with the Yoast SEO plugin v27.4 - https:\/\/yoast.com\/product\/yoast-seo-wordpress\/ -->\n<title>LOS OTROS RUBIALES\u00a0 - Los pol\u00edticos Veracruz<\/title>\n<meta name=\"robots\" content=\"index, follow, max-snippet:-1, max-image-preview:large, max-video-preview:-1\" \/>\n<link rel=\"canonical\" href=\"https:\/\/lospoliticosveracruz.com\/?p=111447\" \/>\n<meta property=\"og:locale\" content=\"es_ES\" \/>\n<meta property=\"og:type\" content=\"article\" \/>\n<meta property=\"og:title\" content=\"LOS OTROS RUBIALES\u00a0 - Los pol\u00edticos Veracruz\" \/>\n<meta property=\"og:description\" content=\"M\u00f3nica Mendoza Madrigal La Agenda de Las Mujeres La nota era el triunfo de la selecci\u00f3n espa\u00f1ola en la final del Mundial Femenil que les hizo merecedoras de la Copa con aquel golazo de Olga Carmona. Y vaya que eso es -en s\u00ed mismo- una haza\u00f1a, pues el futbol era un deporte prohibido, obstaculizado, censurado, [&hellip;]\" \/>\n<meta property=\"og:url\" content=\"https:\/\/lospoliticosveracruz.com\/?p=111447\" \/>\n<meta property=\"og:site_name\" content=\"Los pol\u00edticos Veracruz\" \/>\n<meta property=\"article:publisher\" content=\"https:\/\/www.facebook.com\/people\/Notimemes-de-los-Polticos\/61565672886568\/\" \/>\n<meta property=\"article:published_time\" content=\"2023-09-12T18:26:45+00:00\" \/>\n<meta property=\"article:modified_time\" content=\"2023-09-12T18:26:52+00:00\" \/>\n<meta property=\"og:image\" content=\"https:\/\/lospoliticosveracruz.com\/wp-content\/uploads\/2016\/07\/Logo-Dor.jpg\" \/>\n\t<meta property=\"og:image:width\" content=\"200\" \/>\n\t<meta property=\"og:image:height\" content=\"200\" \/>\n\t<meta property=\"og:image:type\" content=\"image\/jpeg\" \/>\n<meta name=\"author\" content=\"Lo viste en Los Pol\u00edticos\" \/>\n<meta name=\"twitter:card\" content=\"summary_large_image\" \/>\n<meta name=\"twitter:creator\" content=\"@LosPoliticosVer\" \/>\n<meta name=\"twitter:site\" content=\"@LosPoliticosVer\" \/>\n<meta name=\"twitter:label1\" content=\"Escrito por\" \/>\n\t<meta name=\"twitter:data1\" content=\"Lo viste en Los Pol\u00edticos\" \/>\n\t<meta name=\"twitter:label2\" content=\"Tiempo de lectura\" \/>\n\t<meta name=\"twitter:data2\" content=\"5 minutos\" \/>\n<script type=\"application\/ld+json\" class=\"yoast-schema-graph\">{\"@context\":\"https:\\\/\\\/schema.org\",\"@graph\":[{\"@type\":\"Article\",\"@id\":\"https:\\\/\\\/lospoliticosveracruz.com\\\/?p=111447#article\",\"isPartOf\":{\"@id\":\"https:\\\/\\\/lospoliticosveracruz.com\\\/?p=111447\"},\"author\":{\"name\":\"Lo viste en Los Pol\u00edticos\",\"@id\":\"https:\\\/\\\/lospoliticosveracruz.com\\\/#\\\/schema\\\/person\\\/b8702bb0e538456e6efd07080bf2a4a2\"},\"headline\":\"LOS OTROS RUBIALES\u00a0\",\"datePublished\":\"2023-09-12T18:26:45+00:00\",\"dateModified\":\"2023-09-12T18:26:52+00:00\",\"mainEntityOfPage\":{\"@id\":\"https:\\\/\\\/lospoliticosveracruz.com\\\/?p=111447\"},\"wordCount\":933,\"publisher\":{\"@id\":\"https:\\\/\\\/lospoliticosveracruz.com\\\/#organization\"},\"keywords\":[\"Mundial Femenil\",\"Olga Carmona\"],\"articleSection\":[\"De Opini\u00f3n\"],\"inLanguage\":\"es\"},{\"@type\":\"WebPage\",\"@id\":\"https:\\\/\\\/lospoliticosveracruz.com\\\/?p=111447\",\"url\":\"https:\\\/\\\/lospoliticosveracruz.com\\\/?p=111447\",\"name\":\"LOS OTROS RUBIALES\u00a0 - Los pol\u00edticos Veracruz\",\"isPartOf\":{\"@id\":\"https:\\\/\\\/lospoliticosveracruz.com\\\/#website\"},\"datePublished\":\"2023-09-12T18:26:45+00:00\",\"dateModified\":\"2023-09-12T18:26:52+00:00\",\"breadcrumb\":{\"@id\":\"https:\\\/\\\/lospoliticosveracruz.com\\\/?p=111447#breadcrumb\"},\"inLanguage\":\"es\",\"potentialAction\":[{\"@type\":\"ReadAction\",\"target\":[\"https:\\\/\\\/lospoliticosveracruz.com\\\/?p=111447\"]}]},{\"@type\":\"BreadcrumbList\",\"@id\":\"https:\\\/\\\/lospoliticosveracruz.com\\\/?p=111447#breadcrumb\",\"itemListElement\":[{\"@type\":\"ListItem\",\"position\":1,\"name\":\"Portada\",\"item\":\"https:\\\/\\\/lospoliticosveracruz.com\\\/\"},{\"@type\":\"ListItem\",\"position\":2,\"name\":\"LOS OTROS RUBIALES\u00a0\"}]},{\"@type\":\"WebSite\",\"@id\":\"https:\\\/\\\/lospoliticosveracruz.com\\\/#website\",\"url\":\"https:\\\/\\\/lospoliticosveracruz.com\\\/\",\"name\":\"Los pol\u00edticos Veracruz\",\"description\":\"\",\"publisher\":{\"@id\":\"https:\\\/\\\/lospoliticosveracruz.com\\\/#organization\"},\"potentialAction\":[{\"@type\":\"SearchAction\",\"target\":{\"@type\":\"EntryPoint\",\"urlTemplate\":\"https:\\\/\\\/lospoliticosveracruz.com\\\/?s={search_term_string}\"},\"query-input\":{\"@type\":\"PropertyValueSpecification\",\"valueRequired\":true,\"valueName\":\"search_term_string\"}}],\"inLanguage\":\"es\"},{\"@type\":\"Organization\",\"@id\":\"https:\\\/\\\/lospoliticosveracruz.com\\\/#organization\",\"name\":\"Los pol\u00edticos Veracruz\",\"url\":\"https:\\\/\\\/lospoliticosveracruz.com\\\/\",\"logo\":{\"@type\":\"ImageObject\",\"inLanguage\":\"es\",\"@id\":\"https:\\\/\\\/lospoliticosveracruz.com\\\/#\\\/schema\\\/logo\\\/image\\\/\",\"url\":\"https:\\\/\\\/lospoliticosveracruz.com\\\/wp-content\\\/uploads\\\/2025\\\/12\\\/Logo-Nuevo-LOS-POLITICOS-1.jpg\",\"contentUrl\":\"https:\\\/\\\/lospoliticosveracruz.com\\\/wp-content\\\/uploads\\\/2025\\\/12\\\/Logo-Nuevo-LOS-POLITICOS-1.jpg\",\"width\":260,\"height\":70,\"caption\":\"Los pol\u00edticos Veracruz\"},\"image\":{\"@id\":\"https:\\\/\\\/lospoliticosveracruz.com\\\/#\\\/schema\\\/logo\\\/image\\\/\"},\"sameAs\":[\"https:\\\/\\\/www.facebook.com\\\/people\\\/Notimemes-de-los-Polticos\\\/61565672886568\\\/\",\"https:\\\/\\\/x.com\\\/LosPoliticosVer\"]},{\"@type\":\"Person\",\"@id\":\"https:\\\/\\\/lospoliticosveracruz.com\\\/#\\\/schema\\\/person\\\/b8702bb0e538456e6efd07080bf2a4a2\",\"name\":\"Lo viste en Los Pol\u00edticos\",\"image\":{\"@type\":\"ImageObject\",\"inLanguage\":\"es\",\"@id\":\"https:\\\/\\\/secure.gravatar.com\\\/avatar\\\/3a8de04a2656d44082be478bd6c086daa447c4651605818287b9532d3d0bd435?s=96&d=mm&r=g\",\"url\":\"https:\\\/\\\/secure.gravatar.com\\\/avatar\\\/3a8de04a2656d44082be478bd6c086daa447c4651605818287b9532d3d0bd435?s=96&d=mm&r=g\",\"contentUrl\":\"https:\\\/\\\/secure.gravatar.com\\\/avatar\\\/3a8de04a2656d44082be478bd6c086daa447c4651605818287b9532d3d0bd435?s=96&d=mm&r=g\",\"caption\":\"Lo viste en Los Pol\u00edticos\"},\"url\":\"https:\\\/\\\/lospoliticosveracruz.com\\\/?author=2\"}]}<\/script>\n<!-- \/ Yoast SEO plugin. -->","yoast_head_json":{"title":"LOS OTROS RUBIALES\u00a0 - Los pol\u00edticos Veracruz","robots":{"index":"index","follow":"follow","max-snippet":"max-snippet:-1","max-image-preview":"max-image-preview:large","max-video-preview":"max-video-preview:-1"},"canonical":"https:\/\/lospoliticosveracruz.com\/?p=111447","og_locale":"es_ES","og_type":"article","og_title":"LOS OTROS RUBIALES\u00a0 - Los pol\u00edticos Veracruz","og_description":"M\u00f3nica Mendoza Madrigal La Agenda de Las Mujeres La nota era el triunfo de la selecci\u00f3n espa\u00f1ola en la final del Mundial Femenil que les hizo merecedoras de la Copa con aquel golazo de Olga Carmona. Y vaya que eso es -en s\u00ed mismo- una haza\u00f1a, pues el futbol era un deporte prohibido, obstaculizado, censurado, [&hellip;]","og_url":"https:\/\/lospoliticosveracruz.com\/?p=111447","og_site_name":"Los pol\u00edticos Veracruz","article_publisher":"https:\/\/www.facebook.com\/people\/Notimemes-de-los-Polticos\/61565672886568\/","article_published_time":"2023-09-12T18:26:45+00:00","article_modified_time":"2023-09-12T18:26:52+00:00","og_image":[{"width":200,"height":200,"url":"https:\/\/lospoliticosveracruz.com\/wp-content\/uploads\/2016\/07\/Logo-Dor.jpg","type":"image\/jpeg"}],"author":"Lo viste en Los Pol\u00edticos","twitter_card":"summary_large_image","twitter_creator":"@LosPoliticosVer","twitter_site":"@LosPoliticosVer","twitter_misc":{"Escrito por":"Lo viste en Los Pol\u00edticos","Tiempo de lectura":"5 minutos"},"schema":{"@context":"https:\/\/schema.org","@graph":[{"@type":"Article","@id":"https:\/\/lospoliticosveracruz.com\/?p=111447#article","isPartOf":{"@id":"https:\/\/lospoliticosveracruz.com\/?p=111447"},"author":{"name":"Lo viste en Los Pol\u00edticos","@id":"https:\/\/lospoliticosveracruz.com\/#\/schema\/person\/b8702bb0e538456e6efd07080bf2a4a2"},"headline":"LOS OTROS RUBIALES\u00a0","datePublished":"2023-09-12T18:26:45+00:00","dateModified":"2023-09-12T18:26:52+00:00","mainEntityOfPage":{"@id":"https:\/\/lospoliticosveracruz.com\/?p=111447"},"wordCount":933,"publisher":{"@id":"https:\/\/lospoliticosveracruz.com\/#organization"},"keywords":["Mundial Femenil","Olga Carmona"],"articleSection":["De Opini\u00f3n"],"inLanguage":"es"},{"@type":"WebPage","@id":"https:\/\/lospoliticosveracruz.com\/?p=111447","url":"https:\/\/lospoliticosveracruz.com\/?p=111447","name":"LOS OTROS RUBIALES\u00a0 - Los pol\u00edticos Veracruz","isPartOf":{"@id":"https:\/\/lospoliticosveracruz.com\/#website"},"datePublished":"2023-09-12T18:26:45+00:00","dateModified":"2023-09-12T18:26:52+00:00","breadcrumb":{"@id":"https:\/\/lospoliticosveracruz.com\/?p=111447#breadcrumb"},"inLanguage":"es","potentialAction":[{"@type":"ReadAction","target":["https:\/\/lospoliticosveracruz.com\/?p=111447"]}]},{"@type":"BreadcrumbList","@id":"https:\/\/lospoliticosveracruz.com\/?p=111447#breadcrumb","itemListElement":[{"@type":"ListItem","position":1,"name":"Portada","item":"https:\/\/lospoliticosveracruz.com\/"},{"@type":"ListItem","position":2,"name":"LOS OTROS RUBIALES\u00a0"}]},{"@type":"WebSite","@id":"https:\/\/lospoliticosveracruz.com\/#website","url":"https:\/\/lospoliticosveracruz.com\/","name":"Los pol\u00edticos Veracruz","description":"","publisher":{"@id":"https:\/\/lospoliticosveracruz.com\/#organization"},"potentialAction":[{"@type":"SearchAction","target":{"@type":"EntryPoint","urlTemplate":"https:\/\/lospoliticosveracruz.com\/?s={search_term_string}"},"query-input":{"@type":"PropertyValueSpecification","valueRequired":true,"valueName":"search_term_string"}}],"inLanguage":"es"},{"@type":"Organization","@id":"https:\/\/lospoliticosveracruz.com\/#organization","name":"Los pol\u00edticos Veracruz","url":"https:\/\/lospoliticosveracruz.com\/","logo":{"@type":"ImageObject","inLanguage":"es","@id":"https:\/\/lospoliticosveracruz.com\/#\/schema\/logo\/image\/","url":"https:\/\/lospoliticosveracruz.com\/wp-content\/uploads\/2025\/12\/Logo-Nuevo-LOS-POLITICOS-1.jpg","contentUrl":"https:\/\/lospoliticosveracruz.com\/wp-content\/uploads\/2025\/12\/Logo-Nuevo-LOS-POLITICOS-1.jpg","width":260,"height":70,"caption":"Los pol\u00edticos Veracruz"},"image":{"@id":"https:\/\/lospoliticosveracruz.com\/#\/schema\/logo\/image\/"},"sameAs":["https:\/\/www.facebook.com\/people\/Notimemes-de-los-Polticos\/61565672886568\/","https:\/\/x.com\/LosPoliticosVer"]},{"@type":"Person","@id":"https:\/\/lospoliticosveracruz.com\/#\/schema\/person\/b8702bb0e538456e6efd07080bf2a4a2","name":"Lo viste en Los Pol\u00edticos","image":{"@type":"ImageObject","inLanguage":"es","@id":"https:\/\/secure.gravatar.com\/avatar\/3a8de04a2656d44082be478bd6c086daa447c4651605818287b9532d3d0bd435?s=96&d=mm&r=g","url":"https:\/\/secure.gravatar.com\/avatar\/3a8de04a2656d44082be478bd6c086daa447c4651605818287b9532d3d0bd435?s=96&d=mm&r=g","contentUrl":"https:\/\/secure.gravatar.com\/avatar\/3a8de04a2656d44082be478bd6c086daa447c4651605818287b9532d3d0bd435?s=96&d=mm&r=g","caption":"Lo viste en Los Pol\u00edticos"},"url":"https:\/\/lospoliticosveracruz.com\/?author=2"}]}},"_links":{"self":[{"href":"https:\/\/lospoliticosveracruz.com\/index.php?rest_route=\/wp\/v2\/posts\/111447","targetHints":{"allow":["GET"]}}],"collection":[{"href":"https:\/\/lospoliticosveracruz.com\/index.php?rest_route=\/wp\/v2\/posts"}],"about":[{"href":"https:\/\/lospoliticosveracruz.com\/index.php?rest_route=\/wp\/v2\/types\/post"}],"author":[{"embeddable":true,"href":"https:\/\/lospoliticosveracruz.com\/index.php?rest_route=\/wp\/v2\/users\/2"}],"replies":[{"embeddable":true,"href":"https:\/\/lospoliticosveracruz.com\/index.php?rest_route=%2Fwp%2Fv2%2Fcomments&post=111447"}],"version-history":[{"count":1,"href":"https:\/\/lospoliticosveracruz.com\/index.php?rest_route=\/wp\/v2\/posts\/111447\/revisions"}],"predecessor-version":[{"id":111449,"href":"https:\/\/lospoliticosveracruz.com\/index.php?rest_route=\/wp\/v2\/posts\/111447\/revisions\/111449"}],"wp:attachment":[{"href":"https:\/\/lospoliticosveracruz.com\/index.php?rest_route=%2Fwp%2Fv2%2Fmedia&parent=111447"}],"wp:term":[{"taxonomy":"category","embeddable":true,"href":"https:\/\/lospoliticosveracruz.com\/index.php?rest_route=%2Fwp%2Fv2%2Fcategories&post=111447"},{"taxonomy":"post_tag","embeddable":true,"href":"https:\/\/lospoliticosveracruz.com\/index.php?rest_route=%2Fwp%2Fv2%2Ftags&post=111447"}],"curies":[{"name":"wp","href":"https:\/\/api.w.org\/{rel}","templated":true}]}}