{"id":111457,"date":"2023-09-12T17:21:01","date_gmt":"2023-09-12T22:21:01","guid":{"rendered":"https:\/\/lospoliticosveracruz.com.mx\/?p=111457"},"modified":"2023-09-12T17:21:06","modified_gmt":"2023-09-12T22:21:06","slug":"tendremos-presidenta","status":"publish","type":"post","link":"https:\/\/lospoliticosveracruz.com\/?p=111457","title":{"rendered":"TENDREMOS PRESIDENTA"},"content":{"rendered":"\n<p><strong>Emilio C\u00e1rdenas Escobosa<\/strong><\/p>\n\n\n\n<p><em>De Inter\u00e9s P\u00fablico<\/em><\/p>\n\n\n\n<p>El pr\u00f3ximo 2 de junio de 2024, de no suceder un imponderable que cambie el rumbo del proceso electoral, los mexicanos elegiremos a una mujer como Presidente de la Rep\u00fablica.<\/p>\n\n\n<div class=\"wp-block-image\">\n<figure class=\"alignleft size-medium\"><a href=\"https:\/\/lospoliticosveracruz.com.mx\/wp-content\/uploads\/2021\/10\/WhatsApp-Image-2021-10-02-at-15.20.25.jpeg\"><img loading=\"lazy\" decoding=\"async\" width=\"212\" height=\"300\" src=\"https:\/\/lospoliticosveracruz.com.mx\/wp-content\/uploads\/2021\/10\/WhatsApp-Image-2021-10-02-at-15.20.25-212x300.jpeg\" alt=\"\" class=\"wp-image-80177\" srcset=\"https:\/\/lospoliticosveracruz.com\/wp-content\/uploads\/2021\/10\/WhatsApp-Image-2021-10-02-at-15.20.25-212x300.jpeg 212w, https:\/\/lospoliticosveracruz.com\/wp-content\/uploads\/2021\/10\/WhatsApp-Image-2021-10-02-at-15.20.25-724x1024.jpeg 724w, https:\/\/lospoliticosveracruz.com\/wp-content\/uploads\/2021\/10\/WhatsApp-Image-2021-10-02-at-15.20.25-768x1086.jpeg 768w, https:\/\/lospoliticosveracruz.com\/wp-content\/uploads\/2021\/10\/WhatsApp-Image-2021-10-02-at-15.20.25.jpeg 905w\" sizes=\"auto, (max-width: 212px) 100vw, 212px\" \/><\/a><\/figure>\n<\/div>\n\n\n<p>Esta es la novedad y la mejor noticia de la temporada, porque demuestra un cambio cultural de primer orden, pese al machismo imperante y los atavismos de una arraigada visi\u00f3n patriarcal que nos define y que ha hecho muy cuesta arriba la lucha de las mujeres por la igualdad y el reconocimiento a sus derechos pol\u00edticos en la naci\u00f3n.<\/p>\n\n\n\n<p>La elecci\u00f3n presidencial en M\u00e9xico del 2 de junio del pr\u00f3ximo a\u00f1o ya tiene a las principales contendientes: Claudia Sheinbaum, por la coalici\u00f3n que encabeza Morena, y X\u00f3chitl G\u00e1lvez, con la bandera del Frente Amplio por M\u00e9xico. Y posiblemente participe el ex canciller Marcelo Ebrard por Movimiento Ciudadano, luego de su frustrado intento de representar al oficialismo, pero sin mayores posibilidades de triunfo. De ah\u00ed que est\u00e9 cantado que una mujer ser\u00e1 la titular del Poder Ejecutivo a partir del 1 de octubre del 2024.<\/p>\n\n\n\n<p>Este hecho que sin duda ser\u00e1 hist\u00f3rico vendr\u00e1 a coronar las sucesivas reformas impulsadas en los a\u00f1os recientes para ampliar la participaci\u00f3n de las mujeres, un esfuerzo colectivo de ellas y de las corrientes y grupos que abanderan y apoyan la causa del feminismo, que debieron superar resistencias diversas y luchar contra prejuicios inveterados para concientizar a sectores sociales y luchar al interior de las propias organizaciones pol\u00edticas para lograr cuotas de g\u00e9nero, que ya plasmadas en la ley han funcionado y abrieron el dique para ocupar espacios anta\u00f1o reservados a los hombres.<\/p>\n\n\n\n<p>El camino ha sido largo y sinuoso para avanzar en la igualdad entre los hombres y las mujeres en la vida p\u00fablica.<\/p>\n\n\n\n<p>Una ruta que tuvo su momento cumbre en 1953, cuando se reconoci\u00f3 en todo el pa\u00eds el derecho al sufragio femenino. Pero que tuvo como antecedente el Primer Congreso Feminista en Yucat\u00e1n en el a\u00f1o de 1916 donde m\u00e1s de 600 delegadas de varias partes del pa\u00eds discutieron la liberaci\u00f3n de la mujer del yugo de las tradiciones, demandaron cambios en los planes de estudio de las primarias y reclamaban el derecho al voto. Adem\u00e1s, desde luego, de las mujeres pioneras que incursionaron en pol\u00edtica, como Elvia Carrillo Puerto, la primera diputada local en Yucat\u00e1n en 1923; Aurora Meza Andraca, alcaldesa de Chilpancingo, Guerrero, en 1938; o Aurora Jim\u00e9nez de Palacios, diputada federal, por Baja California, en 1952. Sin olvidar a las primeras senadoras Mar\u00eda Lavalle Urbina y Alicia Arellano Tapia, electas en 1964 representando a Campeche, o la primera gobernadora, Griselda \u00c1lvarez Ponce de Le\u00f3n, electa en Colima en 1979. As\u00ed como a las 5 candidatas a la presidencia que hemos tenido: Rosario Ibarra de Piedra en 1982 y 1988, Cecilia Soto y Marcela Lombardo en 1994, Patricia Mercado en 2006 o Josefina V\u00e1zquez Mota en el 2012.<\/p>\n\n\n\n<p>La conquista de espacios p\u00fablicos por las mujeres no ha cesado. Al inicio de este a\u00f1o 2023 se contabilizaban 8 gobernadoras y una Jefa de Gobierno en funciones, adem\u00e1s de que pol\u00edticas de todas las formaciones ocupaban el 49. 2 por ciento de los esca\u00f1os en la C\u00e1mara de Diputados y 51 por ciento en la de Senadores, adem\u00e1s de que un 22.18% de mujeres son presidentas municipales en los cerca de 2500 ayuntamientos que hay en el pa\u00eds.<\/p>\n\n\n\n<p>Todo ello sin contar que al escribir estas l\u00edneas dos mujeres presiden los poderes Legislativo y Judicial de la Uni\u00f3n, la diputada Marcela Guerra y la ministra Norma Pi\u00f1a, y Ana Lilia Rivera preside el Senado de la Rep\u00fablica, adem\u00e1s de que la mayor\u00eda de los organismos aut\u00f3nomos son presididos por mujeres, como el INE que encabeza la consejera Guadalupe Taddei o el INAI que preside Blanca Ibarra o la CNDH a cargo de Rosario Piedra Ibarra, por citar algunos. Adem\u00e1s, claro est\u00e1, de las 9 mujeres que ocupan Secretar\u00edas de Estado en el gobierno federal, as\u00ed como la integraci\u00f3n de los gabinetes de los gobiernos estatales donde hay integraci\u00f3n paritaria o de mayor\u00eda de mujeres en muchos de ellos.<\/p>\n\n\n\n<p>M\u00e9xico se encamina pues, a formar parte del grupo de naciones que tienen jefas de Estado (17 de 151 pa\u00edses, excluyendo los sistemas mon\u00e1rquicos). Sin olvidar que somos en este momento el cuarto pa\u00eds del mundo con mayor presencia de mujeres en el Poder Legislativo.<\/p>\n\n\n\n<p>No existe espacio de discusi\u00f3n en el que no se tenga presencia y la voz de las mujeres. Su participaci\u00f3n en la vida p\u00fablica es notabil\u00edsima y ya no hay vuelta atr\u00e1s. Esta transformaci\u00f3n impensable hace decenios es ya irreversible, aunque falta mucho por hacer en la materia. Y ello vendr\u00e1 de la mano de la contribuci\u00f3n de las nuevas generaciones que han interiorizado \u2013hombres y mujeres- que el fortalecimiento de la vida democr\u00e1tica y la genuina transformaci\u00f3n del pa\u00eds es tarea de todos y que el aporte de ellas es necesario y fundamental, que si algo nos lastra es el machismo imperante todav\u00eda al interior de las empresas y que dificulta el acceso de ellas a puestos de poder o el ejercicio de los cargos p\u00fablicos. V\u00e9ase si no el elevado n\u00famero de denuncias por violencia pol\u00edtica en raz\u00f3n de g\u00e9nero que reciben el INE o los organismos p\u00fablicos electorales. Por ello, desterrar o reducir a su m\u00ednima expresi\u00f3n el machismo es lo que verdaderamente nos har\u00e1 modernizar al pa\u00eds.<\/p>\n\n\n\n<p>La nota, pues, es que si no hay imponderables se sentar\u00e1 en la silla presidencial el 1 de octubre del pr\u00f3ximo a\u00f1o una mujer. Sin embargo, hay datos interesantes que retratan el car\u00e1cter machista de nuestro pa\u00eds, y que podr\u00edan anticipar quiz\u00e1 lo que podr\u00edamos ver en las elecciones del 2 de junio del pr\u00f3ximo a\u00f1o: Gloria Alcocer Olmos, directora de la revista \u201cVoz y voto\u201d, especializada en temas electorales, en una entrevista ofrece datos del llamado \u201cvoto machista\u201d, que no es exclusivo de los hombres, y que se present\u00f3 en las recientes elecciones en el Estado de M\u00e9xico, celebradas en junio de este 2023, cuando se enfrentaron Delfina G\u00f3mez abanderada de Morena, PT y PVEM y Alejandra del Moral de la coalici\u00f3n PRI, PAN, PRD y Nueva Alianza y la participaci\u00f3n electoral fue la m\u00e1s baja de la historia en esa entidad altamente politizada, basti\u00f3n electoral hist\u00f3rico del PRI y el padr\u00f3n electoral m\u00e1s grande del pa\u00eds. E igual ocurri\u00f3 en el estado de Aguascalientes en 2021 donde pas\u00f3 exactamente lo mismo: se enfrentan dos mujeres y baja la participaci\u00f3n. Interesante, \u00bfno?<\/p>\n\n\n\n<p>De cara a la elecci\u00f3n del 2024 ya veremos los \u00edndices de votaci\u00f3n, pero la l\u00f3gica indica que se esperar\u00eda una copiosa votaci\u00f3n precisamente de las mujeres.<\/p>\n\n\n\n<p>Con todo, lo central es que en 2024 los tres Poderes de la Uni\u00f3n podr\u00edan tener, por primera vez en la historia, a mujeres que los presidan. Ojal\u00e1 se logre ese in\u00e9dito escenario que reflejar\u00eda cu\u00e1nto y c\u00f3mo hemos cambiado.<\/p>\n\n\n\n<p>jecesco@hotmail.com<\/p>\n\n\n\n<p>www.deinterespublico.com<\/p>\n","protected":false},"excerpt":{"rendered":"<p>Emilio C\u00e1rdenas Escobosa De Inter\u00e9s P\u00fablico El pr\u00f3ximo 2 de junio de 2024, de no suceder un imponderable que cambie el rumbo del proceso electoral, los mexicanos elegiremos a una mujer como Presidente de la Rep\u00fablica. Esta es la novedad y la mejor noticia de la temporada, porque demuestra un cambio cultural de primer orden, [&hellip;]<\/p>\n","protected":false},"author":2,"featured_media":0,"comment_status":"closed","ping_status":"closed","sticky":false,"template":"","format":"standard","meta":{"tdm_status":"","tdm_grid_status":"","footnotes":""},"categories":[70],"tags":[9627],"class_list":{"0":"post-111457","1":"post","2":"type-post","3":"status-publish","4":"format-standard","6":"category-de-opinion","7":"tag-claudia-sheinbaum"},"yoast_head":"<!-- This site is optimized with the Yoast SEO plugin v27.4 - https:\/\/yoast.com\/product\/yoast-seo-wordpress\/ -->\n<title>TENDREMOS PRESIDENTA - Los pol\u00edticos Veracruz<\/title>\n<meta name=\"robots\" content=\"index, follow, max-snippet:-1, max-image-preview:large, max-video-preview:-1\" \/>\n<link rel=\"canonical\" href=\"https:\/\/lospoliticosveracruz.com\/?p=111457\" \/>\n<meta property=\"og:locale\" content=\"es_ES\" \/>\n<meta property=\"og:type\" content=\"article\" \/>\n<meta property=\"og:title\" content=\"TENDREMOS PRESIDENTA - Los pol\u00edticos Veracruz\" \/>\n<meta property=\"og:description\" content=\"Emilio C\u00e1rdenas Escobosa De Inter\u00e9s P\u00fablico El pr\u00f3ximo 2 de junio de 2024, de no suceder un imponderable que cambie el rumbo del proceso electoral, los mexicanos elegiremos a una mujer como Presidente de la Rep\u00fablica. Esta es la novedad y la mejor noticia de la temporada, porque demuestra un cambio cultural de primer orden, [&hellip;]\" \/>\n<meta property=\"og:url\" content=\"https:\/\/lospoliticosveracruz.com\/?p=111457\" \/>\n<meta property=\"og:site_name\" content=\"Los pol\u00edticos Veracruz\" \/>\n<meta property=\"article:publisher\" content=\"https:\/\/www.facebook.com\/people\/Notimemes-de-los-Polticos\/61565672886568\/\" \/>\n<meta property=\"article:published_time\" content=\"2023-09-12T22:21:01+00:00\" \/>\n<meta property=\"article:modified_time\" content=\"2023-09-12T22:21:06+00:00\" \/>\n<meta property=\"og:image\" content=\"https:\/\/lospoliticosveracruz.com.mx\/wp-content\/uploads\/2021\/10\/WhatsApp-Image-2021-10-02-at-15.20.25-212x300.jpeg\" \/>\n<meta name=\"author\" content=\"Lo viste en Los Pol\u00edticos\" \/>\n<meta name=\"twitter:card\" content=\"summary_large_image\" \/>\n<meta name=\"twitter:creator\" content=\"@LosPoliticosVer\" \/>\n<meta name=\"twitter:site\" content=\"@LosPoliticosVer\" \/>\n<meta name=\"twitter:label1\" content=\"Escrito por\" \/>\n\t<meta name=\"twitter:data1\" content=\"Lo viste en Los Pol\u00edticos\" \/>\n\t<meta name=\"twitter:label2\" content=\"Tiempo de lectura\" \/>\n\t<meta name=\"twitter:data2\" content=\"6 minutos\" \/>\n<script type=\"application\/ld+json\" class=\"yoast-schema-graph\">{\"@context\":\"https:\\\/\\\/schema.org\",\"@graph\":[{\"@type\":\"Article\",\"@id\":\"https:\\\/\\\/lospoliticosveracruz.com\\\/?p=111457#article\",\"isPartOf\":{\"@id\":\"https:\\\/\\\/lospoliticosveracruz.com\\\/?p=111457\"},\"author\":{\"name\":\"Lo viste en Los Pol\u00edticos\",\"@id\":\"https:\\\/\\\/lospoliticosveracruz.com\\\/#\\\/schema\\\/person\\\/b8702bb0e538456e6efd07080bf2a4a2\"},\"headline\":\"TENDREMOS PRESIDENTA\",\"datePublished\":\"2023-09-12T22:21:01+00:00\",\"dateModified\":\"2023-09-12T22:21:06+00:00\",\"mainEntityOfPage\":{\"@id\":\"https:\\\/\\\/lospoliticosveracruz.com\\\/?p=111457\"},\"wordCount\":1233,\"publisher\":{\"@id\":\"https:\\\/\\\/lospoliticosveracruz.com\\\/#organization\"},\"image\":{\"@id\":\"https:\\\/\\\/lospoliticosveracruz.com\\\/?p=111457#primaryimage\"},\"thumbnailUrl\":\"https:\\\/\\\/lospoliticosveracruz.com.mx\\\/wp-content\\\/uploads\\\/2021\\\/10\\\/WhatsApp-Image-2021-10-02-at-15.20.25-212x300.jpeg\",\"keywords\":[\"Claudia Sheinbaum\"],\"articleSection\":[\"De Opini\u00f3n\"],\"inLanguage\":\"es\"},{\"@type\":\"WebPage\",\"@id\":\"https:\\\/\\\/lospoliticosveracruz.com\\\/?p=111457\",\"url\":\"https:\\\/\\\/lospoliticosveracruz.com\\\/?p=111457\",\"name\":\"TENDREMOS PRESIDENTA - Los pol\u00edticos Veracruz\",\"isPartOf\":{\"@id\":\"https:\\\/\\\/lospoliticosveracruz.com\\\/#website\"},\"primaryImageOfPage\":{\"@id\":\"https:\\\/\\\/lospoliticosveracruz.com\\\/?p=111457#primaryimage\"},\"image\":{\"@id\":\"https:\\\/\\\/lospoliticosveracruz.com\\\/?p=111457#primaryimage\"},\"thumbnailUrl\":\"https:\\\/\\\/lospoliticosveracruz.com.mx\\\/wp-content\\\/uploads\\\/2021\\\/10\\\/WhatsApp-Image-2021-10-02-at-15.20.25-212x300.jpeg\",\"datePublished\":\"2023-09-12T22:21:01+00:00\",\"dateModified\":\"2023-09-12T22:21:06+00:00\",\"breadcrumb\":{\"@id\":\"https:\\\/\\\/lospoliticosveracruz.com\\\/?p=111457#breadcrumb\"},\"inLanguage\":\"es\",\"potentialAction\":[{\"@type\":\"ReadAction\",\"target\":[\"https:\\\/\\\/lospoliticosveracruz.com\\\/?p=111457\"]}]},{\"@type\":\"ImageObject\",\"inLanguage\":\"es\",\"@id\":\"https:\\\/\\\/lospoliticosveracruz.com\\\/?p=111457#primaryimage\",\"url\":\"https:\\\/\\\/lospoliticosveracruz.com.mx\\\/wp-content\\\/uploads\\\/2021\\\/10\\\/WhatsApp-Image-2021-10-02-at-15.20.25-212x300.jpeg\",\"contentUrl\":\"https:\\\/\\\/lospoliticosveracruz.com.mx\\\/wp-content\\\/uploads\\\/2021\\\/10\\\/WhatsApp-Image-2021-10-02-at-15.20.25-212x300.jpeg\"},{\"@type\":\"BreadcrumbList\",\"@id\":\"https:\\\/\\\/lospoliticosveracruz.com\\\/?p=111457#breadcrumb\",\"itemListElement\":[{\"@type\":\"ListItem\",\"position\":1,\"name\":\"Portada\",\"item\":\"https:\\\/\\\/lospoliticosveracruz.com\\\/\"},{\"@type\":\"ListItem\",\"position\":2,\"name\":\"TENDREMOS PRESIDENTA\"}]},{\"@type\":\"WebSite\",\"@id\":\"https:\\\/\\\/lospoliticosveracruz.com\\\/#website\",\"url\":\"https:\\\/\\\/lospoliticosveracruz.com\\\/\",\"name\":\"Los pol\u00edticos Veracruz\",\"description\":\"\",\"publisher\":{\"@id\":\"https:\\\/\\\/lospoliticosveracruz.com\\\/#organization\"},\"potentialAction\":[{\"@type\":\"SearchAction\",\"target\":{\"@type\":\"EntryPoint\",\"urlTemplate\":\"https:\\\/\\\/lospoliticosveracruz.com\\\/?s={search_term_string}\"},\"query-input\":{\"@type\":\"PropertyValueSpecification\",\"valueRequired\":true,\"valueName\":\"search_term_string\"}}],\"inLanguage\":\"es\"},{\"@type\":\"Organization\",\"@id\":\"https:\\\/\\\/lospoliticosveracruz.com\\\/#organization\",\"name\":\"Los pol\u00edticos Veracruz\",\"url\":\"https:\\\/\\\/lospoliticosveracruz.com\\\/\",\"logo\":{\"@type\":\"ImageObject\",\"inLanguage\":\"es\",\"@id\":\"https:\\\/\\\/lospoliticosveracruz.com\\\/#\\\/schema\\\/logo\\\/image\\\/\",\"url\":\"https:\\\/\\\/lospoliticosveracruz.com\\\/wp-content\\\/uploads\\\/2025\\\/12\\\/Logo-Nuevo-LOS-POLITICOS-1.jpg\",\"contentUrl\":\"https:\\\/\\\/lospoliticosveracruz.com\\\/wp-content\\\/uploads\\\/2025\\\/12\\\/Logo-Nuevo-LOS-POLITICOS-1.jpg\",\"width\":260,\"height\":70,\"caption\":\"Los pol\u00edticos Veracruz\"},\"image\":{\"@id\":\"https:\\\/\\\/lospoliticosveracruz.com\\\/#\\\/schema\\\/logo\\\/image\\\/\"},\"sameAs\":[\"https:\\\/\\\/www.facebook.com\\\/people\\\/Notimemes-de-los-Polticos\\\/61565672886568\\\/\",\"https:\\\/\\\/x.com\\\/LosPoliticosVer\"]},{\"@type\":\"Person\",\"@id\":\"https:\\\/\\\/lospoliticosveracruz.com\\\/#\\\/schema\\\/person\\\/b8702bb0e538456e6efd07080bf2a4a2\",\"name\":\"Lo viste en Los Pol\u00edticos\",\"image\":{\"@type\":\"ImageObject\",\"inLanguage\":\"es\",\"@id\":\"https:\\\/\\\/secure.gravatar.com\\\/avatar\\\/3a8de04a2656d44082be478bd6c086daa447c4651605818287b9532d3d0bd435?s=96&d=mm&r=g\",\"url\":\"https:\\\/\\\/secure.gravatar.com\\\/avatar\\\/3a8de04a2656d44082be478bd6c086daa447c4651605818287b9532d3d0bd435?s=96&d=mm&r=g\",\"contentUrl\":\"https:\\\/\\\/secure.gravatar.com\\\/avatar\\\/3a8de04a2656d44082be478bd6c086daa447c4651605818287b9532d3d0bd435?s=96&d=mm&r=g\",\"caption\":\"Lo viste en Los Pol\u00edticos\"},\"url\":\"https:\\\/\\\/lospoliticosveracruz.com\\\/?author=2\"}]}<\/script>\n<!-- \/ Yoast SEO plugin. -->","yoast_head_json":{"title":"TENDREMOS PRESIDENTA - Los pol\u00edticos Veracruz","robots":{"index":"index","follow":"follow","max-snippet":"max-snippet:-1","max-image-preview":"max-image-preview:large","max-video-preview":"max-video-preview:-1"},"canonical":"https:\/\/lospoliticosveracruz.com\/?p=111457","og_locale":"es_ES","og_type":"article","og_title":"TENDREMOS PRESIDENTA - Los pol\u00edticos Veracruz","og_description":"Emilio C\u00e1rdenas Escobosa De Inter\u00e9s P\u00fablico El pr\u00f3ximo 2 de junio de 2024, de no suceder un imponderable que cambie el rumbo del proceso electoral, los mexicanos elegiremos a una mujer como Presidente de la Rep\u00fablica. Esta es la novedad y la mejor noticia de la temporada, porque demuestra un cambio cultural de primer orden, [&hellip;]","og_url":"https:\/\/lospoliticosveracruz.com\/?p=111457","og_site_name":"Los pol\u00edticos Veracruz","article_publisher":"https:\/\/www.facebook.com\/people\/Notimemes-de-los-Polticos\/61565672886568\/","article_published_time":"2023-09-12T22:21:01+00:00","article_modified_time":"2023-09-12T22:21:06+00:00","og_image":[{"url":"https:\/\/lospoliticosveracruz.com.mx\/wp-content\/uploads\/2021\/10\/WhatsApp-Image-2021-10-02-at-15.20.25-212x300.jpeg","type":"","width":"","height":""}],"author":"Lo viste en Los Pol\u00edticos","twitter_card":"summary_large_image","twitter_creator":"@LosPoliticosVer","twitter_site":"@LosPoliticosVer","twitter_misc":{"Escrito por":"Lo viste en Los Pol\u00edticos","Tiempo de lectura":"6 minutos"},"schema":{"@context":"https:\/\/schema.org","@graph":[{"@type":"Article","@id":"https:\/\/lospoliticosveracruz.com\/?p=111457#article","isPartOf":{"@id":"https:\/\/lospoliticosveracruz.com\/?p=111457"},"author":{"name":"Lo viste en Los Pol\u00edticos","@id":"https:\/\/lospoliticosveracruz.com\/#\/schema\/person\/b8702bb0e538456e6efd07080bf2a4a2"},"headline":"TENDREMOS PRESIDENTA","datePublished":"2023-09-12T22:21:01+00:00","dateModified":"2023-09-12T22:21:06+00:00","mainEntityOfPage":{"@id":"https:\/\/lospoliticosveracruz.com\/?p=111457"},"wordCount":1233,"publisher":{"@id":"https:\/\/lospoliticosveracruz.com\/#organization"},"image":{"@id":"https:\/\/lospoliticosveracruz.com\/?p=111457#primaryimage"},"thumbnailUrl":"https:\/\/lospoliticosveracruz.com.mx\/wp-content\/uploads\/2021\/10\/WhatsApp-Image-2021-10-02-at-15.20.25-212x300.jpeg","keywords":["Claudia Sheinbaum"],"articleSection":["De Opini\u00f3n"],"inLanguage":"es"},{"@type":"WebPage","@id":"https:\/\/lospoliticosveracruz.com\/?p=111457","url":"https:\/\/lospoliticosveracruz.com\/?p=111457","name":"TENDREMOS PRESIDENTA - Los pol\u00edticos Veracruz","isPartOf":{"@id":"https:\/\/lospoliticosveracruz.com\/#website"},"primaryImageOfPage":{"@id":"https:\/\/lospoliticosveracruz.com\/?p=111457#primaryimage"},"image":{"@id":"https:\/\/lospoliticosveracruz.com\/?p=111457#primaryimage"},"thumbnailUrl":"https:\/\/lospoliticosveracruz.com.mx\/wp-content\/uploads\/2021\/10\/WhatsApp-Image-2021-10-02-at-15.20.25-212x300.jpeg","datePublished":"2023-09-12T22:21:01+00:00","dateModified":"2023-09-12T22:21:06+00:00","breadcrumb":{"@id":"https:\/\/lospoliticosveracruz.com\/?p=111457#breadcrumb"},"inLanguage":"es","potentialAction":[{"@type":"ReadAction","target":["https:\/\/lospoliticosveracruz.com\/?p=111457"]}]},{"@type":"ImageObject","inLanguage":"es","@id":"https:\/\/lospoliticosveracruz.com\/?p=111457#primaryimage","url":"https:\/\/lospoliticosveracruz.com.mx\/wp-content\/uploads\/2021\/10\/WhatsApp-Image-2021-10-02-at-15.20.25-212x300.jpeg","contentUrl":"https:\/\/lospoliticosveracruz.com.mx\/wp-content\/uploads\/2021\/10\/WhatsApp-Image-2021-10-02-at-15.20.25-212x300.jpeg"},{"@type":"BreadcrumbList","@id":"https:\/\/lospoliticosveracruz.com\/?p=111457#breadcrumb","itemListElement":[{"@type":"ListItem","position":1,"name":"Portada","item":"https:\/\/lospoliticosveracruz.com\/"},{"@type":"ListItem","position":2,"name":"TENDREMOS PRESIDENTA"}]},{"@type":"WebSite","@id":"https:\/\/lospoliticosveracruz.com\/#website","url":"https:\/\/lospoliticosveracruz.com\/","name":"Los pol\u00edticos Veracruz","description":"","publisher":{"@id":"https:\/\/lospoliticosveracruz.com\/#organization"},"potentialAction":[{"@type":"SearchAction","target":{"@type":"EntryPoint","urlTemplate":"https:\/\/lospoliticosveracruz.com\/?s={search_term_string}"},"query-input":{"@type":"PropertyValueSpecification","valueRequired":true,"valueName":"search_term_string"}}],"inLanguage":"es"},{"@type":"Organization","@id":"https:\/\/lospoliticosveracruz.com\/#organization","name":"Los pol\u00edticos Veracruz","url":"https:\/\/lospoliticosveracruz.com\/","logo":{"@type":"ImageObject","inLanguage":"es","@id":"https:\/\/lospoliticosveracruz.com\/#\/schema\/logo\/image\/","url":"https:\/\/lospoliticosveracruz.com\/wp-content\/uploads\/2025\/12\/Logo-Nuevo-LOS-POLITICOS-1.jpg","contentUrl":"https:\/\/lospoliticosveracruz.com\/wp-content\/uploads\/2025\/12\/Logo-Nuevo-LOS-POLITICOS-1.jpg","width":260,"height":70,"caption":"Los pol\u00edticos Veracruz"},"image":{"@id":"https:\/\/lospoliticosveracruz.com\/#\/schema\/logo\/image\/"},"sameAs":["https:\/\/www.facebook.com\/people\/Notimemes-de-los-Polticos\/61565672886568\/","https:\/\/x.com\/LosPoliticosVer"]},{"@type":"Person","@id":"https:\/\/lospoliticosveracruz.com\/#\/schema\/person\/b8702bb0e538456e6efd07080bf2a4a2","name":"Lo viste en Los Pol\u00edticos","image":{"@type":"ImageObject","inLanguage":"es","@id":"https:\/\/secure.gravatar.com\/avatar\/3a8de04a2656d44082be478bd6c086daa447c4651605818287b9532d3d0bd435?s=96&d=mm&r=g","url":"https:\/\/secure.gravatar.com\/avatar\/3a8de04a2656d44082be478bd6c086daa447c4651605818287b9532d3d0bd435?s=96&d=mm&r=g","contentUrl":"https:\/\/secure.gravatar.com\/avatar\/3a8de04a2656d44082be478bd6c086daa447c4651605818287b9532d3d0bd435?s=96&d=mm&r=g","caption":"Lo viste en Los Pol\u00edticos"},"url":"https:\/\/lospoliticosveracruz.com\/?author=2"}]}},"_links":{"self":[{"href":"https:\/\/lospoliticosveracruz.com\/index.php?rest_route=\/wp\/v2\/posts\/111457","targetHints":{"allow":["GET"]}}],"collection":[{"href":"https:\/\/lospoliticosveracruz.com\/index.php?rest_route=\/wp\/v2\/posts"}],"about":[{"href":"https:\/\/lospoliticosveracruz.com\/index.php?rest_route=\/wp\/v2\/types\/post"}],"author":[{"embeddable":true,"href":"https:\/\/lospoliticosveracruz.com\/index.php?rest_route=\/wp\/v2\/users\/2"}],"replies":[{"embeddable":true,"href":"https:\/\/lospoliticosveracruz.com\/index.php?rest_route=%2Fwp%2Fv2%2Fcomments&post=111457"}],"version-history":[{"count":1,"href":"https:\/\/lospoliticosveracruz.com\/index.php?rest_route=\/wp\/v2\/posts\/111457\/revisions"}],"predecessor-version":[{"id":111458,"href":"https:\/\/lospoliticosveracruz.com\/index.php?rest_route=\/wp\/v2\/posts\/111457\/revisions\/111458"}],"wp:attachment":[{"href":"https:\/\/lospoliticosveracruz.com\/index.php?rest_route=%2Fwp%2Fv2%2Fmedia&parent=111457"}],"wp:term":[{"taxonomy":"category","embeddable":true,"href":"https:\/\/lospoliticosveracruz.com\/index.php?rest_route=%2Fwp%2Fv2%2Fcategories&post=111457"},{"taxonomy":"post_tag","embeddable":true,"href":"https:\/\/lospoliticosveracruz.com\/index.php?rest_route=%2Fwp%2Fv2%2Ftags&post=111457"}],"curies":[{"name":"wp","href":"https:\/\/api.w.org\/{rel}","templated":true}]}}