{"id":111527,"date":"2023-09-14T08:35:00","date_gmt":"2023-09-14T13:35:00","guid":{"rendered":"https:\/\/lospoliticosveracruz.com.mx\/?p=111527"},"modified":"2023-09-13T23:18:41","modified_gmt":"2023-09-14T04:18:41","slug":"es-nahle-2","status":"publish","type":"post","link":"https:\/\/lospoliticosveracruz.com\/?p=111527","title":{"rendered":"ES NAHLE"},"content":{"rendered":"\n<p><strong>Manolo Victorio<br><\/strong><em>Carpe Diem<\/em><\/p>\n\n\n\n<p>Roc\u00edo Nahle Garc\u00eda abri\u00f3 el surtidor de la pol\u00edtica.<br>Su imagen inunda a borbotones la parcela veracruzana, como un derrame de la cruda pol\u00edtica partidista que la se\u00f1alan, seg\u00fan los momios de futur\u00f3logos y oficiosos, como ganadora a priori.<br>En analog\u00eda del spot televisivo de Benson &amp; Hedges, \u201ctodo est\u00e1 dicho\u201d.<\/p>\n\n\n\n<figure class=\"wp-block-image size-large\"><a href=\"https:\/\/lospoliticosveracruz.com.mx\/wp-content\/uploads\/2016\/07\/Seguro-Julio-Cerecedo-2.jpg\"><img decoding=\"async\" src=\"https:\/\/lospoliticosveracruz.com.mx\/wp-content\/uploads\/2016\/07\/Seguro-Julio-Cerecedo-2-1024x381.jpg\" alt=\"\" class=\"wp-image-105879\"\/><\/a><\/figure>\n\n\n\n<p><br>\u201cSer\u00e9 la primera mujer gobernadora de Veracruz\u201d, cabecearon sus bi\u00f3grafos autorizados, vocer\u00eda institucional y algunos oportunistas montados ya en el gasoducto electoral que catapultar\u00e1 a la zacatecana de Dos Bocas al Parque Ju\u00e1rez, en la ca\u00f3tica Xalapa de Enr\u00edquez.<br>A menos que ocurra una tragedia -las ha habido en los tiempos del pri\u00edsmo rampante y en el oto\u00f1o del patriarca Andr\u00e9s Manuel, verbi gratia caso Ebrard-, la senadora con licencia, actual titular de la Secretar\u00eda de Energ\u00eda se encarta en la circunstancia precisa en el tiempo de las mujeres.<br>Desde Guadalupe Victoria en 1824 hasta Cuitl\u00e1huac Garc\u00eda Jim\u00e9nez en 2018, todos han sido gobernadores varones, o mejor escrito, del sexo masculino, quienes han transitado por la parcela jarocha.<br>Roc\u00edo Nahle Garc\u00eda ser\u00eda la primer gobernadora mujer y la mandataria n\u00famero 88 de esta larga lista de mandatarios.<br>Claro, debe existir un proceso, porque el poder no se hereda, hay caminos legales que recorrer, aprobaciones ciudadanas que buscar en las urnas el domingo 2 de junio de 2024.<br>Al poder se llega por dos v\u00edas. La democracia nos marca el camino civilizado, cristalizado en la participaci\u00f3n ciudadana a pie de urna, como rep\u00fablica que somos desde hace 206 a\u00f1os.<br>El otro camino es la violencia. Ya vivimos dos procesos revolucionarios que descansaron en las armas. No son tiempos de revivir el Veracruz bronco.<br>En este ordem e progresso a la veracruzana, primero tienen que cumplirse los tiempos.<br>\u201cSale la convocatoria, quiero ver como viene la convocatoria, en Morena son encuestas, que bueno que son encuestas porque te dan la fortaleza, si t\u00fa ganas una encuesta llegas de una forma democr\u00e1tica y dices ok, voy a participar, si no te favorece a ver a qu\u00e9 compa\u00f1ero, compa\u00f1era, ok, adelante, esa es la metodolog\u00eda de Morena\u201d, dijo Nahle a Joaqu\u00edn L\u00f3pez D\u00f3riga en un noticiario radiof\u00f3nico que se asemej\u00f3 a la gran vitrina de los destapes como en anta\u00f1o; tiempos de los que reniega la cuatrote.<br>El lunes 18 de septiembre, Mario Delgado Carrillo, dirigente en el papel de Morena, dijo que se emitir\u00e1 la convocatoria para todos los aspirantes a una candidatura de Movimiento Regeneraci\u00f3n Nacional, ah\u00ed deshojar\u00e1 Nahle la margarita respecto a su futuro inmediato, cuando ponga su carta de renuncia a la SENER en el escritorio del Machuch\u00f3n transexenal.<br>Quienes aspiren, se encarten para las encuestas en las nueve gubernaturas, deber\u00e1n inscribirse los d\u00edas lunes 25 y martes 26 de este mes patrio en las sedes de Morena sitas en Chiapas, Guanajuato, Jalisco, Morelos, Puebla, Tabasco, Veracruz, Yucat\u00e1n y la CDMX.<br>Escribe el periodista Ra\u00fal Dom\u00ednguez Pinto que \u201cpor incre\u00edble que parezca, solo tres mujeres figuran con claras ventajas de convertirse en candidatas a gobernadoras, de un total de nueve entidades, en donde en 2024 se registrar\u00e1n procesos locales: Por Morena Roc\u00edo Nahle (Veracruz) y Lucy Guzm\u00e1n Meza (Morelos) y por la coalici\u00f3n PRIANRD, Libia Denisse Garc\u00eda Mu\u00f1oz (Guanajuato) y p\u00e1rele de contar\u201d.<br>El Movimiento de Regeneraci\u00f3n Nacional tiene las condiciones para llevarse la gubernatura en el proceso electoral venidero. La oposici\u00f3n s\u00f3lo ha presentado un dique de saliva y narrativa ocurrente en el estado de Veracruz.<br>Roc\u00edo Nahle Garc\u00eda puntea las encuestas internas y externas de la cuatrote, le siguen su compa\u00f1ero de f\u00f3rmula Ricardo Ahued Bardahuil, quien resiste las patadas de los rudos que quieren desbarrancarlo y en tercer lugar se fija Manuel Huerta Ladr\u00f3n de Guevara, quien no ceja en su anhelo guajiro de ser candidato a la gubernatura. Los dem\u00e1s son actores de reparto, infantes que cantar\u00e1n las ma\u00f1anitas a la ungida a cambio de un trozo de pastel.<br>En el hipot\u00e9tico Frente Amplio por Veracruz, quien puntea, seg\u00fan la encuestadora Massive Caller es el senador Julen Rementer\u00eda del Puerto, quien tendr\u00eda que recorrer el Camino de Santiago para que no se le atraviese su n\u00e9mesis innombrable (Fidel dixit) e infranqueable en sus anhelos partidistas que lo bajan a porcentaje cero cada vez que asoma la testa en el escenario electoral.<br>Le seguir\u00edan al senador porte\u00f1o el diputado Francisco Yunes Zorrilla (ojal\u00e1 y alguna vez se atreva a vestir una camina hawaiana y tenis fosfo fosfo) y el alcalde pri\u00edsta de Orizaba, Juan Manuel D\u00edez Franco, representante de la gerontocracia pol\u00edtica que en Estados Unidos est\u00e1 de moda.<\/p>\n\n\n\n<ul class=\"wp-block-list\">\n<li>Ser\u00e1s la primera gobernadora mujer en Veracruz\u2026 le solt\u00f3 Joaqu\u00edn L\u00f3pez D\u00f3riga.<\/li>\n\n\n\n<li>Mujer si\u2026as\u00ed es. Yo veo hacia enfrente, hacia adelante, yo soy una mujer de trabajo, tenemos mucho quehacer, respondi\u00f3 la cuasi ungida candidata morenista pese a los fuegos de artificio soltados por el diputado Sergio Guti\u00e9rrez Luna, montado ahora en la fiebre de los OVNIS.<\/li>\n\n\n\n<li>Pero adelante tienes a Veracruz- remach\u00f3 Joaqu\u00edn L\u00f3pez D\u00f3riga.<\/li>\n\n\n\n<li>S\u00ed, s\u00ed, la verdad s\u00ed-, aclar\u00f3 la titular de SENER.<br>Antes de las encuestas madre, secundadas por encuestas espejo y toda la parafernalia que legitimar\u00e1 su ascenso a la candidatura de Morena-PT-PVEM al gobierno veracruzano, deber\u00e1 Nahle dar un manotazo sobre la mesa porque a estas alturas del sexenio cuitlahuista, algunos enanos ya crecieron.<br>\u2026 De otro costal.<br>Ser joven y no ser revolucionario es una contradicci\u00f3n hasta biol\u00f3gica, dec\u00eda Salvador Allende.<br>Este jueves, el estudiantado de Econom\u00eda de la Universidad Veracruzana tom\u00f3 las calles en Xalapa, hizo valer, como dijo un estudiante que areng\u00f3 esta protesta en b\u00fasqueda de justicia, el seguro universitario: la protesta.<br>Y es que no hay informaci\u00f3n judicial respecto del atropellamiento y posterior muerte de la joven estudiante Kasandra Isabel Cer\u00f3n \u00c1lvarez, estudiante del tercer semestre de la faculta de Econom\u00eda en nuestra madre nutricia, la Universidad Veracruzana.<br>\u00abUstedes van a llegar tarde unos minutos, una hora, pero Kasandra ya no va a llegar a la facultad. Alguien que ten\u00eda prisa, y que no quer\u00eda llegar cinco minutos tarde a su destino, la atras\u00f3 de por vida\u00bb, se escuch\u00f3 desde uno de los meg\u00e1fonos que usaban los estudiantes de la Universidad Veracruzana (UV) que se movilizaron este mi\u00e9rcoles 13 de septiembre y cerraron al menos cuatro avenidas importantes de la ciudad, seg\u00fan lead de Isabel Ortega, reportera de La Silla Rota Veracruz.<br>Justicia para Kassandra.<br>columnacarpediem@gmail.com<\/li>\n<\/ul>\n","protected":false},"excerpt":{"rendered":"<p>Manolo VictorioCarpe Diem Roc\u00edo Nahle Garc\u00eda abri\u00f3 el surtidor de la pol\u00edtica.Su imagen inunda a borbotones la parcela veracruzana, como un derrame de la cruda pol\u00edtica partidista que la se\u00f1alan, seg\u00fan los momios de futur\u00f3logos y oficiosos, como ganadora a priori.En analog\u00eda del spot televisivo de Benson &amp; Hedges, \u201ctodo est\u00e1 dicho\u201d. \u201cSer\u00e9 la primera [&hellip;]<\/p>\n","protected":false},"author":2,"featured_media":0,"comment_status":"closed","ping_status":"closed","sticky":false,"template":"","format":"standard","meta":{"tdm_status":"","tdm_grid_status":"","footnotes":""},"categories":[70],"tags":[618,1563,38541,3244,20170,1026,4386,195],"class_list":{"0":"post-111527","1":"post","2":"type-post","3":"status-publish","4":"format-standard","6":"category-de-opinion","7":"tag-andres-manuel-lopez-obrador","8":"tag-cuitlahuac-garcia-jimenez","9":"tag-frente-amplio-por-veracruz","10":"tag-joaquin-lopez-doriga","11":"tag-mario-delgado-carrillo","12":"tag-morena","13":"tag-rocio-nahle-garcia","14":"tag-veracruz"},"yoast_head":"<!-- This site is optimized with the Yoast SEO plugin v27.4 - https:\/\/yoast.com\/product\/yoast-seo-wordpress\/ -->\n<title>ES NAHLE - Los pol\u00edticos Veracruz<\/title>\n<meta name=\"robots\" content=\"index, follow, max-snippet:-1, max-image-preview:large, max-video-preview:-1\" \/>\n<link rel=\"canonical\" href=\"https:\/\/lospoliticosveracruz.com\/?p=111527\" \/>\n<meta property=\"og:locale\" content=\"es_ES\" \/>\n<meta property=\"og:type\" content=\"article\" \/>\n<meta property=\"og:title\" content=\"ES NAHLE - Los pol\u00edticos Veracruz\" \/>\n<meta property=\"og:description\" content=\"Manolo VictorioCarpe Diem Roc\u00edo Nahle Garc\u00eda abri\u00f3 el surtidor de la pol\u00edtica.Su imagen inunda a borbotones la parcela veracruzana, como un derrame de la cruda pol\u00edtica partidista que la se\u00f1alan, seg\u00fan los momios de futur\u00f3logos y oficiosos, como ganadora a priori.En analog\u00eda del spot televisivo de Benson &amp; Hedges, \u201ctodo est\u00e1 dicho\u201d. \u201cSer\u00e9 la primera [&hellip;]\" \/>\n<meta property=\"og:url\" content=\"https:\/\/lospoliticosveracruz.com\/?p=111527\" \/>\n<meta property=\"og:site_name\" content=\"Los pol\u00edticos Veracruz\" \/>\n<meta property=\"article:publisher\" content=\"https:\/\/www.facebook.com\/people\/Notimemes-de-los-Polticos\/61565672886568\/\" \/>\n<meta property=\"article:published_time\" content=\"2023-09-14T13:35:00+00:00\" \/>\n<meta property=\"og:image\" content=\"https:\/\/lospoliticosveracruz.com.mx\/wp-content\/uploads\/2016\/07\/Seguro-Julio-Cerecedo-2-1024x381.jpg\" \/>\n<meta name=\"author\" content=\"Lo viste en Los Pol\u00edticos\" \/>\n<meta name=\"twitter:card\" content=\"summary_large_image\" \/>\n<meta name=\"twitter:creator\" content=\"@LosPoliticosVer\" \/>\n<meta name=\"twitter:site\" content=\"@LosPoliticosVer\" \/>\n<meta name=\"twitter:label1\" content=\"Escrito por\" \/>\n\t<meta name=\"twitter:data1\" content=\"Lo viste en Los Pol\u00edticos\" \/>\n\t<meta name=\"twitter:label2\" content=\"Tiempo de lectura\" \/>\n\t<meta name=\"twitter:data2\" content=\"6 minutos\" \/>\n<script type=\"application\/ld+json\" class=\"yoast-schema-graph\">{\"@context\":\"https:\\\/\\\/schema.org\",\"@graph\":[{\"@type\":\"Article\",\"@id\":\"https:\\\/\\\/lospoliticosveracruz.com\\\/?p=111527#article\",\"isPartOf\":{\"@id\":\"https:\\\/\\\/lospoliticosveracruz.com\\\/?p=111527\"},\"author\":{\"name\":\"Lo viste en Los Pol\u00edticos\",\"@id\":\"https:\\\/\\\/lospoliticosveracruz.com\\\/#\\\/schema\\\/person\\\/b8702bb0e538456e6efd07080bf2a4a2\"},\"headline\":\"ES NAHLE\",\"datePublished\":\"2023-09-14T13:35:00+00:00\",\"mainEntityOfPage\":{\"@id\":\"https:\\\/\\\/lospoliticosveracruz.com\\\/?p=111527\"},\"wordCount\":1143,\"publisher\":{\"@id\":\"https:\\\/\\\/lospoliticosveracruz.com\\\/#organization\"},\"image\":{\"@id\":\"https:\\\/\\\/lospoliticosveracruz.com\\\/?p=111527#primaryimage\"},\"thumbnailUrl\":\"https:\\\/\\\/lospoliticosveracruz.com.mx\\\/wp-content\\\/uploads\\\/2016\\\/07\\\/Seguro-Julio-Cerecedo-2-1024x381.jpg\",\"keywords\":[\"Andr\u00e9s Manuel L\u00f3pez Obrador\",\"Cuitl\u00e1huac Garc\u00eda Jim\u00e9nez\",\"Frente Amplio por Veracruz\",\"Joaqu\u00edn L\u00f3pez D\u00f3riga\",\"Mario Delgado Carrillo\",\"Morena\",\"Roc\u00edo Nahle Garc\u00eda\",\"Veracruz\"],\"articleSection\":[\"De Opini\u00f3n\"],\"inLanguage\":\"es\"},{\"@type\":\"WebPage\",\"@id\":\"https:\\\/\\\/lospoliticosveracruz.com\\\/?p=111527\",\"url\":\"https:\\\/\\\/lospoliticosveracruz.com\\\/?p=111527\",\"name\":\"ES NAHLE - Los pol\u00edticos Veracruz\",\"isPartOf\":{\"@id\":\"https:\\\/\\\/lospoliticosveracruz.com\\\/#website\"},\"primaryImageOfPage\":{\"@id\":\"https:\\\/\\\/lospoliticosveracruz.com\\\/?p=111527#primaryimage\"},\"image\":{\"@id\":\"https:\\\/\\\/lospoliticosveracruz.com\\\/?p=111527#primaryimage\"},\"thumbnailUrl\":\"https:\\\/\\\/lospoliticosveracruz.com.mx\\\/wp-content\\\/uploads\\\/2016\\\/07\\\/Seguro-Julio-Cerecedo-2-1024x381.jpg\",\"datePublished\":\"2023-09-14T13:35:00+00:00\",\"breadcrumb\":{\"@id\":\"https:\\\/\\\/lospoliticosveracruz.com\\\/?p=111527#breadcrumb\"},\"inLanguage\":\"es\",\"potentialAction\":[{\"@type\":\"ReadAction\",\"target\":[\"https:\\\/\\\/lospoliticosveracruz.com\\\/?p=111527\"]}]},{\"@type\":\"ImageObject\",\"inLanguage\":\"es\",\"@id\":\"https:\\\/\\\/lospoliticosveracruz.com\\\/?p=111527#primaryimage\",\"url\":\"https:\\\/\\\/lospoliticosveracruz.com.mx\\\/wp-content\\\/uploads\\\/2016\\\/07\\\/Seguro-Julio-Cerecedo-2-1024x381.jpg\",\"contentUrl\":\"https:\\\/\\\/lospoliticosveracruz.com.mx\\\/wp-content\\\/uploads\\\/2016\\\/07\\\/Seguro-Julio-Cerecedo-2-1024x381.jpg\"},{\"@type\":\"BreadcrumbList\",\"@id\":\"https:\\\/\\\/lospoliticosveracruz.com\\\/?p=111527#breadcrumb\",\"itemListElement\":[{\"@type\":\"ListItem\",\"position\":1,\"name\":\"Portada\",\"item\":\"https:\\\/\\\/lospoliticosveracruz.com\\\/\"},{\"@type\":\"ListItem\",\"position\":2,\"name\":\"ES NAHLE\"}]},{\"@type\":\"WebSite\",\"@id\":\"https:\\\/\\\/lospoliticosveracruz.com\\\/#website\",\"url\":\"https:\\\/\\\/lospoliticosveracruz.com\\\/\",\"name\":\"Los pol\u00edticos Veracruz\",\"description\":\"\",\"publisher\":{\"@id\":\"https:\\\/\\\/lospoliticosveracruz.com\\\/#organization\"},\"potentialAction\":[{\"@type\":\"SearchAction\",\"target\":{\"@type\":\"EntryPoint\",\"urlTemplate\":\"https:\\\/\\\/lospoliticosveracruz.com\\\/?s={search_term_string}\"},\"query-input\":{\"@type\":\"PropertyValueSpecification\",\"valueRequired\":true,\"valueName\":\"search_term_string\"}}],\"inLanguage\":\"es\"},{\"@type\":\"Organization\",\"@id\":\"https:\\\/\\\/lospoliticosveracruz.com\\\/#organization\",\"name\":\"Los pol\u00edticos Veracruz\",\"url\":\"https:\\\/\\\/lospoliticosveracruz.com\\\/\",\"logo\":{\"@type\":\"ImageObject\",\"inLanguage\":\"es\",\"@id\":\"https:\\\/\\\/lospoliticosveracruz.com\\\/#\\\/schema\\\/logo\\\/image\\\/\",\"url\":\"https:\\\/\\\/lospoliticosveracruz.com\\\/wp-content\\\/uploads\\\/2025\\\/12\\\/Logo-Nuevo-LOS-POLITICOS-1.jpg\",\"contentUrl\":\"https:\\\/\\\/lospoliticosveracruz.com\\\/wp-content\\\/uploads\\\/2025\\\/12\\\/Logo-Nuevo-LOS-POLITICOS-1.jpg\",\"width\":260,\"height\":70,\"caption\":\"Los pol\u00edticos Veracruz\"},\"image\":{\"@id\":\"https:\\\/\\\/lospoliticosveracruz.com\\\/#\\\/schema\\\/logo\\\/image\\\/\"},\"sameAs\":[\"https:\\\/\\\/www.facebook.com\\\/people\\\/Notimemes-de-los-Polticos\\\/61565672886568\\\/\",\"https:\\\/\\\/x.com\\\/LosPoliticosVer\"]},{\"@type\":\"Person\",\"@id\":\"https:\\\/\\\/lospoliticosveracruz.com\\\/#\\\/schema\\\/person\\\/b8702bb0e538456e6efd07080bf2a4a2\",\"name\":\"Lo viste en Los Pol\u00edticos\",\"image\":{\"@type\":\"ImageObject\",\"inLanguage\":\"es\",\"@id\":\"https:\\\/\\\/secure.gravatar.com\\\/avatar\\\/3a8de04a2656d44082be478bd6c086daa447c4651605818287b9532d3d0bd435?s=96&d=mm&r=g\",\"url\":\"https:\\\/\\\/secure.gravatar.com\\\/avatar\\\/3a8de04a2656d44082be478bd6c086daa447c4651605818287b9532d3d0bd435?s=96&d=mm&r=g\",\"contentUrl\":\"https:\\\/\\\/secure.gravatar.com\\\/avatar\\\/3a8de04a2656d44082be478bd6c086daa447c4651605818287b9532d3d0bd435?s=96&d=mm&r=g\",\"caption\":\"Lo viste en Los Pol\u00edticos\"},\"url\":\"https:\\\/\\\/lospoliticosveracruz.com\\\/?author=2\"}]}<\/script>\n<!-- \/ Yoast SEO plugin. -->","yoast_head_json":{"title":"ES NAHLE - Los pol\u00edticos Veracruz","robots":{"index":"index","follow":"follow","max-snippet":"max-snippet:-1","max-image-preview":"max-image-preview:large","max-video-preview":"max-video-preview:-1"},"canonical":"https:\/\/lospoliticosveracruz.com\/?p=111527","og_locale":"es_ES","og_type":"article","og_title":"ES NAHLE - Los pol\u00edticos Veracruz","og_description":"Manolo VictorioCarpe Diem Roc\u00edo Nahle Garc\u00eda abri\u00f3 el surtidor de la pol\u00edtica.Su imagen inunda a borbotones la parcela veracruzana, como un derrame de la cruda pol\u00edtica partidista que la se\u00f1alan, seg\u00fan los momios de futur\u00f3logos y oficiosos, como ganadora a priori.En analog\u00eda del spot televisivo de Benson &amp; Hedges, \u201ctodo est\u00e1 dicho\u201d. \u201cSer\u00e9 la primera [&hellip;]","og_url":"https:\/\/lospoliticosveracruz.com\/?p=111527","og_site_name":"Los pol\u00edticos Veracruz","article_publisher":"https:\/\/www.facebook.com\/people\/Notimemes-de-los-Polticos\/61565672886568\/","article_published_time":"2023-09-14T13:35:00+00:00","og_image":[{"url":"https:\/\/lospoliticosveracruz.com.mx\/wp-content\/uploads\/2016\/07\/Seguro-Julio-Cerecedo-2-1024x381.jpg","type":"","width":"","height":""}],"author":"Lo viste en Los Pol\u00edticos","twitter_card":"summary_large_image","twitter_creator":"@LosPoliticosVer","twitter_site":"@LosPoliticosVer","twitter_misc":{"Escrito por":"Lo viste en Los Pol\u00edticos","Tiempo de lectura":"6 minutos"},"schema":{"@context":"https:\/\/schema.org","@graph":[{"@type":"Article","@id":"https:\/\/lospoliticosveracruz.com\/?p=111527#article","isPartOf":{"@id":"https:\/\/lospoliticosveracruz.com\/?p=111527"},"author":{"name":"Lo viste en Los Pol\u00edticos","@id":"https:\/\/lospoliticosveracruz.com\/#\/schema\/person\/b8702bb0e538456e6efd07080bf2a4a2"},"headline":"ES NAHLE","datePublished":"2023-09-14T13:35:00+00:00","mainEntityOfPage":{"@id":"https:\/\/lospoliticosveracruz.com\/?p=111527"},"wordCount":1143,"publisher":{"@id":"https:\/\/lospoliticosveracruz.com\/#organization"},"image":{"@id":"https:\/\/lospoliticosveracruz.com\/?p=111527#primaryimage"},"thumbnailUrl":"https:\/\/lospoliticosveracruz.com.mx\/wp-content\/uploads\/2016\/07\/Seguro-Julio-Cerecedo-2-1024x381.jpg","keywords":["Andr\u00e9s Manuel L\u00f3pez Obrador","Cuitl\u00e1huac Garc\u00eda Jim\u00e9nez","Frente Amplio por Veracruz","Joaqu\u00edn L\u00f3pez D\u00f3riga","Mario Delgado Carrillo","Morena","Roc\u00edo Nahle Garc\u00eda","Veracruz"],"articleSection":["De Opini\u00f3n"],"inLanguage":"es"},{"@type":"WebPage","@id":"https:\/\/lospoliticosveracruz.com\/?p=111527","url":"https:\/\/lospoliticosveracruz.com\/?p=111527","name":"ES NAHLE - Los pol\u00edticos Veracruz","isPartOf":{"@id":"https:\/\/lospoliticosveracruz.com\/#website"},"primaryImageOfPage":{"@id":"https:\/\/lospoliticosveracruz.com\/?p=111527#primaryimage"},"image":{"@id":"https:\/\/lospoliticosveracruz.com\/?p=111527#primaryimage"},"thumbnailUrl":"https:\/\/lospoliticosveracruz.com.mx\/wp-content\/uploads\/2016\/07\/Seguro-Julio-Cerecedo-2-1024x381.jpg","datePublished":"2023-09-14T13:35:00+00:00","breadcrumb":{"@id":"https:\/\/lospoliticosveracruz.com\/?p=111527#breadcrumb"},"inLanguage":"es","potentialAction":[{"@type":"ReadAction","target":["https:\/\/lospoliticosveracruz.com\/?p=111527"]}]},{"@type":"ImageObject","inLanguage":"es","@id":"https:\/\/lospoliticosveracruz.com\/?p=111527#primaryimage","url":"https:\/\/lospoliticosveracruz.com.mx\/wp-content\/uploads\/2016\/07\/Seguro-Julio-Cerecedo-2-1024x381.jpg","contentUrl":"https:\/\/lospoliticosveracruz.com.mx\/wp-content\/uploads\/2016\/07\/Seguro-Julio-Cerecedo-2-1024x381.jpg"},{"@type":"BreadcrumbList","@id":"https:\/\/lospoliticosveracruz.com\/?p=111527#breadcrumb","itemListElement":[{"@type":"ListItem","position":1,"name":"Portada","item":"https:\/\/lospoliticosveracruz.com\/"},{"@type":"ListItem","position":2,"name":"ES NAHLE"}]},{"@type":"WebSite","@id":"https:\/\/lospoliticosveracruz.com\/#website","url":"https:\/\/lospoliticosveracruz.com\/","name":"Los pol\u00edticos Veracruz","description":"","publisher":{"@id":"https:\/\/lospoliticosveracruz.com\/#organization"},"potentialAction":[{"@type":"SearchAction","target":{"@type":"EntryPoint","urlTemplate":"https:\/\/lospoliticosveracruz.com\/?s={search_term_string}"},"query-input":{"@type":"PropertyValueSpecification","valueRequired":true,"valueName":"search_term_string"}}],"inLanguage":"es"},{"@type":"Organization","@id":"https:\/\/lospoliticosveracruz.com\/#organization","name":"Los pol\u00edticos Veracruz","url":"https:\/\/lospoliticosveracruz.com\/","logo":{"@type":"ImageObject","inLanguage":"es","@id":"https:\/\/lospoliticosveracruz.com\/#\/schema\/logo\/image\/","url":"https:\/\/lospoliticosveracruz.com\/wp-content\/uploads\/2025\/12\/Logo-Nuevo-LOS-POLITICOS-1.jpg","contentUrl":"https:\/\/lospoliticosveracruz.com\/wp-content\/uploads\/2025\/12\/Logo-Nuevo-LOS-POLITICOS-1.jpg","width":260,"height":70,"caption":"Los pol\u00edticos Veracruz"},"image":{"@id":"https:\/\/lospoliticosveracruz.com\/#\/schema\/logo\/image\/"},"sameAs":["https:\/\/www.facebook.com\/people\/Notimemes-de-los-Polticos\/61565672886568\/","https:\/\/x.com\/LosPoliticosVer"]},{"@type":"Person","@id":"https:\/\/lospoliticosveracruz.com\/#\/schema\/person\/b8702bb0e538456e6efd07080bf2a4a2","name":"Lo viste en Los Pol\u00edticos","image":{"@type":"ImageObject","inLanguage":"es","@id":"https:\/\/secure.gravatar.com\/avatar\/3a8de04a2656d44082be478bd6c086daa447c4651605818287b9532d3d0bd435?s=96&d=mm&r=g","url":"https:\/\/secure.gravatar.com\/avatar\/3a8de04a2656d44082be478bd6c086daa447c4651605818287b9532d3d0bd435?s=96&d=mm&r=g","contentUrl":"https:\/\/secure.gravatar.com\/avatar\/3a8de04a2656d44082be478bd6c086daa447c4651605818287b9532d3d0bd435?s=96&d=mm&r=g","caption":"Lo viste en Los Pol\u00edticos"},"url":"https:\/\/lospoliticosveracruz.com\/?author=2"}]}},"_links":{"self":[{"href":"https:\/\/lospoliticosveracruz.com\/index.php?rest_route=\/wp\/v2\/posts\/111527","targetHints":{"allow":["GET"]}}],"collection":[{"href":"https:\/\/lospoliticosveracruz.com\/index.php?rest_route=\/wp\/v2\/posts"}],"about":[{"href":"https:\/\/lospoliticosveracruz.com\/index.php?rest_route=\/wp\/v2\/types\/post"}],"author":[{"embeddable":true,"href":"https:\/\/lospoliticosveracruz.com\/index.php?rest_route=\/wp\/v2\/users\/2"}],"replies":[{"embeddable":true,"href":"https:\/\/lospoliticosveracruz.com\/index.php?rest_route=%2Fwp%2Fv2%2Fcomments&post=111527"}],"version-history":[{"count":1,"href":"https:\/\/lospoliticosveracruz.com\/index.php?rest_route=\/wp\/v2\/posts\/111527\/revisions"}],"predecessor-version":[{"id":111528,"href":"https:\/\/lospoliticosveracruz.com\/index.php?rest_route=\/wp\/v2\/posts\/111527\/revisions\/111528"}],"wp:attachment":[{"href":"https:\/\/lospoliticosveracruz.com\/index.php?rest_route=%2Fwp%2Fv2%2Fmedia&parent=111527"}],"wp:term":[{"taxonomy":"category","embeddable":true,"href":"https:\/\/lospoliticosveracruz.com\/index.php?rest_route=%2Fwp%2Fv2%2Fcategories&post=111527"},{"taxonomy":"post_tag","embeddable":true,"href":"https:\/\/lospoliticosveracruz.com\/index.php?rest_route=%2Fwp%2Fv2%2Ftags&post=111527"}],"curies":[{"name":"wp","href":"https:\/\/api.w.org\/{rel}","templated":true}]}}