{"id":111529,"date":"2023-09-14T08:50:28","date_gmt":"2023-09-14T13:50:28","guid":{"rendered":"https:\/\/lospoliticosveracruz.com.mx\/?p=111529"},"modified":"2023-09-14T08:50:46","modified_gmt":"2023-09-14T13:50:46","slug":"es-rocio-nahle","status":"publish","type":"post","link":"https:\/\/lospoliticosveracruz.com\/?p=111529","title":{"rendered":"ES ROC\u00cdO NAHLE"},"content":{"rendered":"\n<p><strong>Ricardo Chua<br><\/strong><em>Sale y Vale<br><\/em>Ya para que la secretar\u00eda de Energ\u00eda del gobierno federal, Roc\u00edo Nahle, haya acudido a \u00abDESTAPARSE\u00bb por primera vez de manera p\u00fablica, que va en busca de la candidatura de MORENA a la gubernatura de Veracruz en 2024, en el noticiero de Joaqu\u00edn L\u00f3pez D\u00f3riga, uno de los dos principales cr\u00edticos pol\u00edtico-medi\u00e1tico (El otro es Carlos Loret) del Presidente, Andr\u00e9s Manuel L\u00f3pez Obrador.. Es porque la se\u00f1ora est\u00e1 DISPUESTA a PACTAR hasta con el \u00abDiablo\u00bb con tal de ganar esa elecci\u00f3n estatal..<\/p>\n\n\n<div class=\"wp-block-image\">\n<figure class=\"alignleft size-medium\"><a href=\"https:\/\/lospoliticosveracruz.com.mx\/wp-content\/uploads\/2021\/10\/WhatsApp-Image-2021-10-02-at-15.20.25.jpeg\"><img loading=\"lazy\" decoding=\"async\" width=\"212\" height=\"300\" src=\"https:\/\/lospoliticosveracruz.com.mx\/wp-content\/uploads\/2021\/10\/WhatsApp-Image-2021-10-02-at-15.20.25-212x300.jpeg\" alt=\"\" class=\"wp-image-80177\" srcset=\"https:\/\/lospoliticosveracruz.com\/wp-content\/uploads\/2021\/10\/WhatsApp-Image-2021-10-02-at-15.20.25-212x300.jpeg 212w, https:\/\/lospoliticosveracruz.com\/wp-content\/uploads\/2021\/10\/WhatsApp-Image-2021-10-02-at-15.20.25-724x1024.jpeg 724w, https:\/\/lospoliticosveracruz.com\/wp-content\/uploads\/2021\/10\/WhatsApp-Image-2021-10-02-at-15.20.25-768x1086.jpeg 768w, https:\/\/lospoliticosveracruz.com\/wp-content\/uploads\/2021\/10\/WhatsApp-Image-2021-10-02-at-15.20.25.jpeg 905w\" sizes=\"auto, (max-width: 212px) 100vw, 212px\" \/><\/a><\/figure>\n<\/div>\n\n\n<p>Es obvio que para haber ido y decir \u00abYo quiero por MORENA en Veracruz\u00bb es porque RECIBI\u00d3 la \u00abbendici\u00f3n\u00bb de L\u00f3pez Obrador.. Nadie en su \u00absano juicio\u00bb va a sentarse con un adversario del Presidente de M\u00e9xico y m\u00e1s si se sabe como act\u00faa en contra de quienes le fallan o piensa que lo traiciona.. Por ello, es que Nahle fue con \u00abEl Teacher\u00bb porque en Palacio Nacional, se lo permitieron y as\u00ed hace leg\u00edtimo al interior de MORENA esta aspiraci\u00f3n.. La \u00abdestaparon\u00bb con L\u00f3pez D\u00f3riga, no con \u00abLord Mol\u00e9cula\u00bb o Jenaro Villamil.. EL JUEGO NO CAMBIA..<\/p>\n\n\n\n<p>Lo que es un hecho es que con este \u00abdestape\u00bb queda claro que Roc\u00edo Nahle, tiene la \u00abbendici\u00f3n\u00bb de L\u00f3pez Obrador y Claudia Sheinbaum para ser la candidata de MORENA por Veracruz.. Y como lo mencionamos ayer en este espacio.. Ella es probable que \u00abjuegue\u00bb su precandidatura sola.. Dif\u00edcilmente alguien se va a inscribir como el aspirante contrincante de Nahle.. Manuel Huerta \u00abda patadas de ahogado\u00bb y Sergio Guti\u00e9rrez Luna, ya no dijo nada al respecto.. As\u00ed las cosas es Nahle\u2026 Ya no pod\u00eda tardar m\u00e1s en hacerlo..<\/p>\n\n\n\n<p>Por ello fue con Joaqu\u00edn L\u00f3pez D\u00f3riga para hacer este \u00abdestape\u00bb.. Necesitaba que un cr\u00edtico de la 4T le hiciera esta pregunta para ella legitimar que va a \u00abluchar\u00bb para lograrlo.. Cuando todos en Veracruz saben que ella tiene a su disposici\u00f3n el aparato de Estado a cargo de Cuitl\u00e1huac Garc\u00eda para que hagan y le financien la campa\u00f1a.. Finalmente, Nahle es la candidata de Cuitl\u00e1huac tambi\u00e9n.. Y al estilo de Claudia Sheinbaum, ella tambi\u00e9n \u00ababre las puertas\u00bb de MORENA en Veracruz para que todos se puedan sumar.. Hasta los del PAN,PRI,PRD<\/p>\n\n\n\n<p>Ahora seguramente como secretaria de Energ\u00eda acudir\u00e1 a Veracruz a hablar de energ\u00eda y de paso contestar si le preguntan de candidaturas al gobierno de Veracruz.. Ya que m\u00e1s puede pasar, si ya lo dijo todo con L\u00f3pez D\u00f3riga.. Seguramente en su gira como titular de SENER puede acudir a municipios como hizo en Misantla, la semana pasada, que es un sitio muy conocido porque tiene que ver con muchos temas energ\u00e9ticos como Coatzacoalcos, Minatitlan o Poza Rica.. As\u00ed que Nahle \u00abbaila sola\u00bb..<\/p>\n\n\n\n<p>Adem\u00e1s la urgencia del \u00abdestape\u00bb con L\u00f3pez-D\u00f3riga se debe tambi\u00e9n para que la ciudadan\u00eda de Veracruz.. Vea en ella, una persona de di\u00e1logo hasta con sus adversarios pol\u00edticos-medi\u00e1ticos.. Que las afrentas de la 4T contra de los medios y sociedad \u00abconservadores o tradicionales\u00bb, no es un tema de ella sino del Presidente, Andr\u00e9s Manuel L\u00f3pez Obrador y que ella no tiene por qu\u00e9 comprar \u00abpleitos ajenos\u00bb.. Por eso, se abre hacia ese sector que no comulgaba con la 4T..<\/p>\n\n\n\n<p>Con esto tambi\u00e9n deja en claro a sus adversarios al interior de MORENA de que \u00abCh\u00edo es la Buena\u00bb y que es momento de sentarse a dialogar para evitar una \u00abfractura\u00bb tipo Claudia Sheinbaum-Marcelo Ebrard en Veracruz.. No quiere que a ella le pase como le sucedi\u00f3 a Javier Duarte y H\u00e9ctor Yunes en 2016 y que por esas \u00abrupturas\u00bb perdi\u00f3 el PRI Veracruz en manos del PAN.. Qui\u00e9n no conoce la historia est\u00e1 condenado a repetirla, pero la historia que se repite es tragedia.. Y ella no quiere quedar como la mujer de la 4T que perdi\u00f3 Veracruz..<\/p>\n\n\n\n<p>Tambi\u00e9n no es un secreto en los pasillos de poder de Veracruz.. Que Roc\u00edo Nahle abre su candidatura a gobernadora hac\u00eda la sociedad porque sabe bien que Pepe y Fernando Yunes como aspirantes de los partidos de la oposici\u00f3n, s\u00f3lo est\u00e1n a 8 puntos de diferencia con ella.. Y una \u00abruptura\u00bb en MORENA Veracruz, por all\u00e1 del mes de noviembre pr\u00f3ximo.. Le pone todo de \u00abcabeza\u00bb.. 8 puntos de diferencia a 9 meses de las elecciones locales.. NO ES NADA Y F\u00c1CIL LE DAN LA VUELTA.. Ese es el temor de Roc\u00edo a los dos Yunes.. Al rojo y al azul..<\/p>\n\n\n\n<p>EN RESUMEN.. Roc\u00edo Nahle tiene que abrirse as\u00ed y pactar hasta con sus adversarios dentro de MORENA porque sabe que los 8 puntos no son nada en una elecci\u00f3n estatal como la del 2024.. Adem\u00e1s Pepe y Fernando son VERACRUZANOS y ella es ZACATECANA.. Ese mote de su origen natal le pesa y mucho.. El 40 por ciento de la poblaci\u00f3n la rechaza por eso, no por otra raz\u00f3n.. Por eso, fue con L\u00f3pez-D\u00f3riga fue un MENSAJE para los Yunes \u00abrojos\u00bb y \u00abazules\u00bb, de que ella est\u00e1 abierta para negociar hasta con ellos.. QUI\u00c9N DICE QUE NO SE PUEDE<\/p>\n\n\n\n<p>PD.. La duda es qu\u00e9 har\u00e1 o qu\u00e9 acciones tomar\u00e1n Eric Cisneros Burgos o Manuel Huerta Ladr\u00f3n de Guevara.. Despu\u00e9s de los dichos de Nahle con el \u00abTeacher\u00bb.. \u00bfHabr\u00e1 rebeli\u00f3n en la \u00abgranja\u00bb al interior de MORENA en Veracruz?.. Se pondr\u00e1n como Ebrard o la \u00abnegociaci\u00f3n\u00bb con ellos ya est\u00e1 hecha, s\u00f3lo falta que la hagan p\u00fablica.. As\u00ed legitiman la aspiraci\u00f3n de Roc\u00edo.. Bien lo dec\u00eda el tuxpe\u00f1o, Jes\u00fas Reyes Heroles: \u00abEl enga\u00f1o en pol\u00edtica es tan dif\u00edcil de ocultar, como la verdad\u00bb.. EL QUE ENTENDI\u00d3, ENTENDI\u00d3.. CHIO ES LA BUENA..<\/p>\n","protected":false},"excerpt":{"rendered":"<p>Ricardo ChuaSale y ValeYa para que la secretar\u00eda de Energ\u00eda del gobierno federal, Roc\u00edo Nahle, haya acudido a \u00abDESTAPARSE\u00bb por primera vez de manera p\u00fablica, que va en busca de la candidatura de MORENA a la gubernatura de Veracruz en 2024, en el noticiero de Joaqu\u00edn L\u00f3pez D\u00f3riga, uno de los dos principales cr\u00edticos pol\u00edtico-medi\u00e1tico [&hellip;]<\/p>\n","protected":false},"author":2,"featured_media":0,"comment_status":"closed","ping_status":"closed","sticky":false,"template":"","format":"standard","meta":{"tdm_status":"","tdm_grid_status":"","footnotes":""},"categories":[70],"tags":[12299,1026,3578,195],"class_list":{"0":"post-111529","1":"post","2":"type-post","3":"status-publish","4":"format-standard","6":"category-de-opinion","7":"tag-eric-cisneros-burgos","8":"tag-morena","9":"tag-rocio-nahle","10":"tag-veracruz"},"yoast_head":"<!-- This site is optimized with the Yoast SEO plugin v27.4 - https:\/\/yoast.com\/product\/yoast-seo-wordpress\/ -->\n<title>ES ROC\u00cdO NAHLE - Los pol\u00edticos Veracruz<\/title>\n<meta name=\"robots\" content=\"index, follow, max-snippet:-1, max-image-preview:large, max-video-preview:-1\" \/>\n<link rel=\"canonical\" href=\"https:\/\/lospoliticosveracruz.com\/?p=111529\" \/>\n<meta property=\"og:locale\" content=\"es_ES\" \/>\n<meta property=\"og:type\" content=\"article\" \/>\n<meta property=\"og:title\" content=\"ES ROC\u00cdO NAHLE - Los pol\u00edticos Veracruz\" \/>\n<meta property=\"og:description\" content=\"Ricardo ChuaSale y ValeYa para que la secretar\u00eda de Energ\u00eda del gobierno federal, Roc\u00edo Nahle, haya acudido a \u00abDESTAPARSE\u00bb por primera vez de manera p\u00fablica, que va en busca de la candidatura de MORENA a la gubernatura de Veracruz en 2024, en el noticiero de Joaqu\u00edn L\u00f3pez D\u00f3riga, uno de los dos principales cr\u00edticos pol\u00edtico-medi\u00e1tico [&hellip;]\" \/>\n<meta property=\"og:url\" content=\"https:\/\/lospoliticosveracruz.com\/?p=111529\" \/>\n<meta property=\"og:site_name\" content=\"Los pol\u00edticos Veracruz\" \/>\n<meta property=\"article:publisher\" content=\"https:\/\/www.facebook.com\/people\/Notimemes-de-los-Polticos\/61565672886568\/\" \/>\n<meta property=\"article:published_time\" content=\"2023-09-14T13:50:28+00:00\" \/>\n<meta property=\"article:modified_time\" content=\"2023-09-14T13:50:46+00:00\" \/>\n<meta property=\"og:image\" content=\"https:\/\/lospoliticosveracruz.com.mx\/wp-content\/uploads\/2021\/10\/WhatsApp-Image-2021-10-02-at-15.20.25-212x300.jpeg\" \/>\n<meta name=\"author\" content=\"Lo viste en Los Pol\u00edticos\" \/>\n<meta name=\"twitter:card\" content=\"summary_large_image\" \/>\n<meta name=\"twitter:creator\" content=\"@LosPoliticosVer\" \/>\n<meta name=\"twitter:site\" content=\"@LosPoliticosVer\" \/>\n<meta name=\"twitter:label1\" content=\"Escrito por\" \/>\n\t<meta name=\"twitter:data1\" content=\"Lo viste en Los Pol\u00edticos\" \/>\n\t<meta name=\"twitter:label2\" content=\"Tiempo de lectura\" \/>\n\t<meta name=\"twitter:data2\" content=\"5 minutos\" \/>\n<script type=\"application\/ld+json\" class=\"yoast-schema-graph\">{\"@context\":\"https:\\\/\\\/schema.org\",\"@graph\":[{\"@type\":\"Article\",\"@id\":\"https:\\\/\\\/lospoliticosveracruz.com\\\/?p=111529#article\",\"isPartOf\":{\"@id\":\"https:\\\/\\\/lospoliticosveracruz.com\\\/?p=111529\"},\"author\":{\"name\":\"Lo viste en Los Pol\u00edticos\",\"@id\":\"https:\\\/\\\/lospoliticosveracruz.com\\\/#\\\/schema\\\/person\\\/b8702bb0e538456e6efd07080bf2a4a2\"},\"headline\":\"ES ROC\u00cdO NAHLE\",\"datePublished\":\"2023-09-14T13:50:28+00:00\",\"dateModified\":\"2023-09-14T13:50:46+00:00\",\"mainEntityOfPage\":{\"@id\":\"https:\\\/\\\/lospoliticosveracruz.com\\\/?p=111529\"},\"wordCount\":1009,\"publisher\":{\"@id\":\"https:\\\/\\\/lospoliticosveracruz.com\\\/#organization\"},\"image\":{\"@id\":\"https:\\\/\\\/lospoliticosveracruz.com\\\/?p=111529#primaryimage\"},\"thumbnailUrl\":\"https:\\\/\\\/lospoliticosveracruz.com.mx\\\/wp-content\\\/uploads\\\/2021\\\/10\\\/WhatsApp-Image-2021-10-02-at-15.20.25-212x300.jpeg\",\"keywords\":[\"Eric Cisneros Burgos\",\"Morena\",\"Roc\u00edo Nahle\",\"Veracruz\"],\"articleSection\":[\"De Opini\u00f3n\"],\"inLanguage\":\"es\"},{\"@type\":\"WebPage\",\"@id\":\"https:\\\/\\\/lospoliticosveracruz.com\\\/?p=111529\",\"url\":\"https:\\\/\\\/lospoliticosveracruz.com\\\/?p=111529\",\"name\":\"ES ROC\u00cdO NAHLE - Los pol\u00edticos Veracruz\",\"isPartOf\":{\"@id\":\"https:\\\/\\\/lospoliticosveracruz.com\\\/#website\"},\"primaryImageOfPage\":{\"@id\":\"https:\\\/\\\/lospoliticosveracruz.com\\\/?p=111529#primaryimage\"},\"image\":{\"@id\":\"https:\\\/\\\/lospoliticosveracruz.com\\\/?p=111529#primaryimage\"},\"thumbnailUrl\":\"https:\\\/\\\/lospoliticosveracruz.com.mx\\\/wp-content\\\/uploads\\\/2021\\\/10\\\/WhatsApp-Image-2021-10-02-at-15.20.25-212x300.jpeg\",\"datePublished\":\"2023-09-14T13:50:28+00:00\",\"dateModified\":\"2023-09-14T13:50:46+00:00\",\"breadcrumb\":{\"@id\":\"https:\\\/\\\/lospoliticosveracruz.com\\\/?p=111529#breadcrumb\"},\"inLanguage\":\"es\",\"potentialAction\":[{\"@type\":\"ReadAction\",\"target\":[\"https:\\\/\\\/lospoliticosveracruz.com\\\/?p=111529\"]}]},{\"@type\":\"ImageObject\",\"inLanguage\":\"es\",\"@id\":\"https:\\\/\\\/lospoliticosveracruz.com\\\/?p=111529#primaryimage\",\"url\":\"https:\\\/\\\/lospoliticosveracruz.com.mx\\\/wp-content\\\/uploads\\\/2021\\\/10\\\/WhatsApp-Image-2021-10-02-at-15.20.25-212x300.jpeg\",\"contentUrl\":\"https:\\\/\\\/lospoliticosveracruz.com.mx\\\/wp-content\\\/uploads\\\/2021\\\/10\\\/WhatsApp-Image-2021-10-02-at-15.20.25-212x300.jpeg\"},{\"@type\":\"BreadcrumbList\",\"@id\":\"https:\\\/\\\/lospoliticosveracruz.com\\\/?p=111529#breadcrumb\",\"itemListElement\":[{\"@type\":\"ListItem\",\"position\":1,\"name\":\"Portada\",\"item\":\"https:\\\/\\\/lospoliticosveracruz.com\\\/\"},{\"@type\":\"ListItem\",\"position\":2,\"name\":\"ES ROC\u00cdO NAHLE\"}]},{\"@type\":\"WebSite\",\"@id\":\"https:\\\/\\\/lospoliticosveracruz.com\\\/#website\",\"url\":\"https:\\\/\\\/lospoliticosveracruz.com\\\/\",\"name\":\"Los pol\u00edticos Veracruz\",\"description\":\"\",\"publisher\":{\"@id\":\"https:\\\/\\\/lospoliticosveracruz.com\\\/#organization\"},\"potentialAction\":[{\"@type\":\"SearchAction\",\"target\":{\"@type\":\"EntryPoint\",\"urlTemplate\":\"https:\\\/\\\/lospoliticosveracruz.com\\\/?s={search_term_string}\"},\"query-input\":{\"@type\":\"PropertyValueSpecification\",\"valueRequired\":true,\"valueName\":\"search_term_string\"}}],\"inLanguage\":\"es\"},{\"@type\":\"Organization\",\"@id\":\"https:\\\/\\\/lospoliticosveracruz.com\\\/#organization\",\"name\":\"Los pol\u00edticos Veracruz\",\"url\":\"https:\\\/\\\/lospoliticosveracruz.com\\\/\",\"logo\":{\"@type\":\"ImageObject\",\"inLanguage\":\"es\",\"@id\":\"https:\\\/\\\/lospoliticosveracruz.com\\\/#\\\/schema\\\/logo\\\/image\\\/\",\"url\":\"https:\\\/\\\/lospoliticosveracruz.com\\\/wp-content\\\/uploads\\\/2025\\\/12\\\/Logo-Nuevo-LOS-POLITICOS-1.jpg\",\"contentUrl\":\"https:\\\/\\\/lospoliticosveracruz.com\\\/wp-content\\\/uploads\\\/2025\\\/12\\\/Logo-Nuevo-LOS-POLITICOS-1.jpg\",\"width\":260,\"height\":70,\"caption\":\"Los pol\u00edticos Veracruz\"},\"image\":{\"@id\":\"https:\\\/\\\/lospoliticosveracruz.com\\\/#\\\/schema\\\/logo\\\/image\\\/\"},\"sameAs\":[\"https:\\\/\\\/www.facebook.com\\\/people\\\/Notimemes-de-los-Polticos\\\/61565672886568\\\/\",\"https:\\\/\\\/x.com\\\/LosPoliticosVer\"]},{\"@type\":\"Person\",\"@id\":\"https:\\\/\\\/lospoliticosveracruz.com\\\/#\\\/schema\\\/person\\\/b8702bb0e538456e6efd07080bf2a4a2\",\"name\":\"Lo viste en Los Pol\u00edticos\",\"image\":{\"@type\":\"ImageObject\",\"inLanguage\":\"es\",\"@id\":\"https:\\\/\\\/secure.gravatar.com\\\/avatar\\\/3a8de04a2656d44082be478bd6c086daa447c4651605818287b9532d3d0bd435?s=96&d=mm&r=g\",\"url\":\"https:\\\/\\\/secure.gravatar.com\\\/avatar\\\/3a8de04a2656d44082be478bd6c086daa447c4651605818287b9532d3d0bd435?s=96&d=mm&r=g\",\"contentUrl\":\"https:\\\/\\\/secure.gravatar.com\\\/avatar\\\/3a8de04a2656d44082be478bd6c086daa447c4651605818287b9532d3d0bd435?s=96&d=mm&r=g\",\"caption\":\"Lo viste en Los Pol\u00edticos\"},\"url\":\"https:\\\/\\\/lospoliticosveracruz.com\\\/?author=2\"}]}<\/script>\n<!-- \/ Yoast SEO plugin. -->","yoast_head_json":{"title":"ES ROC\u00cdO NAHLE - Los pol\u00edticos Veracruz","robots":{"index":"index","follow":"follow","max-snippet":"max-snippet:-1","max-image-preview":"max-image-preview:large","max-video-preview":"max-video-preview:-1"},"canonical":"https:\/\/lospoliticosveracruz.com\/?p=111529","og_locale":"es_ES","og_type":"article","og_title":"ES ROC\u00cdO NAHLE - Los pol\u00edticos Veracruz","og_description":"Ricardo ChuaSale y ValeYa para que la secretar\u00eda de Energ\u00eda del gobierno federal, Roc\u00edo Nahle, haya acudido a \u00abDESTAPARSE\u00bb por primera vez de manera p\u00fablica, que va en busca de la candidatura de MORENA a la gubernatura de Veracruz en 2024, en el noticiero de Joaqu\u00edn L\u00f3pez D\u00f3riga, uno de los dos principales cr\u00edticos pol\u00edtico-medi\u00e1tico [&hellip;]","og_url":"https:\/\/lospoliticosveracruz.com\/?p=111529","og_site_name":"Los pol\u00edticos Veracruz","article_publisher":"https:\/\/www.facebook.com\/people\/Notimemes-de-los-Polticos\/61565672886568\/","article_published_time":"2023-09-14T13:50:28+00:00","article_modified_time":"2023-09-14T13:50:46+00:00","og_image":[{"url":"https:\/\/lospoliticosveracruz.com.mx\/wp-content\/uploads\/2021\/10\/WhatsApp-Image-2021-10-02-at-15.20.25-212x300.jpeg","type":"","width":"","height":""}],"author":"Lo viste en Los Pol\u00edticos","twitter_card":"summary_large_image","twitter_creator":"@LosPoliticosVer","twitter_site":"@LosPoliticosVer","twitter_misc":{"Escrito por":"Lo viste en Los Pol\u00edticos","Tiempo de lectura":"5 minutos"},"schema":{"@context":"https:\/\/schema.org","@graph":[{"@type":"Article","@id":"https:\/\/lospoliticosveracruz.com\/?p=111529#article","isPartOf":{"@id":"https:\/\/lospoliticosveracruz.com\/?p=111529"},"author":{"name":"Lo viste en Los Pol\u00edticos","@id":"https:\/\/lospoliticosveracruz.com\/#\/schema\/person\/b8702bb0e538456e6efd07080bf2a4a2"},"headline":"ES ROC\u00cdO NAHLE","datePublished":"2023-09-14T13:50:28+00:00","dateModified":"2023-09-14T13:50:46+00:00","mainEntityOfPage":{"@id":"https:\/\/lospoliticosveracruz.com\/?p=111529"},"wordCount":1009,"publisher":{"@id":"https:\/\/lospoliticosveracruz.com\/#organization"},"image":{"@id":"https:\/\/lospoliticosveracruz.com\/?p=111529#primaryimage"},"thumbnailUrl":"https:\/\/lospoliticosveracruz.com.mx\/wp-content\/uploads\/2021\/10\/WhatsApp-Image-2021-10-02-at-15.20.25-212x300.jpeg","keywords":["Eric Cisneros Burgos","Morena","Roc\u00edo Nahle","Veracruz"],"articleSection":["De Opini\u00f3n"],"inLanguage":"es"},{"@type":"WebPage","@id":"https:\/\/lospoliticosveracruz.com\/?p=111529","url":"https:\/\/lospoliticosveracruz.com\/?p=111529","name":"ES ROC\u00cdO NAHLE - Los pol\u00edticos Veracruz","isPartOf":{"@id":"https:\/\/lospoliticosveracruz.com\/#website"},"primaryImageOfPage":{"@id":"https:\/\/lospoliticosveracruz.com\/?p=111529#primaryimage"},"image":{"@id":"https:\/\/lospoliticosveracruz.com\/?p=111529#primaryimage"},"thumbnailUrl":"https:\/\/lospoliticosveracruz.com.mx\/wp-content\/uploads\/2021\/10\/WhatsApp-Image-2021-10-02-at-15.20.25-212x300.jpeg","datePublished":"2023-09-14T13:50:28+00:00","dateModified":"2023-09-14T13:50:46+00:00","breadcrumb":{"@id":"https:\/\/lospoliticosveracruz.com\/?p=111529#breadcrumb"},"inLanguage":"es","potentialAction":[{"@type":"ReadAction","target":["https:\/\/lospoliticosveracruz.com\/?p=111529"]}]},{"@type":"ImageObject","inLanguage":"es","@id":"https:\/\/lospoliticosveracruz.com\/?p=111529#primaryimage","url":"https:\/\/lospoliticosveracruz.com.mx\/wp-content\/uploads\/2021\/10\/WhatsApp-Image-2021-10-02-at-15.20.25-212x300.jpeg","contentUrl":"https:\/\/lospoliticosveracruz.com.mx\/wp-content\/uploads\/2021\/10\/WhatsApp-Image-2021-10-02-at-15.20.25-212x300.jpeg"},{"@type":"BreadcrumbList","@id":"https:\/\/lospoliticosveracruz.com\/?p=111529#breadcrumb","itemListElement":[{"@type":"ListItem","position":1,"name":"Portada","item":"https:\/\/lospoliticosveracruz.com\/"},{"@type":"ListItem","position":2,"name":"ES ROC\u00cdO NAHLE"}]},{"@type":"WebSite","@id":"https:\/\/lospoliticosveracruz.com\/#website","url":"https:\/\/lospoliticosveracruz.com\/","name":"Los pol\u00edticos Veracruz","description":"","publisher":{"@id":"https:\/\/lospoliticosveracruz.com\/#organization"},"potentialAction":[{"@type":"SearchAction","target":{"@type":"EntryPoint","urlTemplate":"https:\/\/lospoliticosveracruz.com\/?s={search_term_string}"},"query-input":{"@type":"PropertyValueSpecification","valueRequired":true,"valueName":"search_term_string"}}],"inLanguage":"es"},{"@type":"Organization","@id":"https:\/\/lospoliticosveracruz.com\/#organization","name":"Los pol\u00edticos Veracruz","url":"https:\/\/lospoliticosveracruz.com\/","logo":{"@type":"ImageObject","inLanguage":"es","@id":"https:\/\/lospoliticosveracruz.com\/#\/schema\/logo\/image\/","url":"https:\/\/lospoliticosveracruz.com\/wp-content\/uploads\/2025\/12\/Logo-Nuevo-LOS-POLITICOS-1.jpg","contentUrl":"https:\/\/lospoliticosveracruz.com\/wp-content\/uploads\/2025\/12\/Logo-Nuevo-LOS-POLITICOS-1.jpg","width":260,"height":70,"caption":"Los pol\u00edticos Veracruz"},"image":{"@id":"https:\/\/lospoliticosveracruz.com\/#\/schema\/logo\/image\/"},"sameAs":["https:\/\/www.facebook.com\/people\/Notimemes-de-los-Polticos\/61565672886568\/","https:\/\/x.com\/LosPoliticosVer"]},{"@type":"Person","@id":"https:\/\/lospoliticosveracruz.com\/#\/schema\/person\/b8702bb0e538456e6efd07080bf2a4a2","name":"Lo viste en Los Pol\u00edticos","image":{"@type":"ImageObject","inLanguage":"es","@id":"https:\/\/secure.gravatar.com\/avatar\/3a8de04a2656d44082be478bd6c086daa447c4651605818287b9532d3d0bd435?s=96&d=mm&r=g","url":"https:\/\/secure.gravatar.com\/avatar\/3a8de04a2656d44082be478bd6c086daa447c4651605818287b9532d3d0bd435?s=96&d=mm&r=g","contentUrl":"https:\/\/secure.gravatar.com\/avatar\/3a8de04a2656d44082be478bd6c086daa447c4651605818287b9532d3d0bd435?s=96&d=mm&r=g","caption":"Lo viste en Los Pol\u00edticos"},"url":"https:\/\/lospoliticosveracruz.com\/?author=2"}]}},"_links":{"self":[{"href":"https:\/\/lospoliticosveracruz.com\/index.php?rest_route=\/wp\/v2\/posts\/111529","targetHints":{"allow":["GET"]}}],"collection":[{"href":"https:\/\/lospoliticosveracruz.com\/index.php?rest_route=\/wp\/v2\/posts"}],"about":[{"href":"https:\/\/lospoliticosveracruz.com\/index.php?rest_route=\/wp\/v2\/types\/post"}],"author":[{"embeddable":true,"href":"https:\/\/lospoliticosveracruz.com\/index.php?rest_route=\/wp\/v2\/users\/2"}],"replies":[{"embeddable":true,"href":"https:\/\/lospoliticosveracruz.com\/index.php?rest_route=%2Fwp%2Fv2%2Fcomments&post=111529"}],"version-history":[{"count":1,"href":"https:\/\/lospoliticosveracruz.com\/index.php?rest_route=\/wp\/v2\/posts\/111529\/revisions"}],"predecessor-version":[{"id":111530,"href":"https:\/\/lospoliticosveracruz.com\/index.php?rest_route=\/wp\/v2\/posts\/111529\/revisions\/111530"}],"wp:attachment":[{"href":"https:\/\/lospoliticosveracruz.com\/index.php?rest_route=%2Fwp%2Fv2%2Fmedia&parent=111529"}],"wp:term":[{"taxonomy":"category","embeddable":true,"href":"https:\/\/lospoliticosveracruz.com\/index.php?rest_route=%2Fwp%2Fv2%2Fcategories&post=111529"},{"taxonomy":"post_tag","embeddable":true,"href":"https:\/\/lospoliticosveracruz.com\/index.php?rest_route=%2Fwp%2Fv2%2Ftags&post=111529"}],"curies":[{"name":"wp","href":"https:\/\/api.w.org\/{rel}","templated":true}]}}