{"id":111544,"date":"2023-09-14T11:25:50","date_gmt":"2023-09-14T16:25:50","guid":{"rendered":"https:\/\/lospoliticosveracruz.com.mx\/?p=111544"},"modified":"2023-09-14T11:25:54","modified_gmt":"2023-09-14T16:25:54","slug":"el-sudoku-de-los-gobernadores","status":"publish","type":"post","link":"https:\/\/lospoliticosveracruz.com\/?p=111544","title":{"rendered":"EL SUDOKU DE LOS GOBERNADORES"},"content":{"rendered":"\n<p><strong>Sergio Gonz\u00e1lez Levet<\/strong><\/p>\n\n\n\n<p><em>Sin tacto<\/em><\/p>\n\n\n\n<p>Sigo entretejiendo sobre el tema de la azarosa elecci\u00f3n de candidatos que deber\u00e1 afrontar el Frente Amplio por M\u00e9xico (FAM), debido a la inconmensurable serie de limitaciones pol\u00edticas y legales que se deber\u00e1n tomar en cuenta, para poder armar lo que el ex dirigente del PRI estatal, Renato Alarc\u00f3n Guevara, llama el sudoku electoral. No omito decir que lo plasmado en adelante lo vierto a partir de las explicaciones de quien a la fecha es Presidente de la Fundaci\u00f3n Colosio Veracruz.<\/p>\n\n\n\n<figure class=\"wp-block-embed is-type-video is-provider-youtube wp-block-embed-youtube wp-embed-aspect-16-9 wp-has-aspect-ratio\"><div class=\"wp-block-embed__wrapper\">\n<iframe loading=\"lazy\" title=\"Cluster Coworking\" width=\"696\" height=\"392\" src=\"https:\/\/www.youtube.com\/embed\/Nxe-vxf8GuY?feature=oembed\" frameborder=\"0\" allow=\"accelerometer; autoplay; clipboard-write; encrypted-media; gyroscope; picture-in-picture; web-share\" referrerpolicy=\"strict-origin-when-cross-origin\" allowfullscreen><\/iframe>\n<\/div><\/figure>\n\n\n\n<p>&nbsp;&nbsp;&nbsp;&nbsp; Ayer me refer\u00ed al embrollo descomunal que implicar\u00e1 seleccionar a candidatos para los 20,246 puestos que ser\u00e1n renovados a trav\u00e9s de la votaci\u00f3n ciudadana el 2 de junio de 2024. Hoy me circunscribo a tratar solamente el caso de los ocho gobernadores y el jefe de la CdMx, que ser\u00e1n relevados el a\u00f1o entrante.<\/p>\n\n\n\n<p>&nbsp;&nbsp;&nbsp;&nbsp; Vamos a ver: son la Ciudad de M\u00e9xico, Jalisco, Veracruz, Puebla, Guanajuato, Yucat\u00e1n, Chiapas, Morelos y Tabasco. Eso quiere decir que en el caso espec\u00edfico del FAM tendr\u00e1 que poner cuatro mujeres y cinco hombres, o cinco mujeres y cuatro hombres, seg\u00fan decrete el Consejo General del INE en su momento. Eso en lo que la ley se\u00f1ala, pero en lo pol\u00edtico tambi\u00e9n tendr\u00e1 repartir los candidatos entre los tres partidos coaligados.<\/p>\n\n\n\n<p>&nbsp;&nbsp;&nbsp;&nbsp; De esa manera, el FAM tendr\u00e1 que postular a cuatro mujeres, cinco hombres, cuatro panistas, cuatro priistas y tal vez un perredista. Y se puede dar el caso de que haya alg\u00fan candidato promovido desde la sociedad, pero tendr\u00eda que arroparse a alguno de los tres partidos del FAM.<\/p>\n\n\n\n<p>&nbsp;&nbsp;&nbsp;&nbsp; Ahora mire usted c\u00f3mo viene la cosa ya en los hechos.<\/p>\n\n\n\n<p>&nbsp;&nbsp;&nbsp;&nbsp; Para la CdMx estaba enderezada X\u00f3chitl G\u00e1lvez puesta por el PAN, pero como AMLO nos hizo el favor de subirla a candidata del pueblo para la Presidencia de la Rep\u00fablica, quedan nuevas opciones. Una, el PAN lleva mano y postula a otra mujer, que podr\u00eda ser L\u00eda Lim\u00f3n. Dos, el PAN postula a un hombre, por ejemplo Santiago Taboada Cortina, el alcalde actual de Benito Ju\u00e1rez. Tres, el PRI toma la estafeta y propone a Beatriz Paredes.<\/p>\n\n\n\n<p>&nbsp;&nbsp;&nbsp; &nbsp;Los casos posibles son que en la CdMx vaya una mujer panista, un hombre panista o una mujer priista. Y es casi seguro que en Yucat\u00e1n vaya un hombre panista y en Guanajuato igual porque en esos estados gobiernan los blanquiazules. Si fuera Beatriz para la capital, tendr\u00edamos hasta ah\u00ed dos panistas hombres y una priista mujer. Y en Puebla encabeza el alcalde panista de la capital del estado, as\u00ed que ya tenemos tres panistas, tres hombres y una priista mujer. En el armado del sudoku renatista, pareciera que la pieza a acomodar en Veracruz ser\u00eda \u00a1una mujer priista!<\/p>\n\n\n\n<p>&nbsp;&nbsp;&nbsp;&nbsp; \u00bfYa se dio usted cuenta? Si insisten en poner a un hombre del PAN en nuestro estado tendr\u00edan que mover a un candidato hombre en otro lugar.<\/p>\n\n\n\n<p>&nbsp;&nbsp;&nbsp;&nbsp; Y as\u00ed se van moviendo las fichas hasta que llega un punto en el que pareciera que no hay una soluci\u00f3n posible. Sin embargo, hay una llave que puede facilitar el tr\u00e1nsito hacia una definici\u00f3n plausible: el m\u00e9todo.<\/p>\n\n\n\n<p>&nbsp;&nbsp;&nbsp;&nbsp; Pero eso lo tratar\u00e9 de explicar ma\u00f1ana, con su permiso.<\/p>\n\n\n\n<p>sglevet@gmail.com<\/p>\n","protected":false},"excerpt":{"rendered":"<p>Sergio Gonz\u00e1lez Levet Sin tacto Sigo entretejiendo sobre el tema de la azarosa elecci\u00f3n de candidatos que deber\u00e1 afrontar el Frente Amplio por M\u00e9xico (FAM), debido a la inconmensurable serie de limitaciones pol\u00edticas y legales que se deber\u00e1n tomar en cuenta, para poder armar lo que el ex dirigente del PRI estatal, Renato Alarc\u00f3n Guevara, [&hellip;]<\/p>\n","protected":false},"author":2,"featured_media":0,"comment_status":"closed","ping_status":"closed","sticky":false,"template":"","format":"standard","meta":{"tdm_status":"","tdm_grid_status":"","footnotes":""},"categories":[70],"tags":[915,1128,17531],"class_list":{"0":"post-111544","1":"post","2":"type-post","3":"status-publish","4":"format-standard","6":"category-de-opinion","7":"tag-pri-estatal","8":"tag-renato-alarcon-guevara","9":"tag-xochitl-galvez"},"yoast_head":"<!-- This site is optimized with the Yoast SEO plugin v27.4 - https:\/\/yoast.com\/product\/yoast-seo-wordpress\/ -->\n<title>EL SUDOKU DE LOS GOBERNADORES - Los pol\u00edticos Veracruz<\/title>\n<meta name=\"robots\" content=\"index, follow, max-snippet:-1, max-image-preview:large, max-video-preview:-1\" \/>\n<link rel=\"canonical\" href=\"https:\/\/lospoliticosveracruz.com\/?p=111544\" \/>\n<meta property=\"og:locale\" content=\"es_ES\" \/>\n<meta property=\"og:type\" content=\"article\" \/>\n<meta property=\"og:title\" content=\"EL SUDOKU DE LOS GOBERNADORES - Los pol\u00edticos Veracruz\" \/>\n<meta property=\"og:description\" content=\"Sergio Gonz\u00e1lez Levet Sin tacto Sigo entretejiendo sobre el tema de la azarosa elecci\u00f3n de candidatos que deber\u00e1 afrontar el Frente Amplio por M\u00e9xico (FAM), debido a la inconmensurable serie de limitaciones pol\u00edticas y legales que se deber\u00e1n tomar en cuenta, para poder armar lo que el ex dirigente del PRI estatal, Renato Alarc\u00f3n Guevara, [&hellip;]\" \/>\n<meta property=\"og:url\" content=\"https:\/\/lospoliticosveracruz.com\/?p=111544\" \/>\n<meta property=\"og:site_name\" content=\"Los pol\u00edticos Veracruz\" \/>\n<meta property=\"article:publisher\" content=\"https:\/\/www.facebook.com\/people\/Notimemes-de-los-Polticos\/61565672886568\/\" \/>\n<meta property=\"article:published_time\" content=\"2023-09-14T16:25:50+00:00\" \/>\n<meta property=\"article:modified_time\" content=\"2023-09-14T16:25:54+00:00\" \/>\n<meta property=\"og:image\" content=\"https:\/\/lospoliticosveracruz.com\/wp-content\/uploads\/2016\/07\/Logo-Dor.jpg\" \/>\n\t<meta property=\"og:image:width\" content=\"200\" \/>\n\t<meta property=\"og:image:height\" content=\"200\" \/>\n\t<meta property=\"og:image:type\" content=\"image\/jpeg\" \/>\n<meta name=\"author\" content=\"Lo viste en Los Pol\u00edticos\" \/>\n<meta name=\"twitter:card\" content=\"summary_large_image\" \/>\n<meta name=\"twitter:creator\" content=\"@LosPoliticosVer\" \/>\n<meta name=\"twitter:site\" content=\"@LosPoliticosVer\" \/>\n<meta name=\"twitter:label1\" content=\"Escrito por\" \/>\n\t<meta name=\"twitter:data1\" content=\"Lo viste en Los Pol\u00edticos\" \/>\n\t<meta name=\"twitter:label2\" content=\"Tiempo de lectura\" \/>\n\t<meta name=\"twitter:data2\" content=\"3 minutos\" \/>\n<script type=\"application\/ld+json\" class=\"yoast-schema-graph\">{\"@context\":\"https:\\\/\\\/schema.org\",\"@graph\":[{\"@type\":\"Article\",\"@id\":\"https:\\\/\\\/lospoliticosveracruz.com\\\/?p=111544#article\",\"isPartOf\":{\"@id\":\"https:\\\/\\\/lospoliticosveracruz.com\\\/?p=111544\"},\"author\":{\"name\":\"Lo viste en Los Pol\u00edticos\",\"@id\":\"https:\\\/\\\/lospoliticosveracruz.com\\\/#\\\/schema\\\/person\\\/b8702bb0e538456e6efd07080bf2a4a2\"},\"headline\":\"EL SUDOKU DE LOS GOBERNADORES\",\"datePublished\":\"2023-09-14T16:25:50+00:00\",\"dateModified\":\"2023-09-14T16:25:54+00:00\",\"mainEntityOfPage\":{\"@id\":\"https:\\\/\\\/lospoliticosveracruz.com\\\/?p=111544\"},\"wordCount\":607,\"publisher\":{\"@id\":\"https:\\\/\\\/lospoliticosveracruz.com\\\/#organization\"},\"keywords\":[\"PRI estatal\",\"Renato Alarc\u00f3n Guevara\",\"X\u00f3chitl G\u00e1lvez\"],\"articleSection\":[\"De Opini\u00f3n\"],\"inLanguage\":\"es\"},{\"@type\":\"WebPage\",\"@id\":\"https:\\\/\\\/lospoliticosveracruz.com\\\/?p=111544\",\"url\":\"https:\\\/\\\/lospoliticosveracruz.com\\\/?p=111544\",\"name\":\"EL SUDOKU DE LOS GOBERNADORES - Los pol\u00edticos Veracruz\",\"isPartOf\":{\"@id\":\"https:\\\/\\\/lospoliticosveracruz.com\\\/#website\"},\"datePublished\":\"2023-09-14T16:25:50+00:00\",\"dateModified\":\"2023-09-14T16:25:54+00:00\",\"breadcrumb\":{\"@id\":\"https:\\\/\\\/lospoliticosveracruz.com\\\/?p=111544#breadcrumb\"},\"inLanguage\":\"es\",\"potentialAction\":[{\"@type\":\"ReadAction\",\"target\":[\"https:\\\/\\\/lospoliticosveracruz.com\\\/?p=111544\"]}]},{\"@type\":\"BreadcrumbList\",\"@id\":\"https:\\\/\\\/lospoliticosveracruz.com\\\/?p=111544#breadcrumb\",\"itemListElement\":[{\"@type\":\"ListItem\",\"position\":1,\"name\":\"Portada\",\"item\":\"https:\\\/\\\/lospoliticosveracruz.com\\\/\"},{\"@type\":\"ListItem\",\"position\":2,\"name\":\"EL SUDOKU DE LOS GOBERNADORES\"}]},{\"@type\":\"WebSite\",\"@id\":\"https:\\\/\\\/lospoliticosveracruz.com\\\/#website\",\"url\":\"https:\\\/\\\/lospoliticosveracruz.com\\\/\",\"name\":\"Los pol\u00edticos Veracruz\",\"description\":\"\",\"publisher\":{\"@id\":\"https:\\\/\\\/lospoliticosveracruz.com\\\/#organization\"},\"potentialAction\":[{\"@type\":\"SearchAction\",\"target\":{\"@type\":\"EntryPoint\",\"urlTemplate\":\"https:\\\/\\\/lospoliticosveracruz.com\\\/?s={search_term_string}\"},\"query-input\":{\"@type\":\"PropertyValueSpecification\",\"valueRequired\":true,\"valueName\":\"search_term_string\"}}],\"inLanguage\":\"es\"},{\"@type\":\"Organization\",\"@id\":\"https:\\\/\\\/lospoliticosveracruz.com\\\/#organization\",\"name\":\"Los pol\u00edticos Veracruz\",\"url\":\"https:\\\/\\\/lospoliticosveracruz.com\\\/\",\"logo\":{\"@type\":\"ImageObject\",\"inLanguage\":\"es\",\"@id\":\"https:\\\/\\\/lospoliticosveracruz.com\\\/#\\\/schema\\\/logo\\\/image\\\/\",\"url\":\"https:\\\/\\\/lospoliticosveracruz.com\\\/wp-content\\\/uploads\\\/2025\\\/12\\\/Logo-Nuevo-LOS-POLITICOS-1.jpg\",\"contentUrl\":\"https:\\\/\\\/lospoliticosveracruz.com\\\/wp-content\\\/uploads\\\/2025\\\/12\\\/Logo-Nuevo-LOS-POLITICOS-1.jpg\",\"width\":260,\"height\":70,\"caption\":\"Los pol\u00edticos Veracruz\"},\"image\":{\"@id\":\"https:\\\/\\\/lospoliticosveracruz.com\\\/#\\\/schema\\\/logo\\\/image\\\/\"},\"sameAs\":[\"https:\\\/\\\/www.facebook.com\\\/people\\\/Notimemes-de-los-Polticos\\\/61565672886568\\\/\",\"https:\\\/\\\/x.com\\\/LosPoliticosVer\"]},{\"@type\":\"Person\",\"@id\":\"https:\\\/\\\/lospoliticosveracruz.com\\\/#\\\/schema\\\/person\\\/b8702bb0e538456e6efd07080bf2a4a2\",\"name\":\"Lo viste en Los Pol\u00edticos\",\"image\":{\"@type\":\"ImageObject\",\"inLanguage\":\"es\",\"@id\":\"https:\\\/\\\/secure.gravatar.com\\\/avatar\\\/3a8de04a2656d44082be478bd6c086daa447c4651605818287b9532d3d0bd435?s=96&d=mm&r=g\",\"url\":\"https:\\\/\\\/secure.gravatar.com\\\/avatar\\\/3a8de04a2656d44082be478bd6c086daa447c4651605818287b9532d3d0bd435?s=96&d=mm&r=g\",\"contentUrl\":\"https:\\\/\\\/secure.gravatar.com\\\/avatar\\\/3a8de04a2656d44082be478bd6c086daa447c4651605818287b9532d3d0bd435?s=96&d=mm&r=g\",\"caption\":\"Lo viste en Los Pol\u00edticos\"},\"url\":\"https:\\\/\\\/lospoliticosveracruz.com\\\/?author=2\"}]}<\/script>\n<!-- \/ Yoast SEO plugin. -->","yoast_head_json":{"title":"EL SUDOKU DE LOS GOBERNADORES - Los pol\u00edticos Veracruz","robots":{"index":"index","follow":"follow","max-snippet":"max-snippet:-1","max-image-preview":"max-image-preview:large","max-video-preview":"max-video-preview:-1"},"canonical":"https:\/\/lospoliticosveracruz.com\/?p=111544","og_locale":"es_ES","og_type":"article","og_title":"EL SUDOKU DE LOS GOBERNADORES - Los pol\u00edticos Veracruz","og_description":"Sergio Gonz\u00e1lez Levet Sin tacto Sigo entretejiendo sobre el tema de la azarosa elecci\u00f3n de candidatos que deber\u00e1 afrontar el Frente Amplio por M\u00e9xico (FAM), debido a la inconmensurable serie de limitaciones pol\u00edticas y legales que se deber\u00e1n tomar en cuenta, para poder armar lo que el ex dirigente del PRI estatal, Renato Alarc\u00f3n Guevara, [&hellip;]","og_url":"https:\/\/lospoliticosveracruz.com\/?p=111544","og_site_name":"Los pol\u00edticos Veracruz","article_publisher":"https:\/\/www.facebook.com\/people\/Notimemes-de-los-Polticos\/61565672886568\/","article_published_time":"2023-09-14T16:25:50+00:00","article_modified_time":"2023-09-14T16:25:54+00:00","og_image":[{"width":200,"height":200,"url":"https:\/\/lospoliticosveracruz.com\/wp-content\/uploads\/2016\/07\/Logo-Dor.jpg","type":"image\/jpeg"}],"author":"Lo viste en Los Pol\u00edticos","twitter_card":"summary_large_image","twitter_creator":"@LosPoliticosVer","twitter_site":"@LosPoliticosVer","twitter_misc":{"Escrito por":"Lo viste en Los Pol\u00edticos","Tiempo de lectura":"3 minutos"},"schema":{"@context":"https:\/\/schema.org","@graph":[{"@type":"Article","@id":"https:\/\/lospoliticosveracruz.com\/?p=111544#article","isPartOf":{"@id":"https:\/\/lospoliticosveracruz.com\/?p=111544"},"author":{"name":"Lo viste en Los Pol\u00edticos","@id":"https:\/\/lospoliticosveracruz.com\/#\/schema\/person\/b8702bb0e538456e6efd07080bf2a4a2"},"headline":"EL SUDOKU DE LOS GOBERNADORES","datePublished":"2023-09-14T16:25:50+00:00","dateModified":"2023-09-14T16:25:54+00:00","mainEntityOfPage":{"@id":"https:\/\/lospoliticosveracruz.com\/?p=111544"},"wordCount":607,"publisher":{"@id":"https:\/\/lospoliticosveracruz.com\/#organization"},"keywords":["PRI estatal","Renato Alarc\u00f3n Guevara","X\u00f3chitl G\u00e1lvez"],"articleSection":["De Opini\u00f3n"],"inLanguage":"es"},{"@type":"WebPage","@id":"https:\/\/lospoliticosveracruz.com\/?p=111544","url":"https:\/\/lospoliticosveracruz.com\/?p=111544","name":"EL SUDOKU DE LOS GOBERNADORES - Los pol\u00edticos Veracruz","isPartOf":{"@id":"https:\/\/lospoliticosveracruz.com\/#website"},"datePublished":"2023-09-14T16:25:50+00:00","dateModified":"2023-09-14T16:25:54+00:00","breadcrumb":{"@id":"https:\/\/lospoliticosveracruz.com\/?p=111544#breadcrumb"},"inLanguage":"es","potentialAction":[{"@type":"ReadAction","target":["https:\/\/lospoliticosveracruz.com\/?p=111544"]}]},{"@type":"BreadcrumbList","@id":"https:\/\/lospoliticosveracruz.com\/?p=111544#breadcrumb","itemListElement":[{"@type":"ListItem","position":1,"name":"Portada","item":"https:\/\/lospoliticosveracruz.com\/"},{"@type":"ListItem","position":2,"name":"EL SUDOKU DE LOS GOBERNADORES"}]},{"@type":"WebSite","@id":"https:\/\/lospoliticosveracruz.com\/#website","url":"https:\/\/lospoliticosveracruz.com\/","name":"Los pol\u00edticos Veracruz","description":"","publisher":{"@id":"https:\/\/lospoliticosveracruz.com\/#organization"},"potentialAction":[{"@type":"SearchAction","target":{"@type":"EntryPoint","urlTemplate":"https:\/\/lospoliticosveracruz.com\/?s={search_term_string}"},"query-input":{"@type":"PropertyValueSpecification","valueRequired":true,"valueName":"search_term_string"}}],"inLanguage":"es"},{"@type":"Organization","@id":"https:\/\/lospoliticosveracruz.com\/#organization","name":"Los pol\u00edticos Veracruz","url":"https:\/\/lospoliticosveracruz.com\/","logo":{"@type":"ImageObject","inLanguage":"es","@id":"https:\/\/lospoliticosveracruz.com\/#\/schema\/logo\/image\/","url":"https:\/\/lospoliticosveracruz.com\/wp-content\/uploads\/2025\/12\/Logo-Nuevo-LOS-POLITICOS-1.jpg","contentUrl":"https:\/\/lospoliticosveracruz.com\/wp-content\/uploads\/2025\/12\/Logo-Nuevo-LOS-POLITICOS-1.jpg","width":260,"height":70,"caption":"Los pol\u00edticos Veracruz"},"image":{"@id":"https:\/\/lospoliticosveracruz.com\/#\/schema\/logo\/image\/"},"sameAs":["https:\/\/www.facebook.com\/people\/Notimemes-de-los-Polticos\/61565672886568\/","https:\/\/x.com\/LosPoliticosVer"]},{"@type":"Person","@id":"https:\/\/lospoliticosveracruz.com\/#\/schema\/person\/b8702bb0e538456e6efd07080bf2a4a2","name":"Lo viste en Los Pol\u00edticos","image":{"@type":"ImageObject","inLanguage":"es","@id":"https:\/\/secure.gravatar.com\/avatar\/3a8de04a2656d44082be478bd6c086daa447c4651605818287b9532d3d0bd435?s=96&d=mm&r=g","url":"https:\/\/secure.gravatar.com\/avatar\/3a8de04a2656d44082be478bd6c086daa447c4651605818287b9532d3d0bd435?s=96&d=mm&r=g","contentUrl":"https:\/\/secure.gravatar.com\/avatar\/3a8de04a2656d44082be478bd6c086daa447c4651605818287b9532d3d0bd435?s=96&d=mm&r=g","caption":"Lo viste en Los Pol\u00edticos"},"url":"https:\/\/lospoliticosveracruz.com\/?author=2"}]}},"_links":{"self":[{"href":"https:\/\/lospoliticosveracruz.com\/index.php?rest_route=\/wp\/v2\/posts\/111544","targetHints":{"allow":["GET"]}}],"collection":[{"href":"https:\/\/lospoliticosveracruz.com\/index.php?rest_route=\/wp\/v2\/posts"}],"about":[{"href":"https:\/\/lospoliticosveracruz.com\/index.php?rest_route=\/wp\/v2\/types\/post"}],"author":[{"embeddable":true,"href":"https:\/\/lospoliticosveracruz.com\/index.php?rest_route=\/wp\/v2\/users\/2"}],"replies":[{"embeddable":true,"href":"https:\/\/lospoliticosveracruz.com\/index.php?rest_route=%2Fwp%2Fv2%2Fcomments&post=111544"}],"version-history":[{"count":1,"href":"https:\/\/lospoliticosveracruz.com\/index.php?rest_route=\/wp\/v2\/posts\/111544\/revisions"}],"predecessor-version":[{"id":111545,"href":"https:\/\/lospoliticosveracruz.com\/index.php?rest_route=\/wp\/v2\/posts\/111544\/revisions\/111545"}],"wp:attachment":[{"href":"https:\/\/lospoliticosveracruz.com\/index.php?rest_route=%2Fwp%2Fv2%2Fmedia&parent=111544"}],"wp:term":[{"taxonomy":"category","embeddable":true,"href":"https:\/\/lospoliticosveracruz.com\/index.php?rest_route=%2Fwp%2Fv2%2Fcategories&post=111544"},{"taxonomy":"post_tag","embeddable":true,"href":"https:\/\/lospoliticosveracruz.com\/index.php?rest_route=%2Fwp%2Fv2%2Ftags&post=111544"}],"curies":[{"name":"wp","href":"https:\/\/api.w.org\/{rel}","templated":true}]}}