{"id":111546,"date":"2023-09-14T11:32:43","date_gmt":"2023-09-14T16:32:43","guid":{"rendered":"https:\/\/lospoliticosveracruz.com.mx\/?p=111546"},"modified":"2023-09-14T11:32:46","modified_gmt":"2023-09-14T16:32:46","slug":"el-movimiento-transexual","status":"publish","type":"post","link":"https:\/\/lospoliticosveracruz.com\/?p=111546","title":{"rendered":"EL MOVIMIENTO TRANSEXUAL"},"content":{"rendered":"\n<p><strong>Alejandro Bustos<br><\/strong><em>Sinapsis<\/em><\/p>\n\n\n\n<p>En un pa\u00eds eminentemente liberal, en donde se aspire a que todos sus habitantes, hombres y mujeres sean iguales, debemos tener la libertad para hacer lo que queramos con nuestras vidas, siempre y cuando sea dentro del margen de la ley y del respeto. Es importante recordarlo porque los tres derechos b\u00e1sicos de una persona son: el derecho a la vida, a la libertad y a la propiedad privada; por lo tanto, cada quien merece tener pleno goce de sus derechos, recordando que los suyos terminan donde empiezan los de los dem\u00e1s. Concepto b\u00e1sico de la libertad de expresi\u00f3n.<\/p>\n\n\n\n<figure class=\"wp-block-image size-large\"><a href=\"https:\/\/lospoliticosveracruz.com.mx\/wp-content\/uploads\/2016\/07\/Seguro-Julio-Cerecedo-2.jpg\"><img decoding=\"async\" src=\"https:\/\/lospoliticosveracruz.com.mx\/wp-content\/uploads\/2016\/07\/Seguro-Julio-Cerecedo-2-1024x381.jpg\" alt=\"\" class=\"wp-image-105879\"\/><\/a><\/figure>\n\n\n\n<p>El pasado martes 12 de septiembre del a\u00f1o en curso, se viraliz\u00f3 en redes sociales y en los principales noticieros del pa\u00eds, el caso de una mujer transexual que denunciaba habr\u00eda sufrido supuestamente discriminaci\u00f3n por parte de los miembros de seguridad de la Cineteca de la CDMX, al haber sido desalojada del ba\u00f1o de mujeres al cual hab\u00eda ingresado.<\/p>\n\n\n\n<p>Vivimos en tiempos de confusiones ideol\u00f3gicas. Aquellos que sienten que el rol de justicieros sociales les da puntos extra ante el culto progresista\/woke en redes sociales defienden lo indefendible. Me ha tocado incluso atestiguar los ataques violentos en contra de las muchas mujeres que estuvieron en desacuerdo de que esa persona transexual utilizara el ba\u00f1o de mujeres. Y a ellas no les falta raz\u00f3n.<\/p>\n\n\n\n<p>Lo que la persona transexual asegura es que tiene \u201cderecho\u201d a utilizar un ba\u00f1o de mujer porque es el g\u00e9nero al cual pertenece y, por lo tanto, eximirlo de ello es discriminatorio. Pero yo me pregunto, \u00bfqu\u00e9 hay de las mujeres que se sienten inc\u00f3modas por su presencia? \u00bfqu\u00e9 las obliga a compartir su intimidad con un hombre biol\u00f3gico? En pos de la correcci\u00f3n pol\u00edtica mal entendida, nadie las toma en cuenta y prefieren ignorar el problema callando. En el caso de la Cineteca, de manera muy vergonzosa pero predecible, prefirieron aliarse al denunciante pidi\u00e9ndole una disculpa por los hechos ocurridos, d\u00e1ndole al mismo tiempo la espalda a las mujeres en general.<\/p>\n\n\n\n<p>Y es que tal pareciera que esta ideolog\u00eda identitaria de g\u00e9nero se ha impuesto al sentido com\u00fan. Denunciar la transgresi\u00f3n a la intimidad de una mujer, hoy por hoy es motivo de ser llamado \u201ctransf\u00f3bico\u201d o, peor a\u00fan, es equiparado con un \u201ccrimen de odio\u201d.<\/p>\n\n\n\n<p><strong>Sectarismo<\/strong><\/p>\n\n\n\n<p>\u201cLas mujeres trans son mujeres. Y punto\u201d. Es el mantra fundamentalista talibanesco que suelen espetar los activistas de este movimiento cada vez que alguien cuestiona su radicalismo. Pero no hay nada m\u00e1s alejado de la realidad.<\/p>\n\n\n\n<p>Al mismo tiempo, pero en el viejo continente, concretamente en Francia, estall\u00f3 una \u201cpol\u00e9mica\u201d similar al revelarse el caso de un ginec\u00f3logo que est\u00e1 siendo v\u00edctima del lobby trans al ser acusado de transf\u00f3bico por negarse a revisar a una paciente trans que solicit\u00f3 cita con \u00e9l. Seg\u00fan narra el diario digital 20minutos.es, el doctor fue tajante al contestarle: \u201clo siento, se\u00f1or, me ocupo de mujeres de verdad\u201d.<\/p>\n\n\n\n<p>Por su \u201cosad\u00eda\u201d, el m\u00e9dico ha sido objeto de acoso por parte del colectivo LGBTQ el cual ha movilizado a la asociaci\u00f3n \u2018Stop Homphobie\u2019 para denunciarlo por lo ocurrido. Pero yo le hago, estimado lector, una pregunta honesta: Desde el punto de vista de la ciencia m\u00e9dica, \u00bfqu\u00e9 le podr\u00eda examinar un ginec\u00f3logo? Dependiendo de su presunta dolencia se le podr\u00edan recomendar varias otras opciones antes de optar por el ginec\u00f3logo. Si acaso, yo hubiera sugerido al cirujano pl\u00e1stico.<\/p>\n\n\n\n<p>Pero lo que queda claro es que el ginec\u00f3logo, por definici\u00f3n, es el \u201cm\u00e9dico especialista en los \u00f3rganos sexuales y reproductivos de la mujer, el embarazo y el parto\u201d. Ninguna de esas caracter\u00edsticas las puede ni podr\u00e1 experimentar una mujer trans; por lo tanto, ese doctor est\u00e1 incapacitado para atenderla. S\u00f3lo una mujer biol\u00f3gica (de nacimiento) tiene los \u00f3rganos reproductivos inherentes a su cuerpo (\u00fatero) y s\u00f3lo ella puede ser examinada por este especialista. Haberse prestado a atender a la persona trans en cuesti\u00f3n autom\u00e1ticamente hubiera convertido al doctor en un charlat\u00e1n pero como dice un gran amigo doctor, tampoco es descartable que en un futuro cercano, cito textual \u201cno falte el ginec\u00f3logo que se promueva como experto en g\u00e9nero para sacarle dinero a este nuevo mercado\u201d.<\/p>\n\n\n\n<p>La ley no es un juguete y no puede estar sujeta a los sentimientos de un colectivo, porque al otorgarle \u201cderechos\u201d especiales a un sector autom\u00e1ticamente los convierte en privilegios especiales. Inclusive los propios denunciantes y activistas est\u00e1n alardeando en redes sociales que se salieron con la suya al recibir la disculpa por parte de la Cineteca pero que no es suficiente; van por la \u201creparaci\u00f3n del da\u00f1o\u201d y por el despido fulminante de los trabajadores\/polic\u00edas.<\/p>\n\n\n\n<p>\u00bfY los derechos de los empleados y polic\u00edas que cumpl\u00edan con su trabajo y fueron violentados? Hay videos con audio muy claros en los que se identifica claramente a la persona trans dirigi\u00e9ndose con violencia e insultos a los trabajadores de la Cineteca y a la mujer polic\u00eda encargada de su desalojo. Hay que mencionar que el personaje mide aproximadamente 1.80, pesa 80 kilos y que evidentemente supera la fuerza de cualquier mujer.<\/p>\n\n\n\n<p>Asumiendo que no todo el colectivo transexual sea un peligro constante, nada nos garantiza que un enfermo mental externo, potencialmente un violador, se beneficie de este lobby para sacar ventaja y poder ingresar a ba\u00f1os de mujeres con impunidad. No vamos lejos, le pongo dos ejemplos m\u00e1s o menos recientes. Hace un par de meses, en Per\u00fa, un hombre de 42 a\u00f1os disfrazado de ni\u00f1a, fue detenido por haber ingresado a los ba\u00f1os de un colegio femenino, asegurando que era una mujer y ten\u00eda derecho de estar all\u00ed. Afortunadamente, las autoridades escolares tomaron cartas en el asunto habl\u00e1ndole a la polic\u00eda que, a su vez, detuvo al sospechoso.<\/p>\n\n\n\n<p>Aqu\u00ed en M\u00e9xico, un hombre tambi\u00e9n fue detenido por abordar los vagones especiales de mujeres al alegar que \u00e9l era una mujer. Seg\u00fan esta nueva ideolog\u00eda progresista, no hay manera de saber que est\u00e1 diciendo la verdad porque esa teor\u00eda sostiene que si te sientes mujer, incluso desde la infancia, con eso basta y debes ser autom\u00e1ticamente reasignado. En otras palabras, si alguien se propone sacar ventaja sobre un tercero es imposible saber si est\u00e1 mintiendo o no.<\/p>\n\n\n\n<p>Algunos autores aseguran que la ideolog\u00eda de g\u00e9nero est\u00e1 \u00edntimamente ligada con al marxismo woke identitario que impulsa la falsa creencia de que hay un g\u00e9nero supremacista dominante, los blancos heterosexuales, que han oprimido a los g\u00e9neros sexuales \u201cno binarios\u201d. Por lo tanto, se plantea una separaci\u00f3n de ese sistema supuestamente patriarcal y familiar, aislando al individuo y coloc\u00e1ndolo en uno de los m\u00faltiples g\u00e9neros existentes. Y es desde ah\u00ed donde varios aprovechan para convertirlo en una ventaja y el principal problema que yo veo para las mujeres. Esta ideolog\u00eda podrida permite que hombres cobardes se pongan una peluca, invadan sus espacios y compitan contra ellas. \u00bfHasta cu\u00e1ndo lo van a tolerar?<\/p>\n\n\n\n<p>A Usted, que ha llegado hasta ac\u00e1, lo invito a reflexionar:<\/p>\n\n\n\n<p>Si es pap\u00e1, esposo, novio, hermano o amigo, \u00bfse sentir\u00eda seguro si su madre, esposa, novia, hermana o amiga tiene que verse forzada a compartir el ba\u00f1o con un hombre biol\u00f3gico porque debemos tolerar la imposici\u00f3n a la que nos quieren someter a trav\u00e9s de la ideolog\u00eda de g\u00e9nero?<\/p>\n\n\n\n<p>Si es una dama, \u00bfest\u00e1 dispuesta a ceder sus espacios, inclusive los que deber\u00edan ser seguros para su intimidad?<\/p>\n\n\n\n<p>La respuesta qu\u00e9desela para Usted mismo, s\u00f3lo recuerde que seg\u00fan los tristes tiempos que vivimos, si tiene la necesidad de ejercer su carrera, si siente el deseo natural de defender a su familia, o si simplemente quiere un lugar que sea seguro para hacer sus necesidades, puede que sea considerado un disidente de la ideolog\u00eda de g\u00e9nero. Por m\u00e1s absurdo que parezca.<\/p>\n\n\n\n<p><strong>Art\u00edculos para consulta:<\/strong><\/p>\n\n\n\n<p>\u201cPol\u00e9mica en Francia por un ginec\u00f3logo que se ha negado a examinar a una mujer trans: \u201cSe\u00f1or, me ocupo de mujeres de verdad\u201d.<br><strong><em><a href=\"https:\/\/www.20minutos.es\/noticia\/5172082\/0\/polemica-francia-por-un-ginecologo-que-se-ha-negado-examinar-una-mujer-trans-le-van-demandar-por-transfobia\/\">https:\/\/www.20minutos.es\/noticia\/5172082\/0\/polemica-francia-por-un-ginecologo-que-se-ha-negado-examinar-una-mujer-trans-le-van-demandar-por-transfobia\/<\/a><\/em><\/strong><\/p>\n\n\n\n<p>\u201cDetenido un hombre disfrazado de ni\u00f1a en los ba\u00f1os de un colegio de Per\u00fa\u201d.<br><strong><em><a href=\"https:\/\/www.elmundo.es\/internacional\/2023\/04\/21\/6442c185fdddffec658b45b4.html\">https:\/\/www.elmundo.es\/internacional\/2023\/04\/21\/6442c185fdddffec658b45b4.html<\/a><\/em><\/strong><\/p>\n\n\n\n<p>\u201cMetro CDMX: Hombre se viste de mujer para acosar en vagones exclusivos de la L\u00ednea 9\u201d.<br><strong><em><a href=\"https:\/\/lasillarota.com\/metropoli\/2023\/6\/27\/metro-cdmx-hombre-se-viste-de-mujer-para-acosar-en-vagones-exclusivos-de-la-linea-435326.html\">https:\/\/lasillarota.com\/metropoli\/2023\/6\/27\/metro-cdmx-hombre-se-viste-de-mujer-para-acosar-en-vagones-exclusivos-de-la-linea-435326.html<\/a><\/em><\/strong><\/p>\n\n\n\n<p>Comentarios:<\/p>\n\n\n\n<p>X\/Twitter: @alecbustos<br>Mail: alejandrobustosf@gmail.com<\/p>\n","protected":false},"excerpt":{"rendered":"<p>Alejandro BustosSinapsis En un pa\u00eds eminentemente liberal, en donde se aspire a que todos sus habitantes, hombres y mujeres sean iguales, debemos tener la libertad para hacer lo que queramos con nuestras vidas, siempre y cuando sea dentro del margen de la ley y del respeto. Es importante recordarlo porque los tres derechos b\u00e1sicos de [&hellip;]<\/p>\n","protected":false},"author":2,"featured_media":0,"comment_status":"closed","ping_status":"closed","sticky":false,"template":"","format":"standard","meta":{"tdm_status":"","tdm_grid_status":"","footnotes":""},"categories":[70],"tags":[39354,39353,31363,39355,39352],"class_list":{"0":"post-111546","1":"post","2":"type-post","3":"status-publish","4":"format-standard","6":"category-de-opinion","7":"tag-colectivo-lgbtq","8":"tag-crimen-de-odio","9":"tag-mujeres-trans","10":"tag-stop-homphobie","11":"tag-transfobico"},"yoast_head":"<!-- This site is optimized with the Yoast SEO plugin v27.4 - https:\/\/yoast.com\/product\/yoast-seo-wordpress\/ -->\n<title>EL MOVIMIENTO TRANSEXUAL - Los pol\u00edticos Veracruz<\/title>\n<meta name=\"robots\" content=\"index, follow, max-snippet:-1, max-image-preview:large, max-video-preview:-1\" \/>\n<link rel=\"canonical\" href=\"https:\/\/lospoliticosveracruz.com\/?p=111546\" \/>\n<meta property=\"og:locale\" content=\"es_ES\" \/>\n<meta property=\"og:type\" content=\"article\" \/>\n<meta property=\"og:title\" content=\"EL MOVIMIENTO TRANSEXUAL - Los pol\u00edticos Veracruz\" \/>\n<meta property=\"og:description\" content=\"Alejandro BustosSinapsis En un pa\u00eds eminentemente liberal, en donde se aspire a que todos sus habitantes, hombres y mujeres sean iguales, debemos tener la libertad para hacer lo que queramos con nuestras vidas, siempre y cuando sea dentro del margen de la ley y del respeto. Es importante recordarlo porque los tres derechos b\u00e1sicos de [&hellip;]\" \/>\n<meta property=\"og:url\" content=\"https:\/\/lospoliticosveracruz.com\/?p=111546\" \/>\n<meta property=\"og:site_name\" content=\"Los pol\u00edticos Veracruz\" \/>\n<meta property=\"article:publisher\" content=\"https:\/\/www.facebook.com\/people\/Notimemes-de-los-Polticos\/61565672886568\/\" \/>\n<meta property=\"article:published_time\" content=\"2023-09-14T16:32:43+00:00\" \/>\n<meta property=\"article:modified_time\" content=\"2023-09-14T16:32:46+00:00\" \/>\n<meta property=\"og:image\" content=\"https:\/\/lospoliticosveracruz.com.mx\/wp-content\/uploads\/2016\/07\/Seguro-Julio-Cerecedo-2-1024x381.jpg\" \/>\n<meta name=\"author\" content=\"Lo viste en Los Pol\u00edticos\" \/>\n<meta name=\"twitter:card\" content=\"summary_large_image\" \/>\n<meta name=\"twitter:creator\" content=\"@LosPoliticosVer\" \/>\n<meta name=\"twitter:site\" content=\"@LosPoliticosVer\" \/>\n<meta name=\"twitter:label1\" content=\"Escrito por\" \/>\n\t<meta name=\"twitter:data1\" content=\"Lo viste en Los Pol\u00edticos\" \/>\n\t<meta name=\"twitter:label2\" content=\"Tiempo de lectura\" \/>\n\t<meta name=\"twitter:data2\" content=\"7 minutos\" \/>\n<script type=\"application\/ld+json\" class=\"yoast-schema-graph\">{\"@context\":\"https:\\\/\\\/schema.org\",\"@graph\":[{\"@type\":\"Article\",\"@id\":\"https:\\\/\\\/lospoliticosveracruz.com\\\/?p=111546#article\",\"isPartOf\":{\"@id\":\"https:\\\/\\\/lospoliticosveracruz.com\\\/?p=111546\"},\"author\":{\"name\":\"Lo viste en Los Pol\u00edticos\",\"@id\":\"https:\\\/\\\/lospoliticosveracruz.com\\\/#\\\/schema\\\/person\\\/b8702bb0e538456e6efd07080bf2a4a2\"},\"headline\":\"EL MOVIMIENTO TRANSEXUAL\",\"datePublished\":\"2023-09-14T16:32:43+00:00\",\"dateModified\":\"2023-09-14T16:32:46+00:00\",\"mainEntityOfPage\":{\"@id\":\"https:\\\/\\\/lospoliticosveracruz.com\\\/?p=111546\"},\"wordCount\":1477,\"publisher\":{\"@id\":\"https:\\\/\\\/lospoliticosveracruz.com\\\/#organization\"},\"image\":{\"@id\":\"https:\\\/\\\/lospoliticosveracruz.com\\\/?p=111546#primaryimage\"},\"thumbnailUrl\":\"https:\\\/\\\/lospoliticosveracruz.com.mx\\\/wp-content\\\/uploads\\\/2016\\\/07\\\/Seguro-Julio-Cerecedo-2-1024x381.jpg\",\"keywords\":[\"colectivo LGBTQ\",\"crimen de odio\",\"mujeres trans\",\"Stop Homphobie\",\"transf\u00f3bico\"],\"articleSection\":[\"De Opini\u00f3n\"],\"inLanguage\":\"es\"},{\"@type\":\"WebPage\",\"@id\":\"https:\\\/\\\/lospoliticosveracruz.com\\\/?p=111546\",\"url\":\"https:\\\/\\\/lospoliticosveracruz.com\\\/?p=111546\",\"name\":\"EL MOVIMIENTO TRANSEXUAL - Los pol\u00edticos Veracruz\",\"isPartOf\":{\"@id\":\"https:\\\/\\\/lospoliticosveracruz.com\\\/#website\"},\"primaryImageOfPage\":{\"@id\":\"https:\\\/\\\/lospoliticosveracruz.com\\\/?p=111546#primaryimage\"},\"image\":{\"@id\":\"https:\\\/\\\/lospoliticosveracruz.com\\\/?p=111546#primaryimage\"},\"thumbnailUrl\":\"https:\\\/\\\/lospoliticosveracruz.com.mx\\\/wp-content\\\/uploads\\\/2016\\\/07\\\/Seguro-Julio-Cerecedo-2-1024x381.jpg\",\"datePublished\":\"2023-09-14T16:32:43+00:00\",\"dateModified\":\"2023-09-14T16:32:46+00:00\",\"breadcrumb\":{\"@id\":\"https:\\\/\\\/lospoliticosveracruz.com\\\/?p=111546#breadcrumb\"},\"inLanguage\":\"es\",\"potentialAction\":[{\"@type\":\"ReadAction\",\"target\":[\"https:\\\/\\\/lospoliticosveracruz.com\\\/?p=111546\"]}]},{\"@type\":\"ImageObject\",\"inLanguage\":\"es\",\"@id\":\"https:\\\/\\\/lospoliticosveracruz.com\\\/?p=111546#primaryimage\",\"url\":\"https:\\\/\\\/lospoliticosveracruz.com.mx\\\/wp-content\\\/uploads\\\/2016\\\/07\\\/Seguro-Julio-Cerecedo-2-1024x381.jpg\",\"contentUrl\":\"https:\\\/\\\/lospoliticosveracruz.com.mx\\\/wp-content\\\/uploads\\\/2016\\\/07\\\/Seguro-Julio-Cerecedo-2-1024x381.jpg\"},{\"@type\":\"BreadcrumbList\",\"@id\":\"https:\\\/\\\/lospoliticosveracruz.com\\\/?p=111546#breadcrumb\",\"itemListElement\":[{\"@type\":\"ListItem\",\"position\":1,\"name\":\"Portada\",\"item\":\"https:\\\/\\\/lospoliticosveracruz.com\\\/\"},{\"@type\":\"ListItem\",\"position\":2,\"name\":\"EL MOVIMIENTO TRANSEXUAL\"}]},{\"@type\":\"WebSite\",\"@id\":\"https:\\\/\\\/lospoliticosveracruz.com\\\/#website\",\"url\":\"https:\\\/\\\/lospoliticosveracruz.com\\\/\",\"name\":\"Los pol\u00edticos Veracruz\",\"description\":\"\",\"publisher\":{\"@id\":\"https:\\\/\\\/lospoliticosveracruz.com\\\/#organization\"},\"potentialAction\":[{\"@type\":\"SearchAction\",\"target\":{\"@type\":\"EntryPoint\",\"urlTemplate\":\"https:\\\/\\\/lospoliticosveracruz.com\\\/?s={search_term_string}\"},\"query-input\":{\"@type\":\"PropertyValueSpecification\",\"valueRequired\":true,\"valueName\":\"search_term_string\"}}],\"inLanguage\":\"es\"},{\"@type\":\"Organization\",\"@id\":\"https:\\\/\\\/lospoliticosveracruz.com\\\/#organization\",\"name\":\"Los pol\u00edticos Veracruz\",\"url\":\"https:\\\/\\\/lospoliticosveracruz.com\\\/\",\"logo\":{\"@type\":\"ImageObject\",\"inLanguage\":\"es\",\"@id\":\"https:\\\/\\\/lospoliticosveracruz.com\\\/#\\\/schema\\\/logo\\\/image\\\/\",\"url\":\"https:\\\/\\\/lospoliticosveracruz.com\\\/wp-content\\\/uploads\\\/2025\\\/12\\\/Logo-Nuevo-LOS-POLITICOS-1.jpg\",\"contentUrl\":\"https:\\\/\\\/lospoliticosveracruz.com\\\/wp-content\\\/uploads\\\/2025\\\/12\\\/Logo-Nuevo-LOS-POLITICOS-1.jpg\",\"width\":260,\"height\":70,\"caption\":\"Los pol\u00edticos Veracruz\"},\"image\":{\"@id\":\"https:\\\/\\\/lospoliticosveracruz.com\\\/#\\\/schema\\\/logo\\\/image\\\/\"},\"sameAs\":[\"https:\\\/\\\/www.facebook.com\\\/people\\\/Notimemes-de-los-Polticos\\\/61565672886568\\\/\",\"https:\\\/\\\/x.com\\\/LosPoliticosVer\"]},{\"@type\":\"Person\",\"@id\":\"https:\\\/\\\/lospoliticosveracruz.com\\\/#\\\/schema\\\/person\\\/b8702bb0e538456e6efd07080bf2a4a2\",\"name\":\"Lo viste en Los Pol\u00edticos\",\"image\":{\"@type\":\"ImageObject\",\"inLanguage\":\"es\",\"@id\":\"https:\\\/\\\/secure.gravatar.com\\\/avatar\\\/3a8de04a2656d44082be478bd6c086daa447c4651605818287b9532d3d0bd435?s=96&d=mm&r=g\",\"url\":\"https:\\\/\\\/secure.gravatar.com\\\/avatar\\\/3a8de04a2656d44082be478bd6c086daa447c4651605818287b9532d3d0bd435?s=96&d=mm&r=g\",\"contentUrl\":\"https:\\\/\\\/secure.gravatar.com\\\/avatar\\\/3a8de04a2656d44082be478bd6c086daa447c4651605818287b9532d3d0bd435?s=96&d=mm&r=g\",\"caption\":\"Lo viste en Los Pol\u00edticos\"},\"url\":\"https:\\\/\\\/lospoliticosveracruz.com\\\/?author=2\"}]}<\/script>\n<!-- \/ Yoast SEO plugin. -->","yoast_head_json":{"title":"EL MOVIMIENTO TRANSEXUAL - Los pol\u00edticos Veracruz","robots":{"index":"index","follow":"follow","max-snippet":"max-snippet:-1","max-image-preview":"max-image-preview:large","max-video-preview":"max-video-preview:-1"},"canonical":"https:\/\/lospoliticosveracruz.com\/?p=111546","og_locale":"es_ES","og_type":"article","og_title":"EL MOVIMIENTO TRANSEXUAL - Los pol\u00edticos Veracruz","og_description":"Alejandro BustosSinapsis En un pa\u00eds eminentemente liberal, en donde se aspire a que todos sus habitantes, hombres y mujeres sean iguales, debemos tener la libertad para hacer lo que queramos con nuestras vidas, siempre y cuando sea dentro del margen de la ley y del respeto. Es importante recordarlo porque los tres derechos b\u00e1sicos de [&hellip;]","og_url":"https:\/\/lospoliticosveracruz.com\/?p=111546","og_site_name":"Los pol\u00edticos Veracruz","article_publisher":"https:\/\/www.facebook.com\/people\/Notimemes-de-los-Polticos\/61565672886568\/","article_published_time":"2023-09-14T16:32:43+00:00","article_modified_time":"2023-09-14T16:32:46+00:00","og_image":[{"url":"https:\/\/lospoliticosveracruz.com.mx\/wp-content\/uploads\/2016\/07\/Seguro-Julio-Cerecedo-2-1024x381.jpg","type":"","width":"","height":""}],"author":"Lo viste en Los Pol\u00edticos","twitter_card":"summary_large_image","twitter_creator":"@LosPoliticosVer","twitter_site":"@LosPoliticosVer","twitter_misc":{"Escrito por":"Lo viste en Los Pol\u00edticos","Tiempo de lectura":"7 minutos"},"schema":{"@context":"https:\/\/schema.org","@graph":[{"@type":"Article","@id":"https:\/\/lospoliticosveracruz.com\/?p=111546#article","isPartOf":{"@id":"https:\/\/lospoliticosveracruz.com\/?p=111546"},"author":{"name":"Lo viste en Los Pol\u00edticos","@id":"https:\/\/lospoliticosveracruz.com\/#\/schema\/person\/b8702bb0e538456e6efd07080bf2a4a2"},"headline":"EL MOVIMIENTO TRANSEXUAL","datePublished":"2023-09-14T16:32:43+00:00","dateModified":"2023-09-14T16:32:46+00:00","mainEntityOfPage":{"@id":"https:\/\/lospoliticosveracruz.com\/?p=111546"},"wordCount":1477,"publisher":{"@id":"https:\/\/lospoliticosveracruz.com\/#organization"},"image":{"@id":"https:\/\/lospoliticosveracruz.com\/?p=111546#primaryimage"},"thumbnailUrl":"https:\/\/lospoliticosveracruz.com.mx\/wp-content\/uploads\/2016\/07\/Seguro-Julio-Cerecedo-2-1024x381.jpg","keywords":["colectivo LGBTQ","crimen de odio","mujeres trans","Stop Homphobie","transf\u00f3bico"],"articleSection":["De Opini\u00f3n"],"inLanguage":"es"},{"@type":"WebPage","@id":"https:\/\/lospoliticosveracruz.com\/?p=111546","url":"https:\/\/lospoliticosveracruz.com\/?p=111546","name":"EL MOVIMIENTO TRANSEXUAL - Los pol\u00edticos Veracruz","isPartOf":{"@id":"https:\/\/lospoliticosveracruz.com\/#website"},"primaryImageOfPage":{"@id":"https:\/\/lospoliticosveracruz.com\/?p=111546#primaryimage"},"image":{"@id":"https:\/\/lospoliticosveracruz.com\/?p=111546#primaryimage"},"thumbnailUrl":"https:\/\/lospoliticosveracruz.com.mx\/wp-content\/uploads\/2016\/07\/Seguro-Julio-Cerecedo-2-1024x381.jpg","datePublished":"2023-09-14T16:32:43+00:00","dateModified":"2023-09-14T16:32:46+00:00","breadcrumb":{"@id":"https:\/\/lospoliticosveracruz.com\/?p=111546#breadcrumb"},"inLanguage":"es","potentialAction":[{"@type":"ReadAction","target":["https:\/\/lospoliticosveracruz.com\/?p=111546"]}]},{"@type":"ImageObject","inLanguage":"es","@id":"https:\/\/lospoliticosveracruz.com\/?p=111546#primaryimage","url":"https:\/\/lospoliticosveracruz.com.mx\/wp-content\/uploads\/2016\/07\/Seguro-Julio-Cerecedo-2-1024x381.jpg","contentUrl":"https:\/\/lospoliticosveracruz.com.mx\/wp-content\/uploads\/2016\/07\/Seguro-Julio-Cerecedo-2-1024x381.jpg"},{"@type":"BreadcrumbList","@id":"https:\/\/lospoliticosveracruz.com\/?p=111546#breadcrumb","itemListElement":[{"@type":"ListItem","position":1,"name":"Portada","item":"https:\/\/lospoliticosveracruz.com\/"},{"@type":"ListItem","position":2,"name":"EL MOVIMIENTO TRANSEXUAL"}]},{"@type":"WebSite","@id":"https:\/\/lospoliticosveracruz.com\/#website","url":"https:\/\/lospoliticosveracruz.com\/","name":"Los pol\u00edticos Veracruz","description":"","publisher":{"@id":"https:\/\/lospoliticosveracruz.com\/#organization"},"potentialAction":[{"@type":"SearchAction","target":{"@type":"EntryPoint","urlTemplate":"https:\/\/lospoliticosveracruz.com\/?s={search_term_string}"},"query-input":{"@type":"PropertyValueSpecification","valueRequired":true,"valueName":"search_term_string"}}],"inLanguage":"es"},{"@type":"Organization","@id":"https:\/\/lospoliticosveracruz.com\/#organization","name":"Los pol\u00edticos Veracruz","url":"https:\/\/lospoliticosveracruz.com\/","logo":{"@type":"ImageObject","inLanguage":"es","@id":"https:\/\/lospoliticosveracruz.com\/#\/schema\/logo\/image\/","url":"https:\/\/lospoliticosveracruz.com\/wp-content\/uploads\/2025\/12\/Logo-Nuevo-LOS-POLITICOS-1.jpg","contentUrl":"https:\/\/lospoliticosveracruz.com\/wp-content\/uploads\/2025\/12\/Logo-Nuevo-LOS-POLITICOS-1.jpg","width":260,"height":70,"caption":"Los pol\u00edticos Veracruz"},"image":{"@id":"https:\/\/lospoliticosveracruz.com\/#\/schema\/logo\/image\/"},"sameAs":["https:\/\/www.facebook.com\/people\/Notimemes-de-los-Polticos\/61565672886568\/","https:\/\/x.com\/LosPoliticosVer"]},{"@type":"Person","@id":"https:\/\/lospoliticosveracruz.com\/#\/schema\/person\/b8702bb0e538456e6efd07080bf2a4a2","name":"Lo viste en Los Pol\u00edticos","image":{"@type":"ImageObject","inLanguage":"es","@id":"https:\/\/secure.gravatar.com\/avatar\/3a8de04a2656d44082be478bd6c086daa447c4651605818287b9532d3d0bd435?s=96&d=mm&r=g","url":"https:\/\/secure.gravatar.com\/avatar\/3a8de04a2656d44082be478bd6c086daa447c4651605818287b9532d3d0bd435?s=96&d=mm&r=g","contentUrl":"https:\/\/secure.gravatar.com\/avatar\/3a8de04a2656d44082be478bd6c086daa447c4651605818287b9532d3d0bd435?s=96&d=mm&r=g","caption":"Lo viste en Los Pol\u00edticos"},"url":"https:\/\/lospoliticosveracruz.com\/?author=2"}]}},"_links":{"self":[{"href":"https:\/\/lospoliticosveracruz.com\/index.php?rest_route=\/wp\/v2\/posts\/111546","targetHints":{"allow":["GET"]}}],"collection":[{"href":"https:\/\/lospoliticosveracruz.com\/index.php?rest_route=\/wp\/v2\/posts"}],"about":[{"href":"https:\/\/lospoliticosveracruz.com\/index.php?rest_route=\/wp\/v2\/types\/post"}],"author":[{"embeddable":true,"href":"https:\/\/lospoliticosveracruz.com\/index.php?rest_route=\/wp\/v2\/users\/2"}],"replies":[{"embeddable":true,"href":"https:\/\/lospoliticosveracruz.com\/index.php?rest_route=%2Fwp%2Fv2%2Fcomments&post=111546"}],"version-history":[{"count":1,"href":"https:\/\/lospoliticosveracruz.com\/index.php?rest_route=\/wp\/v2\/posts\/111546\/revisions"}],"predecessor-version":[{"id":111547,"href":"https:\/\/lospoliticosveracruz.com\/index.php?rest_route=\/wp\/v2\/posts\/111546\/revisions\/111547"}],"wp:attachment":[{"href":"https:\/\/lospoliticosveracruz.com\/index.php?rest_route=%2Fwp%2Fv2%2Fmedia&parent=111546"}],"wp:term":[{"taxonomy":"category","embeddable":true,"href":"https:\/\/lospoliticosveracruz.com\/index.php?rest_route=%2Fwp%2Fv2%2Fcategories&post=111546"},{"taxonomy":"post_tag","embeddable":true,"href":"https:\/\/lospoliticosveracruz.com\/index.php?rest_route=%2Fwp%2Fv2%2Ftags&post=111546"}],"curies":[{"name":"wp","href":"https:\/\/api.w.org\/{rel}","templated":true}]}}