{"id":111605,"date":"2023-09-16T09:18:48","date_gmt":"2023-09-16T14:18:48","guid":{"rendered":"https:\/\/lospoliticosveracruz.com.mx\/?p=111605"},"modified":"2023-09-16T09:18:53","modified_gmt":"2023-09-16T14:18:53","slug":"viene-con-todo","status":"publish","type":"post","link":"https:\/\/lospoliticosveracruz.com\/?p=111605","title":{"rendered":"VIENE CON TODO!"},"content":{"rendered":"\n<p><strong>Ricardo Chua<br><\/strong><em>Sale y Vale<\/em><\/p>\n\n\n\n<p>EXCLUSIVA.. Ricardo Monreal vendr\u00e1 como la \u00abavanzada\u00bb de Claudia Sheinbaum a Veracruz.. \u00c9l ser\u00e1 el encargado de los primeros trabajos pol\u00edticos territoriales de Shienbaum.. Monreal viene ahora como \u00abEl le\u00f3n, no como el cordero\u00bb que ten\u00eda que pedir permiso para entrar al Estado.. Ahora viene a dar \u00f3rdenes y a decir como se va a trabajar a favor de Claudia para que en Veracruz ganen la elecci\u00f3n Presidencial.. ABROOOOOONNN<\/p>\n\n\n\n<figure class=\"wp-block-embed is-type-video is-provider-youtube wp-block-embed-youtube wp-embed-aspect-16-9 wp-has-aspect-ratio\"><div class=\"wp-block-embed__wrapper\">\n<iframe loading=\"lazy\" title=\"Cluster Coworking\" width=\"696\" height=\"392\" src=\"https:\/\/www.youtube.com\/embed\/Nxe-vxf8GuY?feature=oembed\" frameborder=\"0\" allow=\"accelerometer; autoplay; clipboard-write; encrypted-media; gyroscope; picture-in-picture; web-share\" referrerpolicy=\"strict-origin-when-cross-origin\" allowfullscreen><\/iframe>\n<\/div><\/figure>\n\n\n\n<p>La duda es: Qu\u00e9 pasar\u00e1 con todos aquellos funcionarios de MORENA.. Que fustigaron a Monreal cuando ven\u00eda en defensa de Jos\u00e9 Manuel del R\u00edo Virgen, preso en penal de Pacho Viejo por presunto autor intelectual de un asesinato.. Qu\u00e9 har\u00e1n los que dijeron que \u00absus amistades eran puros delincuentes\u00bb.. Ahora el zacatecano dar\u00e1 \u00f3rdenes a nombre de Shienbaum.. Y OJO.. Andr\u00e9s Manuel L\u00f3pez Obrador s\u00f3lo ver\u00e1 por Cuitl\u00e1huac Garc\u00eda, no por su gabinete estatal.. Ah\u00ed cada qui\u00e9n se defender\u00e1 como pueda.. EL QUE ENTENDI\u00d3, ENTENDI\u00d3..<\/p>\n\n\n\n<p>OJO.. Quienes crean que de ganar la Presidencia de la Rep\u00fablica la \u00abmorenista\u00bb, Claudia Shienbaum, va a respetar los acuerdos y las pol\u00edticas p\u00fablicas de Andr\u00e9s Manuel L\u00f3pez Obrador.. Est\u00e1n muy equivocados.. As\u00ed que a pesar de que digan que AMLO tendr\u00e1 la \u00abbatuta\u00bb de la ex Jefa de Gobierno de CDMX , pues, no tienen idea de lo que viene para este pa\u00eds.. Ya que Claudia tiene otros intereses muy fuertes y que van ligados a la comunidad jud\u00eda en la capital del pa\u00eds.. Que son muy distintos a los del tabasque\u00f1o..<\/p>\n\n\n\n<p>El claro ejemplo es la pre candidatura de Omar Garc\u00eda Harfuch al Gobierno de la CDMX\u2026 Es esa misma comunidad jud\u00eda que la impulsa, que es muy poderosa econ\u00f3micamente en el pa\u00eds, y muchos de los proyectos de AMLO no est\u00e1n en la mente de ellos.. Ahorita de manera institucional puede que Shienbaum le diga todo que s\u00ed a L\u00f3pez Obrador.. Pero cuando ella tenga el mando, si gana la elecci\u00f3n, otra cosa ser\u00e1.. As\u00ed que no se crean todo lo que ven y todo lo que escuchan.. Los intereses cambian cada sexenio..<\/p>\n\n\n\n<p>Lo mismo pasar\u00e1 en Veracruz con Roc\u00edo Nahle, si es que llega a ganar el gobierno del Estado por el mismo partido MORENA, una cosa es Nahle la precandidata y otra ser\u00e1 Nahle la candidata y una muy distinta ser\u00e1 Nahle, la gobernadora.. De ganar, NO LO HAR\u00c1 HOLGADAMENTE y estar\u00e1 OBLIGADA a PACTAR hasta con su enemigo m\u00e1s peque\u00f1o.. Por eso, quiere a Zenyazen Escobar o Javier Herrera Borunda como candidatos al Senado.. Necesita caminar con ellos porque del otro lado est\u00e1n los Yunes, los azules y rojos, que caminar\u00e1n juntos..<\/p>\n\n\n\n<p>Con la diferencia de que los Yunes, los rojos y azules, son veracruzanos.. Y ella no, repetimos que su principal obst\u00e1culo ante el imaginario colectivo es su origen zacatecano.. Por eso, tiene que llevar al maestro de C\u00f3rdoba m\u00e1s cercano a Cuitl\u00e1huac Garc\u00eda o al hijo del ex gobernador, Fidel Herrera, para que le puedan respaldar en su candidatura a gobernadora\u2026 Algo que le pueda competir de \u00abt\u00fa a t\u00fa\u00bb a los Yunes \u00abAzules o Rojos\u00bb, a Julen, Anil\u00fa, Marl\u00f3n o al \u00abChapito\u00bb Guzm\u00e1n Avil\u00e9s.. Todos de Veracruz..<\/p>\n\n\n\n<p>Por eso, el tema del descarte de Ricardo Ahued a la secretaria de Gobernaci\u00f3n.. Un hidalguense y una zacatecana, no pueden hacer el 1 y 2.. Ah\u00ed es donde entra la figura de Amado Cruz Malpica o Juan Javier G\u00f3mez Cazar\u00edn, que podr\u00edan quedar como la segunda figura p\u00fablica m\u00e1s importante de Veracruz aunque muchos cercanos a Nahle ven a Amado en el Congreso del Estado como el presidente de la Junta de Coordinaci\u00f3n Pol\u00edtica o como Fiscal General de Veracruz (Con acuerdos de Roc\u00edo con el PAN, PRI-PRD en la Legislatura del Estado).. \u00bfNO?..<\/p>\n\n\n\n<p>Ante esta situaci\u00f3n, Nahle est\u00e1 en la misma situaci\u00f3n que Claudia.. Decirle todo que si en este momento al Presidente.. Darle todo el juego, portarse institucional e irse de la Secretar\u00eda de Energ\u00eda federal cuando se supone que L\u00f3pez Obrador lo diga, a pesar de que muchos de sus asesores le est\u00e1n diciendo que esta semana tiene que dejar el cargo, porque la oposici\u00f3n en Veracruz, ya no se \u00abquebr\u00f3\u00bb y el \u00abEfecto Xochitl\u00bb puede hacer ganar a un Yunes, no a una Nahle..<\/p>\n\n\n\n<p>Pero \u00abhaiga como haiga sido\u00bb primero como candidata oficial y ya despu\u00e9s como gobernadora.. Si Claudia y ella ganan sus respectivas elecciones.. Nahle ser\u00e1 la primera en someterse a los nuevos intereses del pa\u00eds, los que representa Claudia Shienbaum aun cuando estos puedan ir en contra de los que quiere Andr\u00e9s Manuel L\u00f3pez Obrador y en Veracruz tendr\u00e1n que caminar al ritmo de Claudia, ya no al \u00abritmo\u00bb de Andr\u00e9s.. Los intereses ya son otros y los cuadros pol\u00edticos tambi\u00e9n.. LOS JUGADORES CAMBIAN, EL JUEGO NO..<\/p>\n","protected":false},"excerpt":{"rendered":"<p>Ricardo ChuaSale y Vale EXCLUSIVA.. Ricardo Monreal vendr\u00e1 como la \u00abavanzada\u00bb de Claudia Sheinbaum a Veracruz.. \u00c9l ser\u00e1 el encargado de los primeros trabajos pol\u00edticos territoriales de Shienbaum.. Monreal viene ahora como \u00abEl le\u00f3n, no como el cordero\u00bb que ten\u00eda que pedir permiso para entrar al Estado.. Ahora viene a dar \u00f3rdenes y a decir [&hellip;]<\/p>\n","protected":false},"author":2,"featured_media":0,"comment_status":"closed","ping_status":"closed","sticky":false,"template":"","format":"standard","meta":{"tdm_status":"","tdm_grid_status":"","footnotes":""},"categories":[70],"tags":[9627,1563,1124,12695,1026,14775,28660,10353,3578],"class_list":{"0":"post-111605","1":"post","2":"type-post","3":"status-publish","4":"format-standard","6":"category-de-opinion","7":"tag-claudia-sheinbaum","8":"tag-cuitlahuac-garcia-jimenez","9":"tag-javier-herrera-borunda","10":"tag-juan-javier-gomez-cazarin","11":"tag-morena","12":"tag-omar-garcia-harfuch","13":"tag-ricardo-chua-2","14":"tag-ricardo-monreal","15":"tag-rocio-nahle"},"yoast_head":"<!-- This site is optimized with the Yoast SEO plugin v27.4 - https:\/\/yoast.com\/product\/yoast-seo-wordpress\/ -->\n<title>VIENE CON TODO! - Los pol\u00edticos Veracruz<\/title>\n<meta name=\"robots\" content=\"index, follow, max-snippet:-1, max-image-preview:large, max-video-preview:-1\" \/>\n<link rel=\"canonical\" href=\"https:\/\/lospoliticosveracruz.com\/?p=111605\" \/>\n<meta property=\"og:locale\" content=\"es_ES\" \/>\n<meta property=\"og:type\" content=\"article\" \/>\n<meta property=\"og:title\" content=\"VIENE CON TODO! - Los pol\u00edticos Veracruz\" \/>\n<meta property=\"og:description\" content=\"Ricardo ChuaSale y Vale EXCLUSIVA.. Ricardo Monreal vendr\u00e1 como la \u00abavanzada\u00bb de Claudia Sheinbaum a Veracruz.. \u00c9l ser\u00e1 el encargado de los primeros trabajos pol\u00edticos territoriales de Shienbaum.. Monreal viene ahora como \u00abEl le\u00f3n, no como el cordero\u00bb que ten\u00eda que pedir permiso para entrar al Estado.. Ahora viene a dar \u00f3rdenes y a decir [&hellip;]\" \/>\n<meta property=\"og:url\" content=\"https:\/\/lospoliticosveracruz.com\/?p=111605\" \/>\n<meta property=\"og:site_name\" content=\"Los pol\u00edticos Veracruz\" \/>\n<meta property=\"article:publisher\" content=\"https:\/\/www.facebook.com\/people\/Notimemes-de-los-Polticos\/61565672886568\/\" \/>\n<meta property=\"article:published_time\" content=\"2023-09-16T14:18:48+00:00\" \/>\n<meta property=\"article:modified_time\" content=\"2023-09-16T14:18:53+00:00\" \/>\n<meta property=\"og:image\" content=\"https:\/\/lospoliticosveracruz.com\/wp-content\/uploads\/2016\/07\/Logo-Dor.jpg\" \/>\n\t<meta property=\"og:image:width\" content=\"200\" \/>\n\t<meta property=\"og:image:height\" content=\"200\" \/>\n\t<meta property=\"og:image:type\" content=\"image\/jpeg\" \/>\n<meta name=\"author\" content=\"Lo viste en Los Pol\u00edticos\" \/>\n<meta name=\"twitter:card\" content=\"summary_large_image\" \/>\n<meta name=\"twitter:creator\" content=\"@LosPoliticosVer\" \/>\n<meta name=\"twitter:site\" content=\"@LosPoliticosVer\" \/>\n<meta name=\"twitter:label1\" content=\"Escrito por\" \/>\n\t<meta name=\"twitter:data1\" content=\"Lo viste en Los Pol\u00edticos\" \/>\n\t<meta name=\"twitter:label2\" content=\"Tiempo de lectura\" \/>\n\t<meta name=\"twitter:data2\" content=\"4 minutos\" \/>\n<script type=\"application\/ld+json\" class=\"yoast-schema-graph\">{\"@context\":\"https:\\\/\\\/schema.org\",\"@graph\":[{\"@type\":\"Article\",\"@id\":\"https:\\\/\\\/lospoliticosveracruz.com\\\/?p=111605#article\",\"isPartOf\":{\"@id\":\"https:\\\/\\\/lospoliticosveracruz.com\\\/?p=111605\"},\"author\":{\"name\":\"Lo viste en Los Pol\u00edticos\",\"@id\":\"https:\\\/\\\/lospoliticosveracruz.com\\\/#\\\/schema\\\/person\\\/b8702bb0e538456e6efd07080bf2a4a2\"},\"headline\":\"VIENE CON TODO!\",\"datePublished\":\"2023-09-16T14:18:48+00:00\",\"dateModified\":\"2023-09-16T14:18:53+00:00\",\"mainEntityOfPage\":{\"@id\":\"https:\\\/\\\/lospoliticosveracruz.com\\\/?p=111605\"},\"wordCount\":862,\"publisher\":{\"@id\":\"https:\\\/\\\/lospoliticosveracruz.com\\\/#organization\"},\"keywords\":[\"Claudia Sheinbaum\",\"Cuitl\u00e1huac Garc\u00eda Jim\u00e9nez\",\"Javier Herrera Borunda\",\"Juan Javier G\u00f3mez Cazar\u00edn\",\"Morena\",\"Omar Garc\u00eda Harfuch\",\"Ricardo Chua\",\"Ricardo Monreal\",\"Roc\u00edo Nahle\"],\"articleSection\":[\"De Opini\u00f3n\"],\"inLanguage\":\"es\"},{\"@type\":\"WebPage\",\"@id\":\"https:\\\/\\\/lospoliticosveracruz.com\\\/?p=111605\",\"url\":\"https:\\\/\\\/lospoliticosveracruz.com\\\/?p=111605\",\"name\":\"VIENE CON TODO! - Los pol\u00edticos Veracruz\",\"isPartOf\":{\"@id\":\"https:\\\/\\\/lospoliticosveracruz.com\\\/#website\"},\"datePublished\":\"2023-09-16T14:18:48+00:00\",\"dateModified\":\"2023-09-16T14:18:53+00:00\",\"breadcrumb\":{\"@id\":\"https:\\\/\\\/lospoliticosveracruz.com\\\/?p=111605#breadcrumb\"},\"inLanguage\":\"es\",\"potentialAction\":[{\"@type\":\"ReadAction\",\"target\":[\"https:\\\/\\\/lospoliticosveracruz.com\\\/?p=111605\"]}]},{\"@type\":\"BreadcrumbList\",\"@id\":\"https:\\\/\\\/lospoliticosveracruz.com\\\/?p=111605#breadcrumb\",\"itemListElement\":[{\"@type\":\"ListItem\",\"position\":1,\"name\":\"Portada\",\"item\":\"https:\\\/\\\/lospoliticosveracruz.com\\\/\"},{\"@type\":\"ListItem\",\"position\":2,\"name\":\"VIENE CON TODO!\"}]},{\"@type\":\"WebSite\",\"@id\":\"https:\\\/\\\/lospoliticosveracruz.com\\\/#website\",\"url\":\"https:\\\/\\\/lospoliticosveracruz.com\\\/\",\"name\":\"Los pol\u00edticos Veracruz\",\"description\":\"\",\"publisher\":{\"@id\":\"https:\\\/\\\/lospoliticosveracruz.com\\\/#organization\"},\"potentialAction\":[{\"@type\":\"SearchAction\",\"target\":{\"@type\":\"EntryPoint\",\"urlTemplate\":\"https:\\\/\\\/lospoliticosveracruz.com\\\/?s={search_term_string}\"},\"query-input\":{\"@type\":\"PropertyValueSpecification\",\"valueRequired\":true,\"valueName\":\"search_term_string\"}}],\"inLanguage\":\"es\"},{\"@type\":\"Organization\",\"@id\":\"https:\\\/\\\/lospoliticosveracruz.com\\\/#organization\",\"name\":\"Los pol\u00edticos Veracruz\",\"url\":\"https:\\\/\\\/lospoliticosveracruz.com\\\/\",\"logo\":{\"@type\":\"ImageObject\",\"inLanguage\":\"es\",\"@id\":\"https:\\\/\\\/lospoliticosveracruz.com\\\/#\\\/schema\\\/logo\\\/image\\\/\",\"url\":\"https:\\\/\\\/lospoliticosveracruz.com\\\/wp-content\\\/uploads\\\/2025\\\/12\\\/Logo-Nuevo-LOS-POLITICOS-1.jpg\",\"contentUrl\":\"https:\\\/\\\/lospoliticosveracruz.com\\\/wp-content\\\/uploads\\\/2025\\\/12\\\/Logo-Nuevo-LOS-POLITICOS-1.jpg\",\"width\":260,\"height\":70,\"caption\":\"Los pol\u00edticos Veracruz\"},\"image\":{\"@id\":\"https:\\\/\\\/lospoliticosveracruz.com\\\/#\\\/schema\\\/logo\\\/image\\\/\"},\"sameAs\":[\"https:\\\/\\\/www.facebook.com\\\/people\\\/Notimemes-de-los-Polticos\\\/61565672886568\\\/\",\"https:\\\/\\\/x.com\\\/LosPoliticosVer\"]},{\"@type\":\"Person\",\"@id\":\"https:\\\/\\\/lospoliticosveracruz.com\\\/#\\\/schema\\\/person\\\/b8702bb0e538456e6efd07080bf2a4a2\",\"name\":\"Lo viste en Los Pol\u00edticos\",\"image\":{\"@type\":\"ImageObject\",\"inLanguage\":\"es\",\"@id\":\"https:\\\/\\\/secure.gravatar.com\\\/avatar\\\/3a8de04a2656d44082be478bd6c086daa447c4651605818287b9532d3d0bd435?s=96&d=mm&r=g\",\"url\":\"https:\\\/\\\/secure.gravatar.com\\\/avatar\\\/3a8de04a2656d44082be478bd6c086daa447c4651605818287b9532d3d0bd435?s=96&d=mm&r=g\",\"contentUrl\":\"https:\\\/\\\/secure.gravatar.com\\\/avatar\\\/3a8de04a2656d44082be478bd6c086daa447c4651605818287b9532d3d0bd435?s=96&d=mm&r=g\",\"caption\":\"Lo viste en Los Pol\u00edticos\"},\"url\":\"https:\\\/\\\/lospoliticosveracruz.com\\\/?author=2\"}]}<\/script>\n<!-- \/ Yoast SEO plugin. -->","yoast_head_json":{"title":"VIENE CON TODO! - Los pol\u00edticos Veracruz","robots":{"index":"index","follow":"follow","max-snippet":"max-snippet:-1","max-image-preview":"max-image-preview:large","max-video-preview":"max-video-preview:-1"},"canonical":"https:\/\/lospoliticosveracruz.com\/?p=111605","og_locale":"es_ES","og_type":"article","og_title":"VIENE CON TODO! - Los pol\u00edticos Veracruz","og_description":"Ricardo ChuaSale y Vale EXCLUSIVA.. Ricardo Monreal vendr\u00e1 como la \u00abavanzada\u00bb de Claudia Sheinbaum a Veracruz.. \u00c9l ser\u00e1 el encargado de los primeros trabajos pol\u00edticos territoriales de Shienbaum.. Monreal viene ahora como \u00abEl le\u00f3n, no como el cordero\u00bb que ten\u00eda que pedir permiso para entrar al Estado.. Ahora viene a dar \u00f3rdenes y a decir [&hellip;]","og_url":"https:\/\/lospoliticosveracruz.com\/?p=111605","og_site_name":"Los pol\u00edticos Veracruz","article_publisher":"https:\/\/www.facebook.com\/people\/Notimemes-de-los-Polticos\/61565672886568\/","article_published_time":"2023-09-16T14:18:48+00:00","article_modified_time":"2023-09-16T14:18:53+00:00","og_image":[{"width":200,"height":200,"url":"https:\/\/lospoliticosveracruz.com\/wp-content\/uploads\/2016\/07\/Logo-Dor.jpg","type":"image\/jpeg"}],"author":"Lo viste en Los Pol\u00edticos","twitter_card":"summary_large_image","twitter_creator":"@LosPoliticosVer","twitter_site":"@LosPoliticosVer","twitter_misc":{"Escrito por":"Lo viste en Los Pol\u00edticos","Tiempo de lectura":"4 minutos"},"schema":{"@context":"https:\/\/schema.org","@graph":[{"@type":"Article","@id":"https:\/\/lospoliticosveracruz.com\/?p=111605#article","isPartOf":{"@id":"https:\/\/lospoliticosveracruz.com\/?p=111605"},"author":{"name":"Lo viste en Los Pol\u00edticos","@id":"https:\/\/lospoliticosveracruz.com\/#\/schema\/person\/b8702bb0e538456e6efd07080bf2a4a2"},"headline":"VIENE CON TODO!","datePublished":"2023-09-16T14:18:48+00:00","dateModified":"2023-09-16T14:18:53+00:00","mainEntityOfPage":{"@id":"https:\/\/lospoliticosveracruz.com\/?p=111605"},"wordCount":862,"publisher":{"@id":"https:\/\/lospoliticosveracruz.com\/#organization"},"keywords":["Claudia Sheinbaum","Cuitl\u00e1huac Garc\u00eda Jim\u00e9nez","Javier Herrera Borunda","Juan Javier G\u00f3mez Cazar\u00edn","Morena","Omar Garc\u00eda Harfuch","Ricardo Chua","Ricardo Monreal","Roc\u00edo Nahle"],"articleSection":["De Opini\u00f3n"],"inLanguage":"es"},{"@type":"WebPage","@id":"https:\/\/lospoliticosveracruz.com\/?p=111605","url":"https:\/\/lospoliticosveracruz.com\/?p=111605","name":"VIENE CON TODO! - Los pol\u00edticos Veracruz","isPartOf":{"@id":"https:\/\/lospoliticosveracruz.com\/#website"},"datePublished":"2023-09-16T14:18:48+00:00","dateModified":"2023-09-16T14:18:53+00:00","breadcrumb":{"@id":"https:\/\/lospoliticosveracruz.com\/?p=111605#breadcrumb"},"inLanguage":"es","potentialAction":[{"@type":"ReadAction","target":["https:\/\/lospoliticosveracruz.com\/?p=111605"]}]},{"@type":"BreadcrumbList","@id":"https:\/\/lospoliticosveracruz.com\/?p=111605#breadcrumb","itemListElement":[{"@type":"ListItem","position":1,"name":"Portada","item":"https:\/\/lospoliticosveracruz.com\/"},{"@type":"ListItem","position":2,"name":"VIENE CON TODO!"}]},{"@type":"WebSite","@id":"https:\/\/lospoliticosveracruz.com\/#website","url":"https:\/\/lospoliticosveracruz.com\/","name":"Los pol\u00edticos Veracruz","description":"","publisher":{"@id":"https:\/\/lospoliticosveracruz.com\/#organization"},"potentialAction":[{"@type":"SearchAction","target":{"@type":"EntryPoint","urlTemplate":"https:\/\/lospoliticosveracruz.com\/?s={search_term_string}"},"query-input":{"@type":"PropertyValueSpecification","valueRequired":true,"valueName":"search_term_string"}}],"inLanguage":"es"},{"@type":"Organization","@id":"https:\/\/lospoliticosveracruz.com\/#organization","name":"Los pol\u00edticos Veracruz","url":"https:\/\/lospoliticosveracruz.com\/","logo":{"@type":"ImageObject","inLanguage":"es","@id":"https:\/\/lospoliticosveracruz.com\/#\/schema\/logo\/image\/","url":"https:\/\/lospoliticosveracruz.com\/wp-content\/uploads\/2025\/12\/Logo-Nuevo-LOS-POLITICOS-1.jpg","contentUrl":"https:\/\/lospoliticosveracruz.com\/wp-content\/uploads\/2025\/12\/Logo-Nuevo-LOS-POLITICOS-1.jpg","width":260,"height":70,"caption":"Los pol\u00edticos Veracruz"},"image":{"@id":"https:\/\/lospoliticosveracruz.com\/#\/schema\/logo\/image\/"},"sameAs":["https:\/\/www.facebook.com\/people\/Notimemes-de-los-Polticos\/61565672886568\/","https:\/\/x.com\/LosPoliticosVer"]},{"@type":"Person","@id":"https:\/\/lospoliticosveracruz.com\/#\/schema\/person\/b8702bb0e538456e6efd07080bf2a4a2","name":"Lo viste en Los Pol\u00edticos","image":{"@type":"ImageObject","inLanguage":"es","@id":"https:\/\/secure.gravatar.com\/avatar\/3a8de04a2656d44082be478bd6c086daa447c4651605818287b9532d3d0bd435?s=96&d=mm&r=g","url":"https:\/\/secure.gravatar.com\/avatar\/3a8de04a2656d44082be478bd6c086daa447c4651605818287b9532d3d0bd435?s=96&d=mm&r=g","contentUrl":"https:\/\/secure.gravatar.com\/avatar\/3a8de04a2656d44082be478bd6c086daa447c4651605818287b9532d3d0bd435?s=96&d=mm&r=g","caption":"Lo viste en Los Pol\u00edticos"},"url":"https:\/\/lospoliticosveracruz.com\/?author=2"}]}},"_links":{"self":[{"href":"https:\/\/lospoliticosveracruz.com\/index.php?rest_route=\/wp\/v2\/posts\/111605","targetHints":{"allow":["GET"]}}],"collection":[{"href":"https:\/\/lospoliticosveracruz.com\/index.php?rest_route=\/wp\/v2\/posts"}],"about":[{"href":"https:\/\/lospoliticosveracruz.com\/index.php?rest_route=\/wp\/v2\/types\/post"}],"author":[{"embeddable":true,"href":"https:\/\/lospoliticosveracruz.com\/index.php?rest_route=\/wp\/v2\/users\/2"}],"replies":[{"embeddable":true,"href":"https:\/\/lospoliticosveracruz.com\/index.php?rest_route=%2Fwp%2Fv2%2Fcomments&post=111605"}],"version-history":[{"count":1,"href":"https:\/\/lospoliticosveracruz.com\/index.php?rest_route=\/wp\/v2\/posts\/111605\/revisions"}],"predecessor-version":[{"id":111609,"href":"https:\/\/lospoliticosveracruz.com\/index.php?rest_route=\/wp\/v2\/posts\/111605\/revisions\/111609"}],"wp:attachment":[{"href":"https:\/\/lospoliticosveracruz.com\/index.php?rest_route=%2Fwp%2Fv2%2Fmedia&parent=111605"}],"wp:term":[{"taxonomy":"category","embeddable":true,"href":"https:\/\/lospoliticosveracruz.com\/index.php?rest_route=%2Fwp%2Fv2%2Fcategories&post=111605"},{"taxonomy":"post_tag","embeddable":true,"href":"https:\/\/lospoliticosveracruz.com\/index.php?rest_route=%2Fwp%2Fv2%2Ftags&post=111605"}],"curies":[{"name":"wp","href":"https:\/\/api.w.org\/{rel}","templated":true}]}}