{"id":111614,"date":"2023-09-16T09:35:23","date_gmt":"2023-09-16T14:35:23","guid":{"rendered":"https:\/\/lospoliticosveracruz.com.mx\/?p=111614"},"modified":"2023-09-16T09:35:29","modified_gmt":"2023-09-16T14:35:29","slug":"morena-sumaria-a-quienes-quieran-construir-en-la-4t","status":"publish","type":"post","link":"https:\/\/lospoliticosveracruz.com\/?p=111614","title":{"rendered":"MORENA SUMAR\u00cdA A QUIENES QUIERAN CONSTRUIR EN LA 4T"},"content":{"rendered":"\n<p><strong>Jos\u00e9 Luis Enr\u00edquez Ambell<\/strong><\/p>\n\n\n\n<p><em>Caf\u00e9 de Ma\u00f1ana<\/em><\/p>\n\n\n\n<p>El dirigente nacional de Morena, Mario Delgado Carrillo, dio a conocer-el martes pasado, durante una rueda de prensa- que el d\u00eda 18 de septiembre se anunciar\u00e1n todas las nueve convocatorias para renovar gubernaturas de las entidades para el proceso electoral 2024 y a\u00f1adi\u00f3 que los d\u00edas 25 y 26 del presente mes realizar\u00e1n el registro de los candidatos y candidatas.<\/p>\n\n\n<div class=\"wp-block-image\">\n<figure class=\"alignleft size-full is-resized\"><a href=\"https:\/\/lospoliticosveracruz.com.mx\/wp-content\/uploads\/2023\/02\/Vinissimo.jpg\"><img loading=\"lazy\" decoding=\"async\" src=\"https:\/\/lospoliticosveracruz.com.mx\/wp-content\/uploads\/2023\/02\/Vinissimo.jpg\" alt=\"\" class=\"wp-image-102752\" width=\"175\" height=\"178\"\/><\/a><\/figure>\n<\/div>\n\n\n<p>Adem\u00e1s, ha dicho no descartar la posibilidad de recibir en sus finales a los&nbsp;ex de otros partidos y que renunciaron a su militancia.<\/p>\n\n\n\n<p>En el caso de Veracruz, la carta echada por el Movimiento de Regeneraci\u00f3n Nacional es Roc\u00edo Nahle Garc\u00eda, los dem\u00e1s vienen detr\u00e1s, y tendr\u00eda que suceder una sorpresa insospechada como para darse otro escenario.<\/p>\n\n\n\n<p>Se podr\u00e1n registrar varios, pero al final ya est\u00e1n \u00abapalabrados\u00bb &#8211; salvo que alguien se atreva a romper el acuerdo de Puerto M\u00e9xico (Coatzacoalcos) &#8211; y es que los miembros del gabinete legal del gobernador Cuitl\u00e1huac Garc\u00eda Jim\u00e9nez, estar\u00edan por disputar otras opciones legislativas locales y en el H. Congreso de la Uni\u00f3n e incluso posiciones de campa\u00f1a, o en su momento de Gabinete, pero de que la ingeniero Nahle estar\u00e1 en la boleta por Morena en junio del 2024, no hay duda.<\/p>\n\n\n\n<p>Y en este caso, Roc\u00edo igual podr\u00eda invitar a sus contrincantes internos al equipo de campa\u00f1a en t\u00e9rminos similares como Claudia Shiembaum lo est\u00e1 armando. Y justamente, los golpes \u00abjarochos\u00bb entre algunos personajes morenistas realmente corresponde a disputarse dos escenarios: primero, estar lo mejor ubicados en la estructura de campa\u00f1a , y segundo, resultar lo mejor colocados en el venidero Gabinete del Poder Ejecutivo o en otro puesto, pero con poder y en el poder para poder seguir vigentes, m\u00e1s all\u00e1 del fuero, pues al final buscar\u00e1n no quedarse afuera ni resultar observados o tener alguno otro problema administrativo y legal.<\/p>\n\n\n\n<p>Lo cierto, es que veo una Roc\u00edo Nahle con \u00e1nimo e inter\u00e9s de hacer todo lo necesario para evitar fragmentaci\u00f3n alguna desde antes de registros, durante la pre-selecci\u00f3n interna y dinamizar la sucesi\u00f3n que busca encabezar sin sobresaltos en una campa\u00f1a que sume apartir de la unidad.<\/p>\n\n\n\n<p>En Veracruz no habr\u00e1 que descontar el ejemplo de Andr\u00e9s Manuel L\u00f3pez Obrador en 2018 y durante su mandato presidencial &#8211; invitando a ciudadanas y ciudadanos a sumarse al proyecto de continuidad y como incluso ha hecho con los gobernadores salientes para colocarlos en el&nbsp;&nbsp;gobierno y el servicio exterior, y sin reparar en la filiaci\u00f3n partidista &#8211; pues por ahora se busca que sumen para asegurar ganar, despu\u00e9s revisar\u00edan el tema de como gobernar y con quienes.<\/p>\n\n\n\n<p>Y es que Morena &#8211; al menos el Presidente y sus cercanos, no simples colaboradores &#8211; tratar\u00e1n de disminuir el crecimiento del Frente Amplio por M\u00e9xico y de sus aliados, de ah\u00ed que la apertura del partido en el poder y que parec\u00eda imposible, para continuar con la llamada transformaci\u00f3n 2024-2030 es una realidad.<\/p>\n\n\n\n<p>Ya en el 2018 recordemos que aparecieron Bartlett, Germ\u00e1n Mart\u00ednez, Porfirio Mu\u00f1oz, Murat y con el paso fue sumando a Del Mazo, Coppel, Pavlovich, Fayad, m\u00e1s los que est\u00e1n por unirse. Y este modelo, no tardar\u00e1 en replicarse en sitios como Veracruz.<\/p>\n\n\n\n<p>No hay elecciones similares, pero la de Claudia y Roc\u00edo ser\u00e1n casi id\u00e9nticas guardando vertientes y caracter\u00edsticas propias de su circunscripci\u00f3n en cada universo electoral.<\/p>\n\n\n\n<p><strong>DE SOBREMESA<\/strong><\/p>\n\n\n\n<p>Los temas y el di\u00e1logo entre Claudia Sheinbaum y X\u00f3chitl G\u00e1lvez que el Presidente L\u00f3pez Obrador busca atraerlos y agarrar con el \u00e1nimo de quitarle costos a su candidata, habr\u00e1 que reconocer que la forma de comunicar y conectar de la Senadora de la Rep\u00fablica en un corto tiempo de campa\u00f1a -y no formal a\u00fan- le viene aportando crecimiento.<\/p>\n\n\n\n<p><strong>UN CAF\u00c9 CON DOBLE CARGA<\/strong><\/p>\n\n\n\n<p>Actores de la 4T dicen querer ser&nbsp;&nbsp;Senadores y lo han venido declarando, otros filtrando en medios y redes sociales, pero ante tantos tiradores me parece que a varios &#8211; ambos g\u00e9neros &#8211; quiz\u00e1 no les de ni para ir a \u00abcenar\u00bb o quiz\u00e1 terminen llendo juntos a \u00abcenar\u00bb y no al Senado, pero en una de esas alcanzan curul y fuero para no quedarse afuera de la n\u00f3mina.<\/p>\n\n\n\n<p><strong>UN LECHERO LIGHT DIVORCIADO<\/strong><\/p>\n\n\n\n<p>Y hablando de elecciones, pero universitarias, en unas horas sesionar\u00e1 la Junta de Gobierno de la UNAM en la Cdmx y uno de los 17 aspirantes es nuestro paisano veracruzano el doctor Ra\u00fal Contreras Basurto director de la Facultad de Derecho, y quien desde la abogac\u00eda busca ser una de las voces autorizadas del Pa\u00eds de mayor conciencia y cr\u00edtica resulta, y quien promueve la actualizaci\u00f3n de la legislaci\u00f3n universitaria&nbsp;con prudencia, pero con firmeza. Suerte, que as\u00ed sea.<\/p>\n\n\n\n<p><strong>\u00a1 ES CUANTO !<\/strong><\/p>\n\n\n\n<p>Jos\u00e9 Luis Enr\u00edquez Ambell&nbsp;<\/p>\n\n\n\n<p>enamjl62@gmail.com; enriquezambell@gmail.com<\/p>\n\n\n\n<p>Secretario General de la Federaci\u00f3n Aut\u00e9ntica de Trabajadores del Estado de Veracruz (FATEV &#8211; JLEG) Registro Federal del Trabajo # 5844 y Director General de la Consultor\u00eda y Asesor\u00eda Integral AECAI Torre Animas en Xalapa, Ver.<\/p>\n","protected":false},"excerpt":{"rendered":"<p>Jos\u00e9 Luis Enr\u00edquez Ambell Caf\u00e9 de Ma\u00f1ana El dirigente nacional de Morena, Mario Delgado Carrillo, dio a conocer-el martes pasado, durante una rueda de prensa- que el d\u00eda 18 de septiembre se anunciar\u00e1n todas las nueve convocatorias para renovar gubernaturas de las entidades para el proceso electoral 2024 y a\u00f1adi\u00f3 que los d\u00edas 25 y [&hellip;]<\/p>\n","protected":false},"author":2,"featured_media":0,"comment_status":"closed","ping_status":"closed","sticky":false,"template":"","format":"standard","meta":{"tdm_status":"","tdm_grid_status":"","footnotes":""},"categories":[70],"tags":[9627,8383,1026,3578,195],"class_list":{"0":"post-111614","1":"post","2":"type-post","3":"status-publish","4":"format-standard","6":"category-de-opinion","7":"tag-claudia-sheinbaum","8":"tag-jose-luis-enriquez-ambell","9":"tag-morena","10":"tag-rocio-nahle","11":"tag-veracruz"},"yoast_head":"<!-- This site is optimized with the Yoast SEO plugin v27.4 - https:\/\/yoast.com\/product\/yoast-seo-wordpress\/ -->\n<title>MORENA SUMAR\u00cdA A QUIENES QUIERAN CONSTRUIR EN LA 4T - Los pol\u00edticos Veracruz<\/title>\n<meta name=\"robots\" content=\"index, follow, max-snippet:-1, max-image-preview:large, max-video-preview:-1\" \/>\n<link rel=\"canonical\" href=\"https:\/\/lospoliticosveracruz.com\/?p=111614\" \/>\n<meta property=\"og:locale\" content=\"es_ES\" \/>\n<meta property=\"og:type\" content=\"article\" \/>\n<meta property=\"og:title\" content=\"MORENA SUMAR\u00cdA A QUIENES QUIERAN CONSTRUIR EN LA 4T - Los pol\u00edticos Veracruz\" \/>\n<meta property=\"og:description\" content=\"Jos\u00e9 Luis Enr\u00edquez Ambell Caf\u00e9 de Ma\u00f1ana El dirigente nacional de Morena, Mario Delgado Carrillo, dio a conocer-el martes pasado, durante una rueda de prensa- que el d\u00eda 18 de septiembre se anunciar\u00e1n todas las nueve convocatorias para renovar gubernaturas de las entidades para el proceso electoral 2024 y a\u00f1adi\u00f3 que los d\u00edas 25 y [&hellip;]\" \/>\n<meta property=\"og:url\" content=\"https:\/\/lospoliticosveracruz.com\/?p=111614\" \/>\n<meta property=\"og:site_name\" content=\"Los pol\u00edticos Veracruz\" \/>\n<meta property=\"article:publisher\" content=\"https:\/\/www.facebook.com\/people\/Notimemes-de-los-Polticos\/61565672886568\/\" \/>\n<meta property=\"article:published_time\" content=\"2023-09-16T14:35:23+00:00\" \/>\n<meta property=\"article:modified_time\" content=\"2023-09-16T14:35:29+00:00\" \/>\n<meta property=\"og:image\" content=\"https:\/\/lospoliticosveracruz.com.mx\/wp-content\/uploads\/2023\/02\/Vinissimo.jpg\" \/>\n<meta name=\"author\" content=\"Lo viste en Los Pol\u00edticos\" \/>\n<meta name=\"twitter:card\" content=\"summary_large_image\" \/>\n<meta name=\"twitter:creator\" content=\"@LosPoliticosVer\" \/>\n<meta name=\"twitter:site\" content=\"@LosPoliticosVer\" \/>\n<meta name=\"twitter:label1\" content=\"Escrito por\" \/>\n\t<meta name=\"twitter:data1\" content=\"Lo viste en Los Pol\u00edticos\" \/>\n\t<meta name=\"twitter:label2\" content=\"Tiempo de lectura\" \/>\n\t<meta name=\"twitter:data2\" content=\"4 minutos\" \/>\n<script type=\"application\/ld+json\" class=\"yoast-schema-graph\">{\"@context\":\"https:\\\/\\\/schema.org\",\"@graph\":[{\"@type\":\"Article\",\"@id\":\"https:\\\/\\\/lospoliticosveracruz.com\\\/?p=111614#article\",\"isPartOf\":{\"@id\":\"https:\\\/\\\/lospoliticosveracruz.com\\\/?p=111614\"},\"author\":{\"name\":\"Lo viste en Los Pol\u00edticos\",\"@id\":\"https:\\\/\\\/lospoliticosveracruz.com\\\/#\\\/schema\\\/person\\\/b8702bb0e538456e6efd07080bf2a4a2\"},\"headline\":\"MORENA SUMAR\u00cdA A QUIENES QUIERAN CONSTRUIR EN LA 4T\",\"datePublished\":\"2023-09-16T14:35:23+00:00\",\"dateModified\":\"2023-09-16T14:35:29+00:00\",\"mainEntityOfPage\":{\"@id\":\"https:\\\/\\\/lospoliticosveracruz.com\\\/?p=111614\"},\"wordCount\":902,\"publisher\":{\"@id\":\"https:\\\/\\\/lospoliticosveracruz.com\\\/#organization\"},\"image\":{\"@id\":\"https:\\\/\\\/lospoliticosveracruz.com\\\/?p=111614#primaryimage\"},\"thumbnailUrl\":\"https:\\\/\\\/lospoliticosveracruz.com.mx\\\/wp-content\\\/uploads\\\/2023\\\/02\\\/Vinissimo.jpg\",\"keywords\":[\"Claudia Sheinbaum\",\"Jos\u00e9 Luis Enr\u00edquez Ambell\",\"Morena\",\"Roc\u00edo Nahle\",\"Veracruz\"],\"articleSection\":[\"De Opini\u00f3n\"],\"inLanguage\":\"es\"},{\"@type\":\"WebPage\",\"@id\":\"https:\\\/\\\/lospoliticosveracruz.com\\\/?p=111614\",\"url\":\"https:\\\/\\\/lospoliticosveracruz.com\\\/?p=111614\",\"name\":\"MORENA SUMAR\u00cdA A QUIENES QUIERAN CONSTRUIR EN LA 4T - Los pol\u00edticos Veracruz\",\"isPartOf\":{\"@id\":\"https:\\\/\\\/lospoliticosveracruz.com\\\/#website\"},\"primaryImageOfPage\":{\"@id\":\"https:\\\/\\\/lospoliticosveracruz.com\\\/?p=111614#primaryimage\"},\"image\":{\"@id\":\"https:\\\/\\\/lospoliticosveracruz.com\\\/?p=111614#primaryimage\"},\"thumbnailUrl\":\"https:\\\/\\\/lospoliticosveracruz.com.mx\\\/wp-content\\\/uploads\\\/2023\\\/02\\\/Vinissimo.jpg\",\"datePublished\":\"2023-09-16T14:35:23+00:00\",\"dateModified\":\"2023-09-16T14:35:29+00:00\",\"breadcrumb\":{\"@id\":\"https:\\\/\\\/lospoliticosveracruz.com\\\/?p=111614#breadcrumb\"},\"inLanguage\":\"es\",\"potentialAction\":[{\"@type\":\"ReadAction\",\"target\":[\"https:\\\/\\\/lospoliticosveracruz.com\\\/?p=111614\"]}]},{\"@type\":\"ImageObject\",\"inLanguage\":\"es\",\"@id\":\"https:\\\/\\\/lospoliticosveracruz.com\\\/?p=111614#primaryimage\",\"url\":\"https:\\\/\\\/lospoliticosveracruz.com.mx\\\/wp-content\\\/uploads\\\/2023\\\/02\\\/Vinissimo.jpg\",\"contentUrl\":\"https:\\\/\\\/lospoliticosveracruz.com.mx\\\/wp-content\\\/uploads\\\/2023\\\/02\\\/Vinissimo.jpg\"},{\"@type\":\"BreadcrumbList\",\"@id\":\"https:\\\/\\\/lospoliticosveracruz.com\\\/?p=111614#breadcrumb\",\"itemListElement\":[{\"@type\":\"ListItem\",\"position\":1,\"name\":\"Portada\",\"item\":\"https:\\\/\\\/lospoliticosveracruz.com\\\/\"},{\"@type\":\"ListItem\",\"position\":2,\"name\":\"MORENA SUMAR\u00cdA A QUIENES QUIERAN CONSTRUIR EN LA 4T\"}]},{\"@type\":\"WebSite\",\"@id\":\"https:\\\/\\\/lospoliticosveracruz.com\\\/#website\",\"url\":\"https:\\\/\\\/lospoliticosveracruz.com\\\/\",\"name\":\"Los pol\u00edticos Veracruz\",\"description\":\"\",\"publisher\":{\"@id\":\"https:\\\/\\\/lospoliticosveracruz.com\\\/#organization\"},\"potentialAction\":[{\"@type\":\"SearchAction\",\"target\":{\"@type\":\"EntryPoint\",\"urlTemplate\":\"https:\\\/\\\/lospoliticosveracruz.com\\\/?s={search_term_string}\"},\"query-input\":{\"@type\":\"PropertyValueSpecification\",\"valueRequired\":true,\"valueName\":\"search_term_string\"}}],\"inLanguage\":\"es\"},{\"@type\":\"Organization\",\"@id\":\"https:\\\/\\\/lospoliticosveracruz.com\\\/#organization\",\"name\":\"Los pol\u00edticos Veracruz\",\"url\":\"https:\\\/\\\/lospoliticosveracruz.com\\\/\",\"logo\":{\"@type\":\"ImageObject\",\"inLanguage\":\"es\",\"@id\":\"https:\\\/\\\/lospoliticosveracruz.com\\\/#\\\/schema\\\/logo\\\/image\\\/\",\"url\":\"https:\\\/\\\/lospoliticosveracruz.com\\\/wp-content\\\/uploads\\\/2025\\\/12\\\/Logo-Nuevo-LOS-POLITICOS-1.jpg\",\"contentUrl\":\"https:\\\/\\\/lospoliticosveracruz.com\\\/wp-content\\\/uploads\\\/2025\\\/12\\\/Logo-Nuevo-LOS-POLITICOS-1.jpg\",\"width\":260,\"height\":70,\"caption\":\"Los pol\u00edticos Veracruz\"},\"image\":{\"@id\":\"https:\\\/\\\/lospoliticosveracruz.com\\\/#\\\/schema\\\/logo\\\/image\\\/\"},\"sameAs\":[\"https:\\\/\\\/www.facebook.com\\\/people\\\/Notimemes-de-los-Polticos\\\/61565672886568\\\/\",\"https:\\\/\\\/x.com\\\/LosPoliticosVer\"]},{\"@type\":\"Person\",\"@id\":\"https:\\\/\\\/lospoliticosveracruz.com\\\/#\\\/schema\\\/person\\\/b8702bb0e538456e6efd07080bf2a4a2\",\"name\":\"Lo viste en Los Pol\u00edticos\",\"image\":{\"@type\":\"ImageObject\",\"inLanguage\":\"es\",\"@id\":\"https:\\\/\\\/secure.gravatar.com\\\/avatar\\\/3a8de04a2656d44082be478bd6c086daa447c4651605818287b9532d3d0bd435?s=96&d=mm&r=g\",\"url\":\"https:\\\/\\\/secure.gravatar.com\\\/avatar\\\/3a8de04a2656d44082be478bd6c086daa447c4651605818287b9532d3d0bd435?s=96&d=mm&r=g\",\"contentUrl\":\"https:\\\/\\\/secure.gravatar.com\\\/avatar\\\/3a8de04a2656d44082be478bd6c086daa447c4651605818287b9532d3d0bd435?s=96&d=mm&r=g\",\"caption\":\"Lo viste en Los Pol\u00edticos\"},\"url\":\"https:\\\/\\\/lospoliticosveracruz.com\\\/?author=2\"}]}<\/script>\n<!-- \/ Yoast SEO plugin. -->","yoast_head_json":{"title":"MORENA SUMAR\u00cdA A QUIENES QUIERAN CONSTRUIR EN LA 4T - Los pol\u00edticos Veracruz","robots":{"index":"index","follow":"follow","max-snippet":"max-snippet:-1","max-image-preview":"max-image-preview:large","max-video-preview":"max-video-preview:-1"},"canonical":"https:\/\/lospoliticosveracruz.com\/?p=111614","og_locale":"es_ES","og_type":"article","og_title":"MORENA SUMAR\u00cdA A QUIENES QUIERAN CONSTRUIR EN LA 4T - Los pol\u00edticos Veracruz","og_description":"Jos\u00e9 Luis Enr\u00edquez Ambell Caf\u00e9 de Ma\u00f1ana El dirigente nacional de Morena, Mario Delgado Carrillo, dio a conocer-el martes pasado, durante una rueda de prensa- que el d\u00eda 18 de septiembre se anunciar\u00e1n todas las nueve convocatorias para renovar gubernaturas de las entidades para el proceso electoral 2024 y a\u00f1adi\u00f3 que los d\u00edas 25 y [&hellip;]","og_url":"https:\/\/lospoliticosveracruz.com\/?p=111614","og_site_name":"Los pol\u00edticos Veracruz","article_publisher":"https:\/\/www.facebook.com\/people\/Notimemes-de-los-Polticos\/61565672886568\/","article_published_time":"2023-09-16T14:35:23+00:00","article_modified_time":"2023-09-16T14:35:29+00:00","og_image":[{"url":"https:\/\/lospoliticosveracruz.com.mx\/wp-content\/uploads\/2023\/02\/Vinissimo.jpg","type":"","width":"","height":""}],"author":"Lo viste en Los Pol\u00edticos","twitter_card":"summary_large_image","twitter_creator":"@LosPoliticosVer","twitter_site":"@LosPoliticosVer","twitter_misc":{"Escrito por":"Lo viste en Los Pol\u00edticos","Tiempo de lectura":"4 minutos"},"schema":{"@context":"https:\/\/schema.org","@graph":[{"@type":"Article","@id":"https:\/\/lospoliticosveracruz.com\/?p=111614#article","isPartOf":{"@id":"https:\/\/lospoliticosveracruz.com\/?p=111614"},"author":{"name":"Lo viste en Los Pol\u00edticos","@id":"https:\/\/lospoliticosveracruz.com\/#\/schema\/person\/b8702bb0e538456e6efd07080bf2a4a2"},"headline":"MORENA SUMAR\u00cdA A QUIENES QUIERAN CONSTRUIR EN LA 4T","datePublished":"2023-09-16T14:35:23+00:00","dateModified":"2023-09-16T14:35:29+00:00","mainEntityOfPage":{"@id":"https:\/\/lospoliticosveracruz.com\/?p=111614"},"wordCount":902,"publisher":{"@id":"https:\/\/lospoliticosveracruz.com\/#organization"},"image":{"@id":"https:\/\/lospoliticosveracruz.com\/?p=111614#primaryimage"},"thumbnailUrl":"https:\/\/lospoliticosveracruz.com.mx\/wp-content\/uploads\/2023\/02\/Vinissimo.jpg","keywords":["Claudia Sheinbaum","Jos\u00e9 Luis Enr\u00edquez Ambell","Morena","Roc\u00edo Nahle","Veracruz"],"articleSection":["De Opini\u00f3n"],"inLanguage":"es"},{"@type":"WebPage","@id":"https:\/\/lospoliticosveracruz.com\/?p=111614","url":"https:\/\/lospoliticosveracruz.com\/?p=111614","name":"MORENA SUMAR\u00cdA A QUIENES QUIERAN CONSTRUIR EN LA 4T - Los pol\u00edticos Veracruz","isPartOf":{"@id":"https:\/\/lospoliticosveracruz.com\/#website"},"primaryImageOfPage":{"@id":"https:\/\/lospoliticosveracruz.com\/?p=111614#primaryimage"},"image":{"@id":"https:\/\/lospoliticosveracruz.com\/?p=111614#primaryimage"},"thumbnailUrl":"https:\/\/lospoliticosveracruz.com.mx\/wp-content\/uploads\/2023\/02\/Vinissimo.jpg","datePublished":"2023-09-16T14:35:23+00:00","dateModified":"2023-09-16T14:35:29+00:00","breadcrumb":{"@id":"https:\/\/lospoliticosveracruz.com\/?p=111614#breadcrumb"},"inLanguage":"es","potentialAction":[{"@type":"ReadAction","target":["https:\/\/lospoliticosveracruz.com\/?p=111614"]}]},{"@type":"ImageObject","inLanguage":"es","@id":"https:\/\/lospoliticosveracruz.com\/?p=111614#primaryimage","url":"https:\/\/lospoliticosveracruz.com.mx\/wp-content\/uploads\/2023\/02\/Vinissimo.jpg","contentUrl":"https:\/\/lospoliticosveracruz.com.mx\/wp-content\/uploads\/2023\/02\/Vinissimo.jpg"},{"@type":"BreadcrumbList","@id":"https:\/\/lospoliticosveracruz.com\/?p=111614#breadcrumb","itemListElement":[{"@type":"ListItem","position":1,"name":"Portada","item":"https:\/\/lospoliticosveracruz.com\/"},{"@type":"ListItem","position":2,"name":"MORENA SUMAR\u00cdA A QUIENES QUIERAN CONSTRUIR EN LA 4T"}]},{"@type":"WebSite","@id":"https:\/\/lospoliticosveracruz.com\/#website","url":"https:\/\/lospoliticosveracruz.com\/","name":"Los pol\u00edticos Veracruz","description":"","publisher":{"@id":"https:\/\/lospoliticosveracruz.com\/#organization"},"potentialAction":[{"@type":"SearchAction","target":{"@type":"EntryPoint","urlTemplate":"https:\/\/lospoliticosveracruz.com\/?s={search_term_string}"},"query-input":{"@type":"PropertyValueSpecification","valueRequired":true,"valueName":"search_term_string"}}],"inLanguage":"es"},{"@type":"Organization","@id":"https:\/\/lospoliticosveracruz.com\/#organization","name":"Los pol\u00edticos Veracruz","url":"https:\/\/lospoliticosveracruz.com\/","logo":{"@type":"ImageObject","inLanguage":"es","@id":"https:\/\/lospoliticosveracruz.com\/#\/schema\/logo\/image\/","url":"https:\/\/lospoliticosveracruz.com\/wp-content\/uploads\/2025\/12\/Logo-Nuevo-LOS-POLITICOS-1.jpg","contentUrl":"https:\/\/lospoliticosveracruz.com\/wp-content\/uploads\/2025\/12\/Logo-Nuevo-LOS-POLITICOS-1.jpg","width":260,"height":70,"caption":"Los pol\u00edticos Veracruz"},"image":{"@id":"https:\/\/lospoliticosveracruz.com\/#\/schema\/logo\/image\/"},"sameAs":["https:\/\/www.facebook.com\/people\/Notimemes-de-los-Polticos\/61565672886568\/","https:\/\/x.com\/LosPoliticosVer"]},{"@type":"Person","@id":"https:\/\/lospoliticosveracruz.com\/#\/schema\/person\/b8702bb0e538456e6efd07080bf2a4a2","name":"Lo viste en Los Pol\u00edticos","image":{"@type":"ImageObject","inLanguage":"es","@id":"https:\/\/secure.gravatar.com\/avatar\/3a8de04a2656d44082be478bd6c086daa447c4651605818287b9532d3d0bd435?s=96&d=mm&r=g","url":"https:\/\/secure.gravatar.com\/avatar\/3a8de04a2656d44082be478bd6c086daa447c4651605818287b9532d3d0bd435?s=96&d=mm&r=g","contentUrl":"https:\/\/secure.gravatar.com\/avatar\/3a8de04a2656d44082be478bd6c086daa447c4651605818287b9532d3d0bd435?s=96&d=mm&r=g","caption":"Lo viste en Los Pol\u00edticos"},"url":"https:\/\/lospoliticosveracruz.com\/?author=2"}]}},"_links":{"self":[{"href":"https:\/\/lospoliticosveracruz.com\/index.php?rest_route=\/wp\/v2\/posts\/111614","targetHints":{"allow":["GET"]}}],"collection":[{"href":"https:\/\/lospoliticosveracruz.com\/index.php?rest_route=\/wp\/v2\/posts"}],"about":[{"href":"https:\/\/lospoliticosveracruz.com\/index.php?rest_route=\/wp\/v2\/types\/post"}],"author":[{"embeddable":true,"href":"https:\/\/lospoliticosveracruz.com\/index.php?rest_route=\/wp\/v2\/users\/2"}],"replies":[{"embeddable":true,"href":"https:\/\/lospoliticosveracruz.com\/index.php?rest_route=%2Fwp%2Fv2%2Fcomments&post=111614"}],"version-history":[{"count":1,"href":"https:\/\/lospoliticosveracruz.com\/index.php?rest_route=\/wp\/v2\/posts\/111614\/revisions"}],"predecessor-version":[{"id":111615,"href":"https:\/\/lospoliticosveracruz.com\/index.php?rest_route=\/wp\/v2\/posts\/111614\/revisions\/111615"}],"wp:attachment":[{"href":"https:\/\/lospoliticosveracruz.com\/index.php?rest_route=%2Fwp%2Fv2%2Fmedia&parent=111614"}],"wp:term":[{"taxonomy":"category","embeddable":true,"href":"https:\/\/lospoliticosveracruz.com\/index.php?rest_route=%2Fwp%2Fv2%2Fcategories&post=111614"},{"taxonomy":"post_tag","embeddable":true,"href":"https:\/\/lospoliticosveracruz.com\/index.php?rest_route=%2Fwp%2Fv2%2Ftags&post=111614"}],"curies":[{"name":"wp","href":"https:\/\/api.w.org\/{rel}","templated":true}]}}