{"id":111662,"date":"2023-09-18T11:56:54","date_gmt":"2023-09-18T16:56:54","guid":{"rendered":"https:\/\/lospoliticosveracruz.com.mx\/?p=111662"},"modified":"2023-09-18T11:57:00","modified_gmt":"2023-09-18T16:57:00","slug":"mexico-y-eu-rusia-y-ucrania","status":"publish","type":"post","link":"https:\/\/lospoliticosveracruz.com\/?p=111662","title":{"rendered":"M\u00c9XICO Y EU; RUSIA Y UCRANIA\u00a0"},"content":{"rendered":"\n<p><strong>Omar Z\u00fa\u00f1iga<\/strong><\/p>\n\n\n\n<p><em>De Primera Mano&nbsp;<\/em><\/p>\n\n\n\n<p>\u00a1Que viva la fraternidad universal!, \u00a1que viva el amor!<\/p>\n\n\n\n<p>No son arengas de alg\u00fan pastor de la Luz del Mundo o de la brasile\u00f1a Pare de Sufrir, sino que fueron parte del Grito de Independencia, de los \u201cvivas\u201d que lanz\u00f3 el presidente Andr\u00e9s Manuel L\u00f3pez Obrador desde el balc\u00f3n central de Palacio Nacional la noche del viernes 15 de septiembre, donde unos vergonzosos \u201cmueras\u201d hicieron su aparici\u00f3n y tomaron desprevenido al respetable, que a la voz de \u201cmuera la corrupci\u00f3n\u201d, respondieron \u201cviiivaaaa\u201d.<\/p>\n\n\n<div class=\"wp-block-image\">\n<figure class=\"alignleft size-medium\"><a href=\"https:\/\/lospoliticosveracruz.com.mx\/wp-content\/uploads\/2021\/10\/Zacauilt.jpg\"><img decoding=\"async\" src=\"https:\/\/lospoliticosveracruz.com.mx\/wp-content\/uploads\/2021\/10\/Zacauilt-150x300.jpg\" alt=\"\" class=\"wp-image-80558\"\/><\/a><\/figure>\n<\/div>\n\n\n<p>Podemos pensar que es parte del folclore de la Noche del Grito, aunque eso no le quite lo absurdo y vergonzoso.<\/p>\n\n\n\n<p>Pues bueno\u2026, resulta que luego del \u201cviva la fraternidad universal\u201d, \u201cque muera la discriminaci\u00f3n\u201d y en medio de la ausencia de las representantes de los Poderes de la Uni\u00f3n (Judicial y Legislativo) que fueron discriminadas por su condici\u00f3n de mujeres y no fueron invitadas al Desfile, salieron a escena las representaciones militares de Nicaragua, pa\u00eds gobernado por Daniel Ortega, un dictador con antecedentes revolucionarios, que con la ayuda de la CIA derroc\u00f3 a su vez al dictador Anastacio Somoza en la d\u00e9cada de los 80, este tipo de situaciones en las que la realidad supera la ficci\u00f3n.<\/p>\n\n\n\n<p>Sin embargo, la delegaci\u00f3n que ocasion\u00f3 m\u00e1s de una ceja levantada fue la de la Federaci\u00f3n Rusa, que origin\u00f3 incluso una protesta p\u00fablica por parte de la embajadora de Ucrania en nuestro pa\u00eds, Oksana Dramaretska, quien a trav\u00e9s de su cuenta de X\/Twitter escribi\u00f3:<\/p>\n\n\n\n<p>\u201c\u00a1? El Desfile C\u00edvico Militar en CDMX, mancillado por la participaci\u00f3n de un regimiento ruso: sus botas y manos de criminales est\u00e1n manchadas de sangre (emoji de bandera ucraniana).\u201d<\/p>\n\n\n\n<p>\u201cC\u00f3mo de coherente es, Sr. @lopezobrador_, su pol\u00edtica de neutralidad y su condena de la agresi\u00f3n&nbsp;&nbsp;(emoji de bandera rusa) contra mi pa\u00eds?\u201d<\/p>\n\n\n\n<p>Este mensaje es un serio llamado de atenci\u00f3n a la pol\u00edtica exterior de M\u00e9xico, no es posible que a pesar de la terquedad&nbsp;&nbsp;ya senil del presidente, se caigan en estas acciones que tambi\u00e9n hicieron que en Washington levantaran ambas cejas ante una idiotez de esta naturaleza.<\/p>\n\n\n\n<p>No es cosa menor, abrir un nuevo frente con lo que ellos llaman \u201cnext door neighbords\u201d o vecinos de al lado, que adem\u00e1s son nuestros principales socios comerciales.<\/p>\n\n\n\n<p>*****<\/p>\n\n\n\n<p>Y en este contexto, el flamante rector de El Colegio de Veracruz, Mario Ra\u00fal Mijares S\u00e1nchez, en plena crisis con Ucrania, el 22 de diciembre de 2022, subi\u00f3 a sus redes sociales (las mismas en las que el septuagenario personaje sube selfies mostrando su \u201catl\u00e9tica figura\u201d y adem\u00e1s, y en las que presume una certificaci\u00f3n de ingl\u00e9s avanzado expedida por Duolingo) que \u201c(\u2026) el Rector de nuestra casa de estudios, Dr. Mario Ra\u00fal Mijares S\u00e1nchez, personal administrativo y alumnas representantes de la licenciatura de Relaciones Internacionales, se reunieron con el embajador de la Federaci\u00f3n Rusa, Viktor Viktorovich Koronelli, para abordar temas acad\u00e9micos relacionados con la oferta de becas y cursos de idiomas\u201d, reuni\u00f3n que se celebr\u00f3 luego de haberse llevado a cabo en el Colver la \u201cSemana Pol\u00edtico Cultural (de) la Federaci\u00f3n Rusa en M\u00e9xico\u201d que incluy\u00f3 la conferencia \u201cRusia hoy. Econom\u00eda, Pol\u00edtica y Relaciones Internacionales\u201d, impartida por Konstantin S. Dorokhin, Ministro Consejero&nbsp;&nbsp;de la Embajada de la Federaci\u00f3n Rusa en M\u00e9xico; y parafraseando al \u00ednclito, haiga sido como haiga sido, no deja de ser una tremenda torpeza, pues el contexto es el mismo y no hay ninguna necesidad.<\/p>\n\n\n\n<p>\u00a1Qu\u00e9 barbaridad!<\/p>\n\n\n\n<p>deprimera.mano2020@gmail.com<\/p>\n","protected":false},"excerpt":{"rendered":"<p>Omar Z\u00fa\u00f1iga De Primera Mano&nbsp; \u00a1Que viva la fraternidad universal!, \u00a1que viva el amor! No son arengas de alg\u00fan pastor de la Luz del Mundo o de la brasile\u00f1a Pare de Sufrir, sino que fueron parte del Grito de Independencia, de los \u201cvivas\u201d que lanz\u00f3 el presidente Andr\u00e9s Manuel L\u00f3pez Obrador desde el balc\u00f3n central [&hellip;]<\/p>\n","protected":false},"author":2,"featured_media":0,"comment_status":"closed","ping_status":"closed","sticky":false,"template":"","format":"standard","meta":{"tdm_status":"","tdm_grid_status":"","footnotes":""},"categories":[70],"tags":[30167,19628],"class_list":{"0":"post-111662","1":"post","2":"type-post","3":"status-publish","4":"format-standard","6":"category-de-opinion","7":"tag-el-colegio-de-veracruz","8":"tag-mario-raul-mijares-sanchez"},"yoast_head":"<!-- This site is optimized with the Yoast SEO plugin v27.4 - https:\/\/yoast.com\/product\/yoast-seo-wordpress\/ -->\n<title>M\u00c9XICO Y EU; RUSIA Y UCRANIA\u00a0 - Los pol\u00edticos Veracruz<\/title>\n<meta name=\"robots\" content=\"index, follow, max-snippet:-1, max-image-preview:large, max-video-preview:-1\" \/>\n<link rel=\"canonical\" href=\"https:\/\/lospoliticosveracruz.com\/?p=111662\" \/>\n<meta property=\"og:locale\" content=\"es_ES\" \/>\n<meta property=\"og:type\" content=\"article\" \/>\n<meta property=\"og:title\" content=\"M\u00c9XICO Y EU; RUSIA Y UCRANIA\u00a0 - Los pol\u00edticos Veracruz\" \/>\n<meta property=\"og:description\" content=\"Omar Z\u00fa\u00f1iga De Primera Mano&nbsp; \u00a1Que viva la fraternidad universal!, \u00a1que viva el amor! No son arengas de alg\u00fan pastor de la Luz del Mundo o de la brasile\u00f1a Pare de Sufrir, sino que fueron parte del Grito de Independencia, de los \u201cvivas\u201d que lanz\u00f3 el presidente Andr\u00e9s Manuel L\u00f3pez Obrador desde el balc\u00f3n central [&hellip;]\" \/>\n<meta property=\"og:url\" content=\"https:\/\/lospoliticosveracruz.com\/?p=111662\" \/>\n<meta property=\"og:site_name\" content=\"Los pol\u00edticos Veracruz\" \/>\n<meta property=\"article:publisher\" content=\"https:\/\/www.facebook.com\/people\/Notimemes-de-los-Polticos\/61565672886568\/\" \/>\n<meta property=\"article:published_time\" content=\"2023-09-18T16:56:54+00:00\" \/>\n<meta property=\"article:modified_time\" content=\"2023-09-18T16:57:00+00:00\" \/>\n<meta property=\"og:image\" content=\"https:\/\/lospoliticosveracruz.com.mx\/wp-content\/uploads\/2021\/10\/Zacauilt-150x300.jpg\" \/>\n<meta name=\"author\" content=\"Lo viste en Los Pol\u00edticos\" \/>\n<meta name=\"twitter:card\" content=\"summary_large_image\" \/>\n<meta name=\"twitter:creator\" content=\"@LosPoliticosVer\" \/>\n<meta name=\"twitter:site\" content=\"@LosPoliticosVer\" \/>\n<meta name=\"twitter:label1\" content=\"Escrito por\" \/>\n\t<meta name=\"twitter:data1\" content=\"Lo viste en Los Pol\u00edticos\" \/>\n\t<meta name=\"twitter:label2\" content=\"Tiempo de lectura\" \/>\n\t<meta name=\"twitter:data2\" content=\"3 minutos\" \/>\n<script type=\"application\/ld+json\" class=\"yoast-schema-graph\">{\"@context\":\"https:\\\/\\\/schema.org\",\"@graph\":[{\"@type\":\"Article\",\"@id\":\"https:\\\/\\\/lospoliticosveracruz.com\\\/?p=111662#article\",\"isPartOf\":{\"@id\":\"https:\\\/\\\/lospoliticosveracruz.com\\\/?p=111662\"},\"author\":{\"name\":\"Lo viste en Los Pol\u00edticos\",\"@id\":\"https:\\\/\\\/lospoliticosveracruz.com\\\/#\\\/schema\\\/person\\\/b8702bb0e538456e6efd07080bf2a4a2\"},\"headline\":\"M\u00c9XICO Y EU; RUSIA Y UCRANIA\u00a0\",\"datePublished\":\"2023-09-18T16:56:54+00:00\",\"dateModified\":\"2023-09-18T16:57:00+00:00\",\"mainEntityOfPage\":{\"@id\":\"https:\\\/\\\/lospoliticosveracruz.com\\\/?p=111662\"},\"wordCount\":630,\"publisher\":{\"@id\":\"https:\\\/\\\/lospoliticosveracruz.com\\\/#organization\"},\"image\":{\"@id\":\"https:\\\/\\\/lospoliticosveracruz.com\\\/?p=111662#primaryimage\"},\"thumbnailUrl\":\"https:\\\/\\\/lospoliticosveracruz.com.mx\\\/wp-content\\\/uploads\\\/2021\\\/10\\\/Zacauilt-150x300.jpg\",\"keywords\":[\"El Colegio de Veracruz\",\"Mario Ra\u00fal Mijares S\u00e1nchez\"],\"articleSection\":[\"De Opini\u00f3n\"],\"inLanguage\":\"es\"},{\"@type\":\"WebPage\",\"@id\":\"https:\\\/\\\/lospoliticosveracruz.com\\\/?p=111662\",\"url\":\"https:\\\/\\\/lospoliticosveracruz.com\\\/?p=111662\",\"name\":\"M\u00c9XICO Y EU; RUSIA Y UCRANIA\u00a0 - Los pol\u00edticos Veracruz\",\"isPartOf\":{\"@id\":\"https:\\\/\\\/lospoliticosveracruz.com\\\/#website\"},\"primaryImageOfPage\":{\"@id\":\"https:\\\/\\\/lospoliticosveracruz.com\\\/?p=111662#primaryimage\"},\"image\":{\"@id\":\"https:\\\/\\\/lospoliticosveracruz.com\\\/?p=111662#primaryimage\"},\"thumbnailUrl\":\"https:\\\/\\\/lospoliticosveracruz.com.mx\\\/wp-content\\\/uploads\\\/2021\\\/10\\\/Zacauilt-150x300.jpg\",\"datePublished\":\"2023-09-18T16:56:54+00:00\",\"dateModified\":\"2023-09-18T16:57:00+00:00\",\"breadcrumb\":{\"@id\":\"https:\\\/\\\/lospoliticosveracruz.com\\\/?p=111662#breadcrumb\"},\"inLanguage\":\"es\",\"potentialAction\":[{\"@type\":\"ReadAction\",\"target\":[\"https:\\\/\\\/lospoliticosveracruz.com\\\/?p=111662\"]}]},{\"@type\":\"ImageObject\",\"inLanguage\":\"es\",\"@id\":\"https:\\\/\\\/lospoliticosveracruz.com\\\/?p=111662#primaryimage\",\"url\":\"https:\\\/\\\/lospoliticosveracruz.com.mx\\\/wp-content\\\/uploads\\\/2021\\\/10\\\/Zacauilt-150x300.jpg\",\"contentUrl\":\"https:\\\/\\\/lospoliticosveracruz.com.mx\\\/wp-content\\\/uploads\\\/2021\\\/10\\\/Zacauilt-150x300.jpg\"},{\"@type\":\"BreadcrumbList\",\"@id\":\"https:\\\/\\\/lospoliticosveracruz.com\\\/?p=111662#breadcrumb\",\"itemListElement\":[{\"@type\":\"ListItem\",\"position\":1,\"name\":\"Portada\",\"item\":\"https:\\\/\\\/lospoliticosveracruz.com\\\/\"},{\"@type\":\"ListItem\",\"position\":2,\"name\":\"M\u00c9XICO Y EU; RUSIA Y UCRANIA\u00a0\"}]},{\"@type\":\"WebSite\",\"@id\":\"https:\\\/\\\/lospoliticosveracruz.com\\\/#website\",\"url\":\"https:\\\/\\\/lospoliticosveracruz.com\\\/\",\"name\":\"Los pol\u00edticos Veracruz\",\"description\":\"\",\"publisher\":{\"@id\":\"https:\\\/\\\/lospoliticosveracruz.com\\\/#organization\"},\"potentialAction\":[{\"@type\":\"SearchAction\",\"target\":{\"@type\":\"EntryPoint\",\"urlTemplate\":\"https:\\\/\\\/lospoliticosveracruz.com\\\/?s={search_term_string}\"},\"query-input\":{\"@type\":\"PropertyValueSpecification\",\"valueRequired\":true,\"valueName\":\"search_term_string\"}}],\"inLanguage\":\"es\"},{\"@type\":\"Organization\",\"@id\":\"https:\\\/\\\/lospoliticosveracruz.com\\\/#organization\",\"name\":\"Los pol\u00edticos Veracruz\",\"url\":\"https:\\\/\\\/lospoliticosveracruz.com\\\/\",\"logo\":{\"@type\":\"ImageObject\",\"inLanguage\":\"es\",\"@id\":\"https:\\\/\\\/lospoliticosveracruz.com\\\/#\\\/schema\\\/logo\\\/image\\\/\",\"url\":\"https:\\\/\\\/lospoliticosveracruz.com\\\/wp-content\\\/uploads\\\/2025\\\/12\\\/Logo-Nuevo-LOS-POLITICOS-1.jpg\",\"contentUrl\":\"https:\\\/\\\/lospoliticosveracruz.com\\\/wp-content\\\/uploads\\\/2025\\\/12\\\/Logo-Nuevo-LOS-POLITICOS-1.jpg\",\"width\":260,\"height\":70,\"caption\":\"Los pol\u00edticos Veracruz\"},\"image\":{\"@id\":\"https:\\\/\\\/lospoliticosveracruz.com\\\/#\\\/schema\\\/logo\\\/image\\\/\"},\"sameAs\":[\"https:\\\/\\\/www.facebook.com\\\/people\\\/Notimemes-de-los-Polticos\\\/61565672886568\\\/\",\"https:\\\/\\\/x.com\\\/LosPoliticosVer\"]},{\"@type\":\"Person\",\"@id\":\"https:\\\/\\\/lospoliticosveracruz.com\\\/#\\\/schema\\\/person\\\/b8702bb0e538456e6efd07080bf2a4a2\",\"name\":\"Lo viste en Los Pol\u00edticos\",\"image\":{\"@type\":\"ImageObject\",\"inLanguage\":\"es\",\"@id\":\"https:\\\/\\\/secure.gravatar.com\\\/avatar\\\/3a8de04a2656d44082be478bd6c086daa447c4651605818287b9532d3d0bd435?s=96&d=mm&r=g\",\"url\":\"https:\\\/\\\/secure.gravatar.com\\\/avatar\\\/3a8de04a2656d44082be478bd6c086daa447c4651605818287b9532d3d0bd435?s=96&d=mm&r=g\",\"contentUrl\":\"https:\\\/\\\/secure.gravatar.com\\\/avatar\\\/3a8de04a2656d44082be478bd6c086daa447c4651605818287b9532d3d0bd435?s=96&d=mm&r=g\",\"caption\":\"Lo viste en Los Pol\u00edticos\"},\"url\":\"https:\\\/\\\/lospoliticosveracruz.com\\\/?author=2\"}]}<\/script>\n<!-- \/ Yoast SEO plugin. -->","yoast_head_json":{"title":"M\u00c9XICO Y EU; RUSIA Y UCRANIA\u00a0 - Los pol\u00edticos Veracruz","robots":{"index":"index","follow":"follow","max-snippet":"max-snippet:-1","max-image-preview":"max-image-preview:large","max-video-preview":"max-video-preview:-1"},"canonical":"https:\/\/lospoliticosveracruz.com\/?p=111662","og_locale":"es_ES","og_type":"article","og_title":"M\u00c9XICO Y EU; RUSIA Y UCRANIA\u00a0 - Los pol\u00edticos Veracruz","og_description":"Omar Z\u00fa\u00f1iga De Primera Mano&nbsp; \u00a1Que viva la fraternidad universal!, \u00a1que viva el amor! No son arengas de alg\u00fan pastor de la Luz del Mundo o de la brasile\u00f1a Pare de Sufrir, sino que fueron parte del Grito de Independencia, de los \u201cvivas\u201d que lanz\u00f3 el presidente Andr\u00e9s Manuel L\u00f3pez Obrador desde el balc\u00f3n central [&hellip;]","og_url":"https:\/\/lospoliticosveracruz.com\/?p=111662","og_site_name":"Los pol\u00edticos Veracruz","article_publisher":"https:\/\/www.facebook.com\/people\/Notimemes-de-los-Polticos\/61565672886568\/","article_published_time":"2023-09-18T16:56:54+00:00","article_modified_time":"2023-09-18T16:57:00+00:00","og_image":[{"url":"https:\/\/lospoliticosveracruz.com.mx\/wp-content\/uploads\/2021\/10\/Zacauilt-150x300.jpg","type":"","width":"","height":""}],"author":"Lo viste en Los Pol\u00edticos","twitter_card":"summary_large_image","twitter_creator":"@LosPoliticosVer","twitter_site":"@LosPoliticosVer","twitter_misc":{"Escrito por":"Lo viste en Los Pol\u00edticos","Tiempo de lectura":"3 minutos"},"schema":{"@context":"https:\/\/schema.org","@graph":[{"@type":"Article","@id":"https:\/\/lospoliticosveracruz.com\/?p=111662#article","isPartOf":{"@id":"https:\/\/lospoliticosveracruz.com\/?p=111662"},"author":{"name":"Lo viste en Los Pol\u00edticos","@id":"https:\/\/lospoliticosveracruz.com\/#\/schema\/person\/b8702bb0e538456e6efd07080bf2a4a2"},"headline":"M\u00c9XICO Y EU; RUSIA Y UCRANIA\u00a0","datePublished":"2023-09-18T16:56:54+00:00","dateModified":"2023-09-18T16:57:00+00:00","mainEntityOfPage":{"@id":"https:\/\/lospoliticosveracruz.com\/?p=111662"},"wordCount":630,"publisher":{"@id":"https:\/\/lospoliticosveracruz.com\/#organization"},"image":{"@id":"https:\/\/lospoliticosveracruz.com\/?p=111662#primaryimage"},"thumbnailUrl":"https:\/\/lospoliticosveracruz.com.mx\/wp-content\/uploads\/2021\/10\/Zacauilt-150x300.jpg","keywords":["El Colegio de Veracruz","Mario Ra\u00fal Mijares S\u00e1nchez"],"articleSection":["De Opini\u00f3n"],"inLanguage":"es"},{"@type":"WebPage","@id":"https:\/\/lospoliticosveracruz.com\/?p=111662","url":"https:\/\/lospoliticosveracruz.com\/?p=111662","name":"M\u00c9XICO Y EU; RUSIA Y UCRANIA\u00a0 - Los pol\u00edticos Veracruz","isPartOf":{"@id":"https:\/\/lospoliticosveracruz.com\/#website"},"primaryImageOfPage":{"@id":"https:\/\/lospoliticosveracruz.com\/?p=111662#primaryimage"},"image":{"@id":"https:\/\/lospoliticosveracruz.com\/?p=111662#primaryimage"},"thumbnailUrl":"https:\/\/lospoliticosveracruz.com.mx\/wp-content\/uploads\/2021\/10\/Zacauilt-150x300.jpg","datePublished":"2023-09-18T16:56:54+00:00","dateModified":"2023-09-18T16:57:00+00:00","breadcrumb":{"@id":"https:\/\/lospoliticosveracruz.com\/?p=111662#breadcrumb"},"inLanguage":"es","potentialAction":[{"@type":"ReadAction","target":["https:\/\/lospoliticosveracruz.com\/?p=111662"]}]},{"@type":"ImageObject","inLanguage":"es","@id":"https:\/\/lospoliticosveracruz.com\/?p=111662#primaryimage","url":"https:\/\/lospoliticosveracruz.com.mx\/wp-content\/uploads\/2021\/10\/Zacauilt-150x300.jpg","contentUrl":"https:\/\/lospoliticosveracruz.com.mx\/wp-content\/uploads\/2021\/10\/Zacauilt-150x300.jpg"},{"@type":"BreadcrumbList","@id":"https:\/\/lospoliticosveracruz.com\/?p=111662#breadcrumb","itemListElement":[{"@type":"ListItem","position":1,"name":"Portada","item":"https:\/\/lospoliticosveracruz.com\/"},{"@type":"ListItem","position":2,"name":"M\u00c9XICO Y EU; RUSIA Y UCRANIA\u00a0"}]},{"@type":"WebSite","@id":"https:\/\/lospoliticosveracruz.com\/#website","url":"https:\/\/lospoliticosveracruz.com\/","name":"Los pol\u00edticos Veracruz","description":"","publisher":{"@id":"https:\/\/lospoliticosveracruz.com\/#organization"},"potentialAction":[{"@type":"SearchAction","target":{"@type":"EntryPoint","urlTemplate":"https:\/\/lospoliticosveracruz.com\/?s={search_term_string}"},"query-input":{"@type":"PropertyValueSpecification","valueRequired":true,"valueName":"search_term_string"}}],"inLanguage":"es"},{"@type":"Organization","@id":"https:\/\/lospoliticosveracruz.com\/#organization","name":"Los pol\u00edticos Veracruz","url":"https:\/\/lospoliticosveracruz.com\/","logo":{"@type":"ImageObject","inLanguage":"es","@id":"https:\/\/lospoliticosveracruz.com\/#\/schema\/logo\/image\/","url":"https:\/\/lospoliticosveracruz.com\/wp-content\/uploads\/2025\/12\/Logo-Nuevo-LOS-POLITICOS-1.jpg","contentUrl":"https:\/\/lospoliticosveracruz.com\/wp-content\/uploads\/2025\/12\/Logo-Nuevo-LOS-POLITICOS-1.jpg","width":260,"height":70,"caption":"Los pol\u00edticos Veracruz"},"image":{"@id":"https:\/\/lospoliticosveracruz.com\/#\/schema\/logo\/image\/"},"sameAs":["https:\/\/www.facebook.com\/people\/Notimemes-de-los-Polticos\/61565672886568\/","https:\/\/x.com\/LosPoliticosVer"]},{"@type":"Person","@id":"https:\/\/lospoliticosveracruz.com\/#\/schema\/person\/b8702bb0e538456e6efd07080bf2a4a2","name":"Lo viste en Los Pol\u00edticos","image":{"@type":"ImageObject","inLanguage":"es","@id":"https:\/\/secure.gravatar.com\/avatar\/3a8de04a2656d44082be478bd6c086daa447c4651605818287b9532d3d0bd435?s=96&d=mm&r=g","url":"https:\/\/secure.gravatar.com\/avatar\/3a8de04a2656d44082be478bd6c086daa447c4651605818287b9532d3d0bd435?s=96&d=mm&r=g","contentUrl":"https:\/\/secure.gravatar.com\/avatar\/3a8de04a2656d44082be478bd6c086daa447c4651605818287b9532d3d0bd435?s=96&d=mm&r=g","caption":"Lo viste en Los Pol\u00edticos"},"url":"https:\/\/lospoliticosveracruz.com\/?author=2"}]}},"_links":{"self":[{"href":"https:\/\/lospoliticosveracruz.com\/index.php?rest_route=\/wp\/v2\/posts\/111662","targetHints":{"allow":["GET"]}}],"collection":[{"href":"https:\/\/lospoliticosveracruz.com\/index.php?rest_route=\/wp\/v2\/posts"}],"about":[{"href":"https:\/\/lospoliticosveracruz.com\/index.php?rest_route=\/wp\/v2\/types\/post"}],"author":[{"embeddable":true,"href":"https:\/\/lospoliticosveracruz.com\/index.php?rest_route=\/wp\/v2\/users\/2"}],"replies":[{"embeddable":true,"href":"https:\/\/lospoliticosveracruz.com\/index.php?rest_route=%2Fwp%2Fv2%2Fcomments&post=111662"}],"version-history":[{"count":1,"href":"https:\/\/lospoliticosveracruz.com\/index.php?rest_route=\/wp\/v2\/posts\/111662\/revisions"}],"predecessor-version":[{"id":111664,"href":"https:\/\/lospoliticosveracruz.com\/index.php?rest_route=\/wp\/v2\/posts\/111662\/revisions\/111664"}],"wp:attachment":[{"href":"https:\/\/lospoliticosveracruz.com\/index.php?rest_route=%2Fwp%2Fv2%2Fmedia&parent=111662"}],"wp:term":[{"taxonomy":"category","embeddable":true,"href":"https:\/\/lospoliticosveracruz.com\/index.php?rest_route=%2Fwp%2Fv2%2Fcategories&post=111662"},{"taxonomy":"post_tag","embeddable":true,"href":"https:\/\/lospoliticosveracruz.com\/index.php?rest_route=%2Fwp%2Fv2%2Ftags&post=111662"}],"curies":[{"name":"wp","href":"https:\/\/api.w.org\/{rel}","templated":true}]}}