{"id":111681,"date":"2023-09-18T14:41:33","date_gmt":"2023-09-18T19:41:33","guid":{"rendered":"https:\/\/lospoliticosveracruz.com.mx\/?p=111681"},"modified":"2023-09-18T14:41:36","modified_gmt":"2023-09-18T19:41:36","slug":"independencia-sin-descolonizar","status":"publish","type":"post","link":"https:\/\/lospoliticosveracruz.com\/?p=111681","title":{"rendered":"INDEPENDENCIA SIN DESCOLONIZAR"},"content":{"rendered":"\n<p><strong>Inocencio Y\u00e1\u00f1ez Vicencio<\/strong><\/p>\n\n\n\n<p>Me apena mucho contrariar a algunos amigos que teniendo los m\u00e1s altos grados acad\u00e9micos queotorgan las instituciones educativas, insisten en errores que empa\u00f1an la historiograf\u00eda, que no la historia, por lo cual pienso que son pertinentes algunas precisiones, amen de que el m\u00e1s elevado galard\u00f3n universitario no es un techo del conocimiento, por lo que el aprendizaje no tiene fin.<\/p>\n\n\n<div class=\"wp-block-image\">\n<figure class=\"alignleft size-medium\"><a href=\"https:\/\/lospoliticosveracruz.com.mx\/wp-content\/uploads\/2021\/10\/Zacauilt.jpg\"><img decoding=\"async\" src=\"https:\/\/lospoliticosveracruz.com.mx\/wp-content\/uploads\/2021\/10\/Zacauilt-150x300.jpg\" alt=\"\" class=\"wp-image-80558\"\/><\/a><\/figure>\n<\/div>\n\n\n<p>Para empezar nuestras tierras fueron colonizadas por la espada y la cruz, como lo documenta Robert Ricard, en su libro La conquista espiritual de M\u00e9xico, cuya primera edici\u00f3n es de Jus- Polis.1947. De matriz confesional.&nbsp;<\/p>\n\n\n\n<p>Para 1796 la propiedad territorial de la Iglesia Cat\u00f3lica era muy superior a la de los particulares y gobierno juntos, revelan los archivos eclesi\u00e1sticos, conforme a la investigaci\u00f3n que realiz\u00f3 el eminente maestro Alfonso Toro, en su obra La Iglesia y el Estado en M\u00e9xico( 1927 );&nbsp;&nbsp;lo que prueba que de palabra segu\u00edan a Jesucristo pero en los hechos estos si quer\u00edan un reino en la tierra y se asociaban con los mercaderes que el hijo de Dios ech\u00f3 del Templo. Vali\u00e9ndose de una falsa donaci\u00f3n de Constantino se proclam\u00f3 la Iglesia heredera del Imperio Romano y el saqueo perpetrado aqu\u00ed no fue m\u00e1s un eslab\u00f3n de su plan de dominio universal tanto espiritual como material.<\/p>\n\n\n\n<p>Es cierto que en lugar de matar a nuestros nativos con las armas convencionales, utilizan las encomiendas, minas, obrajes, latifundios, haciendas, mayorazgos y la esclavitud dom\u00e9stica para que se consuman lentamente. Los espa\u00f1oles abren c\u00e1rceles y hospitales, para explorar la ruta del Mar de las Tinieblas. Se unen Estado patrimonial e Iglesia para la conquista. Vienen desahuciados y convictos. Es tan brutal el maltrato que entre sus mismos frailes se alzan voces de protesta contra los m\u00e9todos de explotaci\u00f3n. Fueron tres siglos de evangelizaci\u00f3n, donde la blasfemia era un delito civil. Estado e Iglesia castigaban dudar o cuestionar la doctrina cristiana. Los ind\u00edgenas estaban excluidos de propiedades, cargos, derechos. S\u00f3lo d\u00f3nde el gobierno virreinal no pod\u00eda llegar, reconoc\u00eda o nombraba un cacique, que mediaba para la tributaci\u00f3n y el control.&nbsp;<\/p>\n\n\n\n<p>Lo que hoy son los Estados Unidos fue objeto de una colonizaci\u00f3n pr\u00e1cticamente privada. Hubo cartas de compa\u00f1ias de indias y cartas reales. Emigr\u00f3 de Inglaterra lo mejor, lo m\u00e1s emprendedor, los que hu\u00edan del feudalismo. Desde 1620, los puritanos al llegar al Continente Americano, nombraban a su pastor y a su gobierno en cada plantaci\u00f3n. Seg\u00fan Alexis de Tocqueville se asociaban para todo. Para un puento o camino, nombraban un comit\u00e9 de construcci\u00f3n, otro de finanzas, otro de vigilancia&#8230; pero nunca esperaban nada del gobierno. Esta cultura les ven\u00eda que su madre patria tuvo un desarrollo sin que el Estado tuviera el papel protagonista que tuvo en el continente europeo. Es v\u00e1lido decir que de 1620 a 1776 los ingleses asentados en el Norte de Am\u00e9rica tuvieron y disfrutaron de libertad y que su independencia se circunscribe a reclamar representaci\u00f3n. No hay impuesto sin representaci\u00f3n. En esas tierras, los mismos colonizadores reclaman y hacen la independencia, que no implicaba descolonizaci\u00f3n, porque extinguieron a los indios que la hab\u00edan sufrido y \u00fanicamente quedaban los verdugos y \u00e9stos s\u00f3lo ped\u00edan que los dejar\u00e1n tener su representaci\u00f3n.<\/p>\n\n\n\n<p>La diferencia entre la conquista espa\u00f1ola aqu\u00ed y la conquista inglesa en Am\u00e9rica del Norte, como puede verse, es enorme. Los ingleses en esas tierras tuvieron la m\u00e1s completa libertad, no sufrieron saqueo, nadie les impuso sobre sus creencias otras, ellos eleg\u00edan sus propias autoridades, ten\u00edan derechos, en lugar del derecho natural traspolaron el derecho com\u00fan, desarrollaron la autogesti\u00f3n&#8230;<\/p>\n\n\n\n<p>Los trescientos a\u00f1os de dominaci\u00f3n espa\u00f1ola fueron&nbsp;&nbsp;de saqueo, explotaci\u00f3n y de feroz y despiadada persecuci\u00f3n de sus creencias y cultos, en el que el Santo Oficio de la Santa Inquisici\u00f3n, llev\u00f3 a la tortura y muerte a muchos que se resist\u00edan al evangelio. La Colonia signific\u00f3 para nuestro pueblo negaci\u00f3n de los derechos m\u00e1s elementales, derechos de propiedad, de tr\u00e1nsito, de expresi\u00f3n..exclusi\u00f3n de cargos p\u00fablicos, pesadas cargas tributarias, para el clero, militares, peninsulares, privilegios y fueros.<\/p>\n\n\n\n<p>Cuando Napole\u00f3n Bonaparte invade Espa\u00f1a, la monarqu\u00eda&nbsp;&nbsp;salta en pedazos , repercutiendo en sus colonias americanas. Por eso Hidalgo, creyendo, atraer un sector importante de peninsulares a su causa, en su arega est\u00e1 el nombre del heredero leg\u00edtimo Fernando Vll ( recu\u00e9rdese que por esos momentos la corriente legitimista es dominante en el principio mon\u00e1rquico), porque lo que reina es la confusi\u00f3n. Sin escudri\u00f1ar los sucesos que en esa \u00e9poca se est\u00e1n dando en Espa\u00f1a es imposible comprender lo que sucede en nuestras tierras. Napole\u00f3n debe en&nbsp;&nbsp;principio sus \u00e9xitos militares a que va liberando los se\u00f1or\u00edos y es apoyado y se apoya en los siervos. Tan aboya las monarqu\u00edas absolutas que nunca vuelven a ser iguales.&nbsp;&nbsp;Su final en 1814 no trae ni formal ni material la plena restauraci\u00f3n.&nbsp;&nbsp;En Francia Luis XVIII, con su constituci\u00f3n otorgada, no puede ni pensar en restituir la soberan\u00eda fragmentada, la estructura estamental.<\/p>\n\n\n\n<p>En 1812 la Constituci\u00f3n de Cadiz, abre un abanico de medidas liberales para la Metr\u00f3poli y sus provincias, que la reacci\u00f3n del 14 impide que lleguen y se materialicen en Am\u00e9rica. Fue precisamente en 1820, cuando se restaura la Constituci\u00f3n gaditana, que la lucha por la independecia cobra fuerza.<\/p>\n\n\n\n<p>En el territorio que hoy es M\u00e9xico no s\u00f3lo los hombres y mujeres que secundaron a Miguel Hidalgo, se vieron alentados pese a lo diezmado de sus fuerzas, por el triunfo de las ideas liberales en la Pen\u00ednsula sino tambi\u00e9n los grupos clericales, los terratenientes, hacendados, los militares, los privilegiados de toda \u00edndole, que desde hac\u00eda a\u00f1os atr\u00e1s ven\u00edan reuni\u00e9ndose en un local conocido como la Profesa, con el prop\u00f3sito de conspirar contra cualquier medida del gobierno que consideraran para flexibilizar el r\u00e9gimen colonial. El director de la casa de ejercicios era Mat\u00edas Monteagudo, quien era el cabecilla . En esa conspiraci\u00f3n figuraban dos personajes que hab\u00eda sido inquisidores. Fue Monteagudo quien recomend\u00f3&nbsp;&nbsp;a don Agust\u00edn de Iturbide, seguramente por sus antecedentes de ser hombre de rapi\u00f1as y crueldades, famoso por no conocer de moralidad, para encabezar las maniobras militares que culminar\u00e1n con la farsa independentista.&nbsp;<\/p>\n\n\n\n<p>Despu\u00e9s de varios intentos de intentar vencer a Vicente Guerrero, opt\u00f3 por negociar con \u00e9l.&nbsp;&nbsp;<\/p>\n\n\n\n<p>El Plan de Iguala, proclamado el 24 de febrero de 1821, establece en su art\u00edculo primero la&nbsp;&nbsp;religi\u00f3n cat\u00f3lica como \u00fanica. El dos, declara la absoluta independencia de Espa\u00f1a. El 3 y 4 institu\u00eda un gobierno mon\u00e1rquico constitucional&nbsp;&nbsp;con Fernando Vll como rey, en su defecto alg\u00fan miembro de la casa reinante. El art\u00edculo 12, la igualdad de razas. Art\u00edculo 13, respeto a todas las propiedades. Art\u00edculo 14, que se conservan fueron del clero y militares asi como sus propiedades. Art\u00edculo 15, se mantiene a todos los empleados en sus puestos p\u00fablicos.&nbsp;&nbsp;Art\u00edculo 17, conserva en sus cargos jefes y oficiales del ej\u00e9rcito. Los art\u00edculos 14, 15 y 17 ligan los intereses militares, jerarqu\u00eda eclesi\u00e1stica y burocracia virreinal.&nbsp;<\/p>\n\n\n\n<p>Con esto queda claro que el Plan de Iguala, es la m\u00e1s grande falsificaci\u00f3n de la causa de los insurgentes. Por esa raz\u00f3n dice don Agust\u00edn Rivera que: El Plan de Iguala&nbsp;&nbsp;fue el hijo espurio de la Revoluci\u00f3n de independencia&#8230;no&nbsp;&nbsp;fue&#8230; sino la falsificaci\u00f3n del Grito de Dolores y de la Revoluci\u00f3n.&nbsp;&nbsp;El Plan de Iguala sali\u00f3 de la celda de los inquisidores de la Profesa, Monteagudo y Tirado, de quienes Iturbide fue el instrumento.<\/p>\n\n\n\n<p>Al mismo Apodaca, virrey, lo hizo figurar en la lista de los individuos que debian componer la Junta Gubernativa, propuesta en el mismo plan, para que la presidiera. En esta lista incluy\u00f3 a Bataller, regente de la Audiencia de M\u00e9xico, como vicepresidente, y entre los vocales est\u00e1n&nbsp;&nbsp;Monteagudo&nbsp;&nbsp;y otros.<\/p>\n\n\n\n<p>En la villa de C\u00f3rdoba, el 24 de agosto de 1821, firman El Tratado de C\u00f3rdoba ( NO LOS TEATADOS DE C\u00d3RDOBA, PORQUE NO HUBO VARIOS, SOLO UNO, UNO ), Iturbide, como representante del Imperio mexicano y don Juan O&#8217;Donoj\u00fa, con el cargo ya no de virrey sino de capit\u00e1n general que le hab\u00edan otorgado las Cortes de Espa\u00f1a. Ya sabemos que como ni Fernando Vll ni ning\u00fan integrante de la casa real acept\u00f3 el trono, se modific\u00f3 el Plan, para despejarle el camino al soldado realista que se hab\u00eda puesto ahora la chaqueta independentista. A\u00f1os m\u00e1s tarde un militante de la reaccion, don Lucas Alam\u00e1n, escribir\u00eda: conform\u00e1ndose aparentemente con los principios que el Plan establec\u00eda, dejando para despu\u00e9s combatirlos.<\/p>\n\n\n\n<p>Nunca hubiera sido f\u00e1cil remontar trescientos a\u00f1os de esclavitud y saqueo nacionales, pero la traici\u00f3n de ese soldado realista que se coloc\u00f3 la chaqueta de insurgente para&nbsp;&nbsp;darnos gato por liebre, para simular una independencia, que rompi\u00f3 un lazo administrativo con Espa\u00f1a, pero que dej\u00f3 intacta toda la estructura colonial, como le expresa el Plan de Iguala, no es otra cosa que la l\u00e1pida, cuyas secuelas todav\u00eda arrastramos. En la Junta Gubernativa&nbsp;&nbsp;no figur\u00f3 ni un s\u00f3lo insurgente. Por si alguien tiene dudas, fue coronado en la Catedral&nbsp;&nbsp;y ungido por la Iglesia Cat\u00f3lica.&nbsp;<\/p>\n\n\n\n<p>Con el Plan de Iguala y el Tratado de C\u00f3rdoba, recepcionamos formalmente y legalizados las instituciones y la ideolog\u00eda colonialista, que todav\u00eda nos mantiene en el atrazo y la enajenaci\u00f3n.&nbsp;<\/p>\n\n\n\n<p>El primer gran golpe contra las instituciones coloniales, lo dio Benito Ju\u00e1rez, que en buena lid deb\u00eda ser venerado por los barones del dinero, porque como liberal consecuente, sab\u00eda que sin mercado nacional, no pod\u00eda desarrollarse el capital, que se necesitaba poner a circular los bienes del clero y los bienes comumales y sobre todo, liberar la servidumbre. El otro gran golpe al sistema latifundista, hacendario , de mayorazgo y semifeudal, se los dio la Revoluci\u00f3n mexicana, destruyendo la dominaci\u00f3n dom\u00e9stica y promoviendo la relaci\u00f3n contractual, para el despegue capitalista. Si los paises que llegaron tarde al reparto del mundo, sufren de contradicciones, mucho m\u00e1s paises como el nuestro que su independencia fue respecto del exterior pero dejar intactas sus relaciones coloniales, lo sumi\u00f3 en una guerra interna que lo desangr\u00f3 y lo tiene todav\u00eda a merced de aventureros y oportunistas.<\/p>\n\n\n\n<p>Nosotros celebramos el inicio de nustra independencia, el Grito de Dolores, porque la consumaci\u00f3n fue obra de un oportunista, que dej\u00f3 intacta la estructura colonial y los privilegios de cl\u00e9rigos y hacendados y ya no podemos seguir lamiendo cadenas, como lo quieren los fundamentalistas. La reacci\u00f3n puede estar moralmente derrotada, pero a nadie se vence para siempre. Lo importante es levantar el velo que hoy usa la reacci\u00f3n . Si nos dejamos nos enga\u00f1a. No m\u00e1s mentiras. Pongamos las cosas en su lugar.<\/p>\n","protected":false},"excerpt":{"rendered":"<p>Inocencio Y\u00e1\u00f1ez Vicencio Me apena mucho contrariar a algunos amigos que teniendo los m\u00e1s altos grados acad\u00e9micos queotorgan las instituciones educativas, insisten en errores que empa\u00f1an la historiograf\u00eda, que no la historia, por lo cual pienso que son pertinentes algunas precisiones, amen de que el m\u00e1s elevado galard\u00f3n universitario no es un techo del conocimiento, [&hellip;]<\/p>\n","protected":false},"author":2,"featured_media":0,"comment_status":"closed","ping_status":"closed","sticky":false,"template":"","format":"standard","meta":{"tdm_status":"","tdm_grid_status":"","footnotes":""},"categories":[70],"tags":[39376,9347],"class_list":{"0":"post-111681","1":"post","2":"type-post","3":"status-publish","4":"format-standard","6":"category-de-opinion","7":"tag-grito-de-dolores","8":"tag-independencia"},"yoast_head":"<!-- This site is optimized with the Yoast SEO plugin v27.4 - https:\/\/yoast.com\/product\/yoast-seo-wordpress\/ -->\n<title>INDEPENDENCIA SIN DESCOLONIZAR - Los pol\u00edticos Veracruz<\/title>\n<meta name=\"robots\" content=\"index, follow, max-snippet:-1, max-image-preview:large, max-video-preview:-1\" \/>\n<link rel=\"canonical\" href=\"https:\/\/lospoliticosveracruz.com\/?p=111681\" \/>\n<meta property=\"og:locale\" content=\"es_ES\" \/>\n<meta property=\"og:type\" content=\"article\" \/>\n<meta property=\"og:title\" content=\"INDEPENDENCIA SIN DESCOLONIZAR - Los pol\u00edticos Veracruz\" \/>\n<meta property=\"og:description\" content=\"Inocencio Y\u00e1\u00f1ez Vicencio Me apena mucho contrariar a algunos amigos que teniendo los m\u00e1s altos grados acad\u00e9micos queotorgan las instituciones educativas, insisten en errores que empa\u00f1an la historiograf\u00eda, que no la historia, por lo cual pienso que son pertinentes algunas precisiones, amen de que el m\u00e1s elevado galard\u00f3n universitario no es un techo del conocimiento, [&hellip;]\" \/>\n<meta property=\"og:url\" content=\"https:\/\/lospoliticosveracruz.com\/?p=111681\" \/>\n<meta property=\"og:site_name\" content=\"Los pol\u00edticos Veracruz\" \/>\n<meta property=\"article:publisher\" content=\"https:\/\/www.facebook.com\/people\/Notimemes-de-los-Polticos\/61565672886568\/\" \/>\n<meta property=\"article:published_time\" content=\"2023-09-18T19:41:33+00:00\" \/>\n<meta property=\"article:modified_time\" content=\"2023-09-18T19:41:36+00:00\" \/>\n<meta property=\"og:image\" content=\"https:\/\/lospoliticosveracruz.com.mx\/wp-content\/uploads\/2021\/10\/Zacauilt-150x300.jpg\" \/>\n<meta name=\"author\" content=\"Lo viste en Los Pol\u00edticos\" \/>\n<meta name=\"twitter:card\" content=\"summary_large_image\" \/>\n<meta name=\"twitter:creator\" content=\"@LosPoliticosVer\" \/>\n<meta name=\"twitter:site\" content=\"@LosPoliticosVer\" \/>\n<meta name=\"twitter:label1\" content=\"Escrito por\" \/>\n\t<meta name=\"twitter:data1\" content=\"Lo viste en Los Pol\u00edticos\" \/>\n\t<meta name=\"twitter:label2\" content=\"Tiempo de lectura\" \/>\n\t<meta name=\"twitter:data2\" content=\"10 minutos\" \/>\n<script type=\"application\/ld+json\" class=\"yoast-schema-graph\">{\"@context\":\"https:\\\/\\\/schema.org\",\"@graph\":[{\"@type\":\"Article\",\"@id\":\"https:\\\/\\\/lospoliticosveracruz.com\\\/?p=111681#article\",\"isPartOf\":{\"@id\":\"https:\\\/\\\/lospoliticosveracruz.com\\\/?p=111681\"},\"author\":{\"name\":\"Lo viste en Los Pol\u00edticos\",\"@id\":\"https:\\\/\\\/lospoliticosveracruz.com\\\/#\\\/schema\\\/person\\\/b8702bb0e538456e6efd07080bf2a4a2\"},\"headline\":\"INDEPENDENCIA SIN DESCOLONIZAR\",\"datePublished\":\"2023-09-18T19:41:33+00:00\",\"dateModified\":\"2023-09-18T19:41:36+00:00\",\"mainEntityOfPage\":{\"@id\":\"https:\\\/\\\/lospoliticosveracruz.com\\\/?p=111681\"},\"wordCount\":1936,\"publisher\":{\"@id\":\"https:\\\/\\\/lospoliticosveracruz.com\\\/#organization\"},\"image\":{\"@id\":\"https:\\\/\\\/lospoliticosveracruz.com\\\/?p=111681#primaryimage\"},\"thumbnailUrl\":\"https:\\\/\\\/lospoliticosveracruz.com.mx\\\/wp-content\\\/uploads\\\/2021\\\/10\\\/Zacauilt-150x300.jpg\",\"keywords\":[\"Grito de Dolores\",\"Independencia\"],\"articleSection\":[\"De Opini\u00f3n\"],\"inLanguage\":\"es\"},{\"@type\":\"WebPage\",\"@id\":\"https:\\\/\\\/lospoliticosveracruz.com\\\/?p=111681\",\"url\":\"https:\\\/\\\/lospoliticosveracruz.com\\\/?p=111681\",\"name\":\"INDEPENDENCIA SIN DESCOLONIZAR - Los pol\u00edticos Veracruz\",\"isPartOf\":{\"@id\":\"https:\\\/\\\/lospoliticosveracruz.com\\\/#website\"},\"primaryImageOfPage\":{\"@id\":\"https:\\\/\\\/lospoliticosveracruz.com\\\/?p=111681#primaryimage\"},\"image\":{\"@id\":\"https:\\\/\\\/lospoliticosveracruz.com\\\/?p=111681#primaryimage\"},\"thumbnailUrl\":\"https:\\\/\\\/lospoliticosveracruz.com.mx\\\/wp-content\\\/uploads\\\/2021\\\/10\\\/Zacauilt-150x300.jpg\",\"datePublished\":\"2023-09-18T19:41:33+00:00\",\"dateModified\":\"2023-09-18T19:41:36+00:00\",\"breadcrumb\":{\"@id\":\"https:\\\/\\\/lospoliticosveracruz.com\\\/?p=111681#breadcrumb\"},\"inLanguage\":\"es\",\"potentialAction\":[{\"@type\":\"ReadAction\",\"target\":[\"https:\\\/\\\/lospoliticosveracruz.com\\\/?p=111681\"]}]},{\"@type\":\"ImageObject\",\"inLanguage\":\"es\",\"@id\":\"https:\\\/\\\/lospoliticosveracruz.com\\\/?p=111681#primaryimage\",\"url\":\"https:\\\/\\\/lospoliticosveracruz.com.mx\\\/wp-content\\\/uploads\\\/2021\\\/10\\\/Zacauilt-150x300.jpg\",\"contentUrl\":\"https:\\\/\\\/lospoliticosveracruz.com.mx\\\/wp-content\\\/uploads\\\/2021\\\/10\\\/Zacauilt-150x300.jpg\"},{\"@type\":\"BreadcrumbList\",\"@id\":\"https:\\\/\\\/lospoliticosveracruz.com\\\/?p=111681#breadcrumb\",\"itemListElement\":[{\"@type\":\"ListItem\",\"position\":1,\"name\":\"Portada\",\"item\":\"https:\\\/\\\/lospoliticosveracruz.com\\\/\"},{\"@type\":\"ListItem\",\"position\":2,\"name\":\"INDEPENDENCIA SIN DESCOLONIZAR\"}]},{\"@type\":\"WebSite\",\"@id\":\"https:\\\/\\\/lospoliticosveracruz.com\\\/#website\",\"url\":\"https:\\\/\\\/lospoliticosveracruz.com\\\/\",\"name\":\"Los pol\u00edticos Veracruz\",\"description\":\"\",\"publisher\":{\"@id\":\"https:\\\/\\\/lospoliticosveracruz.com\\\/#organization\"},\"potentialAction\":[{\"@type\":\"SearchAction\",\"target\":{\"@type\":\"EntryPoint\",\"urlTemplate\":\"https:\\\/\\\/lospoliticosveracruz.com\\\/?s={search_term_string}\"},\"query-input\":{\"@type\":\"PropertyValueSpecification\",\"valueRequired\":true,\"valueName\":\"search_term_string\"}}],\"inLanguage\":\"es\"},{\"@type\":\"Organization\",\"@id\":\"https:\\\/\\\/lospoliticosveracruz.com\\\/#organization\",\"name\":\"Los pol\u00edticos Veracruz\",\"url\":\"https:\\\/\\\/lospoliticosveracruz.com\\\/\",\"logo\":{\"@type\":\"ImageObject\",\"inLanguage\":\"es\",\"@id\":\"https:\\\/\\\/lospoliticosveracruz.com\\\/#\\\/schema\\\/logo\\\/image\\\/\",\"url\":\"https:\\\/\\\/lospoliticosveracruz.com\\\/wp-content\\\/uploads\\\/2025\\\/12\\\/Logo-Nuevo-LOS-POLITICOS-1.jpg\",\"contentUrl\":\"https:\\\/\\\/lospoliticosveracruz.com\\\/wp-content\\\/uploads\\\/2025\\\/12\\\/Logo-Nuevo-LOS-POLITICOS-1.jpg\",\"width\":260,\"height\":70,\"caption\":\"Los pol\u00edticos Veracruz\"},\"image\":{\"@id\":\"https:\\\/\\\/lospoliticosveracruz.com\\\/#\\\/schema\\\/logo\\\/image\\\/\"},\"sameAs\":[\"https:\\\/\\\/www.facebook.com\\\/people\\\/Notimemes-de-los-Polticos\\\/61565672886568\\\/\",\"https:\\\/\\\/x.com\\\/LosPoliticosVer\"]},{\"@type\":\"Person\",\"@id\":\"https:\\\/\\\/lospoliticosveracruz.com\\\/#\\\/schema\\\/person\\\/b8702bb0e538456e6efd07080bf2a4a2\",\"name\":\"Lo viste en Los Pol\u00edticos\",\"image\":{\"@type\":\"ImageObject\",\"inLanguage\":\"es\",\"@id\":\"https:\\\/\\\/secure.gravatar.com\\\/avatar\\\/3a8de04a2656d44082be478bd6c086daa447c4651605818287b9532d3d0bd435?s=96&d=mm&r=g\",\"url\":\"https:\\\/\\\/secure.gravatar.com\\\/avatar\\\/3a8de04a2656d44082be478bd6c086daa447c4651605818287b9532d3d0bd435?s=96&d=mm&r=g\",\"contentUrl\":\"https:\\\/\\\/secure.gravatar.com\\\/avatar\\\/3a8de04a2656d44082be478bd6c086daa447c4651605818287b9532d3d0bd435?s=96&d=mm&r=g\",\"caption\":\"Lo viste en Los Pol\u00edticos\"},\"url\":\"https:\\\/\\\/lospoliticosveracruz.com\\\/?author=2\"}]}<\/script>\n<!-- \/ Yoast SEO plugin. -->","yoast_head_json":{"title":"INDEPENDENCIA SIN DESCOLONIZAR - Los pol\u00edticos Veracruz","robots":{"index":"index","follow":"follow","max-snippet":"max-snippet:-1","max-image-preview":"max-image-preview:large","max-video-preview":"max-video-preview:-1"},"canonical":"https:\/\/lospoliticosveracruz.com\/?p=111681","og_locale":"es_ES","og_type":"article","og_title":"INDEPENDENCIA SIN DESCOLONIZAR - Los pol\u00edticos Veracruz","og_description":"Inocencio Y\u00e1\u00f1ez Vicencio Me apena mucho contrariar a algunos amigos que teniendo los m\u00e1s altos grados acad\u00e9micos queotorgan las instituciones educativas, insisten en errores que empa\u00f1an la historiograf\u00eda, que no la historia, por lo cual pienso que son pertinentes algunas precisiones, amen de que el m\u00e1s elevado galard\u00f3n universitario no es un techo del conocimiento, [&hellip;]","og_url":"https:\/\/lospoliticosveracruz.com\/?p=111681","og_site_name":"Los pol\u00edticos Veracruz","article_publisher":"https:\/\/www.facebook.com\/people\/Notimemes-de-los-Polticos\/61565672886568\/","article_published_time":"2023-09-18T19:41:33+00:00","article_modified_time":"2023-09-18T19:41:36+00:00","og_image":[{"url":"https:\/\/lospoliticosveracruz.com.mx\/wp-content\/uploads\/2021\/10\/Zacauilt-150x300.jpg","type":"","width":"","height":""}],"author":"Lo viste en Los Pol\u00edticos","twitter_card":"summary_large_image","twitter_creator":"@LosPoliticosVer","twitter_site":"@LosPoliticosVer","twitter_misc":{"Escrito por":"Lo viste en Los Pol\u00edticos","Tiempo de lectura":"10 minutos"},"schema":{"@context":"https:\/\/schema.org","@graph":[{"@type":"Article","@id":"https:\/\/lospoliticosveracruz.com\/?p=111681#article","isPartOf":{"@id":"https:\/\/lospoliticosveracruz.com\/?p=111681"},"author":{"name":"Lo viste en Los Pol\u00edticos","@id":"https:\/\/lospoliticosveracruz.com\/#\/schema\/person\/b8702bb0e538456e6efd07080bf2a4a2"},"headline":"INDEPENDENCIA SIN DESCOLONIZAR","datePublished":"2023-09-18T19:41:33+00:00","dateModified":"2023-09-18T19:41:36+00:00","mainEntityOfPage":{"@id":"https:\/\/lospoliticosveracruz.com\/?p=111681"},"wordCount":1936,"publisher":{"@id":"https:\/\/lospoliticosveracruz.com\/#organization"},"image":{"@id":"https:\/\/lospoliticosveracruz.com\/?p=111681#primaryimage"},"thumbnailUrl":"https:\/\/lospoliticosveracruz.com.mx\/wp-content\/uploads\/2021\/10\/Zacauilt-150x300.jpg","keywords":["Grito de Dolores","Independencia"],"articleSection":["De Opini\u00f3n"],"inLanguage":"es"},{"@type":"WebPage","@id":"https:\/\/lospoliticosveracruz.com\/?p=111681","url":"https:\/\/lospoliticosveracruz.com\/?p=111681","name":"INDEPENDENCIA SIN DESCOLONIZAR - Los pol\u00edticos Veracruz","isPartOf":{"@id":"https:\/\/lospoliticosveracruz.com\/#website"},"primaryImageOfPage":{"@id":"https:\/\/lospoliticosveracruz.com\/?p=111681#primaryimage"},"image":{"@id":"https:\/\/lospoliticosveracruz.com\/?p=111681#primaryimage"},"thumbnailUrl":"https:\/\/lospoliticosveracruz.com.mx\/wp-content\/uploads\/2021\/10\/Zacauilt-150x300.jpg","datePublished":"2023-09-18T19:41:33+00:00","dateModified":"2023-09-18T19:41:36+00:00","breadcrumb":{"@id":"https:\/\/lospoliticosveracruz.com\/?p=111681#breadcrumb"},"inLanguage":"es","potentialAction":[{"@type":"ReadAction","target":["https:\/\/lospoliticosveracruz.com\/?p=111681"]}]},{"@type":"ImageObject","inLanguage":"es","@id":"https:\/\/lospoliticosveracruz.com\/?p=111681#primaryimage","url":"https:\/\/lospoliticosveracruz.com.mx\/wp-content\/uploads\/2021\/10\/Zacauilt-150x300.jpg","contentUrl":"https:\/\/lospoliticosveracruz.com.mx\/wp-content\/uploads\/2021\/10\/Zacauilt-150x300.jpg"},{"@type":"BreadcrumbList","@id":"https:\/\/lospoliticosveracruz.com\/?p=111681#breadcrumb","itemListElement":[{"@type":"ListItem","position":1,"name":"Portada","item":"https:\/\/lospoliticosveracruz.com\/"},{"@type":"ListItem","position":2,"name":"INDEPENDENCIA SIN DESCOLONIZAR"}]},{"@type":"WebSite","@id":"https:\/\/lospoliticosveracruz.com\/#website","url":"https:\/\/lospoliticosveracruz.com\/","name":"Los pol\u00edticos Veracruz","description":"","publisher":{"@id":"https:\/\/lospoliticosveracruz.com\/#organization"},"potentialAction":[{"@type":"SearchAction","target":{"@type":"EntryPoint","urlTemplate":"https:\/\/lospoliticosveracruz.com\/?s={search_term_string}"},"query-input":{"@type":"PropertyValueSpecification","valueRequired":true,"valueName":"search_term_string"}}],"inLanguage":"es"},{"@type":"Organization","@id":"https:\/\/lospoliticosveracruz.com\/#organization","name":"Los pol\u00edticos Veracruz","url":"https:\/\/lospoliticosveracruz.com\/","logo":{"@type":"ImageObject","inLanguage":"es","@id":"https:\/\/lospoliticosveracruz.com\/#\/schema\/logo\/image\/","url":"https:\/\/lospoliticosveracruz.com\/wp-content\/uploads\/2025\/12\/Logo-Nuevo-LOS-POLITICOS-1.jpg","contentUrl":"https:\/\/lospoliticosveracruz.com\/wp-content\/uploads\/2025\/12\/Logo-Nuevo-LOS-POLITICOS-1.jpg","width":260,"height":70,"caption":"Los pol\u00edticos Veracruz"},"image":{"@id":"https:\/\/lospoliticosveracruz.com\/#\/schema\/logo\/image\/"},"sameAs":["https:\/\/www.facebook.com\/people\/Notimemes-de-los-Polticos\/61565672886568\/","https:\/\/x.com\/LosPoliticosVer"]},{"@type":"Person","@id":"https:\/\/lospoliticosveracruz.com\/#\/schema\/person\/b8702bb0e538456e6efd07080bf2a4a2","name":"Lo viste en Los Pol\u00edticos","image":{"@type":"ImageObject","inLanguage":"es","@id":"https:\/\/secure.gravatar.com\/avatar\/3a8de04a2656d44082be478bd6c086daa447c4651605818287b9532d3d0bd435?s=96&d=mm&r=g","url":"https:\/\/secure.gravatar.com\/avatar\/3a8de04a2656d44082be478bd6c086daa447c4651605818287b9532d3d0bd435?s=96&d=mm&r=g","contentUrl":"https:\/\/secure.gravatar.com\/avatar\/3a8de04a2656d44082be478bd6c086daa447c4651605818287b9532d3d0bd435?s=96&d=mm&r=g","caption":"Lo viste en Los Pol\u00edticos"},"url":"https:\/\/lospoliticosveracruz.com\/?author=2"}]}},"_links":{"self":[{"href":"https:\/\/lospoliticosveracruz.com\/index.php?rest_route=\/wp\/v2\/posts\/111681","targetHints":{"allow":["GET"]}}],"collection":[{"href":"https:\/\/lospoliticosveracruz.com\/index.php?rest_route=\/wp\/v2\/posts"}],"about":[{"href":"https:\/\/lospoliticosveracruz.com\/index.php?rest_route=\/wp\/v2\/types\/post"}],"author":[{"embeddable":true,"href":"https:\/\/lospoliticosveracruz.com\/index.php?rest_route=\/wp\/v2\/users\/2"}],"replies":[{"embeddable":true,"href":"https:\/\/lospoliticosveracruz.com\/index.php?rest_route=%2Fwp%2Fv2%2Fcomments&post=111681"}],"version-history":[{"count":1,"href":"https:\/\/lospoliticosveracruz.com\/index.php?rest_route=\/wp\/v2\/posts\/111681\/revisions"}],"predecessor-version":[{"id":111682,"href":"https:\/\/lospoliticosveracruz.com\/index.php?rest_route=\/wp\/v2\/posts\/111681\/revisions\/111682"}],"wp:attachment":[{"href":"https:\/\/lospoliticosveracruz.com\/index.php?rest_route=%2Fwp%2Fv2%2Fmedia&parent=111681"}],"wp:term":[{"taxonomy":"category","embeddable":true,"href":"https:\/\/lospoliticosveracruz.com\/index.php?rest_route=%2Fwp%2Fv2%2Fcategories&post=111681"},{"taxonomy":"post_tag","embeddable":true,"href":"https:\/\/lospoliticosveracruz.com\/index.php?rest_route=%2Fwp%2Fv2%2Ftags&post=111681"}],"curies":[{"name":"wp","href":"https:\/\/api.w.org\/{rel}","templated":true}]}}