{"id":111693,"date":"2023-09-19T06:48:00","date_gmt":"2023-09-19T11:48:00","guid":{"rendered":"https:\/\/lospoliticosveracruz.com.mx\/?p=111693"},"modified":"2023-09-19T07:07:07","modified_gmt":"2023-09-19T12:07:07","slug":"julen-el-cuate-de-xochitl","status":"publish","type":"post","link":"https:\/\/lospoliticosveracruz.com\/?p=111693","title":{"rendered":"JULEN, EL CUATE DE X\u00d3CHITL"},"content":{"rendered":"\n<p><strong>Salvador Mu\u00f1oz<br><\/strong><em>Los Pol\u00edticos<\/em><\/p>\n\n\n\n<p>Si X\u00f3chitl G\u00e1lvez tiene en Veracruz a un cuate, a un amigo, \u00e9se sin lugar a dudas es su compa\u00f1ero en el Senado, Julen Rementer\u00eda.<br>En cualquier otro escenario, para muchos, esta amistad entre la candidata a la Presidencia del Frente Amplio por M\u00e9xico y el senador veracruzano, quien aspira a ser candidato a la Gubernatura de Veracruz este 2024, implicar\u00eda \u201cluz verde\u201d para alzar la mano como tal desde Ya\u2026 pero no.<\/p>\n\n\n\n<figure class=\"wp-block-embed is-type-video is-provider-youtube wp-block-embed-youtube wp-embed-aspect-16-9 wp-has-aspect-ratio\"><div class=\"wp-block-embed__wrapper\">\n<iframe loading=\"lazy\" title=\"Cluster Coworking\" width=\"696\" height=\"392\" src=\"https:\/\/www.youtube.com\/embed\/Nxe-vxf8GuY?feature=oembed\" frameborder=\"0\" allow=\"accelerometer; autoplay; clipboard-write; encrypted-media; gyroscope; picture-in-picture; web-share\" referrerpolicy=\"strict-origin-when-cross-origin\" allowfullscreen><\/iframe>\n<\/div><\/figure>\n\n\n\n<p><br>No, por suposiciones que se dan de manera natural entorno a sus circunstancias:<br>\u00bfDe verdad se cree que X\u00f3chitl tendr\u00e1 vara alta para estar en la designaci\u00f3n de candidatos a las Gubernaturas, senado y curules federales? \u00bfDe verdad se cree que Alejandro Moreno, Marko Cort\u00e9s y Jes\u00fas Zambrano le permitan meter mano en uno de los temas m\u00e1s \u00e1lgidos que hay en este proceso interno que en breve ha de poner a prueba de nueva cuenta al FAM?<br>Enfoquemos nuestras barbaridades en Veracruz:<br>\u00bfSi X\u00f3chitl inclinara la balanza a favor de Julen Rementer\u00eda para que fuera candidato a Gobernador, cu\u00e1l ser\u00eda el precio que tendr\u00eda que pagar el PAN a sus aliados por esto? Yo supongo que las candidaturas por los esca\u00f1os\u2026 quiz\u00e1s las dos para el PRI\u2026 quiz\u00e1s una para el PRD\u2026 no s\u00e9\u2026 pero por lo mismo, es parte de las suposiciones que se dan ante la posibilidad de que en un remoto, muy remoto caso, tuviera \u201cVara Alta\u201d (que no Bast\u00f3n de Mando) X\u00f3chitl G\u00e1lvez en las candidaturas y en especial, a favor de su amigo\u2026<br>Falta ver a qu\u00e9 acuerdo llegan los integrantes del FAM en Veracruz para la designaci\u00f3n del candidato a la Gubernatura porque si bien, Julen cuenta con el apoyo moral de X\u00f3chitl, en cuanto los partidos locales demanden \u201cautonom\u00eda\u201d para la designaci\u00f3n de sus candidatos, s\u00f3lo contar\u00eda el porte\u00f1o con la bendici\u00f3n de su compa\u00f1era en el Senado y no m\u00e1s.<br>Aparte hay que recordar que Julen no es del equipo que manda en el PAN local; tampoco en el PAN de la zona conurbada pero s\u00ed cuenta con el apoyo del Chapo Guzm\u00e1n de Tantoyuca y de otros panistas que hacen que este partido se parta todav\u00eda m\u00e1s.<br>El asunto es preguntarse qu\u00e9 le conviene m\u00e1s al PAN para este 2024: llevar candidato de su partido a la Gubernatura y ceder esca\u00f1os \u00bfO dejar que el PRI lleve candidato a la Gubernatura y reclamar los esca\u00f1os?<br>S\u00ed, aqu\u00ed el asunto implica al menos dos preguntas iniciales:<br>1.- Qu\u00e9 candidato llevar\u00eda el PRI a la Gubernatura: H\u00e9ctor, Pepe o Anil\u00fa? Pero si me apuran, en una de \u00e9sas, hasta podr\u00edan incluir a Juan Manuel Diez Francos para de cierto modo, \u201cdesayunar\u201d al PAN y al PRI si hay var\u00f3n como candidato.<br>2.- Qu\u00e9 candidatos llevar\u00eda el PAN a competir por los esca\u00f1os? \u00bfMiguel \u00c1ngel Yunes Linares? \u00bfO cualquiera de sus hijos? \u00bfMaryjose Gamboa?<br>Aqu\u00ed es donde aparece la fotograf\u00eda de Miguel \u00c1ngel Yunes Linares y Jos\u00e9 Manuel Diez Francos\u2026 \u00bfSe imaginan a los Yunes azules apoyando a Diez Francos para la Gubernatura? A lo mejor no, \u00a1pero tampoco se imaginan a los Yunes apoyando a H\u00e9ctor, Pepe o Anil\u00fa!<br>Como sea\u2026 el escenario para Julen Rementer\u00eda se complica en mucho aun cuando sea muy pero muy cuate de X\u00f3chitl G\u00e1lvez\u2026<\/p>\n","protected":false},"excerpt":{"rendered":"<p>Salvador Mu\u00f1ozLos Pol\u00edticos Si X\u00f3chitl G\u00e1lvez tiene en Veracruz a un cuate, a un amigo, \u00e9se sin lugar a dudas es su compa\u00f1ero en el Senado, Julen Rementer\u00eda.En cualquier otro escenario, para muchos, esta amistad entre la candidata a la Presidencia del Frente Amplio por M\u00e9xico y el senador veracruzano, quien aspira a ser candidato [&hellip;]<\/p>\n","protected":false},"author":2,"featured_media":0,"comment_status":"closed","ping_status":"closed","sticky":false,"template":"","format":"standard","meta":{"tdm_status":"","tdm_grid_status":"","footnotes":""},"categories":[70],"tags":[14170,39377,15921,1640,1130,12562,1937,2646,17531],"class_list":{"0":"post-111693","1":"post","2":"type-post","3":"status-publish","4":"format-standard","6":"category-de-opinion","7":"tag-alejandro-moreno","8":"tag-fam-en-veracruz","9":"tag-jesus-zambrano","10":"tag-juan-manuel-diez-francos","11":"tag-julen-rementeria","12":"tag-marko-cortes","13":"tag-maryjose-gamboa","14":"tag-salvador-munoz","15":"tag-xochitl-galvez"},"yoast_head":"<!-- This site is optimized with the Yoast SEO plugin v27.4 - https:\/\/yoast.com\/product\/yoast-seo-wordpress\/ -->\n<title>JULEN, EL CUATE DE X\u00d3CHITL - Los pol\u00edticos Veracruz<\/title>\n<meta name=\"robots\" content=\"index, follow, max-snippet:-1, max-image-preview:large, max-video-preview:-1\" \/>\n<link rel=\"canonical\" href=\"https:\/\/lospoliticosveracruz.com\/?p=111693\" \/>\n<meta property=\"og:locale\" content=\"es_ES\" \/>\n<meta property=\"og:type\" content=\"article\" \/>\n<meta property=\"og:title\" content=\"JULEN, EL CUATE DE X\u00d3CHITL - Los pol\u00edticos Veracruz\" \/>\n<meta property=\"og:description\" content=\"Salvador Mu\u00f1ozLos Pol\u00edticos Si X\u00f3chitl G\u00e1lvez tiene en Veracruz a un cuate, a un amigo, \u00e9se sin lugar a dudas es su compa\u00f1ero en el Senado, Julen Rementer\u00eda.En cualquier otro escenario, para muchos, esta amistad entre la candidata a la Presidencia del Frente Amplio por M\u00e9xico y el senador veracruzano, quien aspira a ser candidato [&hellip;]\" \/>\n<meta property=\"og:url\" content=\"https:\/\/lospoliticosveracruz.com\/?p=111693\" \/>\n<meta property=\"og:site_name\" content=\"Los pol\u00edticos Veracruz\" \/>\n<meta property=\"article:publisher\" content=\"https:\/\/www.facebook.com\/people\/Notimemes-de-los-Polticos\/61565672886568\/\" \/>\n<meta property=\"article:published_time\" content=\"2023-09-19T11:48:00+00:00\" \/>\n<meta property=\"article:modified_time\" content=\"2023-09-19T12:07:07+00:00\" \/>\n<meta property=\"og:image\" content=\"https:\/\/lospoliticosveracruz.com\/wp-content\/uploads\/2016\/07\/Logo-Dor.jpg\" \/>\n\t<meta property=\"og:image:width\" content=\"200\" \/>\n\t<meta property=\"og:image:height\" content=\"200\" \/>\n\t<meta property=\"og:image:type\" content=\"image\/jpeg\" \/>\n<meta name=\"author\" content=\"Lo viste en Los Pol\u00edticos\" \/>\n<meta name=\"twitter:card\" content=\"summary_large_image\" \/>\n<meta name=\"twitter:creator\" content=\"@LosPoliticosVer\" \/>\n<meta name=\"twitter:site\" content=\"@LosPoliticosVer\" \/>\n<meta name=\"twitter:label1\" content=\"Escrito por\" \/>\n\t<meta name=\"twitter:data1\" content=\"Lo viste en Los Pol\u00edticos\" \/>\n\t<meta name=\"twitter:label2\" content=\"Tiempo de lectura\" \/>\n\t<meta name=\"twitter:data2\" content=\"3 minutos\" \/>\n<script type=\"application\/ld+json\" class=\"yoast-schema-graph\">{\"@context\":\"https:\\\/\\\/schema.org\",\"@graph\":[{\"@type\":\"Article\",\"@id\":\"https:\\\/\\\/lospoliticosveracruz.com\\\/?p=111693#article\",\"isPartOf\":{\"@id\":\"https:\\\/\\\/lospoliticosveracruz.com\\\/?p=111693\"},\"author\":{\"name\":\"Lo viste en Los Pol\u00edticos\",\"@id\":\"https:\\\/\\\/lospoliticosveracruz.com\\\/#\\\/schema\\\/person\\\/b8702bb0e538456e6efd07080bf2a4a2\"},\"headline\":\"JULEN, EL CUATE DE X\u00d3CHITL\",\"datePublished\":\"2023-09-19T11:48:00+00:00\",\"dateModified\":\"2023-09-19T12:07:07+00:00\",\"mainEntityOfPage\":{\"@id\":\"https:\\\/\\\/lospoliticosveracruz.com\\\/?p=111693\"},\"wordCount\":605,\"publisher\":{\"@id\":\"https:\\\/\\\/lospoliticosveracruz.com\\\/#organization\"},\"keywords\":[\"Alejandro Moreno\",\"FAM en Veracruz\",\"Jes\u00fas Zambrano\",\"Juan Manuel Diez Francos\",\"Julen Rementer\u00eda\",\"Marko Cort\u00e9s\",\"Maryjose Gamboa\",\"Salvador Mu\u00f1oz\",\"X\u00f3chitl G\u00e1lvez\"],\"articleSection\":[\"De Opini\u00f3n\"],\"inLanguage\":\"es\"},{\"@type\":\"WebPage\",\"@id\":\"https:\\\/\\\/lospoliticosveracruz.com\\\/?p=111693\",\"url\":\"https:\\\/\\\/lospoliticosveracruz.com\\\/?p=111693\",\"name\":\"JULEN, EL CUATE DE X\u00d3CHITL - Los pol\u00edticos Veracruz\",\"isPartOf\":{\"@id\":\"https:\\\/\\\/lospoliticosveracruz.com\\\/#website\"},\"datePublished\":\"2023-09-19T11:48:00+00:00\",\"dateModified\":\"2023-09-19T12:07:07+00:00\",\"breadcrumb\":{\"@id\":\"https:\\\/\\\/lospoliticosveracruz.com\\\/?p=111693#breadcrumb\"},\"inLanguage\":\"es\",\"potentialAction\":[{\"@type\":\"ReadAction\",\"target\":[\"https:\\\/\\\/lospoliticosveracruz.com\\\/?p=111693\"]}]},{\"@type\":\"BreadcrumbList\",\"@id\":\"https:\\\/\\\/lospoliticosveracruz.com\\\/?p=111693#breadcrumb\",\"itemListElement\":[{\"@type\":\"ListItem\",\"position\":1,\"name\":\"Portada\",\"item\":\"https:\\\/\\\/lospoliticosveracruz.com\\\/\"},{\"@type\":\"ListItem\",\"position\":2,\"name\":\"JULEN, EL CUATE DE X\u00d3CHITL\"}]},{\"@type\":\"WebSite\",\"@id\":\"https:\\\/\\\/lospoliticosveracruz.com\\\/#website\",\"url\":\"https:\\\/\\\/lospoliticosveracruz.com\\\/\",\"name\":\"Los pol\u00edticos Veracruz\",\"description\":\"\",\"publisher\":{\"@id\":\"https:\\\/\\\/lospoliticosveracruz.com\\\/#organization\"},\"potentialAction\":[{\"@type\":\"SearchAction\",\"target\":{\"@type\":\"EntryPoint\",\"urlTemplate\":\"https:\\\/\\\/lospoliticosveracruz.com\\\/?s={search_term_string}\"},\"query-input\":{\"@type\":\"PropertyValueSpecification\",\"valueRequired\":true,\"valueName\":\"search_term_string\"}}],\"inLanguage\":\"es\"},{\"@type\":\"Organization\",\"@id\":\"https:\\\/\\\/lospoliticosveracruz.com\\\/#organization\",\"name\":\"Los pol\u00edticos Veracruz\",\"url\":\"https:\\\/\\\/lospoliticosveracruz.com\\\/\",\"logo\":{\"@type\":\"ImageObject\",\"inLanguage\":\"es\",\"@id\":\"https:\\\/\\\/lospoliticosveracruz.com\\\/#\\\/schema\\\/logo\\\/image\\\/\",\"url\":\"https:\\\/\\\/lospoliticosveracruz.com\\\/wp-content\\\/uploads\\\/2025\\\/12\\\/Logo-Nuevo-LOS-POLITICOS-1.jpg\",\"contentUrl\":\"https:\\\/\\\/lospoliticosveracruz.com\\\/wp-content\\\/uploads\\\/2025\\\/12\\\/Logo-Nuevo-LOS-POLITICOS-1.jpg\",\"width\":260,\"height\":70,\"caption\":\"Los pol\u00edticos Veracruz\"},\"image\":{\"@id\":\"https:\\\/\\\/lospoliticosveracruz.com\\\/#\\\/schema\\\/logo\\\/image\\\/\"},\"sameAs\":[\"https:\\\/\\\/www.facebook.com\\\/people\\\/Notimemes-de-los-Polticos\\\/61565672886568\\\/\",\"https:\\\/\\\/x.com\\\/LosPoliticosVer\"]},{\"@type\":\"Person\",\"@id\":\"https:\\\/\\\/lospoliticosveracruz.com\\\/#\\\/schema\\\/person\\\/b8702bb0e538456e6efd07080bf2a4a2\",\"name\":\"Lo viste en Los Pol\u00edticos\",\"image\":{\"@type\":\"ImageObject\",\"inLanguage\":\"es\",\"@id\":\"https:\\\/\\\/secure.gravatar.com\\\/avatar\\\/3a8de04a2656d44082be478bd6c086daa447c4651605818287b9532d3d0bd435?s=96&d=mm&r=g\",\"url\":\"https:\\\/\\\/secure.gravatar.com\\\/avatar\\\/3a8de04a2656d44082be478bd6c086daa447c4651605818287b9532d3d0bd435?s=96&d=mm&r=g\",\"contentUrl\":\"https:\\\/\\\/secure.gravatar.com\\\/avatar\\\/3a8de04a2656d44082be478bd6c086daa447c4651605818287b9532d3d0bd435?s=96&d=mm&r=g\",\"caption\":\"Lo viste en Los Pol\u00edticos\"},\"url\":\"https:\\\/\\\/lospoliticosveracruz.com\\\/?author=2\"}]}<\/script>\n<!-- \/ Yoast SEO plugin. -->","yoast_head_json":{"title":"JULEN, EL CUATE DE X\u00d3CHITL - Los pol\u00edticos Veracruz","robots":{"index":"index","follow":"follow","max-snippet":"max-snippet:-1","max-image-preview":"max-image-preview:large","max-video-preview":"max-video-preview:-1"},"canonical":"https:\/\/lospoliticosveracruz.com\/?p=111693","og_locale":"es_ES","og_type":"article","og_title":"JULEN, EL CUATE DE X\u00d3CHITL - Los pol\u00edticos Veracruz","og_description":"Salvador Mu\u00f1ozLos Pol\u00edticos Si X\u00f3chitl G\u00e1lvez tiene en Veracruz a un cuate, a un amigo, \u00e9se sin lugar a dudas es su compa\u00f1ero en el Senado, Julen Rementer\u00eda.En cualquier otro escenario, para muchos, esta amistad entre la candidata a la Presidencia del Frente Amplio por M\u00e9xico y el senador veracruzano, quien aspira a ser candidato [&hellip;]","og_url":"https:\/\/lospoliticosveracruz.com\/?p=111693","og_site_name":"Los pol\u00edticos Veracruz","article_publisher":"https:\/\/www.facebook.com\/people\/Notimemes-de-los-Polticos\/61565672886568\/","article_published_time":"2023-09-19T11:48:00+00:00","article_modified_time":"2023-09-19T12:07:07+00:00","og_image":[{"width":200,"height":200,"url":"https:\/\/lospoliticosveracruz.com\/wp-content\/uploads\/2016\/07\/Logo-Dor.jpg","type":"image\/jpeg"}],"author":"Lo viste en Los Pol\u00edticos","twitter_card":"summary_large_image","twitter_creator":"@LosPoliticosVer","twitter_site":"@LosPoliticosVer","twitter_misc":{"Escrito por":"Lo viste en Los Pol\u00edticos","Tiempo de lectura":"3 minutos"},"schema":{"@context":"https:\/\/schema.org","@graph":[{"@type":"Article","@id":"https:\/\/lospoliticosveracruz.com\/?p=111693#article","isPartOf":{"@id":"https:\/\/lospoliticosveracruz.com\/?p=111693"},"author":{"name":"Lo viste en Los Pol\u00edticos","@id":"https:\/\/lospoliticosveracruz.com\/#\/schema\/person\/b8702bb0e538456e6efd07080bf2a4a2"},"headline":"JULEN, EL CUATE DE X\u00d3CHITL","datePublished":"2023-09-19T11:48:00+00:00","dateModified":"2023-09-19T12:07:07+00:00","mainEntityOfPage":{"@id":"https:\/\/lospoliticosveracruz.com\/?p=111693"},"wordCount":605,"publisher":{"@id":"https:\/\/lospoliticosveracruz.com\/#organization"},"keywords":["Alejandro Moreno","FAM en Veracruz","Jes\u00fas Zambrano","Juan Manuel Diez Francos","Julen Rementer\u00eda","Marko Cort\u00e9s","Maryjose Gamboa","Salvador Mu\u00f1oz","X\u00f3chitl G\u00e1lvez"],"articleSection":["De Opini\u00f3n"],"inLanguage":"es"},{"@type":"WebPage","@id":"https:\/\/lospoliticosveracruz.com\/?p=111693","url":"https:\/\/lospoliticosveracruz.com\/?p=111693","name":"JULEN, EL CUATE DE X\u00d3CHITL - Los pol\u00edticos Veracruz","isPartOf":{"@id":"https:\/\/lospoliticosveracruz.com\/#website"},"datePublished":"2023-09-19T11:48:00+00:00","dateModified":"2023-09-19T12:07:07+00:00","breadcrumb":{"@id":"https:\/\/lospoliticosveracruz.com\/?p=111693#breadcrumb"},"inLanguage":"es","potentialAction":[{"@type":"ReadAction","target":["https:\/\/lospoliticosveracruz.com\/?p=111693"]}]},{"@type":"BreadcrumbList","@id":"https:\/\/lospoliticosveracruz.com\/?p=111693#breadcrumb","itemListElement":[{"@type":"ListItem","position":1,"name":"Portada","item":"https:\/\/lospoliticosveracruz.com\/"},{"@type":"ListItem","position":2,"name":"JULEN, EL CUATE DE X\u00d3CHITL"}]},{"@type":"WebSite","@id":"https:\/\/lospoliticosveracruz.com\/#website","url":"https:\/\/lospoliticosveracruz.com\/","name":"Los pol\u00edticos Veracruz","description":"","publisher":{"@id":"https:\/\/lospoliticosveracruz.com\/#organization"},"potentialAction":[{"@type":"SearchAction","target":{"@type":"EntryPoint","urlTemplate":"https:\/\/lospoliticosveracruz.com\/?s={search_term_string}"},"query-input":{"@type":"PropertyValueSpecification","valueRequired":true,"valueName":"search_term_string"}}],"inLanguage":"es"},{"@type":"Organization","@id":"https:\/\/lospoliticosveracruz.com\/#organization","name":"Los pol\u00edticos Veracruz","url":"https:\/\/lospoliticosveracruz.com\/","logo":{"@type":"ImageObject","inLanguage":"es","@id":"https:\/\/lospoliticosveracruz.com\/#\/schema\/logo\/image\/","url":"https:\/\/lospoliticosveracruz.com\/wp-content\/uploads\/2025\/12\/Logo-Nuevo-LOS-POLITICOS-1.jpg","contentUrl":"https:\/\/lospoliticosveracruz.com\/wp-content\/uploads\/2025\/12\/Logo-Nuevo-LOS-POLITICOS-1.jpg","width":260,"height":70,"caption":"Los pol\u00edticos Veracruz"},"image":{"@id":"https:\/\/lospoliticosveracruz.com\/#\/schema\/logo\/image\/"},"sameAs":["https:\/\/www.facebook.com\/people\/Notimemes-de-los-Polticos\/61565672886568\/","https:\/\/x.com\/LosPoliticosVer"]},{"@type":"Person","@id":"https:\/\/lospoliticosveracruz.com\/#\/schema\/person\/b8702bb0e538456e6efd07080bf2a4a2","name":"Lo viste en Los Pol\u00edticos","image":{"@type":"ImageObject","inLanguage":"es","@id":"https:\/\/secure.gravatar.com\/avatar\/3a8de04a2656d44082be478bd6c086daa447c4651605818287b9532d3d0bd435?s=96&d=mm&r=g","url":"https:\/\/secure.gravatar.com\/avatar\/3a8de04a2656d44082be478bd6c086daa447c4651605818287b9532d3d0bd435?s=96&d=mm&r=g","contentUrl":"https:\/\/secure.gravatar.com\/avatar\/3a8de04a2656d44082be478bd6c086daa447c4651605818287b9532d3d0bd435?s=96&d=mm&r=g","caption":"Lo viste en Los Pol\u00edticos"},"url":"https:\/\/lospoliticosveracruz.com\/?author=2"}]}},"_links":{"self":[{"href":"https:\/\/lospoliticosveracruz.com\/index.php?rest_route=\/wp\/v2\/posts\/111693","targetHints":{"allow":["GET"]}}],"collection":[{"href":"https:\/\/lospoliticosveracruz.com\/index.php?rest_route=\/wp\/v2\/posts"}],"about":[{"href":"https:\/\/lospoliticosveracruz.com\/index.php?rest_route=\/wp\/v2\/types\/post"}],"author":[{"embeddable":true,"href":"https:\/\/lospoliticosveracruz.com\/index.php?rest_route=\/wp\/v2\/users\/2"}],"replies":[{"embeddable":true,"href":"https:\/\/lospoliticosveracruz.com\/index.php?rest_route=%2Fwp%2Fv2%2Fcomments&post=111693"}],"version-history":[{"count":1,"href":"https:\/\/lospoliticosveracruz.com\/index.php?rest_route=\/wp\/v2\/posts\/111693\/revisions"}],"predecessor-version":[{"id":111694,"href":"https:\/\/lospoliticosveracruz.com\/index.php?rest_route=\/wp\/v2\/posts\/111693\/revisions\/111694"}],"wp:attachment":[{"href":"https:\/\/lospoliticosveracruz.com\/index.php?rest_route=%2Fwp%2Fv2%2Fmedia&parent=111693"}],"wp:term":[{"taxonomy":"category","embeddable":true,"href":"https:\/\/lospoliticosveracruz.com\/index.php?rest_route=%2Fwp%2Fv2%2Fcategories&post=111693"},{"taxonomy":"post_tag","embeddable":true,"href":"https:\/\/lospoliticosveracruz.com\/index.php?rest_route=%2Fwp%2Fv2%2Ftags&post=111693"}],"curies":[{"name":"wp","href":"https:\/\/api.w.org\/{rel}","templated":true}]}}