{"id":111698,"date":"2023-09-19T07:03:49","date_gmt":"2023-09-19T12:03:49","guid":{"rendered":"https:\/\/lospoliticosveracruz.com.mx\/?p=111698"},"modified":"2023-09-19T07:03:56","modified_gmt":"2023-09-19T12:03:56","slug":"a-la-vibora-vibora-de-la-mar","status":"publish","type":"post","link":"https:\/\/lospoliticosveracruz.com\/?p=111698","title":{"rendered":"A LA V\u00cdBORA V\u00cdBORA DE LA MAR\u2026"},"content":{"rendered":"\n<p><strong>Jos\u00e9 Luis Enr\u00edquez Ambell<br><\/strong><em>Caf\u00e9 de Ma\u00f1ana<\/em><\/p>\n\n\n\n<p>A la v\u00edbora v\u00edbora de la mar de la mar, por aqu\u00ed pueden pasar, los de adelante corren mucho, y los de atr\u00e1s se quedar\u00e1n\u2026.!<\/p>\n\n\n\n<p>La agenda de Morena est\u00e1 dictada, y es que los de adelante corren mucho y los de atr\u00e1s se quedar\u00e1n, mientras el pa\u00eds se prepara para el simulacro como cada 19 de Septiembre (D\u00eda Nacional de la Protecci\u00f3n Civil) y a 38 a\u00f1os del terremoto que azot\u00f3 la Cdmx, el Movimiento de Regeneraci\u00f3n Nacional saca su convocatoria para designar aspirantes a Gubernaturas en nueve estados del pa\u00eds.<\/p>\n\n\n\n<figure class=\"wp-block-image size-large\"><a href=\"https:\/\/lospoliticosveracruz.com.mx\/wp-content\/uploads\/2016\/07\/Seguro-Julio-Cerecedo-2.jpg\"><img decoding=\"async\" src=\"https:\/\/lospoliticosveracruz.com.mx\/wp-content\/uploads\/2016\/07\/Seguro-Julio-Cerecedo-2-1024x381.jpg\" alt=\"\" class=\"wp-image-105879\"\/><\/a><\/figure>\n\n\n\n<p>Cuentan que durante el viaje de prueba de lo que ser\u00e1 el tren para el corredor transitmico (CIIT) el Ejecutivo federal dict\u00f3 tareas a los pasajeros y entre ellos al Gobernador de Veracruz en torno a la sucesi\u00f3n estatal y de los puestos de elecci\u00f3n popular que se elegir\u00e1n en 2024.<\/p>\n\n\n\n<p>De ah\u00ed que don Cuitl\u00e1huac Garc\u00eda Jim\u00e9nez haya comunicado por alguna v\u00eda oficial que este d\u00eda por la tarde noche celebren una reuni\u00f3n fuera del Palacio de Gobierno y podr\u00eda no s\u00f3lo incluir al Gabinete legal sino a otros personajes.<\/p>\n\n\n\n<p>M\u00e1s all\u00e1 del programa de la reuni\u00f3n y la tem\u00e1tica, lo cierto es que no precisamente ser\u00e1 para tirar l\u00ednea, m\u00e1s bien ser\u00e1 para tratar de cerrar filas.<\/p>\n\n\n\n<p>A nueve meses de la jornada electoral del d\u00eda domingo 2 de junio de 2024, Morena podr\u00eda no tener un d\u00eda de campo como resulto en 2018 y saben que el Frente y su futura candidata; o sea, X\u00f3chitl G\u00e1lvez, tienen tiempo para elegir una estrategia, cerrar filas y tratar de revertir los resultados electorales recientes, pues en las \u00faltimas 23 elecciones a gobernador,&nbsp;Morena y sus partidos aliados han sido una aplanadora, al salir victoriosos en 16 ocasiones, pero con menos votos de los que habr\u00edan estimado y la tendencia es que estar\u00eda cerr\u00e1ndose la brecha -quiz\u00e1 sin alto riesgo &#8211; pero, los H. Congresos (federal y locales) estar\u00edan por tener una nueva composici\u00f3n, y menos favorable al Movimiento de Regeneraci\u00f3n Nacional a\u00fan con sus aliados muy a pesar que su oposici\u00f3n ha obtenido cinco triunfos.<\/p>\n\n\n\n<p>Hoy, y por el momento, la agenda transexenal pone en la delantera a Morena, pues al menos ya andan en la convocatoria de los nueve estados que cambiar\u00e1n de Gobernador, jefe de Gobierno, Congresos y algunos hasta ayuntamientos.<\/p>\n\n\n\n<p>Y en ese sentido, las entidades que estar\u00e1n en este proceso son: Chiapas, Guanajuato, Jalisco, Morelos, Puebla, Tabasco, \u00abVeracruz\u00bb y Yucat\u00e1n, as\u00ed como la Ciudad de M\u00e9xico.<\/p>\n\n\n\n<p><strong>DE SOBREMESA<\/strong><\/p>\n\n\n\n<p>El Paquete Econ\u00f3mico para el Ejercicio Fiscal 2024 en su conjunto est\u00e1 comenzando a llevar a presionar a diputados del Congreso de la Uni\u00f3n en una especie de \u00abExtorsi\u00f3n Legislativa y Presupuestal\u00bb &#8211; a decir de algunos diputados en la Cdmx &#8211; y que incluso podr\u00eda llevar a que se cambien de bancada al menos para aprobar lo que la SHCP del Poder Ejecutivo pretende para el pr\u00f3ximo a\u00f1o electoral.<\/p>\n\n\n\n<p><strong>UN CAF\u00c9 CON DOBLE CARGA<\/strong><\/p>\n\n\n\n<p>NO SE CRITICA La&nbsp;participaci\u00f3n de militares rusos durante el desfile militar&nbsp;del s\u00e1bado para conmemorar el 213 aniversario del inicio de la lucha por la independencia en la Cdmx., creo que se observa y cr\u00edtica la falta de respeto a la Divisi\u00f3n de Poderes.<\/p>\n\n\n\n<p>Y es que, el Poder Ejecutivo (Presidencia de la Rep\u00fablica) a trav\u00e9s de la Sedena debe solicitar al Poder Legislativo (Senado de la Rep\u00fablica) la decisi\u00f3n del Presidente&nbsp;L\u00f3pez Obrador&nbsp;de invitar a una delegaci\u00f3n de Rusia &#8211; en esta caso o a otro pa\u00eds (s) &#8211; a participar con aeronaves en el desfile, como cuando se nombra a un embajador en otra naci\u00f3n y \u00abpreviamente se solicita el benepl\u00e1cito\u00bb del territorio al que se ir\u00e1 a cumplir una oficial representaci\u00f3n.<\/p>\n\n\n\n<p>Lo anterior, m\u00e1s que desconocimiento parece m\u00e1s una irrespetuosa decisi\u00f3n como sucedi\u00f3 el 5 de febrero en Quer\u00e9taro, el 4 de mayo en Puebla y ahora el 15 de septiembre para la ceremonia del Grito, o sea que para el desfile ha sido una rayita m\u00e1s al tigre, m\u00e1s lo que se acumule.<\/p>\n\n\n\n<p><strong>UN LECHERO LIGHT DIVORCIADO<\/strong><\/p>\n\n\n\n<p>En los d\u00edas y meses por venir la divisi\u00f3n de Poderes en lo federal puede resultar de una mayor e innecesaria tensi\u00f3n. De entrada, la aprobaci\u00f3n del presupuesto del Legislativo al Ejecutivo podr\u00e1 impactar en desequilibrios que podr\u00edamos pagar la poblaci\u00f3n, y en ese mismo orden el Poder Judicial como algunos \u00f3rganos aut\u00f3nomos no tardar\u00edan en unir fuerzas y apretar en la misma direcci\u00f3n.<\/p>\n\n\n\n<p><strong>UN CAF\u00c9 CON CANELA Y PANELA<\/strong><\/p>\n\n\n\n<p>El pr\u00f3ximo evento energ\u00e9tico que se prepara para octubre en el WTC de Boca del R\u00edo y a diferencia de los anteriores, este ser\u00e1 el \u00faltimo de do\u00f1a Roc\u00edo Nahle como Secretaria de Energ\u00eda del Gobierno de la Rep\u00fablica, ella misma y el que puede ser su equipo de campa\u00f1a formal ser\u00e1 quien opere esa din\u00e1mica log\u00edstica, y ya por pronto avisaron que fuera manos de quienes lo hab\u00edan venido organizando en a\u00f1os pasados o sea; tan &#8211; tan !<\/p>\n\n\n\n<p><strong>\u00a1 ES CUANTO !<\/strong><\/p>\n\n\n\n<p>Jos\u00e9 Luis Enr\u00edquez Ambell<br>enamjl62@gmail.com; enriquezambell@gmail.com<br>Secretario General de la Federaci\u00f3n Aut\u00e9ntica de Trabajadores del Estado de Veracruz (FATEV &#8211; JLEG) Registro Federal del Trabajo # 5844 y Director General de la Consultor\u00eda y Asesor\u00eda Integral AECAI Torre Animas en Xalapa, Ver<\/p>\n","protected":false},"excerpt":{"rendered":"<p>Jos\u00e9 Luis Enr\u00edquez AmbellCaf\u00e9 de Ma\u00f1ana A la v\u00edbora v\u00edbora de la mar de la mar, por aqu\u00ed pueden pasar, los de adelante corren mucho, y los de atr\u00e1s se quedar\u00e1n\u2026.! La agenda de Morena est\u00e1 dictada, y es que los de adelante corren mucho y los de atr\u00e1s se quedar\u00e1n, mientras el pa\u00eds se [&hellip;]<\/p>\n","protected":false},"author":2,"featured_media":0,"comment_status":"closed","ping_status":"closed","sticky":false,"template":"","format":"standard","meta":{"tdm_status":"","tdm_grid_status":"","footnotes":""},"categories":[70],"tags":[1563,39378,1026,2212,195],"class_list":{"0":"post-111698","1":"post","2":"type-post","3":"status-publish","4":"format-standard","6":"category-de-opinion","7":"tag-cuitlahuac-garcia-jimenez","8":"tag-dia-nacional-de-la-proteccion-civil","9":"tag-morena","10":"tag-movimiento-de-regeneracion-nacional","11":"tag-veracruz"},"yoast_head":"<!-- This site is optimized with the Yoast SEO plugin v27.4 - https:\/\/yoast.com\/product\/yoast-seo-wordpress\/ -->\n<title>A LA V\u00cdBORA V\u00cdBORA DE LA MAR\u2026 - Los pol\u00edticos Veracruz<\/title>\n<meta name=\"robots\" content=\"index, follow, max-snippet:-1, max-image-preview:large, max-video-preview:-1\" \/>\n<link rel=\"canonical\" href=\"https:\/\/lospoliticosveracruz.com\/?p=111698\" \/>\n<meta property=\"og:locale\" content=\"es_ES\" \/>\n<meta property=\"og:type\" content=\"article\" \/>\n<meta property=\"og:title\" content=\"A LA V\u00cdBORA V\u00cdBORA DE LA MAR\u2026 - Los pol\u00edticos Veracruz\" \/>\n<meta property=\"og:description\" content=\"Jos\u00e9 Luis Enr\u00edquez AmbellCaf\u00e9 de Ma\u00f1ana A la v\u00edbora v\u00edbora de la mar de la mar, por aqu\u00ed pueden pasar, los de adelante corren mucho, y los de atr\u00e1s se quedar\u00e1n\u2026.! La agenda de Morena est\u00e1 dictada, y es que los de adelante corren mucho y los de atr\u00e1s se quedar\u00e1n, mientras el pa\u00eds se [&hellip;]\" \/>\n<meta property=\"og:url\" content=\"https:\/\/lospoliticosveracruz.com\/?p=111698\" \/>\n<meta property=\"og:site_name\" content=\"Los pol\u00edticos Veracruz\" \/>\n<meta property=\"article:publisher\" content=\"https:\/\/www.facebook.com\/people\/Notimemes-de-los-Polticos\/61565672886568\/\" \/>\n<meta property=\"article:published_time\" content=\"2023-09-19T12:03:49+00:00\" \/>\n<meta property=\"article:modified_time\" content=\"2023-09-19T12:03:56+00:00\" \/>\n<meta property=\"og:image\" content=\"https:\/\/lospoliticosveracruz.com.mx\/wp-content\/uploads\/2016\/07\/Seguro-Julio-Cerecedo-2-1024x381.jpg\" \/>\n<meta name=\"author\" content=\"Lo viste en Los Pol\u00edticos\" \/>\n<meta name=\"twitter:card\" content=\"summary_large_image\" \/>\n<meta name=\"twitter:creator\" content=\"@LosPoliticosVer\" \/>\n<meta name=\"twitter:site\" content=\"@LosPoliticosVer\" \/>\n<meta name=\"twitter:label1\" content=\"Escrito por\" \/>\n\t<meta name=\"twitter:data1\" content=\"Lo viste en Los Pol\u00edticos\" \/>\n\t<meta name=\"twitter:label2\" content=\"Tiempo de lectura\" \/>\n\t<meta name=\"twitter:data2\" content=\"5 minutos\" \/>\n<script type=\"application\/ld+json\" class=\"yoast-schema-graph\">{\"@context\":\"https:\\\/\\\/schema.org\",\"@graph\":[{\"@type\":\"Article\",\"@id\":\"https:\\\/\\\/lospoliticosveracruz.com\\\/?p=111698#article\",\"isPartOf\":{\"@id\":\"https:\\\/\\\/lospoliticosveracruz.com\\\/?p=111698\"},\"author\":{\"name\":\"Lo viste en Los Pol\u00edticos\",\"@id\":\"https:\\\/\\\/lospoliticosveracruz.com\\\/#\\\/schema\\\/person\\\/b8702bb0e538456e6efd07080bf2a4a2\"},\"headline\":\"A LA V\u00cdBORA V\u00cdBORA DE LA MAR\u2026\",\"datePublished\":\"2023-09-19T12:03:49+00:00\",\"dateModified\":\"2023-09-19T12:03:56+00:00\",\"mainEntityOfPage\":{\"@id\":\"https:\\\/\\\/lospoliticosveracruz.com\\\/?p=111698\"},\"wordCount\":973,\"publisher\":{\"@id\":\"https:\\\/\\\/lospoliticosveracruz.com\\\/#organization\"},\"image\":{\"@id\":\"https:\\\/\\\/lospoliticosveracruz.com\\\/?p=111698#primaryimage\"},\"thumbnailUrl\":\"https:\\\/\\\/lospoliticosveracruz.com.mx\\\/wp-content\\\/uploads\\\/2016\\\/07\\\/Seguro-Julio-Cerecedo-2-1024x381.jpg\",\"keywords\":[\"Cuitl\u00e1huac Garc\u00eda Jim\u00e9nez\",\"D\u00eda Nacional de la Protecci\u00f3n Civil\",\"Morena\",\"Movimiento de Regeneraci\u00f3n Nacional\",\"Veracruz\"],\"articleSection\":[\"De Opini\u00f3n\"],\"inLanguage\":\"es\"},{\"@type\":\"WebPage\",\"@id\":\"https:\\\/\\\/lospoliticosveracruz.com\\\/?p=111698\",\"url\":\"https:\\\/\\\/lospoliticosveracruz.com\\\/?p=111698\",\"name\":\"A LA V\u00cdBORA V\u00cdBORA DE LA MAR\u2026 - Los pol\u00edticos Veracruz\",\"isPartOf\":{\"@id\":\"https:\\\/\\\/lospoliticosveracruz.com\\\/#website\"},\"primaryImageOfPage\":{\"@id\":\"https:\\\/\\\/lospoliticosveracruz.com\\\/?p=111698#primaryimage\"},\"image\":{\"@id\":\"https:\\\/\\\/lospoliticosveracruz.com\\\/?p=111698#primaryimage\"},\"thumbnailUrl\":\"https:\\\/\\\/lospoliticosveracruz.com.mx\\\/wp-content\\\/uploads\\\/2016\\\/07\\\/Seguro-Julio-Cerecedo-2-1024x381.jpg\",\"datePublished\":\"2023-09-19T12:03:49+00:00\",\"dateModified\":\"2023-09-19T12:03:56+00:00\",\"breadcrumb\":{\"@id\":\"https:\\\/\\\/lospoliticosveracruz.com\\\/?p=111698#breadcrumb\"},\"inLanguage\":\"es\",\"potentialAction\":[{\"@type\":\"ReadAction\",\"target\":[\"https:\\\/\\\/lospoliticosveracruz.com\\\/?p=111698\"]}]},{\"@type\":\"ImageObject\",\"inLanguage\":\"es\",\"@id\":\"https:\\\/\\\/lospoliticosveracruz.com\\\/?p=111698#primaryimage\",\"url\":\"https:\\\/\\\/lospoliticosveracruz.com.mx\\\/wp-content\\\/uploads\\\/2016\\\/07\\\/Seguro-Julio-Cerecedo-2-1024x381.jpg\",\"contentUrl\":\"https:\\\/\\\/lospoliticosveracruz.com.mx\\\/wp-content\\\/uploads\\\/2016\\\/07\\\/Seguro-Julio-Cerecedo-2-1024x381.jpg\"},{\"@type\":\"BreadcrumbList\",\"@id\":\"https:\\\/\\\/lospoliticosveracruz.com\\\/?p=111698#breadcrumb\",\"itemListElement\":[{\"@type\":\"ListItem\",\"position\":1,\"name\":\"Portada\",\"item\":\"https:\\\/\\\/lospoliticosveracruz.com\\\/\"},{\"@type\":\"ListItem\",\"position\":2,\"name\":\"A LA V\u00cdBORA V\u00cdBORA DE LA MAR\u2026\"}]},{\"@type\":\"WebSite\",\"@id\":\"https:\\\/\\\/lospoliticosveracruz.com\\\/#website\",\"url\":\"https:\\\/\\\/lospoliticosveracruz.com\\\/\",\"name\":\"Los pol\u00edticos Veracruz\",\"description\":\"\",\"publisher\":{\"@id\":\"https:\\\/\\\/lospoliticosveracruz.com\\\/#organization\"},\"potentialAction\":[{\"@type\":\"SearchAction\",\"target\":{\"@type\":\"EntryPoint\",\"urlTemplate\":\"https:\\\/\\\/lospoliticosveracruz.com\\\/?s={search_term_string}\"},\"query-input\":{\"@type\":\"PropertyValueSpecification\",\"valueRequired\":true,\"valueName\":\"search_term_string\"}}],\"inLanguage\":\"es\"},{\"@type\":\"Organization\",\"@id\":\"https:\\\/\\\/lospoliticosveracruz.com\\\/#organization\",\"name\":\"Los pol\u00edticos Veracruz\",\"url\":\"https:\\\/\\\/lospoliticosveracruz.com\\\/\",\"logo\":{\"@type\":\"ImageObject\",\"inLanguage\":\"es\",\"@id\":\"https:\\\/\\\/lospoliticosveracruz.com\\\/#\\\/schema\\\/logo\\\/image\\\/\",\"url\":\"https:\\\/\\\/lospoliticosveracruz.com\\\/wp-content\\\/uploads\\\/2025\\\/12\\\/Logo-Nuevo-LOS-POLITICOS-1.jpg\",\"contentUrl\":\"https:\\\/\\\/lospoliticosveracruz.com\\\/wp-content\\\/uploads\\\/2025\\\/12\\\/Logo-Nuevo-LOS-POLITICOS-1.jpg\",\"width\":260,\"height\":70,\"caption\":\"Los pol\u00edticos Veracruz\"},\"image\":{\"@id\":\"https:\\\/\\\/lospoliticosveracruz.com\\\/#\\\/schema\\\/logo\\\/image\\\/\"},\"sameAs\":[\"https:\\\/\\\/www.facebook.com\\\/people\\\/Notimemes-de-los-Polticos\\\/61565672886568\\\/\",\"https:\\\/\\\/x.com\\\/LosPoliticosVer\"]},{\"@type\":\"Person\",\"@id\":\"https:\\\/\\\/lospoliticosveracruz.com\\\/#\\\/schema\\\/person\\\/b8702bb0e538456e6efd07080bf2a4a2\",\"name\":\"Lo viste en Los Pol\u00edticos\",\"image\":{\"@type\":\"ImageObject\",\"inLanguage\":\"es\",\"@id\":\"https:\\\/\\\/secure.gravatar.com\\\/avatar\\\/3a8de04a2656d44082be478bd6c086daa447c4651605818287b9532d3d0bd435?s=96&d=mm&r=g\",\"url\":\"https:\\\/\\\/secure.gravatar.com\\\/avatar\\\/3a8de04a2656d44082be478bd6c086daa447c4651605818287b9532d3d0bd435?s=96&d=mm&r=g\",\"contentUrl\":\"https:\\\/\\\/secure.gravatar.com\\\/avatar\\\/3a8de04a2656d44082be478bd6c086daa447c4651605818287b9532d3d0bd435?s=96&d=mm&r=g\",\"caption\":\"Lo viste en Los Pol\u00edticos\"},\"url\":\"https:\\\/\\\/lospoliticosveracruz.com\\\/?author=2\"}]}<\/script>\n<!-- \/ Yoast SEO plugin. -->","yoast_head_json":{"title":"A LA V\u00cdBORA V\u00cdBORA DE LA MAR\u2026 - Los pol\u00edticos Veracruz","robots":{"index":"index","follow":"follow","max-snippet":"max-snippet:-1","max-image-preview":"max-image-preview:large","max-video-preview":"max-video-preview:-1"},"canonical":"https:\/\/lospoliticosveracruz.com\/?p=111698","og_locale":"es_ES","og_type":"article","og_title":"A LA V\u00cdBORA V\u00cdBORA DE LA MAR\u2026 - Los pol\u00edticos Veracruz","og_description":"Jos\u00e9 Luis Enr\u00edquez AmbellCaf\u00e9 de Ma\u00f1ana A la v\u00edbora v\u00edbora de la mar de la mar, por aqu\u00ed pueden pasar, los de adelante corren mucho, y los de atr\u00e1s se quedar\u00e1n\u2026.! La agenda de Morena est\u00e1 dictada, y es que los de adelante corren mucho y los de atr\u00e1s se quedar\u00e1n, mientras el pa\u00eds se [&hellip;]","og_url":"https:\/\/lospoliticosveracruz.com\/?p=111698","og_site_name":"Los pol\u00edticos Veracruz","article_publisher":"https:\/\/www.facebook.com\/people\/Notimemes-de-los-Polticos\/61565672886568\/","article_published_time":"2023-09-19T12:03:49+00:00","article_modified_time":"2023-09-19T12:03:56+00:00","og_image":[{"url":"https:\/\/lospoliticosveracruz.com.mx\/wp-content\/uploads\/2016\/07\/Seguro-Julio-Cerecedo-2-1024x381.jpg","type":"","width":"","height":""}],"author":"Lo viste en Los Pol\u00edticos","twitter_card":"summary_large_image","twitter_creator":"@LosPoliticosVer","twitter_site":"@LosPoliticosVer","twitter_misc":{"Escrito por":"Lo viste en Los Pol\u00edticos","Tiempo de lectura":"5 minutos"},"schema":{"@context":"https:\/\/schema.org","@graph":[{"@type":"Article","@id":"https:\/\/lospoliticosveracruz.com\/?p=111698#article","isPartOf":{"@id":"https:\/\/lospoliticosveracruz.com\/?p=111698"},"author":{"name":"Lo viste en Los Pol\u00edticos","@id":"https:\/\/lospoliticosveracruz.com\/#\/schema\/person\/b8702bb0e538456e6efd07080bf2a4a2"},"headline":"A LA V\u00cdBORA V\u00cdBORA DE LA MAR\u2026","datePublished":"2023-09-19T12:03:49+00:00","dateModified":"2023-09-19T12:03:56+00:00","mainEntityOfPage":{"@id":"https:\/\/lospoliticosveracruz.com\/?p=111698"},"wordCount":973,"publisher":{"@id":"https:\/\/lospoliticosveracruz.com\/#organization"},"image":{"@id":"https:\/\/lospoliticosveracruz.com\/?p=111698#primaryimage"},"thumbnailUrl":"https:\/\/lospoliticosveracruz.com.mx\/wp-content\/uploads\/2016\/07\/Seguro-Julio-Cerecedo-2-1024x381.jpg","keywords":["Cuitl\u00e1huac Garc\u00eda Jim\u00e9nez","D\u00eda Nacional de la Protecci\u00f3n Civil","Morena","Movimiento de Regeneraci\u00f3n Nacional","Veracruz"],"articleSection":["De Opini\u00f3n"],"inLanguage":"es"},{"@type":"WebPage","@id":"https:\/\/lospoliticosveracruz.com\/?p=111698","url":"https:\/\/lospoliticosveracruz.com\/?p=111698","name":"A LA V\u00cdBORA V\u00cdBORA DE LA MAR\u2026 - Los pol\u00edticos Veracruz","isPartOf":{"@id":"https:\/\/lospoliticosveracruz.com\/#website"},"primaryImageOfPage":{"@id":"https:\/\/lospoliticosveracruz.com\/?p=111698#primaryimage"},"image":{"@id":"https:\/\/lospoliticosveracruz.com\/?p=111698#primaryimage"},"thumbnailUrl":"https:\/\/lospoliticosveracruz.com.mx\/wp-content\/uploads\/2016\/07\/Seguro-Julio-Cerecedo-2-1024x381.jpg","datePublished":"2023-09-19T12:03:49+00:00","dateModified":"2023-09-19T12:03:56+00:00","breadcrumb":{"@id":"https:\/\/lospoliticosveracruz.com\/?p=111698#breadcrumb"},"inLanguage":"es","potentialAction":[{"@type":"ReadAction","target":["https:\/\/lospoliticosveracruz.com\/?p=111698"]}]},{"@type":"ImageObject","inLanguage":"es","@id":"https:\/\/lospoliticosveracruz.com\/?p=111698#primaryimage","url":"https:\/\/lospoliticosveracruz.com.mx\/wp-content\/uploads\/2016\/07\/Seguro-Julio-Cerecedo-2-1024x381.jpg","contentUrl":"https:\/\/lospoliticosveracruz.com.mx\/wp-content\/uploads\/2016\/07\/Seguro-Julio-Cerecedo-2-1024x381.jpg"},{"@type":"BreadcrumbList","@id":"https:\/\/lospoliticosveracruz.com\/?p=111698#breadcrumb","itemListElement":[{"@type":"ListItem","position":1,"name":"Portada","item":"https:\/\/lospoliticosveracruz.com\/"},{"@type":"ListItem","position":2,"name":"A LA V\u00cdBORA V\u00cdBORA DE LA MAR\u2026"}]},{"@type":"WebSite","@id":"https:\/\/lospoliticosveracruz.com\/#website","url":"https:\/\/lospoliticosveracruz.com\/","name":"Los pol\u00edticos Veracruz","description":"","publisher":{"@id":"https:\/\/lospoliticosveracruz.com\/#organization"},"potentialAction":[{"@type":"SearchAction","target":{"@type":"EntryPoint","urlTemplate":"https:\/\/lospoliticosveracruz.com\/?s={search_term_string}"},"query-input":{"@type":"PropertyValueSpecification","valueRequired":true,"valueName":"search_term_string"}}],"inLanguage":"es"},{"@type":"Organization","@id":"https:\/\/lospoliticosveracruz.com\/#organization","name":"Los pol\u00edticos Veracruz","url":"https:\/\/lospoliticosveracruz.com\/","logo":{"@type":"ImageObject","inLanguage":"es","@id":"https:\/\/lospoliticosveracruz.com\/#\/schema\/logo\/image\/","url":"https:\/\/lospoliticosveracruz.com\/wp-content\/uploads\/2025\/12\/Logo-Nuevo-LOS-POLITICOS-1.jpg","contentUrl":"https:\/\/lospoliticosveracruz.com\/wp-content\/uploads\/2025\/12\/Logo-Nuevo-LOS-POLITICOS-1.jpg","width":260,"height":70,"caption":"Los pol\u00edticos Veracruz"},"image":{"@id":"https:\/\/lospoliticosveracruz.com\/#\/schema\/logo\/image\/"},"sameAs":["https:\/\/www.facebook.com\/people\/Notimemes-de-los-Polticos\/61565672886568\/","https:\/\/x.com\/LosPoliticosVer"]},{"@type":"Person","@id":"https:\/\/lospoliticosveracruz.com\/#\/schema\/person\/b8702bb0e538456e6efd07080bf2a4a2","name":"Lo viste en Los Pol\u00edticos","image":{"@type":"ImageObject","inLanguage":"es","@id":"https:\/\/secure.gravatar.com\/avatar\/3a8de04a2656d44082be478bd6c086daa447c4651605818287b9532d3d0bd435?s=96&d=mm&r=g","url":"https:\/\/secure.gravatar.com\/avatar\/3a8de04a2656d44082be478bd6c086daa447c4651605818287b9532d3d0bd435?s=96&d=mm&r=g","contentUrl":"https:\/\/secure.gravatar.com\/avatar\/3a8de04a2656d44082be478bd6c086daa447c4651605818287b9532d3d0bd435?s=96&d=mm&r=g","caption":"Lo viste en Los Pol\u00edticos"},"url":"https:\/\/lospoliticosveracruz.com\/?author=2"}]}},"_links":{"self":[{"href":"https:\/\/lospoliticosveracruz.com\/index.php?rest_route=\/wp\/v2\/posts\/111698","targetHints":{"allow":["GET"]}}],"collection":[{"href":"https:\/\/lospoliticosveracruz.com\/index.php?rest_route=\/wp\/v2\/posts"}],"about":[{"href":"https:\/\/lospoliticosveracruz.com\/index.php?rest_route=\/wp\/v2\/types\/post"}],"author":[{"embeddable":true,"href":"https:\/\/lospoliticosveracruz.com\/index.php?rest_route=\/wp\/v2\/users\/2"}],"replies":[{"embeddable":true,"href":"https:\/\/lospoliticosveracruz.com\/index.php?rest_route=%2Fwp%2Fv2%2Fcomments&post=111698"}],"version-history":[{"count":1,"href":"https:\/\/lospoliticosveracruz.com\/index.php?rest_route=\/wp\/v2\/posts\/111698\/revisions"}],"predecessor-version":[{"id":111699,"href":"https:\/\/lospoliticosveracruz.com\/index.php?rest_route=\/wp\/v2\/posts\/111698\/revisions\/111699"}],"wp:attachment":[{"href":"https:\/\/lospoliticosveracruz.com\/index.php?rest_route=%2Fwp%2Fv2%2Fmedia&parent=111698"}],"wp:term":[{"taxonomy":"category","embeddable":true,"href":"https:\/\/lospoliticosveracruz.com\/index.php?rest_route=%2Fwp%2Fv2%2Fcategories&post=111698"},{"taxonomy":"post_tag","embeddable":true,"href":"https:\/\/lospoliticosveracruz.com\/index.php?rest_route=%2Fwp%2Fv2%2Ftags&post=111698"}],"curies":[{"name":"wp","href":"https:\/\/api.w.org\/{rel}","templated":true}]}}