{"id":111700,"date":"2023-09-19T07:06:18","date_gmt":"2023-09-19T12:06:18","guid":{"rendered":"https:\/\/lospoliticosveracruz.com.mx\/?p=111700"},"modified":"2023-09-19T07:06:24","modified_gmt":"2023-09-19T12:06:24","slug":"julen-y-el-2024-2","status":"publish","type":"post","link":"https:\/\/lospoliticosveracruz.com\/?p=111700","title":{"rendered":"JULEN Y EL 2024"},"content":{"rendered":"\n<p><strong>Bernardo Guti\u00e9rrez Parra<br><\/strong><em>Desde el Caf\u00e9<\/em><\/p>\n\n\n\n<p>El legislador Julen Rementer\u00eda del Puerto es el as que tiene el PAN para la gubernatura de Veracruz. Una carta de respeto es este pol\u00edtico contestatario y entr\u00f3n que se le ha puesto al brinco al presidente L\u00f3pez Obrador, a Roc\u00edo Nahle y al gobernador Cuitl\u00e1huac Garc\u00eda con argumentos tan s\u00f3lidos que ninguno de los tres le ha replicado.<\/p>\n\n\n<div class=\"wp-block-image\">\n<figure class=\"alignleft size-medium\"><a href=\"https:\/\/lospoliticosveracruz.com.mx\/wp-content\/uploads\/2021\/10\/Zacauilt.jpg\"><img decoding=\"async\" src=\"https:\/\/lospoliticosveracruz.com.mx\/wp-content\/uploads\/2021\/10\/Zacauilt-150x300.jpg\" alt=\"\" class=\"wp-image-80558\"\/><\/a><\/figure>\n<\/div>\n\n\n<p>Hace poco m\u00e1s de un a\u00f1o y en charla con los periodistas del Grupo de los Diez, Julen fue el primero de los aspirantes de la oposici\u00f3n en manifestar en abierto su deseo de ser candidato a la gubernatura.<\/p>\n\n\n\n<p>En aquella ocasi\u00f3n dio un diagn\u00f3stico puntual de la situaci\u00f3n del pa\u00eds, de Veracruz y de la refiner\u00eda de Dos Bocas. Y tras el diagn\u00f3stico vinieron sus conclusiones. Calific\u00f3 de absurda y populachera la pol\u00edtica de abrazos y no balazos para combatir la inseguridad; de criminal el desabasto de medicamentos; de lamentable la situaci\u00f3n de Veracruz en seguridad, salud, educaci\u00f3n y apoyos al campo y sobre Dos Bocas dijo que era un multimillonario desfalco en d\u00f3lares a los mexicanos.<\/p>\n\n\n\n<p>Abierto a todas las preguntas no dej\u00f3 ninguna sin contestar y lo que llam\u00f3 la atenci\u00f3n es que casi todas sus respuestas aterrizaban en su certeza de que ser\u00e1 gobernador.<\/p>\n\n\n\n<p>Julen es un pol\u00edtico que conoce como pocos los dolores que padece Veracruz. Su problema es que pocos veracruzanos lo conocen a \u00e9l.<\/p>\n\n\n\n<p>De las pocas veces que su nombre se ha escuchado en la totalidad de la geograf\u00eda estatal, fue cuando se tom\u00f3 la foto con el ultraderechista Santiago Abascal, presidente de VOX, despu\u00e9s de plasmar su firma en la Carta de Madrid, un documento marcadamente fascista que le gener\u00f3 una sonora rechifla hasta dentro de su mismo partido.<\/p>\n\n\n\n<p>A pesar de los argumentos que esgrimi\u00f3 para justificar tama\u00f1o despiste, Julen carga desde entonces con el estigma de ultraderechista que no se quitar\u00e1 al menos en esta vida.<\/p>\n\n\n\n<p>\u00bfQu\u00e9 posibilidades tiene de ser candidato del Frente opositor y eventualmente gobernador?<\/p>\n\n\n\n<p>H\u00edjole\u2026<\/p>\n\n\n\n<p>Por principio de cuentas s\u00f3lo tiene el apoyo de la mitad del panismo veracruzano, la otra mitad que est\u00e1 bajo la f\u00e9rula de los Yunes del Estero no lo apoyar\u00e1 ni de chiste. Y es que de ser amigos por conveniencia se convirtieron en enemigos irreconciliables.<\/p>\n\n\n\n<p>El l\u00edder nacional del PAN, Marko Cort\u00e9s que en un principio lo apoyaba, al parecer cambi\u00f3 de opini\u00f3n y como que ya no le ve empaque para gobernador.<\/p>\n\n\n\n<p>Y por si fuera poco, ha trascendido que las encuestas que lo dan como favorito a la gubernatura son pagadas con dinero del Senado lo que de ser cierto lo meter\u00e1 en un gran brete.<\/p>\n\n\n\n<p>En s\u00edntesis, lector, a Julen le har\u00e1 falta algo m\u00e1s que la otra mitad del panismo y algo m\u00e1s que el apoyo de su l\u00edder nacional para alzarse con la candidatura. Necesita ser m\u00e1s visto y convencer a quienes lo vean, que no representa a la derecha m\u00e1s rancia del PAN; que si no es liberal, liberal lo que se dice liberal, tampoco es ultraconservador. Y que gobernar\u00e1 para todos sin distingo de raza, sexo, edad, credo o posici\u00f3n social.<\/p>\n\n\n\n<p>A ver si en una de esas hay alguien que se la crea.<\/p>\n\n\n\n<p>bernardogup@hotmail.com<\/p>\n","protected":false},"excerpt":{"rendered":"<p>Bernardo Guti\u00e9rrez ParraDesde el Caf\u00e9 El legislador Julen Rementer\u00eda del Puerto es el as que tiene el PAN para la gubernatura de Veracruz. Una carta de respeto es este pol\u00edtico contestatario y entr\u00f3n que se le ha puesto al brinco al presidente L\u00f3pez Obrador, a Roc\u00edo Nahle y al gobernador Cuitl\u00e1huac Garc\u00eda con argumentos tan [&hellip;]<\/p>\n","protected":false},"author":2,"featured_media":0,"comment_status":"closed","ping_status":"closed","sticky":false,"template":"","format":"standard","meta":{"tdm_status":"","tdm_grid_status":"","footnotes":""},"categories":[70],"tags":[1563,1569,12562,1026,266,3578,195],"class_list":{"0":"post-111700","1":"post","2":"type-post","3":"status-publish","4":"format-standard","6":"category-de-opinion","7":"tag-cuitlahuac-garcia-jimenez","8":"tag-julen-rementeria-del-puerto","9":"tag-marko-cortes","10":"tag-morena","11":"tag-pan","12":"tag-rocio-nahle","13":"tag-veracruz"},"yoast_head":"<!-- This site is optimized with the Yoast SEO plugin v27.4 - https:\/\/yoast.com\/product\/yoast-seo-wordpress\/ -->\n<title>JULEN Y EL 2024 - Los pol\u00edticos Veracruz<\/title>\n<meta name=\"robots\" content=\"index, follow, max-snippet:-1, max-image-preview:large, max-video-preview:-1\" \/>\n<link rel=\"canonical\" href=\"https:\/\/lospoliticosveracruz.com\/?p=111700\" \/>\n<meta property=\"og:locale\" content=\"es_ES\" \/>\n<meta property=\"og:type\" content=\"article\" \/>\n<meta property=\"og:title\" content=\"JULEN Y EL 2024 - Los pol\u00edticos Veracruz\" \/>\n<meta property=\"og:description\" content=\"Bernardo Guti\u00e9rrez ParraDesde el Caf\u00e9 El legislador Julen Rementer\u00eda del Puerto es el as que tiene el PAN para la gubernatura de Veracruz. Una carta de respeto es este pol\u00edtico contestatario y entr\u00f3n que se le ha puesto al brinco al presidente L\u00f3pez Obrador, a Roc\u00edo Nahle y al gobernador Cuitl\u00e1huac Garc\u00eda con argumentos tan [&hellip;]\" \/>\n<meta property=\"og:url\" content=\"https:\/\/lospoliticosveracruz.com\/?p=111700\" \/>\n<meta property=\"og:site_name\" content=\"Los pol\u00edticos Veracruz\" \/>\n<meta property=\"article:publisher\" content=\"https:\/\/www.facebook.com\/people\/Notimemes-de-los-Polticos\/61565672886568\/\" \/>\n<meta property=\"article:published_time\" content=\"2023-09-19T12:06:18+00:00\" \/>\n<meta property=\"article:modified_time\" content=\"2023-09-19T12:06:24+00:00\" \/>\n<meta property=\"og:image\" content=\"https:\/\/lospoliticosveracruz.com.mx\/wp-content\/uploads\/2021\/10\/Zacauilt-150x300.jpg\" \/>\n<meta name=\"author\" content=\"Lo viste en Los Pol\u00edticos\" \/>\n<meta name=\"twitter:card\" content=\"summary_large_image\" \/>\n<meta name=\"twitter:creator\" content=\"@LosPoliticosVer\" \/>\n<meta name=\"twitter:site\" content=\"@LosPoliticosVer\" \/>\n<meta name=\"twitter:label1\" content=\"Escrito por\" \/>\n\t<meta name=\"twitter:data1\" content=\"Lo viste en Los Pol\u00edticos\" \/>\n\t<meta name=\"twitter:label2\" content=\"Tiempo de lectura\" \/>\n\t<meta name=\"twitter:data2\" content=\"3 minutos\" \/>\n<script type=\"application\/ld+json\" class=\"yoast-schema-graph\">{\"@context\":\"https:\\\/\\\/schema.org\",\"@graph\":[{\"@type\":\"Article\",\"@id\":\"https:\\\/\\\/lospoliticosveracruz.com\\\/?p=111700#article\",\"isPartOf\":{\"@id\":\"https:\\\/\\\/lospoliticosveracruz.com\\\/?p=111700\"},\"author\":{\"name\":\"Lo viste en Los Pol\u00edticos\",\"@id\":\"https:\\\/\\\/lospoliticosveracruz.com\\\/#\\\/schema\\\/person\\\/b8702bb0e538456e6efd07080bf2a4a2\"},\"headline\":\"JULEN Y EL 2024\",\"datePublished\":\"2023-09-19T12:06:18+00:00\",\"dateModified\":\"2023-09-19T12:06:24+00:00\",\"mainEntityOfPage\":{\"@id\":\"https:\\\/\\\/lospoliticosveracruz.com\\\/?p=111700\"},\"wordCount\":583,\"publisher\":{\"@id\":\"https:\\\/\\\/lospoliticosveracruz.com\\\/#organization\"},\"image\":{\"@id\":\"https:\\\/\\\/lospoliticosveracruz.com\\\/?p=111700#primaryimage\"},\"thumbnailUrl\":\"https:\\\/\\\/lospoliticosveracruz.com.mx\\\/wp-content\\\/uploads\\\/2021\\\/10\\\/Zacauilt-150x300.jpg\",\"keywords\":[\"Cuitl\u00e1huac Garc\u00eda Jim\u00e9nez\",\"Julen Rementer\u00eda del Puerto\",\"Marko Cort\u00e9s\",\"Morena\",\"PAN\",\"Roc\u00edo Nahle\",\"Veracruz\"],\"articleSection\":[\"De Opini\u00f3n\"],\"inLanguage\":\"es\"},{\"@type\":\"WebPage\",\"@id\":\"https:\\\/\\\/lospoliticosveracruz.com\\\/?p=111700\",\"url\":\"https:\\\/\\\/lospoliticosveracruz.com\\\/?p=111700\",\"name\":\"JULEN Y EL 2024 - Los pol\u00edticos Veracruz\",\"isPartOf\":{\"@id\":\"https:\\\/\\\/lospoliticosveracruz.com\\\/#website\"},\"primaryImageOfPage\":{\"@id\":\"https:\\\/\\\/lospoliticosveracruz.com\\\/?p=111700#primaryimage\"},\"image\":{\"@id\":\"https:\\\/\\\/lospoliticosveracruz.com\\\/?p=111700#primaryimage\"},\"thumbnailUrl\":\"https:\\\/\\\/lospoliticosveracruz.com.mx\\\/wp-content\\\/uploads\\\/2021\\\/10\\\/Zacauilt-150x300.jpg\",\"datePublished\":\"2023-09-19T12:06:18+00:00\",\"dateModified\":\"2023-09-19T12:06:24+00:00\",\"breadcrumb\":{\"@id\":\"https:\\\/\\\/lospoliticosveracruz.com\\\/?p=111700#breadcrumb\"},\"inLanguage\":\"es\",\"potentialAction\":[{\"@type\":\"ReadAction\",\"target\":[\"https:\\\/\\\/lospoliticosveracruz.com\\\/?p=111700\"]}]},{\"@type\":\"ImageObject\",\"inLanguage\":\"es\",\"@id\":\"https:\\\/\\\/lospoliticosveracruz.com\\\/?p=111700#primaryimage\",\"url\":\"https:\\\/\\\/lospoliticosveracruz.com.mx\\\/wp-content\\\/uploads\\\/2021\\\/10\\\/Zacauilt-150x300.jpg\",\"contentUrl\":\"https:\\\/\\\/lospoliticosveracruz.com.mx\\\/wp-content\\\/uploads\\\/2021\\\/10\\\/Zacauilt-150x300.jpg\"},{\"@type\":\"BreadcrumbList\",\"@id\":\"https:\\\/\\\/lospoliticosveracruz.com\\\/?p=111700#breadcrumb\",\"itemListElement\":[{\"@type\":\"ListItem\",\"position\":1,\"name\":\"Portada\",\"item\":\"https:\\\/\\\/lospoliticosveracruz.com\\\/\"},{\"@type\":\"ListItem\",\"position\":2,\"name\":\"JULEN Y EL 2024\"}]},{\"@type\":\"WebSite\",\"@id\":\"https:\\\/\\\/lospoliticosveracruz.com\\\/#website\",\"url\":\"https:\\\/\\\/lospoliticosveracruz.com\\\/\",\"name\":\"Los pol\u00edticos Veracruz\",\"description\":\"\",\"publisher\":{\"@id\":\"https:\\\/\\\/lospoliticosveracruz.com\\\/#organization\"},\"potentialAction\":[{\"@type\":\"SearchAction\",\"target\":{\"@type\":\"EntryPoint\",\"urlTemplate\":\"https:\\\/\\\/lospoliticosveracruz.com\\\/?s={search_term_string}\"},\"query-input\":{\"@type\":\"PropertyValueSpecification\",\"valueRequired\":true,\"valueName\":\"search_term_string\"}}],\"inLanguage\":\"es\"},{\"@type\":\"Organization\",\"@id\":\"https:\\\/\\\/lospoliticosveracruz.com\\\/#organization\",\"name\":\"Los pol\u00edticos Veracruz\",\"url\":\"https:\\\/\\\/lospoliticosveracruz.com\\\/\",\"logo\":{\"@type\":\"ImageObject\",\"inLanguage\":\"es\",\"@id\":\"https:\\\/\\\/lospoliticosveracruz.com\\\/#\\\/schema\\\/logo\\\/image\\\/\",\"url\":\"https:\\\/\\\/lospoliticosveracruz.com\\\/wp-content\\\/uploads\\\/2025\\\/12\\\/Logo-Nuevo-LOS-POLITICOS-1.jpg\",\"contentUrl\":\"https:\\\/\\\/lospoliticosveracruz.com\\\/wp-content\\\/uploads\\\/2025\\\/12\\\/Logo-Nuevo-LOS-POLITICOS-1.jpg\",\"width\":260,\"height\":70,\"caption\":\"Los pol\u00edticos Veracruz\"},\"image\":{\"@id\":\"https:\\\/\\\/lospoliticosveracruz.com\\\/#\\\/schema\\\/logo\\\/image\\\/\"},\"sameAs\":[\"https:\\\/\\\/www.facebook.com\\\/people\\\/Notimemes-de-los-Polticos\\\/61565672886568\\\/\",\"https:\\\/\\\/x.com\\\/LosPoliticosVer\"]},{\"@type\":\"Person\",\"@id\":\"https:\\\/\\\/lospoliticosveracruz.com\\\/#\\\/schema\\\/person\\\/b8702bb0e538456e6efd07080bf2a4a2\",\"name\":\"Lo viste en Los Pol\u00edticos\",\"image\":{\"@type\":\"ImageObject\",\"inLanguage\":\"es\",\"@id\":\"https:\\\/\\\/secure.gravatar.com\\\/avatar\\\/3a8de04a2656d44082be478bd6c086daa447c4651605818287b9532d3d0bd435?s=96&d=mm&r=g\",\"url\":\"https:\\\/\\\/secure.gravatar.com\\\/avatar\\\/3a8de04a2656d44082be478bd6c086daa447c4651605818287b9532d3d0bd435?s=96&d=mm&r=g\",\"contentUrl\":\"https:\\\/\\\/secure.gravatar.com\\\/avatar\\\/3a8de04a2656d44082be478bd6c086daa447c4651605818287b9532d3d0bd435?s=96&d=mm&r=g\",\"caption\":\"Lo viste en Los Pol\u00edticos\"},\"url\":\"https:\\\/\\\/lospoliticosveracruz.com\\\/?author=2\"}]}<\/script>\n<!-- \/ Yoast SEO plugin. -->","yoast_head_json":{"title":"JULEN Y EL 2024 - Los pol\u00edticos Veracruz","robots":{"index":"index","follow":"follow","max-snippet":"max-snippet:-1","max-image-preview":"max-image-preview:large","max-video-preview":"max-video-preview:-1"},"canonical":"https:\/\/lospoliticosveracruz.com\/?p=111700","og_locale":"es_ES","og_type":"article","og_title":"JULEN Y EL 2024 - Los pol\u00edticos Veracruz","og_description":"Bernardo Guti\u00e9rrez ParraDesde el Caf\u00e9 El legislador Julen Rementer\u00eda del Puerto es el as que tiene el PAN para la gubernatura de Veracruz. Una carta de respeto es este pol\u00edtico contestatario y entr\u00f3n que se le ha puesto al brinco al presidente L\u00f3pez Obrador, a Roc\u00edo Nahle y al gobernador Cuitl\u00e1huac Garc\u00eda con argumentos tan [&hellip;]","og_url":"https:\/\/lospoliticosveracruz.com\/?p=111700","og_site_name":"Los pol\u00edticos Veracruz","article_publisher":"https:\/\/www.facebook.com\/people\/Notimemes-de-los-Polticos\/61565672886568\/","article_published_time":"2023-09-19T12:06:18+00:00","article_modified_time":"2023-09-19T12:06:24+00:00","og_image":[{"url":"https:\/\/lospoliticosveracruz.com.mx\/wp-content\/uploads\/2021\/10\/Zacauilt-150x300.jpg","type":"","width":"","height":""}],"author":"Lo viste en Los Pol\u00edticos","twitter_card":"summary_large_image","twitter_creator":"@LosPoliticosVer","twitter_site":"@LosPoliticosVer","twitter_misc":{"Escrito por":"Lo viste en Los Pol\u00edticos","Tiempo de lectura":"3 minutos"},"schema":{"@context":"https:\/\/schema.org","@graph":[{"@type":"Article","@id":"https:\/\/lospoliticosveracruz.com\/?p=111700#article","isPartOf":{"@id":"https:\/\/lospoliticosveracruz.com\/?p=111700"},"author":{"name":"Lo viste en Los Pol\u00edticos","@id":"https:\/\/lospoliticosveracruz.com\/#\/schema\/person\/b8702bb0e538456e6efd07080bf2a4a2"},"headline":"JULEN Y EL 2024","datePublished":"2023-09-19T12:06:18+00:00","dateModified":"2023-09-19T12:06:24+00:00","mainEntityOfPage":{"@id":"https:\/\/lospoliticosveracruz.com\/?p=111700"},"wordCount":583,"publisher":{"@id":"https:\/\/lospoliticosveracruz.com\/#organization"},"image":{"@id":"https:\/\/lospoliticosveracruz.com\/?p=111700#primaryimage"},"thumbnailUrl":"https:\/\/lospoliticosveracruz.com.mx\/wp-content\/uploads\/2021\/10\/Zacauilt-150x300.jpg","keywords":["Cuitl\u00e1huac Garc\u00eda Jim\u00e9nez","Julen Rementer\u00eda del Puerto","Marko Cort\u00e9s","Morena","PAN","Roc\u00edo Nahle","Veracruz"],"articleSection":["De Opini\u00f3n"],"inLanguage":"es"},{"@type":"WebPage","@id":"https:\/\/lospoliticosveracruz.com\/?p=111700","url":"https:\/\/lospoliticosveracruz.com\/?p=111700","name":"JULEN Y EL 2024 - Los pol\u00edticos Veracruz","isPartOf":{"@id":"https:\/\/lospoliticosveracruz.com\/#website"},"primaryImageOfPage":{"@id":"https:\/\/lospoliticosveracruz.com\/?p=111700#primaryimage"},"image":{"@id":"https:\/\/lospoliticosveracruz.com\/?p=111700#primaryimage"},"thumbnailUrl":"https:\/\/lospoliticosveracruz.com.mx\/wp-content\/uploads\/2021\/10\/Zacauilt-150x300.jpg","datePublished":"2023-09-19T12:06:18+00:00","dateModified":"2023-09-19T12:06:24+00:00","breadcrumb":{"@id":"https:\/\/lospoliticosveracruz.com\/?p=111700#breadcrumb"},"inLanguage":"es","potentialAction":[{"@type":"ReadAction","target":["https:\/\/lospoliticosveracruz.com\/?p=111700"]}]},{"@type":"ImageObject","inLanguage":"es","@id":"https:\/\/lospoliticosveracruz.com\/?p=111700#primaryimage","url":"https:\/\/lospoliticosveracruz.com.mx\/wp-content\/uploads\/2021\/10\/Zacauilt-150x300.jpg","contentUrl":"https:\/\/lospoliticosveracruz.com.mx\/wp-content\/uploads\/2021\/10\/Zacauilt-150x300.jpg"},{"@type":"BreadcrumbList","@id":"https:\/\/lospoliticosveracruz.com\/?p=111700#breadcrumb","itemListElement":[{"@type":"ListItem","position":1,"name":"Portada","item":"https:\/\/lospoliticosveracruz.com\/"},{"@type":"ListItem","position":2,"name":"JULEN Y EL 2024"}]},{"@type":"WebSite","@id":"https:\/\/lospoliticosveracruz.com\/#website","url":"https:\/\/lospoliticosveracruz.com\/","name":"Los pol\u00edticos Veracruz","description":"","publisher":{"@id":"https:\/\/lospoliticosveracruz.com\/#organization"},"potentialAction":[{"@type":"SearchAction","target":{"@type":"EntryPoint","urlTemplate":"https:\/\/lospoliticosveracruz.com\/?s={search_term_string}"},"query-input":{"@type":"PropertyValueSpecification","valueRequired":true,"valueName":"search_term_string"}}],"inLanguage":"es"},{"@type":"Organization","@id":"https:\/\/lospoliticosveracruz.com\/#organization","name":"Los pol\u00edticos Veracruz","url":"https:\/\/lospoliticosveracruz.com\/","logo":{"@type":"ImageObject","inLanguage":"es","@id":"https:\/\/lospoliticosveracruz.com\/#\/schema\/logo\/image\/","url":"https:\/\/lospoliticosveracruz.com\/wp-content\/uploads\/2025\/12\/Logo-Nuevo-LOS-POLITICOS-1.jpg","contentUrl":"https:\/\/lospoliticosveracruz.com\/wp-content\/uploads\/2025\/12\/Logo-Nuevo-LOS-POLITICOS-1.jpg","width":260,"height":70,"caption":"Los pol\u00edticos Veracruz"},"image":{"@id":"https:\/\/lospoliticosveracruz.com\/#\/schema\/logo\/image\/"},"sameAs":["https:\/\/www.facebook.com\/people\/Notimemes-de-los-Polticos\/61565672886568\/","https:\/\/x.com\/LosPoliticosVer"]},{"@type":"Person","@id":"https:\/\/lospoliticosveracruz.com\/#\/schema\/person\/b8702bb0e538456e6efd07080bf2a4a2","name":"Lo viste en Los Pol\u00edticos","image":{"@type":"ImageObject","inLanguage":"es","@id":"https:\/\/secure.gravatar.com\/avatar\/3a8de04a2656d44082be478bd6c086daa447c4651605818287b9532d3d0bd435?s=96&d=mm&r=g","url":"https:\/\/secure.gravatar.com\/avatar\/3a8de04a2656d44082be478bd6c086daa447c4651605818287b9532d3d0bd435?s=96&d=mm&r=g","contentUrl":"https:\/\/secure.gravatar.com\/avatar\/3a8de04a2656d44082be478bd6c086daa447c4651605818287b9532d3d0bd435?s=96&d=mm&r=g","caption":"Lo viste en Los Pol\u00edticos"},"url":"https:\/\/lospoliticosveracruz.com\/?author=2"}]}},"_links":{"self":[{"href":"https:\/\/lospoliticosveracruz.com\/index.php?rest_route=\/wp\/v2\/posts\/111700","targetHints":{"allow":["GET"]}}],"collection":[{"href":"https:\/\/lospoliticosveracruz.com\/index.php?rest_route=\/wp\/v2\/posts"}],"about":[{"href":"https:\/\/lospoliticosveracruz.com\/index.php?rest_route=\/wp\/v2\/types\/post"}],"author":[{"embeddable":true,"href":"https:\/\/lospoliticosveracruz.com\/index.php?rest_route=\/wp\/v2\/users\/2"}],"replies":[{"embeddable":true,"href":"https:\/\/lospoliticosveracruz.com\/index.php?rest_route=%2Fwp%2Fv2%2Fcomments&post=111700"}],"version-history":[{"count":1,"href":"https:\/\/lospoliticosveracruz.com\/index.php?rest_route=\/wp\/v2\/posts\/111700\/revisions"}],"predecessor-version":[{"id":111701,"href":"https:\/\/lospoliticosveracruz.com\/index.php?rest_route=\/wp\/v2\/posts\/111700\/revisions\/111701"}],"wp:attachment":[{"href":"https:\/\/lospoliticosveracruz.com\/index.php?rest_route=%2Fwp%2Fv2%2Fmedia&parent=111700"}],"wp:term":[{"taxonomy":"category","embeddable":true,"href":"https:\/\/lospoliticosveracruz.com\/index.php?rest_route=%2Fwp%2Fv2%2Fcategories&post=111700"},{"taxonomy":"post_tag","embeddable":true,"href":"https:\/\/lospoliticosveracruz.com\/index.php?rest_route=%2Fwp%2Fv2%2Ftags&post=111700"}],"curies":[{"name":"wp","href":"https:\/\/api.w.org\/{rel}","templated":true}]}}