{"id":111787,"date":"2023-09-20T11:07:57","date_gmt":"2023-09-20T16:07:57","guid":{"rendered":"https:\/\/lospoliticosveracruz.com.mx\/?p=111787"},"modified":"2023-09-20T11:08:10","modified_gmt":"2023-09-20T16:08:10","slug":"sin-sorpresas","status":"publish","type":"post","link":"https:\/\/lospoliticosveracruz.com\/?p=111787","title":{"rendered":"SIN SORPRESAS"},"content":{"rendered":"\n<p><strong>Manolo Victorio<\/strong><\/p>\n\n\n\n<p><em>Carpe Diem<\/em><\/p>\n\n\n\n<p>La sucesi\u00f3n veracruzana sigue a pie juntillas un guion preestablecido.<\/p>\n\n\n\n<p>Actores y actrices morenos se alinean para presentar dos ternas equitativas hacia el camino de las encuestas, no se han dado a conocer encuestadoras espejo a la encuesta madre de Morena ni el universo de la muestra, que deber\u00e1n descorrer un misterio develado a priori al 30 de octubre respecto a las preferencias pol\u00edticas dirigidas a quien contender\u00e1 por buscar el bast\u00f3n de mando que dejar\u00e1 Cuitl\u00e1huac Garc\u00eda Jim\u00e9nez.<\/p>\n\n\n\n<p><a href=\"https:\/\/youtu.be\/Nxe-vxf8GuY\"><\/a><\/p>\n\n\n\n<figure class=\"wp-block-embed is-type-video is-provider-youtube wp-block-embed-youtube wp-embed-aspect-16-9 wp-has-aspect-ratio\"><div class=\"wp-block-embed__wrapper\">\n<iframe loading=\"lazy\" title=\"Cluster Coworking\" width=\"696\" height=\"392\" src=\"https:\/\/www.youtube.com\/embed\/Nxe-vxf8GuY?feature=oembed\" frameborder=\"0\" allow=\"accelerometer; autoplay; clipboard-write; encrypted-media; gyroscope; picture-in-picture; web-share\" referrerpolicy=\"strict-origin-when-cross-origin\" allowfullscreen><\/iframe>\n<\/div><\/figure>\n\n\n\n<p>Hasta el bloque opositor es predecible en torno a quienes buscar\u00e1n encabezar el enclenque Frente Amplio por Veracruz, cuyas cabezas visibles son el senador panista Julen Rementer\u00eda del Puerto, quien a sabiendas de las muchas desventajas que enfrentar\u00e1 al interior de su partido, del bloque PAN-PRI-PRD y de los adversarios en el terreno del proselitismo si resulta vencedor del proceso interno, s\u00f3lo quiere colgar en su sala de estar, como palmar\u00e9s pol\u00edtico, el diploma que lo acredite en la genealog\u00eda familiar como contendiente de una candidatura opositora hacia el gobierno del Estado de Veracruz de Ignacio de la Llave.<\/p>\n\n\n\n<p>Ser\u00eda solamente un documento para la egoteca personal. Nada m\u00e1s.<\/p>\n\n\n\n<p>Le seguir\u00eda un trasnochado, acartonado y austero de imagen p\u00fablica, Jos\u00e9 Yunes Zorrilla como el menos erosionado en el prestigio de un partido que lo ha perdido todo, hasta la dignidad competitiva, que buscar\u00e1 salvar el naufragio total, la extinci\u00f3n de facto en la elecci\u00f3n del domingo 2 de junio del 2024.<\/p>\n\n\n\n<p>Jos\u00e9 Yunes Zorrilla sabe en su fuero interno que el tiempo para ser gobernador se le agot\u00f3 ante la tibieza de no tomar decisiones al evitar confrontarse con Fidel Herrera Beltr\u00e1n para imponer el localismo como carta sucesoria el 4 de julio del 2010, fecha en la que fue electo el enfant terrible Javier Duarte de Ochoa.<\/p>\n\n\n\n<p>La pol\u00edtica es circunstancia. Este factor juega en contra de Pepe Yunes Zorrilla, quien no ha dado un golpe de tim\u00f3n para saltar hacia posiciones de poder afuera de la parcela perote\u00f1a, hacerlo en tiempo adversos de un priismo en v\u00edas de extinci\u00f3n ser\u00eda una hombrada.<\/p>\n\n\n\n<p>La interpretaci\u00f3n hermen\u00e9utica de la opinocracia veracruzana ve como una coalici\u00f3n entre un ala del panismo veracruzano y el Partido Revolucionario Institucional, la fotograf\u00eda tomada a Miguel \u00c1ngel Yunes Linares junto al alcalde pri\u00edsta de Orizaba, Juan Manuel Diez Francos.<\/p>\n\n\n\n<p>Aparejado al mensaje de una posible alianza azul con un hombre fuerte en las altas monta\u00f1a, va tambi\u00e9n la connotaci\u00f3n semiol\u00f3gica respecto a que el ex gobernador veracruzano no es un p\u00e1jaro de cuenta, ni debe jur\u00eddicamente nada a la cuatrote, por tanto, exhibe, publicita y se jacta de sus andanzas p\u00fablicas bajo el axioma de lo que no est\u00e1 estrictamente prohibido est\u00e1 t\u00e1citamente permitido.<\/p>\n\n\n\n<p>Pese a las elucubraciones mentales de algunos fan\u00e1ticos cuatrote\u00edstas, Miguel \u00c1ngel Yunes Linares goza de cabal salud pol\u00edtica.<\/p>\n\n\n\n<p>Y su fotograf\u00eda con Juan Manuel Diez Francos es un mensaje. En pol\u00edtica no hay casualidades ni actos fortuitos o espont\u00e1neos.<\/p>\n\n\n\n<p>Un dique m\u00e1s para el senador Julen Rementer\u00eda del Puerto.<\/p>\n\n\n\n<p>En la fiesta interminable, en la borrachera continua del Movimiento de Regeneraci\u00f3n Nacional, donde sus cuadros base y su c\u00fapula dirigente piensan que el poder ser\u00e1 eterno gracias a la t\u00f3mbola armada por Andr\u00e9s Manuel L\u00f3pez Obrador en el sembrado de la bandera de la cuatrote, las cosas marchan en l\u00ednea vertical, nada se mueve sin el consentimiento del inquilino de Palacio Nacional.<\/p>\n\n\n\n<p>Los morenos andan embarbascados, todos quieren entrar a la t\u00f3mbola de la encuesta que abrir\u00e1 la red para contener a quienes se registren el mi\u00e9rcoles 27 y jueves 28 de septiembre, hacia el proceso de las encuestas de reconocimiento, un colador que filtrar\u00e1 el chiquitaje, el ripio o chancaste que dejar\u00e1 al final dos ternas: dos mujeres y dos hombres. Dos f\u00f3rmulas que se reducir\u00e1n, bajo la preferencia encuestada, medida de simpatizantes y militantes encuestados a pie de casa, para dar pie al ganador o ganadora.<\/p>\n\n\n\n<p>La misma pel\u00edcula que vimos en el proceso interno de Morena hacia el bast\u00f3n de mando que entreg\u00f3 AMLO a Sheinbaum en una ceremonia cronicada desde el inicio de los tiempos sucesorios hasta el hartazgo<\/p>\n\n\n\n<p>Aqu\u00ed todo est\u00e1 trazado para que sea la poderosa titular de la Secretar\u00eda de Energ\u00eda Roc\u00edo Nahle Garc\u00eda sea la candidata oficial de la alianza Morena-PVEM-PT al gobierno sucesorio de Cuitl\u00e1huac Garc\u00eda Jim\u00e9nez.<\/p>\n\n\n\n<p>El m\u00e9todo de selecci\u00f3n s\u00f3lo es un paso proselitista de fijaci\u00f3n de imagen p\u00fablica de una decisi\u00f3n tomada de antemano. La estructura del gobierno de Cuitl\u00e1huac Garc\u00eda Jim\u00e9nez trabaja desde el principio para sacar la candidatura; por l\u00f3gica obligada, el triunfo el domingo 2 de junio del 2024, de la zacatecana avecindada en Veracruz.<\/p>\n\n\n\n<p>La oriundez ser\u00e1 el estoque que blandir\u00e1 la oposici\u00f3n en el intento de arrebatarle votos a la coalici\u00f3n partidista donde Morena ser\u00e1 tractor que jale los votos de los programas sociales como los terrones que abrir\u00e1n los surcos para la victoria de Roc\u00edo Nahle Garc\u00eda.<\/p>\n\n\n\n<p>No se escribe de mutuo propio. Lo dicen las proyecciones, las encuestas, sondeos y dem\u00e1s herramientas que predicen el futuro pol\u00edtico inmediato.<\/p>\n\n\n\n<p>Antes de las inscripciones, la pr\u00f3diga sabana mangenta parece encogerse en la formula hacia el Senado, donde se enlista a Manuel Rafael Huerta Ladr\u00f3n de Guevara como cabeza de formula, con una mujer como compa\u00f1era de recorrido proselitista.<\/p>\n\n\n\n<p>Los enterados que se mueven en los pasillos del poder morenista sostienen que Cuitl\u00e1huac Garc\u00eda Jim\u00e9nez levant\u00f3 la mano para acomodar en esa posici\u00f3n a la joven Dorheny Garc\u00eda Cayetano, secretaria de Trabajo, Previsi\u00f3n Social y Productividad del Gobierno del Estado de Veracruz.<\/p>\n\n\n\n<p>La cuesti\u00f3n es que el maestro Zenyazen Escobar Garc\u00eda acaba de postear que se inscribir\u00e1 en la encuesta de Morena hacia la gubernatura; pero si la equidad de genero lo rasura, buscar\u00e1 la casilla del Senador de la Rep\u00fablica.<\/p>\n\n\n\n<p>Como dir\u00eda el cl\u00e1sico de la salsa: no hay cama pa\u00b4tanta gente.<\/p>\n\n\n\n<p>El chiste es lanzar flechas a la luna en busca de un premio de consolaci\u00f3n.<\/p>\n\n\n\n<p>Las semanas venideras ser\u00e1 de calentura pre electoral entre las huestes morenistas.<\/p>\n\n\n\n<p>La t\u00f3mbola es amplia.<\/p>\n\n\n\n<p>La suerte es finita.<\/p>\n\n\n\n<p>columnacarpediem@gmail.com<\/p>\n","protected":false},"excerpt":{"rendered":"<p>Manolo Victorio Carpe Diem La sucesi\u00f3n veracruzana sigue a pie juntillas un guion preestablecido. Actores y actrices morenos se alinean para presentar dos ternas equitativas hacia el camino de las encuestas, no se han dado a conocer encuestadoras espejo a la encuesta madre de Morena ni el universo de la muestra, que deber\u00e1n descorrer un [&hellip;]<\/p>\n","protected":false},"author":2,"featured_media":0,"comment_status":"closed","ping_status":"closed","sticky":false,"template":"","format":"standard","meta":{"tdm_status":"","tdm_grid_status":"","footnotes":""},"categories":[70],"tags":[1563,1026,3578,195],"class_list":{"0":"post-111787","1":"post","2":"type-post","3":"status-publish","4":"format-standard","6":"category-de-opinion","7":"tag-cuitlahuac-garcia-jimenez","8":"tag-morena","9":"tag-rocio-nahle","10":"tag-veracruz"},"yoast_head":"<!-- This site is optimized with the Yoast SEO plugin v27.4 - https:\/\/yoast.com\/product\/yoast-seo-wordpress\/ -->\n<title>SIN SORPRESAS - Los pol\u00edticos Veracruz<\/title>\n<meta name=\"robots\" content=\"index, follow, max-snippet:-1, max-image-preview:large, max-video-preview:-1\" \/>\n<link rel=\"canonical\" href=\"https:\/\/lospoliticosveracruz.com\/?p=111787\" \/>\n<meta property=\"og:locale\" content=\"es_ES\" \/>\n<meta property=\"og:type\" content=\"article\" \/>\n<meta property=\"og:title\" content=\"SIN SORPRESAS - Los pol\u00edticos Veracruz\" \/>\n<meta property=\"og:description\" content=\"Manolo Victorio Carpe Diem La sucesi\u00f3n veracruzana sigue a pie juntillas un guion preestablecido. Actores y actrices morenos se alinean para presentar dos ternas equitativas hacia el camino de las encuestas, no se han dado a conocer encuestadoras espejo a la encuesta madre de Morena ni el universo de la muestra, que deber\u00e1n descorrer un [&hellip;]\" \/>\n<meta property=\"og:url\" content=\"https:\/\/lospoliticosveracruz.com\/?p=111787\" \/>\n<meta property=\"og:site_name\" content=\"Los pol\u00edticos Veracruz\" \/>\n<meta property=\"article:publisher\" content=\"https:\/\/www.facebook.com\/people\/Notimemes-de-los-Polticos\/61565672886568\/\" \/>\n<meta property=\"article:published_time\" content=\"2023-09-20T16:07:57+00:00\" \/>\n<meta property=\"article:modified_time\" content=\"2023-09-20T16:08:10+00:00\" \/>\n<meta property=\"og:image\" content=\"https:\/\/lospoliticosveracruz.com\/wp-content\/uploads\/2016\/07\/Logo-Dor.jpg\" \/>\n\t<meta property=\"og:image:width\" content=\"200\" \/>\n\t<meta property=\"og:image:height\" content=\"200\" \/>\n\t<meta property=\"og:image:type\" content=\"image\/jpeg\" \/>\n<meta name=\"author\" content=\"Lo viste en Los Pol\u00edticos\" \/>\n<meta name=\"twitter:card\" content=\"summary_large_image\" \/>\n<meta name=\"twitter:creator\" content=\"@LosPoliticosVer\" \/>\n<meta name=\"twitter:site\" content=\"@LosPoliticosVer\" \/>\n<meta name=\"twitter:label1\" content=\"Escrito por\" \/>\n\t<meta name=\"twitter:data1\" content=\"Lo viste en Los Pol\u00edticos\" \/>\n\t<meta name=\"twitter:label2\" content=\"Tiempo de lectura\" \/>\n\t<meta name=\"twitter:data2\" content=\"6 minutos\" \/>\n<script type=\"application\/ld+json\" class=\"yoast-schema-graph\">{\"@context\":\"https:\\\/\\\/schema.org\",\"@graph\":[{\"@type\":\"Article\",\"@id\":\"https:\\\/\\\/lospoliticosveracruz.com\\\/?p=111787#article\",\"isPartOf\":{\"@id\":\"https:\\\/\\\/lospoliticosveracruz.com\\\/?p=111787\"},\"author\":{\"name\":\"Lo viste en Los Pol\u00edticos\",\"@id\":\"https:\\\/\\\/lospoliticosveracruz.com\\\/#\\\/schema\\\/person\\\/b8702bb0e538456e6efd07080bf2a4a2\"},\"headline\":\"SIN SORPRESAS\",\"datePublished\":\"2023-09-20T16:07:57+00:00\",\"dateModified\":\"2023-09-20T16:08:10+00:00\",\"mainEntityOfPage\":{\"@id\":\"https:\\\/\\\/lospoliticosveracruz.com\\\/?p=111787\"},\"wordCount\":1107,\"publisher\":{\"@id\":\"https:\\\/\\\/lospoliticosveracruz.com\\\/#organization\"},\"keywords\":[\"Cuitl\u00e1huac Garc\u00eda Jim\u00e9nez\",\"Morena\",\"Roc\u00edo Nahle\",\"Veracruz\"],\"articleSection\":[\"De Opini\u00f3n\"],\"inLanguage\":\"es\"},{\"@type\":\"WebPage\",\"@id\":\"https:\\\/\\\/lospoliticosveracruz.com\\\/?p=111787\",\"url\":\"https:\\\/\\\/lospoliticosveracruz.com\\\/?p=111787\",\"name\":\"SIN SORPRESAS - Los pol\u00edticos Veracruz\",\"isPartOf\":{\"@id\":\"https:\\\/\\\/lospoliticosveracruz.com\\\/#website\"},\"datePublished\":\"2023-09-20T16:07:57+00:00\",\"dateModified\":\"2023-09-20T16:08:10+00:00\",\"breadcrumb\":{\"@id\":\"https:\\\/\\\/lospoliticosveracruz.com\\\/?p=111787#breadcrumb\"},\"inLanguage\":\"es\",\"potentialAction\":[{\"@type\":\"ReadAction\",\"target\":[\"https:\\\/\\\/lospoliticosveracruz.com\\\/?p=111787\"]}]},{\"@type\":\"BreadcrumbList\",\"@id\":\"https:\\\/\\\/lospoliticosveracruz.com\\\/?p=111787#breadcrumb\",\"itemListElement\":[{\"@type\":\"ListItem\",\"position\":1,\"name\":\"Portada\",\"item\":\"https:\\\/\\\/lospoliticosveracruz.com\\\/\"},{\"@type\":\"ListItem\",\"position\":2,\"name\":\"SIN SORPRESAS\"}]},{\"@type\":\"WebSite\",\"@id\":\"https:\\\/\\\/lospoliticosveracruz.com\\\/#website\",\"url\":\"https:\\\/\\\/lospoliticosveracruz.com\\\/\",\"name\":\"Los pol\u00edticos Veracruz\",\"description\":\"\",\"publisher\":{\"@id\":\"https:\\\/\\\/lospoliticosveracruz.com\\\/#organization\"},\"potentialAction\":[{\"@type\":\"SearchAction\",\"target\":{\"@type\":\"EntryPoint\",\"urlTemplate\":\"https:\\\/\\\/lospoliticosveracruz.com\\\/?s={search_term_string}\"},\"query-input\":{\"@type\":\"PropertyValueSpecification\",\"valueRequired\":true,\"valueName\":\"search_term_string\"}}],\"inLanguage\":\"es\"},{\"@type\":\"Organization\",\"@id\":\"https:\\\/\\\/lospoliticosveracruz.com\\\/#organization\",\"name\":\"Los pol\u00edticos Veracruz\",\"url\":\"https:\\\/\\\/lospoliticosveracruz.com\\\/\",\"logo\":{\"@type\":\"ImageObject\",\"inLanguage\":\"es\",\"@id\":\"https:\\\/\\\/lospoliticosveracruz.com\\\/#\\\/schema\\\/logo\\\/image\\\/\",\"url\":\"https:\\\/\\\/lospoliticosveracruz.com\\\/wp-content\\\/uploads\\\/2025\\\/12\\\/Logo-Nuevo-LOS-POLITICOS-1.jpg\",\"contentUrl\":\"https:\\\/\\\/lospoliticosveracruz.com\\\/wp-content\\\/uploads\\\/2025\\\/12\\\/Logo-Nuevo-LOS-POLITICOS-1.jpg\",\"width\":260,\"height\":70,\"caption\":\"Los pol\u00edticos Veracruz\"},\"image\":{\"@id\":\"https:\\\/\\\/lospoliticosveracruz.com\\\/#\\\/schema\\\/logo\\\/image\\\/\"},\"sameAs\":[\"https:\\\/\\\/www.facebook.com\\\/people\\\/Notimemes-de-los-Polticos\\\/61565672886568\\\/\",\"https:\\\/\\\/x.com\\\/LosPoliticosVer\"]},{\"@type\":\"Person\",\"@id\":\"https:\\\/\\\/lospoliticosveracruz.com\\\/#\\\/schema\\\/person\\\/b8702bb0e538456e6efd07080bf2a4a2\",\"name\":\"Lo viste en Los Pol\u00edticos\",\"image\":{\"@type\":\"ImageObject\",\"inLanguage\":\"es\",\"@id\":\"https:\\\/\\\/secure.gravatar.com\\\/avatar\\\/3a8de04a2656d44082be478bd6c086daa447c4651605818287b9532d3d0bd435?s=96&d=mm&r=g\",\"url\":\"https:\\\/\\\/secure.gravatar.com\\\/avatar\\\/3a8de04a2656d44082be478bd6c086daa447c4651605818287b9532d3d0bd435?s=96&d=mm&r=g\",\"contentUrl\":\"https:\\\/\\\/secure.gravatar.com\\\/avatar\\\/3a8de04a2656d44082be478bd6c086daa447c4651605818287b9532d3d0bd435?s=96&d=mm&r=g\",\"caption\":\"Lo viste en Los Pol\u00edticos\"},\"url\":\"https:\\\/\\\/lospoliticosveracruz.com\\\/?author=2\"}]}<\/script>\n<!-- \/ Yoast SEO plugin. -->","yoast_head_json":{"title":"SIN SORPRESAS - Los pol\u00edticos Veracruz","robots":{"index":"index","follow":"follow","max-snippet":"max-snippet:-1","max-image-preview":"max-image-preview:large","max-video-preview":"max-video-preview:-1"},"canonical":"https:\/\/lospoliticosveracruz.com\/?p=111787","og_locale":"es_ES","og_type":"article","og_title":"SIN SORPRESAS - Los pol\u00edticos Veracruz","og_description":"Manolo Victorio Carpe Diem La sucesi\u00f3n veracruzana sigue a pie juntillas un guion preestablecido. Actores y actrices morenos se alinean para presentar dos ternas equitativas hacia el camino de las encuestas, no se han dado a conocer encuestadoras espejo a la encuesta madre de Morena ni el universo de la muestra, que deber\u00e1n descorrer un [&hellip;]","og_url":"https:\/\/lospoliticosveracruz.com\/?p=111787","og_site_name":"Los pol\u00edticos Veracruz","article_publisher":"https:\/\/www.facebook.com\/people\/Notimemes-de-los-Polticos\/61565672886568\/","article_published_time":"2023-09-20T16:07:57+00:00","article_modified_time":"2023-09-20T16:08:10+00:00","og_image":[{"width":200,"height":200,"url":"https:\/\/lospoliticosveracruz.com\/wp-content\/uploads\/2016\/07\/Logo-Dor.jpg","type":"image\/jpeg"}],"author":"Lo viste en Los Pol\u00edticos","twitter_card":"summary_large_image","twitter_creator":"@LosPoliticosVer","twitter_site":"@LosPoliticosVer","twitter_misc":{"Escrito por":"Lo viste en Los Pol\u00edticos","Tiempo de lectura":"6 minutos"},"schema":{"@context":"https:\/\/schema.org","@graph":[{"@type":"Article","@id":"https:\/\/lospoliticosveracruz.com\/?p=111787#article","isPartOf":{"@id":"https:\/\/lospoliticosveracruz.com\/?p=111787"},"author":{"name":"Lo viste en Los Pol\u00edticos","@id":"https:\/\/lospoliticosveracruz.com\/#\/schema\/person\/b8702bb0e538456e6efd07080bf2a4a2"},"headline":"SIN SORPRESAS","datePublished":"2023-09-20T16:07:57+00:00","dateModified":"2023-09-20T16:08:10+00:00","mainEntityOfPage":{"@id":"https:\/\/lospoliticosveracruz.com\/?p=111787"},"wordCount":1107,"publisher":{"@id":"https:\/\/lospoliticosveracruz.com\/#organization"},"keywords":["Cuitl\u00e1huac Garc\u00eda Jim\u00e9nez","Morena","Roc\u00edo Nahle","Veracruz"],"articleSection":["De Opini\u00f3n"],"inLanguage":"es"},{"@type":"WebPage","@id":"https:\/\/lospoliticosveracruz.com\/?p=111787","url":"https:\/\/lospoliticosveracruz.com\/?p=111787","name":"SIN SORPRESAS - Los pol\u00edticos Veracruz","isPartOf":{"@id":"https:\/\/lospoliticosveracruz.com\/#website"},"datePublished":"2023-09-20T16:07:57+00:00","dateModified":"2023-09-20T16:08:10+00:00","breadcrumb":{"@id":"https:\/\/lospoliticosveracruz.com\/?p=111787#breadcrumb"},"inLanguage":"es","potentialAction":[{"@type":"ReadAction","target":["https:\/\/lospoliticosveracruz.com\/?p=111787"]}]},{"@type":"BreadcrumbList","@id":"https:\/\/lospoliticosveracruz.com\/?p=111787#breadcrumb","itemListElement":[{"@type":"ListItem","position":1,"name":"Portada","item":"https:\/\/lospoliticosveracruz.com\/"},{"@type":"ListItem","position":2,"name":"SIN SORPRESAS"}]},{"@type":"WebSite","@id":"https:\/\/lospoliticosveracruz.com\/#website","url":"https:\/\/lospoliticosveracruz.com\/","name":"Los pol\u00edticos Veracruz","description":"","publisher":{"@id":"https:\/\/lospoliticosveracruz.com\/#organization"},"potentialAction":[{"@type":"SearchAction","target":{"@type":"EntryPoint","urlTemplate":"https:\/\/lospoliticosveracruz.com\/?s={search_term_string}"},"query-input":{"@type":"PropertyValueSpecification","valueRequired":true,"valueName":"search_term_string"}}],"inLanguage":"es"},{"@type":"Organization","@id":"https:\/\/lospoliticosveracruz.com\/#organization","name":"Los pol\u00edticos Veracruz","url":"https:\/\/lospoliticosveracruz.com\/","logo":{"@type":"ImageObject","inLanguage":"es","@id":"https:\/\/lospoliticosveracruz.com\/#\/schema\/logo\/image\/","url":"https:\/\/lospoliticosveracruz.com\/wp-content\/uploads\/2025\/12\/Logo-Nuevo-LOS-POLITICOS-1.jpg","contentUrl":"https:\/\/lospoliticosveracruz.com\/wp-content\/uploads\/2025\/12\/Logo-Nuevo-LOS-POLITICOS-1.jpg","width":260,"height":70,"caption":"Los pol\u00edticos Veracruz"},"image":{"@id":"https:\/\/lospoliticosveracruz.com\/#\/schema\/logo\/image\/"},"sameAs":["https:\/\/www.facebook.com\/people\/Notimemes-de-los-Polticos\/61565672886568\/","https:\/\/x.com\/LosPoliticosVer"]},{"@type":"Person","@id":"https:\/\/lospoliticosveracruz.com\/#\/schema\/person\/b8702bb0e538456e6efd07080bf2a4a2","name":"Lo viste en Los Pol\u00edticos","image":{"@type":"ImageObject","inLanguage":"es","@id":"https:\/\/secure.gravatar.com\/avatar\/3a8de04a2656d44082be478bd6c086daa447c4651605818287b9532d3d0bd435?s=96&d=mm&r=g","url":"https:\/\/secure.gravatar.com\/avatar\/3a8de04a2656d44082be478bd6c086daa447c4651605818287b9532d3d0bd435?s=96&d=mm&r=g","contentUrl":"https:\/\/secure.gravatar.com\/avatar\/3a8de04a2656d44082be478bd6c086daa447c4651605818287b9532d3d0bd435?s=96&d=mm&r=g","caption":"Lo viste en Los Pol\u00edticos"},"url":"https:\/\/lospoliticosveracruz.com\/?author=2"}]}},"_links":{"self":[{"href":"https:\/\/lospoliticosveracruz.com\/index.php?rest_route=\/wp\/v2\/posts\/111787","targetHints":{"allow":["GET"]}}],"collection":[{"href":"https:\/\/lospoliticosveracruz.com\/index.php?rest_route=\/wp\/v2\/posts"}],"about":[{"href":"https:\/\/lospoliticosveracruz.com\/index.php?rest_route=\/wp\/v2\/types\/post"}],"author":[{"embeddable":true,"href":"https:\/\/lospoliticosveracruz.com\/index.php?rest_route=\/wp\/v2\/users\/2"}],"replies":[{"embeddable":true,"href":"https:\/\/lospoliticosveracruz.com\/index.php?rest_route=%2Fwp%2Fv2%2Fcomments&post=111787"}],"version-history":[{"count":1,"href":"https:\/\/lospoliticosveracruz.com\/index.php?rest_route=\/wp\/v2\/posts\/111787\/revisions"}],"predecessor-version":[{"id":111788,"href":"https:\/\/lospoliticosveracruz.com\/index.php?rest_route=\/wp\/v2\/posts\/111787\/revisions\/111788"}],"wp:attachment":[{"href":"https:\/\/lospoliticosveracruz.com\/index.php?rest_route=%2Fwp%2Fv2%2Fmedia&parent=111787"}],"wp:term":[{"taxonomy":"category","embeddable":true,"href":"https:\/\/lospoliticosveracruz.com\/index.php?rest_route=%2Fwp%2Fv2%2Fcategories&post=111787"},{"taxonomy":"post_tag","embeddable":true,"href":"https:\/\/lospoliticosveracruz.com\/index.php?rest_route=%2Fwp%2Fv2%2Ftags&post=111787"}],"curies":[{"name":"wp","href":"https:\/\/api.w.org\/{rel}","templated":true}]}}