{"id":111844,"date":"2023-09-21T08:07:50","date_gmt":"2023-09-21T13:07:50","guid":{"rendered":"https:\/\/lospoliticosveracruz.com.mx\/?p=111844"},"modified":"2023-09-21T08:08:21","modified_gmt":"2023-09-21T13:08:21","slug":"en-camara-lenta","status":"publish","type":"post","link":"https:\/\/lospoliticosveracruz.com\/?p=111844","title":{"rendered":"EN C\u00c1MARA LENTA"},"content":{"rendered":"\n<p><strong>Uriel Flores Aguayo<\/strong><\/p>\n\n\n\n<p>Frente a nosotros, ante nuestros ojos, poco a poco va pasando una elecci\u00f3n de Estado. No se puede hablar de que estamos simplemente ante una alerta o de suposiciones. Es realidad concreta. Hay muchas se\u00f1ales. Todo el poder pol\u00edtico al servicio del partido en el poder y la candidata oficial. Desnivelado desde ahora el proceso electoral y en riesgo las elecciones libres. Vivimos una traici\u00f3n profunda y brutal. De la regeneraci\u00f3n a la involuci\u00f3n, hasta la degradaci\u00f3n. Son tiempos peligrosos para la democracia mexicana.<br>Las elecciones presidenciales no ser\u00e1n un d\u00eda de campo, tampoco normales. Se asemejan a una guerra. Nadie puede pensar que se puede participar normalmente. Lo que viene se asemeja a una guerra, electoral pero guerra al fin. Con sus ej\u00e9rcitos con oficiales y tropas; con luchas en campo y cuerpo a cuerpo. Con heridos y ca\u00eddos. No es exageraci\u00f3n ni alarmismo; es la realidad. No estamos ante dem\u00f3cratas. Resultaron fundamentalistas y transnochados, adictos a los cargos y privilegios. No van a ceder f\u00e1cilmente el poder. Har\u00e1n de todo. La \u00fanica manera de revertir esas posturas anacr\u00f3nicas es la m\u00e1s amplia participaci\u00f3n ciudadana. A\u00fan en estas condiciones inequitativas es posible lograr elecciones lo m\u00e1s libres posibles. Depende del \u00e1nimo ciudadano. Dejar el miedo y el fatalismo atr\u00e1s. Hacer de estas elecciones una fiesta contra los abusos de poder y la guerra, la sucia y la negativa. Con colorido y m\u00fasica. Es indispensable que haya incertidumbre electoral como esencia de una elecci\u00f3n democr\u00e1tica. Tambi\u00e9n que se respeten las leyes y las instituciones electorales. M\u00e9xico merece y necesita elecciones libres; que reflejen nuestra pluralidad y actualicen las bases de una sana y potente convivencia nacional.<br>No debe quedarse en deseo que vivamos elecciones libres, es elemental para el desarrollo nacional. Nuestra sociedad se oxigenar\u00e1 y andar\u00e1 en rutas de progreso si se respeta el Estado de Derecho y los poderes p\u00fablicos se asumen como republicanos. Lo faccioso y la prepotencia de poder es lo viejo y lo in\u00fatil. No vale la pena, es regresivo, apostarle a idolatrar y rendir culto a un gobernante, que distorsiona todo y absorbe la energ\u00eda social. Es una pel\u00edcula en blanco y negro ya vista; algo borrosa para hoy. Podr\u00edan avasallar pero no lograr\u00e1n obtener legitimidad. Podr\u00e1n ganar el poder, mantenerse, pero sin beneficio colectivo. Todo eso est\u00e1 por verse.<br>Faltan las entidades federativas, donde todo es m\u00e1s precario y mediocre; donde resurgieron caciques violentos. No se deben perder de vista las acciones de los gobernantes locales, son r\u00fasticos y agresivos. Hay que echarles las luces.<br>Recadito: pasado el estiaje urgen planes y programas para el agua en Xalapa.<\/p>\n","protected":false},"excerpt":{"rendered":"<p>Uriel Flores Aguayo Frente a nosotros, ante nuestros ojos, poco a poco va pasando una elecci\u00f3n de Estado. No se puede hablar de que estamos simplemente ante una alerta o de suposiciones. Es realidad concreta. Hay muchas se\u00f1ales. Todo el poder pol\u00edtico al servicio del partido en el poder y la candidata oficial. Desnivelado desde [&hellip;]<\/p>\n","protected":false},"author":2,"featured_media":0,"comment_status":"closed","ping_status":"closed","sticky":false,"template":"","format":"standard","meta":{"tdm_status":"","tdm_grid_status":"","footnotes":""},"categories":[70],"tags":[618,9627,29150,1026,2552,195],"class_list":{"0":"post-111844","1":"post","2":"type-post","3":"status-publish","4":"format-standard","6":"category-de-opinion","7":"tag-andres-manuel-lopez-obrador","8":"tag-claudia-sheinbaum","9":"tag-eleccion-de-estado","10":"tag-morena","11":"tag-uriel-flores-aguayo","12":"tag-veracruz"},"yoast_head":"<!-- This site is optimized with the Yoast SEO plugin v27.4 - https:\/\/yoast.com\/product\/yoast-seo-wordpress\/ -->\n<title>EN C\u00c1MARA LENTA - Los pol\u00edticos Veracruz<\/title>\n<meta name=\"robots\" content=\"index, follow, max-snippet:-1, max-image-preview:large, max-video-preview:-1\" \/>\n<link rel=\"canonical\" href=\"https:\/\/lospoliticosveracruz.com\/?p=111844\" \/>\n<meta property=\"og:locale\" content=\"es_ES\" \/>\n<meta property=\"og:type\" content=\"article\" \/>\n<meta property=\"og:title\" content=\"EN C\u00c1MARA LENTA - Los pol\u00edticos Veracruz\" \/>\n<meta property=\"og:description\" content=\"Uriel Flores Aguayo Frente a nosotros, ante nuestros ojos, poco a poco va pasando una elecci\u00f3n de Estado. No se puede hablar de que estamos simplemente ante una alerta o de suposiciones. Es realidad concreta. Hay muchas se\u00f1ales. Todo el poder pol\u00edtico al servicio del partido en el poder y la candidata oficial. Desnivelado desde [&hellip;]\" \/>\n<meta property=\"og:url\" content=\"https:\/\/lospoliticosveracruz.com\/?p=111844\" \/>\n<meta property=\"og:site_name\" content=\"Los pol\u00edticos Veracruz\" \/>\n<meta property=\"article:publisher\" content=\"https:\/\/www.facebook.com\/people\/Notimemes-de-los-Polticos\/61565672886568\/\" \/>\n<meta property=\"article:published_time\" content=\"2023-09-21T13:07:50+00:00\" \/>\n<meta property=\"article:modified_time\" content=\"2023-09-21T13:08:21+00:00\" \/>\n<meta property=\"og:image\" content=\"https:\/\/lospoliticosveracruz.com\/wp-content\/uploads\/2016\/07\/Logo-Dor.jpg\" \/>\n\t<meta property=\"og:image:width\" content=\"200\" \/>\n\t<meta property=\"og:image:height\" content=\"200\" \/>\n\t<meta property=\"og:image:type\" content=\"image\/jpeg\" \/>\n<meta name=\"author\" content=\"Lo viste en Los Pol\u00edticos\" \/>\n<meta name=\"twitter:card\" content=\"summary_large_image\" \/>\n<meta name=\"twitter:creator\" content=\"@LosPoliticosVer\" \/>\n<meta name=\"twitter:site\" content=\"@LosPoliticosVer\" \/>\n<meta name=\"twitter:label1\" content=\"Escrito por\" \/>\n\t<meta name=\"twitter:data1\" content=\"Lo viste en Los Pol\u00edticos\" \/>\n\t<meta name=\"twitter:label2\" content=\"Tiempo de lectura\" \/>\n\t<meta name=\"twitter:data2\" content=\"2 minutos\" \/>\n<script type=\"application\/ld+json\" class=\"yoast-schema-graph\">{\"@context\":\"https:\\\/\\\/schema.org\",\"@graph\":[{\"@type\":\"Article\",\"@id\":\"https:\\\/\\\/lospoliticosveracruz.com\\\/?p=111844#article\",\"isPartOf\":{\"@id\":\"https:\\\/\\\/lospoliticosveracruz.com\\\/?p=111844\"},\"author\":{\"name\":\"Lo viste en Los Pol\u00edticos\",\"@id\":\"https:\\\/\\\/lospoliticosveracruz.com\\\/#\\\/schema\\\/person\\\/b8702bb0e538456e6efd07080bf2a4a2\"},\"headline\":\"EN C\u00c1MARA LENTA\",\"datePublished\":\"2023-09-21T13:07:50+00:00\",\"dateModified\":\"2023-09-21T13:08:21+00:00\",\"mainEntityOfPage\":{\"@id\":\"https:\\\/\\\/lospoliticosveracruz.com\\\/?p=111844\"},\"wordCount\":477,\"publisher\":{\"@id\":\"https:\\\/\\\/lospoliticosveracruz.com\\\/#organization\"},\"keywords\":[\"Andr\u00e9s Manuel L\u00f3pez Obrador\",\"Claudia Sheinbaum\",\"Elecci\u00f3n de Estado\",\"Morena\",\"Uriel Flores Aguayo\",\"Veracruz\"],\"articleSection\":[\"De Opini\u00f3n\"],\"inLanguage\":\"es\"},{\"@type\":\"WebPage\",\"@id\":\"https:\\\/\\\/lospoliticosveracruz.com\\\/?p=111844\",\"url\":\"https:\\\/\\\/lospoliticosveracruz.com\\\/?p=111844\",\"name\":\"EN C\u00c1MARA LENTA - Los pol\u00edticos Veracruz\",\"isPartOf\":{\"@id\":\"https:\\\/\\\/lospoliticosveracruz.com\\\/#website\"},\"datePublished\":\"2023-09-21T13:07:50+00:00\",\"dateModified\":\"2023-09-21T13:08:21+00:00\",\"breadcrumb\":{\"@id\":\"https:\\\/\\\/lospoliticosveracruz.com\\\/?p=111844#breadcrumb\"},\"inLanguage\":\"es\",\"potentialAction\":[{\"@type\":\"ReadAction\",\"target\":[\"https:\\\/\\\/lospoliticosveracruz.com\\\/?p=111844\"]}]},{\"@type\":\"BreadcrumbList\",\"@id\":\"https:\\\/\\\/lospoliticosveracruz.com\\\/?p=111844#breadcrumb\",\"itemListElement\":[{\"@type\":\"ListItem\",\"position\":1,\"name\":\"Portada\",\"item\":\"https:\\\/\\\/lospoliticosveracruz.com\\\/\"},{\"@type\":\"ListItem\",\"position\":2,\"name\":\"EN C\u00c1MARA LENTA\"}]},{\"@type\":\"WebSite\",\"@id\":\"https:\\\/\\\/lospoliticosveracruz.com\\\/#website\",\"url\":\"https:\\\/\\\/lospoliticosveracruz.com\\\/\",\"name\":\"Los pol\u00edticos Veracruz\",\"description\":\"\",\"publisher\":{\"@id\":\"https:\\\/\\\/lospoliticosveracruz.com\\\/#organization\"},\"potentialAction\":[{\"@type\":\"SearchAction\",\"target\":{\"@type\":\"EntryPoint\",\"urlTemplate\":\"https:\\\/\\\/lospoliticosveracruz.com\\\/?s={search_term_string}\"},\"query-input\":{\"@type\":\"PropertyValueSpecification\",\"valueRequired\":true,\"valueName\":\"search_term_string\"}}],\"inLanguage\":\"es\"},{\"@type\":\"Organization\",\"@id\":\"https:\\\/\\\/lospoliticosveracruz.com\\\/#organization\",\"name\":\"Los pol\u00edticos Veracruz\",\"url\":\"https:\\\/\\\/lospoliticosveracruz.com\\\/\",\"logo\":{\"@type\":\"ImageObject\",\"inLanguage\":\"es\",\"@id\":\"https:\\\/\\\/lospoliticosveracruz.com\\\/#\\\/schema\\\/logo\\\/image\\\/\",\"url\":\"https:\\\/\\\/lospoliticosveracruz.com\\\/wp-content\\\/uploads\\\/2025\\\/12\\\/Logo-Nuevo-LOS-POLITICOS-1.jpg\",\"contentUrl\":\"https:\\\/\\\/lospoliticosveracruz.com\\\/wp-content\\\/uploads\\\/2025\\\/12\\\/Logo-Nuevo-LOS-POLITICOS-1.jpg\",\"width\":260,\"height\":70,\"caption\":\"Los pol\u00edticos Veracruz\"},\"image\":{\"@id\":\"https:\\\/\\\/lospoliticosveracruz.com\\\/#\\\/schema\\\/logo\\\/image\\\/\"},\"sameAs\":[\"https:\\\/\\\/www.facebook.com\\\/people\\\/Notimemes-de-los-Polticos\\\/61565672886568\\\/\",\"https:\\\/\\\/x.com\\\/LosPoliticosVer\"]},{\"@type\":\"Person\",\"@id\":\"https:\\\/\\\/lospoliticosveracruz.com\\\/#\\\/schema\\\/person\\\/b8702bb0e538456e6efd07080bf2a4a2\",\"name\":\"Lo viste en Los Pol\u00edticos\",\"image\":{\"@type\":\"ImageObject\",\"inLanguage\":\"es\",\"@id\":\"https:\\\/\\\/secure.gravatar.com\\\/avatar\\\/3a8de04a2656d44082be478bd6c086daa447c4651605818287b9532d3d0bd435?s=96&d=mm&r=g\",\"url\":\"https:\\\/\\\/secure.gravatar.com\\\/avatar\\\/3a8de04a2656d44082be478bd6c086daa447c4651605818287b9532d3d0bd435?s=96&d=mm&r=g\",\"contentUrl\":\"https:\\\/\\\/secure.gravatar.com\\\/avatar\\\/3a8de04a2656d44082be478bd6c086daa447c4651605818287b9532d3d0bd435?s=96&d=mm&r=g\",\"caption\":\"Lo viste en Los Pol\u00edticos\"},\"url\":\"https:\\\/\\\/lospoliticosveracruz.com\\\/?author=2\"}]}<\/script>\n<!-- \/ Yoast SEO plugin. -->","yoast_head_json":{"title":"EN C\u00c1MARA LENTA - Los pol\u00edticos Veracruz","robots":{"index":"index","follow":"follow","max-snippet":"max-snippet:-1","max-image-preview":"max-image-preview:large","max-video-preview":"max-video-preview:-1"},"canonical":"https:\/\/lospoliticosveracruz.com\/?p=111844","og_locale":"es_ES","og_type":"article","og_title":"EN C\u00c1MARA LENTA - Los pol\u00edticos Veracruz","og_description":"Uriel Flores Aguayo Frente a nosotros, ante nuestros ojos, poco a poco va pasando una elecci\u00f3n de Estado. No se puede hablar de que estamos simplemente ante una alerta o de suposiciones. Es realidad concreta. Hay muchas se\u00f1ales. Todo el poder pol\u00edtico al servicio del partido en el poder y la candidata oficial. Desnivelado desde [&hellip;]","og_url":"https:\/\/lospoliticosveracruz.com\/?p=111844","og_site_name":"Los pol\u00edticos Veracruz","article_publisher":"https:\/\/www.facebook.com\/people\/Notimemes-de-los-Polticos\/61565672886568\/","article_published_time":"2023-09-21T13:07:50+00:00","article_modified_time":"2023-09-21T13:08:21+00:00","og_image":[{"width":200,"height":200,"url":"https:\/\/lospoliticosveracruz.com\/wp-content\/uploads\/2016\/07\/Logo-Dor.jpg","type":"image\/jpeg"}],"author":"Lo viste en Los Pol\u00edticos","twitter_card":"summary_large_image","twitter_creator":"@LosPoliticosVer","twitter_site":"@LosPoliticosVer","twitter_misc":{"Escrito por":"Lo viste en Los Pol\u00edticos","Tiempo de lectura":"2 minutos"},"schema":{"@context":"https:\/\/schema.org","@graph":[{"@type":"Article","@id":"https:\/\/lospoliticosveracruz.com\/?p=111844#article","isPartOf":{"@id":"https:\/\/lospoliticosveracruz.com\/?p=111844"},"author":{"name":"Lo viste en Los Pol\u00edticos","@id":"https:\/\/lospoliticosveracruz.com\/#\/schema\/person\/b8702bb0e538456e6efd07080bf2a4a2"},"headline":"EN C\u00c1MARA LENTA","datePublished":"2023-09-21T13:07:50+00:00","dateModified":"2023-09-21T13:08:21+00:00","mainEntityOfPage":{"@id":"https:\/\/lospoliticosveracruz.com\/?p=111844"},"wordCount":477,"publisher":{"@id":"https:\/\/lospoliticosveracruz.com\/#organization"},"keywords":["Andr\u00e9s Manuel L\u00f3pez Obrador","Claudia Sheinbaum","Elecci\u00f3n de Estado","Morena","Uriel Flores Aguayo","Veracruz"],"articleSection":["De Opini\u00f3n"],"inLanguage":"es"},{"@type":"WebPage","@id":"https:\/\/lospoliticosveracruz.com\/?p=111844","url":"https:\/\/lospoliticosveracruz.com\/?p=111844","name":"EN C\u00c1MARA LENTA - Los pol\u00edticos Veracruz","isPartOf":{"@id":"https:\/\/lospoliticosveracruz.com\/#website"},"datePublished":"2023-09-21T13:07:50+00:00","dateModified":"2023-09-21T13:08:21+00:00","breadcrumb":{"@id":"https:\/\/lospoliticosveracruz.com\/?p=111844#breadcrumb"},"inLanguage":"es","potentialAction":[{"@type":"ReadAction","target":["https:\/\/lospoliticosveracruz.com\/?p=111844"]}]},{"@type":"BreadcrumbList","@id":"https:\/\/lospoliticosveracruz.com\/?p=111844#breadcrumb","itemListElement":[{"@type":"ListItem","position":1,"name":"Portada","item":"https:\/\/lospoliticosveracruz.com\/"},{"@type":"ListItem","position":2,"name":"EN C\u00c1MARA LENTA"}]},{"@type":"WebSite","@id":"https:\/\/lospoliticosveracruz.com\/#website","url":"https:\/\/lospoliticosveracruz.com\/","name":"Los pol\u00edticos Veracruz","description":"","publisher":{"@id":"https:\/\/lospoliticosveracruz.com\/#organization"},"potentialAction":[{"@type":"SearchAction","target":{"@type":"EntryPoint","urlTemplate":"https:\/\/lospoliticosveracruz.com\/?s={search_term_string}"},"query-input":{"@type":"PropertyValueSpecification","valueRequired":true,"valueName":"search_term_string"}}],"inLanguage":"es"},{"@type":"Organization","@id":"https:\/\/lospoliticosveracruz.com\/#organization","name":"Los pol\u00edticos Veracruz","url":"https:\/\/lospoliticosveracruz.com\/","logo":{"@type":"ImageObject","inLanguage":"es","@id":"https:\/\/lospoliticosveracruz.com\/#\/schema\/logo\/image\/","url":"https:\/\/lospoliticosveracruz.com\/wp-content\/uploads\/2025\/12\/Logo-Nuevo-LOS-POLITICOS-1.jpg","contentUrl":"https:\/\/lospoliticosveracruz.com\/wp-content\/uploads\/2025\/12\/Logo-Nuevo-LOS-POLITICOS-1.jpg","width":260,"height":70,"caption":"Los pol\u00edticos Veracruz"},"image":{"@id":"https:\/\/lospoliticosveracruz.com\/#\/schema\/logo\/image\/"},"sameAs":["https:\/\/www.facebook.com\/people\/Notimemes-de-los-Polticos\/61565672886568\/","https:\/\/x.com\/LosPoliticosVer"]},{"@type":"Person","@id":"https:\/\/lospoliticosveracruz.com\/#\/schema\/person\/b8702bb0e538456e6efd07080bf2a4a2","name":"Lo viste en Los Pol\u00edticos","image":{"@type":"ImageObject","inLanguage":"es","@id":"https:\/\/secure.gravatar.com\/avatar\/3a8de04a2656d44082be478bd6c086daa447c4651605818287b9532d3d0bd435?s=96&d=mm&r=g","url":"https:\/\/secure.gravatar.com\/avatar\/3a8de04a2656d44082be478bd6c086daa447c4651605818287b9532d3d0bd435?s=96&d=mm&r=g","contentUrl":"https:\/\/secure.gravatar.com\/avatar\/3a8de04a2656d44082be478bd6c086daa447c4651605818287b9532d3d0bd435?s=96&d=mm&r=g","caption":"Lo viste en Los Pol\u00edticos"},"url":"https:\/\/lospoliticosveracruz.com\/?author=2"}]}},"_links":{"self":[{"href":"https:\/\/lospoliticosveracruz.com\/index.php?rest_route=\/wp\/v2\/posts\/111844","targetHints":{"allow":["GET"]}}],"collection":[{"href":"https:\/\/lospoliticosveracruz.com\/index.php?rest_route=\/wp\/v2\/posts"}],"about":[{"href":"https:\/\/lospoliticosveracruz.com\/index.php?rest_route=\/wp\/v2\/types\/post"}],"author":[{"embeddable":true,"href":"https:\/\/lospoliticosveracruz.com\/index.php?rest_route=\/wp\/v2\/users\/2"}],"replies":[{"embeddable":true,"href":"https:\/\/lospoliticosveracruz.com\/index.php?rest_route=%2Fwp%2Fv2%2Fcomments&post=111844"}],"version-history":[{"count":1,"href":"https:\/\/lospoliticosveracruz.com\/index.php?rest_route=\/wp\/v2\/posts\/111844\/revisions"}],"predecessor-version":[{"id":111845,"href":"https:\/\/lospoliticosveracruz.com\/index.php?rest_route=\/wp\/v2\/posts\/111844\/revisions\/111845"}],"wp:attachment":[{"href":"https:\/\/lospoliticosveracruz.com\/index.php?rest_route=%2Fwp%2Fv2%2Fmedia&parent=111844"}],"wp:term":[{"taxonomy":"category","embeddable":true,"href":"https:\/\/lospoliticosveracruz.com\/index.php?rest_route=%2Fwp%2Fv2%2Fcategories&post=111844"},{"taxonomy":"post_tag","embeddable":true,"href":"https:\/\/lospoliticosveracruz.com\/index.php?rest_route=%2Fwp%2Fv2%2Ftags&post=111844"}],"curies":[{"name":"wp","href":"https:\/\/api.w.org\/{rel}","templated":true}]}}