{"id":112086,"date":"2023-09-27T08:42:13","date_gmt":"2023-09-27T13:42:13","guid":{"rendered":"https:\/\/lospoliticosveracruz.com.mx\/?p=112086"},"modified":"2023-09-27T08:42:18","modified_gmt":"2023-09-27T13:42:18","slug":"8-incautos","status":"publish","type":"post","link":"https:\/\/lospoliticosveracruz.com\/?p=112086","title":{"rendered":"8 INCAUTOS\u2026"},"content":{"rendered":"\n<p><\/p>\n\n\n\n<p><strong>Bernardo Guti\u00e9rrez Parra<br><\/strong><em>Desde el Caf\u00e9<\/em><\/p>\n\n\n\n<p>Este lunes se registraron Roc\u00edo Nahle, Sergio Guti\u00e9rrez, Eric Cisneros y Manuel Huerta como aspirantes a la Coordinaci\u00f3n Estatal en Defensa de la 4T. Roc\u00edo dijo que va a defender a la 4T por amor a Veracruz. Sergio asegur\u00f3 que el pueblo est\u00e1 con \u00e9l. Eric manifest\u00f3 ser un veracruzano orgulloso de sus ra\u00edces y comprometido con los principios de la 4T y Manuel presumi\u00f3 su amistad de a\u00f1os con el presidente L\u00f3pez Obrador como aval para ganar la contienda interna.<\/p>\n\n\n\n<figure class=\"wp-block-image size-large\"><a href=\"https:\/\/lospoliticosveracruz.com.mx\/wp-content\/uploads\/2016\/07\/Seguro-Julio-Cerecedo-2.jpg\"><img decoding=\"async\" src=\"https:\/\/lospoliticosveracruz.com.mx\/wp-content\/uploads\/2016\/07\/Seguro-Julio-Cerecedo-2-1024x381.jpg\" alt=\"\" class=\"wp-image-105879\"\/><\/a><\/figure>\n\n\n\n<p>Ayer martes se registr\u00f3 el titular de la SEV, Zenyazen Escobar y tambi\u00e9n lo hicieron Citlalli Navarro, directora de Planeaci\u00f3n Aduanera en la Agencia Nacional de Aduanas; el diputado local del PT Ram\u00f3n D\u00edaz; Lucero Navarrete tambi\u00e9n del PT y la diputada federal Claudia Tello, con lo que son nueve y no seis los aspirantes.<\/p>\n\n\n\n<p>Zenyazen, que tiene asegurada una curul en el Senado, se registr\u00f3 nom\u00e1s por disciplinado que es. De arriba le dijeron que lo hiciera para que ayudara a completar la media docena y el funcionario cumpli\u00f3.<\/p>\n\n\n\n<p>De Citlalli, Ram\u00f3n, Lucero y Claudia no me ocupar\u00e9 m\u00e1s simplemente porque son comparsas.<\/p>\n\n\n\n<p>Una vez con su registro, \u00bfqu\u00e9 har\u00e1n los cuatro suspirantes importantes? En teor\u00eda nada que no sea rascarse la barriga, porque tienen prohibido hacer campa\u00f1as o m\u00edtines. Se supone que deber\u00e1n esperar a que en octubre se d\u00e9 a conocer quien gan\u00f3 la encuesta. Pero en la pr\u00e1ctica desarrollar\u00e1n un activismo b\u00e1rbaro. Activismo por dem\u00e1s infructuoso porque la candidatura para Veracruz tiene rato que se decidi\u00f3 en Palacio Nacional.<\/p>\n\n\n\n<p>El problema es que los que van a perder no entienden y se prestan al juego.<\/p>\n\n\n\n<p>Sergio Guti\u00e9rrez est\u00e1 aferrado a una tablita llamada Ad\u00e1n Augusto L\u00f3pez, pero es una tabla endeble. Si por alguna raz\u00f3n Roc\u00edo no va, Sergio dif\u00edcilmente ser\u00e1 el candidato sustituto pues antes que \u00e9l est\u00e1n Manuel Huerta, Zenyazen Escobar y Juan Javier G\u00f3mez Cazar\u00edn, cercanos en afecto al presidente.<\/p>\n\n\n\n<p>Eric Cisneros es el funcionario m\u00e1s rechazado por los veracruzanos, pero est\u00e1 tir\u00e1ndole al sol para ver si le pega a la luna convertida en una curul de preferencia federal. Caso contrario es Manuel Huerta que s\u00ed est\u00e1 en busca de la candidatura porque quiere ser gobernador, tan es as\u00ed que ya le present\u00f3 su renuncia a L\u00f3pez Obrador y el viernes entregar\u00e1 la oficina donde despach\u00f3 como Delegado Federal de los Programas del Bienestar.<\/p>\n\n\n\n<p>A los tres los une un denominador com\u00fan que no es su amor por Veracruz sino la necesidad de obtener fuero al menos por tres a\u00f1os por la cola que tienen para que se las pisen. Sergio deber\u00e1 responder por el derroche de millones de pesos que ha hecho desde hace m\u00e1s de dos a\u00f1os. Eric por sus innumerables violaciones a la ley y abusos de poder. A Manuel Huerta lo persiguen como sombra los se\u00f1alamientos por hostigamiento y presunto abuso sexual.<\/p>\n\n\n\n<p>Es decir, Veracruz podr\u00eda ser gobernado por un diputado federal por el Estado de M\u00e9xico nacido en Minatitl\u00e1n pero que ten\u00eda lustros sin pararse por la entidad. Por un funcionario detestado por los veracruzanos o por un presunto violador.<\/p>\n\n\n\n<p>Futa\u2026<\/p>\n\n\n\n<p>Con Roc\u00edo Nahle es otro rollo. Apapachada por el presidente L\u00f3pez Obrador y el gobernador Cuitl\u00e1huac Garc\u00eda con todo lo que estos apoyos conllevan, a la zacatecana le faltar\u00eda un detalle para sentarse en la silla que hoy ocupa Cuitl\u00e1huac: que los veracruzanos voten por ella en bola el pr\u00f3ximo 2 de junio.<\/p>\n\n\n\n<p>Nom\u00e1s con eso, la armar\u00e1 la se\u00f1ora.<\/p>\n\n\n\n<p><strong>Comienza a destaparse la cloaca<\/strong><\/p>\n\n\n\n<p>Este martes el l\u00edder estatal del PRI, Marlon Ram\u00edrez Mar\u00edn, cumpli\u00f3 su palabra y dio a conocer el primero de varios casos de corrupci\u00f3n y desv\u00edo de recursos en el gobierno de la 4T. Lo que descubri\u00f3 el tambi\u00e9n legislador jarocho, es algo que en el argot judicial se conoce como delincuencia organizada y en el que estar\u00edan involucradas al menos 18 dependencias estatales. Solo en la Secretar\u00eda de Salud, se detectaron anomal\u00edas que superan los mil 500 millones de pesos.<\/p>\n\n\n\n<p>\u201cEsto para m\u00ed adquiere caracter\u00edsticas de presunta delincuencia organizada, hay un claro desv\u00edo de recursos y una omisi\u00f3n de un deber legal, el difunto exsecretario de Salud Gerardo D\u00edaz Morales, me ofreci\u00f3 que de manera conjunta acudi\u00e9ramos a estas instancias, a la Fiscal\u00eda General, a la Fiscal\u00eda General de la Rep\u00fablica\u201d, dijo en conferencia de prensa.<\/p>\n\n\n\n<p>Ram\u00edrez Mar\u00edn enfatiz\u00f3 que cuando lleg\u00f3 a la dirigencia del PRI y al Congreso Local, \u201csiempre nos comprometimos a hablar con sustento, con documentos, con pruebas, como se hace hoy; son documentos p\u00fablicos que est\u00e1n al alcance de todos. As\u00ed est\u00e1 Salud, en la siguiente entrega hablaremos de otra dependencia\u201d.<\/p>\n\n\n\n<p>Y a rengl\u00f3n seguido agreg\u00f3: \u201cHay una colusi\u00f3n de personas f\u00edsicas, compiten entre ellos para obtener beneficios, se supone que esa era una pr\u00e1ctica que iban a desterrar. \u00bfLes parece que entregarle la responsabilidad de mantener los aparatos para darle servicio b\u00e1sico m\u00e9dico a quienes tuvieron Covid durante la pandemia, a personas f\u00edsicas es una pr\u00e1ctica correcta?<\/p>\n\n\n\n<p>En este sentido, detall\u00f3 que en SESVER hay 50 empresas de reciente creaci\u00f3n en el per\u00edodo 2019 a 2022 en colusi\u00f3n con otras empresas por medio de representantes legales; 160 contratos de 2019 a 2022 por un monto de 1,087.1 mdp, de los cuales 94 contratos fueron por adjudicaci\u00f3n directa por un monto de 315.3 mdp, y 66 contratos fueron por invitaci\u00f3n por un monto de 771.8 mdp. Hay 190 contratos por igual n\u00famero de personas f\u00edsicas por 506.3 mdp; 44 personas f\u00edsicas son beneficiarias de programas sociales con una asignaci\u00f3n 122.8 mdp y empleados de Gobierno Estatal cuando se asignaron contratos.<\/p>\n\n\n\n<p>Ejemplific\u00f3 algunos casos como el de: Bety Torres Hern\u00e1ndez, de 23 a\u00f1os de edad, empleada de SESVER, a quien se le dio un contrato por Mil 092 millones, 799 mil pesos; a Misael Carmona Medina, de 24 a\u00f1os, beneficiario de J\u00f3venes Construyendo el Futuro, con 22.9 millones de pesos en contratos. Se trata de m\u00e1s casos como el de Araly Rodr\u00edguez Vez, la empleada de la SEV con contratos de hasta 100 millones de pesos, caso que no se ha esclarecido.<\/p>\n\n\n\n<p>Marlon Ram\u00edrez dijo que con estos m\u00e1s de mil quinientos millones de pesos en la Secretar\u00eda de Salud, se hubiera podido construir una cl\u00ednica en Chinameca, otra en San Sebasti\u00e1n, otra en Jalapilla o en la zona de Orizaba; se hubiera podido construir el Hospital de Cardiolog\u00eda del Puerto de Veracruz, haber dotado de mantenimiento y servicios al Hospital Luis F. Nach\u00f3n, al Hospital de Cancerolog\u00eda, reparar el elevador del Hospital Infantil en el puerto de Veracruz, que se les ha ca\u00eddo tres veces o comprar toda la medicina posible para el estado.<\/p>\n\n\n\n<p>\u201cQuiz\u00e1 esto explica por qu\u00e9 hay m\u00e1s de 17 mil bardas pintadas y miles de espectaculares en todo el estado\u201d ironiz\u00f3 Marlon, que en su conferencia de ayer martes, comenz\u00f3 a levantar la tapa de la cloaca. Una cloaca multimillonaria en desv\u00edo de recursos hecha por un gobierno que prometi\u00f3 que no ser\u00eda como los de antes.<\/p>\n\n\n\n<p>bernardogup@hotmail.com<\/p>\n","protected":false},"excerpt":{"rendered":"<p>Bernardo Guti\u00e9rrez ParraDesde el Caf\u00e9 Este lunes se registraron Roc\u00edo Nahle, Sergio Guti\u00e9rrez, Eric Cisneros y Manuel Huerta como aspirantes a la Coordinaci\u00f3n Estatal en Defensa de la 4T. Roc\u00edo dijo que va a defender a la 4T por amor a Veracruz. Sergio asegur\u00f3 que el pueblo est\u00e1 con \u00e9l. Eric manifest\u00f3 ser un veracruzano [&hellip;]<\/p>\n","protected":false},"author":2,"featured_media":0,"comment_status":"closed","ping_status":"closed","sticky":false,"template":"","format":"standard","meta":{"tdm_status":"","tdm_grid_status":"","footnotes":""},"categories":[70],"tags":[34206,12686,10317,30135,3578,28349,88],"class_list":{"0":"post-112086","1":"post","2":"type-post","3":"status-publish","4":"format-standard","6":"category-de-opinion","7":"tag-bernardo-gutierrez-parra","8":"tag-eric-cisneros","9":"tag-manuel-huerta","10":"tag-ramon-diaz","11":"tag-rocio-nahle","12":"tag-sergio-gutierrez","13":"tag-sev"},"yoast_head":"<!-- This site is optimized with the Yoast SEO plugin v27.4 - https:\/\/yoast.com\/product\/yoast-seo-wordpress\/ -->\n<title>8 INCAUTOS\u2026 - Los pol\u00edticos Veracruz<\/title>\n<meta name=\"robots\" content=\"index, follow, max-snippet:-1, max-image-preview:large, max-video-preview:-1\" \/>\n<link rel=\"canonical\" href=\"https:\/\/lospoliticosveracruz.com\/?p=112086\" \/>\n<meta property=\"og:locale\" content=\"es_ES\" \/>\n<meta property=\"og:type\" content=\"article\" \/>\n<meta property=\"og:title\" content=\"8 INCAUTOS\u2026 - Los pol\u00edticos Veracruz\" \/>\n<meta property=\"og:description\" content=\"Bernardo Guti\u00e9rrez ParraDesde el Caf\u00e9 Este lunes se registraron Roc\u00edo Nahle, Sergio Guti\u00e9rrez, Eric Cisneros y Manuel Huerta como aspirantes a la Coordinaci\u00f3n Estatal en Defensa de la 4T. Roc\u00edo dijo que va a defender a la 4T por amor a Veracruz. Sergio asegur\u00f3 que el pueblo est\u00e1 con \u00e9l. Eric manifest\u00f3 ser un veracruzano [&hellip;]\" \/>\n<meta property=\"og:url\" content=\"https:\/\/lospoliticosveracruz.com\/?p=112086\" \/>\n<meta property=\"og:site_name\" content=\"Los pol\u00edticos Veracruz\" \/>\n<meta property=\"article:publisher\" content=\"https:\/\/www.facebook.com\/people\/Notimemes-de-los-Polticos\/61565672886568\/\" \/>\n<meta property=\"article:published_time\" content=\"2023-09-27T13:42:13+00:00\" \/>\n<meta property=\"article:modified_time\" content=\"2023-09-27T13:42:18+00:00\" \/>\n<meta property=\"og:image\" content=\"https:\/\/lospoliticosveracruz.com.mx\/wp-content\/uploads\/2016\/07\/Seguro-Julio-Cerecedo-2-1024x381.jpg\" \/>\n<meta name=\"author\" content=\"Lo viste en Los Pol\u00edticos\" \/>\n<meta name=\"twitter:card\" content=\"summary_large_image\" \/>\n<meta name=\"twitter:creator\" content=\"@LosPoliticosVer\" \/>\n<meta name=\"twitter:site\" content=\"@LosPoliticosVer\" \/>\n<meta name=\"twitter:label1\" content=\"Escrito por\" \/>\n\t<meta name=\"twitter:data1\" content=\"Lo viste en Los Pol\u00edticos\" \/>\n\t<meta name=\"twitter:label2\" content=\"Tiempo de lectura\" \/>\n\t<meta name=\"twitter:data2\" content=\"6 minutos\" \/>\n<script type=\"application\/ld+json\" class=\"yoast-schema-graph\">{\"@context\":\"https:\\\/\\\/schema.org\",\"@graph\":[{\"@type\":\"Article\",\"@id\":\"https:\\\/\\\/lospoliticosveracruz.com\\\/?p=112086#article\",\"isPartOf\":{\"@id\":\"https:\\\/\\\/lospoliticosveracruz.com\\\/?p=112086\"},\"author\":{\"name\":\"Lo viste en Los Pol\u00edticos\",\"@id\":\"https:\\\/\\\/lospoliticosveracruz.com\\\/#\\\/schema\\\/person\\\/b8702bb0e538456e6efd07080bf2a4a2\"},\"headline\":\"8 INCAUTOS\u2026\",\"datePublished\":\"2023-09-27T13:42:13+00:00\",\"dateModified\":\"2023-09-27T13:42:18+00:00\",\"mainEntityOfPage\":{\"@id\":\"https:\\\/\\\/lospoliticosveracruz.com\\\/?p=112086\"},\"wordCount\":1253,\"publisher\":{\"@id\":\"https:\\\/\\\/lospoliticosveracruz.com\\\/#organization\"},\"image\":{\"@id\":\"https:\\\/\\\/lospoliticosveracruz.com\\\/?p=112086#primaryimage\"},\"thumbnailUrl\":\"https:\\\/\\\/lospoliticosveracruz.com.mx\\\/wp-content\\\/uploads\\\/2016\\\/07\\\/Seguro-Julio-Cerecedo-2-1024x381.jpg\",\"keywords\":[\"Bernardo Guti\u00e9rrez Parra\",\"Eric Cisneros\",\"Manuel Huerta\",\"Ram\u00f3n D\u00edaz\",\"Roc\u00edo Nahle\",\"Sergio Guti\u00e9rrez\",\"SEV\"],\"articleSection\":[\"De Opini\u00f3n\"],\"inLanguage\":\"es\"},{\"@type\":\"WebPage\",\"@id\":\"https:\\\/\\\/lospoliticosveracruz.com\\\/?p=112086\",\"url\":\"https:\\\/\\\/lospoliticosveracruz.com\\\/?p=112086\",\"name\":\"8 INCAUTOS\u2026 - Los pol\u00edticos Veracruz\",\"isPartOf\":{\"@id\":\"https:\\\/\\\/lospoliticosveracruz.com\\\/#website\"},\"primaryImageOfPage\":{\"@id\":\"https:\\\/\\\/lospoliticosveracruz.com\\\/?p=112086#primaryimage\"},\"image\":{\"@id\":\"https:\\\/\\\/lospoliticosveracruz.com\\\/?p=112086#primaryimage\"},\"thumbnailUrl\":\"https:\\\/\\\/lospoliticosveracruz.com.mx\\\/wp-content\\\/uploads\\\/2016\\\/07\\\/Seguro-Julio-Cerecedo-2-1024x381.jpg\",\"datePublished\":\"2023-09-27T13:42:13+00:00\",\"dateModified\":\"2023-09-27T13:42:18+00:00\",\"breadcrumb\":{\"@id\":\"https:\\\/\\\/lospoliticosveracruz.com\\\/?p=112086#breadcrumb\"},\"inLanguage\":\"es\",\"potentialAction\":[{\"@type\":\"ReadAction\",\"target\":[\"https:\\\/\\\/lospoliticosveracruz.com\\\/?p=112086\"]}]},{\"@type\":\"ImageObject\",\"inLanguage\":\"es\",\"@id\":\"https:\\\/\\\/lospoliticosveracruz.com\\\/?p=112086#primaryimage\",\"url\":\"https:\\\/\\\/lospoliticosveracruz.com.mx\\\/wp-content\\\/uploads\\\/2016\\\/07\\\/Seguro-Julio-Cerecedo-2-1024x381.jpg\",\"contentUrl\":\"https:\\\/\\\/lospoliticosveracruz.com.mx\\\/wp-content\\\/uploads\\\/2016\\\/07\\\/Seguro-Julio-Cerecedo-2-1024x381.jpg\"},{\"@type\":\"BreadcrumbList\",\"@id\":\"https:\\\/\\\/lospoliticosveracruz.com\\\/?p=112086#breadcrumb\",\"itemListElement\":[{\"@type\":\"ListItem\",\"position\":1,\"name\":\"Portada\",\"item\":\"https:\\\/\\\/lospoliticosveracruz.com\\\/\"},{\"@type\":\"ListItem\",\"position\":2,\"name\":\"8 INCAUTOS\u2026\"}]},{\"@type\":\"WebSite\",\"@id\":\"https:\\\/\\\/lospoliticosveracruz.com\\\/#website\",\"url\":\"https:\\\/\\\/lospoliticosveracruz.com\\\/\",\"name\":\"Los pol\u00edticos Veracruz\",\"description\":\"\",\"publisher\":{\"@id\":\"https:\\\/\\\/lospoliticosveracruz.com\\\/#organization\"},\"potentialAction\":[{\"@type\":\"SearchAction\",\"target\":{\"@type\":\"EntryPoint\",\"urlTemplate\":\"https:\\\/\\\/lospoliticosveracruz.com\\\/?s={search_term_string}\"},\"query-input\":{\"@type\":\"PropertyValueSpecification\",\"valueRequired\":true,\"valueName\":\"search_term_string\"}}],\"inLanguage\":\"es\"},{\"@type\":\"Organization\",\"@id\":\"https:\\\/\\\/lospoliticosveracruz.com\\\/#organization\",\"name\":\"Los pol\u00edticos Veracruz\",\"url\":\"https:\\\/\\\/lospoliticosveracruz.com\\\/\",\"logo\":{\"@type\":\"ImageObject\",\"inLanguage\":\"es\",\"@id\":\"https:\\\/\\\/lospoliticosveracruz.com\\\/#\\\/schema\\\/logo\\\/image\\\/\",\"url\":\"https:\\\/\\\/lospoliticosveracruz.com\\\/wp-content\\\/uploads\\\/2025\\\/12\\\/Logo-Nuevo-LOS-POLITICOS-1.jpg\",\"contentUrl\":\"https:\\\/\\\/lospoliticosveracruz.com\\\/wp-content\\\/uploads\\\/2025\\\/12\\\/Logo-Nuevo-LOS-POLITICOS-1.jpg\",\"width\":260,\"height\":70,\"caption\":\"Los pol\u00edticos Veracruz\"},\"image\":{\"@id\":\"https:\\\/\\\/lospoliticosveracruz.com\\\/#\\\/schema\\\/logo\\\/image\\\/\"},\"sameAs\":[\"https:\\\/\\\/www.facebook.com\\\/people\\\/Notimemes-de-los-Polticos\\\/61565672886568\\\/\",\"https:\\\/\\\/x.com\\\/LosPoliticosVer\"]},{\"@type\":\"Person\",\"@id\":\"https:\\\/\\\/lospoliticosveracruz.com\\\/#\\\/schema\\\/person\\\/b8702bb0e538456e6efd07080bf2a4a2\",\"name\":\"Lo viste en Los Pol\u00edticos\",\"image\":{\"@type\":\"ImageObject\",\"inLanguage\":\"es\",\"@id\":\"https:\\\/\\\/secure.gravatar.com\\\/avatar\\\/3a8de04a2656d44082be478bd6c086daa447c4651605818287b9532d3d0bd435?s=96&d=mm&r=g\",\"url\":\"https:\\\/\\\/secure.gravatar.com\\\/avatar\\\/3a8de04a2656d44082be478bd6c086daa447c4651605818287b9532d3d0bd435?s=96&d=mm&r=g\",\"contentUrl\":\"https:\\\/\\\/secure.gravatar.com\\\/avatar\\\/3a8de04a2656d44082be478bd6c086daa447c4651605818287b9532d3d0bd435?s=96&d=mm&r=g\",\"caption\":\"Lo viste en Los Pol\u00edticos\"},\"url\":\"https:\\\/\\\/lospoliticosveracruz.com\\\/?author=2\"}]}<\/script>\n<!-- \/ Yoast SEO plugin. -->","yoast_head_json":{"title":"8 INCAUTOS\u2026 - Los pol\u00edticos Veracruz","robots":{"index":"index","follow":"follow","max-snippet":"max-snippet:-1","max-image-preview":"max-image-preview:large","max-video-preview":"max-video-preview:-1"},"canonical":"https:\/\/lospoliticosveracruz.com\/?p=112086","og_locale":"es_ES","og_type":"article","og_title":"8 INCAUTOS\u2026 - Los pol\u00edticos Veracruz","og_description":"Bernardo Guti\u00e9rrez ParraDesde el Caf\u00e9 Este lunes se registraron Roc\u00edo Nahle, Sergio Guti\u00e9rrez, Eric Cisneros y Manuel Huerta como aspirantes a la Coordinaci\u00f3n Estatal en Defensa de la 4T. Roc\u00edo dijo que va a defender a la 4T por amor a Veracruz. Sergio asegur\u00f3 que el pueblo est\u00e1 con \u00e9l. Eric manifest\u00f3 ser un veracruzano [&hellip;]","og_url":"https:\/\/lospoliticosveracruz.com\/?p=112086","og_site_name":"Los pol\u00edticos Veracruz","article_publisher":"https:\/\/www.facebook.com\/people\/Notimemes-de-los-Polticos\/61565672886568\/","article_published_time":"2023-09-27T13:42:13+00:00","article_modified_time":"2023-09-27T13:42:18+00:00","og_image":[{"url":"https:\/\/lospoliticosveracruz.com.mx\/wp-content\/uploads\/2016\/07\/Seguro-Julio-Cerecedo-2-1024x381.jpg","type":"","width":"","height":""}],"author":"Lo viste en Los Pol\u00edticos","twitter_card":"summary_large_image","twitter_creator":"@LosPoliticosVer","twitter_site":"@LosPoliticosVer","twitter_misc":{"Escrito por":"Lo viste en Los Pol\u00edticos","Tiempo de lectura":"6 minutos"},"schema":{"@context":"https:\/\/schema.org","@graph":[{"@type":"Article","@id":"https:\/\/lospoliticosveracruz.com\/?p=112086#article","isPartOf":{"@id":"https:\/\/lospoliticosveracruz.com\/?p=112086"},"author":{"name":"Lo viste en Los Pol\u00edticos","@id":"https:\/\/lospoliticosveracruz.com\/#\/schema\/person\/b8702bb0e538456e6efd07080bf2a4a2"},"headline":"8 INCAUTOS\u2026","datePublished":"2023-09-27T13:42:13+00:00","dateModified":"2023-09-27T13:42:18+00:00","mainEntityOfPage":{"@id":"https:\/\/lospoliticosveracruz.com\/?p=112086"},"wordCount":1253,"publisher":{"@id":"https:\/\/lospoliticosveracruz.com\/#organization"},"image":{"@id":"https:\/\/lospoliticosveracruz.com\/?p=112086#primaryimage"},"thumbnailUrl":"https:\/\/lospoliticosveracruz.com.mx\/wp-content\/uploads\/2016\/07\/Seguro-Julio-Cerecedo-2-1024x381.jpg","keywords":["Bernardo Guti\u00e9rrez Parra","Eric Cisneros","Manuel Huerta","Ram\u00f3n D\u00edaz","Roc\u00edo Nahle","Sergio Guti\u00e9rrez","SEV"],"articleSection":["De Opini\u00f3n"],"inLanguage":"es"},{"@type":"WebPage","@id":"https:\/\/lospoliticosveracruz.com\/?p=112086","url":"https:\/\/lospoliticosveracruz.com\/?p=112086","name":"8 INCAUTOS\u2026 - Los pol\u00edticos Veracruz","isPartOf":{"@id":"https:\/\/lospoliticosveracruz.com\/#website"},"primaryImageOfPage":{"@id":"https:\/\/lospoliticosveracruz.com\/?p=112086#primaryimage"},"image":{"@id":"https:\/\/lospoliticosveracruz.com\/?p=112086#primaryimage"},"thumbnailUrl":"https:\/\/lospoliticosveracruz.com.mx\/wp-content\/uploads\/2016\/07\/Seguro-Julio-Cerecedo-2-1024x381.jpg","datePublished":"2023-09-27T13:42:13+00:00","dateModified":"2023-09-27T13:42:18+00:00","breadcrumb":{"@id":"https:\/\/lospoliticosveracruz.com\/?p=112086#breadcrumb"},"inLanguage":"es","potentialAction":[{"@type":"ReadAction","target":["https:\/\/lospoliticosveracruz.com\/?p=112086"]}]},{"@type":"ImageObject","inLanguage":"es","@id":"https:\/\/lospoliticosveracruz.com\/?p=112086#primaryimage","url":"https:\/\/lospoliticosveracruz.com.mx\/wp-content\/uploads\/2016\/07\/Seguro-Julio-Cerecedo-2-1024x381.jpg","contentUrl":"https:\/\/lospoliticosveracruz.com.mx\/wp-content\/uploads\/2016\/07\/Seguro-Julio-Cerecedo-2-1024x381.jpg"},{"@type":"BreadcrumbList","@id":"https:\/\/lospoliticosveracruz.com\/?p=112086#breadcrumb","itemListElement":[{"@type":"ListItem","position":1,"name":"Portada","item":"https:\/\/lospoliticosveracruz.com\/"},{"@type":"ListItem","position":2,"name":"8 INCAUTOS\u2026"}]},{"@type":"WebSite","@id":"https:\/\/lospoliticosveracruz.com\/#website","url":"https:\/\/lospoliticosveracruz.com\/","name":"Los pol\u00edticos Veracruz","description":"","publisher":{"@id":"https:\/\/lospoliticosveracruz.com\/#organization"},"potentialAction":[{"@type":"SearchAction","target":{"@type":"EntryPoint","urlTemplate":"https:\/\/lospoliticosveracruz.com\/?s={search_term_string}"},"query-input":{"@type":"PropertyValueSpecification","valueRequired":true,"valueName":"search_term_string"}}],"inLanguage":"es"},{"@type":"Organization","@id":"https:\/\/lospoliticosveracruz.com\/#organization","name":"Los pol\u00edticos Veracruz","url":"https:\/\/lospoliticosveracruz.com\/","logo":{"@type":"ImageObject","inLanguage":"es","@id":"https:\/\/lospoliticosveracruz.com\/#\/schema\/logo\/image\/","url":"https:\/\/lospoliticosveracruz.com\/wp-content\/uploads\/2025\/12\/Logo-Nuevo-LOS-POLITICOS-1.jpg","contentUrl":"https:\/\/lospoliticosveracruz.com\/wp-content\/uploads\/2025\/12\/Logo-Nuevo-LOS-POLITICOS-1.jpg","width":260,"height":70,"caption":"Los pol\u00edticos Veracruz"},"image":{"@id":"https:\/\/lospoliticosveracruz.com\/#\/schema\/logo\/image\/"},"sameAs":["https:\/\/www.facebook.com\/people\/Notimemes-de-los-Polticos\/61565672886568\/","https:\/\/x.com\/LosPoliticosVer"]},{"@type":"Person","@id":"https:\/\/lospoliticosveracruz.com\/#\/schema\/person\/b8702bb0e538456e6efd07080bf2a4a2","name":"Lo viste en Los Pol\u00edticos","image":{"@type":"ImageObject","inLanguage":"es","@id":"https:\/\/secure.gravatar.com\/avatar\/3a8de04a2656d44082be478bd6c086daa447c4651605818287b9532d3d0bd435?s=96&d=mm&r=g","url":"https:\/\/secure.gravatar.com\/avatar\/3a8de04a2656d44082be478bd6c086daa447c4651605818287b9532d3d0bd435?s=96&d=mm&r=g","contentUrl":"https:\/\/secure.gravatar.com\/avatar\/3a8de04a2656d44082be478bd6c086daa447c4651605818287b9532d3d0bd435?s=96&d=mm&r=g","caption":"Lo viste en Los Pol\u00edticos"},"url":"https:\/\/lospoliticosveracruz.com\/?author=2"}]}},"_links":{"self":[{"href":"https:\/\/lospoliticosveracruz.com\/index.php?rest_route=\/wp\/v2\/posts\/112086","targetHints":{"allow":["GET"]}}],"collection":[{"href":"https:\/\/lospoliticosveracruz.com\/index.php?rest_route=\/wp\/v2\/posts"}],"about":[{"href":"https:\/\/lospoliticosveracruz.com\/index.php?rest_route=\/wp\/v2\/types\/post"}],"author":[{"embeddable":true,"href":"https:\/\/lospoliticosveracruz.com\/index.php?rest_route=\/wp\/v2\/users\/2"}],"replies":[{"embeddable":true,"href":"https:\/\/lospoliticosveracruz.com\/index.php?rest_route=%2Fwp%2Fv2%2Fcomments&post=112086"}],"version-history":[{"count":1,"href":"https:\/\/lospoliticosveracruz.com\/index.php?rest_route=\/wp\/v2\/posts\/112086\/revisions"}],"predecessor-version":[{"id":112087,"href":"https:\/\/lospoliticosveracruz.com\/index.php?rest_route=\/wp\/v2\/posts\/112086\/revisions\/112087"}],"wp:attachment":[{"href":"https:\/\/lospoliticosveracruz.com\/index.php?rest_route=%2Fwp%2Fv2%2Fmedia&parent=112086"}],"wp:term":[{"taxonomy":"category","embeddable":true,"href":"https:\/\/lospoliticosveracruz.com\/index.php?rest_route=%2Fwp%2Fv2%2Fcategories&post=112086"},{"taxonomy":"post_tag","embeddable":true,"href":"https:\/\/lospoliticosveracruz.com\/index.php?rest_route=%2Fwp%2Fv2%2Ftags&post=112086"}],"curies":[{"name":"wp","href":"https:\/\/api.w.org\/{rel}","templated":true}]}}