{"id":112088,"date":"2023-09-27T08:48:11","date_gmt":"2023-09-27T13:48:11","guid":{"rendered":"https:\/\/lospoliticosveracruz.com.mx\/?p=112088"},"modified":"2023-09-27T09:13:16","modified_gmt":"2023-09-27T14:13:16","slug":"si-puedeser-gobernadora-de-zacatecas","status":"publish","type":"post","link":"https:\/\/lospoliticosveracruz.com\/?p=112088","title":{"rendered":"S\u00cd PUEDE SER GOBERNADORA\u2026 DE ZACATECAS"},"content":{"rendered":"\n<p><strong>Omar Z\u00fa\u00f1iga<br><\/strong><em>De Primera Mano<\/em><\/p>\n\n\n\n<p>En este mismo espacio el lunes pasado, le comentamos que el diputado minatitleco y aspirante a la candidatura al gobierno de Veracruz Sergio Guti\u00e9rrez Luna, est\u00e1 consciente de que no hay piso parejo a nivel local en Morena para llevar cabo el proceso interno de selecci\u00f3n, pero lo que hizo Esteban Ram\u00edrez Zepeta, quien encabeza ese partido en Veracruz, con Roc\u00edo Nahle en su registro, hizo sonrojar hasta al m\u00e1s rancio priista de la \u00e9poca de Luis Echeverr\u00eda (no, no es AMLO), con la fiesta que le armaron y no, tampoco se le olvidaron los payasos, ah\u00ed estaba todos.<\/p>\n\n\n\n<figure class=\"wp-block-embed is-type-video is-provider-youtube wp-block-embed-youtube wp-embed-aspect-16-9 wp-has-aspect-ratio\"><div class=\"wp-block-embed__wrapper\">\n<iframe loading=\"lazy\" title=\"Cluster Coworking\" width=\"696\" height=\"392\" src=\"https:\/\/www.youtube.com\/embed\/Nxe-vxf8GuY?feature=oembed\" frameborder=\"0\" allow=\"accelerometer; autoplay; clipboard-write; encrypted-media; gyroscope; picture-in-picture; web-share\" referrerpolicy=\"strict-origin-when-cross-origin\" allowfullscreen><\/iframe>\n<\/div><\/figure>\n\n\n\n<p><br>Por si eso fuera poco, el abogado constitucionalista Fidel Ord\u00f3\u00f1ez, nos enumera y argumenta una serie de razones Constitucionales por las que, la oriunda de Zacatecas Roc\u00edo Nahle, no puede ser legalmente gobernadora de Veracruz.<br>En principio, la raz\u00f3n obedece a la tradici\u00f3n Constitucional y al esp\u00edritu del Legislador del Estado de Veracruz, es decir, que desde la Constituci\u00f3n que fue promulgada el 16 de septiembre de 1917, en su Art\u00edculo 83 fracci\u00f3n I, dec\u00eda que el primer requisito para ser Gobernador, era ser ciudadano Veracruzano, nativo del Estado en ejercicio de sus derechos y con residencia efectiva en Veracruz no menor a cinco a\u00f1os anteriores a la fecha de la elecci\u00f3n.<br>En segundo t\u00e9rmino, esa misma Constituci\u00f3n defin\u00eda en su Art\u00edculo 13, que los Veracruzanos por nacimiento son aquellos nacidos en el territorio del Estado, o que fueran hijos de padre o madre Veracruzanos y que hubieren nacido \u00abaccidentalmente\u00bb fuera del Estado de Veracruz, pero dentro del Territorio Nacional.<br>Pero en el punto 3, argumenta que ya en la Constituci\u00f3n Veracruzana vigente, que fue promulgada el 3 de febrero del a\u00f1o 2000, define en su Art\u00edculo 11, que son Veracruzanos los nacidos en el Territorio del Estado; y, los hijos de padre y madre Veracruzanos, pero que hubieren nacido dentro del Territorio Nacional.<br>Otro punto, es que dentro de los requisitos para ser Gobernador, contenidos en el Art\u00edculo 43, de la Constituci\u00f3n vigente, establece que para ser Gobernador es esencialmente necesario, ser Veracruzano en el pleno ejercicio de sus derechos.<br>Estas razones jur\u00eddicas e hist\u00f3rico-legislativa, hacen imposible la candidatura de Roc\u00edo Nalhe para ser Gobernadora de Veracruz.<br>Pero adem\u00e1s, Ord\u00f3\u00f1ez argumenta que en la Constituci\u00f3n vigente del estado de Zacatecas, promulgada en el a\u00f1o 1998, define en su Art\u00edculo 12, que son Zacatecanos los nacidos en el Territorio del Estado; y los hijos de padre y madre Zacatecanos, pero que hubieren nacido dentro del Territorio Nacional.<br>Adem\u00e1s, de los requisitos para ser Gobernador en Zacatecas est\u00e1n contenidos en el Art\u00edculo 75, y de ah\u00ed se destaca su fracci\u00f3n II, que establece que para ser Gobernador es esencialmente necesario, ser Zacatecano en el pleno ejercicio de sus derechos o tener una Declaraci\u00f3n Expresa de la Legislatura Local.<br>El constitucionalista asegura que por estas razones jur\u00eddicas e hist\u00f3rico-legislativa, adem\u00e1s del estudio Constitucional Comparado, hace imposible legalmente la candidatura de una Zacatecana, como Roc\u00edo Nahle, para ser Gobernadora de Veracruz.<br>Pero eso s\u00ed, ella est\u00e1 en plenitud de derechos para ser gobernadora de su estado natal, para que, como hiciera Pancho Villa, \u00a1le toquen la entrada triunfal con la Marcha de Zacatecas!<\/p>\n\n\n\n<hr class=\"wp-block-separator has-alpha-channel-opacity\"\/>\n\n\n\n<p>En este tiempo de definiciones, es cuando se ve la fuerza de los grupos pol\u00edticos y a cada momento se confirma que el del gobernador Cuitl\u00e1huac Garc\u00eda Jim\u00e9nez, tiene la misma fuerza que un tehuac\u00e1n sin gas.<br>La organizaci\u00f3n Unidos Todos, liderado por el primo inc\u00f3modo Eleazar Guerrero, perdi\u00f3 este martes a uno de sus principales activos en el manejo del dinero, Joana Marlen Bautista Flores, que este martes fue notificada -mediante actuario- de su destituci\u00f3n como directora general de Administraci\u00f3n del Tribunal Superior de Justicia del Estado.<br>Aunque oficialmente la causa fue la asistencia a un acto proselitista, la realidad es que las tribus morenistas ya empezaron a darse con todo, y buscaron debilitar al grupo de Eleazar, -adem\u00e1s que se pusieron de pechito- con las salidas de Ofir Guti\u00e9rrez, por su visita a Las Vegas hecha p\u00fablica a trav\u00e9s de un Live en Facebook, que le cost\u00f3 la chamba al hoy exsubdirector de Recursos Materiales; y Elvis Viveros Arroyo, exjefe de Recursos Generales del TSJ, ambos personas de confianza de Joana Marlen.<br>Ese fue el principio del fin y dir\u00eda el \u00ednclito, haiga sido como haiga sido, Joana Marlen Bautista tiene cinco d\u00edas para hacer su acta de entrega-recepci\u00f3n y dejar oficialmente la oficina, de la que literalmente se empoder\u00f3 y no dej\u00f3 pasar a nadie que no fuera bajo su visto bueno.<br>Varias cejas se levantaron, pues es de todos sabido que tambi\u00e9n es muy cercana a Cuitl\u00e1huac Garc\u00eda, pero al final esa es la fuerza del gobernador, que asegur\u00f3, por ejemplo, que su secretario de Gobierno Eric Cisneros no iba a buscar la candidatura 2024 al gobierno de Veracruz y fue de los primeros en levantar la mano y decir esta boca es m\u00eda. Uuuuufff<\/p>\n\n\n\n<hr class=\"wp-block-separator has-alpha-channel-opacity\"\/>\n\n\n\n<p>Fuentes bien informadas nos aseguran que Gerardo Mart\u00edn Aguilar, rector de la Universidad Veracruzana, renunciar\u00e1 en diciembre, as\u00ed es, ley\u00f3 usted bien.<br>Sin embargo, no lo har\u00e1 como una muestra de verg\u00fcenza profesional ante los nulos resultados obtenidos al frente de la M\u00e1xima Casa de Estudios de Veracruz, y por supuesto el fallido show que intentaron montar para \u201cexigir\u201d el 4 por ciento del presupuesto para la UV, sino que botar\u00e1 el arpa porque alg\u00fan personaje de mala entra\u00f1a le ha hecho creer que puede ser legislador y nos aseguran que buscar\u00e1 la candidatura a una diputaci\u00f3n federal.<br>Y quien est\u00e1 con la carabina al hombro para la sucesi\u00f3n, es Roberto Zenteno Cuevas, director general de Investigaciones de la UV, que ser\u00eda la propuesta de Gerardo Aguilar para que ocupe la silla de Rector\u00eda.<\/p>\n\n\n\n<p>\u00a1Qu\u00e9 barbaridad!<br>deprimera.mano2020@gmail.com<\/p>\n","protected":false},"excerpt":{"rendered":"<p>Omar Z\u00fa\u00f1igaDe Primera Mano En este mismo espacio el lunes pasado, le comentamos que el diputado minatitleco y aspirante a la candidatura al gobierno de Veracruz Sergio Guti\u00e9rrez Luna, est\u00e1 consciente de que no hay piso parejo a nivel local en Morena para llevar cabo el proceso interno de selecci\u00f3n, pero lo que hizo Esteban [&hellip;]<\/p>\n","protected":false},"author":2,"featured_media":0,"comment_status":"closed","ping_status":"closed","sticky":false,"template":"","format":"standard","meta":{"tdm_status":"","tdm_grid_status":"","footnotes":""},"categories":[70],"tags":[1563,13640,39430,24796,1026,28705,3578,16147],"class_list":{"0":"post-112088","1":"post","2":"type-post","3":"status-publish","4":"format-standard","6":"category-de-opinion","7":"tag-cuitlahuac-garcia-jimenez","8":"tag-eleazar-guerrero","9":"tag-gerardo-martin-aguilar","10":"tag-joana-marlen-bautista-flores","11":"tag-morena","12":"tag-omar-zuniga","13":"tag-rocio-nahle","14":"tag-sergio-gutierrez-luna"},"yoast_head":"<!-- This site is optimized with the Yoast SEO plugin v27.4 - https:\/\/yoast.com\/product\/yoast-seo-wordpress\/ -->\n<title>S\u00cd PUEDE SER GOBERNADORA\u2026 DE ZACATECAS - Los pol\u00edticos Veracruz<\/title>\n<meta name=\"robots\" content=\"index, follow, max-snippet:-1, max-image-preview:large, max-video-preview:-1\" \/>\n<link rel=\"canonical\" href=\"https:\/\/lospoliticosveracruz.com\/?p=112088\" \/>\n<meta property=\"og:locale\" content=\"es_ES\" \/>\n<meta property=\"og:type\" content=\"article\" \/>\n<meta property=\"og:title\" content=\"S\u00cd PUEDE SER GOBERNADORA\u2026 DE ZACATECAS - Los pol\u00edticos Veracruz\" \/>\n<meta property=\"og:description\" content=\"Omar Z\u00fa\u00f1igaDe Primera Mano En este mismo espacio el lunes pasado, le comentamos que el diputado minatitleco y aspirante a la candidatura al gobierno de Veracruz Sergio Guti\u00e9rrez Luna, est\u00e1 consciente de que no hay piso parejo a nivel local en Morena para llevar cabo el proceso interno de selecci\u00f3n, pero lo que hizo Esteban [&hellip;]\" \/>\n<meta property=\"og:url\" content=\"https:\/\/lospoliticosveracruz.com\/?p=112088\" \/>\n<meta property=\"og:site_name\" content=\"Los pol\u00edticos Veracruz\" \/>\n<meta property=\"article:publisher\" content=\"https:\/\/www.facebook.com\/people\/Notimemes-de-los-Polticos\/61565672886568\/\" \/>\n<meta property=\"article:published_time\" content=\"2023-09-27T13:48:11+00:00\" \/>\n<meta property=\"article:modified_time\" content=\"2023-09-27T14:13:16+00:00\" \/>\n<meta property=\"og:image\" content=\"https:\/\/lospoliticosveracruz.com\/wp-content\/uploads\/2016\/07\/Logo-Dor.jpg\" \/>\n\t<meta property=\"og:image:width\" content=\"200\" \/>\n\t<meta property=\"og:image:height\" content=\"200\" \/>\n\t<meta property=\"og:image:type\" content=\"image\/jpeg\" \/>\n<meta name=\"author\" content=\"Lo viste en Los Pol\u00edticos\" \/>\n<meta name=\"twitter:card\" content=\"summary_large_image\" \/>\n<meta name=\"twitter:creator\" content=\"@LosPoliticosVer\" \/>\n<meta name=\"twitter:site\" content=\"@LosPoliticosVer\" \/>\n<meta name=\"twitter:label1\" content=\"Escrito por\" \/>\n\t<meta name=\"twitter:data1\" content=\"Lo viste en Los Pol\u00edticos\" \/>\n\t<meta name=\"twitter:label2\" content=\"Tiempo de lectura\" \/>\n\t<meta name=\"twitter:data2\" content=\"5 minutos\" \/>\n<script type=\"application\/ld+json\" class=\"yoast-schema-graph\">{\"@context\":\"https:\\\/\\\/schema.org\",\"@graph\":[{\"@type\":\"Article\",\"@id\":\"https:\\\/\\\/lospoliticosveracruz.com\\\/?p=112088#article\",\"isPartOf\":{\"@id\":\"https:\\\/\\\/lospoliticosveracruz.com\\\/?p=112088\"},\"author\":{\"name\":\"Lo viste en Los Pol\u00edticos\",\"@id\":\"https:\\\/\\\/lospoliticosveracruz.com\\\/#\\\/schema\\\/person\\\/b8702bb0e538456e6efd07080bf2a4a2\"},\"headline\":\"S\u00cd PUEDE SER GOBERNADORA\u2026 DE ZACATECAS\",\"datePublished\":\"2023-09-27T13:48:11+00:00\",\"dateModified\":\"2023-09-27T14:13:16+00:00\",\"mainEntityOfPage\":{\"@id\":\"https:\\\/\\\/lospoliticosveracruz.com\\\/?p=112088\"},\"wordCount\":1033,\"publisher\":{\"@id\":\"https:\\\/\\\/lospoliticosveracruz.com\\\/#organization\"},\"keywords\":[\"Cuitl\u00e1huac Garc\u00eda Jim\u00e9nez\",\"Eleazar Guerrero\",\"Gerardo Mart\u00edn Aguilar\",\"Joana Marlen Bautista Flores\",\"Morena\",\"Omar Z\u00fa\u00f1iga\",\"Roc\u00edo Nahle\",\"Sergio Guti\u00e9rrez Luna\"],\"articleSection\":[\"De Opini\u00f3n\"],\"inLanguage\":\"es\"},{\"@type\":\"WebPage\",\"@id\":\"https:\\\/\\\/lospoliticosveracruz.com\\\/?p=112088\",\"url\":\"https:\\\/\\\/lospoliticosveracruz.com\\\/?p=112088\",\"name\":\"S\u00cd PUEDE SER GOBERNADORA\u2026 DE ZACATECAS - Los pol\u00edticos Veracruz\",\"isPartOf\":{\"@id\":\"https:\\\/\\\/lospoliticosveracruz.com\\\/#website\"},\"datePublished\":\"2023-09-27T13:48:11+00:00\",\"dateModified\":\"2023-09-27T14:13:16+00:00\",\"breadcrumb\":{\"@id\":\"https:\\\/\\\/lospoliticosveracruz.com\\\/?p=112088#breadcrumb\"},\"inLanguage\":\"es\",\"potentialAction\":[{\"@type\":\"ReadAction\",\"target\":[\"https:\\\/\\\/lospoliticosveracruz.com\\\/?p=112088\"]}]},{\"@type\":\"BreadcrumbList\",\"@id\":\"https:\\\/\\\/lospoliticosveracruz.com\\\/?p=112088#breadcrumb\",\"itemListElement\":[{\"@type\":\"ListItem\",\"position\":1,\"name\":\"Portada\",\"item\":\"https:\\\/\\\/lospoliticosveracruz.com\\\/\"},{\"@type\":\"ListItem\",\"position\":2,\"name\":\"S\u00cd PUEDE SER GOBERNADORA\u2026 DE ZACATECAS\"}]},{\"@type\":\"WebSite\",\"@id\":\"https:\\\/\\\/lospoliticosveracruz.com\\\/#website\",\"url\":\"https:\\\/\\\/lospoliticosveracruz.com\\\/\",\"name\":\"Los pol\u00edticos Veracruz\",\"description\":\"\",\"publisher\":{\"@id\":\"https:\\\/\\\/lospoliticosveracruz.com\\\/#organization\"},\"potentialAction\":[{\"@type\":\"SearchAction\",\"target\":{\"@type\":\"EntryPoint\",\"urlTemplate\":\"https:\\\/\\\/lospoliticosveracruz.com\\\/?s={search_term_string}\"},\"query-input\":{\"@type\":\"PropertyValueSpecification\",\"valueRequired\":true,\"valueName\":\"search_term_string\"}}],\"inLanguage\":\"es\"},{\"@type\":\"Organization\",\"@id\":\"https:\\\/\\\/lospoliticosveracruz.com\\\/#organization\",\"name\":\"Los pol\u00edticos Veracruz\",\"url\":\"https:\\\/\\\/lospoliticosveracruz.com\\\/\",\"logo\":{\"@type\":\"ImageObject\",\"inLanguage\":\"es\",\"@id\":\"https:\\\/\\\/lospoliticosveracruz.com\\\/#\\\/schema\\\/logo\\\/image\\\/\",\"url\":\"https:\\\/\\\/lospoliticosveracruz.com\\\/wp-content\\\/uploads\\\/2025\\\/12\\\/Logo-Nuevo-LOS-POLITICOS-1.jpg\",\"contentUrl\":\"https:\\\/\\\/lospoliticosveracruz.com\\\/wp-content\\\/uploads\\\/2025\\\/12\\\/Logo-Nuevo-LOS-POLITICOS-1.jpg\",\"width\":260,\"height\":70,\"caption\":\"Los pol\u00edticos Veracruz\"},\"image\":{\"@id\":\"https:\\\/\\\/lospoliticosveracruz.com\\\/#\\\/schema\\\/logo\\\/image\\\/\"},\"sameAs\":[\"https:\\\/\\\/www.facebook.com\\\/people\\\/Notimemes-de-los-Polticos\\\/61565672886568\\\/\",\"https:\\\/\\\/x.com\\\/LosPoliticosVer\"]},{\"@type\":\"Person\",\"@id\":\"https:\\\/\\\/lospoliticosveracruz.com\\\/#\\\/schema\\\/person\\\/b8702bb0e538456e6efd07080bf2a4a2\",\"name\":\"Lo viste en Los Pol\u00edticos\",\"image\":{\"@type\":\"ImageObject\",\"inLanguage\":\"es\",\"@id\":\"https:\\\/\\\/secure.gravatar.com\\\/avatar\\\/3a8de04a2656d44082be478bd6c086daa447c4651605818287b9532d3d0bd435?s=96&d=mm&r=g\",\"url\":\"https:\\\/\\\/secure.gravatar.com\\\/avatar\\\/3a8de04a2656d44082be478bd6c086daa447c4651605818287b9532d3d0bd435?s=96&d=mm&r=g\",\"contentUrl\":\"https:\\\/\\\/secure.gravatar.com\\\/avatar\\\/3a8de04a2656d44082be478bd6c086daa447c4651605818287b9532d3d0bd435?s=96&d=mm&r=g\",\"caption\":\"Lo viste en Los Pol\u00edticos\"},\"url\":\"https:\\\/\\\/lospoliticosveracruz.com\\\/?author=2\"}]}<\/script>\n<!-- \/ Yoast SEO plugin. -->","yoast_head_json":{"title":"S\u00cd PUEDE SER GOBERNADORA\u2026 DE ZACATECAS - Los pol\u00edticos Veracruz","robots":{"index":"index","follow":"follow","max-snippet":"max-snippet:-1","max-image-preview":"max-image-preview:large","max-video-preview":"max-video-preview:-1"},"canonical":"https:\/\/lospoliticosveracruz.com\/?p=112088","og_locale":"es_ES","og_type":"article","og_title":"S\u00cd PUEDE SER GOBERNADORA\u2026 DE ZACATECAS - Los pol\u00edticos Veracruz","og_description":"Omar Z\u00fa\u00f1igaDe Primera Mano En este mismo espacio el lunes pasado, le comentamos que el diputado minatitleco y aspirante a la candidatura al gobierno de Veracruz Sergio Guti\u00e9rrez Luna, est\u00e1 consciente de que no hay piso parejo a nivel local en Morena para llevar cabo el proceso interno de selecci\u00f3n, pero lo que hizo Esteban [&hellip;]","og_url":"https:\/\/lospoliticosveracruz.com\/?p=112088","og_site_name":"Los pol\u00edticos Veracruz","article_publisher":"https:\/\/www.facebook.com\/people\/Notimemes-de-los-Polticos\/61565672886568\/","article_published_time":"2023-09-27T13:48:11+00:00","article_modified_time":"2023-09-27T14:13:16+00:00","og_image":[{"width":200,"height":200,"url":"https:\/\/lospoliticosveracruz.com\/wp-content\/uploads\/2016\/07\/Logo-Dor.jpg","type":"image\/jpeg"}],"author":"Lo viste en Los Pol\u00edticos","twitter_card":"summary_large_image","twitter_creator":"@LosPoliticosVer","twitter_site":"@LosPoliticosVer","twitter_misc":{"Escrito por":"Lo viste en Los Pol\u00edticos","Tiempo de lectura":"5 minutos"},"schema":{"@context":"https:\/\/schema.org","@graph":[{"@type":"Article","@id":"https:\/\/lospoliticosveracruz.com\/?p=112088#article","isPartOf":{"@id":"https:\/\/lospoliticosveracruz.com\/?p=112088"},"author":{"name":"Lo viste en Los Pol\u00edticos","@id":"https:\/\/lospoliticosveracruz.com\/#\/schema\/person\/b8702bb0e538456e6efd07080bf2a4a2"},"headline":"S\u00cd PUEDE SER GOBERNADORA\u2026 DE ZACATECAS","datePublished":"2023-09-27T13:48:11+00:00","dateModified":"2023-09-27T14:13:16+00:00","mainEntityOfPage":{"@id":"https:\/\/lospoliticosveracruz.com\/?p=112088"},"wordCount":1033,"publisher":{"@id":"https:\/\/lospoliticosveracruz.com\/#organization"},"keywords":["Cuitl\u00e1huac Garc\u00eda Jim\u00e9nez","Eleazar Guerrero","Gerardo Mart\u00edn Aguilar","Joana Marlen Bautista Flores","Morena","Omar Z\u00fa\u00f1iga","Roc\u00edo Nahle","Sergio Guti\u00e9rrez Luna"],"articleSection":["De Opini\u00f3n"],"inLanguage":"es"},{"@type":"WebPage","@id":"https:\/\/lospoliticosveracruz.com\/?p=112088","url":"https:\/\/lospoliticosveracruz.com\/?p=112088","name":"S\u00cd PUEDE SER GOBERNADORA\u2026 DE ZACATECAS - Los pol\u00edticos Veracruz","isPartOf":{"@id":"https:\/\/lospoliticosveracruz.com\/#website"},"datePublished":"2023-09-27T13:48:11+00:00","dateModified":"2023-09-27T14:13:16+00:00","breadcrumb":{"@id":"https:\/\/lospoliticosveracruz.com\/?p=112088#breadcrumb"},"inLanguage":"es","potentialAction":[{"@type":"ReadAction","target":["https:\/\/lospoliticosveracruz.com\/?p=112088"]}]},{"@type":"BreadcrumbList","@id":"https:\/\/lospoliticosveracruz.com\/?p=112088#breadcrumb","itemListElement":[{"@type":"ListItem","position":1,"name":"Portada","item":"https:\/\/lospoliticosveracruz.com\/"},{"@type":"ListItem","position":2,"name":"S\u00cd PUEDE SER GOBERNADORA\u2026 DE ZACATECAS"}]},{"@type":"WebSite","@id":"https:\/\/lospoliticosveracruz.com\/#website","url":"https:\/\/lospoliticosveracruz.com\/","name":"Los pol\u00edticos Veracruz","description":"","publisher":{"@id":"https:\/\/lospoliticosveracruz.com\/#organization"},"potentialAction":[{"@type":"SearchAction","target":{"@type":"EntryPoint","urlTemplate":"https:\/\/lospoliticosveracruz.com\/?s={search_term_string}"},"query-input":{"@type":"PropertyValueSpecification","valueRequired":true,"valueName":"search_term_string"}}],"inLanguage":"es"},{"@type":"Organization","@id":"https:\/\/lospoliticosveracruz.com\/#organization","name":"Los pol\u00edticos Veracruz","url":"https:\/\/lospoliticosveracruz.com\/","logo":{"@type":"ImageObject","inLanguage":"es","@id":"https:\/\/lospoliticosveracruz.com\/#\/schema\/logo\/image\/","url":"https:\/\/lospoliticosveracruz.com\/wp-content\/uploads\/2025\/12\/Logo-Nuevo-LOS-POLITICOS-1.jpg","contentUrl":"https:\/\/lospoliticosveracruz.com\/wp-content\/uploads\/2025\/12\/Logo-Nuevo-LOS-POLITICOS-1.jpg","width":260,"height":70,"caption":"Los pol\u00edticos Veracruz"},"image":{"@id":"https:\/\/lospoliticosveracruz.com\/#\/schema\/logo\/image\/"},"sameAs":["https:\/\/www.facebook.com\/people\/Notimemes-de-los-Polticos\/61565672886568\/","https:\/\/x.com\/LosPoliticosVer"]},{"@type":"Person","@id":"https:\/\/lospoliticosveracruz.com\/#\/schema\/person\/b8702bb0e538456e6efd07080bf2a4a2","name":"Lo viste en Los Pol\u00edticos","image":{"@type":"ImageObject","inLanguage":"es","@id":"https:\/\/secure.gravatar.com\/avatar\/3a8de04a2656d44082be478bd6c086daa447c4651605818287b9532d3d0bd435?s=96&d=mm&r=g","url":"https:\/\/secure.gravatar.com\/avatar\/3a8de04a2656d44082be478bd6c086daa447c4651605818287b9532d3d0bd435?s=96&d=mm&r=g","contentUrl":"https:\/\/secure.gravatar.com\/avatar\/3a8de04a2656d44082be478bd6c086daa447c4651605818287b9532d3d0bd435?s=96&d=mm&r=g","caption":"Lo viste en Los Pol\u00edticos"},"url":"https:\/\/lospoliticosveracruz.com\/?author=2"}]}},"_links":{"self":[{"href":"https:\/\/lospoliticosveracruz.com\/index.php?rest_route=\/wp\/v2\/posts\/112088","targetHints":{"allow":["GET"]}}],"collection":[{"href":"https:\/\/lospoliticosveracruz.com\/index.php?rest_route=\/wp\/v2\/posts"}],"about":[{"href":"https:\/\/lospoliticosveracruz.com\/index.php?rest_route=\/wp\/v2\/types\/post"}],"author":[{"embeddable":true,"href":"https:\/\/lospoliticosveracruz.com\/index.php?rest_route=\/wp\/v2\/users\/2"}],"replies":[{"embeddable":true,"href":"https:\/\/lospoliticosveracruz.com\/index.php?rest_route=%2Fwp%2Fv2%2Fcomments&post=112088"}],"version-history":[{"count":2,"href":"https:\/\/lospoliticosveracruz.com\/index.php?rest_route=\/wp\/v2\/posts\/112088\/revisions"}],"predecessor-version":[{"id":112098,"href":"https:\/\/lospoliticosveracruz.com\/index.php?rest_route=\/wp\/v2\/posts\/112088\/revisions\/112098"}],"wp:attachment":[{"href":"https:\/\/lospoliticosveracruz.com\/index.php?rest_route=%2Fwp%2Fv2%2Fmedia&parent=112088"}],"wp:term":[{"taxonomy":"category","embeddable":true,"href":"https:\/\/lospoliticosveracruz.com\/index.php?rest_route=%2Fwp%2Fv2%2Fcategories&post=112088"},{"taxonomy":"post_tag","embeddable":true,"href":"https:\/\/lospoliticosveracruz.com\/index.php?rest_route=%2Fwp%2Fv2%2Ftags&post=112088"}],"curies":[{"name":"wp","href":"https:\/\/api.w.org\/{rel}","templated":true}]}}