{"id":112093,"date":"2023-09-27T08:54:19","date_gmt":"2023-09-27T13:54:19","guid":{"rendered":"https:\/\/lospoliticosveracruz.com.mx\/?p=112093"},"modified":"2023-09-27T08:54:23","modified_gmt":"2023-09-27T13:54:23","slug":"offside-electoral","status":"publish","type":"post","link":"https:\/\/lospoliticosveracruz.com\/?p=112093","title":{"rendered":"OFFSIDE ELECTORAL"},"content":{"rendered":"\n<p><\/p>\n\n\n\n<p><strong>Alejandro Bustos<br><\/strong><em>Sinapsis<\/em><\/p>\n\n\n\n<p>En el emocionante mundo de la pol\u00edtica, el juego de los aspirantes a la gubernatura del estado de Veracruz se ha enrarecido toda vez que los protagonistas han ca\u00eddo, en t\u00e9rminos futbol\u00edsticos, en un \u00abOffside Electoral\u00bb. Aunque la Ley General de Instituciones y Procedimientos Electorales (LEGIPE) en su art\u00edculo tercero establece claramente que los actos anticipados de campa\u00f1a pueden ocurrir \u00abbajo cualquier modalidad y en cualquier momento fuera de la etapa de campa\u00f1as\u201d, parece que los aspirantes han encontrado una forma especial de jugar al borde del abismo legal. Y el 100% de las veces entran en el Fuera de Juego. Desafortunadamente el \u201cVAR electoral\u201d, mismo que deber\u00eda se\u00f1alarlo y penalizarlo, simplemente lo tolera.<\/p>\n\n\n<div class=\"wp-block-image\">\n<figure class=\"alignleft size-medium\"><a href=\"https:\/\/lospoliticosveracruz.com.mx\/wp-content\/uploads\/2021\/10\/WhatsApp-Image-2021-10-02-at-15.20.25.jpeg\"><img loading=\"lazy\" decoding=\"async\" width=\"212\" height=\"300\" src=\"https:\/\/lospoliticosveracruz.com.mx\/wp-content\/uploads\/2021\/10\/WhatsApp-Image-2021-10-02-at-15.20.25-212x300.jpeg\" alt=\"\" class=\"wp-image-80177\" srcset=\"https:\/\/lospoliticosveracruz.com\/wp-content\/uploads\/2021\/10\/WhatsApp-Image-2021-10-02-at-15.20.25-212x300.jpeg 212w, https:\/\/lospoliticosveracruz.com\/wp-content\/uploads\/2021\/10\/WhatsApp-Image-2021-10-02-at-15.20.25-724x1024.jpeg 724w, https:\/\/lospoliticosveracruz.com\/wp-content\/uploads\/2021\/10\/WhatsApp-Image-2021-10-02-at-15.20.25-768x1086.jpeg 768w, https:\/\/lospoliticosveracruz.com\/wp-content\/uploads\/2021\/10\/WhatsApp-Image-2021-10-02-at-15.20.25.jpeg 905w\" sizes=\"auto, (max-width: 212px) 100vw, 212px\" \/><\/a><\/figure>\n<\/div>\n\n\n<p>Justo arrancando el partido, con esta formaci\u00f3n arriesgada, tenemos el cl\u00e1sico \u00abNo es una campa\u00f1a, es una reuni\u00f3n informativa\u00bb. Pudimos atestiguar algo similar en estos d\u00edas pasados, especialmente con los del equipo de Morena, que fueron desfilando, uno por uno, ya sea desde sus casas o municipios, para inscribirse al proceso interno de su partido acompa\u00f1ados de sus simpatizantes. Cabe mencionar que la mayor\u00eda de ellos (salvo el exdelegado de Bienestar, Manuel Huerta), no han renunciado a sus encargos actuales. Para justificar sus actos y apariciones p\u00fablicas es com\u00fan que organicen reuniones en las que comparten sus ideas, discuten problemas del estado y hasta reparten abrazos. Pero, \u00a1cuidado! aunque esto parezca una campa\u00f1a es, en realidad, una \u00abreuni\u00f3n informativa\u00bb, donde, por supuesto, no se pide el voto \u00a1s\u00f3lo el amor y apoyo incondicional!<\/p>\n\n\n\n<p>Acerc\u00e1ndose al medio tiempo, tenemos el \u00abCalendario de actividades\u00bb. Cada aspirante llena su agenda de eventos con m\u00edtines, discursos y recorridos por el estado. Cabr\u00eda la pregunta, \u00bfes esto una campa\u00f1a anticipada? Seg\u00fan ellos, no. Es simplemente \u00abinformar\u00bb a la ciudadan\u00eda sobre sus planes y sus resultados durante su actual encomienda.<\/p>\n\n\n\n<p>Empezando el segundo tiempo, llega el momento de intensificar la ofensiva de su equipo y preparan la estrategia llamada \u00abNo estamos pidiendo el voto, s\u00f3lo queremos demostrar nuestro afecto\u00bb. Los aspirantes aseguran que no buscan votos y apelan al infame \u201cAmor con Amor se Paga\u201d, difundido hasta el hartazgo por su m\u00e1ximo jefe pol\u00edtico, el presidente L\u00f3pez Obrador. Simplemente est\u00e1n midiendo fuerzas y simpat\u00edas en un concurso de popularidad; pero recuerden, no es una campa\u00f1a, \u00a1es una manifestaci\u00f3n espont\u00e1nea de cari\u00f1o electoral! Curiosamente, en esos eventos \u201corg\u00e1nicos\u201d siempre podemos ver desfilar a un sin n\u00famero de bur\u00f3cratas. Algunos por convicci\u00f3n personal, pero me atrever\u00eda a ser mal pensado y creer\u00eda que la mayor\u00eda son obligados a asistir. No es ajeno a casi ninguno de nosotros que ese ha sido el modus operandi de este gobierno actual, al obligar a sus trabajadores a participar en todas las ocurrencias que el Jefe del Ejecutivo Nacional ha tenido a lo largo del sexenio, incluyendo eventos de proselitismo pol\u00edtico a favor de su partido, Morena.<\/p>\n\n\n\n<p>Al igual que en un juego de m\u00e1xima tensi\u00f3n, acerc\u00e1ndose al minuto 90, el que marque m\u00e1s goles que el rival es el que definir\u00e1 al ganador, que s\u00f3lo puede ser uno (en este caso una). Aunque todo parece indicar que la cosa est\u00e1 muy decantada a favor de la todav\u00eda Secretaria de Energ\u00eda, Roc\u00edo Nahle, el resto de suspirantes no se dar\u00e1n por vencidos de manera tan sencilla; sobre todo, sin haber asegurado su futuro pol\u00edtico inmediato. Habr\u00e1 senadur\u00edas, diputaciones locales y federales, y hasta encargos en el Gobierno Federal en juego. Lo que es seguro es que antes de bajarse de cualquier contienda, todos los que no consigan levantar el anhelado trofeo, en este caso la Coordinaci\u00f3n Estatal de la 4T, se llevar\u00e1n unos grandes premios de consolaci\u00f3n que se tendr\u00e1n que repartir h\u00e1bilmente. Eso s\u00ed, tendr\u00e1n que hallar la manera de dejar satisfechos a los participantes con todo y sus bases de seguidores, porque, sin unidad, las cosas se le pueden complicar al partido guinda.<\/p>\n\n\n\n<p>Sea como sea, hay que reconocerle a los precandidatos a la gubernatura de Veracruz que demuestran una habilidad asombrosa para esquivar las reglas electorales, todo bajo el omiso ojo del \u00e1rbitro electoral (OPLE). Qui\u00e9n sabe, tal vez despu\u00e9s de las elecciones veremos una nueva serie o reality show de Netflix: \u00abJugando en el L\u00edmite de la Ley\u00bb, donde los pol\u00edticos compitan por demostrar su destreza en el arte de la ambig\u00fcedad legal. \u00a1Esperemos que al menos tengan buenos \u2018tacos\u2019 que les permitan esquivar el offside!<\/p>\n\n\n\n<p>Comentarios:<\/p>\n\n\n\n<p>X\/Twitter: @alecbustos<br>Mail: alejandrobustosf@gmail.com<\/p>\n","protected":false},"excerpt":{"rendered":"<p>Alejandro BustosSinapsis En el emocionante mundo de la pol\u00edtica, el juego de los aspirantes a la gubernatura del estado de Veracruz se ha enrarecido toda vez que los protagonistas han ca\u00eddo, en t\u00e9rminos futbol\u00edsticos, en un \u00abOffside Electoral\u00bb. Aunque la Ley General de Instituciones y Procedimientos Electorales (LEGIPE) en su art\u00edculo tercero establece claramente que [&hellip;]<\/p>\n","protected":false},"author":2,"featured_media":0,"comment_status":"closed","ping_status":"closed","sticky":false,"template":"","format":"standard","meta":{"tdm_status":"","tdm_grid_status":"","footnotes":""},"categories":[70],"tags":[618,17020,10317,1026,3272],"class_list":{"0":"post-112093","1":"post","2":"type-post","3":"status-publish","4":"format-standard","6":"category-de-opinion","7":"tag-andres-manuel-lopez-obrador","8":"tag-bienestar","9":"tag-manuel-huerta","10":"tag-morena","11":"tag-ople"},"yoast_head":"<!-- This site is optimized with the Yoast SEO plugin v27.4 - https:\/\/yoast.com\/product\/yoast-seo-wordpress\/ -->\n<title>OFFSIDE ELECTORAL - Los pol\u00edticos Veracruz<\/title>\n<meta name=\"robots\" content=\"index, follow, max-snippet:-1, max-image-preview:large, max-video-preview:-1\" \/>\n<link rel=\"canonical\" href=\"https:\/\/lospoliticosveracruz.com\/?p=112093\" \/>\n<meta property=\"og:locale\" content=\"es_ES\" \/>\n<meta property=\"og:type\" content=\"article\" \/>\n<meta property=\"og:title\" content=\"OFFSIDE ELECTORAL - Los pol\u00edticos Veracruz\" \/>\n<meta property=\"og:description\" content=\"Alejandro BustosSinapsis En el emocionante mundo de la pol\u00edtica, el juego de los aspirantes a la gubernatura del estado de Veracruz se ha enrarecido toda vez que los protagonistas han ca\u00eddo, en t\u00e9rminos futbol\u00edsticos, en un \u00abOffside Electoral\u00bb. Aunque la Ley General de Instituciones y Procedimientos Electorales (LEGIPE) en su art\u00edculo tercero establece claramente que [&hellip;]\" \/>\n<meta property=\"og:url\" content=\"https:\/\/lospoliticosveracruz.com\/?p=112093\" \/>\n<meta property=\"og:site_name\" content=\"Los pol\u00edticos Veracruz\" \/>\n<meta property=\"article:publisher\" content=\"https:\/\/www.facebook.com\/people\/Notimemes-de-los-Polticos\/61565672886568\/\" \/>\n<meta property=\"article:published_time\" content=\"2023-09-27T13:54:19+00:00\" \/>\n<meta property=\"article:modified_time\" content=\"2023-09-27T13:54:23+00:00\" \/>\n<meta property=\"og:image\" content=\"https:\/\/lospoliticosveracruz.com.mx\/wp-content\/uploads\/2021\/10\/WhatsApp-Image-2021-10-02-at-15.20.25-212x300.jpeg\" \/>\n<meta name=\"author\" content=\"Lo viste en Los Pol\u00edticos\" \/>\n<meta name=\"twitter:card\" content=\"summary_large_image\" \/>\n<meta name=\"twitter:creator\" content=\"@LosPoliticosVer\" \/>\n<meta name=\"twitter:site\" content=\"@LosPoliticosVer\" \/>\n<meta name=\"twitter:label1\" content=\"Escrito por\" \/>\n\t<meta name=\"twitter:data1\" content=\"Lo viste en Los Pol\u00edticos\" \/>\n\t<meta name=\"twitter:label2\" content=\"Tiempo de lectura\" \/>\n\t<meta name=\"twitter:data2\" content=\"4 minutos\" \/>\n<script type=\"application\/ld+json\" class=\"yoast-schema-graph\">{\"@context\":\"https:\\\/\\\/schema.org\",\"@graph\":[{\"@type\":\"Article\",\"@id\":\"https:\\\/\\\/lospoliticosveracruz.com\\\/?p=112093#article\",\"isPartOf\":{\"@id\":\"https:\\\/\\\/lospoliticosveracruz.com\\\/?p=112093\"},\"author\":{\"name\":\"Lo viste en Los Pol\u00edticos\",\"@id\":\"https:\\\/\\\/lospoliticosveracruz.com\\\/#\\\/schema\\\/person\\\/b8702bb0e538456e6efd07080bf2a4a2\"},\"headline\":\"OFFSIDE ELECTORAL\",\"datePublished\":\"2023-09-27T13:54:19+00:00\",\"dateModified\":\"2023-09-27T13:54:23+00:00\",\"mainEntityOfPage\":{\"@id\":\"https:\\\/\\\/lospoliticosveracruz.com\\\/?p=112093\"},\"wordCount\":799,\"publisher\":{\"@id\":\"https:\\\/\\\/lospoliticosveracruz.com\\\/#organization\"},\"image\":{\"@id\":\"https:\\\/\\\/lospoliticosveracruz.com\\\/?p=112093#primaryimage\"},\"thumbnailUrl\":\"https:\\\/\\\/lospoliticosveracruz.com.mx\\\/wp-content\\\/uploads\\\/2021\\\/10\\\/WhatsApp-Image-2021-10-02-at-15.20.25-212x300.jpeg\",\"keywords\":[\"Andr\u00e9s Manuel L\u00f3pez Obrador\",\"Bienestar\",\"Manuel Huerta\",\"Morena\",\"OPLE\"],\"articleSection\":[\"De Opini\u00f3n\"],\"inLanguage\":\"es\"},{\"@type\":\"WebPage\",\"@id\":\"https:\\\/\\\/lospoliticosveracruz.com\\\/?p=112093\",\"url\":\"https:\\\/\\\/lospoliticosveracruz.com\\\/?p=112093\",\"name\":\"OFFSIDE ELECTORAL - Los pol\u00edticos Veracruz\",\"isPartOf\":{\"@id\":\"https:\\\/\\\/lospoliticosveracruz.com\\\/#website\"},\"primaryImageOfPage\":{\"@id\":\"https:\\\/\\\/lospoliticosveracruz.com\\\/?p=112093#primaryimage\"},\"image\":{\"@id\":\"https:\\\/\\\/lospoliticosveracruz.com\\\/?p=112093#primaryimage\"},\"thumbnailUrl\":\"https:\\\/\\\/lospoliticosveracruz.com.mx\\\/wp-content\\\/uploads\\\/2021\\\/10\\\/WhatsApp-Image-2021-10-02-at-15.20.25-212x300.jpeg\",\"datePublished\":\"2023-09-27T13:54:19+00:00\",\"dateModified\":\"2023-09-27T13:54:23+00:00\",\"breadcrumb\":{\"@id\":\"https:\\\/\\\/lospoliticosveracruz.com\\\/?p=112093#breadcrumb\"},\"inLanguage\":\"es\",\"potentialAction\":[{\"@type\":\"ReadAction\",\"target\":[\"https:\\\/\\\/lospoliticosveracruz.com\\\/?p=112093\"]}]},{\"@type\":\"ImageObject\",\"inLanguage\":\"es\",\"@id\":\"https:\\\/\\\/lospoliticosveracruz.com\\\/?p=112093#primaryimage\",\"url\":\"https:\\\/\\\/lospoliticosveracruz.com.mx\\\/wp-content\\\/uploads\\\/2021\\\/10\\\/WhatsApp-Image-2021-10-02-at-15.20.25-212x300.jpeg\",\"contentUrl\":\"https:\\\/\\\/lospoliticosveracruz.com.mx\\\/wp-content\\\/uploads\\\/2021\\\/10\\\/WhatsApp-Image-2021-10-02-at-15.20.25-212x300.jpeg\"},{\"@type\":\"BreadcrumbList\",\"@id\":\"https:\\\/\\\/lospoliticosveracruz.com\\\/?p=112093#breadcrumb\",\"itemListElement\":[{\"@type\":\"ListItem\",\"position\":1,\"name\":\"Portada\",\"item\":\"https:\\\/\\\/lospoliticosveracruz.com\\\/\"},{\"@type\":\"ListItem\",\"position\":2,\"name\":\"OFFSIDE ELECTORAL\"}]},{\"@type\":\"WebSite\",\"@id\":\"https:\\\/\\\/lospoliticosveracruz.com\\\/#website\",\"url\":\"https:\\\/\\\/lospoliticosveracruz.com\\\/\",\"name\":\"Los pol\u00edticos Veracruz\",\"description\":\"\",\"publisher\":{\"@id\":\"https:\\\/\\\/lospoliticosveracruz.com\\\/#organization\"},\"potentialAction\":[{\"@type\":\"SearchAction\",\"target\":{\"@type\":\"EntryPoint\",\"urlTemplate\":\"https:\\\/\\\/lospoliticosveracruz.com\\\/?s={search_term_string}\"},\"query-input\":{\"@type\":\"PropertyValueSpecification\",\"valueRequired\":true,\"valueName\":\"search_term_string\"}}],\"inLanguage\":\"es\"},{\"@type\":\"Organization\",\"@id\":\"https:\\\/\\\/lospoliticosveracruz.com\\\/#organization\",\"name\":\"Los pol\u00edticos Veracruz\",\"url\":\"https:\\\/\\\/lospoliticosveracruz.com\\\/\",\"logo\":{\"@type\":\"ImageObject\",\"inLanguage\":\"es\",\"@id\":\"https:\\\/\\\/lospoliticosveracruz.com\\\/#\\\/schema\\\/logo\\\/image\\\/\",\"url\":\"https:\\\/\\\/lospoliticosveracruz.com\\\/wp-content\\\/uploads\\\/2025\\\/12\\\/Logo-Nuevo-LOS-POLITICOS-1.jpg\",\"contentUrl\":\"https:\\\/\\\/lospoliticosveracruz.com\\\/wp-content\\\/uploads\\\/2025\\\/12\\\/Logo-Nuevo-LOS-POLITICOS-1.jpg\",\"width\":260,\"height\":70,\"caption\":\"Los pol\u00edticos Veracruz\"},\"image\":{\"@id\":\"https:\\\/\\\/lospoliticosveracruz.com\\\/#\\\/schema\\\/logo\\\/image\\\/\"},\"sameAs\":[\"https:\\\/\\\/www.facebook.com\\\/people\\\/Notimemes-de-los-Polticos\\\/61565672886568\\\/\",\"https:\\\/\\\/x.com\\\/LosPoliticosVer\"]},{\"@type\":\"Person\",\"@id\":\"https:\\\/\\\/lospoliticosveracruz.com\\\/#\\\/schema\\\/person\\\/b8702bb0e538456e6efd07080bf2a4a2\",\"name\":\"Lo viste en Los Pol\u00edticos\",\"image\":{\"@type\":\"ImageObject\",\"inLanguage\":\"es\",\"@id\":\"https:\\\/\\\/secure.gravatar.com\\\/avatar\\\/3a8de04a2656d44082be478bd6c086daa447c4651605818287b9532d3d0bd435?s=96&d=mm&r=g\",\"url\":\"https:\\\/\\\/secure.gravatar.com\\\/avatar\\\/3a8de04a2656d44082be478bd6c086daa447c4651605818287b9532d3d0bd435?s=96&d=mm&r=g\",\"contentUrl\":\"https:\\\/\\\/secure.gravatar.com\\\/avatar\\\/3a8de04a2656d44082be478bd6c086daa447c4651605818287b9532d3d0bd435?s=96&d=mm&r=g\",\"caption\":\"Lo viste en Los Pol\u00edticos\"},\"url\":\"https:\\\/\\\/lospoliticosveracruz.com\\\/?author=2\"}]}<\/script>\n<!-- \/ Yoast SEO plugin. -->","yoast_head_json":{"title":"OFFSIDE ELECTORAL - Los pol\u00edticos Veracruz","robots":{"index":"index","follow":"follow","max-snippet":"max-snippet:-1","max-image-preview":"max-image-preview:large","max-video-preview":"max-video-preview:-1"},"canonical":"https:\/\/lospoliticosveracruz.com\/?p=112093","og_locale":"es_ES","og_type":"article","og_title":"OFFSIDE ELECTORAL - Los pol\u00edticos Veracruz","og_description":"Alejandro BustosSinapsis En el emocionante mundo de la pol\u00edtica, el juego de los aspirantes a la gubernatura del estado de Veracruz se ha enrarecido toda vez que los protagonistas han ca\u00eddo, en t\u00e9rminos futbol\u00edsticos, en un \u00abOffside Electoral\u00bb. Aunque la Ley General de Instituciones y Procedimientos Electorales (LEGIPE) en su art\u00edculo tercero establece claramente que [&hellip;]","og_url":"https:\/\/lospoliticosveracruz.com\/?p=112093","og_site_name":"Los pol\u00edticos Veracruz","article_publisher":"https:\/\/www.facebook.com\/people\/Notimemes-de-los-Polticos\/61565672886568\/","article_published_time":"2023-09-27T13:54:19+00:00","article_modified_time":"2023-09-27T13:54:23+00:00","og_image":[{"url":"https:\/\/lospoliticosveracruz.com.mx\/wp-content\/uploads\/2021\/10\/WhatsApp-Image-2021-10-02-at-15.20.25-212x300.jpeg","type":"","width":"","height":""}],"author":"Lo viste en Los Pol\u00edticos","twitter_card":"summary_large_image","twitter_creator":"@LosPoliticosVer","twitter_site":"@LosPoliticosVer","twitter_misc":{"Escrito por":"Lo viste en Los Pol\u00edticos","Tiempo de lectura":"4 minutos"},"schema":{"@context":"https:\/\/schema.org","@graph":[{"@type":"Article","@id":"https:\/\/lospoliticosveracruz.com\/?p=112093#article","isPartOf":{"@id":"https:\/\/lospoliticosveracruz.com\/?p=112093"},"author":{"name":"Lo viste en Los Pol\u00edticos","@id":"https:\/\/lospoliticosveracruz.com\/#\/schema\/person\/b8702bb0e538456e6efd07080bf2a4a2"},"headline":"OFFSIDE ELECTORAL","datePublished":"2023-09-27T13:54:19+00:00","dateModified":"2023-09-27T13:54:23+00:00","mainEntityOfPage":{"@id":"https:\/\/lospoliticosveracruz.com\/?p=112093"},"wordCount":799,"publisher":{"@id":"https:\/\/lospoliticosveracruz.com\/#organization"},"image":{"@id":"https:\/\/lospoliticosveracruz.com\/?p=112093#primaryimage"},"thumbnailUrl":"https:\/\/lospoliticosveracruz.com.mx\/wp-content\/uploads\/2021\/10\/WhatsApp-Image-2021-10-02-at-15.20.25-212x300.jpeg","keywords":["Andr\u00e9s Manuel L\u00f3pez Obrador","Bienestar","Manuel Huerta","Morena","OPLE"],"articleSection":["De Opini\u00f3n"],"inLanguage":"es"},{"@type":"WebPage","@id":"https:\/\/lospoliticosveracruz.com\/?p=112093","url":"https:\/\/lospoliticosveracruz.com\/?p=112093","name":"OFFSIDE ELECTORAL - Los pol\u00edticos Veracruz","isPartOf":{"@id":"https:\/\/lospoliticosveracruz.com\/#website"},"primaryImageOfPage":{"@id":"https:\/\/lospoliticosveracruz.com\/?p=112093#primaryimage"},"image":{"@id":"https:\/\/lospoliticosveracruz.com\/?p=112093#primaryimage"},"thumbnailUrl":"https:\/\/lospoliticosveracruz.com.mx\/wp-content\/uploads\/2021\/10\/WhatsApp-Image-2021-10-02-at-15.20.25-212x300.jpeg","datePublished":"2023-09-27T13:54:19+00:00","dateModified":"2023-09-27T13:54:23+00:00","breadcrumb":{"@id":"https:\/\/lospoliticosveracruz.com\/?p=112093#breadcrumb"},"inLanguage":"es","potentialAction":[{"@type":"ReadAction","target":["https:\/\/lospoliticosveracruz.com\/?p=112093"]}]},{"@type":"ImageObject","inLanguage":"es","@id":"https:\/\/lospoliticosveracruz.com\/?p=112093#primaryimage","url":"https:\/\/lospoliticosveracruz.com.mx\/wp-content\/uploads\/2021\/10\/WhatsApp-Image-2021-10-02-at-15.20.25-212x300.jpeg","contentUrl":"https:\/\/lospoliticosveracruz.com.mx\/wp-content\/uploads\/2021\/10\/WhatsApp-Image-2021-10-02-at-15.20.25-212x300.jpeg"},{"@type":"BreadcrumbList","@id":"https:\/\/lospoliticosveracruz.com\/?p=112093#breadcrumb","itemListElement":[{"@type":"ListItem","position":1,"name":"Portada","item":"https:\/\/lospoliticosveracruz.com\/"},{"@type":"ListItem","position":2,"name":"OFFSIDE ELECTORAL"}]},{"@type":"WebSite","@id":"https:\/\/lospoliticosveracruz.com\/#website","url":"https:\/\/lospoliticosveracruz.com\/","name":"Los pol\u00edticos Veracruz","description":"","publisher":{"@id":"https:\/\/lospoliticosveracruz.com\/#organization"},"potentialAction":[{"@type":"SearchAction","target":{"@type":"EntryPoint","urlTemplate":"https:\/\/lospoliticosveracruz.com\/?s={search_term_string}"},"query-input":{"@type":"PropertyValueSpecification","valueRequired":true,"valueName":"search_term_string"}}],"inLanguage":"es"},{"@type":"Organization","@id":"https:\/\/lospoliticosveracruz.com\/#organization","name":"Los pol\u00edticos Veracruz","url":"https:\/\/lospoliticosveracruz.com\/","logo":{"@type":"ImageObject","inLanguage":"es","@id":"https:\/\/lospoliticosveracruz.com\/#\/schema\/logo\/image\/","url":"https:\/\/lospoliticosveracruz.com\/wp-content\/uploads\/2025\/12\/Logo-Nuevo-LOS-POLITICOS-1.jpg","contentUrl":"https:\/\/lospoliticosveracruz.com\/wp-content\/uploads\/2025\/12\/Logo-Nuevo-LOS-POLITICOS-1.jpg","width":260,"height":70,"caption":"Los pol\u00edticos Veracruz"},"image":{"@id":"https:\/\/lospoliticosveracruz.com\/#\/schema\/logo\/image\/"},"sameAs":["https:\/\/www.facebook.com\/people\/Notimemes-de-los-Polticos\/61565672886568\/","https:\/\/x.com\/LosPoliticosVer"]},{"@type":"Person","@id":"https:\/\/lospoliticosveracruz.com\/#\/schema\/person\/b8702bb0e538456e6efd07080bf2a4a2","name":"Lo viste en Los Pol\u00edticos","image":{"@type":"ImageObject","inLanguage":"es","@id":"https:\/\/secure.gravatar.com\/avatar\/3a8de04a2656d44082be478bd6c086daa447c4651605818287b9532d3d0bd435?s=96&d=mm&r=g","url":"https:\/\/secure.gravatar.com\/avatar\/3a8de04a2656d44082be478bd6c086daa447c4651605818287b9532d3d0bd435?s=96&d=mm&r=g","contentUrl":"https:\/\/secure.gravatar.com\/avatar\/3a8de04a2656d44082be478bd6c086daa447c4651605818287b9532d3d0bd435?s=96&d=mm&r=g","caption":"Lo viste en Los Pol\u00edticos"},"url":"https:\/\/lospoliticosveracruz.com\/?author=2"}]}},"_links":{"self":[{"href":"https:\/\/lospoliticosveracruz.com\/index.php?rest_route=\/wp\/v2\/posts\/112093","targetHints":{"allow":["GET"]}}],"collection":[{"href":"https:\/\/lospoliticosveracruz.com\/index.php?rest_route=\/wp\/v2\/posts"}],"about":[{"href":"https:\/\/lospoliticosveracruz.com\/index.php?rest_route=\/wp\/v2\/types\/post"}],"author":[{"embeddable":true,"href":"https:\/\/lospoliticosveracruz.com\/index.php?rest_route=\/wp\/v2\/users\/2"}],"replies":[{"embeddable":true,"href":"https:\/\/lospoliticosveracruz.com\/index.php?rest_route=%2Fwp%2Fv2%2Fcomments&post=112093"}],"version-history":[{"count":1,"href":"https:\/\/lospoliticosveracruz.com\/index.php?rest_route=\/wp\/v2\/posts\/112093\/revisions"}],"predecessor-version":[{"id":112094,"href":"https:\/\/lospoliticosveracruz.com\/index.php?rest_route=\/wp\/v2\/posts\/112093\/revisions\/112094"}],"wp:attachment":[{"href":"https:\/\/lospoliticosveracruz.com\/index.php?rest_route=%2Fwp%2Fv2%2Fmedia&parent=112093"}],"wp:term":[{"taxonomy":"category","embeddable":true,"href":"https:\/\/lospoliticosveracruz.com\/index.php?rest_route=%2Fwp%2Fv2%2Fcategories&post=112093"},{"taxonomy":"post_tag","embeddable":true,"href":"https:\/\/lospoliticosveracruz.com\/index.php?rest_route=%2Fwp%2Fv2%2Ftags&post=112093"}],"curies":[{"name":"wp","href":"https:\/\/api.w.org\/{rel}","templated":true}]}}