{"id":112095,"date":"2023-09-27T09:01:54","date_gmt":"2023-09-27T14:01:54","guid":{"rendered":"https:\/\/lospoliticosveracruz.com.mx\/?p=112095"},"modified":"2023-09-27T09:02:03","modified_gmt":"2023-09-27T14:02:03","slug":"da-risa-y-pena-ajena","status":"publish","type":"post","link":"https:\/\/lospoliticosveracruz.com\/?p=112095","title":{"rendered":"DA RISA Y PENA AJENA\u2026"},"content":{"rendered":"\n<p><strong>Adriana Mu\u00f1oz Cabrera<br><\/strong><em>Sin Rencores<\/em><\/p>\n\n\n\n<p>Que existen personajes oscuros que se dicen de Morena, asumiendo una veracruzaneidad de arraigo y nacimiento cuando en primer lugar NUNCA han vivido en su municipio de origen y cuentan con residencia legal en otra entidad, pero lo m\u00e1s penoso para ellos es que evidencian y le pegan al propio presidente Andr\u00e9s Manuel L\u00f3pez Obrador cada que critican el que la Secretaria de Energ\u00eda, Roc\u00edo Nahle Garc\u00eda, sea zacatecana de nacimiento, algo que nunca ha negado y minimizan, en un af\u00e1n de legitimar su arribismo, que ha vivido desde hace m\u00e1s de 30 a\u00f1os en Coatzacoalcos, con un esposo originario de Tierra Blanca e hijas veracruzanas oriundas.<\/p>\n\n\n\n<figure class=\"wp-block-image size-large\"><a href=\"https:\/\/lospoliticosveracruz.com.mx\/wp-content\/uploads\/2016\/07\/Seguro-Julio-Cerecedo-2.jpg\"><img decoding=\"async\" src=\"https:\/\/lospoliticosveracruz.com.mx\/wp-content\/uploads\/2016\/07\/Seguro-Julio-Cerecedo-2-1024x381.jpg\" alt=\"\" class=\"wp-image-105879\"\/><\/a><\/figure>\n\n\n\n<p><br>\u2014\u2014-\/\/\/\/\u2014\u2014<br><strong>DIR\u00c1 USTED\u2026<br><\/strong>Pero \u00bfAMLO qu\u00e9 tiene que ver en este mitote jarocho?<br>Casi nada.<br>Se les olvida a estos \u2018penitentes\u2019 e ignorantes de la ley que \u00a1Andr\u00e9s Manuel L\u00f3pez Obrador naci\u00f3 en Tabasco y gobern\u00f3 Ciudad de M\u00e9xico!<br>\u00a1Est\u00fapidos! Jajajaja\u2026<br>\u2014\u2014\u2014-\/\/\/\u2014\u2014-<br><strong>DOS VERACRUZANOS HOY\u2026<br><\/strong>Son gobernadores en distinta entidad porque as\u00ed lo permite la ley.<br>***Uno, el xalape\u00f1o Cuitlahuac Garc\u00eda Jim\u00e9nez, mandatario de Veracruz en funciones, militante de MORENA.<br>***Dos, el GOBERNADOR DE QUER\u00c9TARO, Mauricio Kuri Gonz\u00e1lez nacido en la \u2018pluviosilla\u2019, la ciudad de Cri- Cri: Orizaba, Veracruz de Ignacio de la Llave; es un empresario y pol\u00edtico mexicano. Actualmente es el Gobernador de Quer\u00e9taro tras haber ganado las elecciones locales de 2021 impulsado por el PAN, partido que casualmente y que triste, nunca ha mencionado al menos en Veracruz, el tema del nacimiento de Nahle Garc\u00eda, al contrario, las cr\u00edticas de la oposici\u00f3n van en otro sentido, no obstante, la misoginia del \u2018fuego amigo\u2019 sobre la m\u00e1s apreciada titular de despacho del presidente Andr\u00e9s Manuel L\u00f3pez Obrador tienen nombre, apellido y folio guinda menos los arrestos que a Nahle le sobran para enfrentarlos siendo mujer.<br>\u2014\u2014\u2014\/\/\/\u2014-<br><strong>SEGUIMOS\u2026<br><\/strong>M\u00e1s botones de muestra.<br>***Gobernadora de AGUASCALIENTES: Mar\u00eda Teresa Jim\u00e9nez Esquivel nacida en Valle de Bravo, Estado de M\u00e9xico; conocida como Tere Jim\u00e9nez, es una polit\u00f3loga y pol\u00edtica mexicana. Desde el 1 de octubre de 2022 es la Gobernadora de Aguascalientes, luego de su triunfo en las elecciones estatales de ese mismo a\u00f1o. (PAN)<br>***Gobernadora de QUINTANA ROO: Mar\u00eda Elena Hermelinda Lezama Espinosa m\u00e1s conocida como Mara Lezama, es una comunic\u00f3loga, periodista y pol\u00edtica mexicana que fue presidenta municipal de Benito Ju\u00e1rez y pertenece al partido Movimiento Regeneraci\u00f3n Nacional (Morena). Mar\u00eda Lezama Espinosa naci\u00f3 en la Ciudad de M\u00e9xico un 29 de septiembre y desde hace 26 a\u00f1os vive en Canc\u00fan. Es licenciada en Ciencias de la Comunicaci\u00f3n, cuenta con dos especialidades e imparti\u00f3 c\u00e1tedra por varios a\u00f1os. (MORENA)<br>***Gobernadora de COLIMA: Indira Vizca\u00edno Silva nacida en Tijuana, Baja California un 14 de enero de 1987. Es una pol\u00edtica mexicana, militante del Movimiento Regeneraci\u00f3n Nacional. Indira Vizca\u00edno ser\u00e1 la segunda mujer en gobernar Colima y la m\u00e1s joven de todos los gobernadores del pa\u00eds con solo 36 a\u00f1os. (MORENA)<br>***Gobernador de MORELOS: Cuauht\u00e9moc Blanco Bravo (Ciudad de M\u00e9xico, 17 de enero de 1973) es un exfutbolista y pol\u00edtico mexicano. Es considerado como uno de los mejores futbolistas mexicanos en la historia; destac\u00f3 al principio de su carrera como delantero y extremo, para despu\u00e9s consolidarse como un \u2018volante de creacion\u2019. Es el actual gobernador de Morelos desde el 1 de octubre de 2018. (PES)<br>***Gobernador de YUCAT\u00c1N: Mauricio Vila Dosal nacido en Ciudad de M\u00e9xico el 30 de marzo de 1980. Es un empresario, abogado y pol\u00edtico mexicano, miembro del Partido Acci\u00f3n Nacional y actual Gobernador de Yucat\u00e1n. Ha sido diputado por el IV distrito local del estado de Yucat\u00e1n y presidente municipal de M\u00e9rida entre los a\u00f1os 2015 a 2018. (PAN)<br>\u00bfAs\u00ed o m\u00e1s claro?<br>\u2014\u2014\u2014\/\/\/\/\u2014\u2014<br><strong>GOBERNADORA DE VERACRUZ 2024\u2026<br><\/strong><em>*Norma Roc\u00edo Nahle Garc\u00eda*<br><\/em>Su nombre ser\u00e1 escrito en letras de oro en la historia de Veracruz como la primera mujer en regir el destino de la entidad y as\u00ed como quedar\u00e1 grabado, muchos y muchas simuladores y simuladoras deben grab\u00e1rselo en sus mentecitas hechizas porque m\u00e1s temprano que tarde van a tener que tragarse sus palabras.<br>\u2014\u2014\u2014\/\/\/\u2014\u2014\u2014\u2014-<br><strong>OTRA MUJER VALIOSA\u2026<br><\/strong>Que va de la mano con la Cuarta Transformaci\u00f3n es Claudia Tello Espinosa.<br>Tambi\u00e9n inscrita como aspirante a la Coordinaci\u00f3n de los Comit\u00e9s para la Defensa de la 4T en Veracruz.<br>Ayer en el tradicional caf\u00e9 donde lleg\u00f3 con Roc\u00edo Nahle Garc\u00eda, la titular de SENER la sent\u00f3 a su lado y le levant\u00f3 la mano, incluso, subray\u00f3 ante los presentes que es su enviada a esta zona conurbada para escuchar y medir a todo aquel que se quiera SUMAR a Morena e ir en UNIDAD.<br>Roc\u00edo Nahle no est\u00e1 donde est\u00e1 y no ser\u00e1 lo que ser\u00e1 \u00fanicamente por lo que sus malquerientes han querido sembrar a trav\u00e9s de ataques y \u201cautoataques\u201d medi\u00e1ticos. Est\u00e1 en donde est\u00e1 porque es producto del esfuerzo y trabajo desde hace casi 30 a\u00f1os en el \u00e1mbito pol\u00edtico y petrolero. No se confundan \u00a1no son sus iguales!<br>\u2014\u2014\u2014\/\/\/\u2014\u2014-<br><strong>ZENYAZEN ESCOBAR \u2026<br><\/strong>Se registr\u00f3 como aspirante a la Coordinaci\u00f3n de los Comit\u00e9s para la Defensa de la 4T en Veracruz.<br>Acompa\u00f1ado de su esposa, Liliana Coronado L\u00f3pez, y sus hijas Darian y Victoria, Zenyazen Escobar se mostr\u00f3 contento por contribuir desde la educaci\u00f3n, en el progreso de Veracruz, porque \u00aba trav\u00e9s de la educaci\u00f3n se avanza en toda sociedad\u00bb.<br>Su registro lo dio a conocer minutos antes de las 9:00 horas, a trav\u00e9s de una transmisi\u00f3n en vivo en sus redes sociales, previo horario laboral.<br>Tiene 39 a\u00f1os de edad; es originario del municipio de R\u00edo Blanco, Veracruz; hijo de madre soltera y maestra rural, quien fue pieza clave para que \u00e9l sea maestro; adem\u00e1s, proviene de una familia obrera, hecho que lo inspir\u00f3 desde ni\u00f1o a luchar por los ideales y por las causas justas.<br>Hace una d\u00e9cada encabez\u00f3 y fue vocero estatal del Movimiento Magisterial Popular Veracruzano (MMPV), y junto a la Coordinadora Nacional de Trabajadores de la Educaci\u00f3n (CNTE), defendi\u00f3 los derechos laborales del magisterio al luchar contra la mal llamada reforma educativa, que se ech\u00f3 abajo en el sexenio del presidente Andr\u00e9s Manuel L\u00f3pez Obrador.<br>Por consiguiente, esa lucha fue el precedente para que hoy exista el movimiento Maestros Con Morena (MCM), considerada la estructura m\u00e1s fuerte del partido en Veracruz, quienes se sumaron no solo para trabajar en el \u00e1mbito pol\u00edtico, sino a diario desde sus aulas para dar resultados y dejar un legado acad\u00e9mico a la ni\u00f1ez y juventud veracruzana.<br>\u2014\u2014\/\/\/\u2014\u2014<br><strong>JOANA MARLENE\u2026<br><\/strong>Bautista Flores, denominada por muchos \u201cla favorita entre las favoritas\u201d, fue destituida de su cargo como directora general de Administraci\u00f3n del Consejo de la Judicatura.<br>Seg\u00fan radio bemba, la ahora exfuncionaria del Poder Judicial habr\u00eda acudido a las oficinas de Morena el pasado lunes 25 de septiembre, donde particip\u00f3 en el registro simb\u00f3lico de Roc\u00edo Nahle Garc\u00eda como aspirante a la coordinaci\u00f3n de la Defensa Estatal de la cuarta Transformaci\u00f3n.<br>Las represalias al parecer estar\u00e1n de a peso.<br>\u2014\u2014\u2014\u2014-\/\/\/\u2014\u2014\u2014-<br>Muy buen mi\u00e9rcoles. Esta semana ser\u00e1 decisiva.<\/p>\n\n\n\n<p>e-mail: sinrencorespuntocom@gmail.com<\/p>\n","protected":false},"excerpt":{"rendered":"<p>Adriana Mu\u00f1oz CabreraSin Rencores Que existen personajes oscuros que se dicen de Morena, asumiendo una veracruzaneidad de arraigo y nacimiento cuando en primer lugar NUNCA han vivido en su municipio de origen y cuentan con residencia legal en otra entidad, pero lo m\u00e1s penoso para ellos es que evidencian y le pegan al propio presidente [&hellip;]<\/p>\n","protected":false},"author":2,"featured_media":0,"comment_status":"closed","ping_status":"closed","sticky":false,"template":"","format":"standard","meta":{"tdm_status":"","tdm_grid_status":"","footnotes":""},"categories":[70],"tags":[618,13953,1563,39433,24796,29238,1026,4188,4386,195,12372],"class_list":{"0":"post-112095","1":"post","2":"type-post","3":"status-publish","4":"format-standard","6":"category-de-opinion","7":"tag-andres-manuel-lopez-obrador","8":"tag-claudia-tello-espinosa","9":"tag-cuitlahuac-garcia-jimenez","10":"tag-defensa-de-la-4t-en-veracruz","11":"tag-joana-marlen-bautista-flores","12":"tag-mauricio-kuri-gonzalez","13":"tag-morena","14":"tag-movimiento-magisterial-popular-veracruzano","15":"tag-rocio-nahle-garcia","16":"tag-veracruz","17":"tag-zenyazen-escobar-garcia"},"yoast_head":"<!-- This site is optimized with the Yoast SEO plugin v27.4 - https:\/\/yoast.com\/product\/yoast-seo-wordpress\/ -->\n<title>DA RISA Y PENA AJENA\u2026 - Los pol\u00edticos Veracruz<\/title>\n<meta name=\"robots\" content=\"index, follow, max-snippet:-1, max-image-preview:large, max-video-preview:-1\" \/>\n<link rel=\"canonical\" href=\"https:\/\/lospoliticosveracruz.com\/?p=112095\" \/>\n<meta property=\"og:locale\" content=\"es_ES\" \/>\n<meta property=\"og:type\" content=\"article\" \/>\n<meta property=\"og:title\" content=\"DA RISA Y PENA AJENA\u2026 - Los pol\u00edticos Veracruz\" \/>\n<meta property=\"og:description\" content=\"Adriana Mu\u00f1oz CabreraSin Rencores Que existen personajes oscuros que se dicen de Morena, asumiendo una veracruzaneidad de arraigo y nacimiento cuando en primer lugar NUNCA han vivido en su municipio de origen y cuentan con residencia legal en otra entidad, pero lo m\u00e1s penoso para ellos es que evidencian y le pegan al propio presidente [&hellip;]\" \/>\n<meta property=\"og:url\" content=\"https:\/\/lospoliticosveracruz.com\/?p=112095\" \/>\n<meta property=\"og:site_name\" content=\"Los pol\u00edticos Veracruz\" \/>\n<meta property=\"article:publisher\" content=\"https:\/\/www.facebook.com\/people\/Notimemes-de-los-Polticos\/61565672886568\/\" \/>\n<meta property=\"article:published_time\" content=\"2023-09-27T14:01:54+00:00\" \/>\n<meta property=\"article:modified_time\" content=\"2023-09-27T14:02:03+00:00\" \/>\n<meta property=\"og:image\" content=\"https:\/\/lospoliticosveracruz.com.mx\/wp-content\/uploads\/2016\/07\/Seguro-Julio-Cerecedo-2-1024x381.jpg\" \/>\n<meta name=\"author\" content=\"Lo viste en Los Pol\u00edticos\" \/>\n<meta name=\"twitter:card\" content=\"summary_large_image\" \/>\n<meta name=\"twitter:creator\" content=\"@LosPoliticosVer\" \/>\n<meta name=\"twitter:site\" content=\"@LosPoliticosVer\" \/>\n<meta name=\"twitter:label1\" content=\"Escrito por\" \/>\n\t<meta name=\"twitter:data1\" content=\"Lo viste en Los Pol\u00edticos\" \/>\n\t<meta name=\"twitter:label2\" content=\"Tiempo de lectura\" \/>\n\t<meta name=\"twitter:data2\" content=\"6 minutos\" \/>\n<script type=\"application\/ld+json\" class=\"yoast-schema-graph\">{\"@context\":\"https:\\\/\\\/schema.org\",\"@graph\":[{\"@type\":\"Article\",\"@id\":\"https:\\\/\\\/lospoliticosveracruz.com\\\/?p=112095#article\",\"isPartOf\":{\"@id\":\"https:\\\/\\\/lospoliticosveracruz.com\\\/?p=112095\"},\"author\":{\"name\":\"Lo viste en Los Pol\u00edticos\",\"@id\":\"https:\\\/\\\/lospoliticosveracruz.com\\\/#\\\/schema\\\/person\\\/b8702bb0e538456e6efd07080bf2a4a2\"},\"headline\":\"DA RISA Y PENA AJENA\u2026\",\"datePublished\":\"2023-09-27T14:01:54+00:00\",\"dateModified\":\"2023-09-27T14:02:03+00:00\",\"mainEntityOfPage\":{\"@id\":\"https:\\\/\\\/lospoliticosveracruz.com\\\/?p=112095\"},\"wordCount\":1251,\"publisher\":{\"@id\":\"https:\\\/\\\/lospoliticosveracruz.com\\\/#organization\"},\"image\":{\"@id\":\"https:\\\/\\\/lospoliticosveracruz.com\\\/?p=112095#primaryimage\"},\"thumbnailUrl\":\"https:\\\/\\\/lospoliticosveracruz.com.mx\\\/wp-content\\\/uploads\\\/2016\\\/07\\\/Seguro-Julio-Cerecedo-2-1024x381.jpg\",\"keywords\":[\"Andr\u00e9s Manuel L\u00f3pez Obrador\",\"Claudia Tello Espinosa\",\"Cuitl\u00e1huac Garc\u00eda Jim\u00e9nez\",\"Defensa de la 4T en Veracruz\",\"Joana Marlen Bautista Flores\",\"Mauricio Kuri Gonz\u00e1lez\",\"Morena\",\"Movimiento Magisterial Popular Veracruzano\",\"Roc\u00edo Nahle Garc\u00eda\",\"Veracruz\",\"Zenyazen Escobar Garc\u00eda\"],\"articleSection\":[\"De Opini\u00f3n\"],\"inLanguage\":\"es\"},{\"@type\":\"WebPage\",\"@id\":\"https:\\\/\\\/lospoliticosveracruz.com\\\/?p=112095\",\"url\":\"https:\\\/\\\/lospoliticosveracruz.com\\\/?p=112095\",\"name\":\"DA RISA Y PENA AJENA\u2026 - Los pol\u00edticos Veracruz\",\"isPartOf\":{\"@id\":\"https:\\\/\\\/lospoliticosveracruz.com\\\/#website\"},\"primaryImageOfPage\":{\"@id\":\"https:\\\/\\\/lospoliticosveracruz.com\\\/?p=112095#primaryimage\"},\"image\":{\"@id\":\"https:\\\/\\\/lospoliticosveracruz.com\\\/?p=112095#primaryimage\"},\"thumbnailUrl\":\"https:\\\/\\\/lospoliticosveracruz.com.mx\\\/wp-content\\\/uploads\\\/2016\\\/07\\\/Seguro-Julio-Cerecedo-2-1024x381.jpg\",\"datePublished\":\"2023-09-27T14:01:54+00:00\",\"dateModified\":\"2023-09-27T14:02:03+00:00\",\"breadcrumb\":{\"@id\":\"https:\\\/\\\/lospoliticosveracruz.com\\\/?p=112095#breadcrumb\"},\"inLanguage\":\"es\",\"potentialAction\":[{\"@type\":\"ReadAction\",\"target\":[\"https:\\\/\\\/lospoliticosveracruz.com\\\/?p=112095\"]}]},{\"@type\":\"ImageObject\",\"inLanguage\":\"es\",\"@id\":\"https:\\\/\\\/lospoliticosveracruz.com\\\/?p=112095#primaryimage\",\"url\":\"https:\\\/\\\/lospoliticosveracruz.com.mx\\\/wp-content\\\/uploads\\\/2016\\\/07\\\/Seguro-Julio-Cerecedo-2-1024x381.jpg\",\"contentUrl\":\"https:\\\/\\\/lospoliticosveracruz.com.mx\\\/wp-content\\\/uploads\\\/2016\\\/07\\\/Seguro-Julio-Cerecedo-2-1024x381.jpg\"},{\"@type\":\"BreadcrumbList\",\"@id\":\"https:\\\/\\\/lospoliticosveracruz.com\\\/?p=112095#breadcrumb\",\"itemListElement\":[{\"@type\":\"ListItem\",\"position\":1,\"name\":\"Portada\",\"item\":\"https:\\\/\\\/lospoliticosveracruz.com\\\/\"},{\"@type\":\"ListItem\",\"position\":2,\"name\":\"DA RISA Y PENA AJENA\u2026\"}]},{\"@type\":\"WebSite\",\"@id\":\"https:\\\/\\\/lospoliticosveracruz.com\\\/#website\",\"url\":\"https:\\\/\\\/lospoliticosveracruz.com\\\/\",\"name\":\"Los pol\u00edticos Veracruz\",\"description\":\"\",\"publisher\":{\"@id\":\"https:\\\/\\\/lospoliticosveracruz.com\\\/#organization\"},\"potentialAction\":[{\"@type\":\"SearchAction\",\"target\":{\"@type\":\"EntryPoint\",\"urlTemplate\":\"https:\\\/\\\/lospoliticosveracruz.com\\\/?s={search_term_string}\"},\"query-input\":{\"@type\":\"PropertyValueSpecification\",\"valueRequired\":true,\"valueName\":\"search_term_string\"}}],\"inLanguage\":\"es\"},{\"@type\":\"Organization\",\"@id\":\"https:\\\/\\\/lospoliticosveracruz.com\\\/#organization\",\"name\":\"Los pol\u00edticos Veracruz\",\"url\":\"https:\\\/\\\/lospoliticosveracruz.com\\\/\",\"logo\":{\"@type\":\"ImageObject\",\"inLanguage\":\"es\",\"@id\":\"https:\\\/\\\/lospoliticosveracruz.com\\\/#\\\/schema\\\/logo\\\/image\\\/\",\"url\":\"https:\\\/\\\/lospoliticosveracruz.com\\\/wp-content\\\/uploads\\\/2025\\\/12\\\/Logo-Nuevo-LOS-POLITICOS-1.jpg\",\"contentUrl\":\"https:\\\/\\\/lospoliticosveracruz.com\\\/wp-content\\\/uploads\\\/2025\\\/12\\\/Logo-Nuevo-LOS-POLITICOS-1.jpg\",\"width\":260,\"height\":70,\"caption\":\"Los pol\u00edticos Veracruz\"},\"image\":{\"@id\":\"https:\\\/\\\/lospoliticosveracruz.com\\\/#\\\/schema\\\/logo\\\/image\\\/\"},\"sameAs\":[\"https:\\\/\\\/www.facebook.com\\\/people\\\/Notimemes-de-los-Polticos\\\/61565672886568\\\/\",\"https:\\\/\\\/x.com\\\/LosPoliticosVer\"]},{\"@type\":\"Person\",\"@id\":\"https:\\\/\\\/lospoliticosveracruz.com\\\/#\\\/schema\\\/person\\\/b8702bb0e538456e6efd07080bf2a4a2\",\"name\":\"Lo viste en Los Pol\u00edticos\",\"image\":{\"@type\":\"ImageObject\",\"inLanguage\":\"es\",\"@id\":\"https:\\\/\\\/secure.gravatar.com\\\/avatar\\\/3a8de04a2656d44082be478bd6c086daa447c4651605818287b9532d3d0bd435?s=96&d=mm&r=g\",\"url\":\"https:\\\/\\\/secure.gravatar.com\\\/avatar\\\/3a8de04a2656d44082be478bd6c086daa447c4651605818287b9532d3d0bd435?s=96&d=mm&r=g\",\"contentUrl\":\"https:\\\/\\\/secure.gravatar.com\\\/avatar\\\/3a8de04a2656d44082be478bd6c086daa447c4651605818287b9532d3d0bd435?s=96&d=mm&r=g\",\"caption\":\"Lo viste en Los Pol\u00edticos\"},\"url\":\"https:\\\/\\\/lospoliticosveracruz.com\\\/?author=2\"}]}<\/script>\n<!-- \/ Yoast SEO plugin. -->","yoast_head_json":{"title":"DA RISA Y PENA AJENA\u2026 - Los pol\u00edticos Veracruz","robots":{"index":"index","follow":"follow","max-snippet":"max-snippet:-1","max-image-preview":"max-image-preview:large","max-video-preview":"max-video-preview:-1"},"canonical":"https:\/\/lospoliticosveracruz.com\/?p=112095","og_locale":"es_ES","og_type":"article","og_title":"DA RISA Y PENA AJENA\u2026 - Los pol\u00edticos Veracruz","og_description":"Adriana Mu\u00f1oz CabreraSin Rencores Que existen personajes oscuros que se dicen de Morena, asumiendo una veracruzaneidad de arraigo y nacimiento cuando en primer lugar NUNCA han vivido en su municipio de origen y cuentan con residencia legal en otra entidad, pero lo m\u00e1s penoso para ellos es que evidencian y le pegan al propio presidente [&hellip;]","og_url":"https:\/\/lospoliticosveracruz.com\/?p=112095","og_site_name":"Los pol\u00edticos Veracruz","article_publisher":"https:\/\/www.facebook.com\/people\/Notimemes-de-los-Polticos\/61565672886568\/","article_published_time":"2023-09-27T14:01:54+00:00","article_modified_time":"2023-09-27T14:02:03+00:00","og_image":[{"url":"https:\/\/lospoliticosveracruz.com.mx\/wp-content\/uploads\/2016\/07\/Seguro-Julio-Cerecedo-2-1024x381.jpg","type":"","width":"","height":""}],"author":"Lo viste en Los Pol\u00edticos","twitter_card":"summary_large_image","twitter_creator":"@LosPoliticosVer","twitter_site":"@LosPoliticosVer","twitter_misc":{"Escrito por":"Lo viste en Los Pol\u00edticos","Tiempo de lectura":"6 minutos"},"schema":{"@context":"https:\/\/schema.org","@graph":[{"@type":"Article","@id":"https:\/\/lospoliticosveracruz.com\/?p=112095#article","isPartOf":{"@id":"https:\/\/lospoliticosveracruz.com\/?p=112095"},"author":{"name":"Lo viste en Los Pol\u00edticos","@id":"https:\/\/lospoliticosveracruz.com\/#\/schema\/person\/b8702bb0e538456e6efd07080bf2a4a2"},"headline":"DA RISA Y PENA AJENA\u2026","datePublished":"2023-09-27T14:01:54+00:00","dateModified":"2023-09-27T14:02:03+00:00","mainEntityOfPage":{"@id":"https:\/\/lospoliticosveracruz.com\/?p=112095"},"wordCount":1251,"publisher":{"@id":"https:\/\/lospoliticosveracruz.com\/#organization"},"image":{"@id":"https:\/\/lospoliticosveracruz.com\/?p=112095#primaryimage"},"thumbnailUrl":"https:\/\/lospoliticosveracruz.com.mx\/wp-content\/uploads\/2016\/07\/Seguro-Julio-Cerecedo-2-1024x381.jpg","keywords":["Andr\u00e9s Manuel L\u00f3pez Obrador","Claudia Tello Espinosa","Cuitl\u00e1huac Garc\u00eda Jim\u00e9nez","Defensa de la 4T en Veracruz","Joana Marlen Bautista Flores","Mauricio Kuri Gonz\u00e1lez","Morena","Movimiento Magisterial Popular Veracruzano","Roc\u00edo Nahle Garc\u00eda","Veracruz","Zenyazen Escobar Garc\u00eda"],"articleSection":["De Opini\u00f3n"],"inLanguage":"es"},{"@type":"WebPage","@id":"https:\/\/lospoliticosveracruz.com\/?p=112095","url":"https:\/\/lospoliticosveracruz.com\/?p=112095","name":"DA RISA Y PENA AJENA\u2026 - Los pol\u00edticos Veracruz","isPartOf":{"@id":"https:\/\/lospoliticosveracruz.com\/#website"},"primaryImageOfPage":{"@id":"https:\/\/lospoliticosveracruz.com\/?p=112095#primaryimage"},"image":{"@id":"https:\/\/lospoliticosveracruz.com\/?p=112095#primaryimage"},"thumbnailUrl":"https:\/\/lospoliticosveracruz.com.mx\/wp-content\/uploads\/2016\/07\/Seguro-Julio-Cerecedo-2-1024x381.jpg","datePublished":"2023-09-27T14:01:54+00:00","dateModified":"2023-09-27T14:02:03+00:00","breadcrumb":{"@id":"https:\/\/lospoliticosveracruz.com\/?p=112095#breadcrumb"},"inLanguage":"es","potentialAction":[{"@type":"ReadAction","target":["https:\/\/lospoliticosveracruz.com\/?p=112095"]}]},{"@type":"ImageObject","inLanguage":"es","@id":"https:\/\/lospoliticosveracruz.com\/?p=112095#primaryimage","url":"https:\/\/lospoliticosveracruz.com.mx\/wp-content\/uploads\/2016\/07\/Seguro-Julio-Cerecedo-2-1024x381.jpg","contentUrl":"https:\/\/lospoliticosveracruz.com.mx\/wp-content\/uploads\/2016\/07\/Seguro-Julio-Cerecedo-2-1024x381.jpg"},{"@type":"BreadcrumbList","@id":"https:\/\/lospoliticosveracruz.com\/?p=112095#breadcrumb","itemListElement":[{"@type":"ListItem","position":1,"name":"Portada","item":"https:\/\/lospoliticosveracruz.com\/"},{"@type":"ListItem","position":2,"name":"DA RISA Y PENA AJENA\u2026"}]},{"@type":"WebSite","@id":"https:\/\/lospoliticosveracruz.com\/#website","url":"https:\/\/lospoliticosveracruz.com\/","name":"Los pol\u00edticos Veracruz","description":"","publisher":{"@id":"https:\/\/lospoliticosveracruz.com\/#organization"},"potentialAction":[{"@type":"SearchAction","target":{"@type":"EntryPoint","urlTemplate":"https:\/\/lospoliticosveracruz.com\/?s={search_term_string}"},"query-input":{"@type":"PropertyValueSpecification","valueRequired":true,"valueName":"search_term_string"}}],"inLanguage":"es"},{"@type":"Organization","@id":"https:\/\/lospoliticosveracruz.com\/#organization","name":"Los pol\u00edticos Veracruz","url":"https:\/\/lospoliticosveracruz.com\/","logo":{"@type":"ImageObject","inLanguage":"es","@id":"https:\/\/lospoliticosveracruz.com\/#\/schema\/logo\/image\/","url":"https:\/\/lospoliticosveracruz.com\/wp-content\/uploads\/2025\/12\/Logo-Nuevo-LOS-POLITICOS-1.jpg","contentUrl":"https:\/\/lospoliticosveracruz.com\/wp-content\/uploads\/2025\/12\/Logo-Nuevo-LOS-POLITICOS-1.jpg","width":260,"height":70,"caption":"Los pol\u00edticos Veracruz"},"image":{"@id":"https:\/\/lospoliticosveracruz.com\/#\/schema\/logo\/image\/"},"sameAs":["https:\/\/www.facebook.com\/people\/Notimemes-de-los-Polticos\/61565672886568\/","https:\/\/x.com\/LosPoliticosVer"]},{"@type":"Person","@id":"https:\/\/lospoliticosveracruz.com\/#\/schema\/person\/b8702bb0e538456e6efd07080bf2a4a2","name":"Lo viste en Los Pol\u00edticos","image":{"@type":"ImageObject","inLanguage":"es","@id":"https:\/\/secure.gravatar.com\/avatar\/3a8de04a2656d44082be478bd6c086daa447c4651605818287b9532d3d0bd435?s=96&d=mm&r=g","url":"https:\/\/secure.gravatar.com\/avatar\/3a8de04a2656d44082be478bd6c086daa447c4651605818287b9532d3d0bd435?s=96&d=mm&r=g","contentUrl":"https:\/\/secure.gravatar.com\/avatar\/3a8de04a2656d44082be478bd6c086daa447c4651605818287b9532d3d0bd435?s=96&d=mm&r=g","caption":"Lo viste en Los Pol\u00edticos"},"url":"https:\/\/lospoliticosveracruz.com\/?author=2"}]}},"_links":{"self":[{"href":"https:\/\/lospoliticosveracruz.com\/index.php?rest_route=\/wp\/v2\/posts\/112095","targetHints":{"allow":["GET"]}}],"collection":[{"href":"https:\/\/lospoliticosveracruz.com\/index.php?rest_route=\/wp\/v2\/posts"}],"about":[{"href":"https:\/\/lospoliticosveracruz.com\/index.php?rest_route=\/wp\/v2\/types\/post"}],"author":[{"embeddable":true,"href":"https:\/\/lospoliticosveracruz.com\/index.php?rest_route=\/wp\/v2\/users\/2"}],"replies":[{"embeddable":true,"href":"https:\/\/lospoliticosveracruz.com\/index.php?rest_route=%2Fwp%2Fv2%2Fcomments&post=112095"}],"version-history":[{"count":1,"href":"https:\/\/lospoliticosveracruz.com\/index.php?rest_route=\/wp\/v2\/posts\/112095\/revisions"}],"predecessor-version":[{"id":112097,"href":"https:\/\/lospoliticosveracruz.com\/index.php?rest_route=\/wp\/v2\/posts\/112095\/revisions\/112097"}],"wp:attachment":[{"href":"https:\/\/lospoliticosveracruz.com\/index.php?rest_route=%2Fwp%2Fv2%2Fmedia&parent=112095"}],"wp:term":[{"taxonomy":"category","embeddable":true,"href":"https:\/\/lospoliticosveracruz.com\/index.php?rest_route=%2Fwp%2Fv2%2Fcategories&post=112095"},{"taxonomy":"post_tag","embeddable":true,"href":"https:\/\/lospoliticosveracruz.com\/index.php?rest_route=%2Fwp%2Fv2%2Ftags&post=112095"}],"curies":[{"name":"wp","href":"https:\/\/api.w.org\/{rel}","templated":true}]}}